{"id":355,"date":"2014-05-09T13:26:17","date_gmt":"2014-05-09T13:26:17","guid":{"rendered":"http:\/\/www.icog.es\/redespa\/?p=355"},"modified":"2014-06-04T09:56:51","modified_gmt":"2014-06-04T07:56:51","slug":"p355","status":"publish","type":"post","link":"https:\/\/www.icog.es\/redespa\/index.php\/p355\/","title":{"rendered":"REDESPA en el Museo de la Naturaleza y el Hombre de Tenerife"},"content":{"rendered":"<p><strong>REDESPA en el Museo de la Naturaleza y el Hombre de Tenerife <\/strong><\/p>\n<p><a href=\"https:\/\/www.icog.es\/redespa\/wp-content\/uploads\/2014\/05\/marte.jpg\"><img decoding=\"async\" class=\"alignleft wp-image-356\" src=\"https:\/\/www.icog.es\/redespa\/wp-content\/uploads\/2014\/05\/marte-300x300.jpg\" alt=\"marte\" width=\"155\" height=\"155\" srcset=\"https:\/\/www.icog.es\/redespa\/wp-content\/uploads\/2014\/05\/marte-150x150.jpg 150w, https:\/\/www.icog.es\/redespa\/wp-content\/uploads\/2014\/05\/marte-160x160.jpg 160w, https:\/\/www.icog.es\/redespa\/wp-content\/uploads\/2014\/05\/marte-300x300.jpg 300w, https:\/\/www.icog.es\/redespa\/wp-content\/uploads\/2014\/05\/marte.jpg 350w\" sizes=\"(max-width: 155px) 100vw, 155px\" \/><\/a>En el marco del D\u00eda Internacional de los Museos 2014. El <a href=\"http:\/\/www.museosdetenerife.org\/mnh-museo-de-la-naturaleza-y-el-hombre\">Museo de la Naturaleza y el Hombre de Tenerife <\/a>organiza una mesa redonda titulada:<\/p>\n<p><span style=\"color: #800080;\"><strong>\u201cDe Canarias a Marte: La importancia planetaria de Tenerife\u201d <\/strong><\/span><\/p>\n<p>Lugar: Museo de la Naturaleza y el Hombre. Fecha: 16 de mayo. Hora: 19:00 h. Aforo limitado: 100 personas. Entrada gratuita.<\/p>\n<p>Este evento forma parte de las actividades de investigaci\u00f3n y divulgaci\u00f3n relacionadas con el proyecto:<\/p>\n<p>\u201c<em>Desarrollo del Instrumento Raman para la misi\u00f3n ExoMars: Soporte cient\u00edfico<\/em>\u201dInvestigador Principal: Jes\u00fas Mart\u00ednez-Fr\u00edas, IGEO (CSIC-UCM) y Director de REDESPA<\/p>\n<p>Y del Master de la Kart-Franzes Universit\u00e4t, Graz (Austria) co-dirigido por el Prof. Aberra Mogessie y Jes\u00fas Mart\u00ednez-Fr\u00edas, titulado \u201c<em>A new study of the sub-aerial alteration and hidrotermal processes in Tenerife Mars analog<\/em>\u201d, en curso de realizaci\u00f3n por Melina Gamsj\u00e4eger. El Prof. Mogessie es Presidente de la Sociedad Geol\u00f3gica de \u00c1frica y de la Sociedad Mineral\u00f3gica de Austria.<\/p>\n<p>En la Mesa Redonda, que estar\u00e1 moderada por el Dr. L\u00e1zaro S\u00e1nchez-Pinto, participar\u00e1 tambi\u00e9n el Prof. Fernando Rull, Universidad de Valladolid y Unidad Asociada CSIC-UVA, IP del instrumento Raman de la misi\u00f3n ExoMars.<\/p>\n<p>M\u00e1s informaci\u00f3n sobre este evento puede encontrarse <a href=\"http:\/\/www.museosdetenerife.org\/mnh-museo-de-la-naturaleza-y-el-hombre\/evento\/3422#.U2zWDYF_sYK\">aqu\u00ed<\/a>.<\/p>\n<p><a href=\"https:\/\/www.icog.es\/redespa\/wp-content\/uploads\/2014\/05\/Azulejos.jpg\"><img decoding=\"async\" class=\"alignleft wp-image-395\" src=\"https:\/\/www.icog.es\/redespa\/wp-content\/uploads\/2014\/05\/Azulejos-300x225.jpg\" alt=\"Azulejos\" width=\"149\" height=\"112\" srcset=\"https:\/\/www.icog.es\/redespa\/wp-content\/uploads\/2014\/05\/Azulejos-160x120.jpg 160w, https:\/\/www.icog.es\/redespa\/wp-content\/uploads\/2014\/05\/Azulejos-300x225.jpg 300w, https:\/\/www.icog.es\/redespa\/wp-content\/uploads\/2014\/05\/Azulejos-720x540.jpg 720w, https:\/\/www.icog.es\/redespa\/wp-content\/uploads\/2014\/05\/Azulejos.jpg 800w\" sizes=\"(max-width: 149px) 100vw, 149px\" \/><\/a>\u00a0El acceso a la noticia publicada en la Karl-Franzens-Universit\u00e4t Graz puede encontrarse <a href=\"http:\/\/on.uni-graz.at\/de\/forschen\/article\/leben-auf-dem-mars\/\">aqu\u00ed.<\/a><\/p>\n","protected":false},"excerpt":{"rendered":"<p>REDESPA en el Museo de la Naturaleza y el Hombre de Tenerife En el marco del D\u00eda Internacional de los Museos 2014. El Museo de la Naturaleza y el Hombre de Tenerife organiza una mesa  [&#8230;]<\/p>\n","protected":false},"author":2,"featured_media":344,"comment_status":"open","ping_status":"open","sticky":false,"template":"","format":"standard","meta":{"footnotes":""},"categories":[15],"tags":[17,71,18,47,46],"class_list":["post-355","post","type-post","status-publish","format-standard","has-post-thumbnail","hentry","category-eventos","tag-astrogeologia","tag-canarias","tag-marte","tag-museo","tag-tenerife"],"yoast_head":"<!-- This site is optimized with the Yoast SEO plugin v27.3 - https:\/\/yoast.com\/product\/yoast-seo-wordpress\/ -->\r\n<title>REDESPA en el Museo de la Naturaleza y el Hombre de Tenerife - REDESPA<\/title>\r\n<meta name=\"description\" content=\"REDESPA en el Museo de la Naturaleza y el Hombre de Tenerife\" \/>\r\n<meta name=\"robots\" content=\"index, follow, max-snippet:-1, max-image-preview:large, max-video-preview:-1\" \/>\r\n<link rel=\"canonical\" href=\"https:\/\/www.icog.es\/redespa\/index.php\/p355\/\" \/>\r\n<meta property=\"og:locale\" content=\"es_ES\" \/>\r\n<meta property=\"og:type\" content=\"article\" \/>\r\n<meta property=\"og:title\" content=\"REDESPA en el Museo de la Naturaleza y el Hombre de Tenerife - REDESPA\" \/>\r\n<meta property=\"og:description\" content=\"REDESPA en el Museo de la Naturaleza y el Hombre de Tenerife\" \/>\r\n<meta property=\"og:url\" content=\"https:\/\/www.icog.es\/redespa\/index.php\/p355\/\" \/>\r\n<meta property=\"og:site_name\" content=\"REDESPA\" \/>\r\n<meta property=\"article:publisher\" content=\"https:\/\/www.facebook.com\/REDESPA\" \/>\r\n<meta property=\"article:author\" content=\"https:\/\/www.facebook.com\/jesus.martinez.frias\" \/>\r\n<meta property=\"article:published_time\" content=\"2014-05-09T13:26:17+00:00\" \/>\r\n<meta property=\"article:modified_time\" content=\"2014-06-04T07:56:51+00:00\" \/>\r\n<meta property=\"og:image\" content=\"https:\/\/www.icog.es\/redespa\/wp-content\/uploads\/2014\/05\/museotenerife.jpg\" \/>\r\n\t<meta property=\"og:image:width\" content=\"3430\" \/>\r\n\t<meta property=\"og:image:height\" content=\"1750\" \/>\r\n\t<meta property=\"og:image:type\" content=\"image\/jpeg\" \/>\r\n<meta name=\"author\" content=\"Jes\u00fas Mart\u00ednez Fr\u00edas\" \/>\r\n<meta name=\"twitter:card\" content=\"summary_large_image\" \/>\r\n<meta name=\"twitter:creator\" content=\"@https:\/\/twitter.com\/J_MartinezFrias?lang=es\" \/>\r\n<meta name=\"twitter:site\" content=\"@REDESPA1\" \/>\r\n<meta name=\"twitter:label1\" content=\"Escrito por\" \/>\n\t<meta name=\"twitter:data1\" content=\"Jes\u00fas Mart\u00ednez Fr\u00edas\" \/>\n\t<meta name=\"twitter:label2\" content=\"Tiempo de lectura\" \/>\n\t<meta name=\"twitter:data2\" content=\"1 minuto\" \/>\r\n<script type=\"application\/ld+json\" class=\"yoast-schema-graph\">{\"@context\":\"https:\\\/\\\/schema.org\",\"@graph\":[{\"@type\":\"Article\",\"@id\":\"https:\\\/\\\/www.icog.es\\\/redespa\\\/index.php\\\/p355\\\/#article\",\"isPartOf\":{\"@id\":\"https:\\\/\\\/www.icog.es\\\/redespa\\\/index.php\\\/p355\\\/\"},\"author\":{\"name\":\"Jes\u00fas Mart\u00ednez Fr\u00edas\",\"@id\":\"https:\\\/\\\/www.icog.es\\\/redespa\\\/#\\\/schema\\\/person\\\/88a62c65120033dee987a25307df7994\"},\"headline\":\"REDESPA en el Museo de la Naturaleza y el Hombre de Tenerife\",\"datePublished\":\"2014-05-09T13:26:17+00:00\",\"dateModified\":\"2014-06-04T07:56:51+00:00\",\"mainEntityOfPage\":{\"@id\":\"https:\\\/\\\/www.icog.es\\\/redespa\\\/index.php\\\/p355\\\/\"},\"wordCount\":245,\"commentCount\":0,\"publisher\":{\"@id\":\"https:\\\/\\\/www.icog.es\\\/redespa\\\/#organization\"},\"image\":{\"@id\":\"https:\\\/\\\/www.icog.es\\\/redespa\\\/index.php\\\/p355\\\/#primaryimage\"},\"thumbnailUrl\":\"https:\\\/\\\/www.icog.es\\\/redespa\\\/wp-content\\\/uploads\\\/2014\\\/05\\\/museotenerife.jpg\",\"keywords\":[\"astrogeolog\u00eda\",\"Canarias\",\"marte\",\"Museo\",\"Tenerife\"],\"articleSection\":[\"Eventos\"],\"inLanguage\":\"es\",\"potentialAction\":[{\"@type\":\"CommentAction\",\"name\":\"Comment\",\"target\":[\"https:\\\/\\\/www.icog.es\\\/redespa\\\/index.php\\\/p355\\\/#respond\"]}]},{\"@type\":\"WebPage\",\"@id\":\"https:\\\/\\\/www.icog.es\\\/redespa\\\/index.php\\\/p355\\\/\",\"url\":\"https:\\\/\\\/www.icog.es\\\/redespa\\\/index.php\\\/p355\\\/\",\"name\":\"REDESPA en el Museo de la Naturaleza y el Hombre de Tenerife - REDESPA\",\"isPartOf\":{\"@id\":\"https:\\\/\\\/www.icog.es\\\/redespa\\\/#website\"},\"primaryImageOfPage\":{\"@id\":\"https:\\\/\\\/www.icog.es\\\/redespa\\\/index.php\\\/p355\\\/#primaryimage\"},\"image\":{\"@id\":\"https:\\\/\\\/www.icog.es\\\/redespa\\\/index.php\\\/p355\\\/#primaryimage\"},\"thumbnailUrl\":\"https:\\\/\\\/www.icog.es\\\/redespa\\\/wp-content\\\/uploads\\\/2014\\\/05\\\/museotenerife.jpg\",\"datePublished\":\"2014-05-09T13:26:17+00:00\",\"dateModified\":\"2014-06-04T07:56:51+00:00\",\"description\":\"REDESPA en el Museo de la Naturaleza y el Hombre de Tenerife\",\"inLanguage\":\"es\",\"potentialAction\":[{\"@type\":\"ReadAction\",\"target\":[\"https:\\\/\\\/www.icog.es\\\/redespa\\\/index.php\\\/p355\\\/\"]}]},{\"@type\":\"ImageObject\",\"inLanguage\":\"es\",\"@id\":\"https:\\\/\\\/www.icog.es\\\/redespa\\\/index.php\\\/p355\\\/#primaryimage\",\"url\":\"https:\\\/\\\/www.icog.es\\\/redespa\\\/wp-content\\\/uploads\\\/2014\\\/05\\\/museotenerife.jpg\",\"contentUrl\":\"https:\\\/\\\/www.icog.es\\\/redespa\\\/wp-content\\\/uploads\\\/2014\\\/05\\\/museotenerife.jpg\",\"width\":3430,\"height\":1750},{\"@type\":\"WebSite\",\"@id\":\"https:\\\/\\\/www.icog.es\\\/redespa\\\/#website\",\"url\":\"https:\\\/\\\/www.icog.es\\\/redespa\\\/\",\"name\":\"REDESPA\",\"description\":\"Red Espa\u00f1ola de Planetolog\u00eda y Astrobiolog\u00eda\",\"publisher\":{\"@id\":\"https:\\\/\\\/www.icog.es\\\/redespa\\\/#organization\"},\"potentialAction\":[{\"@type\":\"SearchAction\",\"target\":{\"@type\":\"EntryPoint\",\"urlTemplate\":\"https:\\\/\\\/www.icog.es\\\/redespa\\\/?s={search_term_string}\"},\"query-input\":{\"@type\":\"PropertyValueSpecification\",\"valueRequired\":true,\"valueName\":\"search_term_string\"}}],\"inLanguage\":\"es\"},{\"@type\":\"Organization\",\"@id\":\"https:\\\/\\\/www.icog.es\\\/redespa\\\/#organization\",\"name\":\"Red Espa\u00f1ola de Planetolog\u00eda y Astrobiolog\u00eda\",\"url\":\"https:\\\/\\\/www.icog.es\\\/redespa\\\/\",\"logo\":{\"@type\":\"ImageObject\",\"inLanguage\":\"es\",\"@id\":\"https:\\\/\\\/www.icog.es\\\/redespa\\\/#\\\/schema\\\/logo\\\/image\\\/\",\"url\":\"https:\\\/\\\/www.icog.es\\\/redespa\\\/wp-content\\\/uploads\\\/2019\\\/05\\\/logoredespa12.jpg\",\"contentUrl\":\"https:\\\/\\\/www.icog.es\\\/redespa\\\/wp-content\\\/uploads\\\/2019\\\/05\\\/logoredespa12.jpg\",\"width\":484,\"height\":100,\"caption\":\"Red Espa\u00f1ola de Planetolog\u00eda y Astrobiolog\u00eda\"},\"image\":{\"@id\":\"https:\\\/\\\/www.icog.es\\\/redespa\\\/#\\\/schema\\\/logo\\\/image\\\/\"},\"sameAs\":[\"https:\\\/\\\/www.facebook.com\\\/REDESPA\",\"https:\\\/\\\/x.com\\\/REDESPA1\",\"https:\\\/\\\/www.linkedin.com\\\/company\\\/316636\",\"https:\\\/\\\/www.youtube.com\\\/channel\\\/UCbe-LMDt_tDeS6ZbnrVt8SA\"]},{\"@type\":\"Person\",\"@id\":\"https:\\\/\\\/www.icog.es\\\/redespa\\\/#\\\/schema\\\/person\\\/88a62c65120033dee987a25307df7994\",\"name\":\"Jes\u00fas Mart\u00ednez Fr\u00edas\",\"image\":{\"@type\":\"ImageObject\",\"inLanguage\":\"es\",\"@id\":\"https:\\\/\\\/secure.gravatar.com\\\/avatar\\\/1b71ddb4ffac7eee9c7155b078e3736178b971380f39efea0eeb91776525885c?s=96&d=mm&r=g\",\"url\":\"https:\\\/\\\/secure.gravatar.com\\\/avatar\\\/1b71ddb4ffac7eee9c7155b078e3736178b971380f39efea0eeb91776525885c?s=96&d=mm&r=g\",\"contentUrl\":\"https:\\\/\\\/secure.gravatar.com\\\/avatar\\\/1b71ddb4ffac7eee9c7155b078e3736178b971380f39efea0eeb91776525885c?s=96&d=mm&r=g\",\"caption\":\"Jes\u00fas Mart\u00ednez Fr\u00edas\"},\"description\":\"- Senior Scientist, IGEO (CSIC-UCM) - Head, CSIC's Research Group \\\"Meteorites and Planetary Geosciences\\\" - Science Team Member, NASA-MSL, ESA-ExoMars and MARS2020 - Collaborator, ESA-BIOMEX - Founder and Director, Spanish Planetology and Astrobiology Network (REDESPA) - Professor \\\"Ad Honorem\\\" of Planetary Geochemistry, ETSII (Polytechnic University of Madrid) - Chair, IUGS Commission on Geoscience Education, Training and Technology Transfer (IUGS-COGE) - President, International Association for Geoethics (IAGETH) - OC Member, International Commission on Astrobiology, IAU - Science Officer (Origins and Astrobiology) EGU Division of Planetary and Solar System Sciences - Councilor, European Astrobiology Network Association - Goodwill Ambassador, Geological Society of Africa - Coordinator of AGID National Chapter in Spain (mainly devoted to Geoethics) - National Focal Point, Earth Science Matters - Senior Advisory Board Member, Arabian Geosciences Union (AraGU) - Former Regional Coordinator in Spain, TPS-Spain, The Planetary Society - Founder and Former Head (CSIC), Associate Unit (CSIC-University of Valladolid) \\\"Spectroscopy in Cosmogeochemistry and Astrobiology\\\" - Former Head, Department of Planetology and Habitability, Centro de Astrobiologia, CSIC-INTA, associated to the NASA Astrobiology Institute) - Former Head of the Planetary Geology Laboratory, CAB (CSIC\\\/INTA), associated to the NASA Astrobiology Institute - Ex-Vice Chairman of the United Nations Commission on Science and Technology for Development (UNCSTD). - Former Expert Member of the UN (ECOSOC) Committee on Natural Resources representing Western European Countries\",\"sameAs\":[\"http:\\\/\\\/tierra.rediris.es\\\/jmfrias\\\/\",\"https:\\\/\\\/www.facebook.com\\\/jesus.martinez.frias\",\"https:\\\/\\\/es.linkedin.com\\\/pub\\\/jes%C3%BAs-mart%C3%ADnez-fr%C3%ADas\\\/14\\\/38\\\/289\",\"https:\\\/\\\/x.com\\\/https:\\\/\\\/twitter.com\\\/J_MartinezFrias?lang=es\"],\"url\":\"https:\\\/\\\/www.icog.es\\\/redespa\\\/index.php\\\/author\\\/jmfrias\\\/\"}]}<\/script>\r\n<!-- \/ Yoast SEO plugin. -->","yoast_head_json":{"title":"REDESPA en el Museo de la Naturaleza y el Hombre de Tenerife - REDESPA","description":"REDESPA en el Museo de la Naturaleza y el Hombre de Tenerife","robots":{"index":"index","follow":"follow","max-snippet":"max-snippet:-1","max-image-preview":"max-image-preview:large","max-video-preview":"max-video-preview:-1"},"canonical":"https:\/\/www.icog.es\/redespa\/index.php\/p355\/","og_locale":"es_ES","og_type":"article","og_title":"REDESPA en el Museo de la Naturaleza y el Hombre de Tenerife - REDESPA","og_description":"REDESPA en el Museo de la Naturaleza y el Hombre de Tenerife","og_url":"https:\/\/www.icog.es\/redespa\/index.php\/p355\/","og_site_name":"REDESPA","article_publisher":"https:\/\/www.facebook.com\/REDESPA","article_author":"https:\/\/www.facebook.com\/jesus.martinez.frias","article_published_time":"2014-05-09T13:26:17+00:00","article_modified_time":"2014-06-04T07:56:51+00:00","og_image":[{"width":3430,"height":1750,"url":"https:\/\/www.icog.es\/redespa\/wp-content\/uploads\/2014\/05\/museotenerife.jpg","type":"image\/jpeg"}],"author":"Jes\u00fas Mart\u00ednez Fr\u00edas","twitter_card":"summary_large_image","twitter_creator":"@https:\/\/twitter.com\/J_MartinezFrias?lang=es","twitter_site":"@REDESPA1","twitter_misc":{"Escrito por":"Jes\u00fas Mart\u00ednez Fr\u00edas","Tiempo de lectura":"1 minuto"},"schema":{"@context":"https:\/\/schema.org","@graph":[{"@type":"Article","@id":"https:\/\/www.icog.es\/redespa\/index.php\/p355\/#article","isPartOf":{"@id":"https:\/\/www.icog.es\/redespa\/index.php\/p355\/"},"author":{"name":"Jes\u00fas Mart\u00ednez Fr\u00edas","@id":"https:\/\/www.icog.es\/redespa\/#\/schema\/person\/88a62c65120033dee987a25307df7994"},"headline":"REDESPA en el Museo de la Naturaleza y el Hombre de Tenerife","datePublished":"2014-05-09T13:26:17+00:00","dateModified":"2014-06-04T07:56:51+00:00","mainEntityOfPage":{"@id":"https:\/\/www.icog.es\/redespa\/index.php\/p355\/"},"wordCount":245,"commentCount":0,"publisher":{"@id":"https:\/\/www.icog.es\/redespa\/#organization"},"image":{"@id":"https:\/\/www.icog.es\/redespa\/index.php\/p355\/#primaryimage"},"thumbnailUrl":"https:\/\/www.icog.es\/redespa\/wp-content\/uploads\/2014\/05\/museotenerife.jpg","keywords":["astrogeolog\u00eda","Canarias","marte","Museo","Tenerife"],"articleSection":["Eventos"],"inLanguage":"es","potentialAction":[{"@type":"CommentAction","name":"Comment","target":["https:\/\/www.icog.es\/redespa\/index.php\/p355\/#respond"]}]},{"@type":"WebPage","@id":"https:\/\/www.icog.es\/redespa\/index.php\/p355\/","url":"https:\/\/www.icog.es\/redespa\/index.php\/p355\/","name":"REDESPA en el Museo de la Naturaleza y el Hombre de Tenerife - REDESPA","isPartOf":{"@id":"https:\/\/www.icog.es\/redespa\/#website"},"primaryImageOfPage":{"@id":"https:\/\/www.icog.es\/redespa\/index.php\/p355\/#primaryimage"},"image":{"@id":"https:\/\/www.icog.es\/redespa\/index.php\/p355\/#primaryimage"},"thumbnailUrl":"https:\/\/www.icog.es\/redespa\/wp-content\/uploads\/2014\/05\/museotenerife.jpg","datePublished":"2014-05-09T13:26:17+00:00","dateModified":"2014-06-04T07:56:51+00:00","description":"REDESPA en el Museo de la Naturaleza y el Hombre de Tenerife","inLanguage":"es","potentialAction":[{"@type":"ReadAction","target":["https:\/\/www.icog.es\/redespa\/index.php\/p355\/"]}]},{"@type":"ImageObject","inLanguage":"es","@id":"https:\/\/www.icog.es\/redespa\/index.php\/p355\/#primaryimage","url":"https:\/\/www.icog.es\/redespa\/wp-content\/uploads\/2014\/05\/museotenerife.jpg","contentUrl":"https:\/\/www.icog.es\/redespa\/wp-content\/uploads\/2014\/05\/museotenerife.jpg","width":3430,"height":1750},{"@type":"WebSite","@id":"https:\/\/www.icog.es\/redespa\/#website","url":"https:\/\/www.icog.es\/redespa\/","name":"REDESPA","description":"Red Espa\u00f1ola de Planetolog\u00eda y Astrobiolog\u00eda","publisher":{"@id":"https:\/\/www.icog.es\/redespa\/#organization"},"potentialAction":[{"@type":"SearchAction","target":{"@type":"EntryPoint","urlTemplate":"https:\/\/www.icog.es\/redespa\/?s={search_term_string}"},"query-input":{"@type":"PropertyValueSpecification","valueRequired":true,"valueName":"search_term_string"}}],"inLanguage":"es"},{"@type":"Organization","@id":"https:\/\/www.icog.es\/redespa\/#organization","name":"Red Espa\u00f1ola de Planetolog\u00eda y Astrobiolog\u00eda","url":"https:\/\/www.icog.es\/redespa\/","logo":{"@type":"ImageObject","inLanguage":"es","@id":"https:\/\/www.icog.es\/redespa\/#\/schema\/logo\/image\/","url":"https:\/\/www.icog.es\/redespa\/wp-content\/uploads\/2019\/05\/logoredespa12.jpg","contentUrl":"https:\/\/www.icog.es\/redespa\/wp-content\/uploads\/2019\/05\/logoredespa12.jpg","width":484,"height":100,"caption":"Red Espa\u00f1ola de Planetolog\u00eda y Astrobiolog\u00eda"},"image":{"@id":"https:\/\/www.icog.es\/redespa\/#\/schema\/logo\/image\/"},"sameAs":["https:\/\/www.facebook.com\/REDESPA","https:\/\/x.com\/REDESPA1","https:\/\/www.linkedin.com\/company\/316636","https:\/\/www.youtube.com\/channel\/UCbe-LMDt_tDeS6ZbnrVt8SA"]},{"@type":"Person","@id":"https:\/\/www.icog.es\/redespa\/#\/schema\/person\/88a62c65120033dee987a25307df7994","name":"Jes\u00fas Mart\u00ednez Fr\u00edas","image":{"@type":"ImageObject","inLanguage":"es","@id":"https:\/\/secure.gravatar.com\/avatar\/1b71ddb4ffac7eee9c7155b078e3736178b971380f39efea0eeb91776525885c?s=96&d=mm&r=g","url":"https:\/\/secure.gravatar.com\/avatar\/1b71ddb4ffac7eee9c7155b078e3736178b971380f39efea0eeb91776525885c?s=96&d=mm&r=g","contentUrl":"https:\/\/secure.gravatar.com\/avatar\/1b71ddb4ffac7eee9c7155b078e3736178b971380f39efea0eeb91776525885c?s=96&d=mm&r=g","caption":"Jes\u00fas Mart\u00ednez Fr\u00edas"},"description":"- Senior Scientist, IGEO (CSIC-UCM) - Head, CSIC's Research Group \"Meteorites and Planetary Geosciences\" - Science Team Member, NASA-MSL, ESA-ExoMars and MARS2020 - Collaborator, ESA-BIOMEX - Founder and Director, Spanish Planetology and Astrobiology Network (REDESPA) - Professor \"Ad Honorem\" of Planetary Geochemistry, ETSII (Polytechnic University of Madrid) - Chair, IUGS Commission on Geoscience Education, Training and Technology Transfer (IUGS-COGE) - President, International Association for Geoethics (IAGETH) - OC Member, International Commission on Astrobiology, IAU - Science Officer (Origins and Astrobiology) EGU Division of Planetary and Solar System Sciences - Councilor, European Astrobiology Network Association - Goodwill Ambassador, Geological Society of Africa - Coordinator of AGID National Chapter in Spain (mainly devoted to Geoethics) - National Focal Point, Earth Science Matters - Senior Advisory Board Member, Arabian Geosciences Union (AraGU) - Former Regional Coordinator in Spain, TPS-Spain, The Planetary Society - Founder and Former Head (CSIC), Associate Unit (CSIC-University of Valladolid) \"Spectroscopy in Cosmogeochemistry and Astrobiology\" - Former Head, Department of Planetology and Habitability, Centro de Astrobiologia, CSIC-INTA, associated to the NASA Astrobiology Institute) - Former Head of the Planetary Geology Laboratory, CAB (CSIC\/INTA), associated to the NASA Astrobiology Institute - Ex-Vice Chairman of the United Nations Commission on Science and Technology for Development (UNCSTD). - Former Expert Member of the UN (ECOSOC) Committee on Natural Resources representing Western European Countries","sameAs":["http:\/\/tierra.rediris.es\/jmfrias\/","https:\/\/www.facebook.com\/jesus.martinez.frias","https:\/\/es.linkedin.com\/pub\/jes%C3%BAs-mart%C3%ADnez-fr%C3%ADas\/14\/38\/289","https:\/\/x.com\/https:\/\/twitter.com\/J_MartinezFrias?lang=es"],"url":"https:\/\/www.icog.es\/redespa\/index.php\/author\/jmfrias\/"}]}},"amp_enabled":true,"_links":{"self":[{"href":"https:\/\/www.icog.es\/redespa\/index.php\/wp-json\/wp\/v2\/posts\/355","targetHints":{"allow":["GET"]}}],"collection":[{"href":"https:\/\/www.icog.es\/redespa\/index.php\/wp-json\/wp\/v2\/posts"}],"about":[{"href":"https:\/\/www.icog.es\/redespa\/index.php\/wp-json\/wp\/v2\/types\/post"}],"author":[{"embeddable":true,"href":"https:\/\/www.icog.es\/redespa\/index.php\/wp-json\/wp\/v2\/users\/2"}],"replies":[{"embeddable":true,"href":"https:\/\/www.icog.es\/redespa\/index.php\/wp-json\/wp\/v2\/comments?post=355"}],"version-history":[{"count":4,"href":"https:\/\/www.icog.es\/redespa\/index.php\/wp-json\/wp\/v2\/posts\/355\/revisions"}],"predecessor-version":[{"id":396,"href":"https:\/\/www.icog.es\/redespa\/index.php\/wp-json\/wp\/v2\/posts\/355\/revisions\/396"}],"wp:featuredmedia":[{"embeddable":true,"href":"https:\/\/www.icog.es\/redespa\/index.php\/wp-json\/wp\/v2\/media\/344"}],"wp:attachment":[{"href":"https:\/\/www.icog.es\/redespa\/index.php\/wp-json\/wp\/v2\/media?parent=355"}],"wp:term":[{"taxonomy":"category","embeddable":true,"href":"https:\/\/www.icog.es\/redespa\/index.php\/wp-json\/wp\/v2\/categories?post=355"},{"taxonomy":"post_tag","embeddable":true,"href":"https:\/\/www.icog.es\/redespa\/index.php\/wp-json\/wp\/v2\/tags?post=355"}],"curies":[{"name":"wp","href":"https:\/\/api.w.org\/{rel}","templated":true}]}}