{"id":1441,"date":"2017-02-26T14:43:45","date_gmt":"2017-02-26T12:43:45","guid":{"rendered":"http:\/\/www.icog.es\/redespa\/?p=1441"},"modified":"2019-05-22T17:20:57","modified_gmt":"2019-05-22T15:20:57","slug":"green-moon-project-unico-proyecto-espanol-que-aspira-a-ir-a-la-luna","status":"publish","type":"post","link":"https:\/\/www.icog.es\/redespa\/index.php\/green-moon-project-unico-proyecto-espanol-que-aspira-a-ir-a-la-luna\/","title":{"rendered":"Green Moon Project, \u00fanico proyecto espa\u00f1ol que aspira a ir a la Luna"},"content":{"rendered":"<p>Para REDESPA supone un placer compartir la noticia sobre Green Moon Project, \u00fanico proyecto espa\u00f1ol que aspira a ir a la Luna. Adem\u00e1s, uno de los miembros del proyecto, Jos\u00e9 Mar\u00eda Ortega Hern\u00e1ndez, estudiante de Ingenier\u00eda Aeroespacial \u2013 Universidad de C\u00e1diz, realiz\u00f3 el <a href=\"http:\/\/www.icog.es\/cursos\/index.php\/ii-curso-online-de-planetologia-y-astrobiologia\/\">II Curso online de Planetolog\u00eda y Astrobiolog\u00eda<\/a> del ICOG, en el que nuestra Red act\u00faa como organizaci\u00f3n colaboradora, recibiendo el <a href=\"https:\/\/www.icog.es\/redespa\/index.php\/hoy-se-celebra-la-entrega-del-premio-planetologia-astrobiologia-2a-edicion\/\">Premio ICOG-REDESPA de Planetolog\u00eda y Astrobiolog\u00eda<\/a>, como alumno m\u00e1s destacado de esta edici\u00f3n del Curso.<\/p>\n<p>El proyecto del equipo Green Moon Project ha sido seleccionado como uno de los 25 finalistas del concurso Lab2Moon auspiciado por Team Indus, el equipo Indio participante y finalista dentro de la Google Lunar X Prize. Se trata del \u00fanico equipo Espa\u00f1ol de las 3400 propuestas iniciales en llegar a la final. Lo que Green Moon Project pretende es estudiar la germinaci\u00f3n de una planta bajo gravedad lunar. Se conoce que la gravedad en la Tierra es de 9,8 m\/s\u00b2 mientras que la gravedad lunar es de 1,622 m\/s\u00b2. Esto quiere decir que los cuerpos que se situaran cercanos a nuestro sat\u00e9lite se ver\u00edan atra\u00eddos por una fuerza seis veces menor que aquella a la que acostumbramos sobre nuestro planeta. La idea que se plantea es aparentemente sencilla, aunque vital en el caso de querer establecer un asentamiento humano e<a href=\"https:\/\/www.icog.es\/redespa\/wp-content\/uploads\/2017\/02\/fotoluna1.gif\"><img decoding=\"async\" class=\"alignleft size-medium wp-image-1444\" src=\"https:\/\/www.icog.es\/redespa\/wp-content\/uploads\/2017\/02\/fotoluna1-300x166.gif\" alt=\"\" width=\"300\" height=\"166\" srcset=\"https:\/\/www.icog.es\/redespa\/wp-content\/uploads\/2017\/02\/fotoluna1-300x166.gif 300w, https:\/\/www.icog.es\/redespa\/wp-content\/uploads\/2017\/02\/fotoluna1-720x398.gif 720w, https:\/\/www.icog.es\/redespa\/wp-content\/uploads\/2017\/02\/fotoluna1-768x424.gif 768w\" sizes=\"(max-width: 300px) 100vw, 300px\" \/><\/a>n la Luna para proveer de alimentos a las futuras colonias.<\/p>\n<p>Este concepto es el que plantea la Agencia Espacial Europea (ESA) a trav\u00e9s del denominado Moon Village y apoyado en esto Green Moon Project resalta la importancia de conocer c\u00f3mo ser\u00eda el crecimiento de los vegetales en la Luna. Para desarrollar esta idea han construido un prototipo demostrador que integra todo lo que ellos consideran necesario para desarrollar la experimentaci\u00f3n. Se parte de un tubo de ensayo o probeta en la que ir\u00eda el regolito lunar (se emplear\u00e1 un simulante de tierra lunar con la misma composici\u00f3n del suelo lunar tra\u00eddo a la Tierra por las misiones Apolo -fabricado por la NASA- y proporcionado por la Holandesa Universidad de Wageningen. Se usar\u00e1 semillas de Arabidopsis Thaliana proporcionadas por la Universidad de M\u00e1laga. La estructura consta de peque\u00f1as vigas de aluminio aeroespacial. Posee varios sensores de CO2, O2, t\u00e9rmico y lum\u00ednico. Todo ser\u00e1 monitorizado gracias a una placa Intel Edison. Y el c\u00f3digo ha sido desarrollado gracias a Arduino. Consta de LEDs de colores: azul, rojo y rojo lejano para favorecer la fotos\u00edntesis. Tiene una trampilla que liberar\u00e1 la semilla sobre el sedimento h\u00famedo una vez est\u00e9 en la Luna. El multidisciplinar equipo se encuentra compuesto por tres malague\u00f1os: Gonzalo Moncada Romero (Bi\u00f3logo \u2013 Universidad de M\u00e1laga), Juli\u00e1n Serrano Arrabal (Ingeniero de la Energ\u00eda \u2013 Universidad de M\u00e1laga) y Jos\u00e9 Mar\u00eda Ortega-Hern\u00e1ndez (estudiante de Ingenier\u00eda Aeroespacial \u2013 Universidad de C\u00e1diz).<\/p>\n<p><a href=\"https:\/\/www.icog.es\/redespa\/wp-content\/uploads\/2017\/02\/fotoluna2.gif\"><img decoding=\"async\" class=\"alignleft size-medium wp-image-1445\" src=\"https:\/\/www.icog.es\/redespa\/wp-content\/uploads\/2017\/02\/fotoluna2-300x171.gif\" alt=\"\" width=\"300\" height=\"171\" srcset=\"https:\/\/www.icog.es\/redespa\/wp-content\/uploads\/2017\/02\/fotoluna2-300x171.gif 300w, https:\/\/www.icog.es\/redespa\/wp-content\/uploads\/2017\/02\/fotoluna2-720x411.gif 720w, https:\/\/www.icog.es\/redespa\/wp-content\/uploads\/2017\/02\/fotoluna2-768x438.gif 768w\" sizes=\"(max-width: 300px) 100vw, 300px\" \/><\/a>A mediados del pr\u00f3ximo de mes de marzo volar\u00e1n a las instalaciones de Team Indus en Bangalore (India) donde, con el resto de equipos participantes de Per\u00fa, Italia, Estados Unidos, M\u00e9xico y Reino Unido, expondr\u00e1n su proyecto ante un un jurado de expertos y cient\u00edficos del \u00e1mbito espacial. Todos los proyectos propuestos buscan realizar experimentaciones que logren acelerar la evoluci\u00f3n humana hacia una especie interplanetaria sostenible. El ganador volar\u00e1 en la nave de Team Indus que despegar\u00e1 a bordo del cohete del ISRO (la Agencia Espacial India) a finales de 2017. El equipo ha contado con el asesoramiento de ge\u00f3logos, bi\u00f3logos, ingenieros industriales y de telecomunicaciones de la Universidad de M\u00e1laga as\u00ed como de apoyo econ\u00f3mico, tambi\u00e9n proporcionado por la empresa de peque\u00f1os paneles solares DHV Technology del Parque Tecnol\u00f3gico de Andaluc\u00eda.<\/p>\n<p>El equipo est\u00e1 muy contento y se encuentra muy ilusionado por la oportunidad a la que aspiran de poder realizar su idea, su proyecto, en la Luna. Ser\u00eda toda una haza\u00f1a lograr hacer germinar la primera planta en la Luna; ser\u00eda una primera piedra para avanzar en el conocimiento necesario para construir los primeros asentamientos humanos en la Luna e incluso en Marte. Equipo Green Moon Project.<\/p>\n<p>Desde REDESPA cuentan, por supuesto, con todo nuestro apoyo. \u00a1Enhorabuena!<\/p>\n<p>&nbsp;<\/p>\n<div class=\"video-shortcode\"><iframe class=\"fusion-hidden\" data-privacy-type=\"youtube\" src=\"\" title=\"Green Moon Project - Canal Sur ATV - Lab2Moon\" width=\"1100\" height=\"619\" data-privacy-src=\"https:\/\/www.youtube.com\/embed\/QHrKHhZXTmM?feature=oembed\" frameborder=\"0\" allow=\"accelerometer; autoplay; encrypted-media; gyroscope; picture-in-picture\" allowfullscreen><\/iframe><div class=\"fusion-privacy-placeholder\" style=\"width:1100px; height:619px;\" data-privacy-type=\"youtube\"><div class=\"fusion-privacy-placeholder-content\"><div class=\"fusion-privacy-label\">Por razones de privacidad YouTube necesita tu permiso para cargarse. Para m\u00e1s detalles, por favor consulta nuestra <a class=\"privacy-policy-link\" href=\"https:\/\/www.icog.es\/redespa\/index.php\/politica-de-privacidad\/\" rel=\"privacy-policy\">Pol\u00edtica de privacidad<\/a>.<\/div><button data-privacy-type=\"youtube\" class=\"fusion-button button-default fusion-button-default-size button fusion-privacy-consent\">I Accept<\/button><\/div><\/div><\/div>\n","protected":false},"excerpt":{"rendered":"<p>Para REDESPA supone un placer compartir la noticia sobre Green Moon Project, \u00fanico proyecto espa\u00f1ol que aspira a ir a la Luna. Adem\u00e1s, uno de los miembros del proyecto, Jos\u00e9 Mar\u00eda Ortega Hern\u00e1ndez, estudiante de  [&#8230;]<\/p>\n","protected":false},"author":2,"featured_media":1443,"comment_status":"open","ping_status":"open","sticky":false,"template":"","format":"standard","meta":{"footnotes":""},"categories":[24,234,14],"tags":[235,45,270,386],"class_list":["post-1441","post","type-post","status-publish","format-standard","has-post-thumbnail","hentry","category-astrobiologia","category-concurso","category-noticias","tag-concurso","tag-espana","tag-luna","tag-moon"],"yoast_head":"<!-- This site is optimized with the Yoast SEO plugin v27.3 - https:\/\/yoast.com\/product\/yoast-seo-wordpress\/ -->\r\n<title>Green Moon Project, \u00fanico proyecto espa\u00f1ol que aspira a ir a la Luna - REDESPA<\/title>\r\n<meta name=\"robots\" content=\"index, follow, max-snippet:-1, max-image-preview:large, max-video-preview:-1\" \/>\r\n<link rel=\"canonical\" href=\"https:\/\/www.icog.es\/redespa\/index.php\/green-moon-project-unico-proyecto-espanol-que-aspira-a-ir-a-la-luna\/\" \/>\r\n<meta property=\"og:locale\" content=\"es_ES\" \/>\r\n<meta property=\"og:type\" content=\"article\" \/>\r\n<meta property=\"og:title\" content=\"Green Moon Project, \u00fanico proyecto espa\u00f1ol que aspira a ir a la Luna - REDESPA\" \/>\r\n<meta property=\"og:description\" content=\"Para REDESPA supone un placer compartir la noticia sobre Green Moon Project, \u00fanico proyecto espa\u00f1ol que aspira a ir a la Luna. Adem\u00e1s, uno de los miembros del proyecto, Jos\u00e9 Mar\u00eda Ortega Hern\u00e1ndez, estudiante de [...]\" \/>\r\n<meta property=\"og:url\" content=\"https:\/\/www.icog.es\/redespa\/index.php\/green-moon-project-unico-proyecto-espanol-que-aspira-a-ir-a-la-luna\/\" \/>\r\n<meta property=\"og:site_name\" content=\"REDESPA\" \/>\r\n<meta property=\"article:publisher\" content=\"https:\/\/www.facebook.com\/REDESPA\" \/>\r\n<meta property=\"article:author\" content=\"https:\/\/www.facebook.com\/jesus.martinez.frias\" \/>\r\n<meta property=\"article:published_time\" content=\"2017-02-26T12:43:45+00:00\" \/>\r\n<meta property=\"article:modified_time\" content=\"2019-05-22T15:20:57+00:00\" \/>\r\n<meta property=\"og:image\" content=\"https:\/\/www.icog.es\/redespa\/wp-content\/uploads\/2017\/02\/lunaconcursoespanabanner.gif\" \/>\r\n\t<meta property=\"og:image:width\" content=\"766\" \/>\r\n\t<meta property=\"og:image:height\" content=\"326\" \/>\r\n\t<meta property=\"og:image:type\" content=\"image\/gif\" \/>\r\n<meta name=\"author\" content=\"Jes\u00fas Mart\u00ednez Fr\u00edas\" \/>\r\n<meta name=\"twitter:card\" content=\"summary_large_image\" \/>\r\n<meta name=\"twitter:creator\" content=\"@https:\/\/twitter.com\/J_MartinezFrias?lang=es\" \/>\r\n<meta name=\"twitter:site\" content=\"@REDESPA1\" \/>\r\n<meta name=\"twitter:label1\" content=\"Escrito por\" \/>\n\t<meta name=\"twitter:data1\" content=\"Jes\u00fas Mart\u00ednez Fr\u00edas\" \/>\n\t<meta name=\"twitter:label2\" content=\"Tiempo de lectura\" \/>\n\t<meta name=\"twitter:data2\" content=\"4 minutos\" \/>\r\n<script type=\"application\/ld+json\" class=\"yoast-schema-graph\">{\"@context\":\"https:\\\/\\\/schema.org\",\"@graph\":[{\"@type\":\"Article\",\"@id\":\"https:\\\/\\\/www.icog.es\\\/redespa\\\/index.php\\\/green-moon-project-unico-proyecto-espanol-que-aspira-a-ir-a-la-luna\\\/#article\",\"isPartOf\":{\"@id\":\"https:\\\/\\\/www.icog.es\\\/redespa\\\/index.php\\\/green-moon-project-unico-proyecto-espanol-que-aspira-a-ir-a-la-luna\\\/\"},\"author\":{\"name\":\"Jes\u00fas Mart\u00ednez Fr\u00edas\",\"@id\":\"https:\\\/\\\/www.icog.es\\\/redespa\\\/#\\\/schema\\\/person\\\/88a62c65120033dee987a25307df7994\"},\"headline\":\"Green Moon Project, \u00fanico proyecto espa\u00f1ol que aspira a ir a la Luna\",\"datePublished\":\"2017-02-26T12:43:45+00:00\",\"dateModified\":\"2019-05-22T15:20:57+00:00\",\"mainEntityOfPage\":{\"@id\":\"https:\\\/\\\/www.icog.es\\\/redespa\\\/index.php\\\/green-moon-project-unico-proyecto-espanol-que-aspira-a-ir-a-la-luna\\\/\"},\"wordCount\":743,\"commentCount\":3,\"publisher\":{\"@id\":\"https:\\\/\\\/www.icog.es\\\/redespa\\\/#organization\"},\"image\":{\"@id\":\"https:\\\/\\\/www.icog.es\\\/redespa\\\/index.php\\\/green-moon-project-unico-proyecto-espanol-que-aspira-a-ir-a-la-luna\\\/#primaryimage\"},\"thumbnailUrl\":\"https:\\\/\\\/www.icog.es\\\/redespa\\\/wp-content\\\/uploads\\\/2017\\\/02\\\/lunaconcursoespanabanner.gif\",\"keywords\":[\"Concurso\",\"Espa\u00f1a\",\"Luna\",\"Moon\"],\"articleSection\":[\"Astrobiolog\u00eda\",\"Concurso\",\"Noticias\"],\"inLanguage\":\"es\",\"potentialAction\":[{\"@type\":\"CommentAction\",\"name\":\"Comment\",\"target\":[\"https:\\\/\\\/www.icog.es\\\/redespa\\\/index.php\\\/green-moon-project-unico-proyecto-espanol-que-aspira-a-ir-a-la-luna\\\/#respond\"]}]},{\"@type\":\"WebPage\",\"@id\":\"https:\\\/\\\/www.icog.es\\\/redespa\\\/index.php\\\/green-moon-project-unico-proyecto-espanol-que-aspira-a-ir-a-la-luna\\\/\",\"url\":\"https:\\\/\\\/www.icog.es\\\/redespa\\\/index.php\\\/green-moon-project-unico-proyecto-espanol-que-aspira-a-ir-a-la-luna\\\/\",\"name\":\"Green Moon Project, \u00fanico proyecto espa\u00f1ol que aspira a ir a la Luna - REDESPA\",\"isPartOf\":{\"@id\":\"https:\\\/\\\/www.icog.es\\\/redespa\\\/#website\"},\"primaryImageOfPage\":{\"@id\":\"https:\\\/\\\/www.icog.es\\\/redespa\\\/index.php\\\/green-moon-project-unico-proyecto-espanol-que-aspira-a-ir-a-la-luna\\\/#primaryimage\"},\"image\":{\"@id\":\"https:\\\/\\\/www.icog.es\\\/redespa\\\/index.php\\\/green-moon-project-unico-proyecto-espanol-que-aspira-a-ir-a-la-luna\\\/#primaryimage\"},\"thumbnailUrl\":\"https:\\\/\\\/www.icog.es\\\/redespa\\\/wp-content\\\/uploads\\\/2017\\\/02\\\/lunaconcursoespanabanner.gif\",\"datePublished\":\"2017-02-26T12:43:45+00:00\",\"dateModified\":\"2019-05-22T15:20:57+00:00\",\"inLanguage\":\"es\",\"potentialAction\":[{\"@type\":\"ReadAction\",\"target\":[\"https:\\\/\\\/www.icog.es\\\/redespa\\\/index.php\\\/green-moon-project-unico-proyecto-espanol-que-aspira-a-ir-a-la-luna\\\/\"]}]},{\"@type\":\"ImageObject\",\"inLanguage\":\"es\",\"@id\":\"https:\\\/\\\/www.icog.es\\\/redespa\\\/index.php\\\/green-moon-project-unico-proyecto-espanol-que-aspira-a-ir-a-la-luna\\\/#primaryimage\",\"url\":\"https:\\\/\\\/www.icog.es\\\/redespa\\\/wp-content\\\/uploads\\\/2017\\\/02\\\/lunaconcursoespanabanner.gif\",\"contentUrl\":\"https:\\\/\\\/www.icog.es\\\/redespa\\\/wp-content\\\/uploads\\\/2017\\\/02\\\/lunaconcursoespanabanner.gif\",\"width\":766,\"height\":326},{\"@type\":\"WebSite\",\"@id\":\"https:\\\/\\\/www.icog.es\\\/redespa\\\/#website\",\"url\":\"https:\\\/\\\/www.icog.es\\\/redespa\\\/\",\"name\":\"REDESPA\",\"description\":\"Red Espa\u00f1ola de Planetolog\u00eda y Astrobiolog\u00eda\",\"publisher\":{\"@id\":\"https:\\\/\\\/www.icog.es\\\/redespa\\\/#organization\"},\"potentialAction\":[{\"@type\":\"SearchAction\",\"target\":{\"@type\":\"EntryPoint\",\"urlTemplate\":\"https:\\\/\\\/www.icog.es\\\/redespa\\\/?s={search_term_string}\"},\"query-input\":{\"@type\":\"PropertyValueSpecification\",\"valueRequired\":true,\"valueName\":\"search_term_string\"}}],\"inLanguage\":\"es\"},{\"@type\":\"Organization\",\"@id\":\"https:\\\/\\\/www.icog.es\\\/redespa\\\/#organization\",\"name\":\"Red Espa\u00f1ola de Planetolog\u00eda y Astrobiolog\u00eda\",\"url\":\"https:\\\/\\\/www.icog.es\\\/redespa\\\/\",\"logo\":{\"@type\":\"ImageObject\",\"inLanguage\":\"es\",\"@id\":\"https:\\\/\\\/www.icog.es\\\/redespa\\\/#\\\/schema\\\/logo\\\/image\\\/\",\"url\":\"https:\\\/\\\/www.icog.es\\\/redespa\\\/wp-content\\\/uploads\\\/2019\\\/05\\\/logoredespa12.jpg\",\"contentUrl\":\"https:\\\/\\\/www.icog.es\\\/redespa\\\/wp-content\\\/uploads\\\/2019\\\/05\\\/logoredespa12.jpg\",\"width\":484,\"height\":100,\"caption\":\"Red Espa\u00f1ola de Planetolog\u00eda y Astrobiolog\u00eda\"},\"image\":{\"@id\":\"https:\\\/\\\/www.icog.es\\\/redespa\\\/#\\\/schema\\\/logo\\\/image\\\/\"},\"sameAs\":[\"https:\\\/\\\/www.facebook.com\\\/REDESPA\",\"https:\\\/\\\/x.com\\\/REDESPA1\",\"https:\\\/\\\/www.linkedin.com\\\/company\\\/316636\",\"https:\\\/\\\/www.youtube.com\\\/channel\\\/UCbe-LMDt_tDeS6ZbnrVt8SA\"]},{\"@type\":\"Person\",\"@id\":\"https:\\\/\\\/www.icog.es\\\/redespa\\\/#\\\/schema\\\/person\\\/88a62c65120033dee987a25307df7994\",\"name\":\"Jes\u00fas Mart\u00ednez Fr\u00edas\",\"image\":{\"@type\":\"ImageObject\",\"inLanguage\":\"es\",\"@id\":\"https:\\\/\\\/secure.gravatar.com\\\/avatar\\\/1b71ddb4ffac7eee9c7155b078e3736178b971380f39efea0eeb91776525885c?s=96&d=mm&r=g\",\"url\":\"https:\\\/\\\/secure.gravatar.com\\\/avatar\\\/1b71ddb4ffac7eee9c7155b078e3736178b971380f39efea0eeb91776525885c?s=96&d=mm&r=g\",\"contentUrl\":\"https:\\\/\\\/secure.gravatar.com\\\/avatar\\\/1b71ddb4ffac7eee9c7155b078e3736178b971380f39efea0eeb91776525885c?s=96&d=mm&r=g\",\"caption\":\"Jes\u00fas Mart\u00ednez Fr\u00edas\"},\"description\":\"- Senior Scientist, IGEO (CSIC-UCM) - Head, CSIC's Research Group \\\"Meteorites and Planetary Geosciences\\\" - Science Team Member, NASA-MSL, ESA-ExoMars and MARS2020 - Collaborator, ESA-BIOMEX - Founder and Director, Spanish Planetology and Astrobiology Network (REDESPA) - Professor \\\"Ad Honorem\\\" of Planetary Geochemistry, ETSII (Polytechnic University of Madrid) - Chair, IUGS Commission on Geoscience Education, Training and Technology Transfer (IUGS-COGE) - President, International Association for Geoethics (IAGETH) - OC Member, International Commission on Astrobiology, IAU - Science Officer (Origins and Astrobiology) EGU Division of Planetary and Solar System Sciences - Councilor, European Astrobiology Network Association - Goodwill Ambassador, Geological Society of Africa - Coordinator of AGID National Chapter in Spain (mainly devoted to Geoethics) - National Focal Point, Earth Science Matters - Senior Advisory Board Member, Arabian Geosciences Union (AraGU) - Former Regional Coordinator in Spain, TPS-Spain, The Planetary Society - Founder and Former Head (CSIC), Associate Unit (CSIC-University of Valladolid) \\\"Spectroscopy in Cosmogeochemistry and Astrobiology\\\" - Former Head, Department of Planetology and Habitability, Centro de Astrobiologia, CSIC-INTA, associated to the NASA Astrobiology Institute) - Former Head of the Planetary Geology Laboratory, CAB (CSIC\\\/INTA), associated to the NASA Astrobiology Institute - Ex-Vice Chairman of the United Nations Commission on Science and Technology for Development (UNCSTD). - Former Expert Member of the UN (ECOSOC) Committee on Natural Resources representing Western European Countries\",\"sameAs\":[\"http:\\\/\\\/tierra.rediris.es\\\/jmfrias\\\/\",\"https:\\\/\\\/www.facebook.com\\\/jesus.martinez.frias\",\"https:\\\/\\\/es.linkedin.com\\\/pub\\\/jes%C3%BAs-mart%C3%ADnez-fr%C3%ADas\\\/14\\\/38\\\/289\",\"https:\\\/\\\/x.com\\\/https:\\\/\\\/twitter.com\\\/J_MartinezFrias?lang=es\"],\"url\":\"https:\\\/\\\/www.icog.es\\\/redespa\\\/index.php\\\/author\\\/jmfrias\\\/\"}]}<\/script>\r\n<!-- \/ Yoast SEO plugin. -->","yoast_head_json":{"title":"Green Moon Project, \u00fanico proyecto espa\u00f1ol que aspira a ir a la Luna - REDESPA","robots":{"index":"index","follow":"follow","max-snippet":"max-snippet:-1","max-image-preview":"max-image-preview:large","max-video-preview":"max-video-preview:-1"},"canonical":"https:\/\/www.icog.es\/redespa\/index.php\/green-moon-project-unico-proyecto-espanol-que-aspira-a-ir-a-la-luna\/","og_locale":"es_ES","og_type":"article","og_title":"Green Moon Project, \u00fanico proyecto espa\u00f1ol que aspira a ir a la Luna - REDESPA","og_description":"Para REDESPA supone un placer compartir la noticia sobre Green Moon Project, \u00fanico proyecto espa\u00f1ol que aspira a ir a la Luna. Adem\u00e1s, uno de los miembros del proyecto, Jos\u00e9 Mar\u00eda Ortega Hern\u00e1ndez, estudiante de [...]","og_url":"https:\/\/www.icog.es\/redespa\/index.php\/green-moon-project-unico-proyecto-espanol-que-aspira-a-ir-a-la-luna\/","og_site_name":"REDESPA","article_publisher":"https:\/\/www.facebook.com\/REDESPA","article_author":"https:\/\/www.facebook.com\/jesus.martinez.frias","article_published_time":"2017-02-26T12:43:45+00:00","article_modified_time":"2019-05-22T15:20:57+00:00","og_image":[{"width":766,"height":326,"url":"https:\/\/www.icog.es\/redespa\/wp-content\/uploads\/2017\/02\/lunaconcursoespanabanner.gif","type":"image\/gif"}],"author":"Jes\u00fas Mart\u00ednez Fr\u00edas","twitter_card":"summary_large_image","twitter_creator":"@https:\/\/twitter.com\/J_MartinezFrias?lang=es","twitter_site":"@REDESPA1","twitter_misc":{"Escrito por":"Jes\u00fas Mart\u00ednez Fr\u00edas","Tiempo de lectura":"4 minutos"},"schema":{"@context":"https:\/\/schema.org","@graph":[{"@type":"Article","@id":"https:\/\/www.icog.es\/redespa\/index.php\/green-moon-project-unico-proyecto-espanol-que-aspira-a-ir-a-la-luna\/#article","isPartOf":{"@id":"https:\/\/www.icog.es\/redespa\/index.php\/green-moon-project-unico-proyecto-espanol-que-aspira-a-ir-a-la-luna\/"},"author":{"name":"Jes\u00fas Mart\u00ednez Fr\u00edas","@id":"https:\/\/www.icog.es\/redespa\/#\/schema\/person\/88a62c65120033dee987a25307df7994"},"headline":"Green Moon Project, \u00fanico proyecto espa\u00f1ol que aspira a ir a la Luna","datePublished":"2017-02-26T12:43:45+00:00","dateModified":"2019-05-22T15:20:57+00:00","mainEntityOfPage":{"@id":"https:\/\/www.icog.es\/redespa\/index.php\/green-moon-project-unico-proyecto-espanol-que-aspira-a-ir-a-la-luna\/"},"wordCount":743,"commentCount":3,"publisher":{"@id":"https:\/\/www.icog.es\/redespa\/#organization"},"image":{"@id":"https:\/\/www.icog.es\/redespa\/index.php\/green-moon-project-unico-proyecto-espanol-que-aspira-a-ir-a-la-luna\/#primaryimage"},"thumbnailUrl":"https:\/\/www.icog.es\/redespa\/wp-content\/uploads\/2017\/02\/lunaconcursoespanabanner.gif","keywords":["Concurso","Espa\u00f1a","Luna","Moon"],"articleSection":["Astrobiolog\u00eda","Concurso","Noticias"],"inLanguage":"es","potentialAction":[{"@type":"CommentAction","name":"Comment","target":["https:\/\/www.icog.es\/redespa\/index.php\/green-moon-project-unico-proyecto-espanol-que-aspira-a-ir-a-la-luna\/#respond"]}]},{"@type":"WebPage","@id":"https:\/\/www.icog.es\/redespa\/index.php\/green-moon-project-unico-proyecto-espanol-que-aspira-a-ir-a-la-luna\/","url":"https:\/\/www.icog.es\/redespa\/index.php\/green-moon-project-unico-proyecto-espanol-que-aspira-a-ir-a-la-luna\/","name":"Green Moon Project, \u00fanico proyecto espa\u00f1ol que aspira a ir a la Luna - REDESPA","isPartOf":{"@id":"https:\/\/www.icog.es\/redespa\/#website"},"primaryImageOfPage":{"@id":"https:\/\/www.icog.es\/redespa\/index.php\/green-moon-project-unico-proyecto-espanol-que-aspira-a-ir-a-la-luna\/#primaryimage"},"image":{"@id":"https:\/\/www.icog.es\/redespa\/index.php\/green-moon-project-unico-proyecto-espanol-que-aspira-a-ir-a-la-luna\/#primaryimage"},"thumbnailUrl":"https:\/\/www.icog.es\/redespa\/wp-content\/uploads\/2017\/02\/lunaconcursoespanabanner.gif","datePublished":"2017-02-26T12:43:45+00:00","dateModified":"2019-05-22T15:20:57+00:00","inLanguage":"es","potentialAction":[{"@type":"ReadAction","target":["https:\/\/www.icog.es\/redespa\/index.php\/green-moon-project-unico-proyecto-espanol-que-aspira-a-ir-a-la-luna\/"]}]},{"@type":"ImageObject","inLanguage":"es","@id":"https:\/\/www.icog.es\/redespa\/index.php\/green-moon-project-unico-proyecto-espanol-que-aspira-a-ir-a-la-luna\/#primaryimage","url":"https:\/\/www.icog.es\/redespa\/wp-content\/uploads\/2017\/02\/lunaconcursoespanabanner.gif","contentUrl":"https:\/\/www.icog.es\/redespa\/wp-content\/uploads\/2017\/02\/lunaconcursoespanabanner.gif","width":766,"height":326},{"@type":"WebSite","@id":"https:\/\/www.icog.es\/redespa\/#website","url":"https:\/\/www.icog.es\/redespa\/","name":"REDESPA","description":"Red Espa\u00f1ola de Planetolog\u00eda y Astrobiolog\u00eda","publisher":{"@id":"https:\/\/www.icog.es\/redespa\/#organization"},"potentialAction":[{"@type":"SearchAction","target":{"@type":"EntryPoint","urlTemplate":"https:\/\/www.icog.es\/redespa\/?s={search_term_string}"},"query-input":{"@type":"PropertyValueSpecification","valueRequired":true,"valueName":"search_term_string"}}],"inLanguage":"es"},{"@type":"Organization","@id":"https:\/\/www.icog.es\/redespa\/#organization","name":"Red Espa\u00f1ola de Planetolog\u00eda y Astrobiolog\u00eda","url":"https:\/\/www.icog.es\/redespa\/","logo":{"@type":"ImageObject","inLanguage":"es","@id":"https:\/\/www.icog.es\/redespa\/#\/schema\/logo\/image\/","url":"https:\/\/www.icog.es\/redespa\/wp-content\/uploads\/2019\/05\/logoredespa12.jpg","contentUrl":"https:\/\/www.icog.es\/redespa\/wp-content\/uploads\/2019\/05\/logoredespa12.jpg","width":484,"height":100,"caption":"Red Espa\u00f1ola de Planetolog\u00eda y Astrobiolog\u00eda"},"image":{"@id":"https:\/\/www.icog.es\/redespa\/#\/schema\/logo\/image\/"},"sameAs":["https:\/\/www.facebook.com\/REDESPA","https:\/\/x.com\/REDESPA1","https:\/\/www.linkedin.com\/company\/316636","https:\/\/www.youtube.com\/channel\/UCbe-LMDt_tDeS6ZbnrVt8SA"]},{"@type":"Person","@id":"https:\/\/www.icog.es\/redespa\/#\/schema\/person\/88a62c65120033dee987a25307df7994","name":"Jes\u00fas Mart\u00ednez Fr\u00edas","image":{"@type":"ImageObject","inLanguage":"es","@id":"https:\/\/secure.gravatar.com\/avatar\/1b71ddb4ffac7eee9c7155b078e3736178b971380f39efea0eeb91776525885c?s=96&d=mm&r=g","url":"https:\/\/secure.gravatar.com\/avatar\/1b71ddb4ffac7eee9c7155b078e3736178b971380f39efea0eeb91776525885c?s=96&d=mm&r=g","contentUrl":"https:\/\/secure.gravatar.com\/avatar\/1b71ddb4ffac7eee9c7155b078e3736178b971380f39efea0eeb91776525885c?s=96&d=mm&r=g","caption":"Jes\u00fas Mart\u00ednez Fr\u00edas"},"description":"- Senior Scientist, IGEO (CSIC-UCM) - Head, CSIC's Research Group \"Meteorites and Planetary Geosciences\" - Science Team Member, NASA-MSL, ESA-ExoMars and MARS2020 - Collaborator, ESA-BIOMEX - Founder and Director, Spanish Planetology and Astrobiology Network (REDESPA) - Professor \"Ad Honorem\" of Planetary Geochemistry, ETSII (Polytechnic University of Madrid) - Chair, IUGS Commission on Geoscience Education, Training and Technology Transfer (IUGS-COGE) - President, International Association for Geoethics (IAGETH) - OC Member, International Commission on Astrobiology, IAU - Science Officer (Origins and Astrobiology) EGU Division of Planetary and Solar System Sciences - Councilor, European Astrobiology Network Association - Goodwill Ambassador, Geological Society of Africa - Coordinator of AGID National Chapter in Spain (mainly devoted to Geoethics) - National Focal Point, Earth Science Matters - Senior Advisory Board Member, Arabian Geosciences Union (AraGU) - Former Regional Coordinator in Spain, TPS-Spain, The Planetary Society - Founder and Former Head (CSIC), Associate Unit (CSIC-University of Valladolid) \"Spectroscopy in Cosmogeochemistry and Astrobiology\" - Former Head, Department of Planetology and Habitability, Centro de Astrobiologia, CSIC-INTA, associated to the NASA Astrobiology Institute) - Former Head of the Planetary Geology Laboratory, CAB (CSIC\/INTA), associated to the NASA Astrobiology Institute - Ex-Vice Chairman of the United Nations Commission on Science and Technology for Development (UNCSTD). - Former Expert Member of the UN (ECOSOC) Committee on Natural Resources representing Western European Countries","sameAs":["http:\/\/tierra.rediris.es\/jmfrias\/","https:\/\/www.facebook.com\/jesus.martinez.frias","https:\/\/es.linkedin.com\/pub\/jes%C3%BAs-mart%C3%ADnez-fr%C3%ADas\/14\/38\/289","https:\/\/x.com\/https:\/\/twitter.com\/J_MartinezFrias?lang=es"],"url":"https:\/\/www.icog.es\/redespa\/index.php\/author\/jmfrias\/"}]}},"amp_enabled":true,"_links":{"self":[{"href":"https:\/\/www.icog.es\/redespa\/index.php\/wp-json\/wp\/v2\/posts\/1441","targetHints":{"allow":["GET"]}}],"collection":[{"href":"https:\/\/www.icog.es\/redespa\/index.php\/wp-json\/wp\/v2\/posts"}],"about":[{"href":"https:\/\/www.icog.es\/redespa\/index.php\/wp-json\/wp\/v2\/types\/post"}],"author":[{"embeddable":true,"href":"https:\/\/www.icog.es\/redespa\/index.php\/wp-json\/wp\/v2\/users\/2"}],"replies":[{"embeddable":true,"href":"https:\/\/www.icog.es\/redespa\/index.php\/wp-json\/wp\/v2\/comments?post=1441"}],"version-history":[{"count":2,"href":"https:\/\/www.icog.es\/redespa\/index.php\/wp-json\/wp\/v2\/posts\/1441\/revisions"}],"predecessor-version":[{"id":1678,"href":"https:\/\/www.icog.es\/redespa\/index.php\/wp-json\/wp\/v2\/posts\/1441\/revisions\/1678"}],"wp:featuredmedia":[{"embeddable":true,"href":"https:\/\/www.icog.es\/redespa\/index.php\/wp-json\/wp\/v2\/media\/1443"}],"wp:attachment":[{"href":"https:\/\/www.icog.es\/redespa\/index.php\/wp-json\/wp\/v2\/media?parent=1441"}],"wp:term":[{"taxonomy":"category","embeddable":true,"href":"https:\/\/www.icog.es\/redespa\/index.php\/wp-json\/wp\/v2\/categories?post=1441"},{"taxonomy":"post_tag","embeddable":true,"href":"https:\/\/www.icog.es\/redespa\/index.php\/wp-json\/wp\/v2\/tags?post=1441"}],"curies":[{"name":"wp","href":"https:\/\/api.w.org\/{rel}","templated":true}]}}