{"id":1098,"date":"2015-10-23T23:02:52","date_gmt":"2015-10-23T21:02:52","guid":{"rendered":"http:\/\/www.icog.es\/redespa\/?p=1098"},"modified":"2019-05-23T17:05:06","modified_gmt":"2019-05-23T15:05:06","slug":"planetologia-en-verso-marte-bien-vale-un-poema","status":"publish","type":"post","link":"https:\/\/www.icog.es\/redespa\/index.php\/planetologia-en-verso-marte-bien-vale-un-poema\/","title":{"rendered":"Planetolog\u00eda en verso &#8211; Marte bien vale un poema"},"content":{"rendered":"<p><strong><a href=\"https:\/\/www.icog.es\/redespa\/wp-content\/uploads\/2015\/10\/iftylroaoeej16deefkn.jpg\"><img decoding=\"async\" class=\"alignleft wp-image-1100\" src=\"https:\/\/www.icog.es\/redespa\/wp-content\/uploads\/2015\/10\/iftylroaoeej16deefkn-300x169.jpg\" alt=\"iftylroaoeej16deefkn\" width=\"243\" height=\"137\" srcset=\"https:\/\/www.icog.es\/redespa\/wp-content\/uploads\/2015\/10\/iftylroaoeej16deefkn-300x169.jpg 300w, https:\/\/www.icog.es\/redespa\/wp-content\/uploads\/2015\/10\/iftylroaoeej16deefkn-720x405.jpg 720w, https:\/\/www.icog.es\/redespa\/wp-content\/uploads\/2015\/10\/iftylroaoeej16deefkn-1024x576.jpg 1024w, https:\/\/www.icog.es\/redespa\/wp-content\/uploads\/2015\/10\/iftylroaoeej16deefkn.jpg 1920w\" sizes=\"(max-width: 243px) 100vw, 243px\" \/><\/a><\/strong>Hace poco concluy\u00f3 el Concurso organizado por el ICOG en colaboraci\u00f3n con REDESPA\u00a0<a href=\"http:\/\/www.icog.es\/cursos\/index.php\/concurso-por-que-es-importante-investigar-marte\/\">\u00bfPor qu\u00e9 es importante investigar Marte?<\/a>\u00a0Tal y como indicamos el pasado 21 de octubre, la ganadora fue Cristina Robas Garc\u00eda presentando un <a href=\"http:\/\/www.icog.es\/cursos\/index.php\/cristina-robas-garcia-gana-el-concurso-por-que-es-importante-investigar-marte\/\">texto y unas palabras clave sobre el tema<\/a>, de acuerdo con los requerimientos y siguiendo y respetando las directrices y las normas. \u00a1Felicidades de nuevo Cristina!<\/p>\n<p>Uno de los concursantes, un estudiante de Ciencias Qu\u00edmicas de la Universidad Jaume I (Castell\u00f3n) no sigui\u00f3 el formato habitual y tuvo la idea de elaborar un texto en el que se expresara en verso lo que para \u00e9l significaba la investigaci\u00f3n del planeta rojo.<\/p>\n<p>No gan\u00f3, pero desde REDESPA pensamos que el esfuerzo realizado y la originalidad de la idea, tambi\u00e9n merece ser publicada y difundida en nuestra web. Esperamos que os guste y que, tal vez, pueda ser el comienzo de una serie de otras obras similares sobre distintas tem\u00e1ticas relacionadas con la Planetolog\u00eda y Astrobiolog\u00eda.<\/p>\n<p>&nbsp;<\/p>\n<p style=\"text-align: center;\"><strong>\u00bfPor qu\u00e9 es importante investigar Marte?<\/strong><\/p>\n<p style=\"text-align: center;\"><em>Marte es muy importante\u00a0<\/em><br \/>\n<em> y no lo sabe mucha gente,\u00a0<\/em><br \/>\n<em> mirar hacia adelante\u00a0<\/em><br \/>\n<em> es avanzar en nuestra mente.<\/em><br \/>\n<em> &#8211; &#8211; &#8211;<\/em><br \/>\n<em> Hay cosas que no comprendo<\/em><br \/>\n<em> y la respuesta est\u00e1 en el d\u00eda a d\u00eda,<\/em><br \/>\n<em> es interesante las cosas que aprendo<\/em><br \/>\n<em> con un buen curso de geolog\u00eda.\u00a0<\/em><br \/>\n<em> &#8211; &#8211; &#8211;<\/em><br \/>\n<em> Gracias estudiantes de esta ciencia<\/em><br \/>\n<em> que ayud\u00e1is en la investigaci\u00f3n,<\/em><br \/>\n<em> hace falta tener paciencia<\/em><br \/>\n<em> y un af\u00e1n de superaci\u00f3n.<\/em><br \/>\n<em> &#8211; &#8211; &#8211;<\/em><br \/>\n<em> Comprender nuestro entorno<\/em><br \/>\n<em> es de vital importancia,<\/em><br \/>\n<em> para hablar del contexto que formo<\/em><br \/>\n<em> y salir de la ignorancia.<\/em><br \/>\n<em> &#8211; &#8211; &#8211;<\/em><br \/>\n<em> Que dif\u00edcil es sobreponerse\u00a0<\/em><br \/>\n<em> cuando no hay buena pol\u00edtica ni educaci\u00f3n,<\/em><br \/>\n<em> el pa\u00eds llega a mantenerse<\/em><br \/>\n<em> por el esp\u00edritu cient\u00edfico y su dedicaci\u00f3n.<\/em><br \/>\n<em> &#8211; &#8211; &#8211;<\/em><br \/>\n<em> El robot que se hab\u00eda enviado<\/em><br \/>\n<em> analiza condiciones de habitabilidad,<\/em><br \/>\n<em> el Curiosity as\u00ed ha sido dise\u00f1ado<\/em><br \/>\n<em> pese a medios que desinforman con cierta habilidad.<\/em><br \/>\n<em> &#8211; &#8211; &#8211;<\/em><br \/>\n<em> La demagogia nos enfrenta a los viajes espaciales<\/em><br \/>\n<em> con los problemas serios de la humanidad,<\/em><br \/>\n<em> hay que informarse de lo que generan esos avances<\/em><br \/>\n<em> y los retornos tecnol\u00f3gicos para esta sociedad.<\/em><br \/>\n<em> &#8211; &#8211; &#8211;<\/em><br \/>\n<em> La \u00e9tica y la rigurosidad en comunicaci\u00f3n<\/em><br \/>\n<em> se encuentran infravaloradas y no lo admiten,<\/em><br \/>\n<em> para algunos medios de difusi\u00f3n<\/em><br \/>\n<em> que tan interesadamente lo transmiten.<\/em><br \/>\n<em> &#8211; &#8211; &#8211;<\/em><br \/>\n<em> El objetivo de esta investigaci\u00f3n<\/em><br \/>\n<em> est\u00e1 en el progreso que nos aporta,<\/em><br \/>\n<em> apreciar cu\u00e1l es la soluci\u00f3n<\/em><br \/>\n<em> y la lista de preguntas que acorta.<\/em><br \/>\n<em> &#8211; &#8211; &#8211;<\/em><br \/>\n<em> En Espa\u00f1a se eval\u00faa la validez de modelos<\/em><br \/>\n<em> sobre an\u00e1logos de Marte en investigaci\u00f3n,\u00a0<\/em><br \/>\n<em> lo permite la rica geodiversidad de los suelos<\/em><br \/>\n<em> y lo dirige una excelente organizaci\u00f3n.<\/em><br \/>\n<em> &#8211; &#8211; &#8211;<\/em><\/p>\n<p style=\"text-align: center;\"><em>Las \u201cciencias del espacio\u201d\u00a0<\/em><br \/>\n<em> cubren m\u00e1s de una disciplina<\/em><br \/>\n<em> qu\u00e9 importante es la cultura<\/em><br \/>\n<em> aunque a veces se lastima.<\/em><br \/>\n<em> &#8211; &#8211; &#8211;<\/em><br \/>\n<em> Lo que se necesita es una persona responsable<\/em><br \/>\n<em> con \u00e9tica y que contribuya en la educaci\u00f3n,<\/em><br \/>\n<em> es el \u00fanico camino digno y loable\u00a0<\/em><br \/>\n<em> para apreciar la labor de la investigaci\u00f3n.<\/em><br \/>\n&#8211; &#8211; &#8211;<br \/>\n<em><strong>Luis Marco Ferrer<\/strong><\/em><\/p>\n","protected":false},"excerpt":{"rendered":"<p>Hace poco concluy\u00f3 el Concurso organizado por el ICOG en colaboraci\u00f3n con REDESPA\u00a0\u00bfPor qu\u00e9 es importante investigar Marte?\u00a0Tal y como indicamos el pasado 21 de octubre, la ganadora fue Cristina Robas Garc\u00eda presentando un texto  [&#8230;]<\/p>\n","protected":false},"author":2,"featured_media":1100,"comment_status":"open","ping_status":"open","sticky":false,"template":"","format":"standard","meta":{"footnotes":""},"categories":[19,234,14,23,159],"tags":[310,8,18,309,35,308],"class_list":["post-1098","post","type-post","status-publish","format-standard","has-post-thumbnail","hentry","category-colaboraciones","category-concurso","category-noticias","category-planetologia","category-premio","tag-castellon","tag-icog","tag-marte","tag-poema","tag-redespa","tag-verso"],"yoast_head":"<!-- This site is optimized with the Yoast SEO plugin v27.3 - https:\/\/yoast.com\/product\/yoast-seo-wordpress\/ -->\r\n<title>Planetolog\u00eda en verso - Marte bien vale un poema - REDESPA<\/title>\r\n<meta name=\"robots\" content=\"index, follow, max-snippet:-1, max-image-preview:large, max-video-preview:-1\" \/>\r\n<link rel=\"canonical\" href=\"https:\/\/www.icog.es\/redespa\/index.php\/planetologia-en-verso-marte-bien-vale-un-poema\/\" \/>\r\n<meta property=\"og:locale\" content=\"es_ES\" \/>\r\n<meta property=\"og:type\" content=\"article\" \/>\r\n<meta property=\"og:title\" content=\"Planetolog\u00eda en verso - Marte bien vale un poema - REDESPA\" \/>\r\n<meta property=\"og:description\" content=\"Hace poco concluy\u00f3 el Concurso organizado por el ICOG en colaboraci\u00f3n con REDESPA\u00a0\u00bfPor qu\u00e9 es importante investigar Marte?\u00a0Tal y como indicamos el pasado 21 de octubre, la ganadora fue Cristina Robas Garc\u00eda presentando un texto [...]\" \/>\r\n<meta property=\"og:url\" content=\"https:\/\/www.icog.es\/redespa\/index.php\/planetologia-en-verso-marte-bien-vale-un-poema\/\" \/>\r\n<meta property=\"og:site_name\" content=\"REDESPA\" \/>\r\n<meta property=\"article:publisher\" content=\"https:\/\/www.facebook.com\/REDESPA\" \/>\r\n<meta property=\"article:author\" content=\"https:\/\/www.facebook.com\/jesus.martinez.frias\" \/>\r\n<meta property=\"article:published_time\" content=\"2015-10-23T21:02:52+00:00\" \/>\r\n<meta property=\"article:modified_time\" content=\"2019-05-23T15:05:06+00:00\" \/>\r\n<meta property=\"og:image\" content=\"https:\/\/www.icog.es\/redespa\/wp-content\/uploads\/2015\/10\/iftylroaoeej16deefkn.jpg\" \/>\r\n\t<meta property=\"og:image:width\" content=\"1920\" \/>\r\n\t<meta property=\"og:image:height\" content=\"1080\" \/>\r\n\t<meta property=\"og:image:type\" content=\"image\/jpeg\" \/>\r\n<meta name=\"author\" content=\"Jes\u00fas Mart\u00ednez Fr\u00edas\" \/>\r\n<meta name=\"twitter:card\" content=\"summary_large_image\" \/>\r\n<meta name=\"twitter:creator\" content=\"@https:\/\/twitter.com\/J_MartinezFrias?lang=es\" \/>\r\n<meta name=\"twitter:site\" content=\"@REDESPA1\" \/>\r\n<meta name=\"twitter:label1\" content=\"Escrito por\" \/>\n\t<meta name=\"twitter:data1\" content=\"Jes\u00fas Mart\u00ednez Fr\u00edas\" \/>\n\t<meta name=\"twitter:label2\" content=\"Tiempo de lectura\" \/>\n\t<meta name=\"twitter:data2\" content=\"3 minutos\" \/>\r\n<script type=\"application\/ld+json\" class=\"yoast-schema-graph\">{\"@context\":\"https:\\\/\\\/schema.org\",\"@graph\":[{\"@type\":\"Article\",\"@id\":\"https:\\\/\\\/www.icog.es\\\/redespa\\\/index.php\\\/planetologia-en-verso-marte-bien-vale-un-poema\\\/#article\",\"isPartOf\":{\"@id\":\"https:\\\/\\\/www.icog.es\\\/redespa\\\/index.php\\\/planetologia-en-verso-marte-bien-vale-un-poema\\\/\"},\"author\":{\"name\":\"Jes\u00fas Mart\u00ednez Fr\u00edas\",\"@id\":\"https:\\\/\\\/www.icog.es\\\/redespa\\\/#\\\/schema\\\/person\\\/88a62c65120033dee987a25307df7994\"},\"headline\":\"Planetolog\u00eda en verso &#8211; Marte bien vale un poema\",\"datePublished\":\"2015-10-23T21:02:52+00:00\",\"dateModified\":\"2019-05-23T15:05:06+00:00\",\"mainEntityOfPage\":{\"@id\":\"https:\\\/\\\/www.icog.es\\\/redespa\\\/index.php\\\/planetologia-en-verso-marte-bien-vale-un-poema\\\/\"},\"wordCount\":538,\"commentCount\":0,\"publisher\":{\"@id\":\"https:\\\/\\\/www.icog.es\\\/redespa\\\/#organization\"},\"image\":{\"@id\":\"https:\\\/\\\/www.icog.es\\\/redespa\\\/index.php\\\/planetologia-en-verso-marte-bien-vale-un-poema\\\/#primaryimage\"},\"thumbnailUrl\":\"https:\\\/\\\/www.icog.es\\\/redespa\\\/wp-content\\\/uploads\\\/2015\\\/10\\\/iftylroaoeej16deefkn.jpg\",\"keywords\":[\"Castell\u00f3n\",\"icog\",\"marte\",\"Poema\",\"REDESPA\",\"Verso\"],\"articleSection\":[\"Colaboraciones\",\"Concurso\",\"Noticias\",\"Planetolog\u00eda\",\"Premio\"],\"inLanguage\":\"es\",\"potentialAction\":[{\"@type\":\"CommentAction\",\"name\":\"Comment\",\"target\":[\"https:\\\/\\\/www.icog.es\\\/redespa\\\/index.php\\\/planetologia-en-verso-marte-bien-vale-un-poema\\\/#respond\"]}]},{\"@type\":\"WebPage\",\"@id\":\"https:\\\/\\\/www.icog.es\\\/redespa\\\/index.php\\\/planetologia-en-verso-marte-bien-vale-un-poema\\\/\",\"url\":\"https:\\\/\\\/www.icog.es\\\/redespa\\\/index.php\\\/planetologia-en-verso-marte-bien-vale-un-poema\\\/\",\"name\":\"Planetolog\u00eda en verso - Marte bien vale un poema - REDESPA\",\"isPartOf\":{\"@id\":\"https:\\\/\\\/www.icog.es\\\/redespa\\\/#website\"},\"primaryImageOfPage\":{\"@id\":\"https:\\\/\\\/www.icog.es\\\/redespa\\\/index.php\\\/planetologia-en-verso-marte-bien-vale-un-poema\\\/#primaryimage\"},\"image\":{\"@id\":\"https:\\\/\\\/www.icog.es\\\/redespa\\\/index.php\\\/planetologia-en-verso-marte-bien-vale-un-poema\\\/#primaryimage\"},\"thumbnailUrl\":\"https:\\\/\\\/www.icog.es\\\/redespa\\\/wp-content\\\/uploads\\\/2015\\\/10\\\/iftylroaoeej16deefkn.jpg\",\"datePublished\":\"2015-10-23T21:02:52+00:00\",\"dateModified\":\"2019-05-23T15:05:06+00:00\",\"inLanguage\":\"es\",\"potentialAction\":[{\"@type\":\"ReadAction\",\"target\":[\"https:\\\/\\\/www.icog.es\\\/redespa\\\/index.php\\\/planetologia-en-verso-marte-bien-vale-un-poema\\\/\"]}]},{\"@type\":\"ImageObject\",\"inLanguage\":\"es\",\"@id\":\"https:\\\/\\\/www.icog.es\\\/redespa\\\/index.php\\\/planetologia-en-verso-marte-bien-vale-un-poema\\\/#primaryimage\",\"url\":\"https:\\\/\\\/www.icog.es\\\/redespa\\\/wp-content\\\/uploads\\\/2015\\\/10\\\/iftylroaoeej16deefkn.jpg\",\"contentUrl\":\"https:\\\/\\\/www.icog.es\\\/redespa\\\/wp-content\\\/uploads\\\/2015\\\/10\\\/iftylroaoeej16deefkn.jpg\",\"width\":1920,\"height\":1080},{\"@type\":\"WebSite\",\"@id\":\"https:\\\/\\\/www.icog.es\\\/redespa\\\/#website\",\"url\":\"https:\\\/\\\/www.icog.es\\\/redespa\\\/\",\"name\":\"REDESPA\",\"description\":\"Red Espa\u00f1ola de Planetolog\u00eda y Astrobiolog\u00eda\",\"publisher\":{\"@id\":\"https:\\\/\\\/www.icog.es\\\/redespa\\\/#organization\"},\"potentialAction\":[{\"@type\":\"SearchAction\",\"target\":{\"@type\":\"EntryPoint\",\"urlTemplate\":\"https:\\\/\\\/www.icog.es\\\/redespa\\\/?s={search_term_string}\"},\"query-input\":{\"@type\":\"PropertyValueSpecification\",\"valueRequired\":true,\"valueName\":\"search_term_string\"}}],\"inLanguage\":\"es\"},{\"@type\":\"Organization\",\"@id\":\"https:\\\/\\\/www.icog.es\\\/redespa\\\/#organization\",\"name\":\"Red Espa\u00f1ola de Planetolog\u00eda y Astrobiolog\u00eda\",\"url\":\"https:\\\/\\\/www.icog.es\\\/redespa\\\/\",\"logo\":{\"@type\":\"ImageObject\",\"inLanguage\":\"es\",\"@id\":\"https:\\\/\\\/www.icog.es\\\/redespa\\\/#\\\/schema\\\/logo\\\/image\\\/\",\"url\":\"https:\\\/\\\/www.icog.es\\\/redespa\\\/wp-content\\\/uploads\\\/2019\\\/05\\\/logoredespa12.jpg\",\"contentUrl\":\"https:\\\/\\\/www.icog.es\\\/redespa\\\/wp-content\\\/uploads\\\/2019\\\/05\\\/logoredespa12.jpg\",\"width\":484,\"height\":100,\"caption\":\"Red Espa\u00f1ola de Planetolog\u00eda y Astrobiolog\u00eda\"},\"image\":{\"@id\":\"https:\\\/\\\/www.icog.es\\\/redespa\\\/#\\\/schema\\\/logo\\\/image\\\/\"},\"sameAs\":[\"https:\\\/\\\/www.facebook.com\\\/REDESPA\",\"https:\\\/\\\/x.com\\\/REDESPA1\",\"https:\\\/\\\/www.linkedin.com\\\/company\\\/316636\",\"https:\\\/\\\/www.youtube.com\\\/channel\\\/UCbe-LMDt_tDeS6ZbnrVt8SA\"]},{\"@type\":\"Person\",\"@id\":\"https:\\\/\\\/www.icog.es\\\/redespa\\\/#\\\/schema\\\/person\\\/88a62c65120033dee987a25307df7994\",\"name\":\"Jes\u00fas Mart\u00ednez Fr\u00edas\",\"image\":{\"@type\":\"ImageObject\",\"inLanguage\":\"es\",\"@id\":\"https:\\\/\\\/secure.gravatar.com\\\/avatar\\\/1b71ddb4ffac7eee9c7155b078e3736178b971380f39efea0eeb91776525885c?s=96&d=mm&r=g\",\"url\":\"https:\\\/\\\/secure.gravatar.com\\\/avatar\\\/1b71ddb4ffac7eee9c7155b078e3736178b971380f39efea0eeb91776525885c?s=96&d=mm&r=g\",\"contentUrl\":\"https:\\\/\\\/secure.gravatar.com\\\/avatar\\\/1b71ddb4ffac7eee9c7155b078e3736178b971380f39efea0eeb91776525885c?s=96&d=mm&r=g\",\"caption\":\"Jes\u00fas Mart\u00ednez Fr\u00edas\"},\"description\":\"- Senior Scientist, IGEO (CSIC-UCM) - Head, CSIC's Research Group \\\"Meteorites and Planetary Geosciences\\\" - Science Team Member, NASA-MSL, ESA-ExoMars and MARS2020 - Collaborator, ESA-BIOMEX - Founder and Director, Spanish Planetology and Astrobiology Network (REDESPA) - Professor \\\"Ad Honorem\\\" of Planetary Geochemistry, ETSII (Polytechnic University of Madrid) - Chair, IUGS Commission on Geoscience Education, Training and Technology Transfer (IUGS-COGE) - President, International Association for Geoethics (IAGETH) - OC Member, International Commission on Astrobiology, IAU - Science Officer (Origins and Astrobiology) EGU Division of Planetary and Solar System Sciences - Councilor, European Astrobiology Network Association - Goodwill Ambassador, Geological Society of Africa - Coordinator of AGID National Chapter in Spain (mainly devoted to Geoethics) - National Focal Point, Earth Science Matters - Senior Advisory Board Member, Arabian Geosciences Union (AraGU) - Former Regional Coordinator in Spain, TPS-Spain, The Planetary Society - Founder and Former Head (CSIC), Associate Unit (CSIC-University of Valladolid) \\\"Spectroscopy in Cosmogeochemistry and Astrobiology\\\" - Former Head, Department of Planetology and Habitability, Centro de Astrobiologia, CSIC-INTA, associated to the NASA Astrobiology Institute) - Former Head of the Planetary Geology Laboratory, CAB (CSIC\\\/INTA), associated to the NASA Astrobiology Institute - Ex-Vice Chairman of the United Nations Commission on Science and Technology for Development (UNCSTD). - Former Expert Member of the UN (ECOSOC) Committee on Natural Resources representing Western European Countries\",\"sameAs\":[\"http:\\\/\\\/tierra.rediris.es\\\/jmfrias\\\/\",\"https:\\\/\\\/www.facebook.com\\\/jesus.martinez.frias\",\"https:\\\/\\\/es.linkedin.com\\\/pub\\\/jes%C3%BAs-mart%C3%ADnez-fr%C3%ADas\\\/14\\\/38\\\/289\",\"https:\\\/\\\/x.com\\\/https:\\\/\\\/twitter.com\\\/J_MartinezFrias?lang=es\"],\"url\":\"https:\\\/\\\/www.icog.es\\\/redespa\\\/index.php\\\/author\\\/jmfrias\\\/\"}]}<\/script>\r\n<!-- \/ Yoast SEO plugin. -->","yoast_head_json":{"title":"Planetolog\u00eda en verso - Marte bien vale un poema - REDESPA","robots":{"index":"index","follow":"follow","max-snippet":"max-snippet:-1","max-image-preview":"max-image-preview:large","max-video-preview":"max-video-preview:-1"},"canonical":"https:\/\/www.icog.es\/redespa\/index.php\/planetologia-en-verso-marte-bien-vale-un-poema\/","og_locale":"es_ES","og_type":"article","og_title":"Planetolog\u00eda en verso - Marte bien vale un poema - REDESPA","og_description":"Hace poco concluy\u00f3 el Concurso organizado por el ICOG en colaboraci\u00f3n con REDESPA\u00a0\u00bfPor qu\u00e9 es importante investigar Marte?\u00a0Tal y como indicamos el pasado 21 de octubre, la ganadora fue Cristina Robas Garc\u00eda presentando un texto [...]","og_url":"https:\/\/www.icog.es\/redespa\/index.php\/planetologia-en-verso-marte-bien-vale-un-poema\/","og_site_name":"REDESPA","article_publisher":"https:\/\/www.facebook.com\/REDESPA","article_author":"https:\/\/www.facebook.com\/jesus.martinez.frias","article_published_time":"2015-10-23T21:02:52+00:00","article_modified_time":"2019-05-23T15:05:06+00:00","og_image":[{"width":1920,"height":1080,"url":"https:\/\/www.icog.es\/redespa\/wp-content\/uploads\/2015\/10\/iftylroaoeej16deefkn.jpg","type":"image\/jpeg"}],"author":"Jes\u00fas Mart\u00ednez Fr\u00edas","twitter_card":"summary_large_image","twitter_creator":"@https:\/\/twitter.com\/J_MartinezFrias?lang=es","twitter_site":"@REDESPA1","twitter_misc":{"Escrito por":"Jes\u00fas Mart\u00ednez Fr\u00edas","Tiempo de lectura":"3 minutos"},"schema":{"@context":"https:\/\/schema.org","@graph":[{"@type":"Article","@id":"https:\/\/www.icog.es\/redespa\/index.php\/planetologia-en-verso-marte-bien-vale-un-poema\/#article","isPartOf":{"@id":"https:\/\/www.icog.es\/redespa\/index.php\/planetologia-en-verso-marte-bien-vale-un-poema\/"},"author":{"name":"Jes\u00fas Mart\u00ednez Fr\u00edas","@id":"https:\/\/www.icog.es\/redespa\/#\/schema\/person\/88a62c65120033dee987a25307df7994"},"headline":"Planetolog\u00eda en verso &#8211; Marte bien vale un poema","datePublished":"2015-10-23T21:02:52+00:00","dateModified":"2019-05-23T15:05:06+00:00","mainEntityOfPage":{"@id":"https:\/\/www.icog.es\/redespa\/index.php\/planetologia-en-verso-marte-bien-vale-un-poema\/"},"wordCount":538,"commentCount":0,"publisher":{"@id":"https:\/\/www.icog.es\/redespa\/#organization"},"image":{"@id":"https:\/\/www.icog.es\/redespa\/index.php\/planetologia-en-verso-marte-bien-vale-un-poema\/#primaryimage"},"thumbnailUrl":"https:\/\/www.icog.es\/redespa\/wp-content\/uploads\/2015\/10\/iftylroaoeej16deefkn.jpg","keywords":["Castell\u00f3n","icog","marte","Poema","REDESPA","Verso"],"articleSection":["Colaboraciones","Concurso","Noticias","Planetolog\u00eda","Premio"],"inLanguage":"es","potentialAction":[{"@type":"CommentAction","name":"Comment","target":["https:\/\/www.icog.es\/redespa\/index.php\/planetologia-en-verso-marte-bien-vale-un-poema\/#respond"]}]},{"@type":"WebPage","@id":"https:\/\/www.icog.es\/redespa\/index.php\/planetologia-en-verso-marte-bien-vale-un-poema\/","url":"https:\/\/www.icog.es\/redespa\/index.php\/planetologia-en-verso-marte-bien-vale-un-poema\/","name":"Planetolog\u00eda en verso - Marte bien vale un poema - REDESPA","isPartOf":{"@id":"https:\/\/www.icog.es\/redespa\/#website"},"primaryImageOfPage":{"@id":"https:\/\/www.icog.es\/redespa\/index.php\/planetologia-en-verso-marte-bien-vale-un-poema\/#primaryimage"},"image":{"@id":"https:\/\/www.icog.es\/redespa\/index.php\/planetologia-en-verso-marte-bien-vale-un-poema\/#primaryimage"},"thumbnailUrl":"https:\/\/www.icog.es\/redespa\/wp-content\/uploads\/2015\/10\/iftylroaoeej16deefkn.jpg","datePublished":"2015-10-23T21:02:52+00:00","dateModified":"2019-05-23T15:05:06+00:00","inLanguage":"es","potentialAction":[{"@type":"ReadAction","target":["https:\/\/www.icog.es\/redespa\/index.php\/planetologia-en-verso-marte-bien-vale-un-poema\/"]}]},{"@type":"ImageObject","inLanguage":"es","@id":"https:\/\/www.icog.es\/redespa\/index.php\/planetologia-en-verso-marte-bien-vale-un-poema\/#primaryimage","url":"https:\/\/www.icog.es\/redespa\/wp-content\/uploads\/2015\/10\/iftylroaoeej16deefkn.jpg","contentUrl":"https:\/\/www.icog.es\/redespa\/wp-content\/uploads\/2015\/10\/iftylroaoeej16deefkn.jpg","width":1920,"height":1080},{"@type":"WebSite","@id":"https:\/\/www.icog.es\/redespa\/#website","url":"https:\/\/www.icog.es\/redespa\/","name":"REDESPA","description":"Red Espa\u00f1ola de Planetolog\u00eda y Astrobiolog\u00eda","publisher":{"@id":"https:\/\/www.icog.es\/redespa\/#organization"},"potentialAction":[{"@type":"SearchAction","target":{"@type":"EntryPoint","urlTemplate":"https:\/\/www.icog.es\/redespa\/?s={search_term_string}"},"query-input":{"@type":"PropertyValueSpecification","valueRequired":true,"valueName":"search_term_string"}}],"inLanguage":"es"},{"@type":"Organization","@id":"https:\/\/www.icog.es\/redespa\/#organization","name":"Red Espa\u00f1ola de Planetolog\u00eda y Astrobiolog\u00eda","url":"https:\/\/www.icog.es\/redespa\/","logo":{"@type":"ImageObject","inLanguage":"es","@id":"https:\/\/www.icog.es\/redespa\/#\/schema\/logo\/image\/","url":"https:\/\/www.icog.es\/redespa\/wp-content\/uploads\/2019\/05\/logoredespa12.jpg","contentUrl":"https:\/\/www.icog.es\/redespa\/wp-content\/uploads\/2019\/05\/logoredespa12.jpg","width":484,"height":100,"caption":"Red Espa\u00f1ola de Planetolog\u00eda y Astrobiolog\u00eda"},"image":{"@id":"https:\/\/www.icog.es\/redespa\/#\/schema\/logo\/image\/"},"sameAs":["https:\/\/www.facebook.com\/REDESPA","https:\/\/x.com\/REDESPA1","https:\/\/www.linkedin.com\/company\/316636","https:\/\/www.youtube.com\/channel\/UCbe-LMDt_tDeS6ZbnrVt8SA"]},{"@type":"Person","@id":"https:\/\/www.icog.es\/redespa\/#\/schema\/person\/88a62c65120033dee987a25307df7994","name":"Jes\u00fas Mart\u00ednez Fr\u00edas","image":{"@type":"ImageObject","inLanguage":"es","@id":"https:\/\/secure.gravatar.com\/avatar\/1b71ddb4ffac7eee9c7155b078e3736178b971380f39efea0eeb91776525885c?s=96&d=mm&r=g","url":"https:\/\/secure.gravatar.com\/avatar\/1b71ddb4ffac7eee9c7155b078e3736178b971380f39efea0eeb91776525885c?s=96&d=mm&r=g","contentUrl":"https:\/\/secure.gravatar.com\/avatar\/1b71ddb4ffac7eee9c7155b078e3736178b971380f39efea0eeb91776525885c?s=96&d=mm&r=g","caption":"Jes\u00fas Mart\u00ednez Fr\u00edas"},"description":"- Senior Scientist, IGEO (CSIC-UCM) - Head, CSIC's Research Group \"Meteorites and Planetary Geosciences\" - Science Team Member, NASA-MSL, ESA-ExoMars and MARS2020 - Collaborator, ESA-BIOMEX - Founder and Director, Spanish Planetology and Astrobiology Network (REDESPA) - Professor \"Ad Honorem\" of Planetary Geochemistry, ETSII (Polytechnic University of Madrid) - Chair, IUGS Commission on Geoscience Education, Training and Technology Transfer (IUGS-COGE) - President, International Association for Geoethics (IAGETH) - OC Member, International Commission on Astrobiology, IAU - Science Officer (Origins and Astrobiology) EGU Division of Planetary and Solar System Sciences - Councilor, European Astrobiology Network Association - Goodwill Ambassador, Geological Society of Africa - Coordinator of AGID National Chapter in Spain (mainly devoted to Geoethics) - National Focal Point, Earth Science Matters - Senior Advisory Board Member, Arabian Geosciences Union (AraGU) - Former Regional Coordinator in Spain, TPS-Spain, The Planetary Society - Founder and Former Head (CSIC), Associate Unit (CSIC-University of Valladolid) \"Spectroscopy in Cosmogeochemistry and Astrobiology\" - Former Head, Department of Planetology and Habitability, Centro de Astrobiologia, CSIC-INTA, associated to the NASA Astrobiology Institute) - Former Head of the Planetary Geology Laboratory, CAB (CSIC\/INTA), associated to the NASA Astrobiology Institute - Ex-Vice Chairman of the United Nations Commission on Science and Technology for Development (UNCSTD). - Former Expert Member of the UN (ECOSOC) Committee on Natural Resources representing Western European Countries","sameAs":["http:\/\/tierra.rediris.es\/jmfrias\/","https:\/\/www.facebook.com\/jesus.martinez.frias","https:\/\/es.linkedin.com\/pub\/jes%C3%BAs-mart%C3%ADnez-fr%C3%ADas\/14\/38\/289","https:\/\/x.com\/https:\/\/twitter.com\/J_MartinezFrias?lang=es"],"url":"https:\/\/www.icog.es\/redespa\/index.php\/author\/jmfrias\/"}]}},"amp_enabled":true,"_links":{"self":[{"href":"https:\/\/www.icog.es\/redespa\/index.php\/wp-json\/wp\/v2\/posts\/1098","targetHints":{"allow":["GET"]}}],"collection":[{"href":"https:\/\/www.icog.es\/redespa\/index.php\/wp-json\/wp\/v2\/posts"}],"about":[{"href":"https:\/\/www.icog.es\/redespa\/index.php\/wp-json\/wp\/v2\/types\/post"}],"author":[{"embeddable":true,"href":"https:\/\/www.icog.es\/redespa\/index.php\/wp-json\/wp\/v2\/users\/2"}],"replies":[{"embeddable":true,"href":"https:\/\/www.icog.es\/redespa\/index.php\/wp-json\/wp\/v2\/comments?post=1098"}],"version-history":[{"count":5,"href":"https:\/\/www.icog.es\/redespa\/index.php\/wp-json\/wp\/v2\/posts\/1098\/revisions"}],"predecessor-version":[{"id":1775,"href":"https:\/\/www.icog.es\/redespa\/index.php\/wp-json\/wp\/v2\/posts\/1098\/revisions\/1775"}],"wp:featuredmedia":[{"embeddable":true,"href":"https:\/\/www.icog.es\/redespa\/index.php\/wp-json\/wp\/v2\/media\/1100"}],"wp:attachment":[{"href":"https:\/\/www.icog.es\/redespa\/index.php\/wp-json\/wp\/v2\/media?parent=1098"}],"wp:term":[{"taxonomy":"category","embeddable":true,"href":"https:\/\/www.icog.es\/redespa\/index.php\/wp-json\/wp\/v2\/categories?post=1098"},{"taxonomy":"post_tag","embeddable":true,"href":"https:\/\/www.icog.es\/redespa\/index.php\/wp-json\/wp\/v2\/tags?post=1098"}],"curies":[{"name":"wp","href":"https:\/\/api.w.org\/{rel}","templated":true}]}}