{"id":1052,"date":"2015-09-30T20:06:39","date_gmt":"2015-09-30T18:06:39","guid":{"rendered":"http:\/\/www.icog.es\/redespa\/?p=1052"},"modified":"2015-09-30T20:06:39","modified_gmt":"2015-09-30T18:06:39","slug":"el-prof-juan-perez-mercader-miembro-de-honor-de-redespa","status":"publish","type":"post","link":"https:\/\/www.icog.es\/redespa\/index.php\/el-prof-juan-perez-mercader-miembro-de-honor-de-redespa\/","title":{"rendered":"El Prof. Juan P\u00e9rez-Mercader, Miembro de Honor de REDESPA"},"content":{"rendered":"<p><strong><a href=\"https:\/\/www.icog.es\/redespa\/wp-content\/uploads\/2015\/09\/jpm_redespa.jpg\"><img decoding=\"async\" class=\"alignleft  wp-image-1053\" src=\"https:\/\/www.icog.es\/redespa\/wp-content\/uploads\/2015\/09\/jpm_redespa-300x296.jpg\" alt=\"jpm_redespa\" width=\"231\" height=\"228\" srcset=\"https:\/\/www.icog.es\/redespa\/wp-content\/uploads\/2015\/09\/jpm_redespa-300x296.jpg 300w, https:\/\/www.icog.es\/redespa\/wp-content\/uploads\/2015\/09\/jpm_redespa-720x710.jpg 720w, https:\/\/www.icog.es\/redespa\/wp-content\/uploads\/2015\/09\/jpm_redespa-1024x1010.jpg 1024w, https:\/\/www.icog.es\/redespa\/wp-content\/uploads\/2015\/09\/jpm_redespa.jpg 1063w\" sizes=\"(max-width: 231px) 100vw, 231px\" \/><\/a>Prof. Juan P\u00e9rez-Mercader, Miembro de Honor, REDESPA<\/strong><\/p>\n<p><strong>Juan P\u00e9rez-Mercader<\/strong>\u00a0earned his Ph.D. from the City College of New York. He is an Elected Member of the International Academy of Astronautics and of the European Academy of Arts and Sciences. In 1998 in Association with the NASA Astrobiology Institute, he founded Spain&#8217;s Centro de Astrobiolog\u00eda (CAB) of which he was its first Director. He is the architect of Spain&#8217;s current participation with infrastructure and instrumentation on board Mars Science Laboratory that arrived on Mars in August 2012. He is Profesor de Investigaci\u00f3n in Spain&#8217;s National Research Council (CSIC) and an External Faculty at the Santa Fe Institute. In 2010, he joined Harvard as a Senior Research Fellow in the Department of Earth and Planetary Sciences and the university&#8217;s Origins of Life Initiative, where he leads a project on the \u00abTop-down Synthesis of an Ex-novo Chemical Artificial Living System\u00bb.<\/p>\n<p><strong>Research Interests:<\/strong>\u00a0Physics of Self-organizing Behavior, Information in Non-equilibrium Physico-chemical Systems, Chemical Computation, Origins of Life, Theoretical Biology and Life Detection.<\/p>\n<p><strong>Areas of Expertise:<\/strong>\u00a0Quantum Field Theory, Dynamical Renormalization Group, Decoupling and Scaling Phenomena in Multiscale Systems, Information and Complexity in Chemical and Biological Systems, Micro-array Engineering, Communication Engineering, Astrobiology and Planetary Exploration<\/p>\n<p>Source: <a href=\"http:\/\/eps.harvard.edu\/people\/juan-perez-mercader\">Text<\/a> &amp; <a href=\"http:\/\/gestioncultura.cervantes.es\/COMUNES\/12057_I_Foto%20Juan%20P%C3%A9rez%20Mercader.jpg\">Picture\u00a0<\/a><\/p>\n","protected":false},"excerpt":{"rendered":"<p>Prof. Juan P\u00e9rez-Mercader, Miembro de Honor, REDESPA Juan P\u00e9rez-Mercader\u00a0earned his Ph.D. from the City College of New York. He is an Elected Member of the International Academy of Astronautics and of the European Academy of  [&#8230;]<\/p>\n","protected":false},"author":2,"featured_media":1055,"comment_status":"open","ping_status":"open","sticky":false,"template":"","format":"standard","meta":{"footnotes":""},"categories":[24,14],"tags":[287,45,298,297,35],"class_list":["post-1052","post","type-post","status-publish","format-standard","has-post-thumbnail","hentry","category-astrobiologia","category-noticias","tag-astrobiologia","tag-espana","tag-juan-perez-mercader","tag-miembro-de-honor","tag-redespa"],"yoast_head":"<!-- This site is optimized with the Yoast SEO plugin v27.3 - https:\/\/yoast.com\/product\/yoast-seo-wordpress\/ -->\r\n<title>El Prof. Juan P\u00e9rez-Mercader, Miembro de Honor de REDESPA - REDESPA<\/title>\r\n<meta name=\"robots\" content=\"index, follow, max-snippet:-1, max-image-preview:large, max-video-preview:-1\" \/>\r\n<link rel=\"canonical\" href=\"https:\/\/www.icog.es\/redespa\/index.php\/el-prof-juan-perez-mercader-miembro-de-honor-de-redespa\/\" \/>\r\n<meta property=\"og:locale\" content=\"es_ES\" \/>\r\n<meta property=\"og:type\" content=\"article\" \/>\r\n<meta property=\"og:title\" content=\"El Prof. Juan P\u00e9rez-Mercader, Miembro de Honor de REDESPA - REDESPA\" \/>\r\n<meta property=\"og:description\" content=\"Prof. Juan P\u00e9rez-Mercader, Miembro de Honor, REDESPA Juan P\u00e9rez-Mercader\u00a0earned his Ph.D. from the City College of New York. He is an Elected Member of the International Academy of Astronautics and of the European Academy of [...]\" \/>\r\n<meta property=\"og:url\" content=\"https:\/\/www.icog.es\/redespa\/index.php\/el-prof-juan-perez-mercader-miembro-de-honor-de-redespa\/\" \/>\r\n<meta property=\"og:site_name\" content=\"REDESPA\" \/>\r\n<meta property=\"article:publisher\" content=\"https:\/\/www.facebook.com\/REDESPA\" \/>\r\n<meta property=\"article:author\" content=\"https:\/\/www.facebook.com\/jesus.martinez.frias\" \/>\r\n<meta property=\"article:published_time\" content=\"2015-09-30T18:06:39+00:00\" \/>\r\n<meta property=\"og:image\" content=\"https:\/\/www.icog.es\/redespa\/wp-content\/uploads\/2015\/09\/juan_redespa.jpg\" \/>\r\n\t<meta property=\"og:image:width\" content=\"2188\" \/>\r\n\t<meta property=\"og:image:height\" content=\"1027\" \/>\r\n\t<meta property=\"og:image:type\" content=\"image\/jpeg\" \/>\r\n<meta name=\"author\" content=\"Jes\u00fas Mart\u00ednez Fr\u00edas\" \/>\r\n<meta name=\"twitter:card\" content=\"summary_large_image\" \/>\r\n<meta name=\"twitter:creator\" content=\"@https:\/\/twitter.com\/J_MartinezFrias?lang=es\" \/>\r\n<meta name=\"twitter:site\" content=\"@REDESPA1\" \/>\r\n<meta name=\"twitter:label1\" content=\"Escrito por\" \/>\n\t<meta name=\"twitter:data1\" content=\"Jes\u00fas Mart\u00ednez Fr\u00edas\" \/>\n\t<meta name=\"twitter:label2\" content=\"Tiempo de lectura\" \/>\n\t<meta name=\"twitter:data2\" content=\"1 minuto\" \/>\r\n<script type=\"application\/ld+json\" class=\"yoast-schema-graph\">{\"@context\":\"https:\\\/\\\/schema.org\",\"@graph\":[{\"@type\":\"Article\",\"@id\":\"https:\\\/\\\/www.icog.es\\\/redespa\\\/index.php\\\/el-prof-juan-perez-mercader-miembro-de-honor-de-redespa\\\/#article\",\"isPartOf\":{\"@id\":\"https:\\\/\\\/www.icog.es\\\/redespa\\\/index.php\\\/el-prof-juan-perez-mercader-miembro-de-honor-de-redespa\\\/\"},\"author\":{\"name\":\"Jes\u00fas Mart\u00ednez Fr\u00edas\",\"@id\":\"https:\\\/\\\/www.icog.es\\\/redespa\\\/#\\\/schema\\\/person\\\/88a62c65120033dee987a25307df7994\"},\"headline\":\"El Prof. Juan P\u00e9rez-Mercader, Miembro de Honor de REDESPA\",\"datePublished\":\"2015-09-30T18:06:39+00:00\",\"mainEntityOfPage\":{\"@id\":\"https:\\\/\\\/www.icog.es\\\/redespa\\\/index.php\\\/el-prof-juan-perez-mercader-miembro-de-honor-de-redespa\\\/\"},\"wordCount\":216,\"commentCount\":0,\"publisher\":{\"@id\":\"https:\\\/\\\/www.icog.es\\\/redespa\\\/#organization\"},\"image\":{\"@id\":\"https:\\\/\\\/www.icog.es\\\/redespa\\\/index.php\\\/el-prof-juan-perez-mercader-miembro-de-honor-de-redespa\\\/#primaryimage\"},\"thumbnailUrl\":\"https:\\\/\\\/www.icog.es\\\/redespa\\\/wp-content\\\/uploads\\\/2015\\\/09\\\/juan_redespa.jpg\",\"keywords\":[\"astrobiolog\u00eda\",\"Espa\u00f1a\",\"Juan P\u00e9rez-Mercader\",\"Miembro de Honor\",\"REDESPA\"],\"articleSection\":[\"Astrobiolog\u00eda\",\"Noticias\"],\"inLanguage\":\"es\",\"potentialAction\":[{\"@type\":\"CommentAction\",\"name\":\"Comment\",\"target\":[\"https:\\\/\\\/www.icog.es\\\/redespa\\\/index.php\\\/el-prof-juan-perez-mercader-miembro-de-honor-de-redespa\\\/#respond\"]}]},{\"@type\":\"WebPage\",\"@id\":\"https:\\\/\\\/www.icog.es\\\/redespa\\\/index.php\\\/el-prof-juan-perez-mercader-miembro-de-honor-de-redespa\\\/\",\"url\":\"https:\\\/\\\/www.icog.es\\\/redespa\\\/index.php\\\/el-prof-juan-perez-mercader-miembro-de-honor-de-redespa\\\/\",\"name\":\"El Prof. Juan P\u00e9rez-Mercader, Miembro de Honor de REDESPA - REDESPA\",\"isPartOf\":{\"@id\":\"https:\\\/\\\/www.icog.es\\\/redespa\\\/#website\"},\"primaryImageOfPage\":{\"@id\":\"https:\\\/\\\/www.icog.es\\\/redespa\\\/index.php\\\/el-prof-juan-perez-mercader-miembro-de-honor-de-redespa\\\/#primaryimage\"},\"image\":{\"@id\":\"https:\\\/\\\/www.icog.es\\\/redespa\\\/index.php\\\/el-prof-juan-perez-mercader-miembro-de-honor-de-redespa\\\/#primaryimage\"},\"thumbnailUrl\":\"https:\\\/\\\/www.icog.es\\\/redespa\\\/wp-content\\\/uploads\\\/2015\\\/09\\\/juan_redespa.jpg\",\"datePublished\":\"2015-09-30T18:06:39+00:00\",\"inLanguage\":\"es\",\"potentialAction\":[{\"@type\":\"ReadAction\",\"target\":[\"https:\\\/\\\/www.icog.es\\\/redespa\\\/index.php\\\/el-prof-juan-perez-mercader-miembro-de-honor-de-redespa\\\/\"]}]},{\"@type\":\"ImageObject\",\"inLanguage\":\"es\",\"@id\":\"https:\\\/\\\/www.icog.es\\\/redespa\\\/index.php\\\/el-prof-juan-perez-mercader-miembro-de-honor-de-redespa\\\/#primaryimage\",\"url\":\"https:\\\/\\\/www.icog.es\\\/redespa\\\/wp-content\\\/uploads\\\/2015\\\/09\\\/juan_redespa.jpg\",\"contentUrl\":\"https:\\\/\\\/www.icog.es\\\/redespa\\\/wp-content\\\/uploads\\\/2015\\\/09\\\/juan_redespa.jpg\",\"width\":2188,\"height\":1027},{\"@type\":\"WebSite\",\"@id\":\"https:\\\/\\\/www.icog.es\\\/redespa\\\/#website\",\"url\":\"https:\\\/\\\/www.icog.es\\\/redespa\\\/\",\"name\":\"REDESPA\",\"description\":\"Red Espa\u00f1ola de Planetolog\u00eda y Astrobiolog\u00eda\",\"publisher\":{\"@id\":\"https:\\\/\\\/www.icog.es\\\/redespa\\\/#organization\"},\"potentialAction\":[{\"@type\":\"SearchAction\",\"target\":{\"@type\":\"EntryPoint\",\"urlTemplate\":\"https:\\\/\\\/www.icog.es\\\/redespa\\\/?s={search_term_string}\"},\"query-input\":{\"@type\":\"PropertyValueSpecification\",\"valueRequired\":true,\"valueName\":\"search_term_string\"}}],\"inLanguage\":\"es\"},{\"@type\":\"Organization\",\"@id\":\"https:\\\/\\\/www.icog.es\\\/redespa\\\/#organization\",\"name\":\"Red Espa\u00f1ola de Planetolog\u00eda y Astrobiolog\u00eda\",\"url\":\"https:\\\/\\\/www.icog.es\\\/redespa\\\/\",\"logo\":{\"@type\":\"ImageObject\",\"inLanguage\":\"es\",\"@id\":\"https:\\\/\\\/www.icog.es\\\/redespa\\\/#\\\/schema\\\/logo\\\/image\\\/\",\"url\":\"https:\\\/\\\/www.icog.es\\\/redespa\\\/wp-content\\\/uploads\\\/2019\\\/05\\\/logoredespa12.jpg\",\"contentUrl\":\"https:\\\/\\\/www.icog.es\\\/redespa\\\/wp-content\\\/uploads\\\/2019\\\/05\\\/logoredespa12.jpg\",\"width\":484,\"height\":100,\"caption\":\"Red Espa\u00f1ola de Planetolog\u00eda y Astrobiolog\u00eda\"},\"image\":{\"@id\":\"https:\\\/\\\/www.icog.es\\\/redespa\\\/#\\\/schema\\\/logo\\\/image\\\/\"},\"sameAs\":[\"https:\\\/\\\/www.facebook.com\\\/REDESPA\",\"https:\\\/\\\/x.com\\\/REDESPA1\",\"https:\\\/\\\/www.linkedin.com\\\/company\\\/316636\",\"https:\\\/\\\/www.youtube.com\\\/channel\\\/UCbe-LMDt_tDeS6ZbnrVt8SA\"]},{\"@type\":\"Person\",\"@id\":\"https:\\\/\\\/www.icog.es\\\/redespa\\\/#\\\/schema\\\/person\\\/88a62c65120033dee987a25307df7994\",\"name\":\"Jes\u00fas Mart\u00ednez Fr\u00edas\",\"image\":{\"@type\":\"ImageObject\",\"inLanguage\":\"es\",\"@id\":\"https:\\\/\\\/secure.gravatar.com\\\/avatar\\\/1b71ddb4ffac7eee9c7155b078e3736178b971380f39efea0eeb91776525885c?s=96&d=mm&r=g\",\"url\":\"https:\\\/\\\/secure.gravatar.com\\\/avatar\\\/1b71ddb4ffac7eee9c7155b078e3736178b971380f39efea0eeb91776525885c?s=96&d=mm&r=g\",\"contentUrl\":\"https:\\\/\\\/secure.gravatar.com\\\/avatar\\\/1b71ddb4ffac7eee9c7155b078e3736178b971380f39efea0eeb91776525885c?s=96&d=mm&r=g\",\"caption\":\"Jes\u00fas Mart\u00ednez Fr\u00edas\"},\"description\":\"- Senior Scientist, IGEO (CSIC-UCM) - Head, CSIC's Research Group \\\"Meteorites and Planetary Geosciences\\\" - Science Team Member, NASA-MSL, ESA-ExoMars and MARS2020 - Collaborator, ESA-BIOMEX - Founder and Director, Spanish Planetology and Astrobiology Network (REDESPA) - Professor \\\"Ad Honorem\\\" of Planetary Geochemistry, ETSII (Polytechnic University of Madrid) - Chair, IUGS Commission on Geoscience Education, Training and Technology Transfer (IUGS-COGE) - President, International Association for Geoethics (IAGETH) - OC Member, International Commission on Astrobiology, IAU - Science Officer (Origins and Astrobiology) EGU Division of Planetary and Solar System Sciences - Councilor, European Astrobiology Network Association - Goodwill Ambassador, Geological Society of Africa - Coordinator of AGID National Chapter in Spain (mainly devoted to Geoethics) - National Focal Point, Earth Science Matters - Senior Advisory Board Member, Arabian Geosciences Union (AraGU) - Former Regional Coordinator in Spain, TPS-Spain, The Planetary Society - Founder and Former Head (CSIC), Associate Unit (CSIC-University of Valladolid) \\\"Spectroscopy in Cosmogeochemistry and Astrobiology\\\" - Former Head, Department of Planetology and Habitability, Centro de Astrobiologia, CSIC-INTA, associated to the NASA Astrobiology Institute) - Former Head of the Planetary Geology Laboratory, CAB (CSIC\\\/INTA), associated to the NASA Astrobiology Institute - Ex-Vice Chairman of the United Nations Commission on Science and Technology for Development (UNCSTD). - Former Expert Member of the UN (ECOSOC) Committee on Natural Resources representing Western European Countries\",\"sameAs\":[\"http:\\\/\\\/tierra.rediris.es\\\/jmfrias\\\/\",\"https:\\\/\\\/www.facebook.com\\\/jesus.martinez.frias\",\"https:\\\/\\\/es.linkedin.com\\\/pub\\\/jes%C3%BAs-mart%C3%ADnez-fr%C3%ADas\\\/14\\\/38\\\/289\",\"https:\\\/\\\/x.com\\\/https:\\\/\\\/twitter.com\\\/J_MartinezFrias?lang=es\"],\"url\":\"https:\\\/\\\/www.icog.es\\\/redespa\\\/index.php\\\/author\\\/jmfrias\\\/\"}]}<\/script>\r\n<!-- \/ Yoast SEO plugin. -->","yoast_head_json":{"title":"El Prof. Juan P\u00e9rez-Mercader, Miembro de Honor de REDESPA - REDESPA","robots":{"index":"index","follow":"follow","max-snippet":"max-snippet:-1","max-image-preview":"max-image-preview:large","max-video-preview":"max-video-preview:-1"},"canonical":"https:\/\/www.icog.es\/redespa\/index.php\/el-prof-juan-perez-mercader-miembro-de-honor-de-redespa\/","og_locale":"es_ES","og_type":"article","og_title":"El Prof. Juan P\u00e9rez-Mercader, Miembro de Honor de REDESPA - REDESPA","og_description":"Prof. Juan P\u00e9rez-Mercader, Miembro de Honor, REDESPA Juan P\u00e9rez-Mercader\u00a0earned his Ph.D. from the City College of New York. He is an Elected Member of the International Academy of Astronautics and of the European Academy of [...]","og_url":"https:\/\/www.icog.es\/redespa\/index.php\/el-prof-juan-perez-mercader-miembro-de-honor-de-redespa\/","og_site_name":"REDESPA","article_publisher":"https:\/\/www.facebook.com\/REDESPA","article_author":"https:\/\/www.facebook.com\/jesus.martinez.frias","article_published_time":"2015-09-30T18:06:39+00:00","og_image":[{"width":2188,"height":1027,"url":"https:\/\/www.icog.es\/redespa\/wp-content\/uploads\/2015\/09\/juan_redespa.jpg","type":"image\/jpeg"}],"author":"Jes\u00fas Mart\u00ednez Fr\u00edas","twitter_card":"summary_large_image","twitter_creator":"@https:\/\/twitter.com\/J_MartinezFrias?lang=es","twitter_site":"@REDESPA1","twitter_misc":{"Escrito por":"Jes\u00fas Mart\u00ednez Fr\u00edas","Tiempo de lectura":"1 minuto"},"schema":{"@context":"https:\/\/schema.org","@graph":[{"@type":"Article","@id":"https:\/\/www.icog.es\/redespa\/index.php\/el-prof-juan-perez-mercader-miembro-de-honor-de-redespa\/#article","isPartOf":{"@id":"https:\/\/www.icog.es\/redespa\/index.php\/el-prof-juan-perez-mercader-miembro-de-honor-de-redespa\/"},"author":{"name":"Jes\u00fas Mart\u00ednez Fr\u00edas","@id":"https:\/\/www.icog.es\/redespa\/#\/schema\/person\/88a62c65120033dee987a25307df7994"},"headline":"El Prof. Juan P\u00e9rez-Mercader, Miembro de Honor de REDESPA","datePublished":"2015-09-30T18:06:39+00:00","mainEntityOfPage":{"@id":"https:\/\/www.icog.es\/redespa\/index.php\/el-prof-juan-perez-mercader-miembro-de-honor-de-redespa\/"},"wordCount":216,"commentCount":0,"publisher":{"@id":"https:\/\/www.icog.es\/redespa\/#organization"},"image":{"@id":"https:\/\/www.icog.es\/redespa\/index.php\/el-prof-juan-perez-mercader-miembro-de-honor-de-redespa\/#primaryimage"},"thumbnailUrl":"https:\/\/www.icog.es\/redespa\/wp-content\/uploads\/2015\/09\/juan_redespa.jpg","keywords":["astrobiolog\u00eda","Espa\u00f1a","Juan P\u00e9rez-Mercader","Miembro de Honor","REDESPA"],"articleSection":["Astrobiolog\u00eda","Noticias"],"inLanguage":"es","potentialAction":[{"@type":"CommentAction","name":"Comment","target":["https:\/\/www.icog.es\/redespa\/index.php\/el-prof-juan-perez-mercader-miembro-de-honor-de-redespa\/#respond"]}]},{"@type":"WebPage","@id":"https:\/\/www.icog.es\/redespa\/index.php\/el-prof-juan-perez-mercader-miembro-de-honor-de-redespa\/","url":"https:\/\/www.icog.es\/redespa\/index.php\/el-prof-juan-perez-mercader-miembro-de-honor-de-redespa\/","name":"El Prof. Juan P\u00e9rez-Mercader, Miembro de Honor de REDESPA - REDESPA","isPartOf":{"@id":"https:\/\/www.icog.es\/redespa\/#website"},"primaryImageOfPage":{"@id":"https:\/\/www.icog.es\/redespa\/index.php\/el-prof-juan-perez-mercader-miembro-de-honor-de-redespa\/#primaryimage"},"image":{"@id":"https:\/\/www.icog.es\/redespa\/index.php\/el-prof-juan-perez-mercader-miembro-de-honor-de-redespa\/#primaryimage"},"thumbnailUrl":"https:\/\/www.icog.es\/redespa\/wp-content\/uploads\/2015\/09\/juan_redespa.jpg","datePublished":"2015-09-30T18:06:39+00:00","inLanguage":"es","potentialAction":[{"@type":"ReadAction","target":["https:\/\/www.icog.es\/redespa\/index.php\/el-prof-juan-perez-mercader-miembro-de-honor-de-redespa\/"]}]},{"@type":"ImageObject","inLanguage":"es","@id":"https:\/\/www.icog.es\/redespa\/index.php\/el-prof-juan-perez-mercader-miembro-de-honor-de-redespa\/#primaryimage","url":"https:\/\/www.icog.es\/redespa\/wp-content\/uploads\/2015\/09\/juan_redespa.jpg","contentUrl":"https:\/\/www.icog.es\/redespa\/wp-content\/uploads\/2015\/09\/juan_redespa.jpg","width":2188,"height":1027},{"@type":"WebSite","@id":"https:\/\/www.icog.es\/redespa\/#website","url":"https:\/\/www.icog.es\/redespa\/","name":"REDESPA","description":"Red Espa\u00f1ola de Planetolog\u00eda y Astrobiolog\u00eda","publisher":{"@id":"https:\/\/www.icog.es\/redespa\/#organization"},"potentialAction":[{"@type":"SearchAction","target":{"@type":"EntryPoint","urlTemplate":"https:\/\/www.icog.es\/redespa\/?s={search_term_string}"},"query-input":{"@type":"PropertyValueSpecification","valueRequired":true,"valueName":"search_term_string"}}],"inLanguage":"es"},{"@type":"Organization","@id":"https:\/\/www.icog.es\/redespa\/#organization","name":"Red Espa\u00f1ola de Planetolog\u00eda y Astrobiolog\u00eda","url":"https:\/\/www.icog.es\/redespa\/","logo":{"@type":"ImageObject","inLanguage":"es","@id":"https:\/\/www.icog.es\/redespa\/#\/schema\/logo\/image\/","url":"https:\/\/www.icog.es\/redespa\/wp-content\/uploads\/2019\/05\/logoredespa12.jpg","contentUrl":"https:\/\/www.icog.es\/redespa\/wp-content\/uploads\/2019\/05\/logoredespa12.jpg","width":484,"height":100,"caption":"Red Espa\u00f1ola de Planetolog\u00eda y Astrobiolog\u00eda"},"image":{"@id":"https:\/\/www.icog.es\/redespa\/#\/schema\/logo\/image\/"},"sameAs":["https:\/\/www.facebook.com\/REDESPA","https:\/\/x.com\/REDESPA1","https:\/\/www.linkedin.com\/company\/316636","https:\/\/www.youtube.com\/channel\/UCbe-LMDt_tDeS6ZbnrVt8SA"]},{"@type":"Person","@id":"https:\/\/www.icog.es\/redespa\/#\/schema\/person\/88a62c65120033dee987a25307df7994","name":"Jes\u00fas Mart\u00ednez Fr\u00edas","image":{"@type":"ImageObject","inLanguage":"es","@id":"https:\/\/secure.gravatar.com\/avatar\/1b71ddb4ffac7eee9c7155b078e3736178b971380f39efea0eeb91776525885c?s=96&d=mm&r=g","url":"https:\/\/secure.gravatar.com\/avatar\/1b71ddb4ffac7eee9c7155b078e3736178b971380f39efea0eeb91776525885c?s=96&d=mm&r=g","contentUrl":"https:\/\/secure.gravatar.com\/avatar\/1b71ddb4ffac7eee9c7155b078e3736178b971380f39efea0eeb91776525885c?s=96&d=mm&r=g","caption":"Jes\u00fas Mart\u00ednez Fr\u00edas"},"description":"- Senior Scientist, IGEO (CSIC-UCM) - Head, CSIC's Research Group \"Meteorites and Planetary Geosciences\" - Science Team Member, NASA-MSL, ESA-ExoMars and MARS2020 - Collaborator, ESA-BIOMEX - Founder and Director, Spanish Planetology and Astrobiology Network (REDESPA) - Professor \"Ad Honorem\" of Planetary Geochemistry, ETSII (Polytechnic University of Madrid) - Chair, IUGS Commission on Geoscience Education, Training and Technology Transfer (IUGS-COGE) - President, International Association for Geoethics (IAGETH) - OC Member, International Commission on Astrobiology, IAU - Science Officer (Origins and Astrobiology) EGU Division of Planetary and Solar System Sciences - Councilor, European Astrobiology Network Association - Goodwill Ambassador, Geological Society of Africa - Coordinator of AGID National Chapter in Spain (mainly devoted to Geoethics) - National Focal Point, Earth Science Matters - Senior Advisory Board Member, Arabian Geosciences Union (AraGU) - Former Regional Coordinator in Spain, TPS-Spain, The Planetary Society - Founder and Former Head (CSIC), Associate Unit (CSIC-University of Valladolid) \"Spectroscopy in Cosmogeochemistry and Astrobiology\" - Former Head, Department of Planetology and Habitability, Centro de Astrobiologia, CSIC-INTA, associated to the NASA Astrobiology Institute) - Former Head of the Planetary Geology Laboratory, CAB (CSIC\/INTA), associated to the NASA Astrobiology Institute - Ex-Vice Chairman of the United Nations Commission on Science and Technology for Development (UNCSTD). - Former Expert Member of the UN (ECOSOC) Committee on Natural Resources representing Western European Countries","sameAs":["http:\/\/tierra.rediris.es\/jmfrias\/","https:\/\/www.facebook.com\/jesus.martinez.frias","https:\/\/es.linkedin.com\/pub\/jes%C3%BAs-mart%C3%ADnez-fr%C3%ADas\/14\/38\/289","https:\/\/x.com\/https:\/\/twitter.com\/J_MartinezFrias?lang=es"],"url":"https:\/\/www.icog.es\/redespa\/index.php\/author\/jmfrias\/"}]}},"amp_enabled":true,"_links":{"self":[{"href":"https:\/\/www.icog.es\/redespa\/index.php\/wp-json\/wp\/v2\/posts\/1052","targetHints":{"allow":["GET"]}}],"collection":[{"href":"https:\/\/www.icog.es\/redespa\/index.php\/wp-json\/wp\/v2\/posts"}],"about":[{"href":"https:\/\/www.icog.es\/redespa\/index.php\/wp-json\/wp\/v2\/types\/post"}],"author":[{"embeddable":true,"href":"https:\/\/www.icog.es\/redespa\/index.php\/wp-json\/wp\/v2\/users\/2"}],"replies":[{"embeddable":true,"href":"https:\/\/www.icog.es\/redespa\/index.php\/wp-json\/wp\/v2\/comments?post=1052"}],"version-history":[{"count":1,"href":"https:\/\/www.icog.es\/redespa\/index.php\/wp-json\/wp\/v2\/posts\/1052\/revisions"}],"predecessor-version":[{"id":1054,"href":"https:\/\/www.icog.es\/redespa\/index.php\/wp-json\/wp\/v2\/posts\/1052\/revisions\/1054"}],"wp:featuredmedia":[{"embeddable":true,"href":"https:\/\/www.icog.es\/redespa\/index.php\/wp-json\/wp\/v2\/media\/1055"}],"wp:attachment":[{"href":"https:\/\/www.icog.es\/redespa\/index.php\/wp-json\/wp\/v2\/media?parent=1052"}],"wp:term":[{"taxonomy":"category","embeddable":true,"href":"https:\/\/www.icog.es\/redespa\/index.php\/wp-json\/wp\/v2\/categories?post=1052"},{"taxonomy":"post_tag","embeddable":true,"href":"https:\/\/www.icog.es\/redespa\/index.php\/wp-json\/wp\/v2\/tags?post=1052"}],"curies":[{"name":"wp","href":"https:\/\/api.w.org\/{rel}","templated":true}]}}