{"id":932,"date":"2015-10-27T16:18:34","date_gmt":"2015-10-27T16:18:34","guid":{"rendered":"http:\/\/www.icog.es\/iageth\/?p=932"},"modified":"2019-08-09T13:41:20","modified_gmt":"2019-08-09T13:41:20","slug":"geoethics-will-be-present-in-the-ix-geological-congress-of-spain-huelva-spain","status":"publish","type":"post","link":"https:\/\/www.icog.es\/iageth\/index.php\/geoethics-will-be-present-in-the-ix-geological-congress-of-spain-huelva-spain\/","title":{"rendered":"Geoethics will be present in the IX Geological Congress of Spain, Huelva, Spain"},"content":{"rendered":"<p><strong><a href=\"https:\/\/www.icog.es\/iageth\/wp-content\/uploads\/2015\/10\/cgetexto.jpg\"><img loading=\"lazy\" decoding=\"async\" class=\" wp-image-933 alignleft\" src=\"https:\/\/www.icog.es\/iageth\/wp-content\/uploads\/2015\/10\/cgetexto-300x60.jpg\" alt=\"cgetexto\" width=\"341\" height=\"68\" srcset=\"https:\/\/www.icog.es\/iageth\/wp-content\/uploads\/2015\/10\/cgetexto-300x60.jpg 300w, https:\/\/www.icog.es\/iageth\/wp-content\/uploads\/2015\/10\/cgetexto-720x144.jpg 720w, https:\/\/www.icog.es\/iageth\/wp-content\/uploads\/2015\/10\/cgetexto.jpg 1004w\" sizes=\"(max-width: 341px) 100vw, 341px\" \/><\/a><\/strong>Geoethics is for the first time included in the Geological Congress of Spain. A special symposium entitled Geoethics (Session S6) will be included in the program of the congress which will be held in Campus del Carmen, University of Huelva, Huelva (Spain), from 12-14 September 2016<\/p>\n<p>Two IAGETH members will be part of the coordination committee of the symposium (Jos\u00e9 Luis Gonz\u00e1lez, ISAB member and President of the Spanish Commission of Geoethics (ICOG) and Jes\u00fas Mart\u00ednez-Fr\u00edas, IAGETH President and Vice President of the Spanish Commission of Geoethics (ICOG). The coordination committee is composed by the following members:<\/p>\n<ul>\n<li>Domingo Mart\u00edn S\u00e1nchez (Universidad Polit\u00e9cnica de Madrid)<\/li>\n<li>Ferm\u00edn Villarroya Gil (Universidad Complutense de Madrid)<\/li>\n<li>Emilia H. Lopera Pareja (Centro de Investigaciones Energ\u00e9ticas, Medioambientales y Tecnol\u00f3gicas)<\/li>\n<li>Jes\u00fas Mart\u00ednez Fr\u00edas (CSIC-Universidad Complutense)<\/li>\n<li>Jos\u00e9 Lu\u00eds Gonz\u00e1lez (Departamento de Seguridad Nacional)<\/li>\n<\/ul>\n<p>The President of the Congress is Prof. Juan Antonio Morales Gonz\u00e1lez<\/p>\n<p>Further information:<\/p>\n<p><a href=\"http:\/\/www.sociedadgeologica.es\/actividades_congresos.html\">SGE<\/a><\/p>\n<p><a href=\"http:\/\/www.congresogeologicoespa\u00f1a.com\/index.html\">CGE<\/a><\/p>\n<p><em>\u201cPrecisamente,\u00a0en 2016 se cumplen 90 a\u00f1os del primer Congreso Geol\u00f3gico celebrado en Espa\u00f1a. Fue el\u00a0XIV Congreso Geol\u00f3gico internacional, cuyas sesiones tem\u00e1ticas se celebraron a finales de mayo en Madrid y una de cuyas excursiones pre-congreso se celebr\u00f3 a primeros de mayo, precisamente en los yacimientos mineros de Huelva. El congreso, el \u00fanico internacional organizado hasta la fecha en nuestro pa\u00eds, fue organizado por C\u00e9sar Rubio (1858-1931), mientras que la excursi\u00f3n en territorio onubense fue liderada por Alfonso de Alvarado (1888-1967) y Juan Hereza (1870-1948). Este \u00faltimo fue Director de las minas onubenses de Sotiel Coronada y Riotinto.<\/em><\/p>\n<p><em>La historia de los\u00a0congresos Geol\u00f3gicos de Espa\u00f1a\u00a0empieza mucho m\u00e1s tarde, organiz\u00e1ndose el primero de ellos enSegovia\u00a0en 1984 por parte del Ilustre Colegio Oficial de Ge\u00f3logos de Espa\u00f1a (ICOG). No es hasta 1988 cuando la Sociedad Geol\u00f3gica se hace cargo de organizar el segundo de ellos en\u00a0Granada. Desde entonces se han celebrado otros seis, sucesivamente en\u00a0Salamanca\u00a0(1992),\u00a0Alcal\u00e1 de Henares\u00a0(1996),\u00a0Alicante\u00a0(2000),\u00a0Zaragoza\u00a0(2004),\u00a0Las Palmas de Gran Canarias\u00a0(2008) y\u00a0Oviedo\u00a0(2012). De esta forma, el congreso que ahora organizamos y al que tenemos el placer de invitarle, ser\u00eda el noveno de esta nueva era.\u201d (from the oficial <a href=\"http:\/\/www.congresogeologicoespa\u00f1a.com\/\">CGE website<\/a>)<\/em><\/p>\n","protected":false},"excerpt":{"rendered":"<p>Geoethics is for the first time included in the Geological Congress of Spain. A special symposium entitled Geoethics (Session S6) will be included in the program of the congress which will be held in Campus del Carmen, University of Huelva, Huelva (Spain), from 12-14 September 2016 Two IAGETH members will be part of the coordination [&hellip;]<\/p>\n","protected":false},"author":2,"featured_media":934,"comment_status":"open","ping_status":"open","sticky":false,"template":"","format":"standard","meta":{"footnotes":""},"categories":[124,152,73,150,153],"tags":[26,34,22,161,21,7,72,162],"yoast_head":"<!-- This site is optimized with the Yoast SEO plugin v22.9 - https:\/\/yoast.com\/wordpress\/plugins\/seo\/ -->\r\n<title>Geoethics will be present in the IX Geological Congress of Spain, Huelva, Spain - International Association for Geoethics<\/title>\r\n<meta name=\"robots\" content=\"index, follow, max-snippet:-1, max-image-preview:large, max-video-preview:-1\" \/>\r\n<link rel=\"canonical\" href=\"https:\/\/www.icog.es\/iageth\/index.php\/geoethics-will-be-present-in-the-ix-geological-congress-of-spain-huelva-spain\/\" \/>\r\n<meta property=\"og:locale\" content=\"es_ES\" \/>\r\n<meta property=\"og:type\" content=\"article\" \/>\r\n<meta property=\"og:title\" content=\"Geoethics will be present in the IX Geological Congress of Spain, Huelva, Spain - International Association for Geoethics\" \/>\r\n<meta property=\"og:description\" content=\"Geoethics is for the first time included in the Geological Congress of Spain. A special symposium entitled Geoethics (Session S6) will be included in the program of the congress which will be held in Campus del Carmen, University of Huelva, Huelva (Spain), from 12-14 September 2016 Two IAGETH members will be part of the coordination [&hellip;]\" \/>\r\n<meta property=\"og:url\" content=\"https:\/\/www.icog.es\/iageth\/index.php\/geoethics-will-be-present-in-the-ix-geological-congress-of-spain-huelva-spain\/\" \/>\r\n<meta property=\"og:site_name\" content=\"International Association for Geoethics\" \/>\r\n<meta property=\"article:publisher\" content=\"https:\/\/www.facebook.com\/International.Association.for.Geoethics.IAGETH\" \/>\r\n<meta property=\"article:published_time\" content=\"2015-10-27T16:18:34+00:00\" \/>\r\n<meta property=\"article:modified_time\" content=\"2019-08-09T13:41:20+00:00\" \/>\r\n<meta property=\"og:image\" content=\"https:\/\/www.icog.es\/iageth\/wp-content\/uploads\/2015\/10\/bannerCGE.jpg\" \/>\r\n\t<meta property=\"og:image:width\" content=\"994\" \/>\r\n\t<meta property=\"og:image:height\" content=\"373\" \/>\r\n\t<meta property=\"og:image:type\" content=\"image\/jpeg\" \/>\r\n<meta name=\"author\" content=\"Jes\u00fas Mart\u00ednez Fr\u00edas\" \/>\r\n<meta name=\"twitter:card\" content=\"summary_large_image\" \/>\r\n<meta name=\"twitter:creator\" content=\"@GeoethicsIAGETH\" \/>\r\n<meta name=\"twitter:site\" content=\"@GeoethicsIAGETH\" \/>\r\n<meta name=\"twitter:label1\" content=\"Escrito por\" \/>\n\t<meta name=\"twitter:data1\" content=\"Jes\u00fas Mart\u00ednez Fr\u00edas\" \/>\n\t<meta name=\"twitter:label2\" content=\"Tiempo de lectura\" \/>\n\t<meta name=\"twitter:data2\" content=\"2 minutos\" \/>\r\n<script type=\"application\/ld+json\" class=\"yoast-schema-graph\">{\"@context\":\"https:\/\/schema.org\",\"@graph\":[{\"@type\":\"Article\",\"@id\":\"https:\/\/www.icog.es\/iageth\/index.php\/geoethics-will-be-present-in-the-ix-geological-congress-of-spain-huelva-spain\/#article\",\"isPartOf\":{\"@id\":\"https:\/\/www.icog.es\/iageth\/index.php\/geoethics-will-be-present-in-the-ix-geological-congress-of-spain-huelva-spain\/\"},\"author\":{\"name\":\"Jes\u00fas Mart\u00ednez Fr\u00edas\",\"@id\":\"https:\/\/www.icog.es\/iageth\/#\/schema\/person\/11f338352d8cd194aa1ccfb258e581de\"},\"headline\":\"Geoethics will be present in the IX Geological Congress of Spain, Huelva, Spain\",\"datePublished\":\"2015-10-27T16:18:34+00:00\",\"dateModified\":\"2019-08-09T13:41:20+00:00\",\"mainEntityOfPage\":{\"@id\":\"https:\/\/www.icog.es\/iageth\/index.php\/geoethics-will-be-present-in-the-ix-geological-congress-of-spain-huelva-spain\/\"},\"wordCount\":388,\"commentCount\":0,\"publisher\":{\"@id\":\"https:\/\/www.icog.es\/iageth\/#organization\"},\"image\":{\"@id\":\"https:\/\/www.icog.es\/iageth\/index.php\/geoethics-will-be-present-in-the-ix-geological-congress-of-spain-huelva-spain\/#primaryimage\"},\"thumbnailUrl\":\"https:\/\/www.icog.es\/iageth\/wp-content\/uploads\/2015\/10\/bannerCGE.jpg\",\"keywords\":[\"Congress\",\"Ethics\",\"geoethics\",\"Geological\",\"geosciences\",\"IAGETH\",\"Spain\",\"Symposium\"],\"articleSection\":[\"Congress\",\"Ethics\",\"Events\",\"Geoethics\",\"IAGETH\"],\"inLanguage\":\"es\",\"potentialAction\":[{\"@type\":\"CommentAction\",\"name\":\"Comment\",\"target\":[\"https:\/\/www.icog.es\/iageth\/index.php\/geoethics-will-be-present-in-the-ix-geological-congress-of-spain-huelva-spain\/#respond\"]}]},{\"@type\":\"WebPage\",\"@id\":\"https:\/\/www.icog.es\/iageth\/index.php\/geoethics-will-be-present-in-the-ix-geological-congress-of-spain-huelva-spain\/\",\"url\":\"https:\/\/www.icog.es\/iageth\/index.php\/geoethics-will-be-present-in-the-ix-geological-congress-of-spain-huelva-spain\/\",\"name\":\"Geoethics will be present in the IX Geological Congress of Spain, Huelva, Spain - International Association for Geoethics\",\"isPartOf\":{\"@id\":\"https:\/\/www.icog.es\/iageth\/#website\"},\"primaryImageOfPage\":{\"@id\":\"https:\/\/www.icog.es\/iageth\/index.php\/geoethics-will-be-present-in-the-ix-geological-congress-of-spain-huelva-spain\/#primaryimage\"},\"image\":{\"@id\":\"https:\/\/www.icog.es\/iageth\/index.php\/geoethics-will-be-present-in-the-ix-geological-congress-of-spain-huelva-spain\/#primaryimage\"},\"thumbnailUrl\":\"https:\/\/www.icog.es\/iageth\/wp-content\/uploads\/2015\/10\/bannerCGE.jpg\",\"datePublished\":\"2015-10-27T16:18:34+00:00\",\"dateModified\":\"2019-08-09T13:41:20+00:00\",\"inLanguage\":\"es\",\"potentialAction\":[{\"@type\":\"ReadAction\",\"target\":[\"https:\/\/www.icog.es\/iageth\/index.php\/geoethics-will-be-present-in-the-ix-geological-congress-of-spain-huelva-spain\/\"]}]},{\"@type\":\"ImageObject\",\"inLanguage\":\"es\",\"@id\":\"https:\/\/www.icog.es\/iageth\/index.php\/geoethics-will-be-present-in-the-ix-geological-congress-of-spain-huelva-spain\/#primaryimage\",\"url\":\"https:\/\/www.icog.es\/iageth\/wp-content\/uploads\/2015\/10\/bannerCGE.jpg\",\"contentUrl\":\"https:\/\/www.icog.es\/iageth\/wp-content\/uploads\/2015\/10\/bannerCGE.jpg\",\"width\":994,\"height\":373},{\"@type\":\"WebSite\",\"@id\":\"https:\/\/www.icog.es\/iageth\/#website\",\"url\":\"https:\/\/www.icog.es\/iageth\/\",\"name\":\"International Association for Geoethics\",\"description\":\"IAGETH\",\"publisher\":{\"@id\":\"https:\/\/www.icog.es\/iageth\/#organization\"},\"potentialAction\":[{\"@type\":\"SearchAction\",\"target\":{\"@type\":\"EntryPoint\",\"urlTemplate\":\"https:\/\/www.icog.es\/iageth\/?s={search_term_string}\"},\"query-input\":\"required name=search_term_string\"}],\"inLanguage\":\"es\"},{\"@type\":\"Organization\",\"@id\":\"https:\/\/www.icog.es\/iageth\/#organization\",\"name\":\"International Association for Geoethics\",\"url\":\"https:\/\/www.icog.es\/iageth\/\",\"logo\":{\"@type\":\"ImageObject\",\"inLanguage\":\"es\",\"@id\":\"https:\/\/www.icog.es\/iageth\/#\/schema\/logo\/image\/\",\"url\":\"https:\/\/www.icog.es\/iageth\/wp-content\/uploads\/2013\/07\/IAGETH_logo.jpg\",\"contentUrl\":\"https:\/\/www.icog.es\/iageth\/wp-content\/uploads\/2013\/07\/IAGETH_logo.jpg\",\"width\":380,\"height\":357,\"caption\":\"International Association for Geoethics\"},\"image\":{\"@id\":\"https:\/\/www.icog.es\/iageth\/#\/schema\/logo\/image\/\"},\"sameAs\":[\"https:\/\/www.facebook.com\/International.Association.for.Geoethics.IAGETH\",\"https:\/\/x.com\/GeoethicsIAGETH\",\"https:\/\/www.linkedin.com\/groups\/Geoethics-official-site-International-Association-4670664\"]},{\"@type\":\"Person\",\"@id\":\"https:\/\/www.icog.es\/iageth\/#\/schema\/person\/11f338352d8cd194aa1ccfb258e581de\",\"name\":\"Jes\u00fas Mart\u00ednez Fr\u00edas\",\"image\":{\"@type\":\"ImageObject\",\"inLanguage\":\"es\",\"@id\":\"https:\/\/www.icog.es\/iageth\/#\/schema\/person\/image\/\",\"url\":\"https:\/\/secure.gravatar.com\/avatar\/6d5621034c1e68f852182e51be9f40a5?s=96&d=mm&r=g\",\"contentUrl\":\"https:\/\/secure.gravatar.com\/avatar\/6d5621034c1e68f852182e51be9f40a5?s=96&d=mm&r=g\",\"caption\":\"Jes\u00fas Mart\u00ednez Fr\u00edas\"},\"description\":\"Investigador Cient\u00edfico del IGEO (CSIC-UCM) y Profesor \u201cAd Honorem\u201d de la UPM. Experto en Meteoritos, Geolog\u00eda Planetaria y Astrobiolog\u00eda. Ex-Director del Laboratorio de Geolog\u00eda Planetaria y Dpto. de Planetolog\u00eda y Habitabilidad del CAB. Miembro de los equipos de ciencia de las misiones NASA-MSL, ESA-ExoMars y NASA-Mars2020. Miembro del Consejo Ejecutivo de la European Astrobiology Network Association (EANA). Oficial de Ciencia (Origins and Astrobiology) de la EGU y miembro de la Comisi\u00f3n de Astrobiolog\u00eda de la Uni\u00f3n Astron\u00f3mica Inernacional (IAU). Director de REDESPA.\",\"sameAs\":[\"http:\/\/tierra.rediris.es\/jmfrias\"],\"url\":\"https:\/\/www.icog.es\/iageth\/index.php\/author\/jmfrias\/\"}]}<\/script>\r\n<!-- \/ Yoast SEO plugin. -->","yoast_head_json":{"title":"Geoethics will be present in the IX Geological Congress of Spain, Huelva, Spain - International Association for Geoethics","robots":{"index":"index","follow":"follow","max-snippet":"max-snippet:-1","max-image-preview":"max-image-preview:large","max-video-preview":"max-video-preview:-1"},"canonical":"https:\/\/www.icog.es\/iageth\/index.php\/geoethics-will-be-present-in-the-ix-geological-congress-of-spain-huelva-spain\/","og_locale":"es_ES","og_type":"article","og_title":"Geoethics will be present in the IX Geological Congress of Spain, Huelva, Spain - International Association for Geoethics","og_description":"Geoethics is for the first time included in the Geological Congress of Spain. A special symposium entitled Geoethics (Session S6) will be included in the program of the congress which will be held in Campus del Carmen, University of Huelva, Huelva (Spain), from 12-14 September 2016 Two IAGETH members will be part of the coordination [&hellip;]","og_url":"https:\/\/www.icog.es\/iageth\/index.php\/geoethics-will-be-present-in-the-ix-geological-congress-of-spain-huelva-spain\/","og_site_name":"International Association for Geoethics","article_publisher":"https:\/\/www.facebook.com\/International.Association.for.Geoethics.IAGETH","article_published_time":"2015-10-27T16:18:34+00:00","article_modified_time":"2019-08-09T13:41:20+00:00","og_image":[{"width":994,"height":373,"url":"https:\/\/www.icog.es\/iageth\/wp-content\/uploads\/2015\/10\/bannerCGE.jpg","type":"image\/jpeg"}],"author":"Jes\u00fas Mart\u00ednez Fr\u00edas","twitter_card":"summary_large_image","twitter_creator":"@GeoethicsIAGETH","twitter_site":"@GeoethicsIAGETH","twitter_misc":{"Escrito por":"Jes\u00fas Mart\u00ednez Fr\u00edas","Tiempo de lectura":"2 minutos"},"schema":{"@context":"https:\/\/schema.org","@graph":[{"@type":"Article","@id":"https:\/\/www.icog.es\/iageth\/index.php\/geoethics-will-be-present-in-the-ix-geological-congress-of-spain-huelva-spain\/#article","isPartOf":{"@id":"https:\/\/www.icog.es\/iageth\/index.php\/geoethics-will-be-present-in-the-ix-geological-congress-of-spain-huelva-spain\/"},"author":{"name":"Jes\u00fas Mart\u00ednez Fr\u00edas","@id":"https:\/\/www.icog.es\/iageth\/#\/schema\/person\/11f338352d8cd194aa1ccfb258e581de"},"headline":"Geoethics will be present in the IX Geological Congress of Spain, Huelva, Spain","datePublished":"2015-10-27T16:18:34+00:00","dateModified":"2019-08-09T13:41:20+00:00","mainEntityOfPage":{"@id":"https:\/\/www.icog.es\/iageth\/index.php\/geoethics-will-be-present-in-the-ix-geological-congress-of-spain-huelva-spain\/"},"wordCount":388,"commentCount":0,"publisher":{"@id":"https:\/\/www.icog.es\/iageth\/#organization"},"image":{"@id":"https:\/\/www.icog.es\/iageth\/index.php\/geoethics-will-be-present-in-the-ix-geological-congress-of-spain-huelva-spain\/#primaryimage"},"thumbnailUrl":"https:\/\/www.icog.es\/iageth\/wp-content\/uploads\/2015\/10\/bannerCGE.jpg","keywords":["Congress","Ethics","geoethics","Geological","geosciences","IAGETH","Spain","Symposium"],"articleSection":["Congress","Ethics","Events","Geoethics","IAGETH"],"inLanguage":"es","potentialAction":[{"@type":"CommentAction","name":"Comment","target":["https:\/\/www.icog.es\/iageth\/index.php\/geoethics-will-be-present-in-the-ix-geological-congress-of-spain-huelva-spain\/#respond"]}]},{"@type":"WebPage","@id":"https:\/\/www.icog.es\/iageth\/index.php\/geoethics-will-be-present-in-the-ix-geological-congress-of-spain-huelva-spain\/","url":"https:\/\/www.icog.es\/iageth\/index.php\/geoethics-will-be-present-in-the-ix-geological-congress-of-spain-huelva-spain\/","name":"Geoethics will be present in the IX Geological Congress of Spain, Huelva, Spain - International Association for Geoethics","isPartOf":{"@id":"https:\/\/www.icog.es\/iageth\/#website"},"primaryImageOfPage":{"@id":"https:\/\/www.icog.es\/iageth\/index.php\/geoethics-will-be-present-in-the-ix-geological-congress-of-spain-huelva-spain\/#primaryimage"},"image":{"@id":"https:\/\/www.icog.es\/iageth\/index.php\/geoethics-will-be-present-in-the-ix-geological-congress-of-spain-huelva-spain\/#primaryimage"},"thumbnailUrl":"https:\/\/www.icog.es\/iageth\/wp-content\/uploads\/2015\/10\/bannerCGE.jpg","datePublished":"2015-10-27T16:18:34+00:00","dateModified":"2019-08-09T13:41:20+00:00","inLanguage":"es","potentialAction":[{"@type":"ReadAction","target":["https:\/\/www.icog.es\/iageth\/index.php\/geoethics-will-be-present-in-the-ix-geological-congress-of-spain-huelva-spain\/"]}]},{"@type":"ImageObject","inLanguage":"es","@id":"https:\/\/www.icog.es\/iageth\/index.php\/geoethics-will-be-present-in-the-ix-geological-congress-of-spain-huelva-spain\/#primaryimage","url":"https:\/\/www.icog.es\/iageth\/wp-content\/uploads\/2015\/10\/bannerCGE.jpg","contentUrl":"https:\/\/www.icog.es\/iageth\/wp-content\/uploads\/2015\/10\/bannerCGE.jpg","width":994,"height":373},{"@type":"WebSite","@id":"https:\/\/www.icog.es\/iageth\/#website","url":"https:\/\/www.icog.es\/iageth\/","name":"International Association for Geoethics","description":"IAGETH","publisher":{"@id":"https:\/\/www.icog.es\/iageth\/#organization"},"potentialAction":[{"@type":"SearchAction","target":{"@type":"EntryPoint","urlTemplate":"https:\/\/www.icog.es\/iageth\/?s={search_term_string}"},"query-input":"required name=search_term_string"}],"inLanguage":"es"},{"@type":"Organization","@id":"https:\/\/www.icog.es\/iageth\/#organization","name":"International Association for Geoethics","url":"https:\/\/www.icog.es\/iageth\/","logo":{"@type":"ImageObject","inLanguage":"es","@id":"https:\/\/www.icog.es\/iageth\/#\/schema\/logo\/image\/","url":"https:\/\/www.icog.es\/iageth\/wp-content\/uploads\/2013\/07\/IAGETH_logo.jpg","contentUrl":"https:\/\/www.icog.es\/iageth\/wp-content\/uploads\/2013\/07\/IAGETH_logo.jpg","width":380,"height":357,"caption":"International Association for Geoethics"},"image":{"@id":"https:\/\/www.icog.es\/iageth\/#\/schema\/logo\/image\/"},"sameAs":["https:\/\/www.facebook.com\/International.Association.for.Geoethics.IAGETH","https:\/\/x.com\/GeoethicsIAGETH","https:\/\/www.linkedin.com\/groups\/Geoethics-official-site-International-Association-4670664"]},{"@type":"Person","@id":"https:\/\/www.icog.es\/iageth\/#\/schema\/person\/11f338352d8cd194aa1ccfb258e581de","name":"Jes\u00fas Mart\u00ednez Fr\u00edas","image":{"@type":"ImageObject","inLanguage":"es","@id":"https:\/\/www.icog.es\/iageth\/#\/schema\/person\/image\/","url":"https:\/\/secure.gravatar.com\/avatar\/6d5621034c1e68f852182e51be9f40a5?s=96&d=mm&r=g","contentUrl":"https:\/\/secure.gravatar.com\/avatar\/6d5621034c1e68f852182e51be9f40a5?s=96&d=mm&r=g","caption":"Jes\u00fas Mart\u00ednez Fr\u00edas"},"description":"Investigador Cient\u00edfico del IGEO (CSIC-UCM) y Profesor \u201cAd Honorem\u201d de la UPM. Experto en Meteoritos, Geolog\u00eda Planetaria y Astrobiolog\u00eda. Ex-Director del Laboratorio de Geolog\u00eda Planetaria y Dpto. de Planetolog\u00eda y Habitabilidad del CAB. Miembro de los equipos de ciencia de las misiones NASA-MSL, ESA-ExoMars y NASA-Mars2020. Miembro del Consejo Ejecutivo de la European Astrobiology Network Association (EANA). Oficial de Ciencia (Origins and Astrobiology) de la EGU y miembro de la Comisi\u00f3n de Astrobiolog\u00eda de la Uni\u00f3n Astron\u00f3mica Inernacional (IAU). Director de REDESPA.","sameAs":["http:\/\/tierra.rediris.es\/jmfrias"],"url":"https:\/\/www.icog.es\/iageth\/index.php\/author\/jmfrias\/"}]}},"amp_enabled":true,"_links":{"self":[{"href":"https:\/\/www.icog.es\/iageth\/index.php\/wp-json\/wp\/v2\/posts\/932"}],"collection":[{"href":"https:\/\/www.icog.es\/iageth\/index.php\/wp-json\/wp\/v2\/posts"}],"about":[{"href":"https:\/\/www.icog.es\/iageth\/index.php\/wp-json\/wp\/v2\/types\/post"}],"author":[{"embeddable":true,"href":"https:\/\/www.icog.es\/iageth\/index.php\/wp-json\/wp\/v2\/users\/2"}],"replies":[{"embeddable":true,"href":"https:\/\/www.icog.es\/iageth\/index.php\/wp-json\/wp\/v2\/comments?post=932"}],"version-history":[{"count":3,"href":"https:\/\/www.icog.es\/iageth\/index.php\/wp-json\/wp\/v2\/posts\/932\/revisions"}],"predecessor-version":[{"id":1457,"href":"https:\/\/www.icog.es\/iageth\/index.php\/wp-json\/wp\/v2\/posts\/932\/revisions\/1457"}],"wp:featuredmedia":[{"embeddable":true,"href":"https:\/\/www.icog.es\/iageth\/index.php\/wp-json\/wp\/v2\/media\/934"}],"wp:attachment":[{"href":"https:\/\/www.icog.es\/iageth\/index.php\/wp-json\/wp\/v2\/media?parent=932"}],"wp:term":[{"taxonomy":"category","embeddable":true,"href":"https:\/\/www.icog.es\/iageth\/index.php\/wp-json\/wp\/v2\/categories?post=932"},{"taxonomy":"post_tag","embeddable":true,"href":"https:\/\/www.icog.es\/iageth\/index.php\/wp-json\/wp\/v2\/tags?post=932"}],"curies":[{"name":"wp","href":"https:\/\/api.w.org\/{rel}","templated":true}]}}