{"id":84,"date":"2015-09-09T17:52:14","date_gmt":"2015-09-09T17:52:14","guid":{"rendered":"http:\/\/www.icog.es\/geologosdelmundo\/?p=84"},"modified":"2016-01-04T17:53:45","modified_gmt":"2016-01-04T17:53:45","slug":"8-de-septiembre-dia-del-cooperante","status":"publish","type":"post","link":"https:\/\/www.icog.es\/geologosdelmundo\/index.php\/2015\/09\/09\/8-de-septiembre-dia-del-cooperante\/","title":{"rendered":"8 de septiembre D\u00eda del Cooperante"},"content":{"rendered":"<p style=\"text-align: justify;\">El 8 de septiembre del a\u00f1o 2000 los jefes de Estado y de Gobierno de 189 pa\u00edses firmaron la Declaraci\u00f3n del Milenio. Esta declaraci\u00f3n recog\u00eda los compromisos de los Estados miembros de Naciones Unidas con la construcci\u00f3n de un mundo m\u00e1s pac\u00edfico, m\u00e1s pr\u00f3spero y m\u00e1s justo sobre los valores de libertad, igualdad, solidaridad, tolerancia, respeto a la naturaleza y responsabilidad com\u00fan. La Declaraci\u00f3n del Milenio inclu\u00eda tambi\u00e9n los 8 Objetivos de Desarrollo del Milenio, objetivos que constituyen el que ha sido hasta la fecha el mayor compromiso internacional contra la pobreza.<\/p>\n<p style=\"text-align: justify;\">El Gobierno de Espa\u00f1a design\u00f3 en 2007 el 8 de septiembre como d\u00eda del cooperante, una oportunidad para situar el sector en primera plana, homenajear a los cooperantes y recordar la importancia de la cooperaci\u00f3n para el desarrollo como pol\u00edtica p\u00fablica.<\/p>\n<p style=\"text-align: justify;\">En Ge\u00f3logos del Mundo llevamos a\u00f1os enviando voluntarios a diferentes pa\u00edses del mundo en Latinoam\u00e9rica y \u00c1frica, por lo cual felicitamos a todos los voluntarios que han sido y a los que han participado en nuestros proyectos o ayudando en las oficinas de GM.<\/p>\n<p style=\"text-align: justify;\"><blockquote class=\"\"><p> Cerca de 3.000 profesionales espa\u00f1oles trabajan en cooperaci\u00f3n para el desarrollo realizando una encomiable labor <\/p><\/blockquote>\n","protected":false},"excerpt":{"rendered":"<p>El 8 de septiembre del a\u00f1o 2000 los jefes de Estado y de Gobierno de 189 pa\u00edses firmaron la Declaraci\u00f3n del Milenio. Esta declaraci\u00f3n recog\u00eda los compromisos de los Estados miembros de Naciones Unidas con la construcci\u00f3n de un mundo m\u00e1s pac\u00edfico, m\u00e1s pr\u00f3spero y m\u00e1s justo sobre los valores de libertad, igualdad, solidaridad, tolerancia,<\/p>\n","protected":false},"author":1,"featured_media":87,"comment_status":"open","ping_status":"open","sticky":false,"template":"","format":"standard","meta":{"footnotes":""},"categories":[22,9],"tags":[23,24],"yoast_head":"<!-- This site is optimized with the Yoast SEO plugin v23.5 - https:\/\/yoast.com\/wordpress\/plugins\/seo\/ -->\r\n<title>8 de septiembre D\u00eda del Cooperante - Ge\u00f3logos del Mundo<\/title>\r\n<meta name=\"robots\" content=\"index, follow, max-snippet:-1, max-image-preview:large, max-video-preview:-1\" \/>\r\n<link rel=\"canonical\" href=\"https:\/\/www.icog.es\/geologosdelmundo\/index.php\/2015\/09\/09\/8-de-septiembre-dia-del-cooperante\/\" \/>\r\n<meta property=\"og:locale\" content=\"es_ES\" \/>\r\n<meta property=\"og:type\" content=\"article\" \/>\r\n<meta property=\"og:title\" content=\"8 de septiembre D\u00eda del Cooperante - Ge\u00f3logos del Mundo\" \/>\r\n<meta property=\"og:description\" content=\"El 8 de septiembre del a\u00f1o 2000 los jefes de Estado y de Gobierno de 189 pa\u00edses firmaron la Declaraci\u00f3n del Milenio. Esta declaraci\u00f3n recog\u00eda los compromisos de los Estados miembros de Naciones Unidas con la construcci\u00f3n de un mundo m\u00e1s pac\u00edfico, m\u00e1s pr\u00f3spero y m\u00e1s justo sobre los valores de libertad, igualdad, solidaridad, tolerancia,\" \/>\r\n<meta property=\"og:url\" content=\"https:\/\/www.icog.es\/geologosdelmundo\/index.php\/2015\/09\/09\/8-de-septiembre-dia-del-cooperante\/\" \/>\r\n<meta property=\"og:site_name\" content=\"Ge\u00f3logos del Mundo\" \/>\r\n<meta property=\"article:publisher\" content=\"https:\/\/www.facebook.com\/geologosdelmundo.worldgeologists\" \/>\r\n<meta property=\"article:published_time\" content=\"2015-09-09T17:52:14+00:00\" \/>\r\n<meta property=\"article:modified_time\" content=\"2016-01-04T17:53:45+00:00\" \/>\r\n<meta property=\"og:image\" content=\"https:\/\/www.icog.es\/geologosdelmundo\/wp-content\/uploads\/2016\/01\/rostros_desarrollo_2015-e1451929888480.jpg\" \/>\r\n\t<meta property=\"og:image:width\" content=\"1011\" \/>\r\n\t<meta property=\"og:image:height\" content=\"744\" \/>\r\n\t<meta property=\"og:image:type\" content=\"image\/jpeg\" \/>\r\n<meta name=\"author\" content=\"epampliega\" \/>\r\n<meta name=\"twitter:card\" content=\"summary_large_image\" \/>\r\n<meta name=\"twitter:creator\" content=\"@Geologos_Mundo\" \/>\r\n<meta name=\"twitter:site\" content=\"@Geologos_Mundo\" \/>\r\n<meta name=\"twitter:label1\" content=\"Escrito por\" \/>\n\t<meta name=\"twitter:data1\" content=\"epampliega\" \/>\n\t<meta name=\"twitter:label2\" content=\"Tiempo de lectura\" \/>\n\t<meta name=\"twitter:data2\" content=\"1 minuto\" \/>\r\n<script type=\"application\/ld+json\" class=\"yoast-schema-graph\">{\"@context\":\"https:\/\/schema.org\",\"@graph\":[{\"@type\":\"WebPage\",\"@id\":\"https:\/\/www.icog.es\/geologosdelmundo\/index.php\/2015\/09\/09\/8-de-septiembre-dia-del-cooperante\/\",\"url\":\"https:\/\/www.icog.es\/geologosdelmundo\/index.php\/2015\/09\/09\/8-de-septiembre-dia-del-cooperante\/\",\"name\":\"8 de septiembre D\u00eda del Cooperante - Ge\u00f3logos del Mundo\",\"isPartOf\":{\"@id\":\"https:\/\/www.icog.es\/geologosdelmundo\/#website\"},\"primaryImageOfPage\":{\"@id\":\"https:\/\/www.icog.es\/geologosdelmundo\/index.php\/2015\/09\/09\/8-de-septiembre-dia-del-cooperante\/#primaryimage\"},\"image\":{\"@id\":\"https:\/\/www.icog.es\/geologosdelmundo\/index.php\/2015\/09\/09\/8-de-septiembre-dia-del-cooperante\/#primaryimage\"},\"thumbnailUrl\":\"https:\/\/www.icog.es\/geologosdelmundo\/wp-content\/uploads\/2016\/01\/rostros_desarrollo_2015-e1451929888480.jpg\",\"datePublished\":\"2015-09-09T17:52:14+00:00\",\"dateModified\":\"2016-01-04T17:53:45+00:00\",\"author\":{\"@id\":\"https:\/\/www.icog.es\/geologosdelmundo\/#\/schema\/person\/54c41cd2a1a1c233fe61d3f06c3ee759\"},\"breadcrumb\":{\"@id\":\"https:\/\/www.icog.es\/geologosdelmundo\/index.php\/2015\/09\/09\/8-de-septiembre-dia-del-cooperante\/#breadcrumb\"},\"inLanguage\":\"es\",\"potentialAction\":[{\"@type\":\"ReadAction\",\"target\":[\"https:\/\/www.icog.es\/geologosdelmundo\/index.php\/2015\/09\/09\/8-de-septiembre-dia-del-cooperante\/\"]}]},{\"@type\":\"ImageObject\",\"inLanguage\":\"es\",\"@id\":\"https:\/\/www.icog.es\/geologosdelmundo\/index.php\/2015\/09\/09\/8-de-septiembre-dia-del-cooperante\/#primaryimage\",\"url\":\"https:\/\/www.icog.es\/geologosdelmundo\/wp-content\/uploads\/2016\/01\/rostros_desarrollo_2015-e1451929888480.jpg\",\"contentUrl\":\"https:\/\/www.icog.es\/geologosdelmundo\/wp-content\/uploads\/2016\/01\/rostros_desarrollo_2015-e1451929888480.jpg\",\"width\":1011,\"height\":744},{\"@type\":\"BreadcrumbList\",\"@id\":\"https:\/\/www.icog.es\/geologosdelmundo\/index.php\/2015\/09\/09\/8-de-septiembre-dia-del-cooperante\/#breadcrumb\",\"itemListElement\":[{\"@type\":\"ListItem\",\"position\":1,\"name\":\"Portada\",\"item\":\"https:\/\/www.icog.es\/geologosdelmundo\/\"},{\"@type\":\"ListItem\",\"position\":2,\"name\":\"8 de septiembre D\u00eda del Cooperante\"}]},{\"@type\":\"WebSite\",\"@id\":\"https:\/\/www.icog.es\/geologosdelmundo\/#website\",\"url\":\"https:\/\/www.icog.es\/geologosdelmundo\/\",\"name\":\"Ge\u00f3logos del Mundo\",\"description\":\"La ONG Ge\u00f3logos del Mundo es una organizaci\u00f3n no gubernamental sin \u00e1nimo de lucro, creada en Espa\u00f1a el a\u00f1o 1999.\",\"potentialAction\":[{\"@type\":\"SearchAction\",\"target\":{\"@type\":\"EntryPoint\",\"urlTemplate\":\"https:\/\/www.icog.es\/geologosdelmundo\/?s={search_term_string}\"},\"query-input\":{\"@type\":\"PropertyValueSpecification\",\"valueRequired\":true,\"valueName\":\"search_term_string\"}}],\"inLanguage\":\"es\"},{\"@type\":\"Person\",\"@id\":\"https:\/\/www.icog.es\/geologosdelmundo\/#\/schema\/person\/54c41cd2a1a1c233fe61d3f06c3ee759\",\"name\":\"epampliega\",\"image\":{\"@type\":\"ImageObject\",\"inLanguage\":\"es\",\"@id\":\"https:\/\/www.icog.es\/geologosdelmundo\/#\/schema\/person\/image\/\",\"url\":\"https:\/\/secure.gravatar.com\/avatar\/62e88709378390b36532ebb2bb1f9e5f?s=96&d=mm&r=g\",\"contentUrl\":\"https:\/\/secure.gravatar.com\/avatar\/62e88709378390b36532ebb2bb1f9e5f?s=96&d=mm&r=g\",\"caption\":\"epampliega\"},\"url\":\"https:\/\/www.icog.es\/geologosdelmundo\/index.php\/author\/epampliega\/\"}]}<\/script>\r\n<!-- \/ Yoast SEO plugin. -->","yoast_head_json":{"title":"8 de septiembre D\u00eda del Cooperante - Ge\u00f3logos del Mundo","robots":{"index":"index","follow":"follow","max-snippet":"max-snippet:-1","max-image-preview":"max-image-preview:large","max-video-preview":"max-video-preview:-1"},"canonical":"https:\/\/www.icog.es\/geologosdelmundo\/index.php\/2015\/09\/09\/8-de-septiembre-dia-del-cooperante\/","og_locale":"es_ES","og_type":"article","og_title":"8 de septiembre D\u00eda del Cooperante - Ge\u00f3logos del Mundo","og_description":"El 8 de septiembre del a\u00f1o 2000 los jefes de Estado y de Gobierno de 189 pa\u00edses firmaron la Declaraci\u00f3n del Milenio. Esta declaraci\u00f3n recog\u00eda los compromisos de los Estados miembros de Naciones Unidas con la construcci\u00f3n de un mundo m\u00e1s pac\u00edfico, m\u00e1s pr\u00f3spero y m\u00e1s justo sobre los valores de libertad, igualdad, solidaridad, tolerancia,","og_url":"https:\/\/www.icog.es\/geologosdelmundo\/index.php\/2015\/09\/09\/8-de-septiembre-dia-del-cooperante\/","og_site_name":"Ge\u00f3logos del Mundo","article_publisher":"https:\/\/www.facebook.com\/geologosdelmundo.worldgeologists","article_published_time":"2015-09-09T17:52:14+00:00","article_modified_time":"2016-01-04T17:53:45+00:00","og_image":[{"width":1011,"height":744,"url":"https:\/\/www.icog.es\/geologosdelmundo\/wp-content\/uploads\/2016\/01\/rostros_desarrollo_2015-e1451929888480.jpg","type":"image\/jpeg"}],"author":"epampliega","twitter_card":"summary_large_image","twitter_creator":"@Geologos_Mundo","twitter_site":"@Geologos_Mundo","twitter_misc":{"Escrito por":"epampliega","Tiempo de lectura":"1 minuto"},"schema":{"@context":"https:\/\/schema.org","@graph":[{"@type":"WebPage","@id":"https:\/\/www.icog.es\/geologosdelmundo\/index.php\/2015\/09\/09\/8-de-septiembre-dia-del-cooperante\/","url":"https:\/\/www.icog.es\/geologosdelmundo\/index.php\/2015\/09\/09\/8-de-septiembre-dia-del-cooperante\/","name":"8 de septiembre D\u00eda del Cooperante - Ge\u00f3logos del Mundo","isPartOf":{"@id":"https:\/\/www.icog.es\/geologosdelmundo\/#website"},"primaryImageOfPage":{"@id":"https:\/\/www.icog.es\/geologosdelmundo\/index.php\/2015\/09\/09\/8-de-septiembre-dia-del-cooperante\/#primaryimage"},"image":{"@id":"https:\/\/www.icog.es\/geologosdelmundo\/index.php\/2015\/09\/09\/8-de-septiembre-dia-del-cooperante\/#primaryimage"},"thumbnailUrl":"https:\/\/www.icog.es\/geologosdelmundo\/wp-content\/uploads\/2016\/01\/rostros_desarrollo_2015-e1451929888480.jpg","datePublished":"2015-09-09T17:52:14+00:00","dateModified":"2016-01-04T17:53:45+00:00","author":{"@id":"https:\/\/www.icog.es\/geologosdelmundo\/#\/schema\/person\/54c41cd2a1a1c233fe61d3f06c3ee759"},"breadcrumb":{"@id":"https:\/\/www.icog.es\/geologosdelmundo\/index.php\/2015\/09\/09\/8-de-septiembre-dia-del-cooperante\/#breadcrumb"},"inLanguage":"es","potentialAction":[{"@type":"ReadAction","target":["https:\/\/www.icog.es\/geologosdelmundo\/index.php\/2015\/09\/09\/8-de-septiembre-dia-del-cooperante\/"]}]},{"@type":"ImageObject","inLanguage":"es","@id":"https:\/\/www.icog.es\/geologosdelmundo\/index.php\/2015\/09\/09\/8-de-septiembre-dia-del-cooperante\/#primaryimage","url":"https:\/\/www.icog.es\/geologosdelmundo\/wp-content\/uploads\/2016\/01\/rostros_desarrollo_2015-e1451929888480.jpg","contentUrl":"https:\/\/www.icog.es\/geologosdelmundo\/wp-content\/uploads\/2016\/01\/rostros_desarrollo_2015-e1451929888480.jpg","width":1011,"height":744},{"@type":"BreadcrumbList","@id":"https:\/\/www.icog.es\/geologosdelmundo\/index.php\/2015\/09\/09\/8-de-septiembre-dia-del-cooperante\/#breadcrumb","itemListElement":[{"@type":"ListItem","position":1,"name":"Portada","item":"https:\/\/www.icog.es\/geologosdelmundo\/"},{"@type":"ListItem","position":2,"name":"8 de septiembre D\u00eda del Cooperante"}]},{"@type":"WebSite","@id":"https:\/\/www.icog.es\/geologosdelmundo\/#website","url":"https:\/\/www.icog.es\/geologosdelmundo\/","name":"Ge\u00f3logos del Mundo","description":"La ONG Ge\u00f3logos del Mundo es una organizaci\u00f3n no gubernamental sin \u00e1nimo de lucro, creada en Espa\u00f1a el a\u00f1o 1999.","potentialAction":[{"@type":"SearchAction","target":{"@type":"EntryPoint","urlTemplate":"https:\/\/www.icog.es\/geologosdelmundo\/?s={search_term_string}"},"query-input":{"@type":"PropertyValueSpecification","valueRequired":true,"valueName":"search_term_string"}}],"inLanguage":"es"},{"@type":"Person","@id":"https:\/\/www.icog.es\/geologosdelmundo\/#\/schema\/person\/54c41cd2a1a1c233fe61d3f06c3ee759","name":"epampliega","image":{"@type":"ImageObject","inLanguage":"es","@id":"https:\/\/www.icog.es\/geologosdelmundo\/#\/schema\/person\/image\/","url":"https:\/\/secure.gravatar.com\/avatar\/62e88709378390b36532ebb2bb1f9e5f?s=96&d=mm&r=g","contentUrl":"https:\/\/secure.gravatar.com\/avatar\/62e88709378390b36532ebb2bb1f9e5f?s=96&d=mm&r=g","caption":"epampliega"},"url":"https:\/\/www.icog.es\/geologosdelmundo\/index.php\/author\/epampliega\/"}]}},"_links":{"self":[{"href":"https:\/\/www.icog.es\/geologosdelmundo\/index.php\/wp-json\/wp\/v2\/posts\/84"}],"collection":[{"href":"https:\/\/www.icog.es\/geologosdelmundo\/index.php\/wp-json\/wp\/v2\/posts"}],"about":[{"href":"https:\/\/www.icog.es\/geologosdelmundo\/index.php\/wp-json\/wp\/v2\/types\/post"}],"author":[{"embeddable":true,"href":"https:\/\/www.icog.es\/geologosdelmundo\/index.php\/wp-json\/wp\/v2\/users\/1"}],"replies":[{"embeddable":true,"href":"https:\/\/www.icog.es\/geologosdelmundo\/index.php\/wp-json\/wp\/v2\/comments?post=84"}],"version-history":[{"count":3,"href":"https:\/\/www.icog.es\/geologosdelmundo\/index.php\/wp-json\/wp\/v2\/posts\/84\/revisions"}],"predecessor-version":[{"id":88,"href":"https:\/\/www.icog.es\/geologosdelmundo\/index.php\/wp-json\/wp\/v2\/posts\/84\/revisions\/88"}],"wp:featuredmedia":[{"embeddable":true,"href":"https:\/\/www.icog.es\/geologosdelmundo\/index.php\/wp-json\/wp\/v2\/media\/87"}],"wp:attachment":[{"href":"https:\/\/www.icog.es\/geologosdelmundo\/index.php\/wp-json\/wp\/v2\/media?parent=84"}],"wp:term":[{"taxonomy":"category","embeddable":true,"href":"https:\/\/www.icog.es\/geologosdelmundo\/index.php\/wp-json\/wp\/v2\/categories?post=84"},{"taxonomy":"post_tag","embeddable":true,"href":"https:\/\/www.icog.es\/geologosdelmundo\/index.php\/wp-json\/wp\/v2\/tags?post=84"}],"curies":[{"name":"wp","href":"https:\/\/api.w.org\/{rel}","templated":true}]}}