{"id":475,"date":"2016-11-10T13:26:45","date_gmt":"2016-11-10T13:26:45","guid":{"rendered":"http:\/\/www.icog.es\/geologosdelmundo\/?p=475"},"modified":"2016-11-10T13:26:45","modified_gmt":"2016-11-10T13:26:45","slug":"invitacion-la-conferencia-geologia-cooperacion-16-terremoto-jama-pedernales-ecuador","status":"publish","type":"post","link":"https:\/\/www.icog.es\/geologosdelmundo\/index.php\/2016\/11\/10\/invitacion-la-conferencia-geologia-cooperacion-16-terremoto-jama-pedernales-ecuador\/","title":{"rendered":"Invitaci\u00f3n a la conferencia:  GEOLOG\u00cdA Y COOPERACI\u00d3N \u201c16-A: el terremoto de Jama-Pedernales, Ecuador\u201d"},"content":{"rendered":"<h3><strong>Os invitamos a asistir a la conferencia:\u00a0<\/strong><\/h3>\n<h3 style=\"text-align: center;\">GEOLOG\u00cdA Y COOPERACI\u00d3N<\/h3>\n<h3 style=\"text-align: center;\">\u201c16-A: el terremoto de Jama-Pedernales, Ecuador\u201d<\/h3>\n<h4>Con la colaboraci\u00f3n de la Fundaci\u00f3n G\u00f3mez Pardo y el Instituto Geol\u00f3gico y Minero de Espa\u00f1a.<\/h4>\n<h5><strong>Ponentes:\u00a0<\/strong>David Sanz Arauz, presidente de Ge\u00f3logos del Mundo \u00a0y \u00a0Rafael Jord\u00e1 Bordehore, jefe de proyecto en Ecuador<\/h5>\n<p><strong>Lugar: Auditorio de la Fundaci\u00f3n G\u00f3mez Pardo<\/strong><\/p>\n<p><strong>C\/ Alenza, 1 \u00a0Madrid\u00a0\u00a0\u00a0<\/strong><\/p>\n<p><strong>Metro: R\u00edos Rosas\u00a0\u00a0\u00a0\u00a0\u00a0\u00a0\u00a0\u00a0\u00a0\u00a0\u00a0\u00a0\u00a0\u00a0\u00a0\u00a0\u00a0\u00a0\u00a0\u00a0\u00a0\u00a0\u00a0\u00a0\u00a0\u00a0\u00a0\u00a0\u00a0\u00a0\u00a0\u00a0\u00a0\u00a0\u00a0\u00a0\u00a0\u00a0\u00a0\u00a0\u00a0\u00a0\u00a0\u00a0\u00a0\u00a0\u00a0\u00a0\u00a0\u00a0\u00a0\u00a0\u00a0\u00a0\u00a0\u00a0\u00a0\u00a0\u00a0\u00a0\u00a0\u00a0\u00a0\u00a0\u00a0\u00a0\u00a0\u00a0\u00a0\u00a0\u00a0\u00a0\u00a0\u00a0\u00a0\u00a0<\/strong><\/p>\n<p><strong>D\u00eda: Jueves 17 de noviembre de 2016<\/strong><\/p>\n<p><strong>Hora: 12:30h<\/strong><\/p>\n<p><img loading=\"lazy\" decoding=\"async\" class=\"aligncenter wp-image-476 size-full\" src=\"https:\/\/www.icog.es\/geologosdelmundo\/wp-content\/uploads\/2016\/11\/PRESENTACION_FGP_2016-e1478783083192.jpg\" alt=\"presentacion_fgp_2016\" width=\"662\" height=\"953\" srcset=\"https:\/\/www.icog.es\/geologosdelmundo\/wp-content\/uploads\/2016\/11\/PRESENTACION_FGP_2016-e1478783083192.jpg 662w, https:\/\/www.icog.es\/geologosdelmundo\/wp-content\/uploads\/2016\/11\/PRESENTACION_FGP_2016-e1478783083192-208x300.jpg 208w, https:\/\/www.icog.es\/geologosdelmundo\/wp-content\/uploads\/2016\/11\/PRESENTACION_FGP_2016-e1478783083192-130x187.jpg 130w\" sizes=\"(max-width: 662px) 100vw, 662px\" \/><\/p>\n<p>&nbsp;<\/p>\n<p>&nbsp;<\/p>\n","protected":false},"excerpt":{"rendered":"<p>Os invitamos a asistir a la conferencia:\u00a0 GEOLOG\u00cdA Y COOPERACI\u00d3N \u201c16-A: el terremoto de Jama-Pedernales, Ecuador\u201d Con la colaboraci\u00f3n de la Fundaci\u00f3n G\u00f3mez Pardo y el Instituto Geol\u00f3gico y Minero de Espa\u00f1a. Ponentes:\u00a0David Sanz Arauz, presidente de Ge\u00f3logos del Mundo \u00a0y \u00a0Rafael Jord\u00e1 Bordehore, jefe de proyecto en Ecuador Lugar: Auditorio de la Fundaci\u00f3n G\u00f3mez<\/p>\n","protected":false},"author":2,"featured_media":477,"comment_status":"open","ping_status":"open","sticky":false,"template":"","format":"standard","meta":{"footnotes":""},"categories":[9],"tags":[55,52,62,3,63],"yoast_head":"<!-- This site is optimized with the Yoast SEO plugin v23.5 - https:\/\/yoast.com\/wordpress\/plugins\/seo\/ -->\r\n<title>Invitaci\u00f3n a la conferencia: GEOLOG\u00cdA Y COOPERACI\u00d3N \u201c16-A: el terremoto de Jama-Pedernales, Ecuador\u201d - Ge\u00f3logos del Mundo<\/title>\r\n<meta name=\"robots\" content=\"index, follow, max-snippet:-1, max-image-preview:large, max-video-preview:-1\" \/>\r\n<link rel=\"canonical\" href=\"https:\/\/www.icog.es\/geologosdelmundo\/index.php\/2016\/11\/10\/invitacion-la-conferencia-geologia-cooperacion-16-terremoto-jama-pedernales-ecuador\/\" \/>\r\n<meta property=\"og:locale\" content=\"es_ES\" \/>\r\n<meta property=\"og:type\" content=\"article\" \/>\r\n<meta property=\"og:title\" content=\"Invitaci\u00f3n a la conferencia: GEOLOG\u00cdA Y COOPERACI\u00d3N \u201c16-A: el terremoto de Jama-Pedernales, Ecuador\u201d - Ge\u00f3logos del Mundo\" \/>\r\n<meta property=\"og:description\" content=\"Os invitamos a asistir a la conferencia:\u00a0 GEOLOG\u00cdA Y COOPERACI\u00d3N \u201c16-A: el terremoto de Jama-Pedernales, Ecuador\u201d Con la colaboraci\u00f3n de la Fundaci\u00f3n G\u00f3mez Pardo y el Instituto Geol\u00f3gico y Minero de Espa\u00f1a. Ponentes:\u00a0David Sanz Arauz, presidente de Ge\u00f3logos del Mundo \u00a0y \u00a0Rafael Jord\u00e1 Bordehore, jefe de proyecto en Ecuador Lugar: Auditorio de la Fundaci\u00f3n G\u00f3mez\" \/>\r\n<meta property=\"og:url\" content=\"https:\/\/www.icog.es\/geologosdelmundo\/index.php\/2016\/11\/10\/invitacion-la-conferencia-geologia-cooperacion-16-terremoto-jama-pedernales-ecuador\/\" \/>\r\n<meta property=\"og:site_name\" content=\"Ge\u00f3logos del Mundo\" \/>\r\n<meta property=\"article:publisher\" content=\"https:\/\/www.facebook.com\/geologosdelmundo.worldgeologists\" \/>\r\n<meta property=\"article:published_time\" content=\"2016-11-10T13:26:45+00:00\" \/>\r\n<meta property=\"og:image\" content=\"https:\/\/www.icog.es\/geologosdelmundo\/wp-content\/uploads\/2016\/11\/PRESENTACION_FGP_2016_logos-e1478783514178.jpg\" \/>\r\n\t<meta property=\"og:image:width\" content=\"200\" \/>\r\n\t<meta property=\"og:image:height\" content=\"62\" \/>\r\n\t<meta property=\"og:image:type\" content=\"image\/jpeg\" \/>\r\n<meta name=\"author\" content=\"Cristina Rzepka\" \/>\r\n<meta name=\"twitter:card\" content=\"summary_large_image\" \/>\r\n<meta name=\"twitter:creator\" content=\"@Geologos_Mundo\" \/>\r\n<meta name=\"twitter:site\" content=\"@Geologos_Mundo\" \/>\r\n<meta name=\"twitter:label1\" content=\"Escrito por\" \/>\n\t<meta name=\"twitter:data1\" content=\"Cristina Rzepka\" \/>\n\t<meta name=\"twitter:label2\" content=\"Tiempo de lectura\" \/>\n\t<meta name=\"twitter:data2\" content=\"1 minuto\" \/>\r\n<script type=\"application\/ld+json\" class=\"yoast-schema-graph\">{\"@context\":\"https:\/\/schema.org\",\"@graph\":[{\"@type\":\"WebPage\",\"@id\":\"https:\/\/www.icog.es\/geologosdelmundo\/index.php\/2016\/11\/10\/invitacion-la-conferencia-geologia-cooperacion-16-terremoto-jama-pedernales-ecuador\/\",\"url\":\"https:\/\/www.icog.es\/geologosdelmundo\/index.php\/2016\/11\/10\/invitacion-la-conferencia-geologia-cooperacion-16-terremoto-jama-pedernales-ecuador\/\",\"name\":\"Invitaci\u00f3n a la conferencia: GEOLOG\u00cdA Y COOPERACI\u00d3N \u201c16-A: el terremoto de Jama-Pedernales, Ecuador\u201d - Ge\u00f3logos del Mundo\",\"isPartOf\":{\"@id\":\"https:\/\/www.icog.es\/geologosdelmundo\/#website\"},\"primaryImageOfPage\":{\"@id\":\"https:\/\/www.icog.es\/geologosdelmundo\/index.php\/2016\/11\/10\/invitacion-la-conferencia-geologia-cooperacion-16-terremoto-jama-pedernales-ecuador\/#primaryimage\"},\"image\":{\"@id\":\"https:\/\/www.icog.es\/geologosdelmundo\/index.php\/2016\/11\/10\/invitacion-la-conferencia-geologia-cooperacion-16-terremoto-jama-pedernales-ecuador\/#primaryimage\"},\"thumbnailUrl\":\"https:\/\/www.icog.es\/geologosdelmundo\/wp-content\/uploads\/2016\/11\/PRESENTACION_FGP_2016_logos-e1478783514178.jpg\",\"datePublished\":\"2016-11-10T13:26:45+00:00\",\"dateModified\":\"2016-11-10T13:26:45+00:00\",\"author\":{\"@id\":\"https:\/\/www.icog.es\/geologosdelmundo\/#\/schema\/person\/f9db4d6d3a89798909d8622b0d69d2ce\"},\"breadcrumb\":{\"@id\":\"https:\/\/www.icog.es\/geologosdelmundo\/index.php\/2016\/11\/10\/invitacion-la-conferencia-geologia-cooperacion-16-terremoto-jama-pedernales-ecuador\/#breadcrumb\"},\"inLanguage\":\"es\",\"potentialAction\":[{\"@type\":\"ReadAction\",\"target\":[\"https:\/\/www.icog.es\/geologosdelmundo\/index.php\/2016\/11\/10\/invitacion-la-conferencia-geologia-cooperacion-16-terremoto-jama-pedernales-ecuador\/\"]}]},{\"@type\":\"ImageObject\",\"inLanguage\":\"es\",\"@id\":\"https:\/\/www.icog.es\/geologosdelmundo\/index.php\/2016\/11\/10\/invitacion-la-conferencia-geologia-cooperacion-16-terremoto-jama-pedernales-ecuador\/#primaryimage\",\"url\":\"https:\/\/www.icog.es\/geologosdelmundo\/wp-content\/uploads\/2016\/11\/PRESENTACION_FGP_2016_logos-e1478783514178.jpg\",\"contentUrl\":\"https:\/\/www.icog.es\/geologosdelmundo\/wp-content\/uploads\/2016\/11\/PRESENTACION_FGP_2016_logos-e1478783514178.jpg\",\"width\":200,\"height\":62},{\"@type\":\"BreadcrumbList\",\"@id\":\"https:\/\/www.icog.es\/geologosdelmundo\/index.php\/2016\/11\/10\/invitacion-la-conferencia-geologia-cooperacion-16-terremoto-jama-pedernales-ecuador\/#breadcrumb\",\"itemListElement\":[{\"@type\":\"ListItem\",\"position\":1,\"name\":\"Portada\",\"item\":\"https:\/\/www.icog.es\/geologosdelmundo\/\"},{\"@type\":\"ListItem\",\"position\":2,\"name\":\"Invitaci\u00f3n a la conferencia: GEOLOG\u00cdA Y COOPERACI\u00d3N \u201c16-A: el terremoto de Jama-Pedernales, Ecuador\u201d\"}]},{\"@type\":\"WebSite\",\"@id\":\"https:\/\/www.icog.es\/geologosdelmundo\/#website\",\"url\":\"https:\/\/www.icog.es\/geologosdelmundo\/\",\"name\":\"Ge\u00f3logos del Mundo\",\"description\":\"La ONG Ge\u00f3logos del Mundo es una organizaci\u00f3n no gubernamental sin \u00e1nimo de lucro, creada en Espa\u00f1a el a\u00f1o 1999.\",\"potentialAction\":[{\"@type\":\"SearchAction\",\"target\":{\"@type\":\"EntryPoint\",\"urlTemplate\":\"https:\/\/www.icog.es\/geologosdelmundo\/?s={search_term_string}\"},\"query-input\":{\"@type\":\"PropertyValueSpecification\",\"valueRequired\":true,\"valueName\":\"search_term_string\"}}],\"inLanguage\":\"es\"},{\"@type\":\"Person\",\"@id\":\"https:\/\/www.icog.es\/geologosdelmundo\/#\/schema\/person\/f9db4d6d3a89798909d8622b0d69d2ce\",\"name\":\"Cristina Rzepka\",\"image\":{\"@type\":\"ImageObject\",\"inLanguage\":\"es\",\"@id\":\"https:\/\/www.icog.es\/geologosdelmundo\/#\/schema\/person\/image\/\",\"url\":\"https:\/\/secure.gravatar.com\/avatar\/62bc9671272d586ed4d3915651f7650a?s=96&d=mm&r=g\",\"contentUrl\":\"https:\/\/secure.gravatar.com\/avatar\/62bc9671272d586ed4d3915651f7650a?s=96&d=mm&r=g\",\"caption\":\"Cristina Rzepka\"},\"description\":\"Ge\u00f3loga. Webmaster en Ge\u00f3logos del Mundo desde 2008.\",\"url\":\"https:\/\/www.icog.es\/geologosdelmundo\/index.php\/author\/cristina\/\"}]}<\/script>\r\n<!-- \/ Yoast SEO plugin. -->","yoast_head_json":{"title":"Invitaci\u00f3n a la conferencia: GEOLOG\u00cdA Y COOPERACI\u00d3N \u201c16-A: el terremoto de Jama-Pedernales, Ecuador\u201d - Ge\u00f3logos del Mundo","robots":{"index":"index","follow":"follow","max-snippet":"max-snippet:-1","max-image-preview":"max-image-preview:large","max-video-preview":"max-video-preview:-1"},"canonical":"https:\/\/www.icog.es\/geologosdelmundo\/index.php\/2016\/11\/10\/invitacion-la-conferencia-geologia-cooperacion-16-terremoto-jama-pedernales-ecuador\/","og_locale":"es_ES","og_type":"article","og_title":"Invitaci\u00f3n a la conferencia: GEOLOG\u00cdA Y COOPERACI\u00d3N \u201c16-A: el terremoto de Jama-Pedernales, Ecuador\u201d - Ge\u00f3logos del Mundo","og_description":"Os invitamos a asistir a la conferencia:\u00a0 GEOLOG\u00cdA Y COOPERACI\u00d3N \u201c16-A: el terremoto de Jama-Pedernales, Ecuador\u201d Con la colaboraci\u00f3n de la Fundaci\u00f3n G\u00f3mez Pardo y el Instituto Geol\u00f3gico y Minero de Espa\u00f1a. Ponentes:\u00a0David Sanz Arauz, presidente de Ge\u00f3logos del Mundo \u00a0y \u00a0Rafael Jord\u00e1 Bordehore, jefe de proyecto en Ecuador Lugar: Auditorio de la Fundaci\u00f3n G\u00f3mez","og_url":"https:\/\/www.icog.es\/geologosdelmundo\/index.php\/2016\/11\/10\/invitacion-la-conferencia-geologia-cooperacion-16-terremoto-jama-pedernales-ecuador\/","og_site_name":"Ge\u00f3logos del Mundo","article_publisher":"https:\/\/www.facebook.com\/geologosdelmundo.worldgeologists","article_published_time":"2016-11-10T13:26:45+00:00","og_image":[{"width":200,"height":62,"url":"https:\/\/www.icog.es\/geologosdelmundo\/wp-content\/uploads\/2016\/11\/PRESENTACION_FGP_2016_logos-e1478783514178.jpg","type":"image\/jpeg"}],"author":"Cristina Rzepka","twitter_card":"summary_large_image","twitter_creator":"@Geologos_Mundo","twitter_site":"@Geologos_Mundo","twitter_misc":{"Escrito por":"Cristina Rzepka","Tiempo de lectura":"1 minuto"},"schema":{"@context":"https:\/\/schema.org","@graph":[{"@type":"WebPage","@id":"https:\/\/www.icog.es\/geologosdelmundo\/index.php\/2016\/11\/10\/invitacion-la-conferencia-geologia-cooperacion-16-terremoto-jama-pedernales-ecuador\/","url":"https:\/\/www.icog.es\/geologosdelmundo\/index.php\/2016\/11\/10\/invitacion-la-conferencia-geologia-cooperacion-16-terremoto-jama-pedernales-ecuador\/","name":"Invitaci\u00f3n a la conferencia: GEOLOG\u00cdA Y COOPERACI\u00d3N \u201c16-A: el terremoto de Jama-Pedernales, Ecuador\u201d - Ge\u00f3logos del Mundo","isPartOf":{"@id":"https:\/\/www.icog.es\/geologosdelmundo\/#website"},"primaryImageOfPage":{"@id":"https:\/\/www.icog.es\/geologosdelmundo\/index.php\/2016\/11\/10\/invitacion-la-conferencia-geologia-cooperacion-16-terremoto-jama-pedernales-ecuador\/#primaryimage"},"image":{"@id":"https:\/\/www.icog.es\/geologosdelmundo\/index.php\/2016\/11\/10\/invitacion-la-conferencia-geologia-cooperacion-16-terremoto-jama-pedernales-ecuador\/#primaryimage"},"thumbnailUrl":"https:\/\/www.icog.es\/geologosdelmundo\/wp-content\/uploads\/2016\/11\/PRESENTACION_FGP_2016_logos-e1478783514178.jpg","datePublished":"2016-11-10T13:26:45+00:00","dateModified":"2016-11-10T13:26:45+00:00","author":{"@id":"https:\/\/www.icog.es\/geologosdelmundo\/#\/schema\/person\/f9db4d6d3a89798909d8622b0d69d2ce"},"breadcrumb":{"@id":"https:\/\/www.icog.es\/geologosdelmundo\/index.php\/2016\/11\/10\/invitacion-la-conferencia-geologia-cooperacion-16-terremoto-jama-pedernales-ecuador\/#breadcrumb"},"inLanguage":"es","potentialAction":[{"@type":"ReadAction","target":["https:\/\/www.icog.es\/geologosdelmundo\/index.php\/2016\/11\/10\/invitacion-la-conferencia-geologia-cooperacion-16-terremoto-jama-pedernales-ecuador\/"]}]},{"@type":"ImageObject","inLanguage":"es","@id":"https:\/\/www.icog.es\/geologosdelmundo\/index.php\/2016\/11\/10\/invitacion-la-conferencia-geologia-cooperacion-16-terremoto-jama-pedernales-ecuador\/#primaryimage","url":"https:\/\/www.icog.es\/geologosdelmundo\/wp-content\/uploads\/2016\/11\/PRESENTACION_FGP_2016_logos-e1478783514178.jpg","contentUrl":"https:\/\/www.icog.es\/geologosdelmundo\/wp-content\/uploads\/2016\/11\/PRESENTACION_FGP_2016_logos-e1478783514178.jpg","width":200,"height":62},{"@type":"BreadcrumbList","@id":"https:\/\/www.icog.es\/geologosdelmundo\/index.php\/2016\/11\/10\/invitacion-la-conferencia-geologia-cooperacion-16-terremoto-jama-pedernales-ecuador\/#breadcrumb","itemListElement":[{"@type":"ListItem","position":1,"name":"Portada","item":"https:\/\/www.icog.es\/geologosdelmundo\/"},{"@type":"ListItem","position":2,"name":"Invitaci\u00f3n a la conferencia: GEOLOG\u00cdA Y COOPERACI\u00d3N \u201c16-A: el terremoto de Jama-Pedernales, Ecuador\u201d"}]},{"@type":"WebSite","@id":"https:\/\/www.icog.es\/geologosdelmundo\/#website","url":"https:\/\/www.icog.es\/geologosdelmundo\/","name":"Ge\u00f3logos del Mundo","description":"La ONG Ge\u00f3logos del Mundo es una organizaci\u00f3n no gubernamental sin \u00e1nimo de lucro, creada en Espa\u00f1a el a\u00f1o 1999.","potentialAction":[{"@type":"SearchAction","target":{"@type":"EntryPoint","urlTemplate":"https:\/\/www.icog.es\/geologosdelmundo\/?s={search_term_string}"},"query-input":{"@type":"PropertyValueSpecification","valueRequired":true,"valueName":"search_term_string"}}],"inLanguage":"es"},{"@type":"Person","@id":"https:\/\/www.icog.es\/geologosdelmundo\/#\/schema\/person\/f9db4d6d3a89798909d8622b0d69d2ce","name":"Cristina Rzepka","image":{"@type":"ImageObject","inLanguage":"es","@id":"https:\/\/www.icog.es\/geologosdelmundo\/#\/schema\/person\/image\/","url":"https:\/\/secure.gravatar.com\/avatar\/62bc9671272d586ed4d3915651f7650a?s=96&d=mm&r=g","contentUrl":"https:\/\/secure.gravatar.com\/avatar\/62bc9671272d586ed4d3915651f7650a?s=96&d=mm&r=g","caption":"Cristina Rzepka"},"description":"Ge\u00f3loga. Webmaster en Ge\u00f3logos del Mundo desde 2008.","url":"https:\/\/www.icog.es\/geologosdelmundo\/index.php\/author\/cristina\/"}]}},"_links":{"self":[{"href":"https:\/\/www.icog.es\/geologosdelmundo\/index.php\/wp-json\/wp\/v2\/posts\/475"}],"collection":[{"href":"https:\/\/www.icog.es\/geologosdelmundo\/index.php\/wp-json\/wp\/v2\/posts"}],"about":[{"href":"https:\/\/www.icog.es\/geologosdelmundo\/index.php\/wp-json\/wp\/v2\/types\/post"}],"author":[{"embeddable":true,"href":"https:\/\/www.icog.es\/geologosdelmundo\/index.php\/wp-json\/wp\/v2\/users\/2"}],"replies":[{"embeddable":true,"href":"https:\/\/www.icog.es\/geologosdelmundo\/index.php\/wp-json\/wp\/v2\/comments?post=475"}],"version-history":[{"count":7,"href":"https:\/\/www.icog.es\/geologosdelmundo\/index.php\/wp-json\/wp\/v2\/posts\/475\/revisions"}],"predecessor-version":[{"id":484,"href":"https:\/\/www.icog.es\/geologosdelmundo\/index.php\/wp-json\/wp\/v2\/posts\/475\/revisions\/484"}],"wp:featuredmedia":[{"embeddable":true,"href":"https:\/\/www.icog.es\/geologosdelmundo\/index.php\/wp-json\/wp\/v2\/media\/477"}],"wp:attachment":[{"href":"https:\/\/www.icog.es\/geologosdelmundo\/index.php\/wp-json\/wp\/v2\/media?parent=475"}],"wp:term":[{"taxonomy":"category","embeddable":true,"href":"https:\/\/www.icog.es\/geologosdelmundo\/index.php\/wp-json\/wp\/v2\/categories?post=475"},{"taxonomy":"post_tag","embeddable":true,"href":"https:\/\/www.icog.es\/geologosdelmundo\/index.php\/wp-json\/wp\/v2\/tags?post=475"}],"curies":[{"name":"wp","href":"https:\/\/api.w.org\/{rel}","templated":true}]}}