{"id":2823,"date":"2025-04-05T15:11:44","date_gmt":"2025-04-05T13:11:44","guid":{"rendered":"https:\/\/www.icog.es\/geologosdelmundo\/?p=2823"},"modified":"2025-04-05T17:28:33","modified_gmt":"2025-04-05T15:28:33","slug":"finalizacion-del-proyecto-implementacion-de-un-programa-marco-de-gestion-del-agua-para-el-abastecimiento-a-las-poblaciones-rurales-en-la-region-de-farafenni-fase-1","status":"publish","type":"post","link":"https:\/\/www.icog.es\/geologosdelmundo\/index.php\/2025\/04\/05\/finalizacion-del-proyecto-implementacion-de-un-programa-marco-de-gestion-del-agua-para-el-abastecimiento-a-las-poblaciones-rurales-en-la-region-de-farafenni-fase-1\/","title":{"rendered":"Finalizaci\u00f3n del Proyecto \u201cImplementaci\u00f3n de un Programa Marco de Gesti\u00f3n del Agua para el Abastecimiento a las Poblaciones Rurales en la Regi\u00f3n de Farafenni. Fase 1\u201d"},"content":{"rendered":"\n<p>En el mes de enero se llev\u00f3 a cabo la campa\u00f1a de campo correspondiente al proyecto <em>\u201cImplementaci\u00f3n de un programa marco de gesti\u00f3n del agua para el abastecimiento a las poblaciones rurales en la regi\u00f3n de Farafenni. Fase 1\u201d<\/em>, financiado por la Diputaci\u00f3n de Huesca.<\/p>\n\n\n\n<figure class=\"wp-block-image size-large\"><img loading=\"lazy\" decoding=\"async\" width=\"1024\" height=\"683\" src=\"https:\/\/www.icog.es\/geologosdelmundo\/wp-content\/uploads\/2025\/04\/KERR-MADI-1-1024x683.jpg\" alt=\"\" class=\"wp-image-2855\" srcset=\"https:\/\/www.icog.es\/geologosdelmundo\/wp-content\/uploads\/2025\/04\/KERR-MADI-1-1024x683.jpg 1024w, https:\/\/www.icog.es\/geologosdelmundo\/wp-content\/uploads\/2025\/04\/KERR-MADI-1-300x200.jpg 300w, https:\/\/www.icog.es\/geologosdelmundo\/wp-content\/uploads\/2025\/04\/KERR-MADI-1-1536x1024.jpg 1536w, https:\/\/www.icog.es\/geologosdelmundo\/wp-content\/uploads\/2025\/04\/KERR-MADI-1-2048x1365.jpg 2048w, https:\/\/www.icog.es\/geologosdelmundo\/wp-content\/uploads\/2025\/04\/KERR-MADI-1-280x187.jpg 280w, https:\/\/www.icog.es\/geologosdelmundo\/wp-content\/uploads\/2025\/04\/KERR-MADI-1-1170x780.jpg 1170w\" sizes=\"(max-width: 1024px) 100vw, 1024px\" \/><\/figure>\n\n\n\n<figure class=\"wp-block-image size-full\"><img loading=\"lazy\" decoding=\"async\" width=\"886\" height=\"269\" src=\"https:\/\/www.icog.es\/geologosdelmundo\/wp-content\/uploads\/2025\/04\/image.png\" alt=\"\" class=\"wp-image-2824\" srcset=\"https:\/\/www.icog.es\/geologosdelmundo\/wp-content\/uploads\/2025\/04\/image.png 886w, https:\/\/www.icog.es\/geologosdelmundo\/wp-content\/uploads\/2025\/04\/image-300x91.png 300w, https:\/\/www.icog.es\/geologosdelmundo\/wp-content\/uploads\/2025\/04\/image-280x85.png 280w\" sizes=\"(max-width: 886px) 100vw, 886px\" \/><\/figure>\n\n\n\n<p>Durante la campa\u00f1a, se visitaron un total de 11 poblaciones, donde fue posible conocer de primera mano las necesidades de sus habitantes. Se mantuvieron reuniones tanto con las autoridades locales como con la poblaci\u00f3n en general.<\/p>\n\n\n\n<p>En algunos casos, la problem\u00e1tica identificada podr\u00eda resolverse con relativa facilidad. Sin embargo, en otros, especialmente en municipios con un crecimiento acelerado o en los que se obtuvo informaci\u00f3n confusa (probablemente debido al escaso tiempo disponible en cada visita), la situaci\u00f3n resulta m\u00e1s compleja.<\/p>\n\n\n\n<figure class=\"wp-block-image size-large\"><img loading=\"lazy\" decoding=\"async\" width=\"1024\" height=\"683\" src=\"https:\/\/www.icog.es\/geologosdelmundo\/wp-content\/uploads\/2025\/04\/KERR-MADI-2-1024x683.jpg\" alt=\"\" class=\"wp-image-2858\" srcset=\"https:\/\/www.icog.es\/geologosdelmundo\/wp-content\/uploads\/2025\/04\/KERR-MADI-2-1024x683.jpg 1024w, https:\/\/www.icog.es\/geologosdelmundo\/wp-content\/uploads\/2025\/04\/KERR-MADI-2-300x200.jpg 300w, https:\/\/www.icog.es\/geologosdelmundo\/wp-content\/uploads\/2025\/04\/KERR-MADI-2-1536x1024.jpg 1536w, https:\/\/www.icog.es\/geologosdelmundo\/wp-content\/uploads\/2025\/04\/KERR-MADI-2-2048x1365.jpg 2048w, https:\/\/www.icog.es\/geologosdelmundo\/wp-content\/uploads\/2025\/04\/KERR-MADI-2-280x187.jpg 280w, https:\/\/www.icog.es\/geologosdelmundo\/wp-content\/uploads\/2025\/04\/KERR-MADI-2-1170x780.jpg 1170w\" sizes=\"(max-width: 1024px) 100vw, 1024px\" \/><\/figure>\n\n\n\n<p>A pesar de la evidente necesidad de contar con un suministro de agua adecuado, los resultados ponen de manifiesto la urgencia de realizar un an\u00e1lisis t\u00e9cnico m\u00e1s profundo. Muchas de las soluciones implementadas en el pasado han dejado de ser funcionales, lo que resalta la importancia de una planificaci\u00f3n m\u00e1s rigurosa y adaptada a la realidad actual.<\/p>\n\n\n\n<figure class=\"wp-block-image size-large\"><img loading=\"lazy\" decoding=\"async\" width=\"1024\" height=\"683\" src=\"https:\/\/www.icog.es\/geologosdelmundo\/wp-content\/uploads\/2025\/04\/KERR-MADI-3-1024x683.jpg\" alt=\"\" class=\"wp-image-2860\" srcset=\"https:\/\/www.icog.es\/geologosdelmundo\/wp-content\/uploads\/2025\/04\/KERR-MADI-3-1024x683.jpg 1024w, https:\/\/www.icog.es\/geologosdelmundo\/wp-content\/uploads\/2025\/04\/KERR-MADI-3-300x200.jpg 300w, https:\/\/www.icog.es\/geologosdelmundo\/wp-content\/uploads\/2025\/04\/KERR-MADI-3-1536x1024.jpg 1536w, https:\/\/www.icog.es\/geologosdelmundo\/wp-content\/uploads\/2025\/04\/KERR-MADI-3-2048x1365.jpg 2048w, https:\/\/www.icog.es\/geologosdelmundo\/wp-content\/uploads\/2025\/04\/KERR-MADI-3-280x187.jpg 280w, https:\/\/www.icog.es\/geologosdelmundo\/wp-content\/uploads\/2025\/04\/KERR-MADI-3-1170x780.jpg 1170w\" sizes=\"(max-width: 1024px) 100vw, 1024px\" \/><\/figure>\n\n\n\n<p>Es fundamental que los estudios que desarrollen las instituciones implicadas en este proyecto incluyan no solo la visi\u00f3n de las autoridades y la poblaci\u00f3n local, sino tambi\u00e9n la participaci\u00f3n de centros de investigaci\u00f3n del propio pa\u00eds. En este sentido, se realiz\u00f3 una visita a la Universidad de Gambia, con la que se formalizar\u00e1n convenios de colaboraci\u00f3n. Esta instituci\u00f3n desempe\u00f1ar\u00e1 un papel clave en el futuro, al formar a los especialistas encargados de la gesti\u00f3n del agua en las zonas rurales.<\/p>\n\n\n\n<figure class=\"wp-block-image size-large\"><img loading=\"lazy\" decoding=\"async\" width=\"1024\" height=\"683\" src=\"https:\/\/www.icog.es\/geologosdelmundo\/wp-content\/uploads\/2025\/04\/KERR-NDONGO-1-1024x683.jpg\" alt=\"\" class=\"wp-image-2856\" srcset=\"https:\/\/www.icog.es\/geologosdelmundo\/wp-content\/uploads\/2025\/04\/KERR-NDONGO-1-1024x683.jpg 1024w, https:\/\/www.icog.es\/geologosdelmundo\/wp-content\/uploads\/2025\/04\/KERR-NDONGO-1-300x200.jpg 300w, https:\/\/www.icog.es\/geologosdelmundo\/wp-content\/uploads\/2025\/04\/KERR-NDONGO-1-1536x1024.jpg 1536w, https:\/\/www.icog.es\/geologosdelmundo\/wp-content\/uploads\/2025\/04\/KERR-NDONGO-1-2048x1365.jpg 2048w, https:\/\/www.icog.es\/geologosdelmundo\/wp-content\/uploads\/2025\/04\/KERR-NDONGO-1-280x187.jpg 280w, https:\/\/www.icog.es\/geologosdelmundo\/wp-content\/uploads\/2025\/04\/KERR-NDONGO-1-1170x780.jpg 1170w\" sizes=\"(max-width: 1024px) 100vw, 1024px\" \/><\/figure>\n\n\n\n<figure class=\"wp-block-image size-large\"><img loading=\"lazy\" decoding=\"async\" width=\"1024\" height=\"683\" src=\"https:\/\/www.icog.es\/geologosdelmundo\/wp-content\/uploads\/2025\/04\/KERR-NDONGO-2-1024x683.jpg\" alt=\"\" class=\"wp-image-2857\" srcset=\"https:\/\/www.icog.es\/geologosdelmundo\/wp-content\/uploads\/2025\/04\/KERR-NDONGO-2-1024x683.jpg 1024w, https:\/\/www.icog.es\/geologosdelmundo\/wp-content\/uploads\/2025\/04\/KERR-NDONGO-2-300x200.jpg 300w, https:\/\/www.icog.es\/geologosdelmundo\/wp-content\/uploads\/2025\/04\/KERR-NDONGO-2-1536x1024.jpg 1536w, https:\/\/www.icog.es\/geologosdelmundo\/wp-content\/uploads\/2025\/04\/KERR-NDONGO-2-2048x1365.jpg 2048w, https:\/\/www.icog.es\/geologosdelmundo\/wp-content\/uploads\/2025\/04\/KERR-NDONGO-2-280x187.jpg 280w, https:\/\/www.icog.es\/geologosdelmundo\/wp-content\/uploads\/2025\/04\/KERR-NDONGO-2-1170x780.jpg 1170w\" sizes=\"(max-width: 1024px) 100vw, 1024px\" \/><\/figure>\n\n\n\n<p>Entre las principales conclusiones de esta primera fase, destaca la necesidad de seguir profundizando en el conocimiento tanto de las necesidades de la poblaci\u00f3n como del recurso h\u00eddrico disponible. Asimismo, se subraya la importancia de integrar la formaci\u00f3n y la educaci\u00f3n en cualquier tipo de intervenci\u00f3n, ya sea como objetivo principal o como complemento a proyectos de investigaci\u00f3n o infraestructura.<\/p>\n\n\n\n<figure class=\"wp-block-image size-large\"><img loading=\"lazy\" decoding=\"async\" width=\"1024\" height=\"683\" src=\"https:\/\/www.icog.es\/geologosdelmundo\/wp-content\/uploads\/2025\/04\/MBANTA-1-1-1024x683.jpg\" alt=\"\" class=\"wp-image-2862\" srcset=\"https:\/\/www.icog.es\/geologosdelmundo\/wp-content\/uploads\/2025\/04\/MBANTA-1-1-1024x683.jpg 1024w, https:\/\/www.icog.es\/geologosdelmundo\/wp-content\/uploads\/2025\/04\/MBANTA-1-1-300x200.jpg 300w, https:\/\/www.icog.es\/geologosdelmundo\/wp-content\/uploads\/2025\/04\/MBANTA-1-1-1536x1024.jpg 1536w, https:\/\/www.icog.es\/geologosdelmundo\/wp-content\/uploads\/2025\/04\/MBANTA-1-1-2048x1365.jpg 2048w, https:\/\/www.icog.es\/geologosdelmundo\/wp-content\/uploads\/2025\/04\/MBANTA-1-1-280x187.jpg 280w, https:\/\/www.icog.es\/geologosdelmundo\/wp-content\/uploads\/2025\/04\/MBANTA-1-1-1170x780.jpg 1170w\" sizes=\"(max-width: 1024px) 100vw, 1024px\" \/><\/figure>\n\n\n\n<figure class=\"wp-block-image size-large\"><img loading=\"lazy\" decoding=\"async\" width=\"1024\" height=\"683\" src=\"https:\/\/www.icog.es\/geologosdelmundo\/wp-content\/uploads\/2025\/04\/MBANTA-2-1024x683.jpg\" alt=\"\" class=\"wp-image-2861\" srcset=\"https:\/\/www.icog.es\/geologosdelmundo\/wp-content\/uploads\/2025\/04\/MBANTA-2-1024x683.jpg 1024w, https:\/\/www.icog.es\/geologosdelmundo\/wp-content\/uploads\/2025\/04\/MBANTA-2-300x200.jpg 300w, https:\/\/www.icog.es\/geologosdelmundo\/wp-content\/uploads\/2025\/04\/MBANTA-2-1536x1024.jpg 1536w, https:\/\/www.icog.es\/geologosdelmundo\/wp-content\/uploads\/2025\/04\/MBANTA-2-2048x1365.jpg 2048w, https:\/\/www.icog.es\/geologosdelmundo\/wp-content\/uploads\/2025\/04\/MBANTA-2-280x187.jpg 280w, https:\/\/www.icog.es\/geologosdelmundo\/wp-content\/uploads\/2025\/04\/MBANTA-2-1170x780.jpg 1170w\" sizes=\"(max-width: 1024px) 100vw, 1024px\" \/><\/figure>\n\n\n\n<figure class=\"wp-block-image size-large\"><img loading=\"lazy\" decoding=\"async\" width=\"1024\" height=\"683\" src=\"https:\/\/www.icog.es\/geologosdelmundo\/wp-content\/uploads\/2025\/04\/MBANTA-3-1024x683.jpg\" alt=\"\" class=\"wp-image-2863\" srcset=\"https:\/\/www.icog.es\/geologosdelmundo\/wp-content\/uploads\/2025\/04\/MBANTA-3-1024x683.jpg 1024w, https:\/\/www.icog.es\/geologosdelmundo\/wp-content\/uploads\/2025\/04\/MBANTA-3-300x200.jpg 300w, https:\/\/www.icog.es\/geologosdelmundo\/wp-content\/uploads\/2025\/04\/MBANTA-3-1536x1024.jpg 1536w, https:\/\/www.icog.es\/geologosdelmundo\/wp-content\/uploads\/2025\/04\/MBANTA-3-2048x1365.jpg 2048w, https:\/\/www.icog.es\/geologosdelmundo\/wp-content\/uploads\/2025\/04\/MBANTA-3-280x187.jpg 280w, https:\/\/www.icog.es\/geologosdelmundo\/wp-content\/uploads\/2025\/04\/MBANTA-3-1170x780.jpg 1170w\" sizes=\"(max-width: 1024px) 100vw, 1024px\" \/><\/figure>\n\n\n\n<p>Finalmente, en el \u00e1mbito del abastecimiento de agua, se han identificado necesidades concretas que permitir\u00e1n formular nuevos proyectos dirigidos a dar soluci\u00f3n a los problemas detectados en varias de las poblaciones estudiadas.<\/p>\n\n\n\n<p>Agradecemos a la Diputaci\u00f3n de Huesca su apoyo a nuestros proyectos, as\u00ed como al resto de instituciones participantes por su implicaci\u00f3n y colaboraci\u00f3n.<\/p>\n\n\n\n<p><\/p>\n","protected":false},"excerpt":{"rendered":"<p>En el mes de enero se llev\u00f3 a cabo la campa\u00f1a de campo correspondiente al proyecto \u201cImplementaci\u00f3n de un programa marco de gesti\u00f3n del agua para el abastecimiento a las poblaciones rurales en la regi\u00f3n de Farafenni. Fase 1\u201d, financiado por la Diputaci\u00f3n de Huesca. Durante la campa\u00f1a, se visitaron un total de 11 poblaciones,<\/p>\n","protected":false},"author":5,"featured_media":2864,"comment_status":"open","ping_status":"open","sticky":false,"template":"","format":"standard","meta":{"footnotes":""},"categories":[9],"tags":[],"yoast_head":"<!-- This site is optimized with the Yoast SEO plugin v23.5 - https:\/\/yoast.com\/wordpress\/plugins\/seo\/ -->\r\n<title>Finalizaci\u00f3n del Proyecto \u201cImplementaci\u00f3n de un Programa Marco de Gesti\u00f3n del Agua para el Abastecimiento a las Poblaciones Rurales en la Regi\u00f3n de Farafenni. Fase 1\u201d - Ge\u00f3logos del Mundo<\/title>\r\n<meta name=\"robots\" content=\"index, follow, max-snippet:-1, max-image-preview:large, max-video-preview:-1\" \/>\r\n<link rel=\"canonical\" href=\"https:\/\/www.icog.es\/geologosdelmundo\/index.php\/2025\/04\/05\/finalizacion-del-proyecto-implementacion-de-un-programa-marco-de-gestion-del-agua-para-el-abastecimiento-a-las-poblaciones-rurales-en-la-region-de-farafenni-fase-1\/\" \/>\r\n<meta property=\"og:locale\" content=\"es_ES\" \/>\r\n<meta property=\"og:type\" content=\"article\" \/>\r\n<meta property=\"og:title\" content=\"Finalizaci\u00f3n del Proyecto \u201cImplementaci\u00f3n de un Programa Marco de Gesti\u00f3n del Agua para el Abastecimiento a las Poblaciones Rurales en la Regi\u00f3n de Farafenni. Fase 1\u201d - Ge\u00f3logos del Mundo\" \/>\r\n<meta property=\"og:description\" content=\"En el mes de enero se llev\u00f3 a cabo la campa\u00f1a de campo correspondiente al proyecto \u201cImplementaci\u00f3n de un programa marco de gesti\u00f3n del agua para el abastecimiento a las poblaciones rurales en la regi\u00f3n de Farafenni. Fase 1\u201d, financiado por la Diputaci\u00f3n de Huesca. Durante la campa\u00f1a, se visitaron un total de 11 poblaciones,\" \/>\r\n<meta property=\"og:url\" content=\"https:\/\/www.icog.es\/geologosdelmundo\/index.php\/2025\/04\/05\/finalizacion-del-proyecto-implementacion-de-un-programa-marco-de-gestion-del-agua-para-el-abastecimiento-a-las-poblaciones-rurales-en-la-region-de-farafenni-fase-1\/\" \/>\r\n<meta property=\"og:site_name\" content=\"Ge\u00f3logos del Mundo\" \/>\r\n<meta property=\"article:publisher\" content=\"https:\/\/www.facebook.com\/geologosdelmundo.worldgeologists\" \/>\r\n<meta property=\"article:published_time\" content=\"2025-04-05T13:11:44+00:00\" \/>\r\n<meta property=\"article:modified_time\" content=\"2025-04-05T15:28:33+00:00\" \/>\r\n<meta property=\"og:image\" content=\"https:\/\/www.icog.es\/geologosdelmundo\/wp-content\/uploads\/2025\/04\/POST.jpg\" \/>\r\n\t<meta property=\"og:image:width\" content=\"1080\" \/>\r\n\t<meta property=\"og:image:height\" content=\"1080\" \/>\r\n\t<meta property=\"og:image:type\" content=\"image\/jpeg\" \/>\r\n<meta name=\"author\" content=\"Equipo Editorial\" \/>\r\n<meta name=\"twitter:card\" content=\"summary_large_image\" \/>\r\n<meta name=\"twitter:creator\" content=\"@Geologos_Mundo\" \/>\r\n<meta name=\"twitter:site\" content=\"@Geologos_Mundo\" \/>\r\n<meta name=\"twitter:label1\" content=\"Escrito por\" \/>\n\t<meta name=\"twitter:data1\" content=\"Equipo Editorial\" \/>\n\t<meta name=\"twitter:label2\" content=\"Tiempo de lectura\" \/>\n\t<meta name=\"twitter:data2\" content=\"4 minutos\" \/>\r\n<script type=\"application\/ld+json\" class=\"yoast-schema-graph\">{\"@context\":\"https:\/\/schema.org\",\"@graph\":[{\"@type\":\"WebPage\",\"@id\":\"https:\/\/www.icog.es\/geologosdelmundo\/index.php\/2025\/04\/05\/finalizacion-del-proyecto-implementacion-de-un-programa-marco-de-gestion-del-agua-para-el-abastecimiento-a-las-poblaciones-rurales-en-la-region-de-farafenni-fase-1\/\",\"url\":\"https:\/\/www.icog.es\/geologosdelmundo\/index.php\/2025\/04\/05\/finalizacion-del-proyecto-implementacion-de-un-programa-marco-de-gestion-del-agua-para-el-abastecimiento-a-las-poblaciones-rurales-en-la-region-de-farafenni-fase-1\/\",\"name\":\"Finalizaci\u00f3n del Proyecto \u201cImplementaci\u00f3n de un Programa Marco de Gesti\u00f3n del Agua para el Abastecimiento a las Poblaciones Rurales en la Regi\u00f3n de Farafenni. Fase 1\u201d - Ge\u00f3logos del Mundo\",\"isPartOf\":{\"@id\":\"https:\/\/www.icog.es\/geologosdelmundo\/#website\"},\"primaryImageOfPage\":{\"@id\":\"https:\/\/www.icog.es\/geologosdelmundo\/index.php\/2025\/04\/05\/finalizacion-del-proyecto-implementacion-de-un-programa-marco-de-gestion-del-agua-para-el-abastecimiento-a-las-poblaciones-rurales-en-la-region-de-farafenni-fase-1\/#primaryimage\"},\"image\":{\"@id\":\"https:\/\/www.icog.es\/geologosdelmundo\/index.php\/2025\/04\/05\/finalizacion-del-proyecto-implementacion-de-un-programa-marco-de-gestion-del-agua-para-el-abastecimiento-a-las-poblaciones-rurales-en-la-region-de-farafenni-fase-1\/#primaryimage\"},\"thumbnailUrl\":\"https:\/\/www.icog.es\/geologosdelmundo\/wp-content\/uploads\/2025\/04\/POST.jpg\",\"datePublished\":\"2025-04-05T13:11:44+00:00\",\"dateModified\":\"2025-04-05T15:28:33+00:00\",\"author\":{\"@id\":\"https:\/\/www.icog.es\/geologosdelmundo\/#\/schema\/person\/d7de43f50a78640eb4d42a61f14301b3\"},\"breadcrumb\":{\"@id\":\"https:\/\/www.icog.es\/geologosdelmundo\/index.php\/2025\/04\/05\/finalizacion-del-proyecto-implementacion-de-un-programa-marco-de-gestion-del-agua-para-el-abastecimiento-a-las-poblaciones-rurales-en-la-region-de-farafenni-fase-1\/#breadcrumb\"},\"inLanguage\":\"es\",\"potentialAction\":[{\"@type\":\"ReadAction\",\"target\":[\"https:\/\/www.icog.es\/geologosdelmundo\/index.php\/2025\/04\/05\/finalizacion-del-proyecto-implementacion-de-un-programa-marco-de-gestion-del-agua-para-el-abastecimiento-a-las-poblaciones-rurales-en-la-region-de-farafenni-fase-1\/\"]}]},{\"@type\":\"ImageObject\",\"inLanguage\":\"es\",\"@id\":\"https:\/\/www.icog.es\/geologosdelmundo\/index.php\/2025\/04\/05\/finalizacion-del-proyecto-implementacion-de-un-programa-marco-de-gestion-del-agua-para-el-abastecimiento-a-las-poblaciones-rurales-en-la-region-de-farafenni-fase-1\/#primaryimage\",\"url\":\"https:\/\/www.icog.es\/geologosdelmundo\/wp-content\/uploads\/2025\/04\/POST.jpg\",\"contentUrl\":\"https:\/\/www.icog.es\/geologosdelmundo\/wp-content\/uploads\/2025\/04\/POST.jpg\",\"width\":1080,\"height\":1080},{\"@type\":\"BreadcrumbList\",\"@id\":\"https:\/\/www.icog.es\/geologosdelmundo\/index.php\/2025\/04\/05\/finalizacion-del-proyecto-implementacion-de-un-programa-marco-de-gestion-del-agua-para-el-abastecimiento-a-las-poblaciones-rurales-en-la-region-de-farafenni-fase-1\/#breadcrumb\",\"itemListElement\":[{\"@type\":\"ListItem\",\"position\":1,\"name\":\"Portada\",\"item\":\"https:\/\/www.icog.es\/geologosdelmundo\/\"},{\"@type\":\"ListItem\",\"position\":2,\"name\":\"Finalizaci\u00f3n del Proyecto \u201cImplementaci\u00f3n de un Programa Marco de Gesti\u00f3n del Agua para el Abastecimiento a las Poblaciones Rurales en la Regi\u00f3n de Farafenni. Fase 1\u201d\"}]},{\"@type\":\"WebSite\",\"@id\":\"https:\/\/www.icog.es\/geologosdelmundo\/#website\",\"url\":\"https:\/\/www.icog.es\/geologosdelmundo\/\",\"name\":\"Ge\u00f3logos del Mundo\",\"description\":\"La ONG Ge\u00f3logos del Mundo es una organizaci\u00f3n no gubernamental sin \u00e1nimo de lucro, creada en Espa\u00f1a el a\u00f1o 1999.\",\"potentialAction\":[{\"@type\":\"SearchAction\",\"target\":{\"@type\":\"EntryPoint\",\"urlTemplate\":\"https:\/\/www.icog.es\/geologosdelmundo\/?s={search_term_string}\"},\"query-input\":{\"@type\":\"PropertyValueSpecification\",\"valueRequired\":true,\"valueName\":\"search_term_string\"}}],\"inLanguage\":\"es\"},{\"@type\":\"Person\",\"@id\":\"https:\/\/www.icog.es\/geologosdelmundo\/#\/schema\/person\/d7de43f50a78640eb4d42a61f14301b3\",\"name\":\"Equipo Editorial\",\"image\":{\"@type\":\"ImageObject\",\"inLanguage\":\"es\",\"@id\":\"https:\/\/www.icog.es\/geologosdelmundo\/#\/schema\/person\/image\/\",\"url\":\"https:\/\/secure.gravatar.com\/avatar\/c667cd7a713a7beb628de34fcb69ad2f?s=96&d=mm&r=g\",\"contentUrl\":\"https:\/\/secure.gravatar.com\/avatar\/c667cd7a713a7beb628de34fcb69ad2f?s=96&d=mm&r=g\",\"caption\":\"Equipo Editorial\"},\"url\":\"https:\/\/www.icog.es\/geologosdelmundo\/index.php\/author\/equipo-editorial\/\"}]}<\/script>\r\n<!-- \/ Yoast SEO plugin. -->","yoast_head_json":{"title":"Finalizaci\u00f3n del Proyecto \u201cImplementaci\u00f3n de un Programa Marco de Gesti\u00f3n del Agua para el Abastecimiento a las Poblaciones Rurales en la Regi\u00f3n de Farafenni. Fase 1\u201d - Ge\u00f3logos del Mundo","robots":{"index":"index","follow":"follow","max-snippet":"max-snippet:-1","max-image-preview":"max-image-preview:large","max-video-preview":"max-video-preview:-1"},"canonical":"https:\/\/www.icog.es\/geologosdelmundo\/index.php\/2025\/04\/05\/finalizacion-del-proyecto-implementacion-de-un-programa-marco-de-gestion-del-agua-para-el-abastecimiento-a-las-poblaciones-rurales-en-la-region-de-farafenni-fase-1\/","og_locale":"es_ES","og_type":"article","og_title":"Finalizaci\u00f3n del Proyecto \u201cImplementaci\u00f3n de un Programa Marco de Gesti\u00f3n del Agua para el Abastecimiento a las Poblaciones Rurales en la Regi\u00f3n de Farafenni. Fase 1\u201d - Ge\u00f3logos del Mundo","og_description":"En el mes de enero se llev\u00f3 a cabo la campa\u00f1a de campo correspondiente al proyecto \u201cImplementaci\u00f3n de un programa marco de gesti\u00f3n del agua para el abastecimiento a las poblaciones rurales en la regi\u00f3n de Farafenni. Fase 1\u201d, financiado por la Diputaci\u00f3n de Huesca. Durante la campa\u00f1a, se visitaron un total de 11 poblaciones,","og_url":"https:\/\/www.icog.es\/geologosdelmundo\/index.php\/2025\/04\/05\/finalizacion-del-proyecto-implementacion-de-un-programa-marco-de-gestion-del-agua-para-el-abastecimiento-a-las-poblaciones-rurales-en-la-region-de-farafenni-fase-1\/","og_site_name":"Ge\u00f3logos del Mundo","article_publisher":"https:\/\/www.facebook.com\/geologosdelmundo.worldgeologists","article_published_time":"2025-04-05T13:11:44+00:00","article_modified_time":"2025-04-05T15:28:33+00:00","og_image":[{"width":1080,"height":1080,"url":"https:\/\/www.icog.es\/geologosdelmundo\/wp-content\/uploads\/2025\/04\/POST.jpg","type":"image\/jpeg"}],"author":"Equipo Editorial","twitter_card":"summary_large_image","twitter_creator":"@Geologos_Mundo","twitter_site":"@Geologos_Mundo","twitter_misc":{"Escrito por":"Equipo Editorial","Tiempo de lectura":"4 minutos"},"schema":{"@context":"https:\/\/schema.org","@graph":[{"@type":"WebPage","@id":"https:\/\/www.icog.es\/geologosdelmundo\/index.php\/2025\/04\/05\/finalizacion-del-proyecto-implementacion-de-un-programa-marco-de-gestion-del-agua-para-el-abastecimiento-a-las-poblaciones-rurales-en-la-region-de-farafenni-fase-1\/","url":"https:\/\/www.icog.es\/geologosdelmundo\/index.php\/2025\/04\/05\/finalizacion-del-proyecto-implementacion-de-un-programa-marco-de-gestion-del-agua-para-el-abastecimiento-a-las-poblaciones-rurales-en-la-region-de-farafenni-fase-1\/","name":"Finalizaci\u00f3n del Proyecto \u201cImplementaci\u00f3n de un Programa Marco de Gesti\u00f3n del Agua para el Abastecimiento a las Poblaciones Rurales en la Regi\u00f3n de Farafenni. Fase 1\u201d - Ge\u00f3logos del Mundo","isPartOf":{"@id":"https:\/\/www.icog.es\/geologosdelmundo\/#website"},"primaryImageOfPage":{"@id":"https:\/\/www.icog.es\/geologosdelmundo\/index.php\/2025\/04\/05\/finalizacion-del-proyecto-implementacion-de-un-programa-marco-de-gestion-del-agua-para-el-abastecimiento-a-las-poblaciones-rurales-en-la-region-de-farafenni-fase-1\/#primaryimage"},"image":{"@id":"https:\/\/www.icog.es\/geologosdelmundo\/index.php\/2025\/04\/05\/finalizacion-del-proyecto-implementacion-de-un-programa-marco-de-gestion-del-agua-para-el-abastecimiento-a-las-poblaciones-rurales-en-la-region-de-farafenni-fase-1\/#primaryimage"},"thumbnailUrl":"https:\/\/www.icog.es\/geologosdelmundo\/wp-content\/uploads\/2025\/04\/POST.jpg","datePublished":"2025-04-05T13:11:44+00:00","dateModified":"2025-04-05T15:28:33+00:00","author":{"@id":"https:\/\/www.icog.es\/geologosdelmundo\/#\/schema\/person\/d7de43f50a78640eb4d42a61f14301b3"},"breadcrumb":{"@id":"https:\/\/www.icog.es\/geologosdelmundo\/index.php\/2025\/04\/05\/finalizacion-del-proyecto-implementacion-de-un-programa-marco-de-gestion-del-agua-para-el-abastecimiento-a-las-poblaciones-rurales-en-la-region-de-farafenni-fase-1\/#breadcrumb"},"inLanguage":"es","potentialAction":[{"@type":"ReadAction","target":["https:\/\/www.icog.es\/geologosdelmundo\/index.php\/2025\/04\/05\/finalizacion-del-proyecto-implementacion-de-un-programa-marco-de-gestion-del-agua-para-el-abastecimiento-a-las-poblaciones-rurales-en-la-region-de-farafenni-fase-1\/"]}]},{"@type":"ImageObject","inLanguage":"es","@id":"https:\/\/www.icog.es\/geologosdelmundo\/index.php\/2025\/04\/05\/finalizacion-del-proyecto-implementacion-de-un-programa-marco-de-gestion-del-agua-para-el-abastecimiento-a-las-poblaciones-rurales-en-la-region-de-farafenni-fase-1\/#primaryimage","url":"https:\/\/www.icog.es\/geologosdelmundo\/wp-content\/uploads\/2025\/04\/POST.jpg","contentUrl":"https:\/\/www.icog.es\/geologosdelmundo\/wp-content\/uploads\/2025\/04\/POST.jpg","width":1080,"height":1080},{"@type":"BreadcrumbList","@id":"https:\/\/www.icog.es\/geologosdelmundo\/index.php\/2025\/04\/05\/finalizacion-del-proyecto-implementacion-de-un-programa-marco-de-gestion-del-agua-para-el-abastecimiento-a-las-poblaciones-rurales-en-la-region-de-farafenni-fase-1\/#breadcrumb","itemListElement":[{"@type":"ListItem","position":1,"name":"Portada","item":"https:\/\/www.icog.es\/geologosdelmundo\/"},{"@type":"ListItem","position":2,"name":"Finalizaci\u00f3n del Proyecto \u201cImplementaci\u00f3n de un Programa Marco de Gesti\u00f3n del Agua para el Abastecimiento a las Poblaciones Rurales en la Regi\u00f3n de Farafenni. Fase 1\u201d"}]},{"@type":"WebSite","@id":"https:\/\/www.icog.es\/geologosdelmundo\/#website","url":"https:\/\/www.icog.es\/geologosdelmundo\/","name":"Ge\u00f3logos del Mundo","description":"La ONG Ge\u00f3logos del Mundo es una organizaci\u00f3n no gubernamental sin \u00e1nimo de lucro, creada en Espa\u00f1a el a\u00f1o 1999.","potentialAction":[{"@type":"SearchAction","target":{"@type":"EntryPoint","urlTemplate":"https:\/\/www.icog.es\/geologosdelmundo\/?s={search_term_string}"},"query-input":{"@type":"PropertyValueSpecification","valueRequired":true,"valueName":"search_term_string"}}],"inLanguage":"es"},{"@type":"Person","@id":"https:\/\/www.icog.es\/geologosdelmundo\/#\/schema\/person\/d7de43f50a78640eb4d42a61f14301b3","name":"Equipo Editorial","image":{"@type":"ImageObject","inLanguage":"es","@id":"https:\/\/www.icog.es\/geologosdelmundo\/#\/schema\/person\/image\/","url":"https:\/\/secure.gravatar.com\/avatar\/c667cd7a713a7beb628de34fcb69ad2f?s=96&d=mm&r=g","contentUrl":"https:\/\/secure.gravatar.com\/avatar\/c667cd7a713a7beb628de34fcb69ad2f?s=96&d=mm&r=g","caption":"Equipo Editorial"},"url":"https:\/\/www.icog.es\/geologosdelmundo\/index.php\/author\/equipo-editorial\/"}]}},"_links":{"self":[{"href":"https:\/\/www.icog.es\/geologosdelmundo\/index.php\/wp-json\/wp\/v2\/posts\/2823"}],"collection":[{"href":"https:\/\/www.icog.es\/geologosdelmundo\/index.php\/wp-json\/wp\/v2\/posts"}],"about":[{"href":"https:\/\/www.icog.es\/geologosdelmundo\/index.php\/wp-json\/wp\/v2\/types\/post"}],"author":[{"embeddable":true,"href":"https:\/\/www.icog.es\/geologosdelmundo\/index.php\/wp-json\/wp\/v2\/users\/5"}],"replies":[{"embeddable":true,"href":"https:\/\/www.icog.es\/geologosdelmundo\/index.php\/wp-json\/wp\/v2\/comments?post=2823"}],"version-history":[{"count":2,"href":"https:\/\/www.icog.es\/geologosdelmundo\/index.php\/wp-json\/wp\/v2\/posts\/2823\/revisions"}],"predecessor-version":[{"id":2865,"href":"https:\/\/www.icog.es\/geologosdelmundo\/index.php\/wp-json\/wp\/v2\/posts\/2823\/revisions\/2865"}],"wp:featuredmedia":[{"embeddable":true,"href":"https:\/\/www.icog.es\/geologosdelmundo\/index.php\/wp-json\/wp\/v2\/media\/2864"}],"wp:attachment":[{"href":"https:\/\/www.icog.es\/geologosdelmundo\/index.php\/wp-json\/wp\/v2\/media?parent=2823"}],"wp:term":[{"taxonomy":"category","embeddable":true,"href":"https:\/\/www.icog.es\/geologosdelmundo\/index.php\/wp-json\/wp\/v2\/categories?post=2823"},{"taxonomy":"post_tag","embeddable":true,"href":"https:\/\/www.icog.es\/geologosdelmundo\/index.php\/wp-json\/wp\/v2\/tags?post=2823"}],"curies":[{"name":"wp","href":"https:\/\/api.w.org\/{rel}","templated":true}]}}