{"id":2436,"date":"2023-01-30T18:23:02","date_gmt":"2023-01-30T16:23:02","guid":{"rendered":"https:\/\/www.icog.es\/geologosdelmundo\/?p=2436"},"modified":"2023-01-30T18:23:06","modified_gmt":"2023-01-30T16:23:06","slug":"candidaturas-para-las-proximas-elecciones","status":"publish","type":"post","link":"https:\/\/www.icog.es\/geologosdelmundo\/index.php\/2023\/01\/30\/candidaturas-para-las-proximas-elecciones\/","title":{"rendered":"Candidaturas provisionales para las pr\u00f3ximas elecciones"},"content":{"rendered":"\n<figure class=\"wp-block-pullquote\"><blockquote><p><\/p><\/blockquote><\/figure>\n\n\n\n<figure class=\"wp-block-pullquote\"><blockquote><p><\/p><\/blockquote><\/figure>\n\n\n\n<h2 class=\"wp-block-heading\">Finalizaci\u00f3n de la resoluci\u00f3n por las cuestiones planteadas respecto al Censo Electoral y finalizaci\u00f3n del plazo de examen de candidaturas. Proclamaci\u00f3n de candidaturas provisionales<\/h2>\n\n\n\n<p><\/p>\n\n\n\n<p>Presentamos las candidaturas provisionales para las pr\u00f3ximas elecciones de la ONG Ge\u00f3logos del Mundo, para los siguientes cargos: presidente, secretario, tesorero y  vocales. <\/p>\n\n\n\n<p>Adem\u00e1s pueden acceder a la papeleta  de votaci\u00f3n y las normas generales para la votaci\u00f3n.<\/p>\n\n\n\n<p>Al final se colocan las hojas de vida resumidas de cada candidato en documento pdf, el cual pueden descargar para su lectura, as\u00ed como los documentos antes mencionados.<\/p>\n\n\n\n<p><\/p>\n\n\n\n<h2 class=\"wp-block-heading\">Candidaturas provisionales<\/h2>\n\n\n\n<figure class=\"wp-block-image size-large\"><img loading=\"lazy\" decoding=\"async\" width=\"724\" height=\"1024\" src=\"https:\/\/www.icog.es\/geologosdelmundo\/wp-content\/uploads\/2023\/01\/comunicamoscandidaturas-2023-envio-724x1024.jpg\" alt=\"\" class=\"wp-image-2456\" srcset=\"https:\/\/www.icog.es\/geologosdelmundo\/wp-content\/uploads\/2023\/01\/comunicamoscandidaturas-2023-envio-724x1024.jpg 724w, https:\/\/www.icog.es\/geologosdelmundo\/wp-content\/uploads\/2023\/01\/comunicamoscandidaturas-2023-envio-212x300.jpg 212w, https:\/\/www.icog.es\/geologosdelmundo\/wp-content\/uploads\/2023\/01\/comunicamoscandidaturas-2023-envio-1086x1536.jpg 1086w, https:\/\/www.icog.es\/geologosdelmundo\/wp-content\/uploads\/2023\/01\/comunicamoscandidaturas-2023-envio-1448x2048.jpg 1448w, https:\/\/www.icog.es\/geologosdelmundo\/wp-content\/uploads\/2023\/01\/comunicamoscandidaturas-2023-envio-132x187.jpg 132w, https:\/\/www.icog.es\/geologosdelmundo\/wp-content\/uploads\/2023\/01\/comunicamoscandidaturas-2023-envio-1170x1655.jpg 1170w, https:\/\/www.icog.es\/geologosdelmundo\/wp-content\/uploads\/2023\/01\/comunicamoscandidaturas-2023-envio.jpg 1654w\" sizes=\"(max-width: 724px) 100vw, 724px\" \/><\/figure>\n\n\n\n<h2 class=\"wp-block-heading\">Papeleta de votaci\u00f3n<\/h2>\n\n\n\n<figure class=\"wp-block-image size-full\"><img loading=\"lazy\" decoding=\"async\" width=\"637\" height=\"936\" src=\"https:\/\/www.icog.es\/geologosdelmundo\/wp-content\/uploads\/2023\/01\/papeletavotacion2023-envio.jpg\" alt=\"\" class=\"wp-image-2460\" srcset=\"https:\/\/www.icog.es\/geologosdelmundo\/wp-content\/uploads\/2023\/01\/papeletavotacion2023-envio.jpg 637w, https:\/\/www.icog.es\/geologosdelmundo\/wp-content\/uploads\/2023\/01\/papeletavotacion2023-envio-204x300.jpg 204w, https:\/\/www.icog.es\/geologosdelmundo\/wp-content\/uploads\/2023\/01\/papeletavotacion2023-envio-127x187.jpg 127w\" sizes=\"(max-width: 637px) 100vw, 637px\" \/><\/figure>\n\n\n\n<h2 class=\"wp-block-heading\">Normas generales para la votaci\u00f3n<\/h2>\n\n\n\n<figure class=\"wp-block-image size-large\"><img loading=\"lazy\" decoding=\"async\" width=\"724\" height=\"1024\" src=\"https:\/\/www.icog.es\/geologosdelmundo\/wp-content\/uploads\/2023\/01\/normasvotacion2023-envio-724x1024.jpg\" alt=\"\" class=\"wp-image-2459\" srcset=\"https:\/\/www.icog.es\/geologosdelmundo\/wp-content\/uploads\/2023\/01\/normasvotacion2023-envio-724x1024.jpg 724w, https:\/\/www.icog.es\/geologosdelmundo\/wp-content\/uploads\/2023\/01\/normasvotacion2023-envio-212x300.jpg 212w, https:\/\/www.icog.es\/geologosdelmundo\/wp-content\/uploads\/2023\/01\/normasvotacion2023-envio-1086x1536.jpg 1086w, https:\/\/www.icog.es\/geologosdelmundo\/wp-content\/uploads\/2023\/01\/normasvotacion2023-envio-1448x2048.jpg 1448w, https:\/\/www.icog.es\/geologosdelmundo\/wp-content\/uploads\/2023\/01\/normasvotacion2023-envio-132x187.jpg 132w, https:\/\/www.icog.es\/geologosdelmundo\/wp-content\/uploads\/2023\/01\/normasvotacion2023-envio-1170x1655.jpg 1170w, https:\/\/www.icog.es\/geologosdelmundo\/wp-content\/uploads\/2023\/01\/normasvotacion2023-envio.jpg 1654w\" sizes=\"(max-width: 724px) 100vw, 724px\" \/><\/figure>\n\n\n\n<h2 class=\"wp-block-heading\">Hoja de vida resumida de los candidatos<\/h2>\n\n\n\n<p>Presidente:<\/p>\n\n\n\n<p><a href=\"https:\/\/www.icog.es\/geologosdelmundo\/wp-content\/uploads\/2023\/01\/Rafael-Jorda-Bordehore-CV.pdf\">Jord\u00e1 Bordehore Rafael CV<\/a><\/p>\n\n\n\n<p>Secretario:<\/p>\n\n\n\n<p><a href=\"https:\/\/www.icog.es\/geologosdelmundo\/wp-content\/uploads\/2023\/01\/Luis-Granadino-CV.pdf\">Granadino Gonz\u00e1lez Luis Miguel CV<\/a><\/p>\n\n\n\n<p>Tesorero:<\/p>\n\n\n\n<p><a href=\"https:\/\/www.icog.es\/geologosdelmundo\/wp-content\/uploads\/2023\/01\/Jose-Abril-CV.pdf\">Abril Hurtado Jos\u00e9 CV<\/a><\/p>\n\n\n\n<p>Vocales:<\/p>\n\n\n\n<p><a href=\"https:\/\/www.icog.es\/geologosdelmundo\/wp-content\/uploads\/2023\/01\/Eusebio-Nestares-CV.pdf\">Nestares Men\u00e9ndez Eusebio CV<\/a><br><a href=\"https:\/\/www.icog.es\/geologosdelmundo\/wp-content\/uploads\/2023\/01\/Sol-Lopez-Andres-CV.pdf\">L\u00f3pez Andr\u00e9s Sol CV<\/a><br><a href=\"https:\/\/www.icog.es\/geologosdelmundo\/wp-content\/uploads\/2023\/01\/Sergio-Duran-Laforet-CV.pdf\">Dur\u00e1n Laforet Sergio CV<\/a><br><a href=\"https:\/\/www.icog.es\/geologosdelmundo\/wp-content\/uploads\/2023\/01\/Luis-Jorda-Bordehore-CV.pdf\">Jord\u00e1 Bordehore Luis CV<\/a><br><a href=\"https:\/\/www.icog.es\/geologosdelmundo\/wp-content\/uploads\/2023\/01\/Yolanda-Gonzalez-Diaz-CV.pdf\">Yolanda Gonz\u00e1lez CV<\/a><\/p>\n\n\n\n<h2 class=\"wp-block-heading\">Anexos en pdf para descargar<\/h2>\n\n\n\n<p><a href=\"https:\/\/www.icog.es\/geologosdelmundo\/wp-content\/uploads\/2023\/01\/normasvotacion2023-envio.jpg\">Normas generales para la votaci\u00f3n<\/a><\/p>\n\n\n\n<p><a href=\"https:\/\/www.icog.es\/geologosdelmundo\/wp-content\/uploads\/2023\/01\/comunicamoscandidaturas-2023-envio.jpg\">Candidaturas provisionales<\/a><\/p>\n\n\n\n<p><a href=\"https:\/\/www.icog.es\/geologosdelmundo\/wp-content\/uploads\/2023\/01\/papeletavotacion2023-envio.jpg\">Papeleta de votaci\u00f3n para imprimir<\/a><\/p>\n","protected":false},"excerpt":{"rendered":"<p>Finalizaci\u00f3n de la resoluci\u00f3n por las cuestiones planteadas respecto al Censo Electoral y finalizaci\u00f3n del plazo de examen de candidaturas. Proclamaci\u00f3n de candidaturas provisionales Presentamos las candidaturas provisionales para las pr\u00f3ximas elecciones de la ONG Ge\u00f3logos del Mundo, para los siguientes cargos: presidente, secretario, tesorero y vocales. Adem\u00e1s pueden acceder a la papeleta de votaci\u00f3n<\/p>\n","protected":false},"author":2,"featured_media":2406,"comment_status":"open","ping_status":"open","sticky":false,"template":"","format":"standard","meta":{"footnotes":""},"categories":[9],"tags":[3],"yoast_head":"<!-- This site is optimized with the Yoast SEO plugin v23.5 - https:\/\/yoast.com\/wordpress\/plugins\/seo\/ -->\r\n<title>Candidaturas provisionales para las pr\u00f3ximas elecciones - Ge\u00f3logos del Mundo<\/title>\r\n<meta name=\"robots\" content=\"index, follow, max-snippet:-1, max-image-preview:large, max-video-preview:-1\" \/>\r\n<link rel=\"canonical\" href=\"https:\/\/www.icog.es\/geologosdelmundo\/index.php\/2023\/01\/30\/candidaturas-para-las-proximas-elecciones\/\" \/>\r\n<meta property=\"og:locale\" content=\"es_ES\" \/>\r\n<meta property=\"og:type\" content=\"article\" \/>\r\n<meta property=\"og:title\" content=\"Candidaturas provisionales para las pr\u00f3ximas elecciones - Ge\u00f3logos del Mundo\" \/>\r\n<meta property=\"og:description\" content=\"Finalizaci\u00f3n de la resoluci\u00f3n por las cuestiones planteadas respecto al Censo Electoral y finalizaci\u00f3n del plazo de examen de candidaturas. Proclamaci\u00f3n de candidaturas provisionales Presentamos las candidaturas provisionales para las pr\u00f3ximas elecciones de la ONG Ge\u00f3logos del Mundo, para los siguientes cargos: presidente, secretario, tesorero y vocales. Adem\u00e1s pueden acceder a la papeleta de votaci\u00f3n\" \/>\r\n<meta property=\"og:url\" content=\"https:\/\/www.icog.es\/geologosdelmundo\/index.php\/2023\/01\/30\/candidaturas-para-las-proximas-elecciones\/\" \/>\r\n<meta property=\"og:site_name\" content=\"Ge\u00f3logos del Mundo\" \/>\r\n<meta property=\"article:publisher\" content=\"https:\/\/www.facebook.com\/geologosdelmundo.worldgeologists\" \/>\r\n<meta property=\"article:published_time\" content=\"2023-01-30T16:23:02+00:00\" \/>\r\n<meta property=\"article:modified_time\" content=\"2023-01-30T16:23:06+00:00\" \/>\r\n<meta property=\"og:image\" content=\"https:\/\/www.icog.es\/geologosdelmundo\/wp-content\/uploads\/2022\/12\/a6fe2250-4680-4754-a6a3-951fbfdf6b7c.jpg\" \/>\r\n\t<meta property=\"og:image:width\" content=\"800\" \/>\r\n\t<meta property=\"og:image:height\" content=\"470\" \/>\r\n\t<meta property=\"og:image:type\" content=\"image\/jpeg\" \/>\r\n<meta name=\"author\" content=\"Cristina Rzepka\" \/>\r\n<meta name=\"twitter:card\" content=\"summary_large_image\" \/>\r\n<meta name=\"twitter:creator\" content=\"@Geologos_Mundo\" \/>\r\n<meta name=\"twitter:site\" content=\"@Geologos_Mundo\" \/>\r\n<meta name=\"twitter:label1\" content=\"Escrito por\" \/>\n\t<meta name=\"twitter:data1\" content=\"Cristina Rzepka\" \/>\n\t<meta name=\"twitter:label2\" content=\"Tiempo de lectura\" \/>\n\t<meta name=\"twitter:data2\" content=\"2 minutos\" \/>\r\n<script type=\"application\/ld+json\" class=\"yoast-schema-graph\">{\"@context\":\"https:\/\/schema.org\",\"@graph\":[{\"@type\":\"WebPage\",\"@id\":\"https:\/\/www.icog.es\/geologosdelmundo\/index.php\/2023\/01\/30\/candidaturas-para-las-proximas-elecciones\/\",\"url\":\"https:\/\/www.icog.es\/geologosdelmundo\/index.php\/2023\/01\/30\/candidaturas-para-las-proximas-elecciones\/\",\"name\":\"Candidaturas provisionales para las pr\u00f3ximas elecciones - Ge\u00f3logos del Mundo\",\"isPartOf\":{\"@id\":\"https:\/\/www.icog.es\/geologosdelmundo\/#website\"},\"primaryImageOfPage\":{\"@id\":\"https:\/\/www.icog.es\/geologosdelmundo\/index.php\/2023\/01\/30\/candidaturas-para-las-proximas-elecciones\/#primaryimage\"},\"image\":{\"@id\":\"https:\/\/www.icog.es\/geologosdelmundo\/index.php\/2023\/01\/30\/candidaturas-para-las-proximas-elecciones\/#primaryimage\"},\"thumbnailUrl\":\"https:\/\/www.icog.es\/geologosdelmundo\/wp-content\/uploads\/2022\/12\/a6fe2250-4680-4754-a6a3-951fbfdf6b7c.jpg\",\"datePublished\":\"2023-01-30T16:23:02+00:00\",\"dateModified\":\"2023-01-30T16:23:06+00:00\",\"author\":{\"@id\":\"https:\/\/www.icog.es\/geologosdelmundo\/#\/schema\/person\/f9db4d6d3a89798909d8622b0d69d2ce\"},\"breadcrumb\":{\"@id\":\"https:\/\/www.icog.es\/geologosdelmundo\/index.php\/2023\/01\/30\/candidaturas-para-las-proximas-elecciones\/#breadcrumb\"},\"inLanguage\":\"es\",\"potentialAction\":[{\"@type\":\"ReadAction\",\"target\":[\"https:\/\/www.icog.es\/geologosdelmundo\/index.php\/2023\/01\/30\/candidaturas-para-las-proximas-elecciones\/\"]}]},{\"@type\":\"ImageObject\",\"inLanguage\":\"es\",\"@id\":\"https:\/\/www.icog.es\/geologosdelmundo\/index.php\/2023\/01\/30\/candidaturas-para-las-proximas-elecciones\/#primaryimage\",\"url\":\"https:\/\/www.icog.es\/geologosdelmundo\/wp-content\/uploads\/2022\/12\/a6fe2250-4680-4754-a6a3-951fbfdf6b7c.jpg\",\"contentUrl\":\"https:\/\/www.icog.es\/geologosdelmundo\/wp-content\/uploads\/2022\/12\/a6fe2250-4680-4754-a6a3-951fbfdf6b7c.jpg\",\"width\":800,\"height\":470},{\"@type\":\"BreadcrumbList\",\"@id\":\"https:\/\/www.icog.es\/geologosdelmundo\/index.php\/2023\/01\/30\/candidaturas-para-las-proximas-elecciones\/#breadcrumb\",\"itemListElement\":[{\"@type\":\"ListItem\",\"position\":1,\"name\":\"Portada\",\"item\":\"https:\/\/www.icog.es\/geologosdelmundo\/\"},{\"@type\":\"ListItem\",\"position\":2,\"name\":\"Candidaturas provisionales para las pr\u00f3ximas elecciones\"}]},{\"@type\":\"WebSite\",\"@id\":\"https:\/\/www.icog.es\/geologosdelmundo\/#website\",\"url\":\"https:\/\/www.icog.es\/geologosdelmundo\/\",\"name\":\"Ge\u00f3logos del Mundo\",\"description\":\"La ONG Ge\u00f3logos del Mundo es una organizaci\u00f3n no gubernamental sin \u00e1nimo de lucro, creada en Espa\u00f1a el a\u00f1o 1999.\",\"potentialAction\":[{\"@type\":\"SearchAction\",\"target\":{\"@type\":\"EntryPoint\",\"urlTemplate\":\"https:\/\/www.icog.es\/geologosdelmundo\/?s={search_term_string}\"},\"query-input\":{\"@type\":\"PropertyValueSpecification\",\"valueRequired\":true,\"valueName\":\"search_term_string\"}}],\"inLanguage\":\"es\"},{\"@type\":\"Person\",\"@id\":\"https:\/\/www.icog.es\/geologosdelmundo\/#\/schema\/person\/f9db4d6d3a89798909d8622b0d69d2ce\",\"name\":\"Cristina Rzepka\",\"image\":{\"@type\":\"ImageObject\",\"inLanguage\":\"es\",\"@id\":\"https:\/\/www.icog.es\/geologosdelmundo\/#\/schema\/person\/image\/\",\"url\":\"https:\/\/secure.gravatar.com\/avatar\/62bc9671272d586ed4d3915651f7650a?s=96&d=mm&r=g\",\"contentUrl\":\"https:\/\/secure.gravatar.com\/avatar\/62bc9671272d586ed4d3915651f7650a?s=96&d=mm&r=g\",\"caption\":\"Cristina Rzepka\"},\"description\":\"Ge\u00f3loga. Webmaster en Ge\u00f3logos del Mundo desde 2008.\",\"url\":\"https:\/\/www.icog.es\/geologosdelmundo\/index.php\/author\/cristina\/\"}]}<\/script>\r\n<!-- \/ Yoast SEO plugin. -->","yoast_head_json":{"title":"Candidaturas provisionales para las pr\u00f3ximas elecciones - Ge\u00f3logos del Mundo","robots":{"index":"index","follow":"follow","max-snippet":"max-snippet:-1","max-image-preview":"max-image-preview:large","max-video-preview":"max-video-preview:-1"},"canonical":"https:\/\/www.icog.es\/geologosdelmundo\/index.php\/2023\/01\/30\/candidaturas-para-las-proximas-elecciones\/","og_locale":"es_ES","og_type":"article","og_title":"Candidaturas provisionales para las pr\u00f3ximas elecciones - Ge\u00f3logos del Mundo","og_description":"Finalizaci\u00f3n de la resoluci\u00f3n por las cuestiones planteadas respecto al Censo Electoral y finalizaci\u00f3n del plazo de examen de candidaturas. Proclamaci\u00f3n de candidaturas provisionales Presentamos las candidaturas provisionales para las pr\u00f3ximas elecciones de la ONG Ge\u00f3logos del Mundo, para los siguientes cargos: presidente, secretario, tesorero y vocales. Adem\u00e1s pueden acceder a la papeleta de votaci\u00f3n","og_url":"https:\/\/www.icog.es\/geologosdelmundo\/index.php\/2023\/01\/30\/candidaturas-para-las-proximas-elecciones\/","og_site_name":"Ge\u00f3logos del Mundo","article_publisher":"https:\/\/www.facebook.com\/geologosdelmundo.worldgeologists","article_published_time":"2023-01-30T16:23:02+00:00","article_modified_time":"2023-01-30T16:23:06+00:00","og_image":[{"width":800,"height":470,"url":"https:\/\/www.icog.es\/geologosdelmundo\/wp-content\/uploads\/2022\/12\/a6fe2250-4680-4754-a6a3-951fbfdf6b7c.jpg","type":"image\/jpeg"}],"author":"Cristina Rzepka","twitter_card":"summary_large_image","twitter_creator":"@Geologos_Mundo","twitter_site":"@Geologos_Mundo","twitter_misc":{"Escrito por":"Cristina Rzepka","Tiempo de lectura":"2 minutos"},"schema":{"@context":"https:\/\/schema.org","@graph":[{"@type":"WebPage","@id":"https:\/\/www.icog.es\/geologosdelmundo\/index.php\/2023\/01\/30\/candidaturas-para-las-proximas-elecciones\/","url":"https:\/\/www.icog.es\/geologosdelmundo\/index.php\/2023\/01\/30\/candidaturas-para-las-proximas-elecciones\/","name":"Candidaturas provisionales para las pr\u00f3ximas elecciones - Ge\u00f3logos del Mundo","isPartOf":{"@id":"https:\/\/www.icog.es\/geologosdelmundo\/#website"},"primaryImageOfPage":{"@id":"https:\/\/www.icog.es\/geologosdelmundo\/index.php\/2023\/01\/30\/candidaturas-para-las-proximas-elecciones\/#primaryimage"},"image":{"@id":"https:\/\/www.icog.es\/geologosdelmundo\/index.php\/2023\/01\/30\/candidaturas-para-las-proximas-elecciones\/#primaryimage"},"thumbnailUrl":"https:\/\/www.icog.es\/geologosdelmundo\/wp-content\/uploads\/2022\/12\/a6fe2250-4680-4754-a6a3-951fbfdf6b7c.jpg","datePublished":"2023-01-30T16:23:02+00:00","dateModified":"2023-01-30T16:23:06+00:00","author":{"@id":"https:\/\/www.icog.es\/geologosdelmundo\/#\/schema\/person\/f9db4d6d3a89798909d8622b0d69d2ce"},"breadcrumb":{"@id":"https:\/\/www.icog.es\/geologosdelmundo\/index.php\/2023\/01\/30\/candidaturas-para-las-proximas-elecciones\/#breadcrumb"},"inLanguage":"es","potentialAction":[{"@type":"ReadAction","target":["https:\/\/www.icog.es\/geologosdelmundo\/index.php\/2023\/01\/30\/candidaturas-para-las-proximas-elecciones\/"]}]},{"@type":"ImageObject","inLanguage":"es","@id":"https:\/\/www.icog.es\/geologosdelmundo\/index.php\/2023\/01\/30\/candidaturas-para-las-proximas-elecciones\/#primaryimage","url":"https:\/\/www.icog.es\/geologosdelmundo\/wp-content\/uploads\/2022\/12\/a6fe2250-4680-4754-a6a3-951fbfdf6b7c.jpg","contentUrl":"https:\/\/www.icog.es\/geologosdelmundo\/wp-content\/uploads\/2022\/12\/a6fe2250-4680-4754-a6a3-951fbfdf6b7c.jpg","width":800,"height":470},{"@type":"BreadcrumbList","@id":"https:\/\/www.icog.es\/geologosdelmundo\/index.php\/2023\/01\/30\/candidaturas-para-las-proximas-elecciones\/#breadcrumb","itemListElement":[{"@type":"ListItem","position":1,"name":"Portada","item":"https:\/\/www.icog.es\/geologosdelmundo\/"},{"@type":"ListItem","position":2,"name":"Candidaturas provisionales para las pr\u00f3ximas elecciones"}]},{"@type":"WebSite","@id":"https:\/\/www.icog.es\/geologosdelmundo\/#website","url":"https:\/\/www.icog.es\/geologosdelmundo\/","name":"Ge\u00f3logos del Mundo","description":"La ONG Ge\u00f3logos del Mundo es una organizaci\u00f3n no gubernamental sin \u00e1nimo de lucro, creada en Espa\u00f1a el a\u00f1o 1999.","potentialAction":[{"@type":"SearchAction","target":{"@type":"EntryPoint","urlTemplate":"https:\/\/www.icog.es\/geologosdelmundo\/?s={search_term_string}"},"query-input":{"@type":"PropertyValueSpecification","valueRequired":true,"valueName":"search_term_string"}}],"inLanguage":"es"},{"@type":"Person","@id":"https:\/\/www.icog.es\/geologosdelmundo\/#\/schema\/person\/f9db4d6d3a89798909d8622b0d69d2ce","name":"Cristina Rzepka","image":{"@type":"ImageObject","inLanguage":"es","@id":"https:\/\/www.icog.es\/geologosdelmundo\/#\/schema\/person\/image\/","url":"https:\/\/secure.gravatar.com\/avatar\/62bc9671272d586ed4d3915651f7650a?s=96&d=mm&r=g","contentUrl":"https:\/\/secure.gravatar.com\/avatar\/62bc9671272d586ed4d3915651f7650a?s=96&d=mm&r=g","caption":"Cristina Rzepka"},"description":"Ge\u00f3loga. Webmaster en Ge\u00f3logos del Mundo desde 2008.","url":"https:\/\/www.icog.es\/geologosdelmundo\/index.php\/author\/cristina\/"}]}},"_links":{"self":[{"href":"https:\/\/www.icog.es\/geologosdelmundo\/index.php\/wp-json\/wp\/v2\/posts\/2436"}],"collection":[{"href":"https:\/\/www.icog.es\/geologosdelmundo\/index.php\/wp-json\/wp\/v2\/posts"}],"about":[{"href":"https:\/\/www.icog.es\/geologosdelmundo\/index.php\/wp-json\/wp\/v2\/types\/post"}],"author":[{"embeddable":true,"href":"https:\/\/www.icog.es\/geologosdelmundo\/index.php\/wp-json\/wp\/v2\/users\/2"}],"replies":[{"embeddable":true,"href":"https:\/\/www.icog.es\/geologosdelmundo\/index.php\/wp-json\/wp\/v2\/comments?post=2436"}],"version-history":[{"count":21,"href":"https:\/\/www.icog.es\/geologosdelmundo\/index.php\/wp-json\/wp\/v2\/posts\/2436\/revisions"}],"predecessor-version":[{"id":2484,"href":"https:\/\/www.icog.es\/geologosdelmundo\/index.php\/wp-json\/wp\/v2\/posts\/2436\/revisions\/2484"}],"wp:featuredmedia":[{"embeddable":true,"href":"https:\/\/www.icog.es\/geologosdelmundo\/index.php\/wp-json\/wp\/v2\/media\/2406"}],"wp:attachment":[{"href":"https:\/\/www.icog.es\/geologosdelmundo\/index.php\/wp-json\/wp\/v2\/media?parent=2436"}],"wp:term":[{"taxonomy":"category","embeddable":true,"href":"https:\/\/www.icog.es\/geologosdelmundo\/index.php\/wp-json\/wp\/v2\/categories?post=2436"},{"taxonomy":"post_tag","embeddable":true,"href":"https:\/\/www.icog.es\/geologosdelmundo\/index.php\/wp-json\/wp\/v2\/tags?post=2436"}],"curies":[{"name":"wp","href":"https:\/\/api.w.org\/{rel}","templated":true}]}}