{"id":2203,"date":"2022-05-30T13:25:59","date_gmt":"2022-05-30T11:25:59","guid":{"rendered":"https:\/\/www.icog.es\/geologosdelmundo\/?p=2203"},"modified":"2022-05-31T11:57:18","modified_gmt":"2022-05-31T09:57:18","slug":"el-vi-congreso-nacional-de-aridos-premia-la-labor-de-geologos-del-mundo-en-la-palma","status":"publish","type":"post","link":"https:\/\/www.icog.es\/geologosdelmundo\/index.php\/2022\/05\/30\/el-vi-congreso-nacional-de-aridos-premia-la-labor-de-geologos-del-mundo-en-la-palma\/","title":{"rendered":"El VI Congreso Nacional de \u00c1ridos premia la labor de Ge\u00f3logos del Mundo en La Palma"},"content":{"rendered":"\n<p><strong>El <a href=\"https:\/\/www.congresoaridos.com\/\">VI Congreso Nacional de \u00c1ridos <\/a>, celebrado en Oviedo del 25 al 27 de mayo de 2022, premia la labor de Ge\u00f3logos del Mundo realizada en La Palma con su iniciativa <a href=\"https:\/\/geosolidarioslapalma.com\/\">\u00abGeosolidarios por la Palma\u00bb.<\/a><\/strong><\/p>\n\n\n\n<p>Ge\u00f3logos del Mundo particip\u00f3 con un puesto cedido por el congreso, donde proyect\u00f3 los videos realizados durante la erupci\u00f3n del volc\u00e1n de Cumbre Vieja. M\u00e1s de 100 ni\u00f1os de colegios de Oviedo tuvieron la oportunidad de ver los videos y se llevaron de regalo una probeta con lapilli del volc\u00e1n.<\/p>\n\n\n\n<figure class=\"wp-block-image size-large\"><img decoding=\"async\" src=\"https:\/\/www.icog.es\/geologosdelmundo\/wp-content\/uploads\/2022\/05\/PHOTO-2022-05-26-16-19-42-1.jpg\" alt=\"\"\/><figcaption>Cristina Sapalski, integrante de la junta directiva de GM, en el puesto de GM<\/figcaption><\/figure>\n\n\n\n<p>Durante el acto de clausura la organizaci\u00f3n premi\u00f3 a la iniciativa &nbsp;con una dotaci\u00f3n de 3000 \u20ac que se destinar\u00e1n a material escolar, para los ni\u00f1os de las zonas afectadas por el volc\u00e1n.<\/p>\n\n\n\n<p>Geologos del Mundo agradece al <a href=\"https:\/\/www.congresoaridos.com\/\">VI Congreso Nacional de \u00c1ridos<\/a> y a su organizaci\u00f3n el donativo que contribuir\u00e1 para seguir adelante con la iniciativa de ayudar a quienes m\u00e1s lo necesita.<\/p>\n\n\n\n<p>Queremos agradecer tambi\u00e9n a<a href=\"http:\/\/www.xeologosdelmundu.org\/\"> Ge\u00f3logos del Mundo de Asturias<\/a> su inestimable ayuda para que nuestra participaci\u00f3n en el congreso fuese un \u00e9xito.<\/p>\n\n\n\n<figure class=\"wp-block-image size-large is-resized\"><img loading=\"lazy\" decoding=\"async\" src=\"https:\/\/www.icog.es\/geologosdelmundo\/wp-content\/uploads\/2022\/05\/asistencia_gm-evento_oviedo_20222_05_28-1024x746.jpg\" alt=\"\" class=\"wp-image-2208\" width=\"800\" height=\"560\"\/><\/figure>\n\n\n\n<div class=\"wp-block-group is-layout-flow wp-block-group-is-layout-flow\"><div class=\"wp-block-group__inner-container\">\n<div class=\"wp-block-columns is-layout-flex wp-container-core-columns-layout-1 wp-block-columns-is-layout-flex\">\n<div class=\"wp-block-column is-layout-flow wp-block-column-is-layout-flow\" style=\"flex-basis:100%\">\n<figure class=\"wp-block-image size-full\"><img loading=\"lazy\" decoding=\"async\" width=\"800\" height=\"600\" src=\"https:\/\/www.icog.es\/geologosdelmundo\/wp-content\/uploads\/2022\/05\/aridos_1_web_800.jpg\" alt=\"\" class=\"wp-image-2219\" srcset=\"https:\/\/www.icog.es\/geologosdelmundo\/wp-content\/uploads\/2022\/05\/aridos_1_web_800.jpg 800w, https:\/\/www.icog.es\/geologosdelmundo\/wp-content\/uploads\/2022\/05\/aridos_1_web_800-300x225.jpg 300w, https:\/\/www.icog.es\/geologosdelmundo\/wp-content\/uploads\/2022\/05\/aridos_1_web_800-249x187.jpg 249w\" sizes=\"(max-width: 800px) 100vw, 800px\" \/><\/figure>\n<\/div>\n<\/div>\n\n\n\n<figure class=\"wp-block-image size-full\"><img loading=\"lazy\" decoding=\"async\" width=\"800\" height=\"670\" src=\"https:\/\/www.icog.es\/geologosdelmundo\/wp-content\/uploads\/2022\/05\/aridos_2_web_800.jpg\" alt=\"\" class=\"wp-image-2220\" srcset=\"https:\/\/www.icog.es\/geologosdelmundo\/wp-content\/uploads\/2022\/05\/aridos_2_web_800.jpg 800w, https:\/\/www.icog.es\/geologosdelmundo\/wp-content\/uploads\/2022\/05\/aridos_2_web_800-300x251.jpg 300w, https:\/\/www.icog.es\/geologosdelmundo\/wp-content\/uploads\/2022\/05\/aridos_2_web_800-223x187.jpg 223w\" sizes=\"(max-width: 800px) 100vw, 800px\" \/><figcaption>Lorenzo Fortuni recoge el premio en nombre de Ge\u00f3logos del Mundo<\/figcaption><\/figure>\n<\/div><\/div>\n\n\n\n<div class=\"wp-block-group is-layout-flow wp-block-group-is-layout-flow\"><div class=\"wp-block-group__inner-container\">\n<div class=\"wp-block-columns is-layout-flex wp-container-core-columns-layout-2 wp-block-columns-is-layout-flex\">\n<div class=\"wp-block-column is-layout-flow wp-block-column-is-layout-flow\" style=\"flex-basis:100%\">\n<div class=\"wp-block-group is-layout-flow wp-block-group-is-layout-flow\"><div class=\"wp-block-group__inner-container\"><\/div><\/div>\n<\/div>\n<\/div>\n<\/div><\/div>\n\n\n\n<figure class=\"wp-block-image size-large\"><img loading=\"lazy\" decoding=\"async\" width=\"1024\" height=\"484\" src=\"https:\/\/www.icog.es\/geologosdelmundo\/wp-content\/uploads\/2022\/05\/vicongresonacional-dearidos-1024x484.jpg\" alt=\"\" class=\"wp-image-2210\"\/><figcaption><a href=\"https:\/\/www.congresoaridos.com\/\">https:\/\/www.congresoaridos.com\/<\/a><\/figcaption><\/figure>\n","protected":false},"excerpt":{"rendered":"<p>El VI Congreso Nacional de \u00c1ridos , celebrado en Oviedo del 25 al 27 de mayo de 2022, premia la labor de Ge\u00f3logos del Mundo realizada en La Palma con su iniciativa \u00abGeosolidarios por la Palma\u00bb. Ge\u00f3logos del Mundo particip\u00f3 con un puesto cedido por el congreso, donde proyect\u00f3 los videos realizados durante la erupci\u00f3n<\/p>\n","protected":false},"author":2,"featured_media":2213,"comment_status":"open","ping_status":"open","sticky":false,"template":"","format":"standard","meta":{"footnotes":""},"categories":[9],"tags":[277,219,287,286],"yoast_head":"<!-- This site is optimized with the Yoast SEO plugin v23.5 - https:\/\/yoast.com\/wordpress\/plugins\/seo\/ -->\r\n<title>El VI Congreso Nacional de \u00c1ridos premia la labor de Ge\u00f3logos del Mundo en La Palma - Ge\u00f3logos del Mundo<\/title>\r\n<meta name=\"robots\" content=\"index, follow, max-snippet:-1, max-image-preview:large, max-video-preview:-1\" \/>\r\n<link rel=\"canonical\" href=\"https:\/\/www.icog.es\/geologosdelmundo\/index.php\/2022\/05\/30\/el-vi-congreso-nacional-de-aridos-premia-la-labor-de-geologos-del-mundo-en-la-palma\/\" \/>\r\n<meta property=\"og:locale\" content=\"es_ES\" \/>\r\n<meta property=\"og:type\" content=\"article\" \/>\r\n<meta property=\"og:title\" content=\"El VI Congreso Nacional de \u00c1ridos premia la labor de Ge\u00f3logos del Mundo en La Palma - Ge\u00f3logos del Mundo\" \/>\r\n<meta property=\"og:description\" content=\"El VI Congreso Nacional de \u00c1ridos , celebrado en Oviedo del 25 al 27 de mayo de 2022, premia la labor de Ge\u00f3logos del Mundo realizada en La Palma con su iniciativa \u00abGeosolidarios por la Palma\u00bb. Ge\u00f3logos del Mundo particip\u00f3 con un puesto cedido por el congreso, donde proyect\u00f3 los videos realizados durante la erupci\u00f3n\" \/>\r\n<meta property=\"og:url\" content=\"https:\/\/www.icog.es\/geologosdelmundo\/index.php\/2022\/05\/30\/el-vi-congreso-nacional-de-aridos-premia-la-labor-de-geologos-del-mundo-en-la-palma\/\" \/>\r\n<meta property=\"og:site_name\" content=\"Ge\u00f3logos del Mundo\" \/>\r\n<meta property=\"article:publisher\" content=\"https:\/\/www.facebook.com\/geologosdelmundo.worldgeologists\" \/>\r\n<meta property=\"article:published_time\" content=\"2022-05-30T11:25:59+00:00\" \/>\r\n<meta property=\"article:modified_time\" content=\"2022-05-31T09:57:18+00:00\" \/>\r\n<meta property=\"og:image\" content=\"https:\/\/www.icog.es\/geologosdelmundo\/wp-content\/uploads\/2022\/05\/10191619520814ox1200.jpg\" \/>\r\n\t<meta property=\"og:image:width\" content=\"1200\" \/>\r\n\t<meta property=\"og:image:height\" content=\"442\" \/>\r\n\t<meta property=\"og:image:type\" content=\"image\/jpeg\" \/>\r\n<meta name=\"author\" content=\"Cristina Rzepka\" \/>\r\n<meta name=\"twitter:card\" content=\"summary_large_image\" \/>\r\n<meta name=\"twitter:creator\" content=\"@Geologos_Mundo\" \/>\r\n<meta name=\"twitter:site\" content=\"@Geologos_Mundo\" \/>\r\n<meta name=\"twitter:label1\" content=\"Escrito por\" \/>\n\t<meta name=\"twitter:data1\" content=\"Cristina Rzepka\" \/>\n\t<meta name=\"twitter:label2\" content=\"Tiempo de lectura\" \/>\n\t<meta name=\"twitter:data2\" content=\"2 minutos\" \/>\r\n<script type=\"application\/ld+json\" class=\"yoast-schema-graph\">{\"@context\":\"https:\/\/schema.org\",\"@graph\":[{\"@type\":\"WebPage\",\"@id\":\"https:\/\/www.icog.es\/geologosdelmundo\/index.php\/2022\/05\/30\/el-vi-congreso-nacional-de-aridos-premia-la-labor-de-geologos-del-mundo-en-la-palma\/\",\"url\":\"https:\/\/www.icog.es\/geologosdelmundo\/index.php\/2022\/05\/30\/el-vi-congreso-nacional-de-aridos-premia-la-labor-de-geologos-del-mundo-en-la-palma\/\",\"name\":\"El VI Congreso Nacional de \u00c1ridos premia la labor de Ge\u00f3logos del Mundo en La Palma - Ge\u00f3logos del Mundo\",\"isPartOf\":{\"@id\":\"https:\/\/www.icog.es\/geologosdelmundo\/#website\"},\"primaryImageOfPage\":{\"@id\":\"https:\/\/www.icog.es\/geologosdelmundo\/index.php\/2022\/05\/30\/el-vi-congreso-nacional-de-aridos-premia-la-labor-de-geologos-del-mundo-en-la-palma\/#primaryimage\"},\"image\":{\"@id\":\"https:\/\/www.icog.es\/geologosdelmundo\/index.php\/2022\/05\/30\/el-vi-congreso-nacional-de-aridos-premia-la-labor-de-geologos-del-mundo-en-la-palma\/#primaryimage\"},\"thumbnailUrl\":\"https:\/\/www.icog.es\/geologosdelmundo\/wp-content\/uploads\/2022\/05\/10191619520814ox1200.jpg\",\"datePublished\":\"2022-05-30T11:25:59+00:00\",\"dateModified\":\"2022-05-31T09:57:18+00:00\",\"author\":{\"@id\":\"https:\/\/www.icog.es\/geologosdelmundo\/#\/schema\/person\/f9db4d6d3a89798909d8622b0d69d2ce\"},\"breadcrumb\":{\"@id\":\"https:\/\/www.icog.es\/geologosdelmundo\/index.php\/2022\/05\/30\/el-vi-congreso-nacional-de-aridos-premia-la-labor-de-geologos-del-mundo-en-la-palma\/#breadcrumb\"},\"inLanguage\":\"es\",\"potentialAction\":[{\"@type\":\"ReadAction\",\"target\":[\"https:\/\/www.icog.es\/geologosdelmundo\/index.php\/2022\/05\/30\/el-vi-congreso-nacional-de-aridos-premia-la-labor-de-geologos-del-mundo-en-la-palma\/\"]}]},{\"@type\":\"ImageObject\",\"inLanguage\":\"es\",\"@id\":\"https:\/\/www.icog.es\/geologosdelmundo\/index.php\/2022\/05\/30\/el-vi-congreso-nacional-de-aridos-premia-la-labor-de-geologos-del-mundo-en-la-palma\/#primaryimage\",\"url\":\"https:\/\/www.icog.es\/geologosdelmundo\/wp-content\/uploads\/2022\/05\/10191619520814ox1200.jpg\",\"contentUrl\":\"https:\/\/www.icog.es\/geologosdelmundo\/wp-content\/uploads\/2022\/05\/10191619520814ox1200.jpg\",\"width\":1200,\"height\":442},{\"@type\":\"BreadcrumbList\",\"@id\":\"https:\/\/www.icog.es\/geologosdelmundo\/index.php\/2022\/05\/30\/el-vi-congreso-nacional-de-aridos-premia-la-labor-de-geologos-del-mundo-en-la-palma\/#breadcrumb\",\"itemListElement\":[{\"@type\":\"ListItem\",\"position\":1,\"name\":\"Portada\",\"item\":\"https:\/\/www.icog.es\/geologosdelmundo\/\"},{\"@type\":\"ListItem\",\"position\":2,\"name\":\"El VI Congreso Nacional de \u00c1ridos premia la labor de Ge\u00f3logos del Mundo en La Palma\"}]},{\"@type\":\"WebSite\",\"@id\":\"https:\/\/www.icog.es\/geologosdelmundo\/#website\",\"url\":\"https:\/\/www.icog.es\/geologosdelmundo\/\",\"name\":\"Ge\u00f3logos del Mundo\",\"description\":\"La ONG Ge\u00f3logos del Mundo es una organizaci\u00f3n no gubernamental sin \u00e1nimo de lucro, creada en Espa\u00f1a el a\u00f1o 1999.\",\"potentialAction\":[{\"@type\":\"SearchAction\",\"target\":{\"@type\":\"EntryPoint\",\"urlTemplate\":\"https:\/\/www.icog.es\/geologosdelmundo\/?s={search_term_string}\"},\"query-input\":{\"@type\":\"PropertyValueSpecification\",\"valueRequired\":true,\"valueName\":\"search_term_string\"}}],\"inLanguage\":\"es\"},{\"@type\":\"Person\",\"@id\":\"https:\/\/www.icog.es\/geologosdelmundo\/#\/schema\/person\/f9db4d6d3a89798909d8622b0d69d2ce\",\"name\":\"Cristina Rzepka\",\"image\":{\"@type\":\"ImageObject\",\"inLanguage\":\"es\",\"@id\":\"https:\/\/www.icog.es\/geologosdelmundo\/#\/schema\/person\/image\/\",\"url\":\"https:\/\/secure.gravatar.com\/avatar\/62bc9671272d586ed4d3915651f7650a?s=96&d=mm&r=g\",\"contentUrl\":\"https:\/\/secure.gravatar.com\/avatar\/62bc9671272d586ed4d3915651f7650a?s=96&d=mm&r=g\",\"caption\":\"Cristina Rzepka\"},\"description\":\"Ge\u00f3loga. Webmaster en Ge\u00f3logos del Mundo desde 2008.\",\"url\":\"https:\/\/www.icog.es\/geologosdelmundo\/index.php\/author\/cristina\/\"}]}<\/script>\r\n<!-- \/ Yoast SEO plugin. -->","yoast_head_json":{"title":"El VI Congreso Nacional de \u00c1ridos premia la labor de Ge\u00f3logos del Mundo en La Palma - Ge\u00f3logos del Mundo","robots":{"index":"index","follow":"follow","max-snippet":"max-snippet:-1","max-image-preview":"max-image-preview:large","max-video-preview":"max-video-preview:-1"},"canonical":"https:\/\/www.icog.es\/geologosdelmundo\/index.php\/2022\/05\/30\/el-vi-congreso-nacional-de-aridos-premia-la-labor-de-geologos-del-mundo-en-la-palma\/","og_locale":"es_ES","og_type":"article","og_title":"El VI Congreso Nacional de \u00c1ridos premia la labor de Ge\u00f3logos del Mundo en La Palma - Ge\u00f3logos del Mundo","og_description":"El VI Congreso Nacional de \u00c1ridos , celebrado en Oviedo del 25 al 27 de mayo de 2022, premia la labor de Ge\u00f3logos del Mundo realizada en La Palma con su iniciativa \u00abGeosolidarios por la Palma\u00bb. Ge\u00f3logos del Mundo particip\u00f3 con un puesto cedido por el congreso, donde proyect\u00f3 los videos realizados durante la erupci\u00f3n","og_url":"https:\/\/www.icog.es\/geologosdelmundo\/index.php\/2022\/05\/30\/el-vi-congreso-nacional-de-aridos-premia-la-labor-de-geologos-del-mundo-en-la-palma\/","og_site_name":"Ge\u00f3logos del Mundo","article_publisher":"https:\/\/www.facebook.com\/geologosdelmundo.worldgeologists","article_published_time":"2022-05-30T11:25:59+00:00","article_modified_time":"2022-05-31T09:57:18+00:00","og_image":[{"width":1200,"height":442,"url":"https:\/\/www.icog.es\/geologosdelmundo\/wp-content\/uploads\/2022\/05\/10191619520814ox1200.jpg","type":"image\/jpeg"}],"author":"Cristina Rzepka","twitter_card":"summary_large_image","twitter_creator":"@Geologos_Mundo","twitter_site":"@Geologos_Mundo","twitter_misc":{"Escrito por":"Cristina Rzepka","Tiempo de lectura":"2 minutos"},"schema":{"@context":"https:\/\/schema.org","@graph":[{"@type":"WebPage","@id":"https:\/\/www.icog.es\/geologosdelmundo\/index.php\/2022\/05\/30\/el-vi-congreso-nacional-de-aridos-premia-la-labor-de-geologos-del-mundo-en-la-palma\/","url":"https:\/\/www.icog.es\/geologosdelmundo\/index.php\/2022\/05\/30\/el-vi-congreso-nacional-de-aridos-premia-la-labor-de-geologos-del-mundo-en-la-palma\/","name":"El VI Congreso Nacional de \u00c1ridos premia la labor de Ge\u00f3logos del Mundo en La Palma - Ge\u00f3logos del Mundo","isPartOf":{"@id":"https:\/\/www.icog.es\/geologosdelmundo\/#website"},"primaryImageOfPage":{"@id":"https:\/\/www.icog.es\/geologosdelmundo\/index.php\/2022\/05\/30\/el-vi-congreso-nacional-de-aridos-premia-la-labor-de-geologos-del-mundo-en-la-palma\/#primaryimage"},"image":{"@id":"https:\/\/www.icog.es\/geologosdelmundo\/index.php\/2022\/05\/30\/el-vi-congreso-nacional-de-aridos-premia-la-labor-de-geologos-del-mundo-en-la-palma\/#primaryimage"},"thumbnailUrl":"https:\/\/www.icog.es\/geologosdelmundo\/wp-content\/uploads\/2022\/05\/10191619520814ox1200.jpg","datePublished":"2022-05-30T11:25:59+00:00","dateModified":"2022-05-31T09:57:18+00:00","author":{"@id":"https:\/\/www.icog.es\/geologosdelmundo\/#\/schema\/person\/f9db4d6d3a89798909d8622b0d69d2ce"},"breadcrumb":{"@id":"https:\/\/www.icog.es\/geologosdelmundo\/index.php\/2022\/05\/30\/el-vi-congreso-nacional-de-aridos-premia-la-labor-de-geologos-del-mundo-en-la-palma\/#breadcrumb"},"inLanguage":"es","potentialAction":[{"@type":"ReadAction","target":["https:\/\/www.icog.es\/geologosdelmundo\/index.php\/2022\/05\/30\/el-vi-congreso-nacional-de-aridos-premia-la-labor-de-geologos-del-mundo-en-la-palma\/"]}]},{"@type":"ImageObject","inLanguage":"es","@id":"https:\/\/www.icog.es\/geologosdelmundo\/index.php\/2022\/05\/30\/el-vi-congreso-nacional-de-aridos-premia-la-labor-de-geologos-del-mundo-en-la-palma\/#primaryimage","url":"https:\/\/www.icog.es\/geologosdelmundo\/wp-content\/uploads\/2022\/05\/10191619520814ox1200.jpg","contentUrl":"https:\/\/www.icog.es\/geologosdelmundo\/wp-content\/uploads\/2022\/05\/10191619520814ox1200.jpg","width":1200,"height":442},{"@type":"BreadcrumbList","@id":"https:\/\/www.icog.es\/geologosdelmundo\/index.php\/2022\/05\/30\/el-vi-congreso-nacional-de-aridos-premia-la-labor-de-geologos-del-mundo-en-la-palma\/#breadcrumb","itemListElement":[{"@type":"ListItem","position":1,"name":"Portada","item":"https:\/\/www.icog.es\/geologosdelmundo\/"},{"@type":"ListItem","position":2,"name":"El VI Congreso Nacional de \u00c1ridos premia la labor de Ge\u00f3logos del Mundo en La Palma"}]},{"@type":"WebSite","@id":"https:\/\/www.icog.es\/geologosdelmundo\/#website","url":"https:\/\/www.icog.es\/geologosdelmundo\/","name":"Ge\u00f3logos del Mundo","description":"La ONG Ge\u00f3logos del Mundo es una organizaci\u00f3n no gubernamental sin \u00e1nimo de lucro, creada en Espa\u00f1a el a\u00f1o 1999.","potentialAction":[{"@type":"SearchAction","target":{"@type":"EntryPoint","urlTemplate":"https:\/\/www.icog.es\/geologosdelmundo\/?s={search_term_string}"},"query-input":{"@type":"PropertyValueSpecification","valueRequired":true,"valueName":"search_term_string"}}],"inLanguage":"es"},{"@type":"Person","@id":"https:\/\/www.icog.es\/geologosdelmundo\/#\/schema\/person\/f9db4d6d3a89798909d8622b0d69d2ce","name":"Cristina Rzepka","image":{"@type":"ImageObject","inLanguage":"es","@id":"https:\/\/www.icog.es\/geologosdelmundo\/#\/schema\/person\/image\/","url":"https:\/\/secure.gravatar.com\/avatar\/62bc9671272d586ed4d3915651f7650a?s=96&d=mm&r=g","contentUrl":"https:\/\/secure.gravatar.com\/avatar\/62bc9671272d586ed4d3915651f7650a?s=96&d=mm&r=g","caption":"Cristina Rzepka"},"description":"Ge\u00f3loga. Webmaster en Ge\u00f3logos del Mundo desde 2008.","url":"https:\/\/www.icog.es\/geologosdelmundo\/index.php\/author\/cristina\/"}]}},"_links":{"self":[{"href":"https:\/\/www.icog.es\/geologosdelmundo\/index.php\/wp-json\/wp\/v2\/posts\/2203"}],"collection":[{"href":"https:\/\/www.icog.es\/geologosdelmundo\/index.php\/wp-json\/wp\/v2\/posts"}],"about":[{"href":"https:\/\/www.icog.es\/geologosdelmundo\/index.php\/wp-json\/wp\/v2\/types\/post"}],"author":[{"embeddable":true,"href":"https:\/\/www.icog.es\/geologosdelmundo\/index.php\/wp-json\/wp\/v2\/users\/2"}],"replies":[{"embeddable":true,"href":"https:\/\/www.icog.es\/geologosdelmundo\/index.php\/wp-json\/wp\/v2\/comments?post=2203"}],"version-history":[{"count":9,"href":"https:\/\/www.icog.es\/geologosdelmundo\/index.php\/wp-json\/wp\/v2\/posts\/2203\/revisions"}],"predecessor-version":[{"id":2225,"href":"https:\/\/www.icog.es\/geologosdelmundo\/index.php\/wp-json\/wp\/v2\/posts\/2203\/revisions\/2225"}],"wp:featuredmedia":[{"embeddable":true,"href":"https:\/\/www.icog.es\/geologosdelmundo\/index.php\/wp-json\/wp\/v2\/media\/2213"}],"wp:attachment":[{"href":"https:\/\/www.icog.es\/geologosdelmundo\/index.php\/wp-json\/wp\/v2\/media?parent=2203"}],"wp:term":[{"taxonomy":"category","embeddable":true,"href":"https:\/\/www.icog.es\/geologosdelmundo\/index.php\/wp-json\/wp\/v2\/categories?post=2203"},{"taxonomy":"post_tag","embeddable":true,"href":"https:\/\/www.icog.es\/geologosdelmundo\/index.php\/wp-json\/wp\/v2\/tags?post=2203"}],"curies":[{"name":"wp","href":"https:\/\/api.w.org\/{rel}","templated":true}]}}