{"id":1014,"date":"2019-04-22T12:09:38","date_gmt":"2019-04-22T12:09:38","guid":{"rendered":"http:\/\/www.icog.es\/geologosdelmundo\/?p=1014"},"modified":"2019-04-22T12:09:38","modified_gmt":"2019-04-22T12:09:38","slug":"22-de-abril-dia-internacional-de-la-tierra","status":"publish","type":"post","link":"https:\/\/www.icog.es\/geologosdelmundo\/index.php\/2019\/04\/22\/22-de-abril-dia-internacional-de-la-tierra\/","title":{"rendered":"22 de Abril, D\u00eda Internacional de La Tierra"},"content":{"rendered":"<p>Hoy, 22 de abril, celebramos el D\u00eda Internacional de La Tierra.<\/p>\n<p>Con esta celebraci\u00f3n la humanidad intenta llamar la atenci\u00f3n sobre los factores de la vida humana que afectan la calidad de vida sobre la Tierra tanto para las personas como para los animales y plantas que nos acompa\u00f1an en nuestro planeta.<\/p>\n<p>Uno de los grandes retos, es el manejo de la basura que producimos tanto en la superficie de los continentes, en los oc\u00e9anos y hasta\u00a0 en el espacio orbital de la Tierra.<\/p>\n<p>Hay que seguir trabajando en generar consciencia tanto a nivel de las comunidades, como de los entes del gobierno nacional y asociaciones internacionales para reducir y reciclar cada d\u00eda m\u00e1s.<\/p>\n<p>Evitemos el desperdicio cada uno a nivel puntual y tratemos de usar solo lo que necesitemos para as\u00ed lograr una Tierra m\u00e1s limpia.<\/p>\n<p><img loading=\"lazy\" decoding=\"async\" class=\"alignnone size-full wp-image-1015\" src=\"https:\/\/www.icog.es\/geologosdelmundo\/wp-content\/uploads\/2019\/04\/dia_tierra_2019.jpg\" alt=\"\" width=\"850\" height=\"478\" srcset=\"https:\/\/www.icog.es\/geologosdelmundo\/wp-content\/uploads\/2019\/04\/dia_tierra_2019.jpg 850w, https:\/\/www.icog.es\/geologosdelmundo\/wp-content\/uploads\/2019\/04\/dia_tierra_2019-300x169.jpg 300w, https:\/\/www.icog.es\/geologosdelmundo\/wp-content\/uploads\/2019\/04\/dia_tierra_2019-280x157.jpg 280w\" sizes=\"(max-width: 850px) 100vw, 850px\" \/><\/p>\n<p>Imagen:\u00a0<img loading=\"lazy\" decoding=\"async\" class=\"\" src=\"https:\/\/upload.wikimedia.org\/wikipedia\/commons\/thumb\/6\/62\/PD-icon.svg\/64px-PD-icon.svg.png\" alt=\"Public domain\" width=\"30\" height=\"30\" \/>\u00a0Modificada por Ge\u00f3logos del Mundo para el Dia Internacional de La Tierra<\/p>\n<div class=\"description en\" lang=\"en\"><i>This file is in the\u00a0<b><a class=\"extiw\" title=\"w:public domain\" href=\"https:\/\/en.wikipedia.org\/wiki\/public_domain\">public domain<\/a><\/b>\u00a0in the United States because it was created by the Image Science &amp; Analysis Laboratory, of the\u00a0<a class=\"extiw\" title=\"w:NASA\" href=\"https:\/\/en.wikipedia.org\/wiki\/NASA\">NASA<\/a>\u00a0Johnson Space Center. NASA copyright policy states that \u00abNASA material is not protected by copyright\u00a0<b>unless noted<\/b>\u00ab. (<a class=\"external text\" href=\"http:\/\/www.jsc.nasa.gov\/policies.html#Guidelines\" rel=\"nofollow\">NASA copyright policy page<\/a>\u00a0or\u00a0<a class=\"external text\" href=\"http:\/\/eol.jsc.nasa.gov\/FAQ\/\" rel=\"nofollow\">Conditions of Use of Astronaut Photographs<\/a>).<\/i>\u00a0Photo source:\u00a0<a class=\"external text\" href=\"http:\/\/eol.jsc.nasa.gov\/scripts\/sseop\/photo.pl?mission=ISS049&amp;roll=E&amp;frame=004175\" rel=\"nofollow\">ISS049-E-004175<\/a><i>.<\/i><\/div>\n<div lang=\"en\"><\/div>\n<div lang=\"en\">Imagen de cabecera:<img decoding=\"async\" src=\"https:\/\/upload.wikimedia.org\/wikipedia\/commons\/thumb\/7\/79\/CC_some_rights_reserved.svg\/90px-CC_some_rights_reserved.svg.png\" alt=\"w:en:Creative Commons\" \/>by\u00a0<a class=\"new\" title=\"User:Thomastastic (page does not exist)\" href=\"https:\/\/commons.wikimedia.org\/w\/index.php?title=User:Thomastastic&amp;action=edit&amp;redlink=1\">Thomastastic<\/a><\/div>\n","protected":false},"excerpt":{"rendered":"<p>Hoy, 22 de abril, celebramos el D\u00eda Internacional de La Tierra. Con esta celebraci\u00f3n la humanidad intenta llamar la atenci\u00f3n sobre los factores de la vida humana que afectan la calidad de vida sobre la Tierra tanto para las personas como para los animales y plantas que nos acompa\u00f1an en nuestro planeta. Uno de los<\/p>\n","protected":false},"author":2,"featured_media":1013,"comment_status":"open","ping_status":"open","sticky":false,"template":"","format":"standard","meta":{"footnotes":""},"categories":[9],"tags":[136,3,138,137,75],"yoast_head":"<!-- This site is optimized with the Yoast SEO plugin v23.5 - https:\/\/yoast.com\/wordpress\/plugins\/seo\/ -->\r\n<title>22 de Abril, D\u00eda Internacional de La Tierra - Ge\u00f3logos del Mundo<\/title>\r\n<meta name=\"robots\" content=\"index, follow, max-snippet:-1, max-image-preview:large, max-video-preview:-1\" \/>\r\n<link rel=\"canonical\" href=\"https:\/\/www.icog.es\/geologosdelmundo\/index.php\/2019\/04\/22\/22-de-abril-dia-internacional-de-la-tierra\/\" \/>\r\n<meta property=\"og:locale\" content=\"es_ES\" \/>\r\n<meta property=\"og:type\" content=\"article\" \/>\r\n<meta property=\"og:title\" content=\"22 de Abril, D\u00eda Internacional de La Tierra - Ge\u00f3logos del Mundo\" \/>\r\n<meta property=\"og:description\" content=\"Hoy, 22 de abril, celebramos el D\u00eda Internacional de La Tierra. Con esta celebraci\u00f3n la humanidad intenta llamar la atenci\u00f3n sobre los factores de la vida humana que afectan la calidad de vida sobre la Tierra tanto para las personas como para los animales y plantas que nos acompa\u00f1an en nuestro planeta. Uno de los\" \/>\r\n<meta property=\"og:url\" content=\"https:\/\/www.icog.es\/geologosdelmundo\/index.php\/2019\/04\/22\/22-de-abril-dia-internacional-de-la-tierra\/\" \/>\r\n<meta property=\"og:site_name\" content=\"Ge\u00f3logos del Mundo\" \/>\r\n<meta property=\"article:publisher\" content=\"https:\/\/www.facebook.com\/geologosdelmundo.worldgeologists\" \/>\r\n<meta property=\"article:published_time\" content=\"2019-04-22T12:09:38+00:00\" \/>\r\n<meta property=\"og:image\" content=\"https:\/\/www.icog.es\/geologosdelmundo\/wp-content\/uploads\/2019\/04\/More_Plastic_in_the_Ocean_than_Fish_Infographic.png\" \/>\r\n\t<meta property=\"og:image:width\" content=\"323\" \/>\r\n\t<meta property=\"og:image:height\" content=\"323\" \/>\r\n\t<meta property=\"og:image:type\" content=\"image\/png\" \/>\r\n<meta name=\"author\" content=\"Cristina Rzepka\" \/>\r\n<meta name=\"twitter:card\" content=\"summary_large_image\" \/>\r\n<meta name=\"twitter:creator\" content=\"@Geologos_Mundo\" \/>\r\n<meta name=\"twitter:site\" content=\"@Geologos_Mundo\" \/>\r\n<meta name=\"twitter:label1\" content=\"Escrito por\" \/>\n\t<meta name=\"twitter:data1\" content=\"Cristina Rzepka\" \/>\n\t<meta name=\"twitter:label2\" content=\"Tiempo de lectura\" \/>\n\t<meta name=\"twitter:data2\" content=\"1 minuto\" \/>\r\n<script type=\"application\/ld+json\" class=\"yoast-schema-graph\">{\"@context\":\"https:\/\/schema.org\",\"@graph\":[{\"@type\":\"WebPage\",\"@id\":\"https:\/\/www.icog.es\/geologosdelmundo\/index.php\/2019\/04\/22\/22-de-abril-dia-internacional-de-la-tierra\/\",\"url\":\"https:\/\/www.icog.es\/geologosdelmundo\/index.php\/2019\/04\/22\/22-de-abril-dia-internacional-de-la-tierra\/\",\"name\":\"22 de Abril, D\u00eda Internacional de La Tierra - Ge\u00f3logos del Mundo\",\"isPartOf\":{\"@id\":\"https:\/\/www.icog.es\/geologosdelmundo\/#website\"},\"primaryImageOfPage\":{\"@id\":\"https:\/\/www.icog.es\/geologosdelmundo\/index.php\/2019\/04\/22\/22-de-abril-dia-internacional-de-la-tierra\/#primaryimage\"},\"image\":{\"@id\":\"https:\/\/www.icog.es\/geologosdelmundo\/index.php\/2019\/04\/22\/22-de-abril-dia-internacional-de-la-tierra\/#primaryimage\"},\"thumbnailUrl\":\"https:\/\/www.icog.es\/geologosdelmundo\/wp-content\/uploads\/2019\/04\/More_Plastic_in_the_Ocean_than_Fish_Infographic.png\",\"datePublished\":\"2019-04-22T12:09:38+00:00\",\"dateModified\":\"2019-04-22T12:09:38+00:00\",\"author\":{\"@id\":\"https:\/\/www.icog.es\/geologosdelmundo\/#\/schema\/person\/f9db4d6d3a89798909d8622b0d69d2ce\"},\"breadcrumb\":{\"@id\":\"https:\/\/www.icog.es\/geologosdelmundo\/index.php\/2019\/04\/22\/22-de-abril-dia-internacional-de-la-tierra\/#breadcrumb\"},\"inLanguage\":\"es\",\"potentialAction\":[{\"@type\":\"ReadAction\",\"target\":[\"https:\/\/www.icog.es\/geologosdelmundo\/index.php\/2019\/04\/22\/22-de-abril-dia-internacional-de-la-tierra\/\"]}]},{\"@type\":\"ImageObject\",\"inLanguage\":\"es\",\"@id\":\"https:\/\/www.icog.es\/geologosdelmundo\/index.php\/2019\/04\/22\/22-de-abril-dia-internacional-de-la-tierra\/#primaryimage\",\"url\":\"https:\/\/www.icog.es\/geologosdelmundo\/wp-content\/uploads\/2019\/04\/More_Plastic_in_the_Ocean_than_Fish_Infographic.png\",\"contentUrl\":\"https:\/\/www.icog.es\/geologosdelmundo\/wp-content\/uploads\/2019\/04\/More_Plastic_in_the_Ocean_than_Fish_Infographic.png\",\"width\":323,\"height\":323},{\"@type\":\"BreadcrumbList\",\"@id\":\"https:\/\/www.icog.es\/geologosdelmundo\/index.php\/2019\/04\/22\/22-de-abril-dia-internacional-de-la-tierra\/#breadcrumb\",\"itemListElement\":[{\"@type\":\"ListItem\",\"position\":1,\"name\":\"Portada\",\"item\":\"https:\/\/www.icog.es\/geologosdelmundo\/\"},{\"@type\":\"ListItem\",\"position\":2,\"name\":\"22 de Abril, D\u00eda Internacional de La Tierra\"}]},{\"@type\":\"WebSite\",\"@id\":\"https:\/\/www.icog.es\/geologosdelmundo\/#website\",\"url\":\"https:\/\/www.icog.es\/geologosdelmundo\/\",\"name\":\"Ge\u00f3logos del Mundo\",\"description\":\"La ONG Ge\u00f3logos del Mundo es una organizaci\u00f3n no gubernamental sin \u00e1nimo de lucro, creada en Espa\u00f1a el a\u00f1o 1999.\",\"potentialAction\":[{\"@type\":\"SearchAction\",\"target\":{\"@type\":\"EntryPoint\",\"urlTemplate\":\"https:\/\/www.icog.es\/geologosdelmundo\/?s={search_term_string}\"},\"query-input\":{\"@type\":\"PropertyValueSpecification\",\"valueRequired\":true,\"valueName\":\"search_term_string\"}}],\"inLanguage\":\"es\"},{\"@type\":\"Person\",\"@id\":\"https:\/\/www.icog.es\/geologosdelmundo\/#\/schema\/person\/f9db4d6d3a89798909d8622b0d69d2ce\",\"name\":\"Cristina Rzepka\",\"image\":{\"@type\":\"ImageObject\",\"inLanguage\":\"es\",\"@id\":\"https:\/\/www.icog.es\/geologosdelmundo\/#\/schema\/person\/image\/\",\"url\":\"https:\/\/secure.gravatar.com\/avatar\/62bc9671272d586ed4d3915651f7650a?s=96&d=mm&r=g\",\"contentUrl\":\"https:\/\/secure.gravatar.com\/avatar\/62bc9671272d586ed4d3915651f7650a?s=96&d=mm&r=g\",\"caption\":\"Cristina Rzepka\"},\"description\":\"Ge\u00f3loga. Webmaster en Ge\u00f3logos del Mundo desde 2008.\",\"url\":\"https:\/\/www.icog.es\/geologosdelmundo\/index.php\/author\/cristina\/\"}]}<\/script>\r\n<!-- \/ Yoast SEO plugin. -->","yoast_head_json":{"title":"22 de Abril, D\u00eda Internacional de La Tierra - Ge\u00f3logos del Mundo","robots":{"index":"index","follow":"follow","max-snippet":"max-snippet:-1","max-image-preview":"max-image-preview:large","max-video-preview":"max-video-preview:-1"},"canonical":"https:\/\/www.icog.es\/geologosdelmundo\/index.php\/2019\/04\/22\/22-de-abril-dia-internacional-de-la-tierra\/","og_locale":"es_ES","og_type":"article","og_title":"22 de Abril, D\u00eda Internacional de La Tierra - Ge\u00f3logos del Mundo","og_description":"Hoy, 22 de abril, celebramos el D\u00eda Internacional de La Tierra. Con esta celebraci\u00f3n la humanidad intenta llamar la atenci\u00f3n sobre los factores de la vida humana que afectan la calidad de vida sobre la Tierra tanto para las personas como para los animales y plantas que nos acompa\u00f1an en nuestro planeta. Uno de los","og_url":"https:\/\/www.icog.es\/geologosdelmundo\/index.php\/2019\/04\/22\/22-de-abril-dia-internacional-de-la-tierra\/","og_site_name":"Ge\u00f3logos del Mundo","article_publisher":"https:\/\/www.facebook.com\/geologosdelmundo.worldgeologists","article_published_time":"2019-04-22T12:09:38+00:00","og_image":[{"width":323,"height":323,"url":"https:\/\/www.icog.es\/geologosdelmundo\/wp-content\/uploads\/2019\/04\/More_Plastic_in_the_Ocean_than_Fish_Infographic.png","type":"image\/png"}],"author":"Cristina Rzepka","twitter_card":"summary_large_image","twitter_creator":"@Geologos_Mundo","twitter_site":"@Geologos_Mundo","twitter_misc":{"Escrito por":"Cristina Rzepka","Tiempo de lectura":"1 minuto"},"schema":{"@context":"https:\/\/schema.org","@graph":[{"@type":"WebPage","@id":"https:\/\/www.icog.es\/geologosdelmundo\/index.php\/2019\/04\/22\/22-de-abril-dia-internacional-de-la-tierra\/","url":"https:\/\/www.icog.es\/geologosdelmundo\/index.php\/2019\/04\/22\/22-de-abril-dia-internacional-de-la-tierra\/","name":"22 de Abril, D\u00eda Internacional de La Tierra - Ge\u00f3logos del Mundo","isPartOf":{"@id":"https:\/\/www.icog.es\/geologosdelmundo\/#website"},"primaryImageOfPage":{"@id":"https:\/\/www.icog.es\/geologosdelmundo\/index.php\/2019\/04\/22\/22-de-abril-dia-internacional-de-la-tierra\/#primaryimage"},"image":{"@id":"https:\/\/www.icog.es\/geologosdelmundo\/index.php\/2019\/04\/22\/22-de-abril-dia-internacional-de-la-tierra\/#primaryimage"},"thumbnailUrl":"https:\/\/www.icog.es\/geologosdelmundo\/wp-content\/uploads\/2019\/04\/More_Plastic_in_the_Ocean_than_Fish_Infographic.png","datePublished":"2019-04-22T12:09:38+00:00","dateModified":"2019-04-22T12:09:38+00:00","author":{"@id":"https:\/\/www.icog.es\/geologosdelmundo\/#\/schema\/person\/f9db4d6d3a89798909d8622b0d69d2ce"},"breadcrumb":{"@id":"https:\/\/www.icog.es\/geologosdelmundo\/index.php\/2019\/04\/22\/22-de-abril-dia-internacional-de-la-tierra\/#breadcrumb"},"inLanguage":"es","potentialAction":[{"@type":"ReadAction","target":["https:\/\/www.icog.es\/geologosdelmundo\/index.php\/2019\/04\/22\/22-de-abril-dia-internacional-de-la-tierra\/"]}]},{"@type":"ImageObject","inLanguage":"es","@id":"https:\/\/www.icog.es\/geologosdelmundo\/index.php\/2019\/04\/22\/22-de-abril-dia-internacional-de-la-tierra\/#primaryimage","url":"https:\/\/www.icog.es\/geologosdelmundo\/wp-content\/uploads\/2019\/04\/More_Plastic_in_the_Ocean_than_Fish_Infographic.png","contentUrl":"https:\/\/www.icog.es\/geologosdelmundo\/wp-content\/uploads\/2019\/04\/More_Plastic_in_the_Ocean_than_Fish_Infographic.png","width":323,"height":323},{"@type":"BreadcrumbList","@id":"https:\/\/www.icog.es\/geologosdelmundo\/index.php\/2019\/04\/22\/22-de-abril-dia-internacional-de-la-tierra\/#breadcrumb","itemListElement":[{"@type":"ListItem","position":1,"name":"Portada","item":"https:\/\/www.icog.es\/geologosdelmundo\/"},{"@type":"ListItem","position":2,"name":"22 de Abril, D\u00eda Internacional de La Tierra"}]},{"@type":"WebSite","@id":"https:\/\/www.icog.es\/geologosdelmundo\/#website","url":"https:\/\/www.icog.es\/geologosdelmundo\/","name":"Ge\u00f3logos del Mundo","description":"La ONG Ge\u00f3logos del Mundo es una organizaci\u00f3n no gubernamental sin \u00e1nimo de lucro, creada en Espa\u00f1a el a\u00f1o 1999.","potentialAction":[{"@type":"SearchAction","target":{"@type":"EntryPoint","urlTemplate":"https:\/\/www.icog.es\/geologosdelmundo\/?s={search_term_string}"},"query-input":{"@type":"PropertyValueSpecification","valueRequired":true,"valueName":"search_term_string"}}],"inLanguage":"es"},{"@type":"Person","@id":"https:\/\/www.icog.es\/geologosdelmundo\/#\/schema\/person\/f9db4d6d3a89798909d8622b0d69d2ce","name":"Cristina Rzepka","image":{"@type":"ImageObject","inLanguage":"es","@id":"https:\/\/www.icog.es\/geologosdelmundo\/#\/schema\/person\/image\/","url":"https:\/\/secure.gravatar.com\/avatar\/62bc9671272d586ed4d3915651f7650a?s=96&d=mm&r=g","contentUrl":"https:\/\/secure.gravatar.com\/avatar\/62bc9671272d586ed4d3915651f7650a?s=96&d=mm&r=g","caption":"Cristina Rzepka"},"description":"Ge\u00f3loga. Webmaster en Ge\u00f3logos del Mundo desde 2008.","url":"https:\/\/www.icog.es\/geologosdelmundo\/index.php\/author\/cristina\/"}]}},"_links":{"self":[{"href":"https:\/\/www.icog.es\/geologosdelmundo\/index.php\/wp-json\/wp\/v2\/posts\/1014"}],"collection":[{"href":"https:\/\/www.icog.es\/geologosdelmundo\/index.php\/wp-json\/wp\/v2\/posts"}],"about":[{"href":"https:\/\/www.icog.es\/geologosdelmundo\/index.php\/wp-json\/wp\/v2\/types\/post"}],"author":[{"embeddable":true,"href":"https:\/\/www.icog.es\/geologosdelmundo\/index.php\/wp-json\/wp\/v2\/users\/2"}],"replies":[{"embeddable":true,"href":"https:\/\/www.icog.es\/geologosdelmundo\/index.php\/wp-json\/wp\/v2\/comments?post=1014"}],"version-history":[{"count":2,"href":"https:\/\/www.icog.es\/geologosdelmundo\/index.php\/wp-json\/wp\/v2\/posts\/1014\/revisions"}],"predecessor-version":[{"id":1017,"href":"https:\/\/www.icog.es\/geologosdelmundo\/index.php\/wp-json\/wp\/v2\/posts\/1014\/revisions\/1017"}],"wp:featuredmedia":[{"embeddable":true,"href":"https:\/\/www.icog.es\/geologosdelmundo\/index.php\/wp-json\/wp\/v2\/media\/1013"}],"wp:attachment":[{"href":"https:\/\/www.icog.es\/geologosdelmundo\/index.php\/wp-json\/wp\/v2\/media?parent=1014"}],"wp:term":[{"taxonomy":"category","embeddable":true,"href":"https:\/\/www.icog.es\/geologosdelmundo\/index.php\/wp-json\/wp\/v2\/categories?post=1014"},{"taxonomy":"post_tag","embeddable":true,"href":"https:\/\/www.icog.es\/geologosdelmundo\/index.php\/wp-json\/wp\/v2\/tags?post=1014"}],"curies":[{"name":"wp","href":"https:\/\/api.w.org\/{rel}","templated":true}]}}