{"id":1303,"date":"2014-12-16T11:07:25","date_gmt":"2014-12-16T11:07:25","guid":{"rendered":"http:\/\/www.icog.es\/cursos\/?p=1303"},"modified":"2014-12-16T11:07:25","modified_gmt":"2014-12-16T11:07:25","slug":"curso-sobre-herramientas-de-uso-libre-para-la-cuantificacion-del-ciclo-hidrologico","status":"publish","type":"post","link":"https:\/\/www.icog.es\/cursos\/index.php\/curso-sobre-herramientas-de-uso-libre-para-la-cuantificacion-del-ciclo-hidrologico\/","title":{"rendered":"Curso sobre herramientas  de uso libre para la cuantificaci\u00f3n del ciclo hidrol\u00f3gico"},"content":{"rendered":"<h2 class=\"subtitle page-subtitle\"><strong>\u00a0Madrid, del 2 al 6 de marzo de 2015<\/strong><\/h2>\n<p><strong>Modalidad del curso:<\/strong>\u00a0Presencial<\/p>\n<p><strong>Lugar de impartici\u00f3n:<\/strong>\u00a0Sede en Madrid (Raquel Meller,7) del Colegio Oficial de Ge\u00f3logos<\/p>\n<p><strong>Fechas:<\/strong>\u00a0del 2 al 6 de marzo de 2015<\/p>\n<p><strong>Horario<\/strong>:\u00a0Sesiones de \u00a0tarde de 16,00 a 20,00 horas.<\/p>\n<p style=\"text-align: justify;\"><strong>Direcci\u00f3n y coordinaci\u00f3n:<\/strong>\u00a0Carlos Mart\u00ednez Navarrete, Departamento de Investigaci\u00f3n y Prospectiva Geocient\u00edfica. IGME. Vocal de hidrogeolog\u00eda del ICOG | Silvino Casta\u00f1o Casta\u00f1o, Departamento de Investigaci\u00f3n en Recursos Geol\u00f3gicos. IGME.<\/p>\n<p style=\"text-align: justify;\">Hoy d\u00eda es imprescindible la utilizaci\u00f3n de herramientas inform\u00e1ticas para el desarrollo de trabajos hidrol\u00f3gicos. Estas herramientas se aplican a todos los componentes del ciclo h\u00eddrico, desde la fase atmosf\u00e9rica hasta las aguas subterr\u00e1neas.<\/p>\n<p style=\"text-align: justify;\">Aunque muchas de las herramientas que se pueden usar son de libre difusi\u00f3n o de evaluaci\u00f3n, la dificultad de su manejo por falta de conocimiento te\u00f3rico o de la \u00a0comprensi\u00f3n de su interfaz origina que el usuario potencial\u00a0 no obtenga todo el rendimiento que se pueda conseguir de las mismas.<\/p>\n<p><strong>Objeto del curso<\/strong><\/p>\n<p style=\"text-align: justify;\">La Vocal\u00eda de Hidrogeolog\u00eda del ICOG, en consonancia con la Junta de Gobierno, pretende proporcionar conocimientos al profesional ge\u00f3logo en herramientas inform\u00e1ticas de libre difusi\u00f3n o evaluaci\u00f3n, \u00fatiles en todos los aspectos del ciclo h\u00eddrico, orient\u00e1ndose este curso a la aproximaci\u00f3n pr\u00e1ctica, en cu\u00e1nto a manejo a nivel de usuario de diversos \u00a0programas.<\/p>\n<p style=\"text-align: justify;\">Este curso, impartido por especialistas y conocedores del tema, tiene una orientaci\u00f3n fundamentalmente pr\u00e1ctica.<\/p>\n<p><strong>M\u00e9todo Did\u00e1ctico<\/strong><\/p>\n<p style=\"text-align: justify;\">El curso se impartir\u00e1 mediante explicaciones te\u00f3ricas y ejemplos\u00a0pr\u00e1cticos. Es por tanto conveniente asistir con ordenador port\u00e1til del\u00a0propio alumno.<\/p>\n<p><strong>Dirigido a:<\/strong><\/p>\n<p style=\"text-align: justify;\">Ge\u00f3logos, ingenieros, licenciados y graduados en Ciencias, y alumnos de\u00a0los \u00faltimos cursos de dichas titulaciones que necesiten emplear\u00a0herramientas inform\u00e1ticas en los diversos campos relacionados con el\u00a0ciclo hidrol\u00f3gico.<\/p>\n<p><strong>Duraci\u00f3n<\/strong><\/p>\n<p>La duraci\u00f3n del curso ser\u00e1 de 20 horas de teor\u00eda y pr\u00e1cticas, distribuidas\u00a0conforme al programa indicado.<\/p>\n<p><strong>Profesorado<\/strong><\/p>\n\n<ul class=\"list-style2\">\n<li style=\"text-align: justify;\"><strong>Javier \u00c1lvarez Rodr\u00edguez<\/strong>. Dr. Ingeniero de Caminos, Canales y\u00a0Puertos. Coordinador de Programa T\u00e9cnico Cient\u00edfico del \u00c1rea de Recursos H\u00eddricos del Centro de Estudios Hidrogr\u00e1ficos (CEDEX).<\/li>\n<li style=\"text-align: justify;\"><strong>Silvino Casta\u00f1o Casta\u00f1o<\/strong>. Dr. en Ciencias Geol\u00f3gicas. Cient\u00edfico\u00a0Titular en el \u00c1rea de Aguas Minerales y de Drenaje de Mina.\u00a0Departamento de Investigaci\u00f3n en Recursos Geol\u00f3gicos. IGME.<\/li>\n<li style=\"text-align: justify;\"><strong>Alberto Jim\u00e9nez Madrid<\/strong>. Dr. en Ciencias del Medio Ambiente.\u00a0Delegado en Andaluc\u00eda de CRN Consultores.<\/li>\n<li style=\"text-align: justify;\"><strong>Pedro Mart\u00ednez Santos<\/strong>. Ingeniero de Caminos, Dr. en Ciencias\u00a0Geol\u00f3gicas. Profesor Titular del Departamento de Geodin\u00e1mica de la\u00a0Facultad de Ciencias Geol\u00f3gicas. UCM.<\/li>\n<\/ul>\n\n<p><strong>Programa e inscripci\u00f3n<\/strong><\/p>\n<p><em>Lunes 2 de marzo<\/em><\/p>\n<p style=\"text-align: justify;\">16:00 \u2013 16:30: Entrega de documentaci\u00f3n y presentaci\u00f3n del Curso.<\/p>\n<p style=\"text-align: justify;\">16:30 \u2013 18:00: Localizaci\u00f3n de programas. Herramientas de posicionamiento<\/p>\n<p style=\"text-align: justify;\">18:00 \u2013 20:00: Sistema de Informaci\u00f3n Geogr\u00e1fica: gvGIS<\/p>\n<p style=\"text-align: justify;\"><em>Martes 3 de marzo<\/em><\/p>\n<p style=\"text-align: justify;\">16:00- 20:00: Protecci\u00f3n de captaciones con gvGIS.<\/p>\n<p style=\"text-align: justify;\"><em>Mi\u00e9rcoles 4 de marzo<\/em><\/p>\n<p style=\"text-align: justify;\">16:00 \u2013 20:00: Modelo precipitaci\u00f3n-aportaciones para evaluaci\u00f3n de recursos h\u00eddricos. El programa CHAC.<\/p>\n<p style=\"text-align: justify;\"><em>Jueves 5 de marzo<\/em><\/p>\n<p style=\"text-align: justify;\">16:00 \u2013 20:00: Flujo y transporte de agua en la zona no saturada. El programa VS2DTI.<\/p>\n<p style=\"text-align: justify;\"><em>Viernes 6 de marzo<\/em><\/p>\n<p style=\"text-align: justify;\">16:00 \u2013 20:00: Caracterizaci\u00f3n del flujo de agua en la zona saturada. El programa Processing MODFLOW y herramientas auxiliares.<\/p>\n<p><b>N\u00famero de plazas<\/b><\/p>\n<p style=\"text-align: justify;\">Para la realizaci\u00f3n del curso se requiere una matr\u00edcula m\u00ednima de 15 alumnos. Si no se alcanza el n\u00famero m\u00ednimo de inscripciones 72 horas antes del inicio del curso el ICOG se reserva el derecho de cancelarlo reintegrando las matr\u00edculas ya abonadas.<\/p>\n<p style=\"text-align: justify;\"><b>Documentaci\u00f3n y diploma<\/b><\/p>\n<p style=\"text-align: justify;\">A lo largo del curso se ir\u00e1 entregando la documentaci\u00f3n del mismo. El Comit\u00e9 Organizador firmar\u00e1 un Certificados-Diploma a aquellos alumnos que hayan seguido el curso con regularidad y realicen el test de evaluaci\u00f3n del mismo.<\/p>\n<p style=\"text-align: justify;\"><b>Matr\u00edcula e inscripci\u00f3n<\/b><\/p>\n<p style=\"text-align: justify;\">Para inscribirse deber\u00e1 elegir la matr\u00edcula que le corresponde y pulsar sobre \u201cInscripci\u00f3n\u201d.\u00a0<b>Se abrir\u00e1 un formulario que le pedir\u00e1 sus datos y podr\u00e1 adjuntar informaci\u00f3n del abono de la matr\u00edcula as\u00ed como cualquier documento acreditativo de su situaci\u00f3n (tarjeta de demanda de empleo, carn\u00e9 de estudiante, etc\u2026).<\/b><\/p>\n<ul>\n<li style=\"text-align: justify;\">El abono de la matr\u00edcula deber\u00e1 hacerlo por transferencia a la cuenta:\u00a0<strong>ES97\u00a00081 7197 9100 0106 5514<\/strong>\u00a0del Colegio Oficial de Ge\u00f3logos.<\/li>\n<li style=\"text-align: justify;\">C\u00f3digo BIC de la cuenta bancaria: <strong>BSABESBB<\/strong><\/li>\n<\/ul>\n<p style=\"text-align: justify;\"><strong>Secretar\u00eda<\/strong><\/p>\n<p style=\"text-align: justify;\">Ilustre Colegio Oficial de Ge\u00f3logos |\u00a0C\/ Raquel Meller, 7, (local) |\u00a028027-Madrid<\/p>\n<p style=\"text-align: justify;\">Tfno: +34 91 553 24 03 Ext. 0<\/p>\n<p style=\"text-align: justify;\">Fax: +34 91 405 50 35<\/p>\n<p style=\"text-align: justify;\">email:\u00a0<a href=\"mailto:fcamacho@icog.es\">fcamacho@icog.es<\/a><\/p>\n<h4 style=\"text-align: justify;\"><strong>Precios especiales<\/strong><\/h4>\n<p style=\"text-align: justify;\">Existen condiciones especiales sobre el importe de cada curso en funci\u00f3n del n\u00famero de inscripciones realizadas por el cliente (particular) y facturadas a un mismo CIF\/NIF durante el a\u00f1o natural en curso, que sean de diferentes acciones formativas. Concretamente\u00a0<strong>desde\u00a0<\/strong><strong>la 2\u00aa inscripci\u00f3n<\/strong>\u00a0enviada por el mismo particular para diferente acci\u00f3n formativa:\u00a0<strong>10% sobre el importe de cada curso.<\/strong><\/p>\n<div class=\"row pricing_table no-space no\"> <div class=\"col-sm-3\"><div class=\"pr_table_col \" data-color=\"green\"><div class=\"tb_header\"><h4 class=\"ttitle kl-font-alt\">Colegiados del ICOG en activo y residentes en la CAM<\/h4><div class=\"price kl-font-alt\"><p>\u20ac290<span>Matr\u00edcula<\/span><\/p><\/div><\/div>\n<div class=\"signin\"><a class=\"btn\" target=\"_self\" href=\"https:\/\/adobeformscentral.com\/?f=sIsHXVIEqILR4vn4XMB5ng\">Inscripci\u00f3n<\/a><\/div><\/div><!-- end pricing table column --><\/div> <div class=\"col-sm-3\"><div class=\"pr_table_col \" data-color=\"green\"><div class=\"tb_header\"><h4 class=\"ttitle kl-font-alt\">Colegiados del ICOG en activo residentes fuera de la CAM<\/h4><div class=\"price kl-font-alt\"><p>\u20ac225<span>Matr\u00edcula<\/span><\/p><\/div><\/div>\n<div class=\"signin\"><a class=\"btn\" target=\"_self\" href=\"https:\/\/adobeformscentral.com\/?f=sIsHXVIEqILR4vn4XMB5ng\">Inscripci\u00f3n<\/a><\/div><\/div><!-- end pricing table column --><\/div> <div class=\"col-sm-3\"><div class=\"pr_table_col \" data-color=\"green\"><div class=\"tb_header\"><h4 class=\"ttitle kl-font-alt\">Colegiados del ICOG desempleados y estudiantes<\/h4><div class=\"price kl-font-alt\"><p>\u20ac125<span>Matr\u00edcula<\/span><\/p><\/div><\/div>\n<div class=\"signin\"><a class=\"btn\" target=\"_self\" href=\"https:\/\/adobeformscentral.com\/?f=sIsHXVIEqILR4vn4XMB5ng\">Inscripci\u00f3n<\/a><\/div><\/div><!-- end pricing table column --><\/div> <div class=\"col-sm-3\"><div class=\"pr_table_col \" data-color=\"green\"><div class=\"tb_header\"><h4 class=\"ttitle kl-font-alt\">No colegiados en el ICOG (En activo y desempleados)<\/h4><div class=\"price kl-font-alt\"><p>\u20ac380<span>Matr\u00edcula<\/span><\/p><\/div><\/div>\n<div class=\"signin\"><a class=\"btn\" target=\"_self\" href=\"https:\/\/adobeformscentral.com\/?f=sIsHXVIEqILR4vn4XMB5ng\">Inscripci\u00f3n<\/a><\/div><\/div><!-- end pricing table column --><\/div> <\/div>\n","protected":false},"excerpt":{"rendered":"<p>Modalidad del curso:\u00a0Presencial Lugar de impartici\u00f3n:\u00a0Sede en Madrid (Raquel Meller,7) del Colegio Oficial de Ge\u00f3logos Fechas:\u00a0del 2 al 6 de marzo de 2015 Horario:\u00a0Sesiones de \u00a0tarde de 16,00 a 20,00 horas. Direcci\u00f3n y coordinaci\u00f3n:\u00a0Carlos Mart\u00ednez Navarrete, Departamento de Investigaci\u00f3n y Prospectiva Geocient\u00edfica. IGME. Vocal de hidrogeolog\u00eda del ICOG | Silvino Casta\u00f1o Casta\u00f1o, Departamento de Investigaci\u00f3n<\/p>\n","protected":false},"author":1,"featured_media":658,"comment_status":"open","ping_status":"open","sticky":false,"template":"","format":"standard","meta":{"footnotes":""},"categories":[4],"tags":[57],"class_list":["post-1303","post","type-post","status-publish","format-standard","has-post-thumbnail","hentry","category-presenciales","tag-hidrologico"],"yoast_head":"<!-- This site is optimized with the Yoast SEO plugin v25.4 - https:\/\/yoast.com\/wordpress\/plugins\/seo\/ -->\r\n<title>Herramientas de uso libre para la cuantificaci\u00f3n del ciclo hidrol\u00f3gico<\/title>\r\n<meta name=\"description\" content=\"Curso sobre herramientas aplicables al ciclo hidrol\u00f3gico organizado por la Escuela de Geolog\u00eda Profesional del Colegio de Ge\u00f3logos.\" \/>\r\n<meta name=\"robots\" content=\"index, follow, max-snippet:-1, max-image-preview:large, max-video-preview:-1\" \/>\r\n<link rel=\"canonical\" href=\"https:\/\/www.icog.es\/cursos\/index.php\/curso-sobre-herramientas-de-uso-libre-para-la-cuantificacion-del-ciclo-hidrologico\/\" \/>\r\n<meta name=\"twitter:card\" content=\"summary_large_image\" \/>\r\n<meta name=\"twitter:title\" content=\"Herramientas de uso libre para la cuantificaci\u00f3n del ciclo hidrol\u00f3gico\" \/>\r\n<meta name=\"twitter:description\" content=\"Curso sobre herramientas aplicables al ciclo hidrol\u00f3gico organizado por la Escuela de Geolog\u00eda Profesional del Colegio de Ge\u00f3logos.\" \/>\r\n<meta name=\"twitter:image\" content=\"https:\/\/www.icog.es\/cursos\/wp-content\/uploads\/2013\/07\/herramientashidrologico.jpg\" \/>\r\n<meta name=\"twitter:creator\" content=\"@cgeologos\" \/>\r\n<meta name=\"twitter:site\" content=\"@cgeologos\" \/>\r\n<meta name=\"twitter:label1\" content=\"Escrito por\" \/>\n\t<meta name=\"twitter:data1\" content=\"epampliega\" \/>\n\t<meta name=\"twitter:label2\" content=\"Tiempo de lectura\" \/>\n\t<meta name=\"twitter:data2\" content=\"5 minutos\" \/>\r\n<script type=\"application\/ld+json\" class=\"yoast-schema-graph\">{\"@context\":\"https:\/\/schema.org\",\"@graph\":[{\"@type\":\"WebPage\",\"@id\":\"https:\/\/www.icog.es\/cursos\/index.php\/curso-sobre-herramientas-de-uso-libre-para-la-cuantificacion-del-ciclo-hidrologico\/\",\"url\":\"https:\/\/www.icog.es\/cursos\/index.php\/curso-sobre-herramientas-de-uso-libre-para-la-cuantificacion-del-ciclo-hidrologico\/\",\"name\":\"Herramientas de uso libre para la cuantificaci\u00f3n del ciclo hidrol\u00f3gico\",\"isPartOf\":{\"@id\":\"https:\/\/www.icog.es\/cursos\/#website\"},\"primaryImageOfPage\":{\"@id\":\"https:\/\/www.icog.es\/cursos\/index.php\/curso-sobre-herramientas-de-uso-libre-para-la-cuantificacion-del-ciclo-hidrologico\/#primaryimage\"},\"image\":{\"@id\":\"https:\/\/www.icog.es\/cursos\/index.php\/curso-sobre-herramientas-de-uso-libre-para-la-cuantificacion-del-ciclo-hidrologico\/#primaryimage\"},\"thumbnailUrl\":\"https:\/\/www.icog.es\/cursos\/wp-content\/uploads\/2013\/07\/herramientashidrologico.jpg\",\"datePublished\":\"2014-12-16T11:07:25+00:00\",\"author\":{\"@id\":\"https:\/\/www.icog.es\/cursos\/#\/schema\/person\/389f76a2677cabdfca2a88e119975fd9\"},\"description\":\"Curso sobre herramientas aplicables al ciclo hidrol\u00f3gico organizado por la Escuela de Geolog\u00eda Profesional del Colegio de Ge\u00f3logos.\",\"breadcrumb\":{\"@id\":\"https:\/\/www.icog.es\/cursos\/index.php\/curso-sobre-herramientas-de-uso-libre-para-la-cuantificacion-del-ciclo-hidrologico\/#breadcrumb\"},\"inLanguage\":\"es\",\"potentialAction\":[{\"@type\":\"ReadAction\",\"target\":[\"https:\/\/www.icog.es\/cursos\/index.php\/curso-sobre-herramientas-de-uso-libre-para-la-cuantificacion-del-ciclo-hidrologico\/\"]}]},{\"@type\":\"ImageObject\",\"inLanguage\":\"es\",\"@id\":\"https:\/\/www.icog.es\/cursos\/index.php\/curso-sobre-herramientas-de-uso-libre-para-la-cuantificacion-del-ciclo-hidrologico\/#primaryimage\",\"url\":\"https:\/\/www.icog.es\/cursos\/wp-content\/uploads\/2013\/07\/herramientashidrologico.jpg\",\"contentUrl\":\"https:\/\/www.icog.es\/cursos\/wp-content\/uploads\/2013\/07\/herramientashidrologico.jpg\",\"width\":432,\"height\":338},{\"@type\":\"BreadcrumbList\",\"@id\":\"https:\/\/www.icog.es\/cursos\/index.php\/curso-sobre-herramientas-de-uso-libre-para-la-cuantificacion-del-ciclo-hidrologico\/#breadcrumb\",\"itemListElement\":[{\"@type\":\"ListItem\",\"position\":1,\"name\":\"Portada\",\"item\":\"https:\/\/www.icog.es\/cursos\/\"},{\"@type\":\"ListItem\",\"position\":2,\"name\":\"Curso sobre herramientas de uso libre para la cuantificaci\u00f3n del ciclo hidrol\u00f3gico\"}]},{\"@type\":\"WebSite\",\"@id\":\"https:\/\/www.icog.es\/cursos\/#website\",\"url\":\"https:\/\/www.icog.es\/cursos\/\",\"name\":\"Escuela de Geolog\u00eda Profesional\",\"description\":\"Actividades formativas del Ilustre Colegio Oficial de Ge\u00f3logos (Espa\u00f1a)\",\"potentialAction\":[{\"@type\":\"SearchAction\",\"target\":{\"@type\":\"EntryPoint\",\"urlTemplate\":\"https:\/\/www.icog.es\/cursos\/?s={search_term_string}\"},\"query-input\":{\"@type\":\"PropertyValueSpecification\",\"valueRequired\":true,\"valueName\":\"search_term_string\"}}],\"inLanguage\":\"es\"},{\"@type\":\"Person\",\"@id\":\"https:\/\/www.icog.es\/cursos\/#\/schema\/person\/389f76a2677cabdfca2a88e119975fd9\",\"name\":\"epampliega\",\"image\":{\"@type\":\"ImageObject\",\"inLanguage\":\"es\",\"@id\":\"https:\/\/www.icog.es\/cursos\/#\/schema\/person\/image\/\",\"url\":\"https:\/\/secure.gravatar.com\/avatar\/0af027b762c62be251ee59268b00aa95fc9142285cbb9816351dee604c30600f?s=96&d=identicon&r=g\",\"contentUrl\":\"https:\/\/secure.gravatar.com\/avatar\/0af027b762c62be251ee59268b00aa95fc9142285cbb9816351dee604c30600f?s=96&d=identicon&r=g\",\"caption\":\"epampliega\"},\"url\":\"https:\/\/www.icog.es\/cursos\/index.php\/author\/epampliega\/\"}]}<\/script>\r\n<!-- \/ Yoast SEO plugin. -->","yoast_head_json":{"title":"Herramientas de uso libre para la cuantificaci\u00f3n del ciclo hidrol\u00f3gico","description":"Curso sobre herramientas aplicables al ciclo hidrol\u00f3gico organizado por la Escuela de Geolog\u00eda Profesional del Colegio de Ge\u00f3logos.","robots":{"index":"index","follow":"follow","max-snippet":"max-snippet:-1","max-image-preview":"max-image-preview:large","max-video-preview":"max-video-preview:-1"},"canonical":"https:\/\/www.icog.es\/cursos\/index.php\/curso-sobre-herramientas-de-uso-libre-para-la-cuantificacion-del-ciclo-hidrologico\/","twitter_card":"summary_large_image","twitter_title":"Herramientas de uso libre para la cuantificaci\u00f3n del ciclo hidrol\u00f3gico","twitter_description":"Curso sobre herramientas aplicables al ciclo hidrol\u00f3gico organizado por la Escuela de Geolog\u00eda Profesional del Colegio de Ge\u00f3logos.","twitter_image":"https:\/\/www.icog.es\/cursos\/wp-content\/uploads\/2013\/07\/herramientashidrologico.jpg","twitter_creator":"@cgeologos","twitter_site":"@cgeologos","twitter_misc":{"Escrito por":"epampliega","Tiempo de lectura":"5 minutos"},"schema":{"@context":"https:\/\/schema.org","@graph":[{"@type":"WebPage","@id":"https:\/\/www.icog.es\/cursos\/index.php\/curso-sobre-herramientas-de-uso-libre-para-la-cuantificacion-del-ciclo-hidrologico\/","url":"https:\/\/www.icog.es\/cursos\/index.php\/curso-sobre-herramientas-de-uso-libre-para-la-cuantificacion-del-ciclo-hidrologico\/","name":"Herramientas de uso libre para la cuantificaci\u00f3n del ciclo hidrol\u00f3gico","isPartOf":{"@id":"https:\/\/www.icog.es\/cursos\/#website"},"primaryImageOfPage":{"@id":"https:\/\/www.icog.es\/cursos\/index.php\/curso-sobre-herramientas-de-uso-libre-para-la-cuantificacion-del-ciclo-hidrologico\/#primaryimage"},"image":{"@id":"https:\/\/www.icog.es\/cursos\/index.php\/curso-sobre-herramientas-de-uso-libre-para-la-cuantificacion-del-ciclo-hidrologico\/#primaryimage"},"thumbnailUrl":"https:\/\/www.icog.es\/cursos\/wp-content\/uploads\/2013\/07\/herramientashidrologico.jpg","datePublished":"2014-12-16T11:07:25+00:00","author":{"@id":"https:\/\/www.icog.es\/cursos\/#\/schema\/person\/389f76a2677cabdfca2a88e119975fd9"},"description":"Curso sobre herramientas aplicables al ciclo hidrol\u00f3gico organizado por la Escuela de Geolog\u00eda Profesional del Colegio de Ge\u00f3logos.","breadcrumb":{"@id":"https:\/\/www.icog.es\/cursos\/index.php\/curso-sobre-herramientas-de-uso-libre-para-la-cuantificacion-del-ciclo-hidrologico\/#breadcrumb"},"inLanguage":"es","potentialAction":[{"@type":"ReadAction","target":["https:\/\/www.icog.es\/cursos\/index.php\/curso-sobre-herramientas-de-uso-libre-para-la-cuantificacion-del-ciclo-hidrologico\/"]}]},{"@type":"ImageObject","inLanguage":"es","@id":"https:\/\/www.icog.es\/cursos\/index.php\/curso-sobre-herramientas-de-uso-libre-para-la-cuantificacion-del-ciclo-hidrologico\/#primaryimage","url":"https:\/\/www.icog.es\/cursos\/wp-content\/uploads\/2013\/07\/herramientashidrologico.jpg","contentUrl":"https:\/\/www.icog.es\/cursos\/wp-content\/uploads\/2013\/07\/herramientashidrologico.jpg","width":432,"height":338},{"@type":"BreadcrumbList","@id":"https:\/\/www.icog.es\/cursos\/index.php\/curso-sobre-herramientas-de-uso-libre-para-la-cuantificacion-del-ciclo-hidrologico\/#breadcrumb","itemListElement":[{"@type":"ListItem","position":1,"name":"Portada","item":"https:\/\/www.icog.es\/cursos\/"},{"@type":"ListItem","position":2,"name":"Curso sobre herramientas de uso libre para la cuantificaci\u00f3n del ciclo hidrol\u00f3gico"}]},{"@type":"WebSite","@id":"https:\/\/www.icog.es\/cursos\/#website","url":"https:\/\/www.icog.es\/cursos\/","name":"Escuela de Geolog\u00eda Profesional","description":"Actividades formativas del Ilustre Colegio Oficial de Ge\u00f3logos (Espa\u00f1a)","potentialAction":[{"@type":"SearchAction","target":{"@type":"EntryPoint","urlTemplate":"https:\/\/www.icog.es\/cursos\/?s={search_term_string}"},"query-input":{"@type":"PropertyValueSpecification","valueRequired":true,"valueName":"search_term_string"}}],"inLanguage":"es"},{"@type":"Person","@id":"https:\/\/www.icog.es\/cursos\/#\/schema\/person\/389f76a2677cabdfca2a88e119975fd9","name":"epampliega","image":{"@type":"ImageObject","inLanguage":"es","@id":"https:\/\/www.icog.es\/cursos\/#\/schema\/person\/image\/","url":"https:\/\/secure.gravatar.com\/avatar\/0af027b762c62be251ee59268b00aa95fc9142285cbb9816351dee604c30600f?s=96&d=identicon&r=g","contentUrl":"https:\/\/secure.gravatar.com\/avatar\/0af027b762c62be251ee59268b00aa95fc9142285cbb9816351dee604c30600f?s=96&d=identicon&r=g","caption":"epampliega"},"url":"https:\/\/www.icog.es\/cursos\/index.php\/author\/epampliega\/"}]}},"amp_enabled":true,"_links":{"self":[{"href":"https:\/\/www.icog.es\/cursos\/index.php\/wp-json\/wp\/v2\/posts\/1303","targetHints":{"allow":["GET"]}}],"collection":[{"href":"https:\/\/www.icog.es\/cursos\/index.php\/wp-json\/wp\/v2\/posts"}],"about":[{"href":"https:\/\/www.icog.es\/cursos\/index.php\/wp-json\/wp\/v2\/types\/post"}],"author":[{"embeddable":true,"href":"https:\/\/www.icog.es\/cursos\/index.php\/wp-json\/wp\/v2\/users\/1"}],"replies":[{"embeddable":true,"href":"https:\/\/www.icog.es\/cursos\/index.php\/wp-json\/wp\/v2\/comments?post=1303"}],"version-history":[{"count":3,"href":"https:\/\/www.icog.es\/cursos\/index.php\/wp-json\/wp\/v2\/posts\/1303\/revisions"}],"predecessor-version":[{"id":1306,"href":"https:\/\/www.icog.es\/cursos\/index.php\/wp-json\/wp\/v2\/posts\/1303\/revisions\/1306"}],"wp:featuredmedia":[{"embeddable":true,"href":"https:\/\/www.icog.es\/cursos\/index.php\/wp-json\/wp\/v2\/media\/658"}],"wp:attachment":[{"href":"https:\/\/www.icog.es\/cursos\/index.php\/wp-json\/wp\/v2\/media?parent=1303"}],"wp:term":[{"taxonomy":"category","embeddable":true,"href":"https:\/\/www.icog.es\/cursos\/index.php\/wp-json\/wp\/v2\/categories?post=1303"},{"taxonomy":"post_tag","embeddable":true,"href":"https:\/\/www.icog.es\/cursos\/index.php\/wp-json\/wp\/v2\/tags?post=1303"}],"curies":[{"name":"wp","href":"https:\/\/api.w.org\/{rel}","templated":true}]}}