{"id":1048,"date":"2014-05-14T11:41:17","date_gmt":"2014-05-14T11:41:17","guid":{"rendered":"http:\/\/www.icog.es\/cursos\/?p=1048"},"modified":"2014-05-21T14:45:25","modified_gmt":"2014-05-21T14:45:25","slug":"ii-curso-online-impacto-ambiental-de-las-actividades-mineras","status":"publish","type":"post","link":"https:\/\/www.icog.es\/cursos\/index.php\/ii-curso-online-impacto-ambiental-de-las-actividades-mineras\/","title":{"rendered":"II Curso online | Impacto ambiental de las actividades mineras"},"content":{"rendered":"<p><strong><h2 class=\"subtitle page-subtitle\"> 2 de Junio a 1 de agosto de 2014 <\/h2><\/strong><\/p>\n<p><strong>Modalidad del curso:<\/strong>\u00a0Online<\/p>\n<p><strong>Fechas:<\/strong>\u00a02 de Junio a 1 de agosto de 2014<\/p>\n<p><strong>Direcci\u00f3n y coordinaci\u00f3n<\/strong><\/p>\n\n<ul class=\"list-style1\">\n<li style=\"text-align: justify;\">Rub\u00e9n Avanzas Fern\u00e1ndez, Licenciado en Ciencias Ambientales, Doctor en Miner\u00eda, Obra Civil y Medio Ambiente, T\u00e9cnico Superior en Ingenier\u00eda y Gesti\u00f3n Medioambiental. Responsable del Departamento de Calidad y Medio Ambiente, SADIM. &gt; 10 a\u00f1os de experiencia en el campo de la ingenier\u00eda y consultor\u00eda medioambiental.<\/li>\n<\/ul>\n\n<p><strong>Presentaci\u00f3n<\/strong><\/p>\n<p style=\"text-align: justify;\">El objeto del curso es el de aproximar a los alumnos al sector minero, desde el punto de vista de la gesti\u00f3n medioambiental. Durante el desarrollo del mismo se tendr\u00e1 oportunidad de profundizar sobre la legislaci\u00f3n en la materia, los aspectos ambientales asociados a tipo de actividad, as\u00ed como en las t\u00e9cnicas actualmente disponibles para su mitigaci\u00f3n.<\/p>\n<p style=\"text-align: justify;\">Su estructura online permite que este esfuerzo sea compatible con el desempe\u00f1o de otras actividades y la participaci\u00f3n de profesionales de diferentes pa\u00edses de la comunidad de habla hispana.<\/p>\n<p><strong>Dirigido a: <\/strong><\/p>\n<p style=\"text-align: justify;\">Profesionales que desarrollen su labor en el sector minero y\/o medioambiental; y titulados (y futuros) universitarios y grado superior en formaci\u00f3n profesional que aspiren a especializarse en la materia.<\/p>\n<p><strong>Duraci\u00f3n<\/strong><\/p>\n<p>80 horas lectivas repartidas en 7 m\u00f3dulos con un total de 44 secciones. (Duraci\u00f3n aproximada 2 meses)<\/p>\n<p><strong>Plan Formativo<\/strong><\/p>\n<p style=\"text-align: justify;\">Una de las ventajas de la formaci\u00f3n on-line es la libertad de horarios. El alumno puede establecer su propia programaci\u00f3n para que esta se ajuste a las necesidades y posibilidades personales. A trav\u00e9s del servicio de tutor\u00edas, a petici\u00f3n del interesado, se propone un plan orientativo de desarrollo del curso, que responde a los diferentes contenidos del mismo y a criterios pedag\u00f3gicos, buscando la distribuci\u00f3n de trabajo que favorezca la perfecta asimilaci\u00f3n de conceptos. Sin embargo es finalmente el alumno quien define la distribuci\u00f3n de las diferentes actividades a lo largo del desarrollo del curso.<\/p>\n<p><strong>Documentaci\u00f3n y material did\u00e1ctico<\/strong><\/p>\n\n<ul class=\"list-style1\">\n<li style=\"text-align: justify;\"><strong>Gu\u00eda del Alumno<\/strong>:\u00a0la navegaci\u00f3n por el curso on-line es f\u00e1cil e intuitiva. Adem\u00e1s el alumno dispondr\u00e1 de instrucciones claras en las que encuentran definidos todos los elementos existentes en el curso, como v\u00ednculos, iconos, apartados, acceso al foro, etc.<\/li>\n<li style=\"text-align: justify;\"><strong>Apuntes:<\/strong>\u00a0el curso dispone de apuntes estructurados por m\u00f3dulos y secciones ampliamente desarrollados, con contenidos te\u00f3ricos, material multimedia y ejercicios pr\u00e1cticos intercalados.<\/li>\n<li style=\"text-align: justify;\"><strong>Documentaci\u00f3n adicional:<\/strong>\u00a0A lo largo del desarrollo del curso el alumno tendr\u00e1 en todo momento acceso, a trav\u00e9s de la plataforma de formaci\u00f3n, a material adicional (videos, audios, art\u00edculos, noticias de inter\u00e9s,\u2026) que complemente la documentaci\u00f3n aportada inicialmente, actualizados en todo momento por el tutor y profesorado.<\/li>\n<li style=\"text-align: justify;\">Por otra parte se dispone de un foro a trav\u00e9s del cu\u00e1l el tutor promueve la participaci\u00f3n activa del alumnado as\u00ed como la publicaci\u00f3n peri\u00f3dica de informaci\u00f3n y noticias de inter\u00e9s.<\/li>\n<\/ul>\n\n<p><strong>Documentaci\u00f3n y consulta<\/strong><\/p>\n\n<ul class=\"list-style1\">\n<li style=\"text-align: justify;\"><strong>Sistema de Evaluaci\u00f3n:<\/strong>\u00a0Sistema de Evaluaci\u00f3n: Con objeto de evaluar los conocimientos adquiridos, el alumno dispone de un espacio en la web donde encontrar\u00e1 los Tests de Evaluaci\u00f3n, estructurados y presentados en funci\u00f3n de los M\u00f3dulos. Tests a trav\u00e9s de los cuales el alumno podr\u00e1 ir comprobando a lo largo del desarrollo del curso su evoluci\u00f3n en lo que respecta a conocimientos adquiridos.<br \/>\nLa metodolog\u00eda para la evaluaci\u00f3n del alumno consiste, por lo tanto, en el seguimiento de los tests de autoevaluaci\u00f3n, los ejercicios y la evaluaci\u00f3n final del alumno.<\/li>\n<\/ul>\n\n<p><strong>Tutor\u00eda y profesorado<\/strong><\/p>\n<p style=\"text-align: justify;\">A lo largo del curso se dispondr\u00e1 de un tutor que en todo momento orientar\u00e1 al alumno en el desarrollo del programa formativo y el resto de aspectos relacionados con este. La comunicaci\u00f3n ser\u00e1 permanente y de doble direcci\u00f3n a trav\u00e9s de correo electr\u00f3nico.<\/p>\n<p style=\"text-align: justify;\"><strong>Programa: Se estructura en 7 m\u00f3dulos<\/strong><\/p>\n<p><strong>1. M\u00d3DULO 1\u2010 INTRODUCTORIO<\/strong><\/p>\n<ul>\n<li>Secci\u00f3n 1.1- El medio ambiente.<\/li>\n<li>Secci\u00f3n 1.2- Factores ambientales.<\/li>\n<li>Secci\u00f3n 1.3- Aspectos ambientales.<\/li>\n<li>Secci\u00f3n 1.4- Impacto ambiental.<\/li>\n<li>Secci\u00f3n 1.5- Desarrollo Sostenible.<\/li>\n<li>Secci\u00f3n 1.6- Gr\u00e1fico.<\/li>\n<li>Secci\u00f3n 1.7- Contaminaci\u00f3n.\n<ul>\n<li>Unidad 1.8.1. Tipos.<\/li>\n<\/ul>\n<\/li>\n<li>Secci\u00f3n 1.8- La reducci\u00f3n de la capa de ozono.<\/li>\n<li>Secci\u00f3n 1.9- La lluvia \u00e1cida.<\/li>\n<li>Secci\u00f3n 1.10- Smog fotoqu\u00edmico<\/li>\n<li>Secci\u00f3n 1.11- El efecto invernadero.<\/li>\n<li>Secci\u00f3n 1.12- La gesti\u00f3n medioambiental.<\/li>\n<li>Resumen. M\u00f3dulo 1.<\/li>\n<\/ul>\n<p><strong>2. M\u00d3DULO 2\u2010 LAS ACTIVIDADES MINERAS<\/strong><\/p>\n<ul>\n<li>Secci\u00f3n 2.1- Yacimiento minero.\n<ul>\n<li>Unidad 2.1.1- Tipos de yacimientos.<\/li>\n<li>Unidad 2.1.3- Permisos.<\/li>\n<\/ul>\n<\/li>\n<li>Secci\u00f3n 2.2- Clasificaci\u00f3n de las actividades mineras.<\/li>\n<li>Secci\u00f3n 2.3- Clasificaci\u00f3n de las actividades mineras (2).<\/li>\n<li>Secci\u00f3n 2.4- Clasificaci\u00f3n de las actividades mineras (3).<\/li>\n<li>Secci\u00f3n 2.5- M\u00e9todos de explotaci\u00f3n.<\/li>\n<li>Secci\u00f3n 2.6- Tratamiento del mineral.<\/li>\n<li>Secci\u00f3n 2.7- Fases.<\/li>\n<li>Secci\u00f3n 2.8- Residuos industria extractiva.<\/li>\n<li>Secci\u00f3n 2.9- Instalaciones auxiliares.<\/li>\n<li>Secci\u00f3n 2.10. La miner\u00eda en Espa\u00f1a.<\/li>\n<li>Resumen. M\u00f3dulo 2.<\/li>\n<\/ul>\n<p><strong>3. M\u00d3DULO 3\u2010 MARCO JUR\u00cdDICO<\/strong><\/p>\n<ul>\n<li>Secci\u00f3n 3.1- Normativa aplicable.<\/li>\n<li>Secci\u00f3n 3.2- Ley de Minas.<\/li>\n<li>Secci\u00f3n 3.3- Reglamento de la Ley de Minas.<\/li>\n<li>Secci\u00f3n 3.4- Reglamento Seguridad Minera.\n<ul>\n<li>Unidad 3.4.1- Disposiciones generales.<\/li>\n<li>Unidad 3.4.2- Disposiciones generales (2).<\/li>\n<li>Unidad 3.4.3- ITCs.<\/li>\n<li>Unidad 3.4.4- ITCs (2).<\/li>\n<li>Unidad 3.4.5- ITCs (3).<\/li>\n<li>Unidad 3.4.6- ITCs (4).<\/li>\n<li>Unidad 3.4.7- ITCs (5<\/li>\n<li>Unidad 3.4.8- ITCs (6).<\/li>\n<\/ul>\n<\/li>\n<li>Secci\u00f3n 3.5- Residuos y restauraci\u00f3n.<\/li>\n<li>Secci\u00f3n 3.6- Responsabilidad Medioambiental.<\/li>\n<li>Secci\u00f3n 3.7- Responsabilidad Medioambiental (2).<\/li>\n<li>Secci\u00f3n 3.8- Impacto ambiental.<\/li>\n<li>Secci\u00f3n 3.9- Ley IPPC.<\/li>\n<li>Secci\u00f3n 3.10- Legislaci\u00f3n ambiental.<\/li>\n<li>Resumen. M\u00f3dulo 3.<\/li>\n<\/ul>\n<p><strong>4. M\u00d3DULO 4\u2010 IMPACTO AMBIENTAL DE LA MINER\u00cdA<\/strong><\/p>\n<ul>\n<li>Secci\u00f3n 4.1- Impactos caracter\u00edsticos.\n<ul>\n<li>Unidad 4.1.1- Aguas.<\/li>\n<li>Unidad 4.1.2- Atm\u00f3sfera.<\/li>\n<li>Unidad 4.1.3- Suelo.<\/li>\n<li>Unidad 4.1.4- Fauna, vegetaci\u00f3n y<\/li>\n<li>Unidad 4.1.5- Aspectos culturales, socioecon\u00f3micos, infraestructuras y seguridad.<\/li>\n<li>Unidad 4.1.6- Miner\u00eda subterr\u00e1nea.<\/li>\n<\/ul>\n<\/li>\n<li>Secci\u00f3n 4.2- Impactos de la miner\u00eda del carb\u00f3n.\n<ul>\n<li>Unidad 4.2.1- Hundimientos mineros.<\/li>\n<li>Unidad 4.2.2- Combusti\u00f3n espont\u00e1nea \/ autocombusti\u00f3n.<\/li>\n<li>Unidad 4.2.3- Aguas.<\/li>\n<\/ul>\n<\/li>\n<li>Secci\u00f3n 4.3- Impacto de la miner\u00eda met\u00e1lica.<\/li>\n<li>Secci\u00f3n 4.4- Impacto de la miner\u00eda ornamental: la pizarra.\n<ul>\n<li>Unidad 4.4.2- Aguas.<\/li>\n<\/ul>\n<\/li>\n<li>Unidad 4.4.3- Paisaje.<\/li>\n<li>Unidad 4.4.4- Medio natural y socioecon\u00f3mico.<\/li>\n<li>Resumen. M\u00f3dulo 4.<\/li>\n<\/ul>\n<p><strong>5. M\u00d3DULO 5\u2010 RESTAURACI\u00d3N DE ESPACIOS MINEROS<\/strong><\/p>\n<ul>\n<li>Secci\u00f3n 5.1- El Plan de Restauraci\u00f3n.\n<ul>\n<li>Unidad 5.1.1- Contenido.<\/li>\n<li>Unidad 5.1.2- Autorizaci\u00f3n.<\/li>\n<\/ul>\n<\/li>\n<li>Secci\u00f3n 5.2- Fases.\n<ul>\n<li>Unidad 5.2.1- Desmantelamiento.<\/li>\n<li>Unidad 5.2.2- Remodelaci\u00f3n topogr\u00e1fica<\/li>\n<li>Unidad 5.2.3- Estabilizaci\u00f3n de superficies, control de la erosi\u00f3n y drenaje.<\/li>\n<li>Unidad 5.2.4- Revegetaci\u00f3n.<\/li>\n<\/ul>\n<\/li>\n<li>Secci\u00f3n 5.3- Gesti\u00f3n de los residuos.\n<ul>\n<li>Unidad 5.3.1- Escombreras.<\/li>\n<li>Unidad 5.3.2- Escombreras (2).<\/li>\n<li>Unidad 5.3.3- Balsas de lodos.<\/li>\n<li>Unidad 5.3.4- Balsas de lodos (2).<\/li>\n<\/ul>\n<\/li>\n<li>Secci\u00f3n 5.4- Gesti\u00f3n de las aguas.\n<ul>\n<li>Unidad 5.4.1- T\u00e9cnicas.<\/li>\n<\/ul>\n<\/li>\n<li>Secci\u00f3n 5.5- Reutilizaci\u00f3n del espacio minero.\n<ul>\n<li>Unidad 5.5.1- Usos.<\/li>\n<li>Unidad 5.5.2- Usos (2).<\/li>\n<li>Unidad 5.5.3- Usos (3).<\/li>\n<\/ul>\n<\/li>\n<li>Resumen. M\u00f3dulo 5.<\/li>\n<\/ul>\n<p><strong>6. M\u00d3DULO 6\u2010 LA GESTI\u00d3N AMBIENTAL EN ACTIVIDADES MINERAS<\/strong><\/p>\n<ul>\n<li>Secci\u00f3n 6.1- Aspectos de gesti\u00f3n.<\/li>\n<li>Secci\u00f3n 6.2- Autorizaciones.\n<ul>\n<li>Unidad 6.2.1- Prospecci\u00f3n- exploraci\u00f3n- dise\u00f1o.<\/li>\n<li>Unidad 6.2.2- Explotaci\u00f3n- clausura- pos clausura.<\/li>\n<\/ul>\n<\/li>\n<li>Secci\u00f3n 6.3- Medidas protectoras.\n<ul>\n<li>Unidad 6.3.1- Aguas.<\/li>\n<li>Unidad 6.3.2- Atm\u00f3sfera.<\/li>\n<li>Unidad 6.3.3- Suelos.<\/li>\n<li>Unidad 6.3.4- Fauna y vegetaci\u00f3n.<\/li>\n<li>Unidad 6.3.5- Paisaje.<\/li>\n<li>Unidad 6.3.6- Patrimonio cultural.<\/li>\n<li>Unidad 6.3.7- Medio socioecon\u00f3mico e infraestructuras.<\/li>\n<li>Unidad 6.3.9- Por actividades.<\/li>\n<li>Unidad 6.3.10- Fuentes.<\/li>\n<\/ul>\n<\/li>\n<li>Secci\u00f3n 6.4- Implantaci\u00f3n de Sistemas de Gesti\u00f3n.\n<ul>\n<li>Unidad 6.4.1- Normativa.<\/li>\n<li>Unidad 6.4.2- Ventajas.<\/li>\n<li>Unidad 6.4.3- Indicadores.<\/li>\n<\/ul>\n<\/li>\n<li>Secci\u00f3n 6.5- La Ley de Responsabilidad Medioambiental.\n<ul>\n<li>Unidad 6.5.1- El operador. Obligaciones y responsabilidades.<\/li>\n<li>Unidad 6.5.2- Garant\u00edas financieras.<\/li>\n<\/ul>\n<\/li>\n<li>Resumen. M\u00f3dulo 6.<\/li>\n<\/ul>\n<p><strong>7. M\u00d3DULO 7\u2010 RESUMEN<\/strong><\/p>\n<p><strong>N\u00famero de plazas<\/strong><\/p>\n<p style=\"text-align: justify;\">Para la realizaci\u00f3n del curso se requiere una matr\u00edcula m\u00ednima de 4 alumnos. Si no se alcanza el n\u00famero m\u00ednimo de inscripciones 72 horas antes del inicio del curso el ICOG se reserva el derecho de cancelarlo reintegrando las matr\u00edculas ya abonadas.<\/p>\n<p><strong>Documentaci\u00f3n y diploma<\/strong><\/p>\n<p style=\"text-align: justify;\">A lo largo del curso se ir\u00e1 entregando la documentaci\u00f3n del mismo. El alumno podr\u00e1 descargarse el diploma de la plataforma en el momento que haya satisfecho los requisitos del curso.<\/p>\n<p><strong>Matr\u00edcula e inscripci\u00f3n<\/strong><\/p>\n<p style=\"text-align: justify;\">Para inscribirse deber\u00e1 elegir la matr\u00edcula que le corresponde y pulsar sobre \u201cInscripci\u00f3n\u201d. Se abrir\u00e1 un formulario que le pedir\u00e1 sus datos y podr\u00e1 adjuntar informaci\u00f3n del abono de la matr\u00edcula as\u00ed como cualquier documento acreditativo de su situaci\u00f3n (tarjeta de demanda de empleo, carn\u00e9 de estudiante, etc\u2026).<\/p>\n<p style=\"text-align: justify;\">El abono de la matr\u00edcula deber\u00e1 hacerlo por transferencia a la cuenta: ES40 0182 5647 0700 0002 4842\u00a0del Colegio Oficial de Ge\u00f3logos.<\/p>\n<p><strong>Secretar\u00eda<\/strong><\/p>\n<p>Ilustre Colegio Oficial de Ge\u00f3logos | C\/ Raquel Meller, 7, (local) | 28027-Madrid<\/p>\n<p>Tfno: +34 91 553 24 03 Ext. 0<\/p>\n<p>Fax: +34 91 405 50 35<\/p>\n<p>Email: <a href=\"mailto:fcamacho@icog.es\">fcamacho@icog.es<\/a><\/p>\n<p style=\"text-align: justify;\"> <a href=\"\" class=\"btn  btn-warning false\" target=\"\"> IMPORTANTE<\/a>\n<p style=\"text-align: justify;\"><strong>El curso se inscribe dentro del convenio marco firmado entre el ICOG Asturias y SADIM INGENIERIA (Grupo HUNOSA) para la realizaci\u00f3n de actividades de formaci\u00f3n, y se impartir\u00e1 a trav\u00e9s de la plataforma de tele formaci\u00f3n Hunosa-Net. <a href=\"http:\/\/atenea.sadim.net\/hunosanet\/\" target=\"_blank\">http:\/\/atenea.sadim.net\/hunosanet\/<\/a><\/strong><\/p>\n<p style=\"text-align: justify;\"><strong>100% Bonificable por la Fundaci\u00f3n Tripartita (matr\u00edcula antes del 23 de Mayo).<\/strong><\/p>\n<div class=\"row pricing_table no-space no\"> <div class=\"col-sm-4\"><div class=\"pr_table_col \" data-color=\"green\"><div class=\"tb_header\"><h4 class=\"ttitle kl-font-alt\">Colegiados del ICOG en activo<\/h4><div class=\"price kl-font-alt\"><p>\u20ac200<span>Matr\u00edcula<\/span><\/p><\/div><\/div>\n<div class=\"signin\"><a class=\"btn\" target=\"_self\" href=\"https:\/\/adobeformscentral.com\/?f=OwEfU4rblDrgN95rdrjmEA\">Inscripci\u00f3n<\/a><\/div><\/div><!-- end pricing table column --><\/div> <div class=\"col-sm-4\"><div class=\"pr_table_col \" data-color=\"green\"><div class=\"tb_header\"><h4 class=\"ttitle kl-font-alt\">Colegiados del ICOG en paro y estudiantes<\/h4><div class=\"price kl-font-alt\"><p>\u20ac150<span>Matr\u00edcula<\/span><\/p><\/div><\/div>\n<div class=\"signin\"><a class=\"btn\" target=\"_self\" href=\"https:\/\/adobeformscentral.com\/?f=OwEfU4rblDrgN95rdrjmEA\">Inscripci\u00f3n<\/a><\/div><\/div><!-- end pricing table column --><\/div> <div class=\"col-sm-4\"><div class=\"pr_table_col \" data-color=\"green\"><div class=\"tb_header\"><h4 class=\"ttitle kl-font-alt\">No colegiados en el ICOG<\/h4><div class=\"price kl-font-alt\"><p>\u20ac300<span>Matr\u00edcula<\/span><\/p><\/div><\/div>\n<div class=\"signin\"><a class=\"btn\" target=\"_self\" href=\"https:\/\/adobeformscentral.com\/?f=OwEfU4rblDrgN95rdrjmEA\">Inscripci\u00f3n<\/a><\/div><\/div><!-- end pricing table column --><\/div> <\/div>\n<div class=\"row pricing_table no-space no\"> <div class=\"col-sm-12\"><div class=\"pr_table_col \" data-color=\"blue\"><div class=\"tb_header\"><h4 class=\"ttitle kl-font-alt\">Convenios iberoamericanos<\/h4><div class=\"price kl-font-alt\"><p>\u20ac200<span>Matr\u00edcula v\u00eda PayPal o Tarjeta de Cr\u00e9dito<\/span><\/p><\/div><\/div> <div class=\"signin\"><a class=\"btn\" target=\"_self\" href=\"https:\/\/adobeformscentral.com\/?f=NK8Lb6bE79ElzGFnkZaCHw\">Inscripci\u00f3n<\/a><\/div><\/div><!-- end pricing table column --><\/div> <\/div>\n","protected":false},"excerpt":{"rendered":"<p>Modalidad del curso:\u00a0Online Fechas:\u00a02 de Junio a 1 de agosto de 2014 Direcci\u00f3n y coordinaci\u00f3n Presentaci\u00f3n El objeto del curso es el de aproximar a los alumnos al sector minero, desde el punto de vista de la gesti\u00f3n medioambiental. Durante el desarrollo del mismo se tendr\u00e1 oportunidad de profundizar sobre la legislaci\u00f3n en la materia,<\/p>\n","protected":false},"author":1,"featured_media":1050,"comment_status":"open","ping_status":"open","sticky":false,"template":"","format":"standard","meta":{"footnotes":""},"categories":[15],"tags":[114,50,79,28,113],"class_list":["post-1048","post","type-post","status-publish","format-standard","has-post-thumbnail","hentry","category-online","tag-ambiental","tag-impacto-ambiental","tag-medio-ambiente","tag-mineria","tag-restauracion"],"yoast_head":"<!-- This site is optimized with the Yoast SEO plugin v25.4 - https:\/\/yoast.com\/wordpress\/plugins\/seo\/ -->\r\n<title>II Curso online | Impacto ambiental de las actividades mineras<\/title>\r\n<meta name=\"description\" content=\"Curso de impacto ambiental impartido por la Escuela de Geolog\u00eda Profesional del Colegio Oficial de Ge\u00f3logos en colaboraci\u00f3n con Hunosa-Net.\" \/>\r\n<meta name=\"robots\" content=\"index, follow, max-snippet:-1, max-image-preview:large, max-video-preview:-1\" \/>\r\n<link rel=\"canonical\" href=\"https:\/\/www.icog.es\/cursos\/index.php\/ii-curso-online-impacto-ambiental-de-las-actividades-mineras\/\" \/>\r\n<meta name=\"twitter:card\" content=\"summary_large_image\" \/>\r\n<meta name=\"twitter:title\" content=\"II Curso online | Impacto ambiental de las actividades mineras\" \/>\r\n<meta name=\"twitter:description\" content=\"Curso de impacto ambiental impartido por la Escuela de Geolog\u00eda Profesional del Colegio Oficial de Ge\u00f3logos en colaboraci\u00f3n con Hunosa-Net.\" \/>\r\n<meta name=\"twitter:image\" content=\"https:\/\/www.icog.es\/cursos\/wp-content\/uploads\/2014\/05\/mineriaimpactoweb2014.jpg\" \/>\r\n<meta name=\"twitter:creator\" content=\"@cgeologos\" \/>\r\n<meta name=\"twitter:site\" content=\"@cgeologos\" \/>\r\n<meta name=\"twitter:label1\" content=\"Escrito por\" \/>\n\t<meta name=\"twitter:data1\" content=\"epampliega\" \/>\n\t<meta name=\"twitter:label2\" content=\"Tiempo de lectura\" \/>\n\t<meta name=\"twitter:data2\" content=\"8 minutos\" \/>\r\n<script type=\"application\/ld+json\" class=\"yoast-schema-graph\">{\"@context\":\"https:\/\/schema.org\",\"@graph\":[{\"@type\":\"WebPage\",\"@id\":\"https:\/\/www.icog.es\/cursos\/index.php\/ii-curso-online-impacto-ambiental-de-las-actividades-mineras\/\",\"url\":\"https:\/\/www.icog.es\/cursos\/index.php\/ii-curso-online-impacto-ambiental-de-las-actividades-mineras\/\",\"name\":\"II Curso online | Impacto ambiental de las actividades mineras\",\"isPartOf\":{\"@id\":\"https:\/\/www.icog.es\/cursos\/#website\"},\"primaryImageOfPage\":{\"@id\":\"https:\/\/www.icog.es\/cursos\/index.php\/ii-curso-online-impacto-ambiental-de-las-actividades-mineras\/#primaryimage\"},\"image\":{\"@id\":\"https:\/\/www.icog.es\/cursos\/index.php\/ii-curso-online-impacto-ambiental-de-las-actividades-mineras\/#primaryimage\"},\"thumbnailUrl\":\"https:\/\/www.icog.es\/cursos\/wp-content\/uploads\/2014\/05\/mineriaimpactoweb2014.jpg\",\"datePublished\":\"2014-05-14T11:41:17+00:00\",\"dateModified\":\"2014-05-21T14:45:25+00:00\",\"author\":{\"@id\":\"https:\/\/www.icog.es\/cursos\/#\/schema\/person\/389f76a2677cabdfca2a88e119975fd9\"},\"description\":\"Curso de impacto ambiental impartido por la Escuela de Geolog\u00eda Profesional del Colegio Oficial de Ge\u00f3logos en colaboraci\u00f3n con Hunosa-Net.\",\"breadcrumb\":{\"@id\":\"https:\/\/www.icog.es\/cursos\/index.php\/ii-curso-online-impacto-ambiental-de-las-actividades-mineras\/#breadcrumb\"},\"inLanguage\":\"es\",\"potentialAction\":[{\"@type\":\"ReadAction\",\"target\":[\"https:\/\/www.icog.es\/cursos\/index.php\/ii-curso-online-impacto-ambiental-de-las-actividades-mineras\/\"]}]},{\"@type\":\"ImageObject\",\"inLanguage\":\"es\",\"@id\":\"https:\/\/www.icog.es\/cursos\/index.php\/ii-curso-online-impacto-ambiental-de-las-actividades-mineras\/#primaryimage\",\"url\":\"https:\/\/www.icog.es\/cursos\/wp-content\/uploads\/2014\/05\/mineriaimpactoweb2014.jpg\",\"contentUrl\":\"https:\/\/www.icog.es\/cursos\/wp-content\/uploads\/2014\/05\/mineriaimpactoweb2014.jpg\",\"width\":370,\"height\":200},{\"@type\":\"BreadcrumbList\",\"@id\":\"https:\/\/www.icog.es\/cursos\/index.php\/ii-curso-online-impacto-ambiental-de-las-actividades-mineras\/#breadcrumb\",\"itemListElement\":[{\"@type\":\"ListItem\",\"position\":1,\"name\":\"Portada\",\"item\":\"https:\/\/www.icog.es\/cursos\/\"},{\"@type\":\"ListItem\",\"position\":2,\"name\":\"II Curso online | Impacto ambiental de las actividades mineras\"}]},{\"@type\":\"WebSite\",\"@id\":\"https:\/\/www.icog.es\/cursos\/#website\",\"url\":\"https:\/\/www.icog.es\/cursos\/\",\"name\":\"Escuela de Geolog\u00eda Profesional\",\"description\":\"Actividades formativas del Ilustre Colegio Oficial de Ge\u00f3logos (Espa\u00f1a)\",\"potentialAction\":[{\"@type\":\"SearchAction\",\"target\":{\"@type\":\"EntryPoint\",\"urlTemplate\":\"https:\/\/www.icog.es\/cursos\/?s={search_term_string}\"},\"query-input\":{\"@type\":\"PropertyValueSpecification\",\"valueRequired\":true,\"valueName\":\"search_term_string\"}}],\"inLanguage\":\"es\"},{\"@type\":\"Person\",\"@id\":\"https:\/\/www.icog.es\/cursos\/#\/schema\/person\/389f76a2677cabdfca2a88e119975fd9\",\"name\":\"epampliega\",\"image\":{\"@type\":\"ImageObject\",\"inLanguage\":\"es\",\"@id\":\"https:\/\/www.icog.es\/cursos\/#\/schema\/person\/image\/\",\"url\":\"https:\/\/secure.gravatar.com\/avatar\/0af027b762c62be251ee59268b00aa95fc9142285cbb9816351dee604c30600f?s=96&d=identicon&r=g\",\"contentUrl\":\"https:\/\/secure.gravatar.com\/avatar\/0af027b762c62be251ee59268b00aa95fc9142285cbb9816351dee604c30600f?s=96&d=identicon&r=g\",\"caption\":\"epampliega\"},\"url\":\"https:\/\/www.icog.es\/cursos\/index.php\/author\/epampliega\/\"}]}<\/script>\r\n<!-- \/ Yoast SEO plugin. -->","yoast_head_json":{"title":"II Curso online | Impacto ambiental de las actividades mineras","description":"Curso de impacto ambiental impartido por la Escuela de Geolog\u00eda Profesional del Colegio Oficial de Ge\u00f3logos en colaboraci\u00f3n con Hunosa-Net.","robots":{"index":"index","follow":"follow","max-snippet":"max-snippet:-1","max-image-preview":"max-image-preview:large","max-video-preview":"max-video-preview:-1"},"canonical":"https:\/\/www.icog.es\/cursos\/index.php\/ii-curso-online-impacto-ambiental-de-las-actividades-mineras\/","twitter_card":"summary_large_image","twitter_title":"II Curso online | Impacto ambiental de las actividades mineras","twitter_description":"Curso de impacto ambiental impartido por la Escuela de Geolog\u00eda Profesional del Colegio Oficial de Ge\u00f3logos en colaboraci\u00f3n con Hunosa-Net.","twitter_image":"https:\/\/www.icog.es\/cursos\/wp-content\/uploads\/2014\/05\/mineriaimpactoweb2014.jpg","twitter_creator":"@cgeologos","twitter_site":"@cgeologos","twitter_misc":{"Escrito por":"epampliega","Tiempo de lectura":"8 minutos"},"schema":{"@context":"https:\/\/schema.org","@graph":[{"@type":"WebPage","@id":"https:\/\/www.icog.es\/cursos\/index.php\/ii-curso-online-impacto-ambiental-de-las-actividades-mineras\/","url":"https:\/\/www.icog.es\/cursos\/index.php\/ii-curso-online-impacto-ambiental-de-las-actividades-mineras\/","name":"II Curso online | Impacto ambiental de las actividades mineras","isPartOf":{"@id":"https:\/\/www.icog.es\/cursos\/#website"},"primaryImageOfPage":{"@id":"https:\/\/www.icog.es\/cursos\/index.php\/ii-curso-online-impacto-ambiental-de-las-actividades-mineras\/#primaryimage"},"image":{"@id":"https:\/\/www.icog.es\/cursos\/index.php\/ii-curso-online-impacto-ambiental-de-las-actividades-mineras\/#primaryimage"},"thumbnailUrl":"https:\/\/www.icog.es\/cursos\/wp-content\/uploads\/2014\/05\/mineriaimpactoweb2014.jpg","datePublished":"2014-05-14T11:41:17+00:00","dateModified":"2014-05-21T14:45:25+00:00","author":{"@id":"https:\/\/www.icog.es\/cursos\/#\/schema\/person\/389f76a2677cabdfca2a88e119975fd9"},"description":"Curso de impacto ambiental impartido por la Escuela de Geolog\u00eda Profesional del Colegio Oficial de Ge\u00f3logos en colaboraci\u00f3n con Hunosa-Net.","breadcrumb":{"@id":"https:\/\/www.icog.es\/cursos\/index.php\/ii-curso-online-impacto-ambiental-de-las-actividades-mineras\/#breadcrumb"},"inLanguage":"es","potentialAction":[{"@type":"ReadAction","target":["https:\/\/www.icog.es\/cursos\/index.php\/ii-curso-online-impacto-ambiental-de-las-actividades-mineras\/"]}]},{"@type":"ImageObject","inLanguage":"es","@id":"https:\/\/www.icog.es\/cursos\/index.php\/ii-curso-online-impacto-ambiental-de-las-actividades-mineras\/#primaryimage","url":"https:\/\/www.icog.es\/cursos\/wp-content\/uploads\/2014\/05\/mineriaimpactoweb2014.jpg","contentUrl":"https:\/\/www.icog.es\/cursos\/wp-content\/uploads\/2014\/05\/mineriaimpactoweb2014.jpg","width":370,"height":200},{"@type":"BreadcrumbList","@id":"https:\/\/www.icog.es\/cursos\/index.php\/ii-curso-online-impacto-ambiental-de-las-actividades-mineras\/#breadcrumb","itemListElement":[{"@type":"ListItem","position":1,"name":"Portada","item":"https:\/\/www.icog.es\/cursos\/"},{"@type":"ListItem","position":2,"name":"II Curso online | Impacto ambiental de las actividades mineras"}]},{"@type":"WebSite","@id":"https:\/\/www.icog.es\/cursos\/#website","url":"https:\/\/www.icog.es\/cursos\/","name":"Escuela de Geolog\u00eda Profesional","description":"Actividades formativas del Ilustre Colegio Oficial de Ge\u00f3logos (Espa\u00f1a)","potentialAction":[{"@type":"SearchAction","target":{"@type":"EntryPoint","urlTemplate":"https:\/\/www.icog.es\/cursos\/?s={search_term_string}"},"query-input":{"@type":"PropertyValueSpecification","valueRequired":true,"valueName":"search_term_string"}}],"inLanguage":"es"},{"@type":"Person","@id":"https:\/\/www.icog.es\/cursos\/#\/schema\/person\/389f76a2677cabdfca2a88e119975fd9","name":"epampliega","image":{"@type":"ImageObject","inLanguage":"es","@id":"https:\/\/www.icog.es\/cursos\/#\/schema\/person\/image\/","url":"https:\/\/secure.gravatar.com\/avatar\/0af027b762c62be251ee59268b00aa95fc9142285cbb9816351dee604c30600f?s=96&d=identicon&r=g","contentUrl":"https:\/\/secure.gravatar.com\/avatar\/0af027b762c62be251ee59268b00aa95fc9142285cbb9816351dee604c30600f?s=96&d=identicon&r=g","caption":"epampliega"},"url":"https:\/\/www.icog.es\/cursos\/index.php\/author\/epampliega\/"}]}},"amp_enabled":true,"_links":{"self":[{"href":"https:\/\/www.icog.es\/cursos\/index.php\/wp-json\/wp\/v2\/posts\/1048","targetHints":{"allow":["GET"]}}],"collection":[{"href":"https:\/\/www.icog.es\/cursos\/index.php\/wp-json\/wp\/v2\/posts"}],"about":[{"href":"https:\/\/www.icog.es\/cursos\/index.php\/wp-json\/wp\/v2\/types\/post"}],"author":[{"embeddable":true,"href":"https:\/\/www.icog.es\/cursos\/index.php\/wp-json\/wp\/v2\/users\/1"}],"replies":[{"embeddable":true,"href":"https:\/\/www.icog.es\/cursos\/index.php\/wp-json\/wp\/v2\/comments?post=1048"}],"version-history":[{"count":22,"href":"https:\/\/www.icog.es\/cursos\/index.php\/wp-json\/wp\/v2\/posts\/1048\/revisions"}],"predecessor-version":[{"id":1073,"href":"https:\/\/www.icog.es\/cursos\/index.php\/wp-json\/wp\/v2\/posts\/1048\/revisions\/1073"}],"wp:featuredmedia":[{"embeddable":true,"href":"https:\/\/www.icog.es\/cursos\/index.php\/wp-json\/wp\/v2\/media\/1050"}],"wp:attachment":[{"href":"https:\/\/www.icog.es\/cursos\/index.php\/wp-json\/wp\/v2\/media?parent=1048"}],"wp:term":[{"taxonomy":"category","embeddable":true,"href":"https:\/\/www.icog.es\/cursos\/index.php\/wp-json\/wp\/v2\/categories?post=1048"},{"taxonomy":"post_tag","embeddable":true,"href":"https:\/\/www.icog.es\/cursos\/index.php\/wp-json\/wp\/v2\/tags?post=1048"}],"curies":[{"name":"wp","href":"https:\/\/api.w.org\/{rel}","templated":true}]}}