{"id":838,"date":"2016-07-01T18:49:15","date_gmt":"2016-07-01T16:49:15","guid":{"rendered":"http:\/\/www.icog.es\/asturias\/?p=838"},"modified":"2016-07-22T12:41:40","modified_gmt":"2016-07-22T10:41:40","slug":"838","status":"publish","type":"post","link":"https:\/\/www.icog.es\/asturias\/2016\/07\/838\/","title":{"rendered":"Convocatoria de 6 plazas de la Escala de T\u00e9cnicos Facultativos Superiores de Organismos Aut\u00f3nomos del Ministerio de Fomento, acceso libre."},"content":{"rendered":"<h6 class=\"post-title entry-title\" style=\"text-align: left;\">MINISTERIO DE FOMENTO<br \/>\nT\u00c9CNICOS FACULTATIVOS SUPERIORES DE ORGANISMOS AUT\u00d3NOMOS DEL MINISTERIO DE FOMENTO<br \/>\nV\u00eda: INGRESO LIBRE<br \/>\nTitulaci\u00f3n: Doctor, Licenciado, Ingeniero, Arquitecto o Grado<br \/>\nOfertas de Empleo P\u00fablico<br \/>\nPlazas Convocadas: 6 Libres<br \/>\nBOLET\u00cdN OFICIAL DEL ESTADO de 24 de junio de 2016.<br \/>\n<span style=\"color: #ff0000;\">Fin del plazo de presentaci\u00f3n de solicitudes: 14\/07\/2016<\/span><\/h6>\n<div class=\"post-header\"><\/div>\n<div id=\"post-body-1858083212364406031\" class=\"post-body entry-content\">\n<h5 class=\"documento-tit\">Orden FOM\/1020\/2016, de 16 de junio, por la que se convoca proceso selectivo para ingreso por el sistema general de acceso libre en la Escala de T\u00e9cnicos Facultativos Superiores de Organismos Aut\u00f3nomos del Ministerio de Fomento.<\/h5>\n<div><\/div>\n<div>\n<div class=\"parrafo\">En cumplimiento de lo dispuesto en el Real Decreto 105\/2016 de 18 de marzo (BOE del 22), por el que se aprueba la oferta de empleo p\u00fablico para el a\u00f1o 2016, y con el fin de atender las necesidades de personal de la Administraci\u00f3n P\u00fablica,<\/div>\n<div class=\"parrafo\">Este Ministerio, en uso de las competencias que le est\u00e1n atribuidas en el art\u00edculo 13 de la Ley 6\/1997, de 14 de abril, de Organizaci\u00f3n y Funcionamiento de la Administraci\u00f3n General del Estado, previo informe favorable de la Direcci\u00f3n General de la Funci\u00f3n P\u00fablica, acuerda convocar proceso selectivo para ingreso en la Escala de T\u00e9cnicos Facultativos Superiores de Organismos Aut\u00f3nomos del Ministerio de Fomento.<\/div>\n<div class=\"parrafo\">La presente convocatoria tendr\u00e1 en cuenta el principio de igualdad de trato entre hombres y mujeres por lo que se refiere al acceso al empleo, de acuerdo con el art\u00edculo 14 de la Constituci\u00f3n Espa\u00f1ola, el Real Decreto Legislativo 5\/2015, de 30 de octubre, por el que se aprueba el texto refundido de la Ley del Estatuto B\u00e1sico del Empleado P\u00fablico, la Ley Org\u00e1nica 3\/2007, de 22 de marzo para la igualdad efectiva de mujeres y hombres, y el Acuerdo de Consejo de Ministros de 20 de noviembre de 2015, por el que se aprueba el II Plan para la Igualdad entre Mujeres y Hombres en la Administraci\u00f3n General del Estado y en sus Organismos P\u00fablicos, y se desarrollar\u00e1 de acuerdo con las siguientes<\/div>\n<div class=\"centro_negrita\">Bases comunes<\/div>\n<div class=\"parrafo_2\">Las bases comunes por las que se regir\u00e1 la presente convocatoria son las establecidas en la Orden APU\/3416\/2007, de 14 de noviembre (BOE n\u00fam. 284, del 27), modificada por la Orden PRE\/2061\/2009, de 23 de julio (BOE n\u00fam. 183, del 30).<\/div>\n<div class=\"centro_negrita\">Bases espec\u00edficas<\/div>\n<div class=\"parrafo_2\">La presente convocatoria se publicar\u00e1 en el punto de acceso general http:\/\/administracion.gob.es\/ y en el portal del Ministerio de Fomento http:\/\/www.fomento.gob.es\/.<\/div>\n<div class=\"centro_cursiva\">1. Descripci\u00f3n de las plazas<\/div>\n<div class=\"parrafo_2\">1.1 Se convoca proceso selectivo para cubrir <a href=\"https:\/\/www.boe.es\/boe\/dias\/2016\/06\/24\/pdfs\/BOE-A-2016-6142.pdf\">6 plazas<\/a> de la Escala de T\u00e9cnicos Facultativos Superiores de Organismos Aut\u00f3nomos del Ministerio de Fomento, C\u00f3digo\u00a06200, por el sistema general de acceso libre, de las comprendidas en el Real Decreto 105\/2016, de 18 de marzo.<\/div>\n<div class=\"parrafo\">1.2 La distribuci\u00f3n por especialidades de las plazas convocadas es la siguiente:<\/div>\n<div class=\"parrafo_2\">a) Estudios y experimentaci\u00f3n en sistemas ferroviarios: 1 plaza.<\/div>\n<div class=\"parrafo\">b) Estudios y experimentaci\u00f3n en aguas marinas y sus infraestructuras naturales y artificiales: 1 plaza.<\/div>\n<div class=\"parrafo\">c) Estudios y experimentaci\u00f3n en estructuras y materiales: 1 plaza.<\/div>\n<div class=\"parrafo\">d) Estudios y experimentaci\u00f3n en geotecnia: 1 plaza.<\/div>\n<div class=\"parrafo\">e) Seguridad e interoperabilidad ferroviaria: 2 plazas.<\/div>\n<div class=\"parrafo_2\">1.3 Los aspirantes deber\u00e1n optar por una sola de las especialidades.<\/div>\n<div class=\"parrafo\">1.4 Si en alguna de las cuatro primeras especialidades del apartado 1.2 quedaran sin cubrir plazas, \u00e9stas se podr\u00e1n acumular a otra de las especialidades seg\u00fan el siguiente orden de prelaci\u00f3n:<\/div>\n<div class=\"parrafo_2\">1.\u00ba Estudios y experimentaci\u00f3n en sistemas ferroviarios.<\/div>\n<div class=\"parrafo\">2.\u00ba Estudios y experimentaci\u00f3n en estructuras y materiales.<\/div>\n<div class=\"parrafo\">3.\u00ba Estudios y experimentaci\u00f3n en geotecnia.<\/div>\n<div class=\"parrafo\">4.\u00ba Estudios y experimentaci\u00f3n en aguas marinas y sus infraestructuras naturales y artificiales.<\/div>\n<\/div>\n<div class=\"parrafo\">Bases: http:\/\/www.boe.es\/boe\/dias\/2016\/06\/24\/<\/div>\n<\/div>\n","protected":false},"excerpt":{"rendered":"<p>MINISTERIO DE FOMENTO T\u00c9CNICOS FACULTATIVOS SUPERIORES DE ORGANISMOS AUT\u00d3NOMOS DEL MINISTERIO DE FOMENTO V\u00eda: INGRESO LIBRE Titulaci\u00f3n: Doctor, Licenciado, Ingeniero, Arquitecto o Grado Ofertas de Empleo P\u00fablico Plazas Convocadas: 6 Libres BOLET\u00cdN OFICIAL DEL ESTADO de 24 de junio de &hellip; <a href=\"https:\/\/www.icog.es\/asturias\/2016\/07\/838\/\">Sigue leyendo <span class=\"meta-nav\">&rarr;<\/span><\/a><\/p>\n","protected":false},"author":2,"featured_media":958,"comment_status":"open","ping_status":"open","sticky":false,"template":"","format":"standard","meta":{"footnotes":""},"categories":[62],"tags":[50],"class_list":["post-838","post","type-post","status-publish","format-standard","has-post-thumbnail","hentry","category-empleo","tag-empleo"],"yoast_head":"<!-- This site is optimized with the Yoast SEO plugin v25.8 - https:\/\/yoast.com\/wordpress\/plugins\/seo\/ -->\r\n<title>Convocatoria de 6 plazas de la Escala de T\u00e9cnicos Facultativos Superiores de Organismos Aut\u00f3nomos del Ministerio de Fomento, acceso libre. - Colegio de Ge\u00f3logos de Asturias<\/title>\r\n<meta name=\"robots\" content=\"index, follow, max-snippet:-1, max-image-preview:large, max-video-preview:-1\" \/>\r\n<link rel=\"canonical\" href=\"https:\/\/www.icog.es\/asturias\/2016\/07\/838\/\" \/>\r\n<meta property=\"og:locale\" content=\"es_ES\" \/>\r\n<meta property=\"og:type\" content=\"article\" \/>\r\n<meta property=\"og:title\" content=\"Convocatoria de 6 plazas de la Escala de T\u00e9cnicos Facultativos Superiores de Organismos Aut\u00f3nomos del Ministerio de Fomento, acceso libre. - Colegio de Ge\u00f3logos de Asturias\" \/>\r\n<meta property=\"og:description\" content=\"MINISTERIO DE FOMENTO T\u00c9CNICOS FACULTATIVOS SUPERIORES DE ORGANISMOS AUT\u00d3NOMOS DEL MINISTERIO DE FOMENTO V\u00eda: INGRESO LIBRE Titulaci\u00f3n: Doctor, Licenciado, Ingeniero, Arquitecto o Grado Ofertas de Empleo P\u00fablico Plazas Convocadas: 6 Libres BOLET\u00cdN OFICIAL DEL ESTADO de 24 de junio de &hellip; Sigue leyendo &rarr;\" \/>\r\n<meta property=\"og:url\" content=\"https:\/\/www.icog.es\/asturias\/2016\/07\/838\/\" \/>\r\n<meta property=\"og:site_name\" content=\"Colegio de Ge\u00f3logos de Asturias\" \/>\r\n<meta property=\"article:publisher\" content=\"https:\/\/www.facebook.com\/CGEOLOGOS\/\" \/>\r\n<meta property=\"article:published_time\" content=\"2016-07-01T16:49:15+00:00\" \/>\r\n<meta property=\"article:modified_time\" content=\"2016-07-22T10:41:40+00:00\" \/>\r\n<meta property=\"og:image\" content=\"https:\/\/www.icog.es\/asturias\/wp-content\/uploads\/2016\/07\/empleo_asturias.jpg\" \/>\r\n\t<meta property=\"og:image:width\" content=\"979\" \/>\r\n\t<meta property=\"og:image:height\" content=\"498\" \/>\r\n\t<meta property=\"og:image:type\" content=\"image\/jpeg\" \/>\r\n<meta name=\"author\" content=\"Colegio de Ge\u00f3logos de Asturias\" \/>\r\n<meta name=\"twitter:card\" content=\"summary_large_image\" \/>\r\n<meta name=\"twitter:creator\" content=\"@cgeologos\" \/>\r\n<meta name=\"twitter:site\" content=\"@cgeologos\" \/>\r\n<meta name=\"twitter:label1\" content=\"Escrito por\" \/>\n\t<meta name=\"twitter:data1\" content=\"Colegio de Ge\u00f3logos de Asturias\" \/>\n\t<meta name=\"twitter:label2\" content=\"Tiempo de lectura\" \/>\n\t<meta name=\"twitter:data2\" content=\"3 minutos\" \/>\r\n<script type=\"application\/ld+json\" class=\"yoast-schema-graph\">{\"@context\":\"https:\/\/schema.org\",\"@graph\":[{\"@type\":\"WebPage\",\"@id\":\"https:\/\/www.icog.es\/asturias\/2016\/07\/838\/\",\"url\":\"https:\/\/www.icog.es\/asturias\/2016\/07\/838\/\",\"name\":\"Convocatoria de 6 plazas de la Escala de T\u00e9cnicos Facultativos Superiores de Organismos Aut\u00f3nomos del Ministerio de Fomento, acceso libre. - Colegio de Ge\u00f3logos de Asturias\",\"isPartOf\":{\"@id\":\"https:\/\/www.icog.es\/asturias\/#website\"},\"primaryImageOfPage\":{\"@id\":\"https:\/\/www.icog.es\/asturias\/2016\/07\/838\/#primaryimage\"},\"image\":{\"@id\":\"https:\/\/www.icog.es\/asturias\/2016\/07\/838\/#primaryimage\"},\"thumbnailUrl\":\"https:\/\/www.icog.es\/asturias\/wp-content\/uploads\/2016\/07\/empleo_asturias.jpg\",\"datePublished\":\"2016-07-01T16:49:15+00:00\",\"dateModified\":\"2016-07-22T10:41:40+00:00\",\"author\":{\"@id\":\"https:\/\/www.icog.es\/asturias\/#\/schema\/person\/b049787fca74393b3e4da3287d67acdf\"},\"inLanguage\":\"es\",\"potentialAction\":[{\"@type\":\"ReadAction\",\"target\":[\"https:\/\/www.icog.es\/asturias\/2016\/07\/838\/\"]}]},{\"@type\":\"ImageObject\",\"inLanguage\":\"es\",\"@id\":\"https:\/\/www.icog.es\/asturias\/2016\/07\/838\/#primaryimage\",\"url\":\"https:\/\/www.icog.es\/asturias\/wp-content\/uploads\/2016\/07\/empleo_asturias.jpg\",\"contentUrl\":\"https:\/\/www.icog.es\/asturias\/wp-content\/uploads\/2016\/07\/empleo_asturias.jpg\",\"width\":979,\"height\":498},{\"@type\":\"WebSite\",\"@id\":\"https:\/\/www.icog.es\/asturias\/#website\",\"url\":\"https:\/\/www.icog.es\/asturias\/\",\"name\":\"Colegio de Ge\u00f3logos de Asturias\",\"description\":\"\",\"potentialAction\":[{\"@type\":\"SearchAction\",\"target\":{\"@type\":\"EntryPoint\",\"urlTemplate\":\"https:\/\/www.icog.es\/asturias\/?s={search_term_string}\"},\"query-input\":{\"@type\":\"PropertyValueSpecification\",\"valueRequired\":true,\"valueName\":\"search_term_string\"}}],\"inLanguage\":\"es\"},{\"@type\":\"Person\",\"@id\":\"https:\/\/www.icog.es\/asturias\/#\/schema\/person\/b049787fca74393b3e4da3287d67acdf\",\"name\":\"Colegio de Ge\u00f3logos de Asturias\",\"image\":{\"@type\":\"ImageObject\",\"inLanguage\":\"es\",\"@id\":\"https:\/\/www.icog.es\/asturias\/#\/schema\/person\/image\/\",\"url\":\"https:\/\/secure.gravatar.com\/avatar\/0e52ae4c477f7ea243046c5b6495dea654879f226000b9819840b1b3dc80da63?s=96&d=mm&r=g\",\"contentUrl\":\"https:\/\/secure.gravatar.com\/avatar\/0e52ae4c477f7ea243046c5b6495dea654879f226000b9819840b1b3dc80da63?s=96&d=mm&r=g\",\"caption\":\"Colegio de Ge\u00f3logos de Asturias\"},\"url\":\"https:\/\/www.icog.es\/asturias\/author\/colegioasturias\/\"}]}<\/script>\r\n<!-- \/ Yoast SEO plugin. -->","yoast_head_json":{"title":"Convocatoria de 6 plazas de la Escala de T\u00e9cnicos Facultativos Superiores de Organismos Aut\u00f3nomos del Ministerio de Fomento, acceso libre. - Colegio de Ge\u00f3logos de Asturias","robots":{"index":"index","follow":"follow","max-snippet":"max-snippet:-1","max-image-preview":"max-image-preview:large","max-video-preview":"max-video-preview:-1"},"canonical":"https:\/\/www.icog.es\/asturias\/2016\/07\/838\/","og_locale":"es_ES","og_type":"article","og_title":"Convocatoria de 6 plazas de la Escala de T\u00e9cnicos Facultativos Superiores de Organismos Aut\u00f3nomos del Ministerio de Fomento, acceso libre. - Colegio de Ge\u00f3logos de Asturias","og_description":"MINISTERIO DE FOMENTO T\u00c9CNICOS FACULTATIVOS SUPERIORES DE ORGANISMOS AUT\u00d3NOMOS DEL MINISTERIO DE FOMENTO V\u00eda: INGRESO LIBRE Titulaci\u00f3n: Doctor, Licenciado, Ingeniero, Arquitecto o Grado Ofertas de Empleo P\u00fablico Plazas Convocadas: 6 Libres BOLET\u00cdN OFICIAL DEL ESTADO de 24 de junio de &hellip; Sigue leyendo &rarr;","og_url":"https:\/\/www.icog.es\/asturias\/2016\/07\/838\/","og_site_name":"Colegio de Ge\u00f3logos de Asturias","article_publisher":"https:\/\/www.facebook.com\/CGEOLOGOS\/","article_published_time":"2016-07-01T16:49:15+00:00","article_modified_time":"2016-07-22T10:41:40+00:00","og_image":[{"width":979,"height":498,"url":"https:\/\/www.icog.es\/asturias\/wp-content\/uploads\/2016\/07\/empleo_asturias.jpg","type":"image\/jpeg"}],"author":"Colegio de Ge\u00f3logos de Asturias","twitter_card":"summary_large_image","twitter_creator":"@cgeologos","twitter_site":"@cgeologos","twitter_misc":{"Escrito por":"Colegio de Ge\u00f3logos de Asturias","Tiempo de lectura":"3 minutos"},"schema":{"@context":"https:\/\/schema.org","@graph":[{"@type":"WebPage","@id":"https:\/\/www.icog.es\/asturias\/2016\/07\/838\/","url":"https:\/\/www.icog.es\/asturias\/2016\/07\/838\/","name":"Convocatoria de 6 plazas de la Escala de T\u00e9cnicos Facultativos Superiores de Organismos Aut\u00f3nomos del Ministerio de Fomento, acceso libre. - Colegio de Ge\u00f3logos de Asturias","isPartOf":{"@id":"https:\/\/www.icog.es\/asturias\/#website"},"primaryImageOfPage":{"@id":"https:\/\/www.icog.es\/asturias\/2016\/07\/838\/#primaryimage"},"image":{"@id":"https:\/\/www.icog.es\/asturias\/2016\/07\/838\/#primaryimage"},"thumbnailUrl":"https:\/\/www.icog.es\/asturias\/wp-content\/uploads\/2016\/07\/empleo_asturias.jpg","datePublished":"2016-07-01T16:49:15+00:00","dateModified":"2016-07-22T10:41:40+00:00","author":{"@id":"https:\/\/www.icog.es\/asturias\/#\/schema\/person\/b049787fca74393b3e4da3287d67acdf"},"inLanguage":"es","potentialAction":[{"@type":"ReadAction","target":["https:\/\/www.icog.es\/asturias\/2016\/07\/838\/"]}]},{"@type":"ImageObject","inLanguage":"es","@id":"https:\/\/www.icog.es\/asturias\/2016\/07\/838\/#primaryimage","url":"https:\/\/www.icog.es\/asturias\/wp-content\/uploads\/2016\/07\/empleo_asturias.jpg","contentUrl":"https:\/\/www.icog.es\/asturias\/wp-content\/uploads\/2016\/07\/empleo_asturias.jpg","width":979,"height":498},{"@type":"WebSite","@id":"https:\/\/www.icog.es\/asturias\/#website","url":"https:\/\/www.icog.es\/asturias\/","name":"Colegio de Ge\u00f3logos de Asturias","description":"","potentialAction":[{"@type":"SearchAction","target":{"@type":"EntryPoint","urlTemplate":"https:\/\/www.icog.es\/asturias\/?s={search_term_string}"},"query-input":{"@type":"PropertyValueSpecification","valueRequired":true,"valueName":"search_term_string"}}],"inLanguage":"es"},{"@type":"Person","@id":"https:\/\/www.icog.es\/asturias\/#\/schema\/person\/b049787fca74393b3e4da3287d67acdf","name":"Colegio de Ge\u00f3logos de Asturias","image":{"@type":"ImageObject","inLanguage":"es","@id":"https:\/\/www.icog.es\/asturias\/#\/schema\/person\/image\/","url":"https:\/\/secure.gravatar.com\/avatar\/0e52ae4c477f7ea243046c5b6495dea654879f226000b9819840b1b3dc80da63?s=96&d=mm&r=g","contentUrl":"https:\/\/secure.gravatar.com\/avatar\/0e52ae4c477f7ea243046c5b6495dea654879f226000b9819840b1b3dc80da63?s=96&d=mm&r=g","caption":"Colegio de Ge\u00f3logos de Asturias"},"url":"https:\/\/www.icog.es\/asturias\/author\/colegioasturias\/"}]}},"amp_enabled":true,"_links":{"self":[{"href":"https:\/\/www.icog.es\/asturias\/wp-json\/wp\/v2\/posts\/838","targetHints":{"allow":["GET"]}}],"collection":[{"href":"https:\/\/www.icog.es\/asturias\/wp-json\/wp\/v2\/posts"}],"about":[{"href":"https:\/\/www.icog.es\/asturias\/wp-json\/wp\/v2\/types\/post"}],"author":[{"embeddable":true,"href":"https:\/\/www.icog.es\/asturias\/wp-json\/wp\/v2\/users\/2"}],"replies":[{"embeddable":true,"href":"https:\/\/www.icog.es\/asturias\/wp-json\/wp\/v2\/comments?post=838"}],"version-history":[{"count":7,"href":"https:\/\/www.icog.es\/asturias\/wp-json\/wp\/v2\/posts\/838\/revisions"}],"predecessor-version":[{"id":845,"href":"https:\/\/www.icog.es\/asturias\/wp-json\/wp\/v2\/posts\/838\/revisions\/845"}],"wp:featuredmedia":[{"embeddable":true,"href":"https:\/\/www.icog.es\/asturias\/wp-json\/wp\/v2\/media\/958"}],"wp:attachment":[{"href":"https:\/\/www.icog.es\/asturias\/wp-json\/wp\/v2\/media?parent=838"}],"wp:term":[{"taxonomy":"category","embeddable":true,"href":"https:\/\/www.icog.es\/asturias\/wp-json\/wp\/v2\/categories?post=838"},{"taxonomy":"post_tag","embeddable":true,"href":"https:\/\/www.icog.es\/asturias\/wp-json\/wp\/v2\/tags?post=838"}],"curies":[{"name":"wp","href":"https:\/\/api.w.org\/{rel}","templated":true}]}}