{"id":53,"date":"2013-04-28T10:38:20","date_gmt":"2013-04-28T10:38:20","guid":{"rendered":"http:\/\/www.icog.es\/asturias\/?p=53"},"modified":"2013-06-15T10:47:04","modified_gmt":"2013-06-15T10:47:04","slug":"acuerdo-con-sadim-para-la-realizacion-de-actividades-formativas","status":"publish","type":"post","link":"https:\/\/www.icog.es\/asturias\/2013\/04\/acuerdo-con-sadim-para-la-realizacion-de-actividades-formativas\/","title":{"rendered":"Acuerdo con Sadim para la realizaci\u00f3n de actividades formativas"},"content":{"rendered":"<p style=\"text-align: justify;\"><a href=\"http:\/\/www.icog.es\/asturias\/wp-content\/uploads\/2013\/06\/hunosa2013.jpg\"><img loading=\"lazy\" decoding=\"async\" class=\"size-medium wp-image-54 alignleft\" alt=\"hunosa2013\" src=\"http:\/\/www.icog.es\/asturias\/wp-content\/uploads\/2013\/06\/hunosa2013-300x179.jpg\" width=\"300\" height=\"179\" srcset=\"https:\/\/www.icog.es\/asturias\/wp-content\/uploads\/2013\/06\/hunosa2013-300x179.jpg 300w, https:\/\/www.icog.es\/asturias\/wp-content\/uploads\/2013\/06\/hunosa2013-1024x612.jpg 1024w, https:\/\/www.icog.es\/asturias\/wp-content\/uploads\/2013\/06\/hunosa2013-720x430.jpg 720w\" sizes=\"auto, (max-width: 300px) 100vw, 300px\" \/><\/a><\/p>\n<p style=\"text-align: justify;\">\n<p style=\"text-align: justify;\">Hemos logrado un gran acuerdo para ofrecer a nuestros colegiados y compa\u00f1eros un plan de formaci\u00f3n que pueda ayudar en estos momentos.<\/p>\n<p style=\"text-align: justify;\">El Grupo Hunosa, a trav\u00e9s de su filial <span style=\"color: #0000ff;\"><a href=\"http:\/\/www.sadim.es\/metaspace\/portal\/47629\/47646-inicio\" target=\"_blank\"><span style=\"color: #0000ff;\">Sadim Ingenier\u00eda<\/span><\/a><\/span>, ha suscrito un convenio de colaboraci\u00f3n en materia de formaci\u00f3n con el Ilustre Colegio Oficial de Ge\u00f3logos, en Asturias. La acci\u00f3n formativa impartida por Sadim ser\u00e1 tanto presencial como \u00abon-line\u00bb y estar\u00e1 dirigida a ge\u00f3logos colegiados. Los cursos se centrar\u00e1n principalmente en sistemas de informaci\u00f3n geogr\u00e1fica y medioambiente. En la imagen, la presidenta de la Hullera, Mar\u00eda Teresa Mallada, da la mano a Olegario Alonso, del Colegio de Ge\u00f3logos, ambos acompa\u00f1ados por Javier Sope\u00f1a y Guillermo Laine.<\/p>\n<p style=\"text-align: justify;\">Esta colaboraci\u00f3n empezar\u00e1 a tomar forma en Mayo con la impartici\u00f3n de los primeros cursos.<\/p>\n","protected":false},"excerpt":{"rendered":"<p>Hemos logrado un gran acuerdo para ofrecer a nuestros colegiados y compa\u00f1eros un plan de formaci\u00f3n que pueda ayudar en estos momentos. El Grupo Hunosa, a trav\u00e9s de su filial Sadim Ingenier\u00eda, ha suscrito un convenio de colaboraci\u00f3n en materia &hellip; <a href=\"https:\/\/www.icog.es\/asturias\/2013\/04\/acuerdo-con-sadim-para-la-realizacion-de-actividades-formativas\/\">Sigue leyendo <span class=\"meta-nav\">&rarr;<\/span><\/a><\/p>\n","protected":false},"author":1,"featured_media":54,"comment_status":"open","ping_status":"open","sticky":false,"template":"","format":"standard","meta":{"footnotes":""},"categories":[4],"tags":[17,11],"class_list":["post-53","post","type-post","status-publish","format-standard","has-post-thumbnail","hentry","category-delegacion","tag-acuerdo","tag-formacion-2"],"yoast_head":"<!-- This site is optimized with the Yoast SEO plugin v25.8 - https:\/\/yoast.com\/wordpress\/plugins\/seo\/ -->\r\n<title>Acuerdo con Sadim para la realizaci\u00f3n de actividades formativas<\/title>\r\n<meta name=\"description\" content=\"Acuerdo para ofrecer a nuestros colegiados y compa\u00f1eros un plan de formaci\u00f3n con la colaboraci\u00f3n de Sadim Ingenier\u00eda.\" \/>\r\n<meta name=\"robots\" content=\"index, follow, max-snippet:-1, max-image-preview:large, max-video-preview:-1\" \/>\r\n<link rel=\"canonical\" href=\"https:\/\/www.icog.es\/asturias\/2013\/04\/acuerdo-con-sadim-para-la-realizacion-de-actividades-formativas\/\" \/>\r\n<meta property=\"og:locale\" content=\"es_ES\" \/>\r\n<meta property=\"og:type\" content=\"article\" \/>\r\n<meta property=\"og:title\" content=\"Acuerdo con Sadim para la realizaci\u00f3n de actividades formativas\" \/>\r\n<meta property=\"og:description\" content=\"Acuerdo para ofrecer a nuestros colegiados y compa\u00f1eros un plan de formaci\u00f3n con la colaboraci\u00f3n de Sadim Ingenier\u00eda.\" \/>\r\n<meta property=\"og:url\" content=\"https:\/\/www.icog.es\/asturias\/2013\/04\/acuerdo-con-sadim-para-la-realizacion-de-actividades-formativas\/\" \/>\r\n<meta property=\"og:site_name\" content=\"Colegio de Ge\u00f3logos de Asturias\" \/>\r\n<meta property=\"article:publisher\" content=\"https:\/\/www.facebook.com\/CGEOLOGOS\/\" \/>\r\n<meta property=\"article:published_time\" content=\"2013-04-28T10:38:20+00:00\" \/>\r\n<meta property=\"article:modified_time\" content=\"2013-06-15T10:47:04+00:00\" \/>\r\n<meta property=\"og:image\" content=\"https:\/\/www.icog.es\/asturias\/wp-content\/uploads\/2013\/06\/hunosa2013.jpg\" \/>\r\n\t<meta property=\"og:image:width\" content=\"4764\" \/>\r\n\t<meta property=\"og:image:height\" content=\"2851\" \/>\r\n\t<meta property=\"og:image:type\" content=\"image\/jpeg\" \/>\r\n<meta name=\"author\" content=\"adminastur\" \/>\r\n<meta name=\"twitter:card\" content=\"summary_large_image\" \/>\r\n<meta name=\"twitter:creator\" content=\"@cgeologos\" \/>\r\n<meta name=\"twitter:site\" content=\"@cgeologos\" \/>\r\n<meta name=\"twitter:label1\" content=\"Escrito por\" \/>\n\t<meta name=\"twitter:data1\" content=\"adminastur\" \/>\n\t<meta name=\"twitter:label2\" content=\"Tiempo de lectura\" \/>\n\t<meta name=\"twitter:data2\" content=\"1 minuto\" \/>\r\n<script type=\"application\/ld+json\" class=\"yoast-schema-graph\">{\"@context\":\"https:\/\/schema.org\",\"@graph\":[{\"@type\":\"WebPage\",\"@id\":\"https:\/\/www.icog.es\/asturias\/2013\/04\/acuerdo-con-sadim-para-la-realizacion-de-actividades-formativas\/\",\"url\":\"https:\/\/www.icog.es\/asturias\/2013\/04\/acuerdo-con-sadim-para-la-realizacion-de-actividades-formativas\/\",\"name\":\"Acuerdo con Sadim para la realizaci\u00f3n de actividades formativas\",\"isPartOf\":{\"@id\":\"https:\/\/www.icog.es\/asturias\/#website\"},\"primaryImageOfPage\":{\"@id\":\"https:\/\/www.icog.es\/asturias\/2013\/04\/acuerdo-con-sadim-para-la-realizacion-de-actividades-formativas\/#primaryimage\"},\"image\":{\"@id\":\"https:\/\/www.icog.es\/asturias\/2013\/04\/acuerdo-con-sadim-para-la-realizacion-de-actividades-formativas\/#primaryimage\"},\"thumbnailUrl\":\"https:\/\/www.icog.es\/asturias\/wp-content\/uploads\/2013\/06\/hunosa2013.jpg\",\"datePublished\":\"2013-04-28T10:38:20+00:00\",\"dateModified\":\"2013-06-15T10:47:04+00:00\",\"author\":{\"@id\":\"https:\/\/www.icog.es\/asturias\/#\/schema\/person\/6add4689ddf6c8480578fdf130bad136\"},\"description\":\"Acuerdo para ofrecer a nuestros colegiados y compa\u00f1eros un plan de formaci\u00f3n con la colaboraci\u00f3n de Sadim Ingenier\u00eda.\",\"inLanguage\":\"es\",\"potentialAction\":[{\"@type\":\"ReadAction\",\"target\":[\"https:\/\/www.icog.es\/asturias\/2013\/04\/acuerdo-con-sadim-para-la-realizacion-de-actividades-formativas\/\"]}]},{\"@type\":\"ImageObject\",\"inLanguage\":\"es\",\"@id\":\"https:\/\/www.icog.es\/asturias\/2013\/04\/acuerdo-con-sadim-para-la-realizacion-de-actividades-formativas\/#primaryimage\",\"url\":\"https:\/\/www.icog.es\/asturias\/wp-content\/uploads\/2013\/06\/hunosa2013.jpg\",\"contentUrl\":\"https:\/\/www.icog.es\/asturias\/wp-content\/uploads\/2013\/06\/hunosa2013.jpg\",\"width\":4764,\"height\":2851},{\"@type\":\"WebSite\",\"@id\":\"https:\/\/www.icog.es\/asturias\/#website\",\"url\":\"https:\/\/www.icog.es\/asturias\/\",\"name\":\"Colegio de Ge\u00f3logos de Asturias\",\"description\":\"\",\"potentialAction\":[{\"@type\":\"SearchAction\",\"target\":{\"@type\":\"EntryPoint\",\"urlTemplate\":\"https:\/\/www.icog.es\/asturias\/?s={search_term_string}\"},\"query-input\":{\"@type\":\"PropertyValueSpecification\",\"valueRequired\":true,\"valueName\":\"search_term_string\"}}],\"inLanguage\":\"es\"},{\"@type\":\"Person\",\"@id\":\"https:\/\/www.icog.es\/asturias\/#\/schema\/person\/6add4689ddf6c8480578fdf130bad136\",\"name\":\"adminastur\",\"image\":{\"@type\":\"ImageObject\",\"inLanguage\":\"es\",\"@id\":\"https:\/\/www.icog.es\/asturias\/#\/schema\/person\/image\/\",\"url\":\"https:\/\/secure.gravatar.com\/avatar\/b704f52acdb4b4ba100bb14784b58ce9f7d6a3e54d097f7a3d0d7f221df240c8?s=96&d=mm&r=g\",\"contentUrl\":\"https:\/\/secure.gravatar.com\/avatar\/b704f52acdb4b4ba100bb14784b58ce9f7d6a3e54d097f7a3d0d7f221df240c8?s=96&d=mm&r=g\",\"caption\":\"adminastur\"},\"url\":\"https:\/\/www.icog.es\/asturias\/author\/adminastur\/\"}]}<\/script>\r\n<!-- \/ Yoast SEO plugin. -->","yoast_head_json":{"title":"Acuerdo con Sadim para la realizaci\u00f3n de actividades formativas","description":"Acuerdo para ofrecer a nuestros colegiados y compa\u00f1eros un plan de formaci\u00f3n con la colaboraci\u00f3n de Sadim Ingenier\u00eda.","robots":{"index":"index","follow":"follow","max-snippet":"max-snippet:-1","max-image-preview":"max-image-preview:large","max-video-preview":"max-video-preview:-1"},"canonical":"https:\/\/www.icog.es\/asturias\/2013\/04\/acuerdo-con-sadim-para-la-realizacion-de-actividades-formativas\/","og_locale":"es_ES","og_type":"article","og_title":"Acuerdo con Sadim para la realizaci\u00f3n de actividades formativas","og_description":"Acuerdo para ofrecer a nuestros colegiados y compa\u00f1eros un plan de formaci\u00f3n con la colaboraci\u00f3n de Sadim Ingenier\u00eda.","og_url":"https:\/\/www.icog.es\/asturias\/2013\/04\/acuerdo-con-sadim-para-la-realizacion-de-actividades-formativas\/","og_site_name":"Colegio de Ge\u00f3logos de Asturias","article_publisher":"https:\/\/www.facebook.com\/CGEOLOGOS\/","article_published_time":"2013-04-28T10:38:20+00:00","article_modified_time":"2013-06-15T10:47:04+00:00","og_image":[{"width":4764,"height":2851,"url":"https:\/\/www.icog.es\/asturias\/wp-content\/uploads\/2013\/06\/hunosa2013.jpg","type":"image\/jpeg"}],"author":"adminastur","twitter_card":"summary_large_image","twitter_creator":"@cgeologos","twitter_site":"@cgeologos","twitter_misc":{"Escrito por":"adminastur","Tiempo de lectura":"1 minuto"},"schema":{"@context":"https:\/\/schema.org","@graph":[{"@type":"WebPage","@id":"https:\/\/www.icog.es\/asturias\/2013\/04\/acuerdo-con-sadim-para-la-realizacion-de-actividades-formativas\/","url":"https:\/\/www.icog.es\/asturias\/2013\/04\/acuerdo-con-sadim-para-la-realizacion-de-actividades-formativas\/","name":"Acuerdo con Sadim para la realizaci\u00f3n de actividades formativas","isPartOf":{"@id":"https:\/\/www.icog.es\/asturias\/#website"},"primaryImageOfPage":{"@id":"https:\/\/www.icog.es\/asturias\/2013\/04\/acuerdo-con-sadim-para-la-realizacion-de-actividades-formativas\/#primaryimage"},"image":{"@id":"https:\/\/www.icog.es\/asturias\/2013\/04\/acuerdo-con-sadim-para-la-realizacion-de-actividades-formativas\/#primaryimage"},"thumbnailUrl":"https:\/\/www.icog.es\/asturias\/wp-content\/uploads\/2013\/06\/hunosa2013.jpg","datePublished":"2013-04-28T10:38:20+00:00","dateModified":"2013-06-15T10:47:04+00:00","author":{"@id":"https:\/\/www.icog.es\/asturias\/#\/schema\/person\/6add4689ddf6c8480578fdf130bad136"},"description":"Acuerdo para ofrecer a nuestros colegiados y compa\u00f1eros un plan de formaci\u00f3n con la colaboraci\u00f3n de Sadim Ingenier\u00eda.","inLanguage":"es","potentialAction":[{"@type":"ReadAction","target":["https:\/\/www.icog.es\/asturias\/2013\/04\/acuerdo-con-sadim-para-la-realizacion-de-actividades-formativas\/"]}]},{"@type":"ImageObject","inLanguage":"es","@id":"https:\/\/www.icog.es\/asturias\/2013\/04\/acuerdo-con-sadim-para-la-realizacion-de-actividades-formativas\/#primaryimage","url":"https:\/\/www.icog.es\/asturias\/wp-content\/uploads\/2013\/06\/hunosa2013.jpg","contentUrl":"https:\/\/www.icog.es\/asturias\/wp-content\/uploads\/2013\/06\/hunosa2013.jpg","width":4764,"height":2851},{"@type":"WebSite","@id":"https:\/\/www.icog.es\/asturias\/#website","url":"https:\/\/www.icog.es\/asturias\/","name":"Colegio de Ge\u00f3logos de Asturias","description":"","potentialAction":[{"@type":"SearchAction","target":{"@type":"EntryPoint","urlTemplate":"https:\/\/www.icog.es\/asturias\/?s={search_term_string}"},"query-input":{"@type":"PropertyValueSpecification","valueRequired":true,"valueName":"search_term_string"}}],"inLanguage":"es"},{"@type":"Person","@id":"https:\/\/www.icog.es\/asturias\/#\/schema\/person\/6add4689ddf6c8480578fdf130bad136","name":"adminastur","image":{"@type":"ImageObject","inLanguage":"es","@id":"https:\/\/www.icog.es\/asturias\/#\/schema\/person\/image\/","url":"https:\/\/secure.gravatar.com\/avatar\/b704f52acdb4b4ba100bb14784b58ce9f7d6a3e54d097f7a3d0d7f221df240c8?s=96&d=mm&r=g","contentUrl":"https:\/\/secure.gravatar.com\/avatar\/b704f52acdb4b4ba100bb14784b58ce9f7d6a3e54d097f7a3d0d7f221df240c8?s=96&d=mm&r=g","caption":"adminastur"},"url":"https:\/\/www.icog.es\/asturias\/author\/adminastur\/"}]}},"amp_enabled":true,"_links":{"self":[{"href":"https:\/\/www.icog.es\/asturias\/wp-json\/wp\/v2\/posts\/53","targetHints":{"allow":["GET"]}}],"collection":[{"href":"https:\/\/www.icog.es\/asturias\/wp-json\/wp\/v2\/posts"}],"about":[{"href":"https:\/\/www.icog.es\/asturias\/wp-json\/wp\/v2\/types\/post"}],"author":[{"embeddable":true,"href":"https:\/\/www.icog.es\/asturias\/wp-json\/wp\/v2\/users\/1"}],"replies":[{"embeddable":true,"href":"https:\/\/www.icog.es\/asturias\/wp-json\/wp\/v2\/comments?post=53"}],"version-history":[{"count":2,"href":"https:\/\/www.icog.es\/asturias\/wp-json\/wp\/v2\/posts\/53\/revisions"}],"predecessor-version":[{"id":56,"href":"https:\/\/www.icog.es\/asturias\/wp-json\/wp\/v2\/posts\/53\/revisions\/56"}],"wp:featuredmedia":[{"embeddable":true,"href":"https:\/\/www.icog.es\/asturias\/wp-json\/wp\/v2\/media\/54"}],"wp:attachment":[{"href":"https:\/\/www.icog.es\/asturias\/wp-json\/wp\/v2\/media?parent=53"}],"wp:term":[{"taxonomy":"category","embeddable":true,"href":"https:\/\/www.icog.es\/asturias\/wp-json\/wp\/v2\/categories?post=53"},{"taxonomy":"post_tag","embeddable":true,"href":"https:\/\/www.icog.es\/asturias\/wp-json\/wp\/v2\/tags?post=53"}],"curies":[{"name":"wp","href":"https:\/\/api.w.org\/{rel}","templated":true}]}}