{"id":5,"date":"2013-06-14T13:40:27","date_gmt":"2013-06-14T13:40:27","guid":{"rendered":"http:\/\/www.icog.es\/asturias\/?p=5"},"modified":"2013-06-14T13:40:27","modified_gmt":"2013-06-14T13:40:27","slug":"cambio-de-horario-en-la-delegacion","status":"publish","type":"post","link":"https:\/\/www.icog.es\/asturias\/2013\/06\/cambio-de-horario-en-la-delegacion\/","title":{"rendered":"Cambio de horario en la delegaci\u00f3n"},"content":{"rendered":"<p style=\"text-align: justify;\"><a href=\"http:\/\/www.icog.es\/asturias\/wp-content\/uploads\/2013\/06\/photodune-1257006-world-time-m.jpg\"><img loading=\"lazy\" decoding=\"async\" class=\"size-medium wp-image-6 alignleft\" alt=\"Nuevo horario\" src=\"http:\/\/www.icog.es\/asturias\/wp-content\/uploads\/2013\/06\/photodune-1257006-world-time-m-300x195.jpg\" width=\"300\" height=\"195\" srcset=\"https:\/\/www.icog.es\/asturias\/wp-content\/uploads\/2013\/06\/photodune-1257006-world-time-m-300x195.jpg 300w, https:\/\/www.icog.es\/asturias\/wp-content\/uploads\/2013\/06\/photodune-1257006-world-time-m-1024x666.jpg 1024w, https:\/\/www.icog.es\/asturias\/wp-content\/uploads\/2013\/06\/photodune-1257006-world-time-m-720x468.jpg 720w, https:\/\/www.icog.es\/asturias\/wp-content\/uploads\/2013\/06\/photodune-1257006-world-time-m.jpg 1753w\" sizes=\"auto, (max-width: 300px) 100vw, 300px\" \/><\/a>Atendiendo a lo aprobado en la \u00faltima Asamblea de esta Delegaci\u00f3n asturiana, cuyo acuerdo ha sido ratificado por la Asamblea General de Madrid, hemos procedido a solicitar una reducci\u00f3n de jornada a nuestra empleada Almudena Jim\u00e9nez.<\/p>\n<p style=\"text-align: justify;\">El descenso en el n\u00famero de visados y el estado econ\u00f3mico de la Delegaci\u00f3n, y tambi\u00e9n del I.C.O.G. en general, nos ha obligado a tomar esta decisi\u00f3n que, si bien es al menos temporal, no dispone de fecha o periodo concreto de aplicaci\u00f3n.<\/p>\n<p style=\"text-align: justify;\">Por lo tanto, a partir de ahora, y hasta nuevo aviso, las oficinas de la Delegaci\u00f3n estar\u00e1n abiertas solamente en horario de ma\u00f1ana durante 4 horas.<\/p>\n<p style=\"text-align: justify;\">No obstante, si se precisa hacer alguna gesti\u00f3n urgente, realizar alg\u00fan acto o alg\u00fan colegiado precisa de las instalaciones en otra franja horaria rogamos nos lo comunique con antelaci\u00f3n suficiente para poder atender su demanda.<\/p>\n<p style=\"text-align: center;\"><strong>De lunes a viernes la apertura de la oficina ser\u00e1 en el horario:<\/strong><\/p>\n<p style=\"text-align: center;\"><strong>&#8211; Ma\u00f1anas de 9,00 horas a 13,00 horas<\/strong><\/p>\n<p style=\"text-align: center;\"><strong>&#8211; Tardes cerrado<\/strong><\/p>\n<p>&nbsp;<\/p>\n<p>&nbsp;<\/p>\n","protected":false},"excerpt":{"rendered":"<p>Atendiendo a lo aprobado en la \u00faltima Asamblea de esta Delegaci\u00f3n asturiana, cuyo acuerdo ha sido ratificado por la Asamblea General de Madrid, hemos procedido a solicitar una reducci\u00f3n de jornada a nuestra empleada Almudena Jim\u00e9nez. El descenso en el &hellip; <a href=\"https:\/\/www.icog.es\/asturias\/2013\/06\/cambio-de-horario-en-la-delegacion\/\">Sigue leyendo <span class=\"meta-nav\">&rarr;<\/span><\/a><\/p>\n","protected":false},"author":1,"featured_media":6,"comment_status":"open","ping_status":"open","sticky":false,"template":"","format":"standard","meta":{"footnotes":""},"categories":[4],"tags":[5],"class_list":["post-5","post","type-post","status-publish","format-standard","has-post-thumbnail","hentry","category-delegacion","tag-delegacion-2"],"yoast_head":"<!-- This site is optimized with the Yoast SEO plugin v25.8 - https:\/\/yoast.com\/wordpress\/plugins\/seo\/ -->\r\n<title>Cambio de horario en la delegaci\u00f3n - Colegio de Ge\u00f3logos de Asturias<\/title>\r\n<meta name=\"description\" content=\"La delegaci\u00f3n del ICOG en Asturias cambia su horario, siendo en la actualidad de 9,00 a 13,00 horas.\" \/>\r\n<meta name=\"robots\" content=\"index, follow, max-snippet:-1, max-image-preview:large, max-video-preview:-1\" \/>\r\n<link rel=\"canonical\" href=\"https:\/\/www.icog.es\/asturias\/2013\/06\/cambio-de-horario-en-la-delegacion\/\" \/>\r\n<meta property=\"og:locale\" content=\"es_ES\" \/>\r\n<meta property=\"og:type\" content=\"article\" \/>\r\n<meta property=\"og:title\" content=\"Cambio de horario en la delegaci\u00f3n - Colegio de Ge\u00f3logos de Asturias\" \/>\r\n<meta property=\"og:description\" content=\"La delegaci\u00f3n del ICOG en Asturias cambia su horario, siendo en la actualidad de 9,00 a 13,00 horas.\" \/>\r\n<meta property=\"og:url\" content=\"https:\/\/www.icog.es\/asturias\/2013\/06\/cambio-de-horario-en-la-delegacion\/\" \/>\r\n<meta property=\"og:site_name\" content=\"Colegio de Ge\u00f3logos de Asturias\" \/>\r\n<meta property=\"article:publisher\" content=\"https:\/\/www.facebook.com\/CGEOLOGOS\/\" \/>\r\n<meta property=\"article:published_time\" content=\"2013-06-14T13:40:27+00:00\" \/>\r\n<meta property=\"og:image\" content=\"https:\/\/www.icog.es\/asturias\/wp-content\/uploads\/2013\/06\/photodune-1257006-world-time-m.jpg\" \/>\r\n\t<meta property=\"og:image:width\" content=\"1753\" \/>\r\n\t<meta property=\"og:image:height\" content=\"1141\" \/>\r\n\t<meta property=\"og:image:type\" content=\"image\/jpeg\" \/>\r\n<meta name=\"author\" content=\"adminastur\" \/>\r\n<meta name=\"twitter:card\" content=\"summary_large_image\" \/>\r\n<meta name=\"twitter:creator\" content=\"@cgeologos\" \/>\r\n<meta name=\"twitter:site\" content=\"@cgeologos\" \/>\r\n<meta name=\"twitter:label1\" content=\"Escrito por\" \/>\n\t<meta name=\"twitter:data1\" content=\"adminastur\" \/>\n\t<meta name=\"twitter:label2\" content=\"Tiempo de lectura\" \/>\n\t<meta name=\"twitter:data2\" content=\"1 minuto\" \/>\r\n<script type=\"application\/ld+json\" class=\"yoast-schema-graph\">{\"@context\":\"https:\/\/schema.org\",\"@graph\":[{\"@type\":\"WebPage\",\"@id\":\"https:\/\/www.icog.es\/asturias\/2013\/06\/cambio-de-horario-en-la-delegacion\/\",\"url\":\"https:\/\/www.icog.es\/asturias\/2013\/06\/cambio-de-horario-en-la-delegacion\/\",\"name\":\"Cambio de horario en la delegaci\u00f3n - Colegio de Ge\u00f3logos de Asturias\",\"isPartOf\":{\"@id\":\"https:\/\/www.icog.es\/asturias\/#website\"},\"primaryImageOfPage\":{\"@id\":\"https:\/\/www.icog.es\/asturias\/2013\/06\/cambio-de-horario-en-la-delegacion\/#primaryimage\"},\"image\":{\"@id\":\"https:\/\/www.icog.es\/asturias\/2013\/06\/cambio-de-horario-en-la-delegacion\/#primaryimage\"},\"thumbnailUrl\":\"https:\/\/www.icog.es\/asturias\/wp-content\/uploads\/2013\/06\/photodune-1257006-world-time-m.jpg\",\"datePublished\":\"2013-06-14T13:40:27+00:00\",\"author\":{\"@id\":\"https:\/\/www.icog.es\/asturias\/#\/schema\/person\/6add4689ddf6c8480578fdf130bad136\"},\"description\":\"La delegaci\u00f3n del ICOG en Asturias cambia su horario, siendo en la actualidad de 9,00 a 13,00 horas.\",\"inLanguage\":\"es\",\"potentialAction\":[{\"@type\":\"ReadAction\",\"target\":[\"https:\/\/www.icog.es\/asturias\/2013\/06\/cambio-de-horario-en-la-delegacion\/\"]}]},{\"@type\":\"ImageObject\",\"inLanguage\":\"es\",\"@id\":\"https:\/\/www.icog.es\/asturias\/2013\/06\/cambio-de-horario-en-la-delegacion\/#primaryimage\",\"url\":\"https:\/\/www.icog.es\/asturias\/wp-content\/uploads\/2013\/06\/photodune-1257006-world-time-m.jpg\",\"contentUrl\":\"https:\/\/www.icog.es\/asturias\/wp-content\/uploads\/2013\/06\/photodune-1257006-world-time-m.jpg\",\"width\":1753,\"height\":1141},{\"@type\":\"WebSite\",\"@id\":\"https:\/\/www.icog.es\/asturias\/#website\",\"url\":\"https:\/\/www.icog.es\/asturias\/\",\"name\":\"Colegio de Ge\u00f3logos de Asturias\",\"description\":\"\",\"potentialAction\":[{\"@type\":\"SearchAction\",\"target\":{\"@type\":\"EntryPoint\",\"urlTemplate\":\"https:\/\/www.icog.es\/asturias\/?s={search_term_string}\"},\"query-input\":{\"@type\":\"PropertyValueSpecification\",\"valueRequired\":true,\"valueName\":\"search_term_string\"}}],\"inLanguage\":\"es\"},{\"@type\":\"Person\",\"@id\":\"https:\/\/www.icog.es\/asturias\/#\/schema\/person\/6add4689ddf6c8480578fdf130bad136\",\"name\":\"adminastur\",\"image\":{\"@type\":\"ImageObject\",\"inLanguage\":\"es\",\"@id\":\"https:\/\/www.icog.es\/asturias\/#\/schema\/person\/image\/\",\"url\":\"https:\/\/secure.gravatar.com\/avatar\/b704f52acdb4b4ba100bb14784b58ce9f7d6a3e54d097f7a3d0d7f221df240c8?s=96&d=mm&r=g\",\"contentUrl\":\"https:\/\/secure.gravatar.com\/avatar\/b704f52acdb4b4ba100bb14784b58ce9f7d6a3e54d097f7a3d0d7f221df240c8?s=96&d=mm&r=g\",\"caption\":\"adminastur\"},\"url\":\"https:\/\/www.icog.es\/asturias\/author\/adminastur\/\"}]}<\/script>\r\n<!-- \/ Yoast SEO plugin. -->","yoast_head_json":{"title":"Cambio de horario en la delegaci\u00f3n - Colegio de Ge\u00f3logos de Asturias","description":"La delegaci\u00f3n del ICOG en Asturias cambia su horario, siendo en la actualidad de 9,00 a 13,00 horas.","robots":{"index":"index","follow":"follow","max-snippet":"max-snippet:-1","max-image-preview":"max-image-preview:large","max-video-preview":"max-video-preview:-1"},"canonical":"https:\/\/www.icog.es\/asturias\/2013\/06\/cambio-de-horario-en-la-delegacion\/","og_locale":"es_ES","og_type":"article","og_title":"Cambio de horario en la delegaci\u00f3n - Colegio de Ge\u00f3logos de Asturias","og_description":"La delegaci\u00f3n del ICOG en Asturias cambia su horario, siendo en la actualidad de 9,00 a 13,00 horas.","og_url":"https:\/\/www.icog.es\/asturias\/2013\/06\/cambio-de-horario-en-la-delegacion\/","og_site_name":"Colegio de Ge\u00f3logos de Asturias","article_publisher":"https:\/\/www.facebook.com\/CGEOLOGOS\/","article_published_time":"2013-06-14T13:40:27+00:00","og_image":[{"width":1753,"height":1141,"url":"https:\/\/www.icog.es\/asturias\/wp-content\/uploads\/2013\/06\/photodune-1257006-world-time-m.jpg","type":"image\/jpeg"}],"author":"adminastur","twitter_card":"summary_large_image","twitter_creator":"@cgeologos","twitter_site":"@cgeologos","twitter_misc":{"Escrito por":"adminastur","Tiempo de lectura":"1 minuto"},"schema":{"@context":"https:\/\/schema.org","@graph":[{"@type":"WebPage","@id":"https:\/\/www.icog.es\/asturias\/2013\/06\/cambio-de-horario-en-la-delegacion\/","url":"https:\/\/www.icog.es\/asturias\/2013\/06\/cambio-de-horario-en-la-delegacion\/","name":"Cambio de horario en la delegaci\u00f3n - Colegio de Ge\u00f3logos de Asturias","isPartOf":{"@id":"https:\/\/www.icog.es\/asturias\/#website"},"primaryImageOfPage":{"@id":"https:\/\/www.icog.es\/asturias\/2013\/06\/cambio-de-horario-en-la-delegacion\/#primaryimage"},"image":{"@id":"https:\/\/www.icog.es\/asturias\/2013\/06\/cambio-de-horario-en-la-delegacion\/#primaryimage"},"thumbnailUrl":"https:\/\/www.icog.es\/asturias\/wp-content\/uploads\/2013\/06\/photodune-1257006-world-time-m.jpg","datePublished":"2013-06-14T13:40:27+00:00","author":{"@id":"https:\/\/www.icog.es\/asturias\/#\/schema\/person\/6add4689ddf6c8480578fdf130bad136"},"description":"La delegaci\u00f3n del ICOG en Asturias cambia su horario, siendo en la actualidad de 9,00 a 13,00 horas.","inLanguage":"es","potentialAction":[{"@type":"ReadAction","target":["https:\/\/www.icog.es\/asturias\/2013\/06\/cambio-de-horario-en-la-delegacion\/"]}]},{"@type":"ImageObject","inLanguage":"es","@id":"https:\/\/www.icog.es\/asturias\/2013\/06\/cambio-de-horario-en-la-delegacion\/#primaryimage","url":"https:\/\/www.icog.es\/asturias\/wp-content\/uploads\/2013\/06\/photodune-1257006-world-time-m.jpg","contentUrl":"https:\/\/www.icog.es\/asturias\/wp-content\/uploads\/2013\/06\/photodune-1257006-world-time-m.jpg","width":1753,"height":1141},{"@type":"WebSite","@id":"https:\/\/www.icog.es\/asturias\/#website","url":"https:\/\/www.icog.es\/asturias\/","name":"Colegio de Ge\u00f3logos de Asturias","description":"","potentialAction":[{"@type":"SearchAction","target":{"@type":"EntryPoint","urlTemplate":"https:\/\/www.icog.es\/asturias\/?s={search_term_string}"},"query-input":{"@type":"PropertyValueSpecification","valueRequired":true,"valueName":"search_term_string"}}],"inLanguage":"es"},{"@type":"Person","@id":"https:\/\/www.icog.es\/asturias\/#\/schema\/person\/6add4689ddf6c8480578fdf130bad136","name":"adminastur","image":{"@type":"ImageObject","inLanguage":"es","@id":"https:\/\/www.icog.es\/asturias\/#\/schema\/person\/image\/","url":"https:\/\/secure.gravatar.com\/avatar\/b704f52acdb4b4ba100bb14784b58ce9f7d6a3e54d097f7a3d0d7f221df240c8?s=96&d=mm&r=g","contentUrl":"https:\/\/secure.gravatar.com\/avatar\/b704f52acdb4b4ba100bb14784b58ce9f7d6a3e54d097f7a3d0d7f221df240c8?s=96&d=mm&r=g","caption":"adminastur"},"url":"https:\/\/www.icog.es\/asturias\/author\/adminastur\/"}]}},"amp_enabled":true,"_links":{"self":[{"href":"https:\/\/www.icog.es\/asturias\/wp-json\/wp\/v2\/posts\/5","targetHints":{"allow":["GET"]}}],"collection":[{"href":"https:\/\/www.icog.es\/asturias\/wp-json\/wp\/v2\/posts"}],"about":[{"href":"https:\/\/www.icog.es\/asturias\/wp-json\/wp\/v2\/types\/post"}],"author":[{"embeddable":true,"href":"https:\/\/www.icog.es\/asturias\/wp-json\/wp\/v2\/users\/1"}],"replies":[{"embeddable":true,"href":"https:\/\/www.icog.es\/asturias\/wp-json\/wp\/v2\/comments?post=5"}],"version-history":[{"count":2,"href":"https:\/\/www.icog.es\/asturias\/wp-json\/wp\/v2\/posts\/5\/revisions"}],"predecessor-version":[{"id":125,"href":"https:\/\/www.icog.es\/asturias\/wp-json\/wp\/v2\/posts\/5\/revisions\/125"}],"wp:featuredmedia":[{"embeddable":true,"href":"https:\/\/www.icog.es\/asturias\/wp-json\/wp\/v2\/media\/6"}],"wp:attachment":[{"href":"https:\/\/www.icog.es\/asturias\/wp-json\/wp\/v2\/media?parent=5"}],"wp:term":[{"taxonomy":"category","embeddable":true,"href":"https:\/\/www.icog.es\/asturias\/wp-json\/wp\/v2\/categories?post=5"},{"taxonomy":"post_tag","embeddable":true,"href":"https:\/\/www.icog.es\/asturias\/wp-json\/wp\/v2\/tags?post=5"}],"curies":[{"name":"wp","href":"https:\/\/api.w.org\/{rel}","templated":true}]}}