{"id":39,"date":"2013-05-18T15:07:33","date_gmt":"2013-05-18T15:07:33","guid":{"rendered":"http:\/\/www.icog.es\/asturias\/?p=39"},"modified":"2013-06-14T15:11:58","modified_gmt":"2013-06-14T15:11:58","slug":"reduccion-de-la-cuota-semestral-en-casos-especiales","status":"publish","type":"post","link":"https:\/\/www.icog.es\/asturias\/2013\/05\/reduccion-de-la-cuota-semestral-en-casos-especiales\/","title":{"rendered":"Reducci\u00f3n de la cuota semestral en casos especiales"},"content":{"rendered":"<p style=\"text-align: justify;\"><a href=\"http:\/\/www.icog.es\/asturias\/wp-content\/uploads\/2013\/06\/photodune-4062627-hands-on-white-clouds-s.jpg\"><img loading=\"lazy\" decoding=\"async\" class=\"size-medium wp-image-40 alignleft\" alt=\"colaborar\" src=\"http:\/\/www.icog.es\/asturias\/wp-content\/uploads\/2013\/06\/photodune-4062627-hands-on-white-clouds-s-300x220.jpg\" width=\"300\" height=\"220\" srcset=\"https:\/\/www.icog.es\/asturias\/wp-content\/uploads\/2013\/06\/photodune-4062627-hands-on-white-clouds-s-300x220.jpg 300w, https:\/\/www.icog.es\/asturias\/wp-content\/uploads\/2013\/06\/photodune-4062627-hands-on-white-clouds-s-720x530.jpg 720w, https:\/\/www.icog.es\/asturias\/wp-content\/uploads\/2013\/06\/photodune-4062627-hands-on-white-clouds-s.jpg 903w\" sizes=\"auto, (max-width: 300px) 100vw, 300px\" \/><\/a>La Junta de Gobierno del ICOG en su reuni\u00f3n del pasado 13 de mayo acord\u00f3 que:<\/p>\n<ul style=\"text-align: justify;\">\n<li>Los parados de larga duraci\u00f3n, es decir los que no reciban ning\u00fan tipo de prestaci\u00f3n y lleven m\u00e1s de 2 a\u00f1os en paro, se les cobrar\u00e1 una cuota semestral del 10% de la cuota normal.<\/li>\n<li>Los colegiados en situaci\u00f3n de invalidez permanente total e incapacidad permanente absoluta se les cobrar\u00e1 solo el 50% de la cuota (presentando certificado acreditativo de la Seguridad Social).<\/li>\n<\/ul>\n<p style=\"text-align: justify;\">En el primer caso se emitir\u00e1 la cuota por el importe del 50% de la cuota normal y posteriormente se ingresar\u00e1 en la cuenta del colegiado la diferencia.<\/p>\n<p style=\"text-align: justify;\">Aquellos colegiados que se encuentren en alguna de estas situaciones especiales deber\u00e1n hacer llegar la documentaci\u00f3n acreditativa de su situaci\u00f3n por correo electr\u00f3nico a <span style=\"color: #0000ff;\"><a href=\"mailto:icog@icog.es\"><span style=\"color: #0000ff;\">icog@icog.es<\/span><\/a><\/span><\/p>\n","protected":false},"excerpt":{"rendered":"<p>La Junta de Gobierno del ICOG en su reuni\u00f3n del pasado 13 de mayo acord\u00f3 que: Los parados de larga duraci\u00f3n, es decir los que no reciban ning\u00fan tipo de prestaci\u00f3n y lleven m\u00e1s de 2 a\u00f1os en paro, se &hellip; <a href=\"https:\/\/www.icog.es\/asturias\/2013\/05\/reduccion-de-la-cuota-semestral-en-casos-especiales\/\">Sigue leyendo <span class=\"meta-nav\">&rarr;<\/span><\/a><\/p>\n","protected":false},"author":1,"featured_media":40,"comment_status":"open","ping_status":"open","sticky":false,"template":"","format":"standard","meta":{"footnotes":""},"categories":[12],"tags":[14,15,16,13],"class_list":["post-39","post","type-post","status-publish","format-standard","has-post-thumbnail","hentry","category-noticias-icog","tag-colegiado","tag-cuotas","tag-descuentos","tag-icog"],"yoast_head":"<!-- This site is optimized with the Yoast SEO plugin v25.8 - https:\/\/yoast.com\/wordpress\/plugins\/seo\/ -->\r\n<title>Reducci\u00f3n de la cuota semestral en casos especiales - ICOG Asturias<\/title>\r\n<meta name=\"description\" content=\"El Colegio Oficial de Ge\u00f3logos (ICOG) reduce en un 90% su cuota en casos especiales.\" \/>\r\n<meta name=\"robots\" content=\"index, follow, max-snippet:-1, max-image-preview:large, max-video-preview:-1\" \/>\r\n<link rel=\"canonical\" href=\"https:\/\/www.icog.es\/asturias\/2013\/05\/reduccion-de-la-cuota-semestral-en-casos-especiales\/\" \/>\r\n<meta property=\"og:locale\" content=\"es_ES\" \/>\r\n<meta property=\"og:type\" content=\"article\" \/>\r\n<meta property=\"og:title\" content=\"Reducci\u00f3n de la cuota semestral en casos especiales - ICOG Asturias\" \/>\r\n<meta property=\"og:description\" content=\"El Colegio Oficial de Ge\u00f3logos (ICOG) reduce en un 90% su cuota en casos especiales.\" \/>\r\n<meta property=\"og:url\" content=\"https:\/\/www.icog.es\/asturias\/2013\/05\/reduccion-de-la-cuota-semestral-en-casos-especiales\/\" \/>\r\n<meta property=\"og:site_name\" content=\"Colegio de Ge\u00f3logos de Asturias\" \/>\r\n<meta property=\"article:publisher\" content=\"https:\/\/www.facebook.com\/CGEOLOGOS\/\" \/>\r\n<meta property=\"article:published_time\" content=\"2013-05-18T15:07:33+00:00\" \/>\r\n<meta property=\"article:modified_time\" content=\"2013-06-14T15:11:58+00:00\" \/>\r\n<meta property=\"og:image\" content=\"https:\/\/www.icog.es\/asturias\/wp-content\/uploads\/2013\/06\/photodune-4062627-hands-on-white-clouds-s.jpg\" \/>\r\n\t<meta property=\"og:image:width\" content=\"903\" \/>\r\n\t<meta property=\"og:image:height\" content=\"665\" \/>\r\n\t<meta property=\"og:image:type\" content=\"image\/jpeg\" \/>\r\n<meta name=\"author\" content=\"adminastur\" \/>\r\n<meta name=\"twitter:card\" content=\"summary_large_image\" \/>\r\n<meta name=\"twitter:creator\" content=\"@cgeologos\" \/>\r\n<meta name=\"twitter:site\" content=\"@cgeologos\" \/>\r\n<meta name=\"twitter:label1\" content=\"Escrito por\" \/>\n\t<meta name=\"twitter:data1\" content=\"adminastur\" \/>\n\t<meta name=\"twitter:label2\" content=\"Tiempo de lectura\" \/>\n\t<meta name=\"twitter:data2\" content=\"1 minuto\" \/>\r\n<script type=\"application\/ld+json\" class=\"yoast-schema-graph\">{\"@context\":\"https:\/\/schema.org\",\"@graph\":[{\"@type\":\"WebPage\",\"@id\":\"https:\/\/www.icog.es\/asturias\/2013\/05\/reduccion-de-la-cuota-semestral-en-casos-especiales\/\",\"url\":\"https:\/\/www.icog.es\/asturias\/2013\/05\/reduccion-de-la-cuota-semestral-en-casos-especiales\/\",\"name\":\"Reducci\u00f3n de la cuota semestral en casos especiales - ICOG Asturias\",\"isPartOf\":{\"@id\":\"https:\/\/www.icog.es\/asturias\/#website\"},\"primaryImageOfPage\":{\"@id\":\"https:\/\/www.icog.es\/asturias\/2013\/05\/reduccion-de-la-cuota-semestral-en-casos-especiales\/#primaryimage\"},\"image\":{\"@id\":\"https:\/\/www.icog.es\/asturias\/2013\/05\/reduccion-de-la-cuota-semestral-en-casos-especiales\/#primaryimage\"},\"thumbnailUrl\":\"https:\/\/www.icog.es\/asturias\/wp-content\/uploads\/2013\/06\/photodune-4062627-hands-on-white-clouds-s.jpg\",\"datePublished\":\"2013-05-18T15:07:33+00:00\",\"dateModified\":\"2013-06-14T15:11:58+00:00\",\"author\":{\"@id\":\"https:\/\/www.icog.es\/asturias\/#\/schema\/person\/6add4689ddf6c8480578fdf130bad136\"},\"description\":\"El Colegio Oficial de Ge\u00f3logos (ICOG) reduce en un 90% su cuota en casos especiales.\",\"inLanguage\":\"es\",\"potentialAction\":[{\"@type\":\"ReadAction\",\"target\":[\"https:\/\/www.icog.es\/asturias\/2013\/05\/reduccion-de-la-cuota-semestral-en-casos-especiales\/\"]}]},{\"@type\":\"ImageObject\",\"inLanguage\":\"es\",\"@id\":\"https:\/\/www.icog.es\/asturias\/2013\/05\/reduccion-de-la-cuota-semestral-en-casos-especiales\/#primaryimage\",\"url\":\"https:\/\/www.icog.es\/asturias\/wp-content\/uploads\/2013\/06\/photodune-4062627-hands-on-white-clouds-s.jpg\",\"contentUrl\":\"https:\/\/www.icog.es\/asturias\/wp-content\/uploads\/2013\/06\/photodune-4062627-hands-on-white-clouds-s.jpg\",\"width\":903,\"height\":665},{\"@type\":\"WebSite\",\"@id\":\"https:\/\/www.icog.es\/asturias\/#website\",\"url\":\"https:\/\/www.icog.es\/asturias\/\",\"name\":\"Colegio de Ge\u00f3logos de Asturias\",\"description\":\"\",\"potentialAction\":[{\"@type\":\"SearchAction\",\"target\":{\"@type\":\"EntryPoint\",\"urlTemplate\":\"https:\/\/www.icog.es\/asturias\/?s={search_term_string}\"},\"query-input\":{\"@type\":\"PropertyValueSpecification\",\"valueRequired\":true,\"valueName\":\"search_term_string\"}}],\"inLanguage\":\"es\"},{\"@type\":\"Person\",\"@id\":\"https:\/\/www.icog.es\/asturias\/#\/schema\/person\/6add4689ddf6c8480578fdf130bad136\",\"name\":\"adminastur\",\"image\":{\"@type\":\"ImageObject\",\"inLanguage\":\"es\",\"@id\":\"https:\/\/www.icog.es\/asturias\/#\/schema\/person\/image\/\",\"url\":\"https:\/\/secure.gravatar.com\/avatar\/b704f52acdb4b4ba100bb14784b58ce9f7d6a3e54d097f7a3d0d7f221df240c8?s=96&d=mm&r=g\",\"contentUrl\":\"https:\/\/secure.gravatar.com\/avatar\/b704f52acdb4b4ba100bb14784b58ce9f7d6a3e54d097f7a3d0d7f221df240c8?s=96&d=mm&r=g\",\"caption\":\"adminastur\"},\"url\":\"https:\/\/www.icog.es\/asturias\/author\/adminastur\/\"}]}<\/script>\r\n<!-- \/ Yoast SEO plugin. -->","yoast_head_json":{"title":"Reducci\u00f3n de la cuota semestral en casos especiales - ICOG Asturias","description":"El Colegio Oficial de Ge\u00f3logos (ICOG) reduce en un 90% su cuota en casos especiales.","robots":{"index":"index","follow":"follow","max-snippet":"max-snippet:-1","max-image-preview":"max-image-preview:large","max-video-preview":"max-video-preview:-1"},"canonical":"https:\/\/www.icog.es\/asturias\/2013\/05\/reduccion-de-la-cuota-semestral-en-casos-especiales\/","og_locale":"es_ES","og_type":"article","og_title":"Reducci\u00f3n de la cuota semestral en casos especiales - ICOG Asturias","og_description":"El Colegio Oficial de Ge\u00f3logos (ICOG) reduce en un 90% su cuota en casos especiales.","og_url":"https:\/\/www.icog.es\/asturias\/2013\/05\/reduccion-de-la-cuota-semestral-en-casos-especiales\/","og_site_name":"Colegio de Ge\u00f3logos de Asturias","article_publisher":"https:\/\/www.facebook.com\/CGEOLOGOS\/","article_published_time":"2013-05-18T15:07:33+00:00","article_modified_time":"2013-06-14T15:11:58+00:00","og_image":[{"width":903,"height":665,"url":"https:\/\/www.icog.es\/asturias\/wp-content\/uploads\/2013\/06\/photodune-4062627-hands-on-white-clouds-s.jpg","type":"image\/jpeg"}],"author":"adminastur","twitter_card":"summary_large_image","twitter_creator":"@cgeologos","twitter_site":"@cgeologos","twitter_misc":{"Escrito por":"adminastur","Tiempo de lectura":"1 minuto"},"schema":{"@context":"https:\/\/schema.org","@graph":[{"@type":"WebPage","@id":"https:\/\/www.icog.es\/asturias\/2013\/05\/reduccion-de-la-cuota-semestral-en-casos-especiales\/","url":"https:\/\/www.icog.es\/asturias\/2013\/05\/reduccion-de-la-cuota-semestral-en-casos-especiales\/","name":"Reducci\u00f3n de la cuota semestral en casos especiales - ICOG Asturias","isPartOf":{"@id":"https:\/\/www.icog.es\/asturias\/#website"},"primaryImageOfPage":{"@id":"https:\/\/www.icog.es\/asturias\/2013\/05\/reduccion-de-la-cuota-semestral-en-casos-especiales\/#primaryimage"},"image":{"@id":"https:\/\/www.icog.es\/asturias\/2013\/05\/reduccion-de-la-cuota-semestral-en-casos-especiales\/#primaryimage"},"thumbnailUrl":"https:\/\/www.icog.es\/asturias\/wp-content\/uploads\/2013\/06\/photodune-4062627-hands-on-white-clouds-s.jpg","datePublished":"2013-05-18T15:07:33+00:00","dateModified":"2013-06-14T15:11:58+00:00","author":{"@id":"https:\/\/www.icog.es\/asturias\/#\/schema\/person\/6add4689ddf6c8480578fdf130bad136"},"description":"El Colegio Oficial de Ge\u00f3logos (ICOG) reduce en un 90% su cuota en casos especiales.","inLanguage":"es","potentialAction":[{"@type":"ReadAction","target":["https:\/\/www.icog.es\/asturias\/2013\/05\/reduccion-de-la-cuota-semestral-en-casos-especiales\/"]}]},{"@type":"ImageObject","inLanguage":"es","@id":"https:\/\/www.icog.es\/asturias\/2013\/05\/reduccion-de-la-cuota-semestral-en-casos-especiales\/#primaryimage","url":"https:\/\/www.icog.es\/asturias\/wp-content\/uploads\/2013\/06\/photodune-4062627-hands-on-white-clouds-s.jpg","contentUrl":"https:\/\/www.icog.es\/asturias\/wp-content\/uploads\/2013\/06\/photodune-4062627-hands-on-white-clouds-s.jpg","width":903,"height":665},{"@type":"WebSite","@id":"https:\/\/www.icog.es\/asturias\/#website","url":"https:\/\/www.icog.es\/asturias\/","name":"Colegio de Ge\u00f3logos de Asturias","description":"","potentialAction":[{"@type":"SearchAction","target":{"@type":"EntryPoint","urlTemplate":"https:\/\/www.icog.es\/asturias\/?s={search_term_string}"},"query-input":{"@type":"PropertyValueSpecification","valueRequired":true,"valueName":"search_term_string"}}],"inLanguage":"es"},{"@type":"Person","@id":"https:\/\/www.icog.es\/asturias\/#\/schema\/person\/6add4689ddf6c8480578fdf130bad136","name":"adminastur","image":{"@type":"ImageObject","inLanguage":"es","@id":"https:\/\/www.icog.es\/asturias\/#\/schema\/person\/image\/","url":"https:\/\/secure.gravatar.com\/avatar\/b704f52acdb4b4ba100bb14784b58ce9f7d6a3e54d097f7a3d0d7f221df240c8?s=96&d=mm&r=g","contentUrl":"https:\/\/secure.gravatar.com\/avatar\/b704f52acdb4b4ba100bb14784b58ce9f7d6a3e54d097f7a3d0d7f221df240c8?s=96&d=mm&r=g","caption":"adminastur"},"url":"https:\/\/www.icog.es\/asturias\/author\/adminastur\/"}]}},"amp_enabled":true,"_links":{"self":[{"href":"https:\/\/www.icog.es\/asturias\/wp-json\/wp\/v2\/posts\/39","targetHints":{"allow":["GET"]}}],"collection":[{"href":"https:\/\/www.icog.es\/asturias\/wp-json\/wp\/v2\/posts"}],"about":[{"href":"https:\/\/www.icog.es\/asturias\/wp-json\/wp\/v2\/types\/post"}],"author":[{"embeddable":true,"href":"https:\/\/www.icog.es\/asturias\/wp-json\/wp\/v2\/users\/1"}],"replies":[{"embeddable":true,"href":"https:\/\/www.icog.es\/asturias\/wp-json\/wp\/v2\/comments?post=39"}],"version-history":[{"count":1,"href":"https:\/\/www.icog.es\/asturias\/wp-json\/wp\/v2\/posts\/39\/revisions"}],"predecessor-version":[{"id":41,"href":"https:\/\/www.icog.es\/asturias\/wp-json\/wp\/v2\/posts\/39\/revisions\/41"}],"wp:featuredmedia":[{"embeddable":true,"href":"https:\/\/www.icog.es\/asturias\/wp-json\/wp\/v2\/media\/40"}],"wp:attachment":[{"href":"https:\/\/www.icog.es\/asturias\/wp-json\/wp\/v2\/media?parent=39"}],"wp:term":[{"taxonomy":"category","embeddable":true,"href":"https:\/\/www.icog.es\/asturias\/wp-json\/wp\/v2\/categories?post=39"},{"taxonomy":"post_tag","embeddable":true,"href":"https:\/\/www.icog.es\/asturias\/wp-json\/wp\/v2\/tags?post=39"}],"curies":[{"name":"wp","href":"https:\/\/api.w.org\/{rel}","templated":true}]}}