{"id":3587,"date":"2023-02-15T13:27:33","date_gmt":"2023-02-15T12:27:33","guid":{"rendered":"https:\/\/www.icog.es\/asturias\/?p=3587"},"modified":"2023-02-15T13:28:49","modified_gmt":"2023-02-15T12:28:49","slug":"ofertas-de-empleo-4","status":"publish","type":"post","link":"https:\/\/www.icog.es\/asturias\/2023\/02\/ofertas-de-empleo-4\/","title":{"rendered":"<strong>OFERTAS DE EMPLEO<\/strong>"},"content":{"rendered":"\n<p><\/p>\n\n\n\n<p><\/p>\n\n\n\n<figure class=\"wp-block-image\"><img decoding=\"async\" src=\"https:\/\/st.adasistemas.com\/PortalesWeb\/Geologos\/WebCGeologos\/_Private\/Imagenes_Noticias\/21525_2023_2_13_54_28_965.jpg\" alt=\"\"\/><\/figure>\n\n\n\n<h3 class=\"wp-block-heading\"><a href=\"https:\/\/cgeologos.es\/noticia\/oferta-112023geologo-o-ingeniero-geologo-junior-y-senior\">OFERTA 11\/2023|Ge\u00f3logo o Ingeniero Ge\u00f3logo junior y senior<\/a><\/h3>\n\n\n\n<ul class=\"wp-block-list\">\n<li>13\/02\/2023<\/li>\n\n\n\n<li><em>en:<\/em>&nbsp;<a href=\"https:\/\/cgeologos.es\/noticia\/oferta-112023geologo-o-ingeniero-geologo-junior-y-senior#\">ACTUALIDAD<\/a><\/li>\n<\/ul>\n\n\n\n<p><strong>Empresa precisa 4 ge\u00f3logos\/as junior y senior para realizar trabajos de supervisi\u00f3n de campa\u00f1as geot\u00e9cnicas internacionales.<\/strong><\/p>\n\n\n\n<p><a href=\"https:\/\/cgeologos.es\/empleo\/472\">M\u00e1s informaci\u00f3n&nbsp;&nbsp;<\/a><\/p>\n\n\n\n<h1 class=\"wp-block-heading\">OFERTA 10\/2023|Ge\u00f3logo o Ingeniero Ge\u00f3logo para Coordinador de Seguridad y Salud en MADRID<\/h1>\n\n\n\n<figure class=\"wp-block-image\"><img decoding=\"async\" src=\"https:\/\/st.adasistemas.com\/PortalesWeb\/Geologos\/WebCGeologos\/_Private\/Imagenes_Noticias\/21524_2023_2_13_37_4_426.jpg\" alt=\"\"\/><\/figure>\n\n\n\n<h3 class=\"wp-block-heading\"><a href=\"https:\/\/cgeologos.es\/noticia\/oferta-102023geologo-o-ingeniero-geologo-para-coordinador-de-seguridad-y-salud-en-madrid\">OFERTA 10\/2023|Ge\u00f3logo o Ingeniero Ge\u00f3logo para Coordinador de Seguridad y Salud en MADRID<\/a><\/h3>\n\n\n\n<ul class=\"wp-block-list\">\n<li>13\/02\/2023<\/li>\n\n\n\n<li><em>en:<\/em>&nbsp;<a href=\"https:\/\/cgeologos.es\/noticia\/oferta-102023geologo-o-ingeniero-geologo-para-coordinador-de-seguridad-y-salud-en-madrid#\">ACTUALIDAD<\/a><\/li>\n<\/ul>\n\n\n\n<p>Empresa&nbsp;fundada por profesionales de reconocido prestigio y notable experiencia profesional en las diferentes disciplinas que integran la Prevenci\u00f3n de Riesgos Laborales.&nbsp;Presta servicios profesionales de Asistencia T\u00e9cnica y Jur\u00eddica en materia de Seguridad y Salud a nivel nacional precisa&nbsp;incorporar 1 coordinador de Seguridad y Salud para trabajar en distintas obras de la Comunidad de Madrid.<\/p>\n\n\n\n<p><a href=\"https:\/\/cgeologos.es\/empleo\/471\">M\u00e1s informaci\u00f3n<\/a><\/p>\n\n\n\n<h1 class=\"wp-block-heading\">OFERTA 9\/2023|Ge\u00f3logo \u00f3 Ingeniero Ge\u00f3logo para FOTOVOLTAICAS<\/h1>\n\n\n\n<figure class=\"wp-block-image\"><img decoding=\"async\" src=\"https:\/\/st.adasistemas.com\/PortalesWeb\/Geologos\/WebCGeologos\/_Private\/Imagenes_Noticias\/21523_2023_2_13_18_49_194.jpg\" alt=\"\"\/><\/figure>\n\n\n\n<h3 class=\"wp-block-heading\"><a href=\"https:\/\/cgeologos.es\/noticia\/oferta-92023geologo-o-ingeniero-geologo-para-fotovoltaicas-caceres\">OFERTA 9\/2023|Ge\u00f3logo \u00f3 Ingeniero Ge\u00f3logo para FOTOVOLTAICAS<\/a><\/h3>\n\n\n\n<ul class=\"wp-block-list\">\n<li>13\/02\/2023<\/li>\n\n\n\n<li><em>en:<\/em>&nbsp;<a href=\"https:\/\/cgeologos.es\/noticia\/oferta-92023geologo-o-ingeniero-geologo-para-fotovoltaicas-caceres#\">ACTUALIDAD<\/a><\/li>\n<\/ul>\n\n\n\n<p>Empresa&nbsp;fundada por profesionales de reconocido prestigio y notable experiencia profesional en las diferentes disciplinas que integran la Prevenci\u00f3n de Riesgos Laborales.&nbsp;Presta servicios profesionales de Asistencia T\u00e9cnica y Jur\u00eddica en materia de Seguridad y Salud a nivel nacional precisa&nbsp;incorporar 2&nbsp;Coordinadores de Seguridad y Salud para trabajar en distintas obras de Plantas Fotovoltaicas y Parque E\u00f3lico en C\u00e1ceres<\/p>\n\n\n\n<p><a href=\"https:\/\/cgeologos.es\/empleo\/470\"><\/a><\/p>\n\n\n\n<p><a href=\"https:\/\/cgeologos.es\/empleo\/470\">M\u00e1s informaci\u00f3n<\/a><\/p>\n\n\n\n<p><a href=\"https:\/\/cgeologos.es\/empleo\/469\"><\/a><\/p>\n\n\n\n<h1 class=\"wp-block-heading\">OFERTA 8\/2023|Ge\u00f3logo para Investigaci\u00f3n de suelos contaminados<\/h1>\n\n\n\n<figure class=\"wp-block-image\"><img decoding=\"async\" src=\"https:\/\/st.adasistemas.com\/PortalesWeb\/Geologos\/WebCGeologos\/_Private\/Imagenes_Noticias\/21515_2023_2_7_36_11_496.jpg\" alt=\"\"\/><\/figure>\n\n\n\n<h3 class=\"wp-block-heading\"><a href=\"https:\/\/cgeologos.es\/noticia\/oferta-82023geologo-para-investigacion-de-suelos-contaminados\">OFERTA 8\/2023|Ge\u00f3logo para Investigaci\u00f3n de suelos contaminados<\/a><\/h3>\n\n\n\n<ul class=\"wp-block-list\">\n<li>07\/02\/2023<\/li>\n\n\n\n<li><em>en:<\/em>&nbsp;<a href=\"https:\/\/cgeologos.es\/noticia\/oferta-82023geologo-para-investigacion-de-suelos-contaminados#\">ACTUALIDAD<\/a><\/li>\n<\/ul>\n\n\n\n<p>Empresa que se dedica a la Ingenier\u00eda medioambiental &#8211; suelos contaminados&nbsp;precisa Ge\u00f3logo\/a o Ingeniero Ge\u00f3logo\/a&nbsp;para&nbsp;para investigaci\u00f3n de suelos contaminados y control de procesos de descontaminaci\u00f3n.<\/p>\n\n\n\n<p><a href=\"https:\/\/cgeologos.es\/empleo\/469\">M\u00e1s informaci\u00f3n&nbsp;&nbsp;<\/a><\/p>\n\n\n\n<h1 class=\"wp-block-heading\">OFERTA 7\/2023|Ge\u00f3logo o Ingeniero Ge\u00f3logo<\/h1>\n\n\n\n<figure class=\"wp-block-image\"><img decoding=\"async\" src=\"https:\/\/st.adasistemas.com\/PortalesWeb\/Geologos\/WebCGeologos\/_Private\/Imagenes_Noticias\/21514_2023_2_6_7_52_506.jpg\" alt=\"\"\/><\/figure>\n\n\n\n<h3 class=\"wp-block-heading\"><a href=\"https:\/\/cgeologos.es\/noticia\/oferta-72023geologo-o-ingeniero-geologo\">OFERTA 7\/2023|Ge\u00f3logo o Ingeniero Ge\u00f3logo<\/a><\/h3>\n\n\n\n<ul class=\"wp-block-list\">\n<li>06\/02\/2023<\/li>\n\n\n\n<li><em>en:<\/em>&nbsp;<a href=\"https:\/\/cgeologos.es\/noticia\/oferta-72023geologo-o-ingeniero-geologo#\">ACTUALIDAD<\/a><\/li>\n<\/ul>\n\n\n\n<p>Empresa que se dedica al&nbsp;Control de calidad de obra y estructuras, y geotecnia&nbsp;precisa Ge\u00f3logo\/a o Ingeniero Ge\u00f3logo\/a de campo&nbsp;para obra de urbanizaci\u00f3n en la Comunidad de Madrid.<\/p>\n\n\n\n<p><a href=\"https:\/\/cgeologos.es\/empleo\/468\">M\u00e1s informaci\u00f3n&nbsp;<\/a><\/p>\n","protected":false},"excerpt":{"rendered":"<p>OFERTA 11\/2023|Ge\u00f3logo o Ingeniero Ge\u00f3logo junior y senior Empresa precisa 4 ge\u00f3logos\/as junior y senior para realizar trabajos de supervisi\u00f3n de campa\u00f1as geot\u00e9cnicas internacionales. M\u00e1s informaci\u00f3n&nbsp;&nbsp; OFERTA 10\/2023|Ge\u00f3logo o Ingeniero Ge\u00f3logo para Coordinador de Seguridad y Salud en MADRID OFERTA &hellip; <a href=\"https:\/\/www.icog.es\/asturias\/2023\/02\/ofertas-de-empleo-4\/\">Sigue leyendo <span class=\"meta-nav\">&rarr;<\/span><\/a><\/p>\n","protected":false},"author":1,"featured_media":0,"comment_status":"closed","ping_status":"closed","sticky":false,"template":"","format":"standard","meta":{"footnotes":""},"categories":[62,1],"tags":[],"class_list":["post-3587","post","type-post","status-publish","format-standard","hentry","category-empleo","category-sin-categoria"],"yoast_head":"<!-- This site is optimized with the Yoast SEO plugin v25.8 - https:\/\/yoast.com\/wordpress\/plugins\/seo\/ -->\r\n<title>OFERTAS DE EMPLEO - Colegio de Ge\u00f3logos de Asturias<\/title>\r\n<meta name=\"robots\" content=\"index, follow, max-snippet:-1, max-image-preview:large, max-video-preview:-1\" \/>\r\n<link rel=\"canonical\" href=\"https:\/\/www.icog.es\/asturias\/2023\/02\/ofertas-de-empleo-4\/\" \/>\r\n<meta property=\"og:locale\" content=\"es_ES\" \/>\r\n<meta property=\"og:type\" content=\"article\" \/>\r\n<meta property=\"og:title\" content=\"OFERTAS DE EMPLEO - Colegio de Ge\u00f3logos de Asturias\" \/>\r\n<meta property=\"og:description\" content=\"OFERTA 11\/2023|Ge\u00f3logo o Ingeniero Ge\u00f3logo junior y senior Empresa precisa 4 ge\u00f3logos\/as junior y senior para realizar trabajos de supervisi\u00f3n de campa\u00f1as geot\u00e9cnicas internacionales. M\u00e1s informaci\u00f3n&nbsp;&nbsp; OFERTA 10\/2023|Ge\u00f3logo o Ingeniero Ge\u00f3logo para Coordinador de Seguridad y Salud en MADRID OFERTA &hellip; Sigue leyendo &rarr;\" \/>\r\n<meta property=\"og:url\" content=\"https:\/\/www.icog.es\/asturias\/2023\/02\/ofertas-de-empleo-4\/\" \/>\r\n<meta property=\"og:site_name\" content=\"Colegio de Ge\u00f3logos de Asturias\" \/>\r\n<meta property=\"article:publisher\" content=\"https:\/\/www.facebook.com\/CGEOLOGOS\/\" \/>\r\n<meta property=\"article:published_time\" content=\"2023-02-15T12:27:33+00:00\" \/>\r\n<meta property=\"article:modified_time\" content=\"2023-02-15T12:28:49+00:00\" \/>\r\n<meta property=\"og:image\" content=\"https:\/\/st.adasistemas.com\/PortalesWeb\/Geologos\/WebCGeologos\/_Private\/Imagenes_Noticias\/21525_2023_2_13_54_28_965.jpg\" \/>\r\n<meta name=\"author\" content=\"adminastur\" \/>\r\n<meta name=\"twitter:card\" content=\"summary_large_image\" \/>\r\n<meta name=\"twitter:creator\" content=\"@cgeologos\" \/>\r\n<meta name=\"twitter:site\" content=\"@cgeologos\" \/>\r\n<meta name=\"twitter:label1\" content=\"Escrito por\" \/>\n\t<meta name=\"twitter:data1\" content=\"adminastur\" \/>\n\t<meta name=\"twitter:label2\" content=\"Tiempo de lectura\" \/>\n\t<meta name=\"twitter:data2\" content=\"3 minutos\" \/>\r\n<script type=\"application\/ld+json\" class=\"yoast-schema-graph\">{\"@context\":\"https:\/\/schema.org\",\"@graph\":[{\"@type\":\"WebPage\",\"@id\":\"https:\/\/www.icog.es\/asturias\/2023\/02\/ofertas-de-empleo-4\/\",\"url\":\"https:\/\/www.icog.es\/asturias\/2023\/02\/ofertas-de-empleo-4\/\",\"name\":\"OFERTAS DE EMPLEO - Colegio de Ge\u00f3logos de Asturias\",\"isPartOf\":{\"@id\":\"https:\/\/www.icog.es\/asturias\/#website\"},\"primaryImageOfPage\":{\"@id\":\"https:\/\/www.icog.es\/asturias\/2023\/02\/ofertas-de-empleo-4\/#primaryimage\"},\"image\":{\"@id\":\"https:\/\/www.icog.es\/asturias\/2023\/02\/ofertas-de-empleo-4\/#primaryimage\"},\"thumbnailUrl\":\"https:\/\/st.adasistemas.com\/PortalesWeb\/Geologos\/WebCGeologos\/_Private\/Imagenes_Noticias\/21525_2023_2_13_54_28_965.jpg\",\"datePublished\":\"2023-02-15T12:27:33+00:00\",\"dateModified\":\"2023-02-15T12:28:49+00:00\",\"author\":{\"@id\":\"https:\/\/www.icog.es\/asturias\/#\/schema\/person\/6add4689ddf6c8480578fdf130bad136\"},\"inLanguage\":\"es\",\"potentialAction\":[{\"@type\":\"ReadAction\",\"target\":[\"https:\/\/www.icog.es\/asturias\/2023\/02\/ofertas-de-empleo-4\/\"]}]},{\"@type\":\"ImageObject\",\"inLanguage\":\"es\",\"@id\":\"https:\/\/www.icog.es\/asturias\/2023\/02\/ofertas-de-empleo-4\/#primaryimage\",\"url\":\"https:\/\/st.adasistemas.com\/PortalesWeb\/Geologos\/WebCGeologos\/_Private\/Imagenes_Noticias\/21525_2023_2_13_54_28_965.jpg\",\"contentUrl\":\"https:\/\/st.adasistemas.com\/PortalesWeb\/Geologos\/WebCGeologos\/_Private\/Imagenes_Noticias\/21525_2023_2_13_54_28_965.jpg\"},{\"@type\":\"WebSite\",\"@id\":\"https:\/\/www.icog.es\/asturias\/#website\",\"url\":\"https:\/\/www.icog.es\/asturias\/\",\"name\":\"Colegio de Ge\u00f3logos de Asturias\",\"description\":\"\",\"potentialAction\":[{\"@type\":\"SearchAction\",\"target\":{\"@type\":\"EntryPoint\",\"urlTemplate\":\"https:\/\/www.icog.es\/asturias\/?s={search_term_string}\"},\"query-input\":{\"@type\":\"PropertyValueSpecification\",\"valueRequired\":true,\"valueName\":\"search_term_string\"}}],\"inLanguage\":\"es\"},{\"@type\":\"Person\",\"@id\":\"https:\/\/www.icog.es\/asturias\/#\/schema\/person\/6add4689ddf6c8480578fdf130bad136\",\"name\":\"adminastur\",\"image\":{\"@type\":\"ImageObject\",\"inLanguage\":\"es\",\"@id\":\"https:\/\/www.icog.es\/asturias\/#\/schema\/person\/image\/\",\"url\":\"https:\/\/secure.gravatar.com\/avatar\/b704f52acdb4b4ba100bb14784b58ce9f7d6a3e54d097f7a3d0d7f221df240c8?s=96&d=mm&r=g\",\"contentUrl\":\"https:\/\/secure.gravatar.com\/avatar\/b704f52acdb4b4ba100bb14784b58ce9f7d6a3e54d097f7a3d0d7f221df240c8?s=96&d=mm&r=g\",\"caption\":\"adminastur\"},\"url\":\"https:\/\/www.icog.es\/asturias\/author\/adminastur\/\"}]}<\/script>\r\n<!-- \/ Yoast SEO plugin. -->","yoast_head_json":{"title":"OFERTAS DE EMPLEO - Colegio de Ge\u00f3logos de Asturias","robots":{"index":"index","follow":"follow","max-snippet":"max-snippet:-1","max-image-preview":"max-image-preview:large","max-video-preview":"max-video-preview:-1"},"canonical":"https:\/\/www.icog.es\/asturias\/2023\/02\/ofertas-de-empleo-4\/","og_locale":"es_ES","og_type":"article","og_title":"OFERTAS DE EMPLEO - Colegio de Ge\u00f3logos de Asturias","og_description":"OFERTA 11\/2023|Ge\u00f3logo o Ingeniero Ge\u00f3logo junior y senior Empresa precisa 4 ge\u00f3logos\/as junior y senior para realizar trabajos de supervisi\u00f3n de campa\u00f1as geot\u00e9cnicas internacionales. M\u00e1s informaci\u00f3n&nbsp;&nbsp; OFERTA 10\/2023|Ge\u00f3logo o Ingeniero Ge\u00f3logo para Coordinador de Seguridad y Salud en MADRID OFERTA &hellip; Sigue leyendo &rarr;","og_url":"https:\/\/www.icog.es\/asturias\/2023\/02\/ofertas-de-empleo-4\/","og_site_name":"Colegio de Ge\u00f3logos de Asturias","article_publisher":"https:\/\/www.facebook.com\/CGEOLOGOS\/","article_published_time":"2023-02-15T12:27:33+00:00","article_modified_time":"2023-02-15T12:28:49+00:00","og_image":[{"url":"https:\/\/st.adasistemas.com\/PortalesWeb\/Geologos\/WebCGeologos\/_Private\/Imagenes_Noticias\/21525_2023_2_13_54_28_965.jpg","type":"","width":"","height":""}],"author":"adminastur","twitter_card":"summary_large_image","twitter_creator":"@cgeologos","twitter_site":"@cgeologos","twitter_misc":{"Escrito por":"adminastur","Tiempo de lectura":"3 minutos"},"schema":{"@context":"https:\/\/schema.org","@graph":[{"@type":"WebPage","@id":"https:\/\/www.icog.es\/asturias\/2023\/02\/ofertas-de-empleo-4\/","url":"https:\/\/www.icog.es\/asturias\/2023\/02\/ofertas-de-empleo-4\/","name":"OFERTAS DE EMPLEO - Colegio de Ge\u00f3logos de Asturias","isPartOf":{"@id":"https:\/\/www.icog.es\/asturias\/#website"},"primaryImageOfPage":{"@id":"https:\/\/www.icog.es\/asturias\/2023\/02\/ofertas-de-empleo-4\/#primaryimage"},"image":{"@id":"https:\/\/www.icog.es\/asturias\/2023\/02\/ofertas-de-empleo-4\/#primaryimage"},"thumbnailUrl":"https:\/\/st.adasistemas.com\/PortalesWeb\/Geologos\/WebCGeologos\/_Private\/Imagenes_Noticias\/21525_2023_2_13_54_28_965.jpg","datePublished":"2023-02-15T12:27:33+00:00","dateModified":"2023-02-15T12:28:49+00:00","author":{"@id":"https:\/\/www.icog.es\/asturias\/#\/schema\/person\/6add4689ddf6c8480578fdf130bad136"},"inLanguage":"es","potentialAction":[{"@type":"ReadAction","target":["https:\/\/www.icog.es\/asturias\/2023\/02\/ofertas-de-empleo-4\/"]}]},{"@type":"ImageObject","inLanguage":"es","@id":"https:\/\/www.icog.es\/asturias\/2023\/02\/ofertas-de-empleo-4\/#primaryimage","url":"https:\/\/st.adasistemas.com\/PortalesWeb\/Geologos\/WebCGeologos\/_Private\/Imagenes_Noticias\/21525_2023_2_13_54_28_965.jpg","contentUrl":"https:\/\/st.adasistemas.com\/PortalesWeb\/Geologos\/WebCGeologos\/_Private\/Imagenes_Noticias\/21525_2023_2_13_54_28_965.jpg"},{"@type":"WebSite","@id":"https:\/\/www.icog.es\/asturias\/#website","url":"https:\/\/www.icog.es\/asturias\/","name":"Colegio de Ge\u00f3logos de Asturias","description":"","potentialAction":[{"@type":"SearchAction","target":{"@type":"EntryPoint","urlTemplate":"https:\/\/www.icog.es\/asturias\/?s={search_term_string}"},"query-input":{"@type":"PropertyValueSpecification","valueRequired":true,"valueName":"search_term_string"}}],"inLanguage":"es"},{"@type":"Person","@id":"https:\/\/www.icog.es\/asturias\/#\/schema\/person\/6add4689ddf6c8480578fdf130bad136","name":"adminastur","image":{"@type":"ImageObject","inLanguage":"es","@id":"https:\/\/www.icog.es\/asturias\/#\/schema\/person\/image\/","url":"https:\/\/secure.gravatar.com\/avatar\/b704f52acdb4b4ba100bb14784b58ce9f7d6a3e54d097f7a3d0d7f221df240c8?s=96&d=mm&r=g","contentUrl":"https:\/\/secure.gravatar.com\/avatar\/b704f52acdb4b4ba100bb14784b58ce9f7d6a3e54d097f7a3d0d7f221df240c8?s=96&d=mm&r=g","caption":"adminastur"},"url":"https:\/\/www.icog.es\/asturias\/author\/adminastur\/"}]}},"amp_enabled":true,"_links":{"self":[{"href":"https:\/\/www.icog.es\/asturias\/wp-json\/wp\/v2\/posts\/3587","targetHints":{"allow":["GET"]}}],"collection":[{"href":"https:\/\/www.icog.es\/asturias\/wp-json\/wp\/v2\/posts"}],"about":[{"href":"https:\/\/www.icog.es\/asturias\/wp-json\/wp\/v2\/types\/post"}],"author":[{"embeddable":true,"href":"https:\/\/www.icog.es\/asturias\/wp-json\/wp\/v2\/users\/1"}],"replies":[{"embeddable":true,"href":"https:\/\/www.icog.es\/asturias\/wp-json\/wp\/v2\/comments?post=3587"}],"version-history":[{"count":2,"href":"https:\/\/www.icog.es\/asturias\/wp-json\/wp\/v2\/posts\/3587\/revisions"}],"predecessor-version":[{"id":3589,"href":"https:\/\/www.icog.es\/asturias\/wp-json\/wp\/v2\/posts\/3587\/revisions\/3589"}],"wp:attachment":[{"href":"https:\/\/www.icog.es\/asturias\/wp-json\/wp\/v2\/media?parent=3587"}],"wp:term":[{"taxonomy":"category","embeddable":true,"href":"https:\/\/www.icog.es\/asturias\/wp-json\/wp\/v2\/categories?post=3587"},{"taxonomy":"post_tag","embeddable":true,"href":"https:\/\/www.icog.es\/asturias\/wp-json\/wp\/v2\/tags?post=3587"}],"curies":[{"name":"wp","href":"https:\/\/api.w.org\/{rel}","templated":true}]}}