{"id":304,"date":"2013-07-01T19:41:29","date_gmt":"2013-07-01T17:41:29","guid":{"rendered":"http:\/\/www.icog.es\/asturias\/?p=304"},"modified":"2013-07-03T09:58:53","modified_gmt":"2013-07-03T07:58:53","slug":"carta-al-ilmo-ayuntamiento-de-oviedo-una-plaza-de-p-r-l-ofertada","status":"publish","type":"post","link":"https:\/\/www.icog.es\/asturias\/2013\/07\/carta-al-ilmo-ayuntamiento-de-oviedo-una-plaza-de-p-r-l-ofertada\/","title":{"rendered":"Carta al Ilmo. Ayuntamiento de Oviedo sobre errores en la oferta de una plaza de P.R.L."},"content":{"rendered":"<p>Desde esta Delegaci\u00f3n de Asturias se ha interpuesto una queja, a trav\u00e9s de una carta enviada a la Concejal de Empleo del Ilmo. Ayto. de Oviedo, en la que se expone que la solicitud de un T\u00e9cnico de Nivel Superior en Prevenci\u00f3n de Riesgos Naturales, del Plan de Empleo Local 2013-2104, no puede verse ligada a una determinada titulaci\u00f3n o estudios, habida cuenta de que este puesto puede ostentarse, en la actualidad, por otras titulaciones, incluso un ge\u00f3logo.<\/p>\n<p>En esos t\u00e9rminos se ha incitado a esa Instituci\u00f3n a redactar de nuevo su solicitud de plaza en la que no se discrimine a nadie y menos a profesionales que pueden aplicar al puesto en id\u00e9nticas condiciones que los indicados en la convocatoria.<\/p>\n<p>Incluimos el enlace donde aparece este error que esperamos subsanen.\u00a0<span style=\"color: #0000ff;\"><a href=\"http:\/\/ow.ly\/mC7aM\" target=\"_blank\">http:\/\/ow.ly\/mC7aM<\/a><\/span><\/p>\n<p>As\u00ed mismo queremos contar con vosotros para que nos indiqu\u00e9is cualquier anomal\u00eda o error que se puedan cometer en este sentido y en cualquier parte del territorio nacional. Desde el Colegio intentaremos que lo corrijan o proceder en consecuencia con las reclamaciones pertinentes, incluso v\u00eda judicial, si es preciso.<\/p>\n","protected":false},"excerpt":{"rendered":"<p>Desde esta Delegaci\u00f3n de Asturias se ha interpuesto una queja, a trav\u00e9s de una carta enviada a la Concejal de Empleo del Ilmo. Ayto. de Oviedo, en la que se expone que la solicitud de un T\u00e9cnico de Nivel Superior &hellip; <a href=\"https:\/\/www.icog.es\/asturias\/2013\/07\/carta-al-ilmo-ayuntamiento-de-oviedo-una-plaza-de-p-r-l-ofertada\/\">Sigue leyendo <span class=\"meta-nav\">&rarr;<\/span><\/a><\/p>\n","protected":false},"author":2,"featured_media":308,"comment_status":"open","ping_status":"open","sticky":false,"template":"","format":"standard","meta":{"footnotes":""},"categories":[4],"tags":[51,50,49],"class_list":["post-304","post","type-post","status-publish","format-standard","has-post-thumbnail","hentry","category-delegacion","tag-administracion-local","tag-empleo","tag-prl"],"yoast_head":"<!-- This site is optimized with the Yoast SEO plugin v25.8 - https:\/\/yoast.com\/wordpress\/plugins\/seo\/ -->\r\n<title>Carta al Ayuntamiento de Oviedo sobre errores oferta de una plaza PRL<\/title>\r\n<meta name=\"description\" content=\"El ICOG Asturias ha interpuesto una queja en el ayuntamiento de Oviedo sobre una plaza de T\u00e9cnico de Nivel Superior en Prevenci\u00f3n de Riesgos Naturales.\" \/>\r\n<meta name=\"robots\" content=\"index, follow, max-snippet:-1, max-image-preview:large, max-video-preview:-1\" \/>\r\n<link rel=\"canonical\" href=\"https:\/\/www.icog.es\/asturias\/2013\/07\/carta-al-ilmo-ayuntamiento-de-oviedo-una-plaza-de-p-r-l-ofertada\/\" \/>\r\n<meta property=\"og:locale\" content=\"es_ES\" \/>\r\n<meta property=\"og:type\" content=\"article\" \/>\r\n<meta property=\"og:title\" content=\"Carta al Ayuntamiento de Oviedo sobre errores oferta de una plaza PRL\" \/>\r\n<meta property=\"og:description\" content=\"El ICOG Asturias ha interpuesto una queja en el ayuntamiento de Oviedo sobre una plaza de T\u00e9cnico de Nivel Superior en Prevenci\u00f3n de Riesgos Naturales.\" \/>\r\n<meta property=\"og:url\" content=\"https:\/\/www.icog.es\/asturias\/2013\/07\/carta-al-ilmo-ayuntamiento-de-oviedo-una-plaza-de-p-r-l-ofertada\/\" \/>\r\n<meta property=\"og:site_name\" content=\"Colegio de Ge\u00f3logos de Asturias\" \/>\r\n<meta property=\"article:publisher\" content=\"https:\/\/www.facebook.com\/CGEOLOGOS\/\" \/>\r\n<meta property=\"article:published_time\" content=\"2013-07-01T17:41:29+00:00\" \/>\r\n<meta property=\"article:modified_time\" content=\"2013-07-03T07:58:53+00:00\" \/>\r\n<meta property=\"og:image\" content=\"https:\/\/www.icog.es\/asturias\/wp-content\/uploads\/2013\/07\/13_12_83_web.jpg\" \/>\r\n\t<meta property=\"og:image:width\" content=\"467\" \/>\r\n\t<meta property=\"og:image:height\" content=\"350\" \/>\r\n\t<meta property=\"og:image:type\" content=\"image\/jpeg\" \/>\r\n<meta name=\"author\" content=\"Colegio de Ge\u00f3logos de Asturias\" \/>\r\n<meta name=\"twitter:card\" content=\"summary_large_image\" \/>\r\n<meta name=\"twitter:creator\" content=\"@cgeologos\" \/>\r\n<meta name=\"twitter:site\" content=\"@cgeologos\" \/>\r\n<meta name=\"twitter:label1\" content=\"Escrito por\" \/>\n\t<meta name=\"twitter:data1\" content=\"Colegio de Ge\u00f3logos de Asturias\" \/>\n\t<meta name=\"twitter:label2\" content=\"Tiempo de lectura\" \/>\n\t<meta name=\"twitter:data2\" content=\"1 minuto\" \/>\r\n<script type=\"application\/ld+json\" class=\"yoast-schema-graph\">{\"@context\":\"https:\/\/schema.org\",\"@graph\":[{\"@type\":\"WebPage\",\"@id\":\"https:\/\/www.icog.es\/asturias\/2013\/07\/carta-al-ilmo-ayuntamiento-de-oviedo-una-plaza-de-p-r-l-ofertada\/\",\"url\":\"https:\/\/www.icog.es\/asturias\/2013\/07\/carta-al-ilmo-ayuntamiento-de-oviedo-una-plaza-de-p-r-l-ofertada\/\",\"name\":\"Carta al Ayuntamiento de Oviedo sobre errores oferta de una plaza PRL\",\"isPartOf\":{\"@id\":\"https:\/\/www.icog.es\/asturias\/#website\"},\"primaryImageOfPage\":{\"@id\":\"https:\/\/www.icog.es\/asturias\/2013\/07\/carta-al-ilmo-ayuntamiento-de-oviedo-una-plaza-de-p-r-l-ofertada\/#primaryimage\"},\"image\":{\"@id\":\"https:\/\/www.icog.es\/asturias\/2013\/07\/carta-al-ilmo-ayuntamiento-de-oviedo-una-plaza-de-p-r-l-ofertada\/#primaryimage\"},\"thumbnailUrl\":\"https:\/\/www.icog.es\/asturias\/wp-content\/uploads\/2013\/07\/13_12_83_web.jpg\",\"datePublished\":\"2013-07-01T17:41:29+00:00\",\"dateModified\":\"2013-07-03T07:58:53+00:00\",\"author\":{\"@id\":\"https:\/\/www.icog.es\/asturias\/#\/schema\/person\/b049787fca74393b3e4da3287d67acdf\"},\"description\":\"El ICOG Asturias ha interpuesto una queja en el ayuntamiento de Oviedo sobre una plaza de T\u00e9cnico de Nivel Superior en Prevenci\u00f3n de Riesgos Naturales.\",\"inLanguage\":\"es\",\"potentialAction\":[{\"@type\":\"ReadAction\",\"target\":[\"https:\/\/www.icog.es\/asturias\/2013\/07\/carta-al-ilmo-ayuntamiento-de-oviedo-una-plaza-de-p-r-l-ofertada\/\"]}]},{\"@type\":\"ImageObject\",\"inLanguage\":\"es\",\"@id\":\"https:\/\/www.icog.es\/asturias\/2013\/07\/carta-al-ilmo-ayuntamiento-de-oviedo-una-plaza-de-p-r-l-ofertada\/#primaryimage\",\"url\":\"https:\/\/www.icog.es\/asturias\/wp-content\/uploads\/2013\/07\/13_12_83_web.jpg\",\"contentUrl\":\"https:\/\/www.icog.es\/asturias\/wp-content\/uploads\/2013\/07\/13_12_83_web.jpg\",\"width\":467,\"height\":350},{\"@type\":\"WebSite\",\"@id\":\"https:\/\/www.icog.es\/asturias\/#website\",\"url\":\"https:\/\/www.icog.es\/asturias\/\",\"name\":\"Colegio de Ge\u00f3logos de Asturias\",\"description\":\"\",\"potentialAction\":[{\"@type\":\"SearchAction\",\"target\":{\"@type\":\"EntryPoint\",\"urlTemplate\":\"https:\/\/www.icog.es\/asturias\/?s={search_term_string}\"},\"query-input\":{\"@type\":\"PropertyValueSpecification\",\"valueRequired\":true,\"valueName\":\"search_term_string\"}}],\"inLanguage\":\"es\"},{\"@type\":\"Person\",\"@id\":\"https:\/\/www.icog.es\/asturias\/#\/schema\/person\/b049787fca74393b3e4da3287d67acdf\",\"name\":\"Colegio de Ge\u00f3logos de Asturias\",\"image\":{\"@type\":\"ImageObject\",\"inLanguage\":\"es\",\"@id\":\"https:\/\/www.icog.es\/asturias\/#\/schema\/person\/image\/\",\"url\":\"https:\/\/secure.gravatar.com\/avatar\/0e52ae4c477f7ea243046c5b6495dea654879f226000b9819840b1b3dc80da63?s=96&d=mm&r=g\",\"contentUrl\":\"https:\/\/secure.gravatar.com\/avatar\/0e52ae4c477f7ea243046c5b6495dea654879f226000b9819840b1b3dc80da63?s=96&d=mm&r=g\",\"caption\":\"Colegio de Ge\u00f3logos de Asturias\"},\"url\":\"https:\/\/www.icog.es\/asturias\/author\/colegioasturias\/\"}]}<\/script>\r\n<!-- \/ Yoast SEO plugin. -->","yoast_head_json":{"title":"Carta al Ayuntamiento de Oviedo sobre errores oferta de una plaza PRL","description":"El ICOG Asturias ha interpuesto una queja en el ayuntamiento de Oviedo sobre una plaza de T\u00e9cnico de Nivel Superior en Prevenci\u00f3n de Riesgos Naturales.","robots":{"index":"index","follow":"follow","max-snippet":"max-snippet:-1","max-image-preview":"max-image-preview:large","max-video-preview":"max-video-preview:-1"},"canonical":"https:\/\/www.icog.es\/asturias\/2013\/07\/carta-al-ilmo-ayuntamiento-de-oviedo-una-plaza-de-p-r-l-ofertada\/","og_locale":"es_ES","og_type":"article","og_title":"Carta al Ayuntamiento de Oviedo sobre errores oferta de una plaza PRL","og_description":"El ICOG Asturias ha interpuesto una queja en el ayuntamiento de Oviedo sobre una plaza de T\u00e9cnico de Nivel Superior en Prevenci\u00f3n de Riesgos Naturales.","og_url":"https:\/\/www.icog.es\/asturias\/2013\/07\/carta-al-ilmo-ayuntamiento-de-oviedo-una-plaza-de-p-r-l-ofertada\/","og_site_name":"Colegio de Ge\u00f3logos de Asturias","article_publisher":"https:\/\/www.facebook.com\/CGEOLOGOS\/","article_published_time":"2013-07-01T17:41:29+00:00","article_modified_time":"2013-07-03T07:58:53+00:00","og_image":[{"width":467,"height":350,"url":"https:\/\/www.icog.es\/asturias\/wp-content\/uploads\/2013\/07\/13_12_83_web.jpg","type":"image\/jpeg"}],"author":"Colegio de Ge\u00f3logos de Asturias","twitter_card":"summary_large_image","twitter_creator":"@cgeologos","twitter_site":"@cgeologos","twitter_misc":{"Escrito por":"Colegio de Ge\u00f3logos de Asturias","Tiempo de lectura":"1 minuto"},"schema":{"@context":"https:\/\/schema.org","@graph":[{"@type":"WebPage","@id":"https:\/\/www.icog.es\/asturias\/2013\/07\/carta-al-ilmo-ayuntamiento-de-oviedo-una-plaza-de-p-r-l-ofertada\/","url":"https:\/\/www.icog.es\/asturias\/2013\/07\/carta-al-ilmo-ayuntamiento-de-oviedo-una-plaza-de-p-r-l-ofertada\/","name":"Carta al Ayuntamiento de Oviedo sobre errores oferta de una plaza PRL","isPartOf":{"@id":"https:\/\/www.icog.es\/asturias\/#website"},"primaryImageOfPage":{"@id":"https:\/\/www.icog.es\/asturias\/2013\/07\/carta-al-ilmo-ayuntamiento-de-oviedo-una-plaza-de-p-r-l-ofertada\/#primaryimage"},"image":{"@id":"https:\/\/www.icog.es\/asturias\/2013\/07\/carta-al-ilmo-ayuntamiento-de-oviedo-una-plaza-de-p-r-l-ofertada\/#primaryimage"},"thumbnailUrl":"https:\/\/www.icog.es\/asturias\/wp-content\/uploads\/2013\/07\/13_12_83_web.jpg","datePublished":"2013-07-01T17:41:29+00:00","dateModified":"2013-07-03T07:58:53+00:00","author":{"@id":"https:\/\/www.icog.es\/asturias\/#\/schema\/person\/b049787fca74393b3e4da3287d67acdf"},"description":"El ICOG Asturias ha interpuesto una queja en el ayuntamiento de Oviedo sobre una plaza de T\u00e9cnico de Nivel Superior en Prevenci\u00f3n de Riesgos Naturales.","inLanguage":"es","potentialAction":[{"@type":"ReadAction","target":["https:\/\/www.icog.es\/asturias\/2013\/07\/carta-al-ilmo-ayuntamiento-de-oviedo-una-plaza-de-p-r-l-ofertada\/"]}]},{"@type":"ImageObject","inLanguage":"es","@id":"https:\/\/www.icog.es\/asturias\/2013\/07\/carta-al-ilmo-ayuntamiento-de-oviedo-una-plaza-de-p-r-l-ofertada\/#primaryimage","url":"https:\/\/www.icog.es\/asturias\/wp-content\/uploads\/2013\/07\/13_12_83_web.jpg","contentUrl":"https:\/\/www.icog.es\/asturias\/wp-content\/uploads\/2013\/07\/13_12_83_web.jpg","width":467,"height":350},{"@type":"WebSite","@id":"https:\/\/www.icog.es\/asturias\/#website","url":"https:\/\/www.icog.es\/asturias\/","name":"Colegio de Ge\u00f3logos de Asturias","description":"","potentialAction":[{"@type":"SearchAction","target":{"@type":"EntryPoint","urlTemplate":"https:\/\/www.icog.es\/asturias\/?s={search_term_string}"},"query-input":{"@type":"PropertyValueSpecification","valueRequired":true,"valueName":"search_term_string"}}],"inLanguage":"es"},{"@type":"Person","@id":"https:\/\/www.icog.es\/asturias\/#\/schema\/person\/b049787fca74393b3e4da3287d67acdf","name":"Colegio de Ge\u00f3logos de Asturias","image":{"@type":"ImageObject","inLanguage":"es","@id":"https:\/\/www.icog.es\/asturias\/#\/schema\/person\/image\/","url":"https:\/\/secure.gravatar.com\/avatar\/0e52ae4c477f7ea243046c5b6495dea654879f226000b9819840b1b3dc80da63?s=96&d=mm&r=g","contentUrl":"https:\/\/secure.gravatar.com\/avatar\/0e52ae4c477f7ea243046c5b6495dea654879f226000b9819840b1b3dc80da63?s=96&d=mm&r=g","caption":"Colegio de Ge\u00f3logos de Asturias"},"url":"https:\/\/www.icog.es\/asturias\/author\/colegioasturias\/"}]}},"amp_enabled":true,"_links":{"self":[{"href":"https:\/\/www.icog.es\/asturias\/wp-json\/wp\/v2\/posts\/304","targetHints":{"allow":["GET"]}}],"collection":[{"href":"https:\/\/www.icog.es\/asturias\/wp-json\/wp\/v2\/posts"}],"about":[{"href":"https:\/\/www.icog.es\/asturias\/wp-json\/wp\/v2\/types\/post"}],"author":[{"embeddable":true,"href":"https:\/\/www.icog.es\/asturias\/wp-json\/wp\/v2\/users\/2"}],"replies":[{"embeddable":true,"href":"https:\/\/www.icog.es\/asturias\/wp-json\/wp\/v2\/comments?post=304"}],"version-history":[{"count":7,"href":"https:\/\/www.icog.es\/asturias\/wp-json\/wp\/v2\/posts\/304\/revisions"}],"predecessor-version":[{"id":307,"href":"https:\/\/www.icog.es\/asturias\/wp-json\/wp\/v2\/posts\/304\/revisions\/307"}],"wp:featuredmedia":[{"embeddable":true,"href":"https:\/\/www.icog.es\/asturias\/wp-json\/wp\/v2\/media\/308"}],"wp:attachment":[{"href":"https:\/\/www.icog.es\/asturias\/wp-json\/wp\/v2\/media?parent=304"}],"wp:term":[{"taxonomy":"category","embeddable":true,"href":"https:\/\/www.icog.es\/asturias\/wp-json\/wp\/v2\/categories?post=304"},{"taxonomy":"post_tag","embeddable":true,"href":"https:\/\/www.icog.es\/asturias\/wp-json\/wp\/v2\/tags?post=304"}],"curies":[{"name":"wp","href":"https:\/\/api.w.org\/{rel}","templated":true}]}}