{"id":28,"date":"2013-05-21T14:10:33","date_gmt":"2013-05-21T14:10:33","guid":{"rendered":"http:\/\/www.icog.es\/asturias\/?p=28"},"modified":"2013-06-14T14:25:09","modified_gmt":"2013-06-14T14:25:09","slug":"en-junio-el-sig-es-el-protagonista-geomedia-gvsig-y-sextante","status":"publish","type":"post","link":"https:\/\/www.icog.es\/asturias\/2013\/05\/en-junio-el-sig-es-el-protagonista-geomedia-gvsig-y-sextante\/","title":{"rendered":"En junio el SIG es el protagonista | GEOMEDIA, GVSIG y SEXTANTE"},"content":{"rendered":"<h3><a href=\"http:\/\/www.icog.es\/asturias\/wp-content\/uploads\/2013\/06\/GIS.jpg\"><img loading=\"lazy\" decoding=\"async\" class=\"size-medium wp-image-30 alignleft\" alt=\"SIG, Sistemas de Informaci\u00f3n Geogr\u00e1fica\" src=\"http:\/\/www.icog.es\/asturias\/wp-content\/uploads\/2013\/06\/GIS-300x192.jpg\" width=\"300\" height=\"192\" srcset=\"https:\/\/www.icog.es\/asturias\/wp-content\/uploads\/2013\/06\/GIS-300x192.jpg 300w, https:\/\/www.icog.es\/asturias\/wp-content\/uploads\/2013\/06\/GIS.jpg 558w\" sizes=\"auto, (max-width: 300px) 100vw, 300px\" \/><\/a>GEOMEDIA PROFESSIONAL 6.1<\/h3>\n<p><strong>Modalidad del curso<\/strong>: Presencial<\/p>\n<p><strong>Lugar de impartici\u00f3n:<\/strong> Langreo (Asturias)<\/p>\n<p><strong>Fechas:<\/strong> 3 al 14 de junio 2013<\/p>\n<p><strong>Duraci\u00f3n:<\/strong> 40 horas<\/p>\n<p><strong>Precio:<\/strong> 350 \u20ac<\/p>\n<p><strong>Informaci\u00f3n e inscripci\u00f3n:<\/strong> <span style=\"color: #0000ff;\"><span style=\"color: #0000ff;\"><a href=\"mailto:icogasturias@gmail.com\">icogasturias@gmail.com<\/a><\/span><\/span><\/p>\n<h4>Programa<\/h4>\n<p>Introducci\u00f3n a sistemas de informaci\u00f3n geogr\u00e1fica<\/p>\n<p>Introducci\u00f3n a Geomedia<\/p>\n<p>Manejo de datos alfanum\u00e9ricos:<\/p>\n<ul>\n<li>Relaci\u00f3n entre tablas<\/li>\n<li>Calculo de Informaci\u00f3n Geom\u00e9trica<\/li>\n<li>Geo codificaci\u00f3n de Coordenadas<\/li>\n<\/ul>\n<p>An\u00e1lisis geogr\u00e1fico:<\/p>\n<ul>\n<li>Mapas tem\u00e1ticos<\/li>\n<li>Consultas<\/li>\n<li>Combinaci\u00f3n anal\u00edtica<\/li>\n<li>Atributos din\u00e1micos<\/li>\n<\/ul>\n<p>An\u00e1lisis geom\u00e9trico:<\/p>\n<ul>\n<li>Visualizaci\u00f3n de ficheros CAD<\/li>\n<li>Inserci\u00f3n de Im\u00e1genes<\/li>\n<li>Zona de Influencia<\/li>\n<li>Datos externos<\/li>\n<\/ul>\n<p>Metadatos<\/p>\n<p>Creaci\u00f3n de mapas:<\/p>\n<ul>\n<li>Estilos<\/li>\n<li>Ventana de Composici\u00f3n<\/li>\n<li>Bibliotecas: Creaci\u00f3n y manejo<\/li>\n<\/ul>\n<p>APLICACI\u00d3N PROYECTO REAL<\/p>\n<p>Si traes tu equipo te facilitamos una licencia temporal (1 a\u00f1o) para el seguimiento del curso<\/p>\n<p>&nbsp;<\/p>\n<h3>INTRODUCCI\u00d3N AL GIS MEDIANTE SOFTWARE LIBRE: GVSIG Y SEXTANTE<\/h3>\n<p><strong>Modalidad del curso:<\/strong> Online<\/p>\n<p><strong>Fechas:<\/strong> 17 de junio al 16 de agosto<\/p>\n<p><strong>Duraci\u00f3n:<\/strong> 100 horas<\/p>\n<p><strong>Precio:<\/strong> 225 \u20ac parados, colegiados del ICOG y aut\u00f3nomos | 300 \u20ac matr\u00edcula ordinaria<\/p>\n<p><strong>Informaci\u00f3n e inscripci\u00f3n:<\/strong> <span style=\"color: #0000ff;\"><span style=\"color: #0000ff;\"><a href=\"mailto:icogasturias@gmail.com\">icogasturias@gmail.com<\/a><\/span><\/span><\/p>\n<h4>Programa<\/h4>\n<h3>MODULO 1 | GVSIC<\/h3>\n<p>TEMA 1: Introducci\u00f3n e Instalaci\u00f3n<\/p>\n<ul>\n<li>Instalaci\u00f3n<\/li>\n<li>Configuraci\u00f3n<\/li>\n<\/ul>\n<p>TEMA 2: Carga de datos<\/p>\n<ul>\n<li>Datos raster<\/li>\n<li>Datos vectoriales<\/li>\n<li>Servicios OGC<\/li>\n<\/ul>\n<p>TEMA 3: Visualizaci\u00f3n y consulta<\/p>\n<ul>\n<li>Leyenda<\/li>\n<li>Simbolog\u00eda<\/li>\n<li>Etiquetado<\/li>\n<li>Navegaci\u00f3n consulta y localizaci\u00f3n<\/li>\n<\/ul>\n<p>TEMA 4: An\u00e1lisis<\/p>\n<ul>\n<li>Medici\u00f3n de longitudes y \u00e1reas<\/li>\n<li>Zonas de influencia<\/li>\n<li>Relaciones espaciales<\/li>\n<li>Geoprocesamiento<\/li>\n<li>Sistemas de coordenadas<\/li>\n<\/ul>\n<h3>MODULO 2 | SEXTANTE<\/h3>\n<p>TEMA 1: Introducci\u00f3n a Sextante e Introducci\u00f3n a los SIG<\/p>\n<ul>\n<li>Que es sextante. El proyecto<\/li>\n<li>Funcionamiento sobre plataforma GvSIG<\/li>\n<li>Integraci\u00f3n con otras plataformas SIG<\/li>\n<\/ul>\n<p>TEMA 2: Herramientas de an\u00e1lisis vectorial<\/p>\n<ul>\n<li>Herramientas sobre capas de entidades puntuales<\/li>\n<li>Herramientas sobra capas de tipo pol\u00edgono<\/li>\n<li>Herramientas gen\u00e9ricas para capas vectoriales<\/li>\n<\/ul>\n<p>TEMA 3: Herramientas b\u00e1sicas de an\u00e1lisis raster<\/p>\n<ul>\n<li>Introducci\u00f3n al an\u00e1lisis raster<\/li>\n<li>Preparar los datos para an\u00e1lisis m\u00e1s complejos<\/li>\n<li>Creaci\u00f3n de un modelo digital del terreno<\/li>\n<li>Georreferenciaci\u00f3n de im\u00e1genes<\/li>\n<\/ul>\n<p>TEMA 4: An\u00e1lisis del terreno<\/p>\n<ul>\n<li>C\u00e1lculo de pendientes<\/li>\n<li>C\u00e1lculo de orientaciones<\/li>\n<li>C\u00e1lculo de curvaturas<\/li>\n<li>An\u00e1lisis de visibilidad<\/li>\n<li>An\u00e1lisis de iluminaci\u00f3n<\/li>\n<\/ul>\n<p>TEMA 5: An\u00e1lisis hidrol\u00f3gicos<\/p>\n<ul>\n<li>Acumulaci\u00f3n de flujo<\/li>\n<li>Red de drenaje<\/li>\n<li>Cuencas vertientes<\/li>\n<\/ul>\n<p>TEMA 6: Geoestad\u00edstica<\/p>\n<ul>\n<li>Calculadora de mapas<\/li>\n<li>Reclasificaci\u00f3n<\/li>\n<li>Densidad<\/li>\n<li>Interpolaci\u00f3n en funci\u00f3n de la distancia<\/li>\n<\/ul>\n<p>TEMA 7: Salidas gr\u00e1ficas<\/p>\n","protected":false},"excerpt":{"rendered":"<p>GEOMEDIA PROFESSIONAL 6.1 Modalidad del curso: Presencial Lugar de impartici\u00f3n: Langreo (Asturias) Fechas: 3 al 14 de junio 2013 Duraci\u00f3n: 40 horas Precio: 350 \u20ac Informaci\u00f3n e inscripci\u00f3n: icogasturias@gmail.com Programa Introducci\u00f3n a sistemas de informaci\u00f3n geogr\u00e1fica Introducci\u00f3n a Geomedia Manejo &hellip; <a href=\"https:\/\/www.icog.es\/asturias\/2013\/05\/en-junio-el-sig-es-el-protagonista-geomedia-gvsig-y-sextante\/\">Sigue leyendo <span class=\"meta-nav\">&rarr;<\/span><\/a><\/p>\n","protected":false},"author":1,"featured_media":30,"comment_status":"open","ping_status":"open","sticky":false,"template":"","format":"standard","meta":{"footnotes":""},"categories":[7],"tags":[10,11,8,9],"class_list":["post-28","post","type-post","status-publish","format-standard","has-post-thumbnail","hentry","category-formacion","tag-cursos","tag-formacion-2","tag-gis","tag-sig"],"yoast_head":"<!-- This site is optimized with the Yoast SEO plugin v25.8 - https:\/\/yoast.com\/wordpress\/plugins\/seo\/ -->\r\n<title>En junio el SIG es el protagonista | GEOMEDIA, GVSIG y SEXTANTE<\/title>\r\n<meta name=\"description\" content=\"Cursos organizados por el Colegio de Ge\u00f3logos de Asturias sobre Sistemas de Informaci\u00f3n Geofr\u00e1fica SIG.\" \/>\r\n<meta name=\"robots\" content=\"index, follow, max-snippet:-1, max-image-preview:large, max-video-preview:-1\" \/>\r\n<link rel=\"canonical\" href=\"https:\/\/www.icog.es\/asturias\/2013\/05\/en-junio-el-sig-es-el-protagonista-geomedia-gvsig-y-sextante\/\" \/>\r\n<meta property=\"og:locale\" content=\"es_ES\" \/>\r\n<meta property=\"og:type\" content=\"article\" \/>\r\n<meta property=\"og:title\" content=\"En junio el SIG es el protagonista | GEOMEDIA, GVSIG y SEXTANTE\" \/>\r\n<meta property=\"og:description\" content=\"Cursos organizados por el Colegio de Ge\u00f3logos de Asturias sobre Sistemas de Informaci\u00f3n Geofr\u00e1fica SIG.\" \/>\r\n<meta property=\"og:url\" content=\"https:\/\/www.icog.es\/asturias\/2013\/05\/en-junio-el-sig-es-el-protagonista-geomedia-gvsig-y-sextante\/\" \/>\r\n<meta property=\"og:site_name\" content=\"Colegio de Ge\u00f3logos de Asturias\" \/>\r\n<meta property=\"article:publisher\" content=\"https:\/\/www.facebook.com\/CGEOLOGOS\/\" \/>\r\n<meta property=\"article:published_time\" content=\"2013-05-21T14:10:33+00:00\" \/>\r\n<meta property=\"article:modified_time\" content=\"2013-06-14T14:25:09+00:00\" \/>\r\n<meta property=\"og:image\" content=\"https:\/\/www.icog.es\/asturias\/wp-content\/uploads\/2013\/06\/GIS.jpg\" \/>\r\n\t<meta property=\"og:image:width\" content=\"558\" \/>\r\n\t<meta property=\"og:image:height\" content=\"358\" \/>\r\n\t<meta property=\"og:image:type\" content=\"image\/jpeg\" \/>\r\n<meta name=\"author\" content=\"adminastur\" \/>\r\n<meta name=\"twitter:card\" content=\"summary_large_image\" \/>\r\n<meta name=\"twitter:creator\" content=\"@cgeologos\" \/>\r\n<meta name=\"twitter:site\" content=\"@cgeologos\" \/>\r\n<meta name=\"twitter:label1\" content=\"Escrito por\" \/>\n\t<meta name=\"twitter:data1\" content=\"adminastur\" \/>\n\t<meta name=\"twitter:label2\" content=\"Tiempo de lectura\" \/>\n\t<meta name=\"twitter:data2\" content=\"2 minutos\" \/>\r\n<script type=\"application\/ld+json\" class=\"yoast-schema-graph\">{\"@context\":\"https:\/\/schema.org\",\"@graph\":[{\"@type\":\"WebPage\",\"@id\":\"https:\/\/www.icog.es\/asturias\/2013\/05\/en-junio-el-sig-es-el-protagonista-geomedia-gvsig-y-sextante\/\",\"url\":\"https:\/\/www.icog.es\/asturias\/2013\/05\/en-junio-el-sig-es-el-protagonista-geomedia-gvsig-y-sextante\/\",\"name\":\"En junio el SIG es el protagonista | GEOMEDIA, GVSIG y SEXTANTE\",\"isPartOf\":{\"@id\":\"https:\/\/www.icog.es\/asturias\/#website\"},\"primaryImageOfPage\":{\"@id\":\"https:\/\/www.icog.es\/asturias\/2013\/05\/en-junio-el-sig-es-el-protagonista-geomedia-gvsig-y-sextante\/#primaryimage\"},\"image\":{\"@id\":\"https:\/\/www.icog.es\/asturias\/2013\/05\/en-junio-el-sig-es-el-protagonista-geomedia-gvsig-y-sextante\/#primaryimage\"},\"thumbnailUrl\":\"https:\/\/www.icog.es\/asturias\/wp-content\/uploads\/2013\/06\/GIS.jpg\",\"datePublished\":\"2013-05-21T14:10:33+00:00\",\"dateModified\":\"2013-06-14T14:25:09+00:00\",\"author\":{\"@id\":\"https:\/\/www.icog.es\/asturias\/#\/schema\/person\/6add4689ddf6c8480578fdf130bad136\"},\"description\":\"Cursos organizados por el Colegio de Ge\u00f3logos de Asturias sobre Sistemas de Informaci\u00f3n Geofr\u00e1fica SIG.\",\"inLanguage\":\"es\",\"potentialAction\":[{\"@type\":\"ReadAction\",\"target\":[\"https:\/\/www.icog.es\/asturias\/2013\/05\/en-junio-el-sig-es-el-protagonista-geomedia-gvsig-y-sextante\/\"]}]},{\"@type\":\"ImageObject\",\"inLanguage\":\"es\",\"@id\":\"https:\/\/www.icog.es\/asturias\/2013\/05\/en-junio-el-sig-es-el-protagonista-geomedia-gvsig-y-sextante\/#primaryimage\",\"url\":\"https:\/\/www.icog.es\/asturias\/wp-content\/uploads\/2013\/06\/GIS.jpg\",\"contentUrl\":\"https:\/\/www.icog.es\/asturias\/wp-content\/uploads\/2013\/06\/GIS.jpg\",\"width\":558,\"height\":358},{\"@type\":\"WebSite\",\"@id\":\"https:\/\/www.icog.es\/asturias\/#website\",\"url\":\"https:\/\/www.icog.es\/asturias\/\",\"name\":\"Colegio de Ge\u00f3logos de Asturias\",\"description\":\"\",\"potentialAction\":[{\"@type\":\"SearchAction\",\"target\":{\"@type\":\"EntryPoint\",\"urlTemplate\":\"https:\/\/www.icog.es\/asturias\/?s={search_term_string}\"},\"query-input\":{\"@type\":\"PropertyValueSpecification\",\"valueRequired\":true,\"valueName\":\"search_term_string\"}}],\"inLanguage\":\"es\"},{\"@type\":\"Person\",\"@id\":\"https:\/\/www.icog.es\/asturias\/#\/schema\/person\/6add4689ddf6c8480578fdf130bad136\",\"name\":\"adminastur\",\"image\":{\"@type\":\"ImageObject\",\"inLanguage\":\"es\",\"@id\":\"https:\/\/www.icog.es\/asturias\/#\/schema\/person\/image\/\",\"url\":\"https:\/\/secure.gravatar.com\/avatar\/b704f52acdb4b4ba100bb14784b58ce9f7d6a3e54d097f7a3d0d7f221df240c8?s=96&d=mm&r=g\",\"contentUrl\":\"https:\/\/secure.gravatar.com\/avatar\/b704f52acdb4b4ba100bb14784b58ce9f7d6a3e54d097f7a3d0d7f221df240c8?s=96&d=mm&r=g\",\"caption\":\"adminastur\"},\"url\":\"https:\/\/www.icog.es\/asturias\/author\/adminastur\/\"}]}<\/script>\r\n<!-- \/ Yoast SEO plugin. -->","yoast_head_json":{"title":"En junio el SIG es el protagonista | GEOMEDIA, GVSIG y SEXTANTE","description":"Cursos organizados por el Colegio de Ge\u00f3logos de Asturias sobre Sistemas de Informaci\u00f3n Geofr\u00e1fica SIG.","robots":{"index":"index","follow":"follow","max-snippet":"max-snippet:-1","max-image-preview":"max-image-preview:large","max-video-preview":"max-video-preview:-1"},"canonical":"https:\/\/www.icog.es\/asturias\/2013\/05\/en-junio-el-sig-es-el-protagonista-geomedia-gvsig-y-sextante\/","og_locale":"es_ES","og_type":"article","og_title":"En junio el SIG es el protagonista | GEOMEDIA, GVSIG y SEXTANTE","og_description":"Cursos organizados por el Colegio de Ge\u00f3logos de Asturias sobre Sistemas de Informaci\u00f3n Geofr\u00e1fica SIG.","og_url":"https:\/\/www.icog.es\/asturias\/2013\/05\/en-junio-el-sig-es-el-protagonista-geomedia-gvsig-y-sextante\/","og_site_name":"Colegio de Ge\u00f3logos de Asturias","article_publisher":"https:\/\/www.facebook.com\/CGEOLOGOS\/","article_published_time":"2013-05-21T14:10:33+00:00","article_modified_time":"2013-06-14T14:25:09+00:00","og_image":[{"width":558,"height":358,"url":"https:\/\/www.icog.es\/asturias\/wp-content\/uploads\/2013\/06\/GIS.jpg","type":"image\/jpeg"}],"author":"adminastur","twitter_card":"summary_large_image","twitter_creator":"@cgeologos","twitter_site":"@cgeologos","twitter_misc":{"Escrito por":"adminastur","Tiempo de lectura":"2 minutos"},"schema":{"@context":"https:\/\/schema.org","@graph":[{"@type":"WebPage","@id":"https:\/\/www.icog.es\/asturias\/2013\/05\/en-junio-el-sig-es-el-protagonista-geomedia-gvsig-y-sextante\/","url":"https:\/\/www.icog.es\/asturias\/2013\/05\/en-junio-el-sig-es-el-protagonista-geomedia-gvsig-y-sextante\/","name":"En junio el SIG es el protagonista | GEOMEDIA, GVSIG y SEXTANTE","isPartOf":{"@id":"https:\/\/www.icog.es\/asturias\/#website"},"primaryImageOfPage":{"@id":"https:\/\/www.icog.es\/asturias\/2013\/05\/en-junio-el-sig-es-el-protagonista-geomedia-gvsig-y-sextante\/#primaryimage"},"image":{"@id":"https:\/\/www.icog.es\/asturias\/2013\/05\/en-junio-el-sig-es-el-protagonista-geomedia-gvsig-y-sextante\/#primaryimage"},"thumbnailUrl":"https:\/\/www.icog.es\/asturias\/wp-content\/uploads\/2013\/06\/GIS.jpg","datePublished":"2013-05-21T14:10:33+00:00","dateModified":"2013-06-14T14:25:09+00:00","author":{"@id":"https:\/\/www.icog.es\/asturias\/#\/schema\/person\/6add4689ddf6c8480578fdf130bad136"},"description":"Cursos organizados por el Colegio de Ge\u00f3logos de Asturias sobre Sistemas de Informaci\u00f3n Geofr\u00e1fica SIG.","inLanguage":"es","potentialAction":[{"@type":"ReadAction","target":["https:\/\/www.icog.es\/asturias\/2013\/05\/en-junio-el-sig-es-el-protagonista-geomedia-gvsig-y-sextante\/"]}]},{"@type":"ImageObject","inLanguage":"es","@id":"https:\/\/www.icog.es\/asturias\/2013\/05\/en-junio-el-sig-es-el-protagonista-geomedia-gvsig-y-sextante\/#primaryimage","url":"https:\/\/www.icog.es\/asturias\/wp-content\/uploads\/2013\/06\/GIS.jpg","contentUrl":"https:\/\/www.icog.es\/asturias\/wp-content\/uploads\/2013\/06\/GIS.jpg","width":558,"height":358},{"@type":"WebSite","@id":"https:\/\/www.icog.es\/asturias\/#website","url":"https:\/\/www.icog.es\/asturias\/","name":"Colegio de Ge\u00f3logos de Asturias","description":"","potentialAction":[{"@type":"SearchAction","target":{"@type":"EntryPoint","urlTemplate":"https:\/\/www.icog.es\/asturias\/?s={search_term_string}"},"query-input":{"@type":"PropertyValueSpecification","valueRequired":true,"valueName":"search_term_string"}}],"inLanguage":"es"},{"@type":"Person","@id":"https:\/\/www.icog.es\/asturias\/#\/schema\/person\/6add4689ddf6c8480578fdf130bad136","name":"adminastur","image":{"@type":"ImageObject","inLanguage":"es","@id":"https:\/\/www.icog.es\/asturias\/#\/schema\/person\/image\/","url":"https:\/\/secure.gravatar.com\/avatar\/b704f52acdb4b4ba100bb14784b58ce9f7d6a3e54d097f7a3d0d7f221df240c8?s=96&d=mm&r=g","contentUrl":"https:\/\/secure.gravatar.com\/avatar\/b704f52acdb4b4ba100bb14784b58ce9f7d6a3e54d097f7a3d0d7f221df240c8?s=96&d=mm&r=g","caption":"adminastur"},"url":"https:\/\/www.icog.es\/asturias\/author\/adminastur\/"}]}},"amp_enabled":true,"_links":{"self":[{"href":"https:\/\/www.icog.es\/asturias\/wp-json\/wp\/v2\/posts\/28","targetHints":{"allow":["GET"]}}],"collection":[{"href":"https:\/\/www.icog.es\/asturias\/wp-json\/wp\/v2\/posts"}],"about":[{"href":"https:\/\/www.icog.es\/asturias\/wp-json\/wp\/v2\/types\/post"}],"author":[{"embeddable":true,"href":"https:\/\/www.icog.es\/asturias\/wp-json\/wp\/v2\/users\/1"}],"replies":[{"embeddable":true,"href":"https:\/\/www.icog.es\/asturias\/wp-json\/wp\/v2\/comments?post=28"}],"version-history":[{"count":3,"href":"https:\/\/www.icog.es\/asturias\/wp-json\/wp\/v2\/posts\/28\/revisions"}],"predecessor-version":[{"id":32,"href":"https:\/\/www.icog.es\/asturias\/wp-json\/wp\/v2\/posts\/28\/revisions\/32"}],"wp:featuredmedia":[{"embeddable":true,"href":"https:\/\/www.icog.es\/asturias\/wp-json\/wp\/v2\/media\/30"}],"wp:attachment":[{"href":"https:\/\/www.icog.es\/asturias\/wp-json\/wp\/v2\/media?parent=28"}],"wp:term":[{"taxonomy":"category","embeddable":true,"href":"https:\/\/www.icog.es\/asturias\/wp-json\/wp\/v2\/categories?post=28"},{"taxonomy":"post_tag","embeddable":true,"href":"https:\/\/www.icog.es\/asturias\/wp-json\/wp\/v2\/tags?post=28"}],"curies":[{"name":"wp","href":"https:\/\/api.w.org\/{rel}","templated":true}]}}