{"id":2557,"date":"2019-05-17T12:27:55","date_gmt":"2019-05-17T10:27:55","guid":{"rendered":"http:\/\/www.icog.es\/asturias\/?p=2557"},"modified":"2019-05-17T13:26:20","modified_gmt":"2019-05-17T11:26:20","slug":"geolodia-19-asturias-patrimonio-geologico-en-la-ensenada-de-arnao-castrillon","status":"publish","type":"post","link":"https:\/\/www.icog.es\/asturias\/2019\/05\/geolodia-19-asturias-patrimonio-geologico-en-la-ensenada-de-arnao-castrillon\/","title":{"rendered":"GEOLOD\u00cdA 19 Asturias, \u00abPatrimonio geol\u00f3gico en la ensenada de Arnao (Castrill\u00f3n)\u00bb"},"content":{"rendered":"\n<p>19 de Mayo de 2019 <\/p>\n\n\n\n<p>No te pierdas esta excursi\u00f3n geol\u00f3gica tan interesante, la asistencia es gratuita.<\/p>\n\n\n\n<p>  La Plataforma de Arnao, donde se celebra en Asturias el Geolod\u00eda 19,  est\u00e1 incluida en el Inventario Espa\u00f1ol de Lugares de Inter\u00e9s Geol\u00f3gico  (IELIG) y Global Geosite por su inter\u00e9s paleontol\u00f3gico, estratigr\u00e1fico,  sedimentol\u00f3gico, geomorfol\u00f3gico, tect\u00f3nico y minero. <br><br> Se puede realizar la descargar de la gu\u00eda en el siguiente enlace:<br><br><a rel=\"noreferrer noopener\" href=\"https:\/\/geolodia.es\/ediciones\/geolodia-2019\/asturias-2019\/?fbclid=IwAR3AHAGfVsDNxttmiugBfM2MOO2oi9mhRV6A6rjbqA3_kbw26lMsAA0pREs#1539510936234-5e6d9e70-e1f2f0e5-1b5a\" target=\"_blank\">https:\/\/geolodia.es\/ediciones\/geolodia-2019\/asturias-2019\/#1539510936234-5e6d9e70-e1f2f0e5-1b5a<\/a><\/p>\n\n\n\n<figure class=\"wp-block-image\"><img loading=\"lazy\" decoding=\"async\" width=\"679\" height=\"960\" src=\"http:\/\/www.icog.es\/asturias\/wp-content\/uploads\/2019\/05\/Geolodia-Arnao-2019.jpg\" alt=\"\" class=\"wp-image-2558\" srcset=\"https:\/\/www.icog.es\/asturias\/wp-content\/uploads\/2019\/05\/Geolodia-Arnao-2019.jpg 679w, https:\/\/www.icog.es\/asturias\/wp-content\/uploads\/2019\/05\/Geolodia-Arnao-2019-212x300.jpg 212w\" sizes=\"auto, (max-width: 679px) 100vw, 679px\" \/><\/figure>\n\n\n\n<p> Tienes m\u00e1s informaci\u00f3n en la web de la Facultad de Geolog\u00eda de la Universidad de Oviedo: <a href=\"https:\/\/geologia.uniovi.es\/eventos\/-\/asset_publisher\/0006\/content\/evento-geolodia-19;jsessionid=613F045C83ED9430C1DA0F3B388B4B40?redirect=%2F\">https:\/\/geologia.uniovi.es\/eventos\/-\/asset_publisher\/0006\/content\/evento-geolodia-19;jsessionid=613F045C83ED9430C1DA0F3B388B4B40?redirect=%2F<\/a><\/p>\n\n\n\n<p><\/p>\n","protected":false},"excerpt":{"rendered":"<p>19 de Mayo de 2019 No te pierdas esta excursi\u00f3n geol\u00f3gica tan interesante, la asistencia es gratuita. La Plataforma de Arnao, donde se celebra en Asturias el Geolod\u00eda 19, est\u00e1 incluida en el Inventario Espa\u00f1ol de Lugares de Inter\u00e9s Geol\u00f3gico &hellip; <a href=\"https:\/\/www.icog.es\/asturias\/2019\/05\/geolodia-19-asturias-patrimonio-geologico-en-la-ensenada-de-arnao-castrillon\/\">Sigue leyendo <span class=\"meta-nav\">&rarr;<\/span><\/a><\/p>\n","protected":false},"author":1,"featured_media":0,"comment_status":"open","ping_status":"open","sticky":false,"template":"","format":"standard","meta":{"footnotes":""},"categories":[71,7],"tags":[],"class_list":["post-2557","post","type-post","status-publish","format-standard","hentry","category-agenda-de-eventos","category-formacion"],"yoast_head":"<!-- This site is optimized with the Yoast SEO plugin v25.8 - https:\/\/yoast.com\/wordpress\/plugins\/seo\/ -->\r\n<title>GEOLOD\u00cdA 19 Asturias, &quot;Patrimonio geol\u00f3gico en la ensenada de Arnao (Castrill\u00f3n)&quot; - Colegio de Ge\u00f3logos de Asturias<\/title>\r\n<meta name=\"robots\" content=\"index, follow, max-snippet:-1, max-image-preview:large, max-video-preview:-1\" \/>\r\n<link rel=\"canonical\" href=\"https:\/\/www.icog.es\/asturias\/2019\/05\/geolodia-19-asturias-patrimonio-geologico-en-la-ensenada-de-arnao-castrillon\/\" \/>\r\n<meta property=\"og:locale\" content=\"es_ES\" \/>\r\n<meta property=\"og:type\" content=\"article\" \/>\r\n<meta property=\"og:title\" content=\"GEOLOD\u00cdA 19 Asturias, &quot;Patrimonio geol\u00f3gico en la ensenada de Arnao (Castrill\u00f3n)&quot; - Colegio de Ge\u00f3logos de Asturias\" \/>\r\n<meta property=\"og:description\" content=\"19 de Mayo de 2019 No te pierdas esta excursi\u00f3n geol\u00f3gica tan interesante, la asistencia es gratuita. La Plataforma de Arnao, donde se celebra en Asturias el Geolod\u00eda 19, est\u00e1 incluida en el Inventario Espa\u00f1ol de Lugares de Inter\u00e9s Geol\u00f3gico &hellip; Sigue leyendo &rarr;\" \/>\r\n<meta property=\"og:url\" content=\"https:\/\/www.icog.es\/asturias\/2019\/05\/geolodia-19-asturias-patrimonio-geologico-en-la-ensenada-de-arnao-castrillon\/\" \/>\r\n<meta property=\"og:site_name\" content=\"Colegio de Ge\u00f3logos de Asturias\" \/>\r\n<meta property=\"article:publisher\" content=\"https:\/\/www.facebook.com\/CGEOLOGOS\/\" \/>\r\n<meta property=\"article:published_time\" content=\"2019-05-17T10:27:55+00:00\" \/>\r\n<meta property=\"article:modified_time\" content=\"2019-05-17T11:26:20+00:00\" \/>\r\n<meta property=\"og:image\" content=\"http:\/\/www.icog.es\/asturias\/wp-content\/uploads\/2019\/05\/Geolodia-Arnao-2019.jpg\" \/>\r\n<meta name=\"author\" content=\"adminastur\" \/>\r\n<meta name=\"twitter:card\" content=\"summary_large_image\" \/>\r\n<meta name=\"twitter:creator\" content=\"@cgeologos\" \/>\r\n<meta name=\"twitter:site\" content=\"@cgeologos\" \/>\r\n<meta name=\"twitter:label1\" content=\"Escrito por\" \/>\n\t<meta name=\"twitter:data1\" content=\"adminastur\" \/>\n\t<meta name=\"twitter:label2\" content=\"Tiempo de lectura\" \/>\n\t<meta name=\"twitter:data2\" content=\"1 minuto\" \/>\r\n<script type=\"application\/ld+json\" class=\"yoast-schema-graph\">{\"@context\":\"https:\/\/schema.org\",\"@graph\":[{\"@type\":\"WebPage\",\"@id\":\"https:\/\/www.icog.es\/asturias\/2019\/05\/geolodia-19-asturias-patrimonio-geologico-en-la-ensenada-de-arnao-castrillon\/\",\"url\":\"https:\/\/www.icog.es\/asturias\/2019\/05\/geolodia-19-asturias-patrimonio-geologico-en-la-ensenada-de-arnao-castrillon\/\",\"name\":\"GEOLOD\u00cdA 19 Asturias, \\\"Patrimonio geol\u00f3gico en la ensenada de Arnao (Castrill\u00f3n)\\\" - Colegio de Ge\u00f3logos de Asturias\",\"isPartOf\":{\"@id\":\"https:\/\/www.icog.es\/asturias\/#website\"},\"primaryImageOfPage\":{\"@id\":\"https:\/\/www.icog.es\/asturias\/2019\/05\/geolodia-19-asturias-patrimonio-geologico-en-la-ensenada-de-arnao-castrillon\/#primaryimage\"},\"image\":{\"@id\":\"https:\/\/www.icog.es\/asturias\/2019\/05\/geolodia-19-asturias-patrimonio-geologico-en-la-ensenada-de-arnao-castrillon\/#primaryimage\"},\"thumbnailUrl\":\"http:\/\/www.icog.es\/asturias\/wp-content\/uploads\/2019\/05\/Geolodia-Arnao-2019.jpg\",\"datePublished\":\"2019-05-17T10:27:55+00:00\",\"dateModified\":\"2019-05-17T11:26:20+00:00\",\"author\":{\"@id\":\"https:\/\/www.icog.es\/asturias\/#\/schema\/person\/6add4689ddf6c8480578fdf130bad136\"},\"inLanguage\":\"es\",\"potentialAction\":[{\"@type\":\"ReadAction\",\"target\":[\"https:\/\/www.icog.es\/asturias\/2019\/05\/geolodia-19-asturias-patrimonio-geologico-en-la-ensenada-de-arnao-castrillon\/\"]}]},{\"@type\":\"ImageObject\",\"inLanguage\":\"es\",\"@id\":\"https:\/\/www.icog.es\/asturias\/2019\/05\/geolodia-19-asturias-patrimonio-geologico-en-la-ensenada-de-arnao-castrillon\/#primaryimage\",\"url\":\"http:\/\/www.icog.es\/asturias\/wp-content\/uploads\/2019\/05\/Geolodia-Arnao-2019.jpg\",\"contentUrl\":\"http:\/\/www.icog.es\/asturias\/wp-content\/uploads\/2019\/05\/Geolodia-Arnao-2019.jpg\"},{\"@type\":\"WebSite\",\"@id\":\"https:\/\/www.icog.es\/asturias\/#website\",\"url\":\"https:\/\/www.icog.es\/asturias\/\",\"name\":\"Colegio de Ge\u00f3logos de Asturias\",\"description\":\"\",\"potentialAction\":[{\"@type\":\"SearchAction\",\"target\":{\"@type\":\"EntryPoint\",\"urlTemplate\":\"https:\/\/www.icog.es\/asturias\/?s={search_term_string}\"},\"query-input\":{\"@type\":\"PropertyValueSpecification\",\"valueRequired\":true,\"valueName\":\"search_term_string\"}}],\"inLanguage\":\"es\"},{\"@type\":\"Person\",\"@id\":\"https:\/\/www.icog.es\/asturias\/#\/schema\/person\/6add4689ddf6c8480578fdf130bad136\",\"name\":\"adminastur\",\"image\":{\"@type\":\"ImageObject\",\"inLanguage\":\"es\",\"@id\":\"https:\/\/www.icog.es\/asturias\/#\/schema\/person\/image\/\",\"url\":\"https:\/\/secure.gravatar.com\/avatar\/b704f52acdb4b4ba100bb14784b58ce9f7d6a3e54d097f7a3d0d7f221df240c8?s=96&d=mm&r=g\",\"contentUrl\":\"https:\/\/secure.gravatar.com\/avatar\/b704f52acdb4b4ba100bb14784b58ce9f7d6a3e54d097f7a3d0d7f221df240c8?s=96&d=mm&r=g\",\"caption\":\"adminastur\"},\"url\":\"https:\/\/www.icog.es\/asturias\/author\/adminastur\/\"}]}<\/script>\r\n<!-- \/ Yoast SEO plugin. -->","yoast_head_json":{"title":"GEOLOD\u00cdA 19 Asturias, \"Patrimonio geol\u00f3gico en la ensenada de Arnao (Castrill\u00f3n)\" - Colegio de Ge\u00f3logos de Asturias","robots":{"index":"index","follow":"follow","max-snippet":"max-snippet:-1","max-image-preview":"max-image-preview:large","max-video-preview":"max-video-preview:-1"},"canonical":"https:\/\/www.icog.es\/asturias\/2019\/05\/geolodia-19-asturias-patrimonio-geologico-en-la-ensenada-de-arnao-castrillon\/","og_locale":"es_ES","og_type":"article","og_title":"GEOLOD\u00cdA 19 Asturias, \"Patrimonio geol\u00f3gico en la ensenada de Arnao (Castrill\u00f3n)\" - Colegio de Ge\u00f3logos de Asturias","og_description":"19 de Mayo de 2019 No te pierdas esta excursi\u00f3n geol\u00f3gica tan interesante, la asistencia es gratuita. La Plataforma de Arnao, donde se celebra en Asturias el Geolod\u00eda 19, est\u00e1 incluida en el Inventario Espa\u00f1ol de Lugares de Inter\u00e9s Geol\u00f3gico &hellip; Sigue leyendo &rarr;","og_url":"https:\/\/www.icog.es\/asturias\/2019\/05\/geolodia-19-asturias-patrimonio-geologico-en-la-ensenada-de-arnao-castrillon\/","og_site_name":"Colegio de Ge\u00f3logos de Asturias","article_publisher":"https:\/\/www.facebook.com\/CGEOLOGOS\/","article_published_time":"2019-05-17T10:27:55+00:00","article_modified_time":"2019-05-17T11:26:20+00:00","og_image":[{"url":"http:\/\/www.icog.es\/asturias\/wp-content\/uploads\/2019\/05\/Geolodia-Arnao-2019.jpg","type":"","width":"","height":""}],"author":"adminastur","twitter_card":"summary_large_image","twitter_creator":"@cgeologos","twitter_site":"@cgeologos","twitter_misc":{"Escrito por":"adminastur","Tiempo de lectura":"1 minuto"},"schema":{"@context":"https:\/\/schema.org","@graph":[{"@type":"WebPage","@id":"https:\/\/www.icog.es\/asturias\/2019\/05\/geolodia-19-asturias-patrimonio-geologico-en-la-ensenada-de-arnao-castrillon\/","url":"https:\/\/www.icog.es\/asturias\/2019\/05\/geolodia-19-asturias-patrimonio-geologico-en-la-ensenada-de-arnao-castrillon\/","name":"GEOLOD\u00cdA 19 Asturias, \"Patrimonio geol\u00f3gico en la ensenada de Arnao (Castrill\u00f3n)\" - Colegio de Ge\u00f3logos de Asturias","isPartOf":{"@id":"https:\/\/www.icog.es\/asturias\/#website"},"primaryImageOfPage":{"@id":"https:\/\/www.icog.es\/asturias\/2019\/05\/geolodia-19-asturias-patrimonio-geologico-en-la-ensenada-de-arnao-castrillon\/#primaryimage"},"image":{"@id":"https:\/\/www.icog.es\/asturias\/2019\/05\/geolodia-19-asturias-patrimonio-geologico-en-la-ensenada-de-arnao-castrillon\/#primaryimage"},"thumbnailUrl":"http:\/\/www.icog.es\/asturias\/wp-content\/uploads\/2019\/05\/Geolodia-Arnao-2019.jpg","datePublished":"2019-05-17T10:27:55+00:00","dateModified":"2019-05-17T11:26:20+00:00","author":{"@id":"https:\/\/www.icog.es\/asturias\/#\/schema\/person\/6add4689ddf6c8480578fdf130bad136"},"inLanguage":"es","potentialAction":[{"@type":"ReadAction","target":["https:\/\/www.icog.es\/asturias\/2019\/05\/geolodia-19-asturias-patrimonio-geologico-en-la-ensenada-de-arnao-castrillon\/"]}]},{"@type":"ImageObject","inLanguage":"es","@id":"https:\/\/www.icog.es\/asturias\/2019\/05\/geolodia-19-asturias-patrimonio-geologico-en-la-ensenada-de-arnao-castrillon\/#primaryimage","url":"http:\/\/www.icog.es\/asturias\/wp-content\/uploads\/2019\/05\/Geolodia-Arnao-2019.jpg","contentUrl":"http:\/\/www.icog.es\/asturias\/wp-content\/uploads\/2019\/05\/Geolodia-Arnao-2019.jpg"},{"@type":"WebSite","@id":"https:\/\/www.icog.es\/asturias\/#website","url":"https:\/\/www.icog.es\/asturias\/","name":"Colegio de Ge\u00f3logos de Asturias","description":"","potentialAction":[{"@type":"SearchAction","target":{"@type":"EntryPoint","urlTemplate":"https:\/\/www.icog.es\/asturias\/?s={search_term_string}"},"query-input":{"@type":"PropertyValueSpecification","valueRequired":true,"valueName":"search_term_string"}}],"inLanguage":"es"},{"@type":"Person","@id":"https:\/\/www.icog.es\/asturias\/#\/schema\/person\/6add4689ddf6c8480578fdf130bad136","name":"adminastur","image":{"@type":"ImageObject","inLanguage":"es","@id":"https:\/\/www.icog.es\/asturias\/#\/schema\/person\/image\/","url":"https:\/\/secure.gravatar.com\/avatar\/b704f52acdb4b4ba100bb14784b58ce9f7d6a3e54d097f7a3d0d7f221df240c8?s=96&d=mm&r=g","contentUrl":"https:\/\/secure.gravatar.com\/avatar\/b704f52acdb4b4ba100bb14784b58ce9f7d6a3e54d097f7a3d0d7f221df240c8?s=96&d=mm&r=g","caption":"adminastur"},"url":"https:\/\/www.icog.es\/asturias\/author\/adminastur\/"}]}},"amp_enabled":true,"_links":{"self":[{"href":"https:\/\/www.icog.es\/asturias\/wp-json\/wp\/v2\/posts\/2557","targetHints":{"allow":["GET"]}}],"collection":[{"href":"https:\/\/www.icog.es\/asturias\/wp-json\/wp\/v2\/posts"}],"about":[{"href":"https:\/\/www.icog.es\/asturias\/wp-json\/wp\/v2\/types\/post"}],"author":[{"embeddable":true,"href":"https:\/\/www.icog.es\/asturias\/wp-json\/wp\/v2\/users\/1"}],"replies":[{"embeddable":true,"href":"https:\/\/www.icog.es\/asturias\/wp-json\/wp\/v2\/comments?post=2557"}],"version-history":[{"count":3,"href":"https:\/\/www.icog.es\/asturias\/wp-json\/wp\/v2\/posts\/2557\/revisions"}],"predecessor-version":[{"id":2563,"href":"https:\/\/www.icog.es\/asturias\/wp-json\/wp\/v2\/posts\/2557\/revisions\/2563"}],"wp:attachment":[{"href":"https:\/\/www.icog.es\/asturias\/wp-json\/wp\/v2\/media?parent=2557"}],"wp:term":[{"taxonomy":"category","embeddable":true,"href":"https:\/\/www.icog.es\/asturias\/wp-json\/wp\/v2\/categories?post=2557"},{"taxonomy":"post_tag","embeddable":true,"href":"https:\/\/www.icog.es\/asturias\/wp-json\/wp\/v2\/tags?post=2557"}],"curies":[{"name":"wp","href":"https:\/\/api.w.org\/{rel}","templated":true}]}}