{"id":2083,"date":"2018-06-01T21:07:17","date_gmt":"2018-06-01T19:07:17","guid":{"rendered":"http:\/\/www.icog.es\/asturias\/?p=2083"},"modified":"2018-06-01T21:07:17","modified_gmt":"2018-06-01T19:07:17","slug":"master-en-gestion-de-la-calidad-medio-ambiente-prevencion-e-innovacion","status":"publish","type":"post","link":"https:\/\/www.icog.es\/asturias\/2018\/06\/master-en-gestion-de-la-calidad-medio-ambiente-prevencion-e-innovacion\/","title":{"rendered":"M\u00e1ster en gesti\u00f3n de la calidad, medio ambiente, prevenci\u00f3n e innovaci\u00f3n."},"content":{"rendered":"<p><img loading=\"lazy\" decoding=\"async\" class=\"alignleft wp-image-2084 size-large\" src=\"http:\/\/www.icog.es\/asturias\/wp-content\/uploads\/2018\/06\/Cartel-Master-Oviedo-2018-724x1024.jpg\" alt=\"\" width=\"720\" height=\"1018\" srcset=\"https:\/\/www.icog.es\/asturias\/wp-content\/uploads\/2018\/06\/Cartel-Master-Oviedo-2018-724x1024.jpg 724w, https:\/\/www.icog.es\/asturias\/wp-content\/uploads\/2018\/06\/Cartel-Master-Oviedo-2018-212x300.jpg 212w, https:\/\/www.icog.es\/asturias\/wp-content\/uploads\/2018\/06\/Cartel-Master-Oviedo-2018-768x1086.jpg 768w, https:\/\/www.icog.es\/asturias\/wp-content\/uploads\/2018\/06\/Cartel-Master-Oviedo-2018-720x1018.jpg 720w\" sizes=\"auto, (max-width: 720px) 100vw, 720px\" \/><\/p>\n","protected":false},"excerpt":{"rendered":"","protected":false},"author":2,"featured_media":0,"comment_status":"open","ping_status":"open","sticky":false,"template":"","format":"standard","meta":{"footnotes":""},"categories":[4,7,1],"tags":[],"class_list":["post-2083","post","type-post","status-publish","format-standard","hentry","category-delegacion","category-formacion","category-sin-categoria"],"yoast_head":"<!-- This site is optimized with the Yoast SEO plugin v25.8 - https:\/\/yoast.com\/wordpress\/plugins\/seo\/ -->\r\n<title>M\u00e1ster en gesti\u00f3n de la calidad, medio ambiente, prevenci\u00f3n e innovaci\u00f3n. - Colegio de Ge\u00f3logos de Asturias<\/title>\r\n<meta name=\"robots\" content=\"index, follow, max-snippet:-1, max-image-preview:large, max-video-preview:-1\" \/>\r\n<link rel=\"canonical\" href=\"https:\/\/www.icog.es\/asturias\/2018\/06\/master-en-gestion-de-la-calidad-medio-ambiente-prevencion-e-innovacion\/\" \/>\r\n<meta property=\"og:locale\" content=\"es_ES\" \/>\r\n<meta property=\"og:type\" content=\"article\" \/>\r\n<meta property=\"og:title\" content=\"M\u00e1ster en gesti\u00f3n de la calidad, medio ambiente, prevenci\u00f3n e innovaci\u00f3n. - Colegio de Ge\u00f3logos de Asturias\" \/>\r\n<meta property=\"og:url\" content=\"https:\/\/www.icog.es\/asturias\/2018\/06\/master-en-gestion-de-la-calidad-medio-ambiente-prevencion-e-innovacion\/\" \/>\r\n<meta property=\"og:site_name\" content=\"Colegio de Ge\u00f3logos de Asturias\" \/>\r\n<meta property=\"article:publisher\" content=\"https:\/\/www.facebook.com\/CGEOLOGOS\/\" \/>\r\n<meta property=\"article:published_time\" content=\"2018-06-01T19:07:17+00:00\" \/>\r\n<meta property=\"og:image\" content=\"http:\/\/www.icog.es\/asturias\/wp-content\/uploads\/2018\/06\/Cartel-Master-Oviedo-2018-724x1024.jpg\" \/>\r\n<meta name=\"author\" content=\"Colegio de Ge\u00f3logos de Asturias\" \/>\r\n<meta name=\"twitter:card\" content=\"summary_large_image\" \/>\r\n<meta name=\"twitter:creator\" content=\"@cgeologos\" \/>\r\n<meta name=\"twitter:site\" content=\"@cgeologos\" \/>\r\n<meta name=\"twitter:label1\" content=\"Escrito por\" \/>\n\t<meta name=\"twitter:data1\" content=\"Colegio de Ge\u00f3logos de Asturias\" \/>\r\n<script type=\"application\/ld+json\" class=\"yoast-schema-graph\">{\"@context\":\"https:\/\/schema.org\",\"@graph\":[{\"@type\":\"WebPage\",\"@id\":\"https:\/\/www.icog.es\/asturias\/2018\/06\/master-en-gestion-de-la-calidad-medio-ambiente-prevencion-e-innovacion\/\",\"url\":\"https:\/\/www.icog.es\/asturias\/2018\/06\/master-en-gestion-de-la-calidad-medio-ambiente-prevencion-e-innovacion\/\",\"name\":\"M\u00e1ster en gesti\u00f3n de la calidad, medio ambiente, prevenci\u00f3n e innovaci\u00f3n. - Colegio de Ge\u00f3logos de Asturias\",\"isPartOf\":{\"@id\":\"https:\/\/www.icog.es\/asturias\/#website\"},\"primaryImageOfPage\":{\"@id\":\"https:\/\/www.icog.es\/asturias\/2018\/06\/master-en-gestion-de-la-calidad-medio-ambiente-prevencion-e-innovacion\/#primaryimage\"},\"image\":{\"@id\":\"https:\/\/www.icog.es\/asturias\/2018\/06\/master-en-gestion-de-la-calidad-medio-ambiente-prevencion-e-innovacion\/#primaryimage\"},\"thumbnailUrl\":\"http:\/\/www.icog.es\/asturias\/wp-content\/uploads\/2018\/06\/Cartel-Master-Oviedo-2018-724x1024.jpg\",\"datePublished\":\"2018-06-01T19:07:17+00:00\",\"author\":{\"@id\":\"https:\/\/www.icog.es\/asturias\/#\/schema\/person\/b049787fca74393b3e4da3287d67acdf\"},\"inLanguage\":\"es\",\"potentialAction\":[{\"@type\":\"ReadAction\",\"target\":[\"https:\/\/www.icog.es\/asturias\/2018\/06\/master-en-gestion-de-la-calidad-medio-ambiente-prevencion-e-innovacion\/\"]}]},{\"@type\":\"ImageObject\",\"inLanguage\":\"es\",\"@id\":\"https:\/\/www.icog.es\/asturias\/2018\/06\/master-en-gestion-de-la-calidad-medio-ambiente-prevencion-e-innovacion\/#primaryimage\",\"url\":\"http:\/\/www.icog.es\/asturias\/wp-content\/uploads\/2018\/06\/Cartel-Master-Oviedo-2018-724x1024.jpg\",\"contentUrl\":\"http:\/\/www.icog.es\/asturias\/wp-content\/uploads\/2018\/06\/Cartel-Master-Oviedo-2018-724x1024.jpg\"},{\"@type\":\"WebSite\",\"@id\":\"https:\/\/www.icog.es\/asturias\/#website\",\"url\":\"https:\/\/www.icog.es\/asturias\/\",\"name\":\"Colegio de Ge\u00f3logos de Asturias\",\"description\":\"\",\"potentialAction\":[{\"@type\":\"SearchAction\",\"target\":{\"@type\":\"EntryPoint\",\"urlTemplate\":\"https:\/\/www.icog.es\/asturias\/?s={search_term_string}\"},\"query-input\":{\"@type\":\"PropertyValueSpecification\",\"valueRequired\":true,\"valueName\":\"search_term_string\"}}],\"inLanguage\":\"es\"},{\"@type\":\"Person\",\"@id\":\"https:\/\/www.icog.es\/asturias\/#\/schema\/person\/b049787fca74393b3e4da3287d67acdf\",\"name\":\"Colegio de Ge\u00f3logos de Asturias\",\"image\":{\"@type\":\"ImageObject\",\"inLanguage\":\"es\",\"@id\":\"https:\/\/www.icog.es\/asturias\/#\/schema\/person\/image\/\",\"url\":\"https:\/\/secure.gravatar.com\/avatar\/0e52ae4c477f7ea243046c5b6495dea654879f226000b9819840b1b3dc80da63?s=96&d=mm&r=g\",\"contentUrl\":\"https:\/\/secure.gravatar.com\/avatar\/0e52ae4c477f7ea243046c5b6495dea654879f226000b9819840b1b3dc80da63?s=96&d=mm&r=g\",\"caption\":\"Colegio de Ge\u00f3logos de Asturias\"},\"url\":\"https:\/\/www.icog.es\/asturias\/author\/colegioasturias\/\"}]}<\/script>\r\n<!-- \/ Yoast SEO plugin. -->","yoast_head_json":{"title":"M\u00e1ster en gesti\u00f3n de la calidad, medio ambiente, prevenci\u00f3n e innovaci\u00f3n. - Colegio de Ge\u00f3logos de Asturias","robots":{"index":"index","follow":"follow","max-snippet":"max-snippet:-1","max-image-preview":"max-image-preview:large","max-video-preview":"max-video-preview:-1"},"canonical":"https:\/\/www.icog.es\/asturias\/2018\/06\/master-en-gestion-de-la-calidad-medio-ambiente-prevencion-e-innovacion\/","og_locale":"es_ES","og_type":"article","og_title":"M\u00e1ster en gesti\u00f3n de la calidad, medio ambiente, prevenci\u00f3n e innovaci\u00f3n. - Colegio de Ge\u00f3logos de Asturias","og_url":"https:\/\/www.icog.es\/asturias\/2018\/06\/master-en-gestion-de-la-calidad-medio-ambiente-prevencion-e-innovacion\/","og_site_name":"Colegio de Ge\u00f3logos de Asturias","article_publisher":"https:\/\/www.facebook.com\/CGEOLOGOS\/","article_published_time":"2018-06-01T19:07:17+00:00","og_image":[{"url":"http:\/\/www.icog.es\/asturias\/wp-content\/uploads\/2018\/06\/Cartel-Master-Oviedo-2018-724x1024.jpg","type":"","width":"","height":""}],"author":"Colegio de Ge\u00f3logos de Asturias","twitter_card":"summary_large_image","twitter_creator":"@cgeologos","twitter_site":"@cgeologos","twitter_misc":{"Escrito por":"Colegio de Ge\u00f3logos de Asturias"},"schema":{"@context":"https:\/\/schema.org","@graph":[{"@type":"WebPage","@id":"https:\/\/www.icog.es\/asturias\/2018\/06\/master-en-gestion-de-la-calidad-medio-ambiente-prevencion-e-innovacion\/","url":"https:\/\/www.icog.es\/asturias\/2018\/06\/master-en-gestion-de-la-calidad-medio-ambiente-prevencion-e-innovacion\/","name":"M\u00e1ster en gesti\u00f3n de la calidad, medio ambiente, prevenci\u00f3n e innovaci\u00f3n. - Colegio de Ge\u00f3logos de Asturias","isPartOf":{"@id":"https:\/\/www.icog.es\/asturias\/#website"},"primaryImageOfPage":{"@id":"https:\/\/www.icog.es\/asturias\/2018\/06\/master-en-gestion-de-la-calidad-medio-ambiente-prevencion-e-innovacion\/#primaryimage"},"image":{"@id":"https:\/\/www.icog.es\/asturias\/2018\/06\/master-en-gestion-de-la-calidad-medio-ambiente-prevencion-e-innovacion\/#primaryimage"},"thumbnailUrl":"http:\/\/www.icog.es\/asturias\/wp-content\/uploads\/2018\/06\/Cartel-Master-Oviedo-2018-724x1024.jpg","datePublished":"2018-06-01T19:07:17+00:00","author":{"@id":"https:\/\/www.icog.es\/asturias\/#\/schema\/person\/b049787fca74393b3e4da3287d67acdf"},"inLanguage":"es","potentialAction":[{"@type":"ReadAction","target":["https:\/\/www.icog.es\/asturias\/2018\/06\/master-en-gestion-de-la-calidad-medio-ambiente-prevencion-e-innovacion\/"]}]},{"@type":"ImageObject","inLanguage":"es","@id":"https:\/\/www.icog.es\/asturias\/2018\/06\/master-en-gestion-de-la-calidad-medio-ambiente-prevencion-e-innovacion\/#primaryimage","url":"http:\/\/www.icog.es\/asturias\/wp-content\/uploads\/2018\/06\/Cartel-Master-Oviedo-2018-724x1024.jpg","contentUrl":"http:\/\/www.icog.es\/asturias\/wp-content\/uploads\/2018\/06\/Cartel-Master-Oviedo-2018-724x1024.jpg"},{"@type":"WebSite","@id":"https:\/\/www.icog.es\/asturias\/#website","url":"https:\/\/www.icog.es\/asturias\/","name":"Colegio de Ge\u00f3logos de Asturias","description":"","potentialAction":[{"@type":"SearchAction","target":{"@type":"EntryPoint","urlTemplate":"https:\/\/www.icog.es\/asturias\/?s={search_term_string}"},"query-input":{"@type":"PropertyValueSpecification","valueRequired":true,"valueName":"search_term_string"}}],"inLanguage":"es"},{"@type":"Person","@id":"https:\/\/www.icog.es\/asturias\/#\/schema\/person\/b049787fca74393b3e4da3287d67acdf","name":"Colegio de Ge\u00f3logos de Asturias","image":{"@type":"ImageObject","inLanguage":"es","@id":"https:\/\/www.icog.es\/asturias\/#\/schema\/person\/image\/","url":"https:\/\/secure.gravatar.com\/avatar\/0e52ae4c477f7ea243046c5b6495dea654879f226000b9819840b1b3dc80da63?s=96&d=mm&r=g","contentUrl":"https:\/\/secure.gravatar.com\/avatar\/0e52ae4c477f7ea243046c5b6495dea654879f226000b9819840b1b3dc80da63?s=96&d=mm&r=g","caption":"Colegio de Ge\u00f3logos de Asturias"},"url":"https:\/\/www.icog.es\/asturias\/author\/colegioasturias\/"}]}},"amp_enabled":true,"_links":{"self":[{"href":"https:\/\/www.icog.es\/asturias\/wp-json\/wp\/v2\/posts\/2083","targetHints":{"allow":["GET"]}}],"collection":[{"href":"https:\/\/www.icog.es\/asturias\/wp-json\/wp\/v2\/posts"}],"about":[{"href":"https:\/\/www.icog.es\/asturias\/wp-json\/wp\/v2\/types\/post"}],"author":[{"embeddable":true,"href":"https:\/\/www.icog.es\/asturias\/wp-json\/wp\/v2\/users\/2"}],"replies":[{"embeddable":true,"href":"https:\/\/www.icog.es\/asturias\/wp-json\/wp\/v2\/comments?post=2083"}],"version-history":[{"count":1,"href":"https:\/\/www.icog.es\/asturias\/wp-json\/wp\/v2\/posts\/2083\/revisions"}],"predecessor-version":[{"id":2085,"href":"https:\/\/www.icog.es\/asturias\/wp-json\/wp\/v2\/posts\/2083\/revisions\/2085"}],"wp:attachment":[{"href":"https:\/\/www.icog.es\/asturias\/wp-json\/wp\/v2\/media?parent=2083"}],"wp:term":[{"taxonomy":"category","embeddable":true,"href":"https:\/\/www.icog.es\/asturias\/wp-json\/wp\/v2\/categories?post=2083"},{"taxonomy":"post_tag","embeddable":true,"href":"https:\/\/www.icog.es\/asturias\/wp-json\/wp\/v2\/tags?post=2083"}],"curies":[{"name":"wp","href":"https:\/\/api.w.org\/{rel}","templated":true}]}}