{"id":107,"date":"2013-06-13T11:28:33","date_gmt":"2013-06-13T11:28:33","guid":{"rendered":"http:\/\/www.icog.es\/asturias\/?p=107"},"modified":"2013-06-16T11:40:36","modified_gmt":"2013-06-16T11:40:36","slug":"presentacion-del-libro-conoce-y-convive-con-los-riesgos-naturales","status":"publish","type":"post","link":"https:\/\/www.icog.es\/asturias\/2013\/06\/presentacion-del-libro-conoce-y-convive-con-los-riesgos-naturales\/","title":{"rendered":"Presentaci\u00f3n del libro \u00abConoce y convive con los riesgos naturales\u00bb"},"content":{"rendered":"<p style=\"text-align: justify;\"><strong><a href=\"http:\/\/www.icog.es\/asturias\/wp-content\/uploads\/2013\/06\/xeologos.jpg\"><img loading=\"lazy\" decoding=\"async\" class=\" wp-image-108 alignleft\" alt=\"xeologos\" src=\"http:\/\/www.icog.es\/asturias\/wp-content\/uploads\/2013\/06\/xeologos-300x169.jpg\" width=\"300\" height=\"169\" srcset=\"https:\/\/www.icog.es\/asturias\/wp-content\/uploads\/2013\/06\/xeologos-300x169.jpg 300w, https:\/\/www.icog.es\/asturias\/wp-content\/uploads\/2013\/06\/xeologos.jpg 642w\" sizes=\"auto, (max-width: 300px) 100vw, 300px\" \/><\/a>El evento lo recoge la Nueva Espa\u00f1a en su edici\u00f3n del 12 de junio<\/strong> |\u00a0\u00abEs conveniente saber c\u00f3mo actuar en el caso de una cat\u00e1strofe natural, y tambi\u00e9n cu\u00e1les son las l\u00edneas de actuaci\u00f3n de los servicios de Protecci\u00f3n Civil\u00bb. Olegario Alonso, presidente del Colegio de Ge\u00f3logos de Asturias, destac\u00f3 la importancia de estos profesionales, que son \u00abuna herramienta fundamental e imprescindible para estos fen\u00f3menos\u00bb.<\/p>\n<p style=\"text-align: justify;\">Alonso particip\u00f3 ayer en la presentaci\u00f3n del libro \u00abConoce y convive con los riesgos naturales\u00bb, dirigido al p\u00fablico infantil, auspiciado por <a href=\"http:\/\/xeologosdelmundu.org\/\" target=\"_blank\"><span style=\"color: #0000ff;\">Ge\u00f3logos del Mundo<\/span><\/a> y financiado por la Agencia Asturiana de Cooperaci\u00f3n al Desarrollo, que fue presentado ayer en el Club Prensa Asturiana de LA NUEVA ESPA\u00d1A.<\/p>\n<p style=\"text-align: justify;\">El acto fue presentado por Luis Rodr\u00edguez, delegado de Ge\u00f3logos del Mundo Asturias, e intervinieron Graciela Blanco, directora de la Agencia Asturiana de Cooperaci\u00f3n al Desarrollo y Carmen Vera, de Ge\u00f3logos del Mundo y editora, junto al ya citado Olegario Alonso.<\/p>\n<p style=\"text-align: justify;\">Graciela Blanco se\u00f1al\u00f3 que este libro \u00abservir\u00e1 para que los j\u00f3venes tomen conciencia de las causas que desencadenan un desastre natural\u00bb.<\/p>\n<p style=\"text-align: justify;\">Carmen Vera fue la encargada de explicar el contenido de la publicaci\u00f3n, en la que un duendecillo sirve de hilo conductor y va explicando de forma amena todos los fen\u00f3menos naturales, desde los terremotos y tsunamis a desplazamientos de terrenos y aludes, pasando por inundaciones. No se olvidaron otros fen\u00f3menos m\u00e1s cotidianos, como las corrientes y resacas en las playas.<\/p>\n<p style=\"text-align: justify;\">El libro incluye consejos detallados para que los peque\u00f1os sepan hacer frente a cualquier fen\u00f3meno natural y puedan salir airosos.<\/p>\n<p style=\"text-align: justify;\"><span style=\"color: #0000ff;\"><a href=\"http:\/\/www.xeologosdelmundu.org\/files\/Libro%20riesgos.pdf\" target=\"_blank\"><span style=\"color: #0000ff;\">Pod\u00e9is descargar el libro en este enlace.<\/span><\/a><\/span><\/p>\n","protected":false},"excerpt":{"rendered":"<p>El evento lo recoge la Nueva Espa\u00f1a en su edici\u00f3n del 12 de junio |\u00a0\u00abEs conveniente saber c\u00f3mo actuar en el caso de una cat\u00e1strofe natural, y tambi\u00e9n cu\u00e1les son las l\u00edneas de actuaci\u00f3n de los servicios de Protecci\u00f3n Civil\u00bb. &hellip; <a href=\"https:\/\/www.icog.es\/asturias\/2013\/06\/presentacion-del-libro-conoce-y-convive-con-los-riesgos-naturales\/\">Sigue leyendo <span class=\"meta-nav\">&rarr;<\/span><\/a><\/p>\n","protected":false},"author":1,"featured_media":108,"comment_status":"open","ping_status":"open","sticky":false,"template":"","format":"standard","meta":{"footnotes":""},"categories":[4],"tags":[20,21,22],"class_list":["post-107","post","type-post","status-publish","format-standard","has-post-thumbnail","hentry","category-delegacion","tag-geologos-del-mundo","tag-ong","tag-riesgos-naturales"],"yoast_head":"<!-- This site is optimized with the Yoast SEO plugin v25.8 - https:\/\/yoast.com\/wordpress\/plugins\/seo\/ -->\r\n<title>Presentaci\u00f3n del libro &quot;Conoce y convive con los riesgos naturales&quot; - Colegio de Ge\u00f3logos de Asturias<\/title>\r\n<meta name=\"description\" content=\"Presentaci\u00f3n del libro sobre riesgos naturales dirigido al p\u00fablico infantil.\" \/>\r\n<meta name=\"robots\" content=\"index, follow, max-snippet:-1, max-image-preview:large, max-video-preview:-1\" \/>\r\n<link rel=\"canonical\" href=\"https:\/\/www.icog.es\/asturias\/2013\/06\/presentacion-del-libro-conoce-y-convive-con-los-riesgos-naturales\/\" \/>\r\n<meta property=\"og:locale\" content=\"es_ES\" \/>\r\n<meta property=\"og:type\" content=\"article\" \/>\r\n<meta property=\"og:title\" content=\"Presentaci\u00f3n del libro &quot;Conoce y convive con los riesgos naturales&quot; - Colegio de Ge\u00f3logos de Asturias\" \/>\r\n<meta property=\"og:description\" content=\"Presentaci\u00f3n del libro sobre riesgos naturales dirigido al p\u00fablico infantil.\" \/>\r\n<meta property=\"og:url\" content=\"https:\/\/www.icog.es\/asturias\/2013\/06\/presentacion-del-libro-conoce-y-convive-con-los-riesgos-naturales\/\" \/>\r\n<meta property=\"og:site_name\" content=\"Colegio de Ge\u00f3logos de Asturias\" \/>\r\n<meta property=\"article:publisher\" content=\"https:\/\/www.facebook.com\/CGEOLOGOS\/\" \/>\r\n<meta property=\"article:published_time\" content=\"2013-06-13T11:28:33+00:00\" \/>\r\n<meta property=\"article:modified_time\" content=\"2013-06-16T11:40:36+00:00\" \/>\r\n<meta property=\"og:image\" content=\"https:\/\/www.icog.es\/asturias\/wp-content\/uploads\/2013\/06\/xeologos.jpg\" \/>\r\n\t<meta property=\"og:image:width\" content=\"642\" \/>\r\n\t<meta property=\"og:image:height\" content=\"363\" \/>\r\n\t<meta property=\"og:image:type\" content=\"image\/jpeg\" \/>\r\n<meta name=\"author\" content=\"adminastur\" \/>\r\n<meta name=\"twitter:card\" content=\"summary_large_image\" \/>\r\n<meta name=\"twitter:creator\" content=\"@cgeologos\" \/>\r\n<meta name=\"twitter:site\" content=\"@cgeologos\" \/>\r\n<meta name=\"twitter:label1\" content=\"Escrito por\" \/>\n\t<meta name=\"twitter:data1\" content=\"adminastur\" \/>\n\t<meta name=\"twitter:label2\" content=\"Tiempo de lectura\" \/>\n\t<meta name=\"twitter:data2\" content=\"1 minuto\" \/>\r\n<script type=\"application\/ld+json\" class=\"yoast-schema-graph\">{\"@context\":\"https:\/\/schema.org\",\"@graph\":[{\"@type\":\"WebPage\",\"@id\":\"https:\/\/www.icog.es\/asturias\/2013\/06\/presentacion-del-libro-conoce-y-convive-con-los-riesgos-naturales\/\",\"url\":\"https:\/\/www.icog.es\/asturias\/2013\/06\/presentacion-del-libro-conoce-y-convive-con-los-riesgos-naturales\/\",\"name\":\"Presentaci\u00f3n del libro \\\"Conoce y convive con los riesgos naturales\\\" - Colegio de Ge\u00f3logos de Asturias\",\"isPartOf\":{\"@id\":\"https:\/\/www.icog.es\/asturias\/#website\"},\"primaryImageOfPage\":{\"@id\":\"https:\/\/www.icog.es\/asturias\/2013\/06\/presentacion-del-libro-conoce-y-convive-con-los-riesgos-naturales\/#primaryimage\"},\"image\":{\"@id\":\"https:\/\/www.icog.es\/asturias\/2013\/06\/presentacion-del-libro-conoce-y-convive-con-los-riesgos-naturales\/#primaryimage\"},\"thumbnailUrl\":\"https:\/\/www.icog.es\/asturias\/wp-content\/uploads\/2013\/06\/xeologos.jpg\",\"datePublished\":\"2013-06-13T11:28:33+00:00\",\"dateModified\":\"2013-06-16T11:40:36+00:00\",\"author\":{\"@id\":\"https:\/\/www.icog.es\/asturias\/#\/schema\/person\/6add4689ddf6c8480578fdf130bad136\"},\"description\":\"Presentaci\u00f3n del libro sobre riesgos naturales dirigido al p\u00fablico infantil.\",\"inLanguage\":\"es\",\"potentialAction\":[{\"@type\":\"ReadAction\",\"target\":[\"https:\/\/www.icog.es\/asturias\/2013\/06\/presentacion-del-libro-conoce-y-convive-con-los-riesgos-naturales\/\"]}]},{\"@type\":\"ImageObject\",\"inLanguage\":\"es\",\"@id\":\"https:\/\/www.icog.es\/asturias\/2013\/06\/presentacion-del-libro-conoce-y-convive-con-los-riesgos-naturales\/#primaryimage\",\"url\":\"https:\/\/www.icog.es\/asturias\/wp-content\/uploads\/2013\/06\/xeologos.jpg\",\"contentUrl\":\"https:\/\/www.icog.es\/asturias\/wp-content\/uploads\/2013\/06\/xeologos.jpg\",\"width\":642,\"height\":363},{\"@type\":\"WebSite\",\"@id\":\"https:\/\/www.icog.es\/asturias\/#website\",\"url\":\"https:\/\/www.icog.es\/asturias\/\",\"name\":\"Colegio de Ge\u00f3logos de Asturias\",\"description\":\"\",\"potentialAction\":[{\"@type\":\"SearchAction\",\"target\":{\"@type\":\"EntryPoint\",\"urlTemplate\":\"https:\/\/www.icog.es\/asturias\/?s={search_term_string}\"},\"query-input\":{\"@type\":\"PropertyValueSpecification\",\"valueRequired\":true,\"valueName\":\"search_term_string\"}}],\"inLanguage\":\"es\"},{\"@type\":\"Person\",\"@id\":\"https:\/\/www.icog.es\/asturias\/#\/schema\/person\/6add4689ddf6c8480578fdf130bad136\",\"name\":\"adminastur\",\"image\":{\"@type\":\"ImageObject\",\"inLanguage\":\"es\",\"@id\":\"https:\/\/www.icog.es\/asturias\/#\/schema\/person\/image\/\",\"url\":\"https:\/\/secure.gravatar.com\/avatar\/b704f52acdb4b4ba100bb14784b58ce9f7d6a3e54d097f7a3d0d7f221df240c8?s=96&d=mm&r=g\",\"contentUrl\":\"https:\/\/secure.gravatar.com\/avatar\/b704f52acdb4b4ba100bb14784b58ce9f7d6a3e54d097f7a3d0d7f221df240c8?s=96&d=mm&r=g\",\"caption\":\"adminastur\"},\"url\":\"https:\/\/www.icog.es\/asturias\/author\/adminastur\/\"}]}<\/script>\r\n<!-- \/ Yoast SEO plugin. -->","yoast_head_json":{"title":"Presentaci\u00f3n del libro \"Conoce y convive con los riesgos naturales\" - Colegio de Ge\u00f3logos de Asturias","description":"Presentaci\u00f3n del libro sobre riesgos naturales dirigido al p\u00fablico infantil.","robots":{"index":"index","follow":"follow","max-snippet":"max-snippet:-1","max-image-preview":"max-image-preview:large","max-video-preview":"max-video-preview:-1"},"canonical":"https:\/\/www.icog.es\/asturias\/2013\/06\/presentacion-del-libro-conoce-y-convive-con-los-riesgos-naturales\/","og_locale":"es_ES","og_type":"article","og_title":"Presentaci\u00f3n del libro \"Conoce y convive con los riesgos naturales\" - Colegio de Ge\u00f3logos de Asturias","og_description":"Presentaci\u00f3n del libro sobre riesgos naturales dirigido al p\u00fablico infantil.","og_url":"https:\/\/www.icog.es\/asturias\/2013\/06\/presentacion-del-libro-conoce-y-convive-con-los-riesgos-naturales\/","og_site_name":"Colegio de Ge\u00f3logos de Asturias","article_publisher":"https:\/\/www.facebook.com\/CGEOLOGOS\/","article_published_time":"2013-06-13T11:28:33+00:00","article_modified_time":"2013-06-16T11:40:36+00:00","og_image":[{"width":642,"height":363,"url":"https:\/\/www.icog.es\/asturias\/wp-content\/uploads\/2013\/06\/xeologos.jpg","type":"image\/jpeg"}],"author":"adminastur","twitter_card":"summary_large_image","twitter_creator":"@cgeologos","twitter_site":"@cgeologos","twitter_misc":{"Escrito por":"adminastur","Tiempo de lectura":"1 minuto"},"schema":{"@context":"https:\/\/schema.org","@graph":[{"@type":"WebPage","@id":"https:\/\/www.icog.es\/asturias\/2013\/06\/presentacion-del-libro-conoce-y-convive-con-los-riesgos-naturales\/","url":"https:\/\/www.icog.es\/asturias\/2013\/06\/presentacion-del-libro-conoce-y-convive-con-los-riesgos-naturales\/","name":"Presentaci\u00f3n del libro \"Conoce y convive con los riesgos naturales\" - Colegio de Ge\u00f3logos de Asturias","isPartOf":{"@id":"https:\/\/www.icog.es\/asturias\/#website"},"primaryImageOfPage":{"@id":"https:\/\/www.icog.es\/asturias\/2013\/06\/presentacion-del-libro-conoce-y-convive-con-los-riesgos-naturales\/#primaryimage"},"image":{"@id":"https:\/\/www.icog.es\/asturias\/2013\/06\/presentacion-del-libro-conoce-y-convive-con-los-riesgos-naturales\/#primaryimage"},"thumbnailUrl":"https:\/\/www.icog.es\/asturias\/wp-content\/uploads\/2013\/06\/xeologos.jpg","datePublished":"2013-06-13T11:28:33+00:00","dateModified":"2013-06-16T11:40:36+00:00","author":{"@id":"https:\/\/www.icog.es\/asturias\/#\/schema\/person\/6add4689ddf6c8480578fdf130bad136"},"description":"Presentaci\u00f3n del libro sobre riesgos naturales dirigido al p\u00fablico infantil.","inLanguage":"es","potentialAction":[{"@type":"ReadAction","target":["https:\/\/www.icog.es\/asturias\/2013\/06\/presentacion-del-libro-conoce-y-convive-con-los-riesgos-naturales\/"]}]},{"@type":"ImageObject","inLanguage":"es","@id":"https:\/\/www.icog.es\/asturias\/2013\/06\/presentacion-del-libro-conoce-y-convive-con-los-riesgos-naturales\/#primaryimage","url":"https:\/\/www.icog.es\/asturias\/wp-content\/uploads\/2013\/06\/xeologos.jpg","contentUrl":"https:\/\/www.icog.es\/asturias\/wp-content\/uploads\/2013\/06\/xeologos.jpg","width":642,"height":363},{"@type":"WebSite","@id":"https:\/\/www.icog.es\/asturias\/#website","url":"https:\/\/www.icog.es\/asturias\/","name":"Colegio de Ge\u00f3logos de Asturias","description":"","potentialAction":[{"@type":"SearchAction","target":{"@type":"EntryPoint","urlTemplate":"https:\/\/www.icog.es\/asturias\/?s={search_term_string}"},"query-input":{"@type":"PropertyValueSpecification","valueRequired":true,"valueName":"search_term_string"}}],"inLanguage":"es"},{"@type":"Person","@id":"https:\/\/www.icog.es\/asturias\/#\/schema\/person\/6add4689ddf6c8480578fdf130bad136","name":"adminastur","image":{"@type":"ImageObject","inLanguage":"es","@id":"https:\/\/www.icog.es\/asturias\/#\/schema\/person\/image\/","url":"https:\/\/secure.gravatar.com\/avatar\/b704f52acdb4b4ba100bb14784b58ce9f7d6a3e54d097f7a3d0d7f221df240c8?s=96&d=mm&r=g","contentUrl":"https:\/\/secure.gravatar.com\/avatar\/b704f52acdb4b4ba100bb14784b58ce9f7d6a3e54d097f7a3d0d7f221df240c8?s=96&d=mm&r=g","caption":"adminastur"},"url":"https:\/\/www.icog.es\/asturias\/author\/adminastur\/"}]}},"amp_enabled":true,"_links":{"self":[{"href":"https:\/\/www.icog.es\/asturias\/wp-json\/wp\/v2\/posts\/107","targetHints":{"allow":["GET"]}}],"collection":[{"href":"https:\/\/www.icog.es\/asturias\/wp-json\/wp\/v2\/posts"}],"about":[{"href":"https:\/\/www.icog.es\/asturias\/wp-json\/wp\/v2\/types\/post"}],"author":[{"embeddable":true,"href":"https:\/\/www.icog.es\/asturias\/wp-json\/wp\/v2\/users\/1"}],"replies":[{"embeddable":true,"href":"https:\/\/www.icog.es\/asturias\/wp-json\/wp\/v2\/comments?post=107"}],"version-history":[{"count":1,"href":"https:\/\/www.icog.es\/asturias\/wp-json\/wp\/v2\/posts\/107\/revisions"}],"predecessor-version":[{"id":109,"href":"https:\/\/www.icog.es\/asturias\/wp-json\/wp\/v2\/posts\/107\/revisions\/109"}],"wp:featuredmedia":[{"embeddable":true,"href":"https:\/\/www.icog.es\/asturias\/wp-json\/wp\/v2\/media\/108"}],"wp:attachment":[{"href":"https:\/\/www.icog.es\/asturias\/wp-json\/wp\/v2\/media?parent=107"}],"wp:term":[{"taxonomy":"category","embeddable":true,"href":"https:\/\/www.icog.es\/asturias\/wp-json\/wp\/v2\/categories?post=107"},{"taxonomy":"post_tag","embeddable":true,"href":"https:\/\/www.icog.es\/asturias\/wp-json\/wp\/v2\/tags?post=107"}],"curies":[{"name":"wp","href":"https:\/\/api.w.org\/{rel}","templated":true}]}}