{"id":9959,"date":"2019-03-05T15:47:03","date_gmt":"2019-03-05T15:47:03","guid":{"rendered":"https:\/\/www.icog.es\/TyT\/?p=9959"},"modified":"2019-04-26T10:50:02","modified_gmt":"2019-04-26T10:50:02","slug":"el-icog-denuncia-la-ausencia-de-geologos-en-las-demarcaciones-de-carreteras-del-estado","status":"publish","type":"post","link":"https:\/\/www.icog.es\/TyT\/index.php\/2019\/03\/el-icog-denuncia-la-ausencia-de-geologos-en-las-demarcaciones-de-carreteras-del-estado\/","title":{"rendered":"El ICOG denuncia la ausencia de ge\u00f3logos en las Demarcaciones de Carreteras del Estado"},"content":{"rendered":"\n<p>El presidente del Ilustre Colegio Oficial de Ge\u00f3logos (ICOG), Manuel Regueiro, ha denunciado la ausencia de ge\u00f3logos y la desaparici\u00f3n de los Servicios de Apoyo T\u00e9cnico en la gran mayor\u00eda de Demarcaciones de Carreteras del Estado. Regueiro ha recordado que en la actualidad solo las Demarcaciones en la Comunidad Valenciana y Extremadura cuentan con ge\u00f3logos.<\/p>\n\n\n\n<blockquote style=\"text-align:center\" class=\"wp-block-quote is-layout-flow wp-block-quote-is-layout-flow\"><p>La mayor\u00eda de Demarcaciones carecen de profesionales capaces de supervisar los trabajos relacionados con la geolog\u00eda<\/p><\/blockquote>\n\n\n\n<p>\u201cLas\nDemarcaciones y Unidades de Carreteras se establecieron mediante orden ministerial\nen 1986, en cumplimiento de lo previsto en el Real Decreto 2680\/1985, para\nreemplazar a la antigua estructura del Ministerio de Obras P\u00fablicas\u201d, ha\nexplicado el presidente del ICOG. Entre otras funciones, estas Demarcaciones\nasumen el planeamiento, proyecci\u00f3n y construcci\u00f3n de carreteras, la\nconservaci\u00f3n y explotaci\u00f3n de las mismas y los estudios geol\u00f3gicos, geot\u00e9cnicos\ny de auscultaci\u00f3n necesarios.<\/p>\n\n\n\n<p>\u201cCada\nDemarcaci\u00f3n contaba con un Servicio de Apoyo T\u00e9cnico o un Laboratorio de Materiales\nencargados de realizar los estudios geol\u00f3gicos y geot\u00e9cnicos de materiales y la\nauscultaci\u00f3n de firmes y estructuras\u201d, ha recordado el presidente del Colegio\nde Ge\u00f3logos. \u201cSin embargo, progresivamente estos estudios y trabajos geol\u00f3gicos\nhan sido externalizados hasta llegar a la situaci\u00f3n actual\u201d.<\/p>\n\n\n\n<p>En la\nactualidad, los Servicios de Apoyo T\u00e9cnico han ido desapareciendo o se han\nintegrado dentro de otras \u00c1reas de planeamiento y obras, al haberse quedado sin\nfunciones y trabajo. \u201cA diferencia de otros trabajos propios de las\nDemarcaciones de Carreteras, que cuentan con t\u00e9cnicos cualificados para su\nsupervisi\u00f3n, como ingenieros de caminos e ingenieros t\u00e9cnicos de obras\np\u00fablicas, en la mayor\u00eda de Demarcaciones se carece de ge\u00f3logos capaces de\nsupervisar los trabajos geol\u00f3gicos y geot\u00e9cnicos\u201d, ha lamentado Regueiro.<\/p>\n\n\n\n<p>El Colegio de\nGe\u00f3logos explica que la geolog\u00eda tiene un papel fundamental en todas las fases\nque conlleva la construcci\u00f3n y conservaci\u00f3n de carreteras, desde los estudios\nde planeamiento hasta la conservaci\u00f3n. \u201cLos estudios geol\u00f3gicos son necesarios\npara determinar la naturaleza y caracter\u00edsticas de los terrenos que atraviesa una\ncarretera o un t\u00fanel, estabilizar taludes, definir drenajes, asentar\nterraplenes y evitar la ca\u00edda de rocas o deformaciones del firme\u201d, ha detallado\nManuel Regueiro.<\/p>\n\n\n\n<p>En este sentido,\nel ICOG recuerda que la Orden Circular 7\/2001 del Ministerio de Fomento\nestablece que las oficinas de supervisi\u00f3n de proyectos de las Demarcaciones de\nCarreteras del Estado deben comprobar que los proyectos de carreteras contienen\nlos siguientes aspectos concernientes a la geolog\u00eda:<\/p>\n\n\n\n<ul class=\"wp-block-list\"><li>Plano geol\u00f3gico y memoria con descripci\u00f3n litogr\u00e1fica, estructural e      hidrogeol\u00f3gica de las formaciones afectadas por el trazado.<\/li><li>Par\u00e1metros para dise\u00f1ar las cimentaciones, explanada, desmontes y rellenos.<\/li><li>Estudio de la excavabilidad y del aprovechamiento de los materiales.<\/li><li>Conclusiones y recomendaciones, as\u00ed como su justificaci\u00f3n.<\/li><li>Relaci\u00f3n de canteras e instalaciones de suministro.<\/li><\/ul>\n\n\n\n<p>Por este motivo,\nel Colegio de Ge\u00f3logos considera necesario que cada Demarcaci\u00f3n de Carreteras\ndel Estado contrate al menos un ge\u00f3logo que se encargue de supervisar los\ntrabajos geol\u00f3gicos y geot\u00e9cnicos de los proyectos, obras y conservaci\u00f3n de\ncarreteras desarrollados por esa Demarcaci\u00f3n, as\u00ed como otros trabajos\nrelacionados con la geolog\u00eda.<\/p>\n","protected":false},"excerpt":{"rendered":"<p>El presidente del Ilustre Colegio Oficial de Ge\u00f3logos (ICOG), Manuel Regueiro, ha denunciado la ausencia de ge\u00f3logos y la desaparici\u00f3n de los Servicios de Apoyo T\u00e9cnico en la gran mayor\u00eda de Demarcaciones de Carreteras del Estado. Regueiro ha recordado que en la actualidad solo las Demarcaciones en la Comunidad Valenciana y Extremadura cuentan con ge\u00f3logos. [&hellip;]<\/p>\n","protected":false},"author":2,"featured_media":9960,"comment_status":"open","ping_status":"open","sticky":false,"template":"","format":"standard","meta":{"tdm_status":"","tdm_grid_status":"","footnotes":""},"categories":[284,911],"tags":[],"class_list":{"0":"post-9959","1":"post","2":"type-post","3":"status-publish","4":"format-standard","5":"has-post-thumbnail","7":"category-comunicado-icog","8":"category-tt-53"},"yoast_head":"<!-- This site is optimized with the Yoast SEO plugin v27.0 - https:\/\/yoast.com\/product\/yoast-seo-wordpress\/ -->\r\n<title>El ICOG denuncia la ausencia de ge\u00f3logos en las Demarcaciones de Carreteras del Estado<\/title>\r\n<meta name=\"description\" content=\"La mayor\u00eda de Demarcaciones de carreteras carecen de profesionales capaces de supervisar los trabajos relacionados con la geolog\u00eda\" \/>\r\n<meta name=\"robots\" content=\"index, follow, max-snippet:-1, max-image-preview:large, max-video-preview:-1\" \/>\r\n<link rel=\"canonical\" href=\"https:\/\/www.icog.es\/TyT\/index.php\/2019\/03\/el-icog-denuncia-la-ausencia-de-geologos-en-las-demarcaciones-de-carreteras-del-estado\/\" \/>\r\n<meta property=\"og:locale\" content=\"es_ES\" \/>\r\n<meta property=\"og:type\" content=\"article\" \/>\r\n<meta property=\"og:title\" content=\"El ICOG denuncia la ausencia de ge\u00f3logos en las Demarcaciones de Carreteras del Estado\" \/>\r\n<meta property=\"og:description\" content=\"La mayor\u00eda de Demarcaciones de carreteras carecen de profesionales capaces de supervisar los trabajos relacionados con la geolog\u00eda\" \/>\r\n<meta property=\"og:url\" content=\"https:\/\/www.icog.es\/TyT\/index.php\/2019\/03\/el-icog-denuncia-la-ausencia-de-geologos-en-las-demarcaciones-de-carreteras-del-estado\/\" \/>\r\n<meta property=\"og:site_name\" content=\"Tierra y Tecnolog\u00eda\" \/>\r\n<meta property=\"article:publisher\" content=\"https:\/\/www.facebook.com\/CGEOLOGOS\" \/>\r\n<meta property=\"article:author\" content=\"https:\/\/www.facebook.com\/CGEOLOGOS\" \/>\r\n<meta property=\"article:published_time\" content=\"2019-03-05T15:47:03+00:00\" \/>\r\n<meta property=\"article:modified_time\" content=\"2019-04-26T10:50:02+00:00\" \/>\r\n<meta property=\"og:image\" content=\"https:\/\/www.icog.es\/TyT\/wp-content\/uploads\/2019\/03\/carreteras.jpg\" \/>\r\n\t<meta property=\"og:image:width\" content=\"1236\" \/>\r\n\t<meta property=\"og:image:height\" content=\"744\" \/>\r\n\t<meta property=\"og:image:type\" content=\"image\/jpeg\" \/>\r\n<meta name=\"author\" content=\"Redacci\u00f3n\" \/>\r\n<meta name=\"twitter:card\" content=\"summary_large_image\" \/>\r\n<meta name=\"twitter:creator\" content=\"@https:\/\/twitter.com\/cgeologos\" \/>\r\n<meta name=\"twitter:site\" content=\"@cgeologos\" \/>\r\n<meta name=\"twitter:label1\" content=\"Escrito por\" \/>\n\t<meta name=\"twitter:data1\" content=\"Redacci\u00f3n\" \/>\n\t<meta name=\"twitter:label2\" content=\"Tiempo de lectura\" \/>\n\t<meta name=\"twitter:data2\" content=\"3 minutos\" \/>\r\n<script type=\"application\/ld+json\" class=\"yoast-schema-graph\">{\"@context\":\"https:\/\/schema.org\",\"@graph\":[{\"@type\":\"Article\",\"@id\":\"https:\/\/www.icog.es\/TyT\/index.php\/2019\/03\/el-icog-denuncia-la-ausencia-de-geologos-en-las-demarcaciones-de-carreteras-del-estado\/#article\",\"isPartOf\":{\"@id\":\"https:\/\/www.icog.es\/TyT\/index.php\/2019\/03\/el-icog-denuncia-la-ausencia-de-geologos-en-las-demarcaciones-de-carreteras-del-estado\/\"},\"author\":{\"name\":\"Redacci\u00f3n\",\"@id\":\"https:\/\/www.icog.es\/TyT\/#\/schema\/person\/590cfb5c1b7b4e4b350d60316033e853\"},\"headline\":\"El ICOG denuncia la ausencia de ge\u00f3logos en las Demarcaciones de Carreteras del Estado\",\"datePublished\":\"2019-03-05T15:47:03+00:00\",\"dateModified\":\"2019-04-26T10:50:02+00:00\",\"mainEntityOfPage\":{\"@id\":\"https:\/\/www.icog.es\/TyT\/index.php\/2019\/03\/el-icog-denuncia-la-ausencia-de-geologos-en-las-demarcaciones-de-carreteras-del-estado\/\"},\"wordCount\":566,\"commentCount\":0,\"publisher\":{\"@id\":\"https:\/\/www.icog.es\/TyT\/#organization\"},\"image\":{\"@id\":\"https:\/\/www.icog.es\/TyT\/index.php\/2019\/03\/el-icog-denuncia-la-ausencia-de-geologos-en-las-demarcaciones-de-carreteras-del-estado\/#primaryimage\"},\"thumbnailUrl\":\"https:\/\/www.icog.es\/TyT\/wp-content\/uploads\/2019\/03\/carreteras.jpg\",\"articleSection\":[\"Comunicado ICOG\",\"T&amp;T 53\"],\"inLanguage\":\"es\",\"potentialAction\":[{\"@type\":\"CommentAction\",\"name\":\"Comment\",\"target\":[\"https:\/\/www.icog.es\/TyT\/index.php\/2019\/03\/el-icog-denuncia-la-ausencia-de-geologos-en-las-demarcaciones-de-carreteras-del-estado\/#respond\"]}]},{\"@type\":\"WebPage\",\"@id\":\"https:\/\/www.icog.es\/TyT\/index.php\/2019\/03\/el-icog-denuncia-la-ausencia-de-geologos-en-las-demarcaciones-de-carreteras-del-estado\/\",\"url\":\"https:\/\/www.icog.es\/TyT\/index.php\/2019\/03\/el-icog-denuncia-la-ausencia-de-geologos-en-las-demarcaciones-de-carreteras-del-estado\/\",\"name\":\"El ICOG denuncia la ausencia de ge\u00f3logos en las Demarcaciones de Carreteras del Estado\",\"isPartOf\":{\"@id\":\"https:\/\/www.icog.es\/TyT\/#website\"},\"primaryImageOfPage\":{\"@id\":\"https:\/\/www.icog.es\/TyT\/index.php\/2019\/03\/el-icog-denuncia-la-ausencia-de-geologos-en-las-demarcaciones-de-carreteras-del-estado\/#primaryimage\"},\"image\":{\"@id\":\"https:\/\/www.icog.es\/TyT\/index.php\/2019\/03\/el-icog-denuncia-la-ausencia-de-geologos-en-las-demarcaciones-de-carreteras-del-estado\/#primaryimage\"},\"thumbnailUrl\":\"https:\/\/www.icog.es\/TyT\/wp-content\/uploads\/2019\/03\/carreteras.jpg\",\"datePublished\":\"2019-03-05T15:47:03+00:00\",\"dateModified\":\"2019-04-26T10:50:02+00:00\",\"description\":\"La mayor\u00eda de Demarcaciones de carreteras carecen de profesionales capaces de supervisar los trabajos relacionados con la geolog\u00eda\",\"breadcrumb\":{\"@id\":\"https:\/\/www.icog.es\/TyT\/index.php\/2019\/03\/el-icog-denuncia-la-ausencia-de-geologos-en-las-demarcaciones-de-carreteras-del-estado\/#breadcrumb\"},\"inLanguage\":\"es\",\"potentialAction\":[{\"@type\":\"ReadAction\",\"target\":[\"https:\/\/www.icog.es\/TyT\/index.php\/2019\/03\/el-icog-denuncia-la-ausencia-de-geologos-en-las-demarcaciones-de-carreteras-del-estado\/\"]}]},{\"@type\":\"ImageObject\",\"inLanguage\":\"es\",\"@id\":\"https:\/\/www.icog.es\/TyT\/index.php\/2019\/03\/el-icog-denuncia-la-ausencia-de-geologos-en-las-demarcaciones-de-carreteras-del-estado\/#primaryimage\",\"url\":\"https:\/\/www.icog.es\/TyT\/wp-content\/uploads\/2019\/03\/carreteras.jpg\",\"contentUrl\":\"https:\/\/www.icog.es\/TyT\/wp-content\/uploads\/2019\/03\/carreteras.jpg\",\"width\":1236,\"height\":744},{\"@type\":\"BreadcrumbList\",\"@id\":\"https:\/\/www.icog.es\/TyT\/index.php\/2019\/03\/el-icog-denuncia-la-ausencia-de-geologos-en-las-demarcaciones-de-carreteras-del-estado\/#breadcrumb\",\"itemListElement\":[{\"@type\":\"ListItem\",\"position\":1,\"name\":\"Portada\",\"item\":\"https:\/\/www.icog.es\/TyT\/\"},{\"@type\":\"ListItem\",\"position\":2,\"name\":\"El ICOG denuncia la ausencia de ge\u00f3logos en las Demarcaciones de Carreteras del Estado\"}]},{\"@type\":\"WebSite\",\"@id\":\"https:\/\/www.icog.es\/TyT\/#website\",\"url\":\"https:\/\/www.icog.es\/TyT\/\",\"name\":\"Tierra y Tecnolog\u00eda\",\"description\":\"Revista de informaci\u00f3n geol\u00f3gica\",\"publisher\":{\"@id\":\"https:\/\/www.icog.es\/TyT\/#organization\"},\"potentialAction\":[{\"@type\":\"SearchAction\",\"target\":{\"@type\":\"EntryPoint\",\"urlTemplate\":\"https:\/\/www.icog.es\/TyT\/?s={search_term_string}\"},\"query-input\":{\"@type\":\"PropertyValueSpecification\",\"valueRequired\":true,\"valueName\":\"search_term_string\"}}],\"inLanguage\":\"es\"},{\"@type\":\"Organization\",\"@id\":\"https:\/\/www.icog.es\/TyT\/#organization\",\"name\":\"Tierra y Tecnolog\u00eda - Colegio de Ge\u00f3logos\",\"url\":\"https:\/\/www.icog.es\/TyT\/\",\"logo\":{\"@type\":\"ImageObject\",\"inLanguage\":\"es\",\"@id\":\"https:\/\/www.icog.es\/TyT\/#\/schema\/logo\/image\/\",\"url\":\"https:\/\/www.icog.es\/TyT\/wp-content\/uploads\/2013\/02\/logotytmini.jpg\",\"contentUrl\":\"https:\/\/www.icog.es\/TyT\/wp-content\/uploads\/2013\/02\/logotytmini.jpg\",\"width\":325,\"height\":127,\"caption\":\"Tierra y Tecnolog\u00eda - Colegio de Ge\u00f3logos\"},\"image\":{\"@id\":\"https:\/\/www.icog.es\/TyT\/#\/schema\/logo\/image\/\"},\"sameAs\":[\"https:\/\/www.facebook.com\/CGEOLOGOS\",\"https:\/\/x.com\/cgeologos\",\"https:\/\/www.linkedin.com\/company\/colegio-oficial-de-ge-logos\",\"https:\/\/www.pinterest.com\/cgeologos\/\",\"http:\/\/www.youtube.com\/ICOGtv\"]},{\"@type\":\"Person\",\"@id\":\"https:\/\/www.icog.es\/TyT\/#\/schema\/person\/590cfb5c1b7b4e4b350d60316033e853\",\"name\":\"Redacci\u00f3n\",\"image\":{\"@type\":\"ImageObject\",\"inLanguage\":\"es\",\"@id\":\"https:\/\/www.icog.es\/TyT\/#\/schema\/person\/image\/\",\"url\":\"https:\/\/secure.gravatar.com\/avatar\/f9c0ac81b2e8e690bee30ac3b42bf27f02e8dedc49686b871256e17dc7cd000b?s=96&d=identicon&r=g\",\"contentUrl\":\"https:\/\/secure.gravatar.com\/avatar\/f9c0ac81b2e8e690bee30ac3b42bf27f02e8dedc49686b871256e17dc7cd000b?s=96&d=identicon&r=g\",\"caption\":\"Redacci\u00f3n\"},\"description\":\"Tierra y Tecnolog\u00eda es una publicaci\u00f3n del Ilustre Colegio Oficial de Ge\u00f3logos (ICOG). El ICOG es una instituci\u00f3n sin finalidad lucrativa creada para la defensa y apoyo de los intereses de los Ge\u00f3logos, creada por Ley 73\/1978 de 26 de Diciembre, es una corporaci\u00f3n de Derecho P\u00fablico, amparada por Ley y reconocida por el Estado, con personalidad jur\u00eddica propia y capacidad plena para el ejercicio de sus funciones y cumplimiento de sus fines.\",\"sameAs\":[\"https:\/\/cgeologos.es\",\"https:\/\/www.facebook.com\/CGEOLOGOS\",\"https:\/\/www.linkedin.com\/company\/313811\",\"https:\/\/x.com\/https:\/\/twitter.com\/cgeologos\",\"http:\/\/www.youtube.com\/ICOGtv\"],\"url\":\"https:\/\/www.icog.es\/TyT\/index.php\/author\/jl-barrera\/\"}]}<\/script>\r\n<!-- \/ Yoast SEO plugin. -->","yoast_head_json":{"title":"El ICOG denuncia la ausencia de ge\u00f3logos en las Demarcaciones de Carreteras del Estado","description":"La mayor\u00eda de Demarcaciones de carreteras carecen de profesionales capaces de supervisar los trabajos relacionados con la geolog\u00eda","robots":{"index":"index","follow":"follow","max-snippet":"max-snippet:-1","max-image-preview":"max-image-preview:large","max-video-preview":"max-video-preview:-1"},"canonical":"https:\/\/www.icog.es\/TyT\/index.php\/2019\/03\/el-icog-denuncia-la-ausencia-de-geologos-en-las-demarcaciones-de-carreteras-del-estado\/","og_locale":"es_ES","og_type":"article","og_title":"El ICOG denuncia la ausencia de ge\u00f3logos en las Demarcaciones de Carreteras del Estado","og_description":"La mayor\u00eda de Demarcaciones de carreteras carecen de profesionales capaces de supervisar los trabajos relacionados con la geolog\u00eda","og_url":"https:\/\/www.icog.es\/TyT\/index.php\/2019\/03\/el-icog-denuncia-la-ausencia-de-geologos-en-las-demarcaciones-de-carreteras-del-estado\/","og_site_name":"Tierra y Tecnolog\u00eda","article_publisher":"https:\/\/www.facebook.com\/CGEOLOGOS","article_author":"https:\/\/www.facebook.com\/CGEOLOGOS","article_published_time":"2019-03-05T15:47:03+00:00","article_modified_time":"2019-04-26T10:50:02+00:00","og_image":[{"width":1236,"height":744,"url":"https:\/\/www.icog.es\/TyT\/wp-content\/uploads\/2019\/03\/carreteras.jpg","type":"image\/jpeg"}],"author":"Redacci\u00f3n","twitter_card":"summary_large_image","twitter_creator":"@https:\/\/twitter.com\/cgeologos","twitter_site":"@cgeologos","twitter_misc":{"Escrito por":"Redacci\u00f3n","Tiempo de lectura":"3 minutos"},"schema":{"@context":"https:\/\/schema.org","@graph":[{"@type":"Article","@id":"https:\/\/www.icog.es\/TyT\/index.php\/2019\/03\/el-icog-denuncia-la-ausencia-de-geologos-en-las-demarcaciones-de-carreteras-del-estado\/#article","isPartOf":{"@id":"https:\/\/www.icog.es\/TyT\/index.php\/2019\/03\/el-icog-denuncia-la-ausencia-de-geologos-en-las-demarcaciones-de-carreteras-del-estado\/"},"author":{"name":"Redacci\u00f3n","@id":"https:\/\/www.icog.es\/TyT\/#\/schema\/person\/590cfb5c1b7b4e4b350d60316033e853"},"headline":"El ICOG denuncia la ausencia de ge\u00f3logos en las Demarcaciones de Carreteras del Estado","datePublished":"2019-03-05T15:47:03+00:00","dateModified":"2019-04-26T10:50:02+00:00","mainEntityOfPage":{"@id":"https:\/\/www.icog.es\/TyT\/index.php\/2019\/03\/el-icog-denuncia-la-ausencia-de-geologos-en-las-demarcaciones-de-carreteras-del-estado\/"},"wordCount":566,"commentCount":0,"publisher":{"@id":"https:\/\/www.icog.es\/TyT\/#organization"},"image":{"@id":"https:\/\/www.icog.es\/TyT\/index.php\/2019\/03\/el-icog-denuncia-la-ausencia-de-geologos-en-las-demarcaciones-de-carreteras-del-estado\/#primaryimage"},"thumbnailUrl":"https:\/\/www.icog.es\/TyT\/wp-content\/uploads\/2019\/03\/carreteras.jpg","articleSection":["Comunicado ICOG","T&amp;T 53"],"inLanguage":"es","potentialAction":[{"@type":"CommentAction","name":"Comment","target":["https:\/\/www.icog.es\/TyT\/index.php\/2019\/03\/el-icog-denuncia-la-ausencia-de-geologos-en-las-demarcaciones-de-carreteras-del-estado\/#respond"]}]},{"@type":"WebPage","@id":"https:\/\/www.icog.es\/TyT\/index.php\/2019\/03\/el-icog-denuncia-la-ausencia-de-geologos-en-las-demarcaciones-de-carreteras-del-estado\/","url":"https:\/\/www.icog.es\/TyT\/index.php\/2019\/03\/el-icog-denuncia-la-ausencia-de-geologos-en-las-demarcaciones-de-carreteras-del-estado\/","name":"El ICOG denuncia la ausencia de ge\u00f3logos en las Demarcaciones de Carreteras del Estado","isPartOf":{"@id":"https:\/\/www.icog.es\/TyT\/#website"},"primaryImageOfPage":{"@id":"https:\/\/www.icog.es\/TyT\/index.php\/2019\/03\/el-icog-denuncia-la-ausencia-de-geologos-en-las-demarcaciones-de-carreteras-del-estado\/#primaryimage"},"image":{"@id":"https:\/\/www.icog.es\/TyT\/index.php\/2019\/03\/el-icog-denuncia-la-ausencia-de-geologos-en-las-demarcaciones-de-carreteras-del-estado\/#primaryimage"},"thumbnailUrl":"https:\/\/www.icog.es\/TyT\/wp-content\/uploads\/2019\/03\/carreteras.jpg","datePublished":"2019-03-05T15:47:03+00:00","dateModified":"2019-04-26T10:50:02+00:00","description":"La mayor\u00eda de Demarcaciones de carreteras carecen de profesionales capaces de supervisar los trabajos relacionados con la geolog\u00eda","breadcrumb":{"@id":"https:\/\/www.icog.es\/TyT\/index.php\/2019\/03\/el-icog-denuncia-la-ausencia-de-geologos-en-las-demarcaciones-de-carreteras-del-estado\/#breadcrumb"},"inLanguage":"es","potentialAction":[{"@type":"ReadAction","target":["https:\/\/www.icog.es\/TyT\/index.php\/2019\/03\/el-icog-denuncia-la-ausencia-de-geologos-en-las-demarcaciones-de-carreteras-del-estado\/"]}]},{"@type":"ImageObject","inLanguage":"es","@id":"https:\/\/www.icog.es\/TyT\/index.php\/2019\/03\/el-icog-denuncia-la-ausencia-de-geologos-en-las-demarcaciones-de-carreteras-del-estado\/#primaryimage","url":"https:\/\/www.icog.es\/TyT\/wp-content\/uploads\/2019\/03\/carreteras.jpg","contentUrl":"https:\/\/www.icog.es\/TyT\/wp-content\/uploads\/2019\/03\/carreteras.jpg","width":1236,"height":744},{"@type":"BreadcrumbList","@id":"https:\/\/www.icog.es\/TyT\/index.php\/2019\/03\/el-icog-denuncia-la-ausencia-de-geologos-en-las-demarcaciones-de-carreteras-del-estado\/#breadcrumb","itemListElement":[{"@type":"ListItem","position":1,"name":"Portada","item":"https:\/\/www.icog.es\/TyT\/"},{"@type":"ListItem","position":2,"name":"El ICOG denuncia la ausencia de ge\u00f3logos en las Demarcaciones de Carreteras del Estado"}]},{"@type":"WebSite","@id":"https:\/\/www.icog.es\/TyT\/#website","url":"https:\/\/www.icog.es\/TyT\/","name":"Tierra y Tecnolog\u00eda","description":"Revista de informaci\u00f3n geol\u00f3gica","publisher":{"@id":"https:\/\/www.icog.es\/TyT\/#organization"},"potentialAction":[{"@type":"SearchAction","target":{"@type":"EntryPoint","urlTemplate":"https:\/\/www.icog.es\/TyT\/?s={search_term_string}"},"query-input":{"@type":"PropertyValueSpecification","valueRequired":true,"valueName":"search_term_string"}}],"inLanguage":"es"},{"@type":"Organization","@id":"https:\/\/www.icog.es\/TyT\/#organization","name":"Tierra y Tecnolog\u00eda - Colegio de Ge\u00f3logos","url":"https:\/\/www.icog.es\/TyT\/","logo":{"@type":"ImageObject","inLanguage":"es","@id":"https:\/\/www.icog.es\/TyT\/#\/schema\/logo\/image\/","url":"https:\/\/www.icog.es\/TyT\/wp-content\/uploads\/2013\/02\/logotytmini.jpg","contentUrl":"https:\/\/www.icog.es\/TyT\/wp-content\/uploads\/2013\/02\/logotytmini.jpg","width":325,"height":127,"caption":"Tierra y Tecnolog\u00eda - Colegio de Ge\u00f3logos"},"image":{"@id":"https:\/\/www.icog.es\/TyT\/#\/schema\/logo\/image\/"},"sameAs":["https:\/\/www.facebook.com\/CGEOLOGOS","https:\/\/x.com\/cgeologos","https:\/\/www.linkedin.com\/company\/colegio-oficial-de-ge-logos","https:\/\/www.pinterest.com\/cgeologos\/","http:\/\/www.youtube.com\/ICOGtv"]},{"@type":"Person","@id":"https:\/\/www.icog.es\/TyT\/#\/schema\/person\/590cfb5c1b7b4e4b350d60316033e853","name":"Redacci\u00f3n","image":{"@type":"ImageObject","inLanguage":"es","@id":"https:\/\/www.icog.es\/TyT\/#\/schema\/person\/image\/","url":"https:\/\/secure.gravatar.com\/avatar\/f9c0ac81b2e8e690bee30ac3b42bf27f02e8dedc49686b871256e17dc7cd000b?s=96&d=identicon&r=g","contentUrl":"https:\/\/secure.gravatar.com\/avatar\/f9c0ac81b2e8e690bee30ac3b42bf27f02e8dedc49686b871256e17dc7cd000b?s=96&d=identicon&r=g","caption":"Redacci\u00f3n"},"description":"Tierra y Tecnolog\u00eda es una publicaci\u00f3n del Ilustre Colegio Oficial de Ge\u00f3logos (ICOG). El ICOG es una instituci\u00f3n sin finalidad lucrativa creada para la defensa y apoyo de los intereses de los Ge\u00f3logos, creada por Ley 73\/1978 de 26 de Diciembre, es una corporaci\u00f3n de Derecho P\u00fablico, amparada por Ley y reconocida por el Estado, con personalidad jur\u00eddica propia y capacidad plena para el ejercicio de sus funciones y cumplimiento de sus fines.","sameAs":["https:\/\/cgeologos.es","https:\/\/www.facebook.com\/CGEOLOGOS","https:\/\/www.linkedin.com\/company\/313811","https:\/\/x.com\/https:\/\/twitter.com\/cgeologos","http:\/\/www.youtube.com\/ICOGtv"],"url":"https:\/\/www.icog.es\/TyT\/index.php\/author\/jl-barrera\/"}]}},"_links":{"self":[{"href":"https:\/\/www.icog.es\/TyT\/index.php\/wp-json\/wp\/v2\/posts\/9959","targetHints":{"allow":["GET"]}}],"collection":[{"href":"https:\/\/www.icog.es\/TyT\/index.php\/wp-json\/wp\/v2\/posts"}],"about":[{"href":"https:\/\/www.icog.es\/TyT\/index.php\/wp-json\/wp\/v2\/types\/post"}],"author":[{"embeddable":true,"href":"https:\/\/www.icog.es\/TyT\/index.php\/wp-json\/wp\/v2\/users\/2"}],"replies":[{"embeddable":true,"href":"https:\/\/www.icog.es\/TyT\/index.php\/wp-json\/wp\/v2\/comments?post=9959"}],"version-history":[{"count":1,"href":"https:\/\/www.icog.es\/TyT\/index.php\/wp-json\/wp\/v2\/posts\/9959\/revisions"}],"predecessor-version":[{"id":9961,"href":"https:\/\/www.icog.es\/TyT\/index.php\/wp-json\/wp\/v2\/posts\/9959\/revisions\/9961"}],"wp:featuredmedia":[{"embeddable":true,"href":"https:\/\/www.icog.es\/TyT\/index.php\/wp-json\/wp\/v2\/media\/9960"}],"wp:attachment":[{"href":"https:\/\/www.icog.es\/TyT\/index.php\/wp-json\/wp\/v2\/media?parent=9959"}],"wp:term":[{"taxonomy":"category","embeddable":true,"href":"https:\/\/www.icog.es\/TyT\/index.php\/wp-json\/wp\/v2\/categories?post=9959"},{"taxonomy":"post_tag","embeddable":true,"href":"https:\/\/www.icog.es\/TyT\/index.php\/wp-json\/wp\/v2\/tags?post=9959"}],"curies":[{"name":"wp","href":"https:\/\/api.w.org\/{rel}","templated":true}]}}