{"id":9122,"date":"2018-03-05T08:59:25","date_gmt":"2018-03-05T08:59:25","guid":{"rendered":"http:\/\/www.icog.es\/TyT\/?p=9122"},"modified":"2022-05-26T07:51:46","modified_gmt":"2022-05-26T07:51:46","slug":"alerta-riesgo-aludes","status":"publish","type":"post","link":"https:\/\/www.icog.es\/TyT\/index.php\/2018\/03\/alerta-riesgo-aludes\/","title":{"rendered":"Alerta! Riesgo de Aludes"},"content":{"rendered":"<h4><strong>\u00bfQu\u00e9 es un alud?<\/strong><\/h4>\n<p>Un alud o avalancha de nieve es el desplazamiento r\u00e1pido de una porci\u00f3n del manto nivoso a lo largo de una ladera. Se produce por la rotura de un equilibrio de estabilidad entre las fuerzas de resistencia que mantienen estable el manto nivoso y las fuerzas gravitacionales.<\/p>\n<figure id=\"attachment_9123\" aria-describedby=\"caption-attachment-9123\" style=\"width: 288px\" class=\"wp-caption alignleft\"><img loading=\"lazy\" decoding=\"async\" class=\"size-full wp-image-9123\" src=\"http:\/\/www.icog.es\/TyT\/wp-content\/uploads\/2018\/03\/figura1_aludes2018.jpg\" alt=\"\" width=\"288\" height=\"343\" srcset=\"https:\/\/www.icog.es\/TyT\/wp-content\/uploads\/2018\/03\/figura1_aludes2018.jpg 288w, https:\/\/www.icog.es\/TyT\/wp-content\/uploads\/2018\/03\/figura1_aludes2018-252x300.jpg 252w\" sizes=\"auto, (max-width: 288px) 100vw, 288px\" \/><figcaption id=\"caption-attachment-9123\" class=\"wp-caption-text\">Figura 1. Alud de nieve reciente con aerosol (Raspa Roies, valle de Bo\u00ed, Pirineo de Lleida, Enero 1996). Autor J.M. Vilaplana<\/figcaption><\/figure>\n<p>Los servicios de predicci\u00f3n de aludes suelen definir tres tipolog\u00edas de aludes:<\/p>\n<p>a)\u00a0\u00a0\u00a0\u00a0\u00a0 Los <strong>aludes de nieve reciente<\/strong> son aludes que se producen durante las nevadas o en las horas posteriores. Generalmente involucran nieve fresca, todav\u00eda no transformada. Estos aludes se propagan generando un flujo turbulento. El alud m\u00e1s caracter\u00edstico es el de nieve reciente seca que genera un aerosol (tambi\u00e9n llamado alud de nieve polvo) (Figura 1).<\/p>\n<p>b)\u00a0\u00a0\u00a0\u00a0 Los <strong>aludes de placa<\/strong> se producen por una rotura planar de una capa o conjuntos de capas del manto nivoso muy cohesivas y fr\u00e1giles (Figura 2). Un caso particular, y muy destacable de aludes de placa son las placas de nieve venteada; capas muy cohesivas y fr\u00e1giles formadas por la acumulaci\u00f3n de nieve transportada por el viento en zonas de sotavento. La fragilidad de estas placas y su desuni\u00f3n con las capas inferiores permiten que una peque\u00f1a sobrecarga act\u00fae como factor desencadenante del alud (muchas veces el peso de un esquiador resulta suficiente).<\/p>\n<p>c)\u00a0\u00a0\u00a0\u00a0\u00a0 Cuando la temperatura del aire se mantiene durante un cierto tiempo por encima de 0\u00baC, empieza la transformaci\u00f3n del manto nivoso por fusi\u00f3n parcial de los granos de nieve. Estos se recubren por una fina pel\u00edcula de agua que les da una cohesi\u00f3n capilar. En estas condiciones, t\u00edpicas de la primavera, pero que tambi\u00e9n pueden darse en determinados momentos del invierno, se producen los<strong> aludes de nieve h\u00fameda o de fusi\u00f3n.<\/strong> Son flujos granulares densos de nieve con un cierto contenido en agua (Figura 3).<\/p>\n<figure id=\"attachment_9124\" aria-describedby=\"caption-attachment-9124\" style=\"width: 581px\" class=\"wp-caption aligncenter\"><img loading=\"lazy\" decoding=\"async\" class=\"size-full wp-image-9124\" src=\"http:\/\/www.icog.es\/TyT\/wp-content\/uploads\/2018\/03\/figura2_aludes2018.jpg\" alt=\"\" width=\"581\" height=\"339\" srcset=\"https:\/\/www.icog.es\/TyT\/wp-content\/uploads\/2018\/03\/figura2_aludes2018.jpg 581w, https:\/\/www.icog.es\/TyT\/wp-content\/uploads\/2018\/03\/figura2_aludes2018-300x175.jpg 300w\" sizes=\"auto, (max-width: 581px) 100vw, 581px\" \/><figcaption id=\"caption-attachment-9124\" class=\"wp-caption-text\">Figura 2. Alud de Placa (Cap de Vaqueira, Diciembre 1987). Autor J.M. Vilaplana<\/figcaption><\/figure>\n<figure id=\"attachment_9125\" aria-describedby=\"caption-attachment-9125\" style=\"width: 293px\" class=\"wp-caption aligncenter\"><img loading=\"lazy\" decoding=\"async\" class=\"size-full wp-image-9125\" src=\"http:\/\/www.icog.es\/TyT\/wp-content\/uploads\/2018\/03\/figura3_aludes2018.jpg\" alt=\"\" width=\"293\" height=\"330\" srcset=\"https:\/\/www.icog.es\/TyT\/wp-content\/uploads\/2018\/03\/figura3_aludes2018.jpg 293w, https:\/\/www.icog.es\/TyT\/wp-content\/uploads\/2018\/03\/figura3_aludes2018-266x300.jpg 266w\" sizes=\"auto, (max-width: 293px) 100vw, 293px\" \/><figcaption id=\"caption-attachment-9125\" class=\"wp-caption-text\">Figura 3. Aludes de nieve h\u00fameda o de fusi\u00f3n con salida puntual (A) d\u00f3nde el flujo es superficial; y con salida lineal (B). En este segundo caso se trata de un deslizamiento basal, d\u00f3nde el nivel de despegue es el terreno con un baja rugosidad (Tignes-Val Claret, Alpes franceses, Abril 2017); Autor: J.M. Vilaplana<\/figcaption><\/figure>\n<h4>Aludes naturales versus aludes accidentales<\/h4>\n<p>La gran mayor\u00eda de los factores (intr\u00ednsecos y extr\u00ednsecos) que causan los aludes son naturales (meteorol\u00f3gicos y geomorfol\u00f3gicos), en consecuencia, una parte de los aludes son considerados tambi\u00e9n naturales. De todas maneras en la mayor parte de los aludes que producen accidentes con da\u00f1os a personas, como los que hemos tenido este invierno, interviene un factor antr\u00f3pico en su generaci\u00f3n. Estos aludes se denominan accidentales. Los aludes accidentales son desencadenados involuntariamente por la sobrecarga de una o varias personas (con esqu\u00eds, plancha, raquetas, moto de nieve o a pie). Exceptuando alg\u00fan caso, la mayor\u00eda de estos aludes son del tipo alud de placa.<\/p>\n<h4>El tama\u00f1o de los aludes<\/h4>\n<p>Los aludes pueden tener tallas diversas en funci\u00f3n de la cantidad de nieve involucrada y de la pendiente y las dimensiones de la ladera (Fig. 4). Aludes de peque\u00f1as dimensiones pueden ser suficientes para enterrar y da\u00f1ar a un monta\u00f1ero o esquiador. Los grandes aludes tiene la capacidad de destruir el bosque, son los que alcanzan el fondo de los valles y, debido a su elevadas presiones de impacto, pueden producir da\u00f1os en edificaciones y v\u00edas de comunicaci\u00f3n.<\/p>\n<figure id=\"attachment_9126\" aria-describedby=\"caption-attachment-9126\" style=\"width: 836px\" class=\"wp-caption aligncenter\"><img loading=\"lazy\" decoding=\"async\" class=\"size-full wp-image-9126\" src=\"http:\/\/www.icog.es\/TyT\/wp-content\/uploads\/2018\/03\/figura4_aludes2018.jpg\" alt=\"\" width=\"836\" height=\"582\" srcset=\"https:\/\/www.icog.es\/TyT\/wp-content\/uploads\/2018\/03\/figura4_aludes2018.jpg 836w, https:\/\/www.icog.es\/TyT\/wp-content\/uploads\/2018\/03\/figura4_aludes2018-300x209.jpg 300w, https:\/\/www.icog.es\/TyT\/wp-content\/uploads\/2018\/03\/figura4_aludes2018-768x535.jpg 768w, https:\/\/www.icog.es\/TyT\/wp-content\/uploads\/2018\/03\/figura4_aludes2018-100x70.jpg 100w, https:\/\/www.icog.es\/TyT\/wp-content\/uploads\/2018\/03\/figura4_aludes2018-696x485.jpg 696w, https:\/\/www.icog.es\/TyT\/wp-content\/uploads\/2018\/03\/figura4_aludes2018-603x420.jpg 603w\" sizes=\"auto, (max-width: 836px) 100vw, 836px\" \/><figcaption id=\"caption-attachment-9126\" class=\"wp-caption-text\">Figura 4. Tama\u00f1o de los aludes con indicaci\u00f3n del potencial destructivo y de las caracter\u00edsticas de su alcance. Fuente: aemet.es<\/figcaption><\/figure>\n<p><strong>Impacto de los aludes<\/strong><\/p>\n<p>En las altas monta\u00f1as de la Pen\u00ednsula Ib\u00e9rica cada a\u00f1o se producen numerosos aludes. Muchos de ellos en zonas remotas, en el medio supraforestal, la mayor\u00eda de los cuales no suelen producir da\u00f1os a personas. En este invierno las nevadas est\u00e1n siendo muy abundantes, produciendo grandes espesores en el manto nivoso por lo que se est\u00e1 registrando una mayor actividad avalanchosa con aludes de tama\u00f1os 3 y 4 (ver figura4), especialmente en los Pirineos. \u00a0\u00a0El aumento del n\u00famero de practicantes de los deportes de invierno durante los \u00faltimos a\u00f1os ha sido espectacular. Este hecho provoca una gran frecuentaci\u00f3n de la alta monta\u00f1a fuera de los dominios securizados de las estaciones de esqu\u00ed que incrementa enormemente la exposici\u00f3n de las personas al riesgo de aludes.<\/p>\n<p>En Espa\u00f1a la accidentabilidad sobre el colectivo de monta\u00f1eros y esquiadores-alpinistas por riesgo de aludes empez\u00f3 a aumentar a partir de mediados de los 70. Entre 1975 y 1989 se produjeron un total de 53 v\u00edctimas mortales: 33 en los Pirineos, 8 en el Sistema Central, 2 en la Cordillera Cant\u00e1brica, 1 en los Montes Vascos y 9 en Sierra Nevada. En el a\u00f1o 2001 el n\u00famero de muertos era ya de 92.<\/p>\n<p>En el Pirineo el 80% de los accidentes son debidos a placas de nieve venteada casi siempre \u00a0desencadenados por las propias v\u00edctimas. Un 15% son debidos a aludes de fusi\u00f3n y el 5% restante de nieve reciente. La muerte de personas debido al impacto de los aludes se produce por traumatismos, por asfixia debida al enterramiento y por hipotermia.<\/p>\n<p>Los episodios de aludes de grandes dimensiones que pueden ocasionar da\u00f1os en zonas urbanizadas no son tan frecuentes, pero el incremento en la ocupaci\u00f3n de territorio hace aumentar los escenarios de riesgo. Durante los \u00faltimos 25 a\u00f1os se han registrado episodios de consecuencias catastr\u00f3ficas en diversos valles del Pirineo que en algunos casos han alcanzado y da\u00f1ado edificaciones y carreteras. El m\u00e1s destacable por su magnitud y su amplitud geogr\u00e1fica fue el de Enero y Febrero de 1996 durante el cual una gran superficie de masa forestal fue destruida y diversos edificios fueron da\u00f1ados.<\/p>\n<h4>La mitigaci\u00f3n del riesgo de aludes<\/h4>\n<p>La capacidad destructiva de infraestructuras y de provocar da\u00f1os a las personas hace considerar a los aludes como fen\u00f3menos con peligrosidad relevante. El incremento de la exposici\u00f3n territorial y social al peligro de aludes en las zonas de monta\u00f1a, le da una categor\u00eda de riesgo natural de primer orden. En consecuencia, desde la zonificaci\u00f3n de la peligrosidad, a la instalaci\u00f3n de obras de protecci\u00f3n, pasando las acciones de autodefensa y por la gesti\u00f3n de la emergencia, hay un conjunto de actuaciones que deben implementarse para la reducci\u00f3n del riesgo de aludes.<\/p>\n<blockquote><p>Es necesario un plan de cartograf\u00eda de zonas de aludes en zonas donde todav\u00eda no existe<\/p><\/blockquote>\n<p>La mitigaci\u00f3n del riesgo de aludes se centra fundamentalmente en una buena estrategia de predicci\u00f3n: tanto en la predicci\u00f3n temporal como en la espacial. La predicci\u00f3n temporal o en el tiempo se basa en la previsi\u00f3n nivometeorol\u00f3gica y en el an\u00e1lisis de la estabilidad del manto nivoso (a nivel general de macizo o local). Los servicios de predicci\u00f3n de aludes suelen emitir diariamente un bolet\u00edn del peligro de aludes (BPA) para zonas, valles o macizos determinados, en base a una escala europea de 5 niveles de peligro. Este producto va dirigido a los servicios de protecci\u00f3n civil, a los centros invernales, a los servicios de carreteras y a todas aquellas personas que frecuentan la monta\u00f1a invernal (esquiadores, monta\u00f1eros-alpinistas, etc.).<\/p>\n<p>Actualmente, en Espa\u00f1a, podemos encontrar informaci\u00f3n sobre la predicci\u00f3n del peligro de aludes en varios organismos o entidades:<\/p>\n<p>El <em>Institut Geol\u00f2gic i Cartogr\u00e0fic de Catalunya<\/em> (ICGC) emite diariamente un<a href=\"http:\/\/www.icgc.cat\/es\/Ciudadano\/Explora-Cataluna\/Aludes\" target=\"_blank\" rel=\"noopener\"> Bolet\u00edn de Peligro de Aludes (BPA)<\/a>, que naci\u00f3 en 1990 y se difundi\u00f3 (inicialmente para los fines de semana) partir de 1991. Esta predicci\u00f3n, diferenciada en 7 zonas nivoclim\u00e1ticas (macizos\/valles) del Pirineo catal\u00e1n, va dirigida a todos los usuarios (particulares, colectivos y organismos) que viven, trabajan o frecuentan el medio invernal de la alta monta\u00f1a. Protecci\u00f3n Civil de Catalu\u00f1a tambi\u00e9n necesita el BPA para gestionar un Plan de Emergencias contra el riesgo de aludes (ALLAUCAT) existente desde 2010.<\/p>\n<p>En el Valle de Aran, desde la temporada 2003\/2004, las actividades, las actuaciones y los productos relacionados con los aludes y la seguridad (cartograf\u00eda, investigaci\u00f3n, BPA, predicci\u00f3n local para itinerarios de monta\u00f1a y para carreteras\u00a0 se han ido consolidando en el s\u00ed del Centro de Predicci\u00f3n de Lauegi que depende del <a href=\"http:\/\/lauegi.conselharan.org\/\" target=\"_blank\" rel=\"noopener\">Conselh Generau d\u2019Aran<\/a>. Este activo grupo trabaja en coordinaci\u00f3n con el ICGC.<\/p>\n<p>La AEMET hace muchos a\u00f1os que empez\u00f3 a trabajar en nivolog\u00eda y aludes. En 1993 el Centro Meteorol\u00f3gico Regional de Arag\u00f3n, La Rioja y Navarra del antiguo Instituto Nacional de Meteorolog\u00eda inici\u00f3 la predicci\u00f3n del peligro de aludes. Actualmente, durante la temporada de invierno, emite diariamente <a href=\"http:\/\/www.aemet.es\/es\/eltiempo\/prediccion\/\" target=\"_blank\" rel=\"noopener\">boletines de informaci\u00f3n nivol\u00f3gica y de peligro de aludes para distintos macizos ib\u00e9ricos<\/a> (Pirineos, Picos de Europa, Sistema Central, Cordillera Ib\u00e9rica y Sierra Nevada).<\/p>\n<p>En 2013 se cre\u00f3 A lurte que es un Centro pirenaico de referencia para la gesti\u00f3n de riesgos de monta\u00f1a. A lurte est\u00e1 ubicado en Canfranc (Huesca) y se ha dedicado al estudio de la nieve y los aludes mediante diferentes actividades: <a href=\"http:\/\/www.alurte.es\/boletin.php\" target=\"_blank\" rel=\"noopener\">emisi\u00f3n de un bolet\u00edn de peligro de aludes en la zona y actividades de formaci\u00f3n y difusi\u00f3n.<\/a><\/p>\n<p>En Alto de Campoo y en Picos de Europa se emite un<a href=\"http:\/\/www.meteocampoo.es\/boletin-peligro-aludes.html\" target=\"_blank\" rel=\"noopener\"> BPA por parte de una entidad privada, Meteocampoo<\/a>\u00a0que trabaja con el soporte de Aemet.<\/p>\n<p>Las estaciones de esqu\u00ed reciben y utilizan las informaciones de los BPA. En algunos casos realizan ellas mismas la predicci\u00f3n local y se encargan de la correspondiente informaci\u00f3n a sus clientes.\u00a0 Estas empresas tienen la responsabilidad de mantener la seguridad frente al riesgo de aludes en todo su dominio por todo ello tienen dise\u00f1ado un Plan de intervenci\u00f3n de desencadenamiento de aludes (PIDA).<\/p>\n<p>Tambi\u00e9n existen una serie de empresas y profesionales consultores trabajan en el \u00e1mbito de la geolog\u00eda, la geotecnia y el medio ambiente que se dedican a realizar estudios t\u00e9cnicos sobre aludes y su protecci\u00f3n. Cada vez m\u00e1s, las tareas de predicci\u00f3n local, cartograf\u00eda, zonificaci\u00f3n y defensa para la protecci\u00f3n de carreteras, ferrocarriles de monta\u00f1a, estaciones de esqu\u00ed, etc, ocupa a m\u00e1s profesionales.<\/p>\n<p>Finalmente decir que existe es una asociaci\u00f3n que promueve el conocimiento de la nieve y los aludes (<a href=\"http:\/\/acnacat.weebly.com\/\" target=\"_blank\" rel=\"noopener\">ACNA<\/a>) que naci\u00f3 en el a\u00f1o 2008. ACNA agrupa todas las personas interesadas en el mundo de la nivolog\u00eda y los aludes, sean monta\u00f1eros, esquiadores, gu\u00edas, profesionales diversos, acad\u00e9micos, gestores, etc. Tiene como objetivos principales los siguientes: divulgar los riesgos asociados a la nieve y los aludes, as\u00ed como la informaci\u00f3n y el conocimiento t\u00e9cnico de nivolog\u00eda y aludes. ACNA se dedica a comunicar y relacionar los profesionales y aficionados que trabajan en el \u00e1mbito de la nieve y los aludes; a facilitar los encuentros entre especialistas y usuarios, promover intercambios de experiencias y favorecer las relaciones con t\u00e9cnicos y asociaciones de pa\u00edses extranjeros; y a apoyar, alentar y ayudar a la investigaci\u00f3n emprendida por personas f\u00edsicas o jur\u00eddicas, p\u00fablicas o privadas, favorecer la coordinaci\u00f3n y proponer estudios.<\/p>\n<p>Por otro lado, la predicci\u00f3n espacial o en el espacio se basa en la cartograf\u00eda de las zonas de aludes y en la zonificaci\u00f3n de la peligrosidad de las mismas. Estas herramientas deben ser tenidas en cuenta en la ordenaci\u00f3n territorial y en la planificaci\u00f3n urban\u00edstica a nivel municipal.<\/p>\n<p>Estas acciones de tipo no estructural, deben ser complementadas con actuaciones de defensa estructural. La protecci\u00f3n de las zonas expuestas a los aludes se basa en la combinaci\u00f3n de acciones permanentes y\/o temporales de defensa activa y pasiva (paravientos, barreras de retenci\u00f3n, saneo con explosivos, diques de desv\u00edo, dientes de frenado, galer\u00edas o semit\u00faneles, etc.).<\/p>\n<h4>Reflexiones sobre la gesti\u00f3n del riesgo de aludes en Espa\u00f1a<\/h4>\n<p>En Espa\u00f1a, en los \u00faltimos 30 a\u00f1os ha habido un gran avance en el conocimiento sobre los aludes de nieve tanto a nivel cient\u00edfico-t\u00e9cnico (algunas universidades, especialmente la Universidad de Barcelona, han realizado proyectos de I+D sobre el tema) como a nivel divulgativo. Tambi\u00e9n se ha realizado un gran esfuerzo en estrategias de mitigaci\u00f3n, tanto en la obtenci\u00f3n y an\u00e1lisis de los datos como en los productos obtenidos: Tenemos cartograf\u00edas, disponemos de servicios de predicci\u00f3n y se han ejecutado muchas actuaciones defensivas. Los resultados obtenidos no obstante, no son equivalentes en todos macizos peninsulares y, me atrevo a decir, que algunas decisiones en la gesti\u00f3n del riesgo no han sido suficientemente valientes para considerarlas efectivas.<\/p>\n<p>La necesidad de disponer de cartograf\u00edas de aludes y la correspondiente zonificaci\u00f3n de peligrosidad es una urgencia. Algo se ha hecho, pero queda a\u00fan mucho por hacer. Es necesario un plan de cartograf\u00eda de zonas de aludes en zonas donde todav\u00eda no existe. Y es tambi\u00e9n imprescindible que la zonificaci\u00f3n de la peligrosidad se realice en todos aquellos municipios e infraestructuras m\u00e1s expuestos al riesgo de aludes. Asimismo, si no convertimos los mapas de peligrosidad en documentos reglamentarios, no avanzaremos en la buena gesti\u00f3n territorial. Lo dec\u00eda ya el Informe RISKCAT sobre los riesgos naturales en Catalu\u00f1a. Si no se procede de esta forma, con decisiones valientes, los da\u00f1os sobre bienes por el impacto de aludes van a aumentar. En relaci\u00f3n a la accidentabilidad por aludes y por lo que respecta al Pirineo de Catalu\u00f1a, del cual el ICGC dispone de una larga serie de datos, en los \u00faltimos cinco a\u00f1os el promedio anual de accidentes ha subido ligeramente y esto es consecuencia del aumento del factor exposici\u00f3n. Contrariamente, el n\u00famero de muertos ha disminuido de 1,5 a 0,6 por a\u00f1o. Esta disminuci\u00f3n de la mortalidad se debe a la tarea de sensibilizaci\u00f3n (sobre el comportamiento y las pr\u00e1cticas de autorescate en monta\u00f1a) ejercida por todas las personas y los organismos, p\u00fablicos y privados, involucrados en esta misi\u00f3n. De todas formas el camino de la mitigaci\u00f3n sigue y es largo, y tener en cuenta el factor humano es fundamental. Por tanto, es necesario sobretodo potenciar todav\u00eda m\u00e1s la formaci\u00f3n, la informaci\u00f3n y la sensibilizaci\u00f3n de nuestra sociedad.<\/p>\n<hr \/>\n<p><strong>Tierra y Tecnolog\u00eda n\u00ba 51<\/strong>\u00a0|\u00a0<a href=\"http:\/\/www.icog.es\/TyT\/index.php\/2018\/03\/alerta-riesgo-aludes\/\" target=\"_blank\" rel=\"noopener\">http:\/\/dx.doi.org\/10.21028\/jmv.2018.03.05<\/a> |\u00a0<strong>Autor:\u00a0Joan Manuel Vilaplana<\/strong>.\u00a0Ge\u00f3logo colegiado n\u00ba 183, Miembro del Grupo de Investigaci\u00f3n RISKNAT de la Universitat de Barcelona y del Observatori GeoRisc del Col\u00b7legi de Ge\u00f2legs de Catalunya. Director del proyecto RiskCat: Los riesgos Naturales en Catalu\u00f1a, promovido por el Consejo Asesor para el Desarrollo Sostenible (CADS).<\/p>\n","protected":false},"excerpt":{"rendered":"<p>\u00bfQu\u00e9 es un alud? Un alud o avalancha de nieve es el desplazamiento r\u00e1pido de una porci\u00f3n del manto nivoso a lo largo de una ladera. Se produce por la rotura de un equilibrio de estabilidad entre las fuerzas de resistencia que mantienen estable el manto nivoso y las fuerzas gravitacionales. Los servicios de predicci\u00f3n [&hellip;]<\/p>\n","protected":false},"author":18,"featured_media":9129,"comment_status":"open","ping_status":"open","sticky":false,"template":"","format":"standard","meta":{"tdm_status":"","tdm_grid_status":"","footnotes":""},"categories":[244,809],"tags":[555,556,1192],"class_list":{"0":"post-9122","1":"post","2":"type-post","3":"status-publish","4":"format-standard","5":"has-post-thumbnail","7":"category-riesgos","8":"category-tt-51","9":"tag-alud","10":"tag-aludes","11":"tag-montana"},"yoast_head":"<!-- This site is optimized with the Yoast SEO plugin v27.0 - https:\/\/yoast.com\/product\/yoast-seo-wordpress\/ -->\r\n<title>Alerta! Riesgo de Aludes<\/title>\r\n<meta name=\"description\" content=\"Un alud o avalancha de nieve es el desplazamiento r\u00e1pido de una porci\u00f3n del manto nivoso a lo largo de una ladera. Se produce por la rotura de un equilibrio de estabilidad entre las fuerzas de resistencia que mantienen estable el manto nivoso y las fuerzas gravitacionales.\" \/>\r\n<meta name=\"robots\" content=\"index, follow, max-snippet:-1, max-image-preview:large, max-video-preview:-1\" \/>\r\n<link rel=\"canonical\" href=\"https:\/\/www.icog.es\/TyT\/index.php\/2018\/03\/alerta-riesgo-aludes\/\" \/>\r\n<meta property=\"og:locale\" content=\"es_ES\" \/>\r\n<meta property=\"og:type\" content=\"article\" \/>\r\n<meta property=\"og:title\" content=\"Alerta! Riesgo de Aludes\" \/>\r\n<meta property=\"og:description\" content=\"Un alud o avalancha de nieve es el desplazamiento r\u00e1pido de una porci\u00f3n del manto nivoso a lo largo de una ladera. Se produce por la rotura de un equilibrio de estabilidad entre las fuerzas de resistencia que mantienen estable el manto nivoso y las fuerzas gravitacionales.\" \/>\r\n<meta property=\"og:url\" content=\"https:\/\/www.icog.es\/TyT\/index.php\/2018\/03\/alerta-riesgo-aludes\/\" \/>\r\n<meta property=\"og:site_name\" content=\"Tierra y Tecnolog\u00eda\" \/>\r\n<meta property=\"article:publisher\" content=\"https:\/\/www.facebook.com\/CGEOLOGOS\" \/>\r\n<meta property=\"article:published_time\" content=\"2018-03-05T08:59:25+00:00\" \/>\r\n<meta property=\"article:modified_time\" content=\"2022-05-26T07:51:46+00:00\" \/>\r\n<meta property=\"og:image\" content=\"https:\/\/www.icog.es\/TyT\/wp-content\/uploads\/2018\/03\/portada_aludes2018.jpg\" \/>\r\n\t<meta property=\"og:image:width\" content=\"1222\" \/>\r\n\t<meta property=\"og:image:height\" content=\"806\" \/>\r\n\t<meta property=\"og:image:type\" content=\"image\/jpeg\" \/>\r\n<meta name=\"author\" content=\"Joan Manuel Vilaplana\" \/>\r\n<meta name=\"twitter:card\" content=\"summary_large_image\" \/>\r\n<meta name=\"twitter:creator\" content=\"@cgeologos\" \/>\r\n<meta name=\"twitter:site\" content=\"@cgeologos\" \/>\r\n<meta name=\"twitter:label1\" content=\"Escrito por\" \/>\n\t<meta name=\"twitter:data1\" content=\"Joan Manuel Vilaplana\" \/>\n\t<meta name=\"twitter:label2\" content=\"Tiempo de lectura\" \/>\n\t<meta name=\"twitter:data2\" content=\"13 minutos\" \/>\r\n<script type=\"application\/ld+json\" class=\"yoast-schema-graph\">{\"@context\":\"https:\/\/schema.org\",\"@graph\":[{\"@type\":\"Article\",\"@id\":\"https:\/\/www.icog.es\/TyT\/index.php\/2018\/03\/alerta-riesgo-aludes\/#article\",\"isPartOf\":{\"@id\":\"https:\/\/www.icog.es\/TyT\/index.php\/2018\/03\/alerta-riesgo-aludes\/\"},\"author\":{\"name\":\"Joan Manuel Vilaplana\",\"@id\":\"https:\/\/www.icog.es\/TyT\/#\/schema\/person\/89acfc27d60e994544f93c4d18feec6c\"},\"headline\":\"Alerta! Riesgo de Aludes\",\"datePublished\":\"2018-03-05T08:59:25+00:00\",\"dateModified\":\"2022-05-26T07:51:46+00:00\",\"mainEntityOfPage\":{\"@id\":\"https:\/\/www.icog.es\/TyT\/index.php\/2018\/03\/alerta-riesgo-aludes\/\"},\"wordCount\":2551,\"commentCount\":1,\"publisher\":{\"@id\":\"https:\/\/www.icog.es\/TyT\/#organization\"},\"image\":{\"@id\":\"https:\/\/www.icog.es\/TyT\/index.php\/2018\/03\/alerta-riesgo-aludes\/#primaryimage\"},\"thumbnailUrl\":\"https:\/\/www.icog.es\/TyT\/wp-content\/uploads\/2018\/03\/portada_aludes2018.jpg\",\"keywords\":[\"alud\",\"aludes\",\"Monta\u00f1a\"],\"articleSection\":[\"Riesgos\",\"T&amp;T 51\"],\"inLanguage\":\"es\",\"potentialAction\":[{\"@type\":\"CommentAction\",\"name\":\"Comment\",\"target\":[\"https:\/\/www.icog.es\/TyT\/index.php\/2018\/03\/alerta-riesgo-aludes\/#respond\"]}]},{\"@type\":\"WebPage\",\"@id\":\"https:\/\/www.icog.es\/TyT\/index.php\/2018\/03\/alerta-riesgo-aludes\/\",\"url\":\"https:\/\/www.icog.es\/TyT\/index.php\/2018\/03\/alerta-riesgo-aludes\/\",\"name\":\"Alerta! Riesgo de Aludes\",\"isPartOf\":{\"@id\":\"https:\/\/www.icog.es\/TyT\/#website\"},\"primaryImageOfPage\":{\"@id\":\"https:\/\/www.icog.es\/TyT\/index.php\/2018\/03\/alerta-riesgo-aludes\/#primaryimage\"},\"image\":{\"@id\":\"https:\/\/www.icog.es\/TyT\/index.php\/2018\/03\/alerta-riesgo-aludes\/#primaryimage\"},\"thumbnailUrl\":\"https:\/\/www.icog.es\/TyT\/wp-content\/uploads\/2018\/03\/portada_aludes2018.jpg\",\"datePublished\":\"2018-03-05T08:59:25+00:00\",\"dateModified\":\"2022-05-26T07:51:46+00:00\",\"description\":\"Un alud o avalancha de nieve es el desplazamiento r\u00e1pido de una porci\u00f3n del manto nivoso a lo largo de una ladera. Se produce por la rotura de un equilibrio de estabilidad entre las fuerzas de resistencia que mantienen estable el manto nivoso y las fuerzas gravitacionales.\",\"breadcrumb\":{\"@id\":\"https:\/\/www.icog.es\/TyT\/index.php\/2018\/03\/alerta-riesgo-aludes\/#breadcrumb\"},\"inLanguage\":\"es\",\"potentialAction\":[{\"@type\":\"ReadAction\",\"target\":[\"https:\/\/www.icog.es\/TyT\/index.php\/2018\/03\/alerta-riesgo-aludes\/\"]}]},{\"@type\":\"ImageObject\",\"inLanguage\":\"es\",\"@id\":\"https:\/\/www.icog.es\/TyT\/index.php\/2018\/03\/alerta-riesgo-aludes\/#primaryimage\",\"url\":\"https:\/\/www.icog.es\/TyT\/wp-content\/uploads\/2018\/03\/portada_aludes2018.jpg\",\"contentUrl\":\"https:\/\/www.icog.es\/TyT\/wp-content\/uploads\/2018\/03\/portada_aludes2018.jpg\",\"width\":1222,\"height\":806},{\"@type\":\"BreadcrumbList\",\"@id\":\"https:\/\/www.icog.es\/TyT\/index.php\/2018\/03\/alerta-riesgo-aludes\/#breadcrumb\",\"itemListElement\":[{\"@type\":\"ListItem\",\"position\":1,\"name\":\"Portada\",\"item\":\"https:\/\/www.icog.es\/TyT\/\"},{\"@type\":\"ListItem\",\"position\":2,\"name\":\"Alerta! Riesgo de Aludes\"}]},{\"@type\":\"WebSite\",\"@id\":\"https:\/\/www.icog.es\/TyT\/#website\",\"url\":\"https:\/\/www.icog.es\/TyT\/\",\"name\":\"Tierra y Tecnolog\u00eda\",\"description\":\"Revista de informaci\u00f3n geol\u00f3gica\",\"publisher\":{\"@id\":\"https:\/\/www.icog.es\/TyT\/#organization\"},\"potentialAction\":[{\"@type\":\"SearchAction\",\"target\":{\"@type\":\"EntryPoint\",\"urlTemplate\":\"https:\/\/www.icog.es\/TyT\/?s={search_term_string}\"},\"query-input\":{\"@type\":\"PropertyValueSpecification\",\"valueRequired\":true,\"valueName\":\"search_term_string\"}}],\"inLanguage\":\"es\"},{\"@type\":\"Organization\",\"@id\":\"https:\/\/www.icog.es\/TyT\/#organization\",\"name\":\"Tierra y Tecnolog\u00eda - Colegio de Ge\u00f3logos\",\"url\":\"https:\/\/www.icog.es\/TyT\/\",\"logo\":{\"@type\":\"ImageObject\",\"inLanguage\":\"es\",\"@id\":\"https:\/\/www.icog.es\/TyT\/#\/schema\/logo\/image\/\",\"url\":\"https:\/\/www.icog.es\/TyT\/wp-content\/uploads\/2013\/02\/logotytmini.jpg\",\"contentUrl\":\"https:\/\/www.icog.es\/TyT\/wp-content\/uploads\/2013\/02\/logotytmini.jpg\",\"width\":325,\"height\":127,\"caption\":\"Tierra y Tecnolog\u00eda - Colegio de Ge\u00f3logos\"},\"image\":{\"@id\":\"https:\/\/www.icog.es\/TyT\/#\/schema\/logo\/image\/\"},\"sameAs\":[\"https:\/\/www.facebook.com\/CGEOLOGOS\",\"https:\/\/x.com\/cgeologos\",\"https:\/\/www.linkedin.com\/company\/colegio-oficial-de-ge-logos\",\"https:\/\/www.pinterest.com\/cgeologos\/\",\"http:\/\/www.youtube.com\/ICOGtv\"]},{\"@type\":\"Person\",\"@id\":\"https:\/\/www.icog.es\/TyT\/#\/schema\/person\/89acfc27d60e994544f93c4d18feec6c\",\"name\":\"Joan Manuel Vilaplana\",\"image\":{\"@type\":\"ImageObject\",\"inLanguage\":\"es\",\"@id\":\"https:\/\/www.icog.es\/TyT\/#\/schema\/person\/image\/\",\"url\":\"https:\/\/secure.gravatar.com\/avatar\/54c0a038ee8a9bd44195218fcdebe0c942e499aabfa3e44efc4740759ec59a7e?s=96&d=identicon&r=g\",\"contentUrl\":\"https:\/\/secure.gravatar.com\/avatar\/54c0a038ee8a9bd44195218fcdebe0c942e499aabfa3e44efc4740759ec59a7e?s=96&d=identicon&r=g\",\"caption\":\"Joan Manuel Vilaplana\"},\"description\":\"Colegiado n\u00ba183. Coordinador del Grupo de Investigaci\u00f3n RISKNAT de la Universitat de Barcelona y miembro del Observatori GeoRisc del Col\u00b7legi de Ge\u00f2legs de Catalunya.\",\"url\":\"https:\/\/www.icog.es\/TyT\/index.php\/author\/joan\/\"}]}<\/script>\r\n<!-- \/ Yoast SEO plugin. -->","yoast_head_json":{"title":"Alerta! Riesgo de Aludes","description":"Un alud o avalancha de nieve es el desplazamiento r\u00e1pido de una porci\u00f3n del manto nivoso a lo largo de una ladera. Se produce por la rotura de un equilibrio de estabilidad entre las fuerzas de resistencia que mantienen estable el manto nivoso y las fuerzas gravitacionales.","robots":{"index":"index","follow":"follow","max-snippet":"max-snippet:-1","max-image-preview":"max-image-preview:large","max-video-preview":"max-video-preview:-1"},"canonical":"https:\/\/www.icog.es\/TyT\/index.php\/2018\/03\/alerta-riesgo-aludes\/","og_locale":"es_ES","og_type":"article","og_title":"Alerta! Riesgo de Aludes","og_description":"Un alud o avalancha de nieve es el desplazamiento r\u00e1pido de una porci\u00f3n del manto nivoso a lo largo de una ladera. Se produce por la rotura de un equilibrio de estabilidad entre las fuerzas de resistencia que mantienen estable el manto nivoso y las fuerzas gravitacionales.","og_url":"https:\/\/www.icog.es\/TyT\/index.php\/2018\/03\/alerta-riesgo-aludes\/","og_site_name":"Tierra y Tecnolog\u00eda","article_publisher":"https:\/\/www.facebook.com\/CGEOLOGOS","article_published_time":"2018-03-05T08:59:25+00:00","article_modified_time":"2022-05-26T07:51:46+00:00","og_image":[{"width":1222,"height":806,"url":"https:\/\/www.icog.es\/TyT\/wp-content\/uploads\/2018\/03\/portada_aludes2018.jpg","type":"image\/jpeg"}],"author":"Joan Manuel Vilaplana","twitter_card":"summary_large_image","twitter_creator":"@cgeologos","twitter_site":"@cgeologos","twitter_misc":{"Escrito por":"Joan Manuel Vilaplana","Tiempo de lectura":"13 minutos"},"schema":{"@context":"https:\/\/schema.org","@graph":[{"@type":"Article","@id":"https:\/\/www.icog.es\/TyT\/index.php\/2018\/03\/alerta-riesgo-aludes\/#article","isPartOf":{"@id":"https:\/\/www.icog.es\/TyT\/index.php\/2018\/03\/alerta-riesgo-aludes\/"},"author":{"name":"Joan Manuel Vilaplana","@id":"https:\/\/www.icog.es\/TyT\/#\/schema\/person\/89acfc27d60e994544f93c4d18feec6c"},"headline":"Alerta! Riesgo de Aludes","datePublished":"2018-03-05T08:59:25+00:00","dateModified":"2022-05-26T07:51:46+00:00","mainEntityOfPage":{"@id":"https:\/\/www.icog.es\/TyT\/index.php\/2018\/03\/alerta-riesgo-aludes\/"},"wordCount":2551,"commentCount":1,"publisher":{"@id":"https:\/\/www.icog.es\/TyT\/#organization"},"image":{"@id":"https:\/\/www.icog.es\/TyT\/index.php\/2018\/03\/alerta-riesgo-aludes\/#primaryimage"},"thumbnailUrl":"https:\/\/www.icog.es\/TyT\/wp-content\/uploads\/2018\/03\/portada_aludes2018.jpg","keywords":["alud","aludes","Monta\u00f1a"],"articleSection":["Riesgos","T&amp;T 51"],"inLanguage":"es","potentialAction":[{"@type":"CommentAction","name":"Comment","target":["https:\/\/www.icog.es\/TyT\/index.php\/2018\/03\/alerta-riesgo-aludes\/#respond"]}]},{"@type":"WebPage","@id":"https:\/\/www.icog.es\/TyT\/index.php\/2018\/03\/alerta-riesgo-aludes\/","url":"https:\/\/www.icog.es\/TyT\/index.php\/2018\/03\/alerta-riesgo-aludes\/","name":"Alerta! Riesgo de Aludes","isPartOf":{"@id":"https:\/\/www.icog.es\/TyT\/#website"},"primaryImageOfPage":{"@id":"https:\/\/www.icog.es\/TyT\/index.php\/2018\/03\/alerta-riesgo-aludes\/#primaryimage"},"image":{"@id":"https:\/\/www.icog.es\/TyT\/index.php\/2018\/03\/alerta-riesgo-aludes\/#primaryimage"},"thumbnailUrl":"https:\/\/www.icog.es\/TyT\/wp-content\/uploads\/2018\/03\/portada_aludes2018.jpg","datePublished":"2018-03-05T08:59:25+00:00","dateModified":"2022-05-26T07:51:46+00:00","description":"Un alud o avalancha de nieve es el desplazamiento r\u00e1pido de una porci\u00f3n del manto nivoso a lo largo de una ladera. Se produce por la rotura de un equilibrio de estabilidad entre las fuerzas de resistencia que mantienen estable el manto nivoso y las fuerzas gravitacionales.","breadcrumb":{"@id":"https:\/\/www.icog.es\/TyT\/index.php\/2018\/03\/alerta-riesgo-aludes\/#breadcrumb"},"inLanguage":"es","potentialAction":[{"@type":"ReadAction","target":["https:\/\/www.icog.es\/TyT\/index.php\/2018\/03\/alerta-riesgo-aludes\/"]}]},{"@type":"ImageObject","inLanguage":"es","@id":"https:\/\/www.icog.es\/TyT\/index.php\/2018\/03\/alerta-riesgo-aludes\/#primaryimage","url":"https:\/\/www.icog.es\/TyT\/wp-content\/uploads\/2018\/03\/portada_aludes2018.jpg","contentUrl":"https:\/\/www.icog.es\/TyT\/wp-content\/uploads\/2018\/03\/portada_aludes2018.jpg","width":1222,"height":806},{"@type":"BreadcrumbList","@id":"https:\/\/www.icog.es\/TyT\/index.php\/2018\/03\/alerta-riesgo-aludes\/#breadcrumb","itemListElement":[{"@type":"ListItem","position":1,"name":"Portada","item":"https:\/\/www.icog.es\/TyT\/"},{"@type":"ListItem","position":2,"name":"Alerta! Riesgo de Aludes"}]},{"@type":"WebSite","@id":"https:\/\/www.icog.es\/TyT\/#website","url":"https:\/\/www.icog.es\/TyT\/","name":"Tierra y Tecnolog\u00eda","description":"Revista de informaci\u00f3n geol\u00f3gica","publisher":{"@id":"https:\/\/www.icog.es\/TyT\/#organization"},"potentialAction":[{"@type":"SearchAction","target":{"@type":"EntryPoint","urlTemplate":"https:\/\/www.icog.es\/TyT\/?s={search_term_string}"},"query-input":{"@type":"PropertyValueSpecification","valueRequired":true,"valueName":"search_term_string"}}],"inLanguage":"es"},{"@type":"Organization","@id":"https:\/\/www.icog.es\/TyT\/#organization","name":"Tierra y Tecnolog\u00eda - Colegio de Ge\u00f3logos","url":"https:\/\/www.icog.es\/TyT\/","logo":{"@type":"ImageObject","inLanguage":"es","@id":"https:\/\/www.icog.es\/TyT\/#\/schema\/logo\/image\/","url":"https:\/\/www.icog.es\/TyT\/wp-content\/uploads\/2013\/02\/logotytmini.jpg","contentUrl":"https:\/\/www.icog.es\/TyT\/wp-content\/uploads\/2013\/02\/logotytmini.jpg","width":325,"height":127,"caption":"Tierra y Tecnolog\u00eda - Colegio de Ge\u00f3logos"},"image":{"@id":"https:\/\/www.icog.es\/TyT\/#\/schema\/logo\/image\/"},"sameAs":["https:\/\/www.facebook.com\/CGEOLOGOS","https:\/\/x.com\/cgeologos","https:\/\/www.linkedin.com\/company\/colegio-oficial-de-ge-logos","https:\/\/www.pinterest.com\/cgeologos\/","http:\/\/www.youtube.com\/ICOGtv"]},{"@type":"Person","@id":"https:\/\/www.icog.es\/TyT\/#\/schema\/person\/89acfc27d60e994544f93c4d18feec6c","name":"Joan Manuel Vilaplana","image":{"@type":"ImageObject","inLanguage":"es","@id":"https:\/\/www.icog.es\/TyT\/#\/schema\/person\/image\/","url":"https:\/\/secure.gravatar.com\/avatar\/54c0a038ee8a9bd44195218fcdebe0c942e499aabfa3e44efc4740759ec59a7e?s=96&d=identicon&r=g","contentUrl":"https:\/\/secure.gravatar.com\/avatar\/54c0a038ee8a9bd44195218fcdebe0c942e499aabfa3e44efc4740759ec59a7e?s=96&d=identicon&r=g","caption":"Joan Manuel Vilaplana"},"description":"Colegiado n\u00ba183. Coordinador del Grupo de Investigaci\u00f3n RISKNAT de la Universitat de Barcelona y miembro del Observatori GeoRisc del Col\u00b7legi de Ge\u00f2legs de Catalunya.","url":"https:\/\/www.icog.es\/TyT\/index.php\/author\/joan\/"}]}},"_links":{"self":[{"href":"https:\/\/www.icog.es\/TyT\/index.php\/wp-json\/wp\/v2\/posts\/9122","targetHints":{"allow":["GET"]}}],"collection":[{"href":"https:\/\/www.icog.es\/TyT\/index.php\/wp-json\/wp\/v2\/posts"}],"about":[{"href":"https:\/\/www.icog.es\/TyT\/index.php\/wp-json\/wp\/v2\/types\/post"}],"author":[{"embeddable":true,"href":"https:\/\/www.icog.es\/TyT\/index.php\/wp-json\/wp\/v2\/users\/18"}],"replies":[{"embeddable":true,"href":"https:\/\/www.icog.es\/TyT\/index.php\/wp-json\/wp\/v2\/comments?post=9122"}],"version-history":[{"count":1,"href":"https:\/\/www.icog.es\/TyT\/index.php\/wp-json\/wp\/v2\/posts\/9122\/revisions"}],"predecessor-version":[{"id":12807,"href":"https:\/\/www.icog.es\/TyT\/index.php\/wp-json\/wp\/v2\/posts\/9122\/revisions\/12807"}],"wp:featuredmedia":[{"embeddable":true,"href":"https:\/\/www.icog.es\/TyT\/index.php\/wp-json\/wp\/v2\/media\/9129"}],"wp:attachment":[{"href":"https:\/\/www.icog.es\/TyT\/index.php\/wp-json\/wp\/v2\/media?parent=9122"}],"wp:term":[{"taxonomy":"category","embeddable":true,"href":"https:\/\/www.icog.es\/TyT\/index.php\/wp-json\/wp\/v2\/categories?post=9122"},{"taxonomy":"post_tag","embeddable":true,"href":"https:\/\/www.icog.es\/TyT\/index.php\/wp-json\/wp\/v2\/tags?post=9122"}],"curies":[{"name":"wp","href":"https:\/\/api.w.org\/{rel}","templated":true}]}}