{"id":9052,"date":"2018-02-21T10:52:51","date_gmt":"2018-02-21T10:52:51","guid":{"rendered":"http:\/\/www.icog.es\/TyT\/?p=9052"},"modified":"2019-01-04T11:52:49","modified_gmt":"2019-01-04T11:52:49","slug":"jornada-informativa-red-ayuda-5000-e-pyme","status":"publish","type":"post","link":"https:\/\/www.icog.es\/TyT\/index.php\/2018\/02\/jornada-informativa-red-ayuda-5000-e-pyme\/","title":{"rendered":"Jornada informativa sobre transformaci\u00f3n digital | Ayuda de 5000 \u20ac"},"content":{"rendered":"<p>Desde Red.es &#8211; Entidad P\u00fablica Empresarial adscrita al Ministerio de Energ\u00eda, Turismo y Agenda Digital- se ha puesto recientemente en marcha el programa de \u201c<strong>Asesores Digitales<\/strong>\u201d, una iniciativa que permitir\u00e1 a las pymes disponer de un asesoramiento individualizado en su proceso de transformaci\u00f3n digital. Este servicio se concretar\u00e1 en la realizaci\u00f3n, por parte de agentes especializados, de un Plan de Digitalizaci\u00f3n para la incorporaci\u00f3n de las TIC en sus procesos (gesti\u00f3n del negocio, relaci\u00f3n con terceros, comercio electr\u00f3nico, digitalizaci\u00f3n de servicios y soluciones). Para la puesta en marcha de este Programa, que cuenta con un presupuesto total de 5 millones de euros y est\u00e1 cofinanciado por el Fondo Europeo de Desarrollo Regional (FEDER) a cargo del Programa Operativo de Crecimiento Inteligente, se habilitar\u00e1 pr\u00f3ximamente una convocatoria de ayudas de hasta 5.000 euros por pyme.<\/p>\n<blockquote><p>Impulso a las pymes y aut\u00f3nomos para avanzar en su proceso de transformaci\u00f3n digital\u00a0y aumentar su competitividad<\/p><\/blockquote>\n<p>En la\u00a0<a href=\"http:\/\/www.red.es\/redes\/es\/que-hacemos\/transformaci%C3%B3n-digital-en-pymes\/asesores-digitales\" target=\"_blank\" rel=\"noopener\">p\u00e1gina web<\/a>\u00a0de Red.es pod\u00e9is encontrar m\u00e1s informaci\u00f3n al respecto, as\u00ed como consultar las bases de este programa en el\u00a0<a href=\"https:\/\/www.boe.es\/boe\/dias\/2017\/11\/20\/pdfs\/BOE-A-2017-13354.pdf\" target=\"_blank\" rel=\"noopener\">BOE del pasado 20 de noviembre<\/a>.<\/p>\n<p>Para contaros todos los detalles de este programa, estudiar las posibilidades laborales que ofrece y ayudar a conseguir la mayor difusi\u00f3n de estas ayudas que favorecer\u00e1n a las pymes de todas las comunidades aut\u00f3nomas, hemos organizado una jornada informativa el\u00a0<strong>pr\u00f3ximo 6 de marzo a las 11 h. en el Colegio de Ge\u00f3logos (C\/ Raquel Meller, 7, Local, Madrid)<\/strong>\u00a0la cual se retransmitir\u00e1 tambi\u00e9n en directo v\u00eda Facebook live a trav\u00e9s de la direcci\u00f3n\u00a0<a href=\"https:\/\/www.facebook.com\/CGEOLOGOS\/\" target=\"_blank\" rel=\"noopener\">https:\/\/www.facebook.com\/CGEOLOGOS\/<\/a><\/p>\n<p>Para asistir a la jornada es imprescindible confirmar asistencia rellenado el siguiente formulario:\u00a0<a href=\"http:\/\/bit.ly\/2GflUsL\" target=\"_blank\" rel=\"noopener\">http:\/\/bit.ly\/2GflUsL<\/a><\/p>\n<p>Para cualquier aclaraci\u00f3n sobre el programa, pod\u00e9is poneros en contacto con Red.es en el tel\u00e9fono 901 900 333.<\/p>\n<p>Esperamos poder contar con vuestra presencia.<\/p>\n","protected":false},"excerpt":{"rendered":"<p>Desde Red.es &#8211; Entidad P\u00fablica Empresarial adscrita al Ministerio de Energ\u00eda, Turismo y Agenda Digital- se ha puesto recientemente en marcha el programa de \u201cAsesores Digitales\u201d, una iniciativa que permitir\u00e1 a las pymes disponer de un asesoramiento individualizado en su proceso de transformaci\u00f3n digital. Este servicio se concretar\u00e1 en la realizaci\u00f3n, por parte de agentes [&hellip;]<\/p>\n","protected":false},"author":2,"featured_media":9053,"comment_status":"open","ping_status":"open","sticky":false,"template":"","format":"standard","meta":{"tdm_status":"","tdm_grid_status":"","footnotes":""},"categories":[255,809],"tags":[826,827,828],"class_list":{"0":"post-9052","1":"post","2":"type-post","3":"status-publish","4":"format-standard","5":"has-post-thumbnail","7":"category-emprendedores","8":"category-tt-51","9":"tag-ayuda-pyme","10":"tag-pyme","11":"tag-transformacion-digital"},"yoast_head":"<!-- This site is optimized with the Yoast SEO plugin v27.0 - https:\/\/yoast.com\/product\/yoast-seo-wordpress\/ -->\r\n<title>Jornada informativa sobre transformaci\u00f3n digital | Ayuda de 5000 \u20ac<\/title>\r\n<meta name=\"description\" content=\"Pr\u00f3ximo 6 de marzo a las 11 h. en el Colegio de Ge\u00f3logos (C\/ Raquel Meller, 7, Local, Madrid) la cual se retransmitir\u00e1 tambi\u00e9n en directo v\u00eda Facebook live. Transformaci\u00f3n Digital.\" \/>\r\n<meta name=\"robots\" content=\"index, follow, max-snippet:-1, max-image-preview:large, max-video-preview:-1\" \/>\r\n<link rel=\"canonical\" href=\"https:\/\/www.icog.es\/TyT\/index.php\/2018\/02\/jornada-informativa-red-ayuda-5000-e-pyme\/\" \/>\r\n<meta property=\"og:locale\" content=\"es_ES\" \/>\r\n<meta property=\"og:type\" content=\"article\" \/>\r\n<meta property=\"og:title\" content=\"Jornada informativa sobre transformaci\u00f3n digital | Ayuda de 5000 \u20ac\" \/>\r\n<meta property=\"og:description\" content=\"Pr\u00f3ximo 6 de marzo a las 11 h. en el Colegio de Ge\u00f3logos (C\/ Raquel Meller, 7, Local, Madrid) la cual se retransmitir\u00e1 tambi\u00e9n en directo v\u00eda Facebook live. Transformaci\u00f3n Digital.\" \/>\r\n<meta property=\"og:url\" content=\"https:\/\/www.icog.es\/TyT\/index.php\/2018\/02\/jornada-informativa-red-ayuda-5000-e-pyme\/\" \/>\r\n<meta property=\"og:site_name\" content=\"Tierra y Tecnolog\u00eda\" \/>\r\n<meta property=\"article:publisher\" content=\"https:\/\/www.facebook.com\/CGEOLOGOS\" \/>\r\n<meta property=\"article:author\" content=\"https:\/\/www.facebook.com\/CGEOLOGOS\" \/>\r\n<meta property=\"article:published_time\" content=\"2018-02-21T10:52:51+00:00\" \/>\r\n<meta property=\"article:modified_time\" content=\"2019-01-04T11:52:49+00:00\" \/>\r\n<meta property=\"og:image\" content=\"https:\/\/www.icog.es\/TyT\/wp-content\/uploads\/2018\/02\/Transformacion-PYMES-carrusel-negativo-OK.png\" \/>\r\n\t<meta property=\"og:image:width\" content=\"1276\" \/>\r\n\t<meta property=\"og:image:height\" content=\"588\" \/>\r\n\t<meta property=\"og:image:type\" content=\"image\/png\" \/>\r\n<meta name=\"author\" content=\"Redacci\u00f3n\" \/>\r\n<meta name=\"twitter:card\" content=\"summary_large_image\" \/>\r\n<meta name=\"twitter:creator\" content=\"@https:\/\/twitter.com\/cgeologos\" \/>\r\n<meta name=\"twitter:site\" content=\"@cgeologos\" \/>\r\n<meta name=\"twitter:label1\" content=\"Escrito por\" \/>\n\t<meta name=\"twitter:data1\" content=\"Redacci\u00f3n\" \/>\n\t<meta name=\"twitter:label2\" content=\"Tiempo de lectura\" \/>\n\t<meta name=\"twitter:data2\" content=\"2 minutos\" \/>\r\n<script type=\"application\/ld+json\" class=\"yoast-schema-graph\">{\"@context\":\"https:\/\/schema.org\",\"@graph\":[{\"@type\":\"Article\",\"@id\":\"https:\/\/www.icog.es\/TyT\/index.php\/2018\/02\/jornada-informativa-red-ayuda-5000-e-pyme\/#article\",\"isPartOf\":{\"@id\":\"https:\/\/www.icog.es\/TyT\/index.php\/2018\/02\/jornada-informativa-red-ayuda-5000-e-pyme\/\"},\"author\":{\"name\":\"Redacci\u00f3n\",\"@id\":\"https:\/\/www.icog.es\/TyT\/#\/schema\/person\/590cfb5c1b7b4e4b350d60316033e853\"},\"headline\":\"Jornada informativa sobre transformaci\u00f3n digital | Ayuda de 5000 \u20ac\",\"datePublished\":\"2018-02-21T10:52:51+00:00\",\"dateModified\":\"2019-01-04T11:52:49+00:00\",\"mainEntityOfPage\":{\"@id\":\"https:\/\/www.icog.es\/TyT\/index.php\/2018\/02\/jornada-informativa-red-ayuda-5000-e-pyme\/\"},\"wordCount\":331,\"commentCount\":0,\"publisher\":{\"@id\":\"https:\/\/www.icog.es\/TyT\/#organization\"},\"image\":{\"@id\":\"https:\/\/www.icog.es\/TyT\/index.php\/2018\/02\/jornada-informativa-red-ayuda-5000-e-pyme\/#primaryimage\"},\"thumbnailUrl\":\"https:\/\/www.icog.es\/TyT\/wp-content\/uploads\/2018\/02\/Transformacion-PYMES-carrusel-negativo-OK.png\",\"keywords\":[\"ayuda PYME\",\"PYME\",\"Transformaci\u00f3n digital\"],\"articleSection\":[\"Emprendedores\",\"T&amp;T 51\"],\"inLanguage\":\"es\",\"potentialAction\":[{\"@type\":\"CommentAction\",\"name\":\"Comment\",\"target\":[\"https:\/\/www.icog.es\/TyT\/index.php\/2018\/02\/jornada-informativa-red-ayuda-5000-e-pyme\/#respond\"]}]},{\"@type\":\"WebPage\",\"@id\":\"https:\/\/www.icog.es\/TyT\/index.php\/2018\/02\/jornada-informativa-red-ayuda-5000-e-pyme\/\",\"url\":\"https:\/\/www.icog.es\/TyT\/index.php\/2018\/02\/jornada-informativa-red-ayuda-5000-e-pyme\/\",\"name\":\"Jornada informativa sobre transformaci\u00f3n digital | Ayuda de 5000 \u20ac\",\"isPartOf\":{\"@id\":\"https:\/\/www.icog.es\/TyT\/#website\"},\"primaryImageOfPage\":{\"@id\":\"https:\/\/www.icog.es\/TyT\/index.php\/2018\/02\/jornada-informativa-red-ayuda-5000-e-pyme\/#primaryimage\"},\"image\":{\"@id\":\"https:\/\/www.icog.es\/TyT\/index.php\/2018\/02\/jornada-informativa-red-ayuda-5000-e-pyme\/#primaryimage\"},\"thumbnailUrl\":\"https:\/\/www.icog.es\/TyT\/wp-content\/uploads\/2018\/02\/Transformacion-PYMES-carrusel-negativo-OK.png\",\"datePublished\":\"2018-02-21T10:52:51+00:00\",\"dateModified\":\"2019-01-04T11:52:49+00:00\",\"description\":\"Pr\u00f3ximo 6 de marzo a las 11 h. en el Colegio de Ge\u00f3logos (C\/ Raquel Meller, 7, Local, Madrid) la cual se retransmitir\u00e1 tambi\u00e9n en directo v\u00eda Facebook live. Transformaci\u00f3n Digital.\",\"breadcrumb\":{\"@id\":\"https:\/\/www.icog.es\/TyT\/index.php\/2018\/02\/jornada-informativa-red-ayuda-5000-e-pyme\/#breadcrumb\"},\"inLanguage\":\"es\",\"potentialAction\":[{\"@type\":\"ReadAction\",\"target\":[\"https:\/\/www.icog.es\/TyT\/index.php\/2018\/02\/jornada-informativa-red-ayuda-5000-e-pyme\/\"]}]},{\"@type\":\"ImageObject\",\"inLanguage\":\"es\",\"@id\":\"https:\/\/www.icog.es\/TyT\/index.php\/2018\/02\/jornada-informativa-red-ayuda-5000-e-pyme\/#primaryimage\",\"url\":\"https:\/\/www.icog.es\/TyT\/wp-content\/uploads\/2018\/02\/Transformacion-PYMES-carrusel-negativo-OK.png\",\"contentUrl\":\"https:\/\/www.icog.es\/TyT\/wp-content\/uploads\/2018\/02\/Transformacion-PYMES-carrusel-negativo-OK.png\",\"width\":1276,\"height\":588},{\"@type\":\"BreadcrumbList\",\"@id\":\"https:\/\/www.icog.es\/TyT\/index.php\/2018\/02\/jornada-informativa-red-ayuda-5000-e-pyme\/#breadcrumb\",\"itemListElement\":[{\"@type\":\"ListItem\",\"position\":1,\"name\":\"Portada\",\"item\":\"https:\/\/www.icog.es\/TyT\/\"},{\"@type\":\"ListItem\",\"position\":2,\"name\":\"Jornada informativa sobre transformaci\u00f3n digital | Ayuda de 5000 \u20ac\"}]},{\"@type\":\"WebSite\",\"@id\":\"https:\/\/www.icog.es\/TyT\/#website\",\"url\":\"https:\/\/www.icog.es\/TyT\/\",\"name\":\"Tierra y Tecnolog\u00eda\",\"description\":\"Revista de informaci\u00f3n geol\u00f3gica\",\"publisher\":{\"@id\":\"https:\/\/www.icog.es\/TyT\/#organization\"},\"potentialAction\":[{\"@type\":\"SearchAction\",\"target\":{\"@type\":\"EntryPoint\",\"urlTemplate\":\"https:\/\/www.icog.es\/TyT\/?s={search_term_string}\"},\"query-input\":{\"@type\":\"PropertyValueSpecification\",\"valueRequired\":true,\"valueName\":\"search_term_string\"}}],\"inLanguage\":\"es\"},{\"@type\":\"Organization\",\"@id\":\"https:\/\/www.icog.es\/TyT\/#organization\",\"name\":\"Tierra y Tecnolog\u00eda - Colegio de Ge\u00f3logos\",\"url\":\"https:\/\/www.icog.es\/TyT\/\",\"logo\":{\"@type\":\"ImageObject\",\"inLanguage\":\"es\",\"@id\":\"https:\/\/www.icog.es\/TyT\/#\/schema\/logo\/image\/\",\"url\":\"https:\/\/www.icog.es\/TyT\/wp-content\/uploads\/2013\/02\/logotytmini.jpg\",\"contentUrl\":\"https:\/\/www.icog.es\/TyT\/wp-content\/uploads\/2013\/02\/logotytmini.jpg\",\"width\":325,\"height\":127,\"caption\":\"Tierra y Tecnolog\u00eda - Colegio de Ge\u00f3logos\"},\"image\":{\"@id\":\"https:\/\/www.icog.es\/TyT\/#\/schema\/logo\/image\/\"},\"sameAs\":[\"https:\/\/www.facebook.com\/CGEOLOGOS\",\"https:\/\/x.com\/cgeologos\",\"https:\/\/www.linkedin.com\/company\/colegio-oficial-de-ge-logos\",\"https:\/\/www.pinterest.com\/cgeologos\/\",\"http:\/\/www.youtube.com\/ICOGtv\"]},{\"@type\":\"Person\",\"@id\":\"https:\/\/www.icog.es\/TyT\/#\/schema\/person\/590cfb5c1b7b4e4b350d60316033e853\",\"name\":\"Redacci\u00f3n\",\"image\":{\"@type\":\"ImageObject\",\"inLanguage\":\"es\",\"@id\":\"https:\/\/www.icog.es\/TyT\/#\/schema\/person\/image\/\",\"url\":\"https:\/\/secure.gravatar.com\/avatar\/f9c0ac81b2e8e690bee30ac3b42bf27f02e8dedc49686b871256e17dc7cd000b?s=96&d=identicon&r=g\",\"contentUrl\":\"https:\/\/secure.gravatar.com\/avatar\/f9c0ac81b2e8e690bee30ac3b42bf27f02e8dedc49686b871256e17dc7cd000b?s=96&d=identicon&r=g\",\"caption\":\"Redacci\u00f3n\"},\"description\":\"Tierra y Tecnolog\u00eda es una publicaci\u00f3n del Ilustre Colegio Oficial de Ge\u00f3logos (ICOG). El ICOG es una instituci\u00f3n sin finalidad lucrativa creada para la defensa y apoyo de los intereses de los Ge\u00f3logos, creada por Ley 73\/1978 de 26 de Diciembre, es una corporaci\u00f3n de Derecho P\u00fablico, amparada por Ley y reconocida por el Estado, con personalidad jur\u00eddica propia y capacidad plena para el ejercicio de sus funciones y cumplimiento de sus fines.\",\"sameAs\":[\"https:\/\/cgeologos.es\",\"https:\/\/www.facebook.com\/CGEOLOGOS\",\"https:\/\/www.linkedin.com\/company\/313811\",\"https:\/\/x.com\/https:\/\/twitter.com\/cgeologos\",\"http:\/\/www.youtube.com\/ICOGtv\"],\"url\":\"https:\/\/www.icog.es\/TyT\/index.php\/author\/jl-barrera\/\"}]}<\/script>\r\n<!-- \/ Yoast SEO plugin. -->","yoast_head_json":{"title":"Jornada informativa sobre transformaci\u00f3n digital | Ayuda de 5000 \u20ac","description":"Pr\u00f3ximo 6 de marzo a las 11 h. en el Colegio de Ge\u00f3logos (C\/ Raquel Meller, 7, Local, Madrid) la cual se retransmitir\u00e1 tambi\u00e9n en directo v\u00eda Facebook live. Transformaci\u00f3n Digital.","robots":{"index":"index","follow":"follow","max-snippet":"max-snippet:-1","max-image-preview":"max-image-preview:large","max-video-preview":"max-video-preview:-1"},"canonical":"https:\/\/www.icog.es\/TyT\/index.php\/2018\/02\/jornada-informativa-red-ayuda-5000-e-pyme\/","og_locale":"es_ES","og_type":"article","og_title":"Jornada informativa sobre transformaci\u00f3n digital | Ayuda de 5000 \u20ac","og_description":"Pr\u00f3ximo 6 de marzo a las 11 h. en el Colegio de Ge\u00f3logos (C\/ Raquel Meller, 7, Local, Madrid) la cual se retransmitir\u00e1 tambi\u00e9n en directo v\u00eda Facebook live. Transformaci\u00f3n Digital.","og_url":"https:\/\/www.icog.es\/TyT\/index.php\/2018\/02\/jornada-informativa-red-ayuda-5000-e-pyme\/","og_site_name":"Tierra y Tecnolog\u00eda","article_publisher":"https:\/\/www.facebook.com\/CGEOLOGOS","article_author":"https:\/\/www.facebook.com\/CGEOLOGOS","article_published_time":"2018-02-21T10:52:51+00:00","article_modified_time":"2019-01-04T11:52:49+00:00","og_image":[{"width":1276,"height":588,"url":"https:\/\/www.icog.es\/TyT\/wp-content\/uploads\/2018\/02\/Transformacion-PYMES-carrusel-negativo-OK.png","type":"image\/png"}],"author":"Redacci\u00f3n","twitter_card":"summary_large_image","twitter_creator":"@https:\/\/twitter.com\/cgeologos","twitter_site":"@cgeologos","twitter_misc":{"Escrito por":"Redacci\u00f3n","Tiempo de lectura":"2 minutos"},"schema":{"@context":"https:\/\/schema.org","@graph":[{"@type":"Article","@id":"https:\/\/www.icog.es\/TyT\/index.php\/2018\/02\/jornada-informativa-red-ayuda-5000-e-pyme\/#article","isPartOf":{"@id":"https:\/\/www.icog.es\/TyT\/index.php\/2018\/02\/jornada-informativa-red-ayuda-5000-e-pyme\/"},"author":{"name":"Redacci\u00f3n","@id":"https:\/\/www.icog.es\/TyT\/#\/schema\/person\/590cfb5c1b7b4e4b350d60316033e853"},"headline":"Jornada informativa sobre transformaci\u00f3n digital | Ayuda de 5000 \u20ac","datePublished":"2018-02-21T10:52:51+00:00","dateModified":"2019-01-04T11:52:49+00:00","mainEntityOfPage":{"@id":"https:\/\/www.icog.es\/TyT\/index.php\/2018\/02\/jornada-informativa-red-ayuda-5000-e-pyme\/"},"wordCount":331,"commentCount":0,"publisher":{"@id":"https:\/\/www.icog.es\/TyT\/#organization"},"image":{"@id":"https:\/\/www.icog.es\/TyT\/index.php\/2018\/02\/jornada-informativa-red-ayuda-5000-e-pyme\/#primaryimage"},"thumbnailUrl":"https:\/\/www.icog.es\/TyT\/wp-content\/uploads\/2018\/02\/Transformacion-PYMES-carrusel-negativo-OK.png","keywords":["ayuda PYME","PYME","Transformaci\u00f3n digital"],"articleSection":["Emprendedores","T&amp;T 51"],"inLanguage":"es","potentialAction":[{"@type":"CommentAction","name":"Comment","target":["https:\/\/www.icog.es\/TyT\/index.php\/2018\/02\/jornada-informativa-red-ayuda-5000-e-pyme\/#respond"]}]},{"@type":"WebPage","@id":"https:\/\/www.icog.es\/TyT\/index.php\/2018\/02\/jornada-informativa-red-ayuda-5000-e-pyme\/","url":"https:\/\/www.icog.es\/TyT\/index.php\/2018\/02\/jornada-informativa-red-ayuda-5000-e-pyme\/","name":"Jornada informativa sobre transformaci\u00f3n digital | Ayuda de 5000 \u20ac","isPartOf":{"@id":"https:\/\/www.icog.es\/TyT\/#website"},"primaryImageOfPage":{"@id":"https:\/\/www.icog.es\/TyT\/index.php\/2018\/02\/jornada-informativa-red-ayuda-5000-e-pyme\/#primaryimage"},"image":{"@id":"https:\/\/www.icog.es\/TyT\/index.php\/2018\/02\/jornada-informativa-red-ayuda-5000-e-pyme\/#primaryimage"},"thumbnailUrl":"https:\/\/www.icog.es\/TyT\/wp-content\/uploads\/2018\/02\/Transformacion-PYMES-carrusel-negativo-OK.png","datePublished":"2018-02-21T10:52:51+00:00","dateModified":"2019-01-04T11:52:49+00:00","description":"Pr\u00f3ximo 6 de marzo a las 11 h. en el Colegio de Ge\u00f3logos (C\/ Raquel Meller, 7, Local, Madrid) la cual se retransmitir\u00e1 tambi\u00e9n en directo v\u00eda Facebook live. Transformaci\u00f3n Digital.","breadcrumb":{"@id":"https:\/\/www.icog.es\/TyT\/index.php\/2018\/02\/jornada-informativa-red-ayuda-5000-e-pyme\/#breadcrumb"},"inLanguage":"es","potentialAction":[{"@type":"ReadAction","target":["https:\/\/www.icog.es\/TyT\/index.php\/2018\/02\/jornada-informativa-red-ayuda-5000-e-pyme\/"]}]},{"@type":"ImageObject","inLanguage":"es","@id":"https:\/\/www.icog.es\/TyT\/index.php\/2018\/02\/jornada-informativa-red-ayuda-5000-e-pyme\/#primaryimage","url":"https:\/\/www.icog.es\/TyT\/wp-content\/uploads\/2018\/02\/Transformacion-PYMES-carrusel-negativo-OK.png","contentUrl":"https:\/\/www.icog.es\/TyT\/wp-content\/uploads\/2018\/02\/Transformacion-PYMES-carrusel-negativo-OK.png","width":1276,"height":588},{"@type":"BreadcrumbList","@id":"https:\/\/www.icog.es\/TyT\/index.php\/2018\/02\/jornada-informativa-red-ayuda-5000-e-pyme\/#breadcrumb","itemListElement":[{"@type":"ListItem","position":1,"name":"Portada","item":"https:\/\/www.icog.es\/TyT\/"},{"@type":"ListItem","position":2,"name":"Jornada informativa sobre transformaci\u00f3n digital | Ayuda de 5000 \u20ac"}]},{"@type":"WebSite","@id":"https:\/\/www.icog.es\/TyT\/#website","url":"https:\/\/www.icog.es\/TyT\/","name":"Tierra y Tecnolog\u00eda","description":"Revista de informaci\u00f3n geol\u00f3gica","publisher":{"@id":"https:\/\/www.icog.es\/TyT\/#organization"},"potentialAction":[{"@type":"SearchAction","target":{"@type":"EntryPoint","urlTemplate":"https:\/\/www.icog.es\/TyT\/?s={search_term_string}"},"query-input":{"@type":"PropertyValueSpecification","valueRequired":true,"valueName":"search_term_string"}}],"inLanguage":"es"},{"@type":"Organization","@id":"https:\/\/www.icog.es\/TyT\/#organization","name":"Tierra y Tecnolog\u00eda - Colegio de Ge\u00f3logos","url":"https:\/\/www.icog.es\/TyT\/","logo":{"@type":"ImageObject","inLanguage":"es","@id":"https:\/\/www.icog.es\/TyT\/#\/schema\/logo\/image\/","url":"https:\/\/www.icog.es\/TyT\/wp-content\/uploads\/2013\/02\/logotytmini.jpg","contentUrl":"https:\/\/www.icog.es\/TyT\/wp-content\/uploads\/2013\/02\/logotytmini.jpg","width":325,"height":127,"caption":"Tierra y Tecnolog\u00eda - Colegio de Ge\u00f3logos"},"image":{"@id":"https:\/\/www.icog.es\/TyT\/#\/schema\/logo\/image\/"},"sameAs":["https:\/\/www.facebook.com\/CGEOLOGOS","https:\/\/x.com\/cgeologos","https:\/\/www.linkedin.com\/company\/colegio-oficial-de-ge-logos","https:\/\/www.pinterest.com\/cgeologos\/","http:\/\/www.youtube.com\/ICOGtv"]},{"@type":"Person","@id":"https:\/\/www.icog.es\/TyT\/#\/schema\/person\/590cfb5c1b7b4e4b350d60316033e853","name":"Redacci\u00f3n","image":{"@type":"ImageObject","inLanguage":"es","@id":"https:\/\/www.icog.es\/TyT\/#\/schema\/person\/image\/","url":"https:\/\/secure.gravatar.com\/avatar\/f9c0ac81b2e8e690bee30ac3b42bf27f02e8dedc49686b871256e17dc7cd000b?s=96&d=identicon&r=g","contentUrl":"https:\/\/secure.gravatar.com\/avatar\/f9c0ac81b2e8e690bee30ac3b42bf27f02e8dedc49686b871256e17dc7cd000b?s=96&d=identicon&r=g","caption":"Redacci\u00f3n"},"description":"Tierra y Tecnolog\u00eda es una publicaci\u00f3n del Ilustre Colegio Oficial de Ge\u00f3logos (ICOG). El ICOG es una instituci\u00f3n sin finalidad lucrativa creada para la defensa y apoyo de los intereses de los Ge\u00f3logos, creada por Ley 73\/1978 de 26 de Diciembre, es una corporaci\u00f3n de Derecho P\u00fablico, amparada por Ley y reconocida por el Estado, con personalidad jur\u00eddica propia y capacidad plena para el ejercicio de sus funciones y cumplimiento de sus fines.","sameAs":["https:\/\/cgeologos.es","https:\/\/www.facebook.com\/CGEOLOGOS","https:\/\/www.linkedin.com\/company\/313811","https:\/\/x.com\/https:\/\/twitter.com\/cgeologos","http:\/\/www.youtube.com\/ICOGtv"],"url":"https:\/\/www.icog.es\/TyT\/index.php\/author\/jl-barrera\/"}]}},"_links":{"self":[{"href":"https:\/\/www.icog.es\/TyT\/index.php\/wp-json\/wp\/v2\/posts\/9052","targetHints":{"allow":["GET"]}}],"collection":[{"href":"https:\/\/www.icog.es\/TyT\/index.php\/wp-json\/wp\/v2\/posts"}],"about":[{"href":"https:\/\/www.icog.es\/TyT\/index.php\/wp-json\/wp\/v2\/types\/post"}],"author":[{"embeddable":true,"href":"https:\/\/www.icog.es\/TyT\/index.php\/wp-json\/wp\/v2\/users\/2"}],"replies":[{"embeddable":true,"href":"https:\/\/www.icog.es\/TyT\/index.php\/wp-json\/wp\/v2\/comments?post=9052"}],"version-history":[{"count":1,"href":"https:\/\/www.icog.es\/TyT\/index.php\/wp-json\/wp\/v2\/posts\/9052\/revisions"}],"predecessor-version":[{"id":9732,"href":"https:\/\/www.icog.es\/TyT\/index.php\/wp-json\/wp\/v2\/posts\/9052\/revisions\/9732"}],"wp:featuredmedia":[{"embeddable":true,"href":"https:\/\/www.icog.es\/TyT\/index.php\/wp-json\/wp\/v2\/media\/9053"}],"wp:attachment":[{"href":"https:\/\/www.icog.es\/TyT\/index.php\/wp-json\/wp\/v2\/media?parent=9052"}],"wp:term":[{"taxonomy":"category","embeddable":true,"href":"https:\/\/www.icog.es\/TyT\/index.php\/wp-json\/wp\/v2\/categories?post=9052"},{"taxonomy":"post_tag","embeddable":true,"href":"https:\/\/www.icog.es\/TyT\/index.php\/wp-json\/wp\/v2\/tags?post=9052"}],"curies":[{"name":"wp","href":"https:\/\/api.w.org\/{rel}","templated":true}]}}