{"id":8661,"date":"2017-06-16T08:17:15","date_gmt":"2017-06-16T08:17:15","guid":{"rendered":"http:\/\/www.icog.es\/TyT\/?p=8661"},"modified":"2017-07-13T12:20:48","modified_gmt":"2017-07-13T12:20:48","slug":"cronica-del-geoforo-geologia-salud","status":"publish","type":"post","link":"https:\/\/www.icog.es\/TyT\/index.php\/2017\/06\/cronica-del-geoforo-geologia-salud\/","title":{"rendered":"Cr\u00f3nica del Geoforo | &#8216;Geolog\u00eda y Salud&#8217;"},"content":{"rendered":"<p>La presencia de ars\u00e9nico en las aguas subterr\u00e1nea de algunas regiones y las emanaciones naturales de rad\u00f3n son las principales amenazas geol\u00f3gicas para la salud en Espa\u00f1a. As\u00ed lo asegura el ge\u00f3logo Vicente Gabald\u00f3n, miembro de GEOSEN (asociaci\u00f3n de Ge\u00f3logos Senior) durante una jornada celebrada en el Ilustre Colegio Oficial de Ge\u00f3logos en torno a la geolog\u00eda y su impacto en la salud.<\/p>\n<blockquote><p>Ars\u00e9nico y rad\u00f3n, amenazas geol\u00f3gicas para la salud en Espa\u00f1a<\/p><\/blockquote>\n<p>A ese respecto, el ge\u00f3logo recuerda que ya se han dado episodios de \u00a0alarma social por altos contenidos \u00a0de ars\u00e9nico en aguas subterr\u00e1neas de la cuenca del Duero.<\/p>\n<p>Con relaci\u00f3n al gas rad\u00f3n, es \u201cuna amenaza real\u201d en casas con s\u00f3tanos poco ventilados en algunas zonas de Espa\u00f1a como el Sistema Central (Sierra de Madrid, provincia de \u00c1vila) y Galicia.<\/p>\n<p>Asimismo, Gabald\u00f3n habl\u00f3 de la \u201cbiodisponibilidad\u201d \u00a0de elementos t\u00f3xicos, que es la proporci\u00f3n por la que un elemento es nocivo para la salud. \u201cTiene que estar en un umbral determinado para que afecte a la salud humana\u201d, puntualiza. Por eso otros elementos como el plomo o el mercurio tambi\u00e9n pueden ser peligrosos para la salud en altas proporciones.<\/p>\n<figure id=\"attachment_8585\" aria-describedby=\"caption-attachment-8585\" style=\"width: 902px\" class=\"wp-caption aligncenter\"><img loading=\"lazy\" decoding=\"async\" class=\"size-full wp-image-8585\" src=\"http:\/\/www.icog.es\/TyT\/wp-content\/uploads\/2017\/06\/geologia_salud.jpg\" alt=\"\" width=\"902\" height=\"493\" \/><figcaption id=\"caption-attachment-8585\" class=\"wp-caption-text\">Sala de actos del Colegio Oficial de Ge\u00f3logos<\/figcaption><\/figure>\n<p><strong>Derivados de oro y platino como anticancer\u00edgenos<\/strong><\/p>\n<p>Por otra parte el farmac\u00e9utico y profesor de la Universidad Complutense de Madrid, Benito del Castillo, indica que muchos elementos de la tabla peri\u00f3dica y numerosos minerales han sido utilizados como remedios o medicamentos.<\/p>\n<blockquote><p>Se est\u00e1n realizando estudios con derivados de oro y platino para usos anticancer\u00edgenos<\/p><\/blockquote>\n<p>En concreto cit\u00f3 los derivados de oro y platino usados como anticancer\u00edgenos. \u201cA pesar de ser metales nobles, reaccionan, pero hay que saber combinarlos adecuadamente, para que formen mol\u00e9culas farmacol\u00f3gicamente activas\u201d, asegura. \u201cSe est\u00e1 trabajando tambi\u00e9n en la qu\u00edmica del boro y silicio para dise\u00f1ar nuevos medicamentos\u201d comenta el farmac\u00e9utico. \u201cUn objetivo farmacol\u00f3gico es lograr disponer de estructuras moleculares, que a concentraciones adecuadas sean beneficiosas y activas, pero no t\u00f3xicas\u201d, especifica. Un ejemplo es el cis-platino, un compuesto del platino que se usa para tratar determinados tipos de c\u00e1ncer.<\/p>\n<p>Del Castillo, a su vez, espec\u00edfica una serie de elementos y minerales beneficiosos para la salud, usados, unos en la actualidad y otros en el pasado: azufre (desinfectante y parasiticida), mercurio (antiven\u00e9reo), oropimente (pomadas depilatorias), rejalgar (purgante), zirc\u00f3n (fortificante), yeso (, dent\u00edfrico y escayolas), sal gema (sueros gota a gota), nitro (diur\u00e9tico), talco (polvos para escoceduras de ni\u00f1os, lubricante de los punzones de las m\u00e1quinas de comprimir), natr\u00f3n (antis\u00e9ptico, embalsamamientos), epsomita (purgante salino), b\u00f3rax (denticina y enfermedades cut\u00e1neas), caolinita (excipiente de ciertas p\u00edldoras), arcilla (\u201cterra sigillata\u201d), derivados de hidrocarburos, por destilaci\u00f3n fraccionada, como el \u00e9ter de petr\u00f3leo (anest\u00e9sico local) o parafina ( lubricante, absorbente de perfumes,\u2026); del carb\u00f3n (hulla) se obtiene el coaltar, antiseptico.<\/p>\n<p>\u201cDe la brea de hulla se obtienen n\u00fameros compuesto org\u00e1nicos de aplicaci\u00f3n farmac\u00e9utica: anilinas, cresoles, zotales, etc\u2026\u201d, finaliza el profesor Del Castillo.<\/p>\n<blockquote><p>Las erupciones volc\u00e1nicas afectan considerablemente a las rutas a\u00e9reas<\/p><\/blockquote>\n<p>Por \u00faltimo, el ge\u00f3logo y expiloto, Carlos Garc\u00eda, recuerda como las erupciones volc\u00e1nicas afectan al tr\u00e1fico a\u00e9reo y a determinadas rutas porque \u201cerosionan el motor y producen impactos en el fuselaje\u201d.<\/p>\n","protected":false},"excerpt":{"rendered":"<p>La presencia de ars\u00e9nico en las aguas subterr\u00e1nea de algunas regiones y las emanaciones naturales de rad\u00f3n son las principales amenazas geol\u00f3gicas para la salud en Espa\u00f1a. As\u00ed lo asegura el ge\u00f3logo Vicente Gabald\u00f3n, miembro de GEOSEN (asociaci\u00f3n de Ge\u00f3logos Senior) durante una jornada celebrada en el Ilustre Colegio Oficial de Ge\u00f3logos en torno a [&hellip;]<\/p>\n","protected":false},"author":2,"featured_media":8663,"comment_status":"open","ping_status":"open","sticky":false,"template":"","format":"video","meta":{"tdm_status":"","tdm_grid_status":"","footnotes":""},"categories":[284,713,696],"tags":[98,762],"class_list":{"0":"post-8661","1":"post","2":"type-post","3":"status-publish","4":"format-video","5":"has-post-thumbnail","7":"category-comunicado-icog","8":"category-geoforo","9":"category-tt-49","10":"tag-geoforo","11":"tag-salud","12":"post_format-post-format-video"},"yoast_head":"<!-- This site is optimized with the Yoast SEO plugin v27.0 - https:\/\/yoast.com\/product\/yoast-seo-wordpress\/ -->\r\n<title>Cr\u00f3nica del Geoforo | &#039;Geolog\u00eda y Salud&#039; - Tierra y Tecnolog\u00eda<\/title>\r\n<meta name=\"robots\" content=\"index, follow, max-snippet:-1, max-image-preview:large, max-video-preview:-1\" \/>\r\n<link rel=\"canonical\" href=\"https:\/\/www.icog.es\/TyT\/index.php\/2017\/06\/cronica-del-geoforo-geologia-salud\/\" \/>\r\n<meta property=\"og:locale\" content=\"es_ES\" \/>\r\n<meta property=\"og:type\" content=\"article\" \/>\r\n<meta property=\"og:title\" content=\"Cr\u00f3nica del Geoforo | &#039;Geolog\u00eda y Salud&#039; - Tierra y Tecnolog\u00eda\" \/>\r\n<meta property=\"og:description\" content=\"La presencia de ars\u00e9nico en las aguas subterr\u00e1nea de algunas regiones y las emanaciones naturales de rad\u00f3n son las principales amenazas geol\u00f3gicas para la salud en Espa\u00f1a. As\u00ed lo asegura el ge\u00f3logo Vicente Gabald\u00f3n, miembro de GEOSEN (asociaci\u00f3n de Ge\u00f3logos Senior) durante una jornada celebrada en el Ilustre Colegio Oficial de Ge\u00f3logos en torno a [&hellip;]\" \/>\r\n<meta property=\"og:url\" content=\"https:\/\/www.icog.es\/TyT\/index.php\/2017\/06\/cronica-del-geoforo-geologia-salud\/\" \/>\r\n<meta property=\"og:site_name\" content=\"Tierra y Tecnolog\u00eda\" \/>\r\n<meta property=\"article:publisher\" content=\"https:\/\/www.facebook.com\/CGEOLOGOS\" \/>\r\n<meta property=\"article:author\" content=\"https:\/\/www.facebook.com\/CGEOLOGOS\" \/>\r\n<meta property=\"article:published_time\" content=\"2017-06-16T08:17:15+00:00\" \/>\r\n<meta property=\"article:modified_time\" content=\"2017-07-13T12:20:48+00:00\" \/>\r\n<meta property=\"og:image\" content=\"https:\/\/www.icog.es\/TyT\/wp-content\/uploads\/2017\/06\/maxresdefault.jpg\" \/>\r\n\t<meta property=\"og:image:width\" content=\"1280\" \/>\r\n\t<meta property=\"og:image:height\" content=\"720\" \/>\r\n\t<meta property=\"og:image:type\" content=\"image\/jpeg\" \/>\r\n<meta name=\"author\" content=\"Redacci\u00f3n\" \/>\r\n<meta name=\"twitter:card\" content=\"summary_large_image\" \/>\r\n<meta name=\"twitter:creator\" content=\"@https:\/\/twitter.com\/cgeologos\" \/>\r\n<meta name=\"twitter:site\" content=\"@cgeologos\" \/>\r\n<meta name=\"twitter:label1\" content=\"Escrito por\" \/>\n\t<meta name=\"twitter:data1\" content=\"Redacci\u00f3n\" \/>\n\t<meta name=\"twitter:label2\" content=\"Tiempo de lectura\" \/>\n\t<meta name=\"twitter:data2\" content=\"3 minutos\" \/>\r\n<script type=\"application\/ld+json\" class=\"yoast-schema-graph\">{\"@context\":\"https:\/\/schema.org\",\"@graph\":[{\"@type\":\"Article\",\"@id\":\"https:\/\/www.icog.es\/TyT\/index.php\/2017\/06\/cronica-del-geoforo-geologia-salud\/#article\",\"isPartOf\":{\"@id\":\"https:\/\/www.icog.es\/TyT\/index.php\/2017\/06\/cronica-del-geoforo-geologia-salud\/\"},\"author\":{\"name\":\"Redacci\u00f3n\",\"@id\":\"https:\/\/www.icog.es\/TyT\/#\/schema\/person\/590cfb5c1b7b4e4b350d60316033e853\"},\"headline\":\"Cr\u00f3nica del Geoforo | &#8216;Geolog\u00eda y Salud&#8217;\",\"datePublished\":\"2017-06-16T08:17:15+00:00\",\"dateModified\":\"2017-07-13T12:20:48+00:00\",\"mainEntityOfPage\":{\"@id\":\"https:\/\/www.icog.es\/TyT\/index.php\/2017\/06\/cronica-del-geoforo-geologia-salud\/\"},\"wordCount\":600,\"commentCount\":0,\"publisher\":{\"@id\":\"https:\/\/www.icog.es\/TyT\/#organization\"},\"image\":{\"@id\":\"https:\/\/www.icog.es\/TyT\/index.php\/2017\/06\/cronica-del-geoforo-geologia-salud\/#primaryimage\"},\"thumbnailUrl\":\"https:\/\/www.icog.es\/TyT\/wp-content\/uploads\/2017\/06\/maxresdefault.jpg\",\"keywords\":[\"Geoforo\",\"salud\"],\"articleSection\":[\"Comunicado ICOG\",\"Geoforo\",\"T&amp;T 49\"],\"inLanguage\":\"es\",\"potentialAction\":[{\"@type\":\"CommentAction\",\"name\":\"Comment\",\"target\":[\"https:\/\/www.icog.es\/TyT\/index.php\/2017\/06\/cronica-del-geoforo-geologia-salud\/#respond\"]}]},{\"@type\":\"WebPage\",\"@id\":\"https:\/\/www.icog.es\/TyT\/index.php\/2017\/06\/cronica-del-geoforo-geologia-salud\/\",\"url\":\"https:\/\/www.icog.es\/TyT\/index.php\/2017\/06\/cronica-del-geoforo-geologia-salud\/\",\"name\":\"Cr\u00f3nica del Geoforo | 'Geolog\u00eda y Salud' - Tierra y Tecnolog\u00eda\",\"isPartOf\":{\"@id\":\"https:\/\/www.icog.es\/TyT\/#website\"},\"primaryImageOfPage\":{\"@id\":\"https:\/\/www.icog.es\/TyT\/index.php\/2017\/06\/cronica-del-geoforo-geologia-salud\/#primaryimage\"},\"image\":{\"@id\":\"https:\/\/www.icog.es\/TyT\/index.php\/2017\/06\/cronica-del-geoforo-geologia-salud\/#primaryimage\"},\"thumbnailUrl\":\"https:\/\/www.icog.es\/TyT\/wp-content\/uploads\/2017\/06\/maxresdefault.jpg\",\"datePublished\":\"2017-06-16T08:17:15+00:00\",\"dateModified\":\"2017-07-13T12:20:48+00:00\",\"breadcrumb\":{\"@id\":\"https:\/\/www.icog.es\/TyT\/index.php\/2017\/06\/cronica-del-geoforo-geologia-salud\/#breadcrumb\"},\"inLanguage\":\"es\",\"potentialAction\":[{\"@type\":\"ReadAction\",\"target\":[\"https:\/\/www.icog.es\/TyT\/index.php\/2017\/06\/cronica-del-geoforo-geologia-salud\/\"]}]},{\"@type\":\"ImageObject\",\"inLanguage\":\"es\",\"@id\":\"https:\/\/www.icog.es\/TyT\/index.php\/2017\/06\/cronica-del-geoforo-geologia-salud\/#primaryimage\",\"url\":\"https:\/\/www.icog.es\/TyT\/wp-content\/uploads\/2017\/06\/maxresdefault.jpg\",\"contentUrl\":\"https:\/\/www.icog.es\/TyT\/wp-content\/uploads\/2017\/06\/maxresdefault.jpg\",\"width\":1280,\"height\":720},{\"@type\":\"BreadcrumbList\",\"@id\":\"https:\/\/www.icog.es\/TyT\/index.php\/2017\/06\/cronica-del-geoforo-geologia-salud\/#breadcrumb\",\"itemListElement\":[{\"@type\":\"ListItem\",\"position\":1,\"name\":\"Portada\",\"item\":\"https:\/\/www.icog.es\/TyT\/\"},{\"@type\":\"ListItem\",\"position\":2,\"name\":\"Cr\u00f3nica del Geoforo | &#8216;Geolog\u00eda y Salud&#8217;\"}]},{\"@type\":\"WebSite\",\"@id\":\"https:\/\/www.icog.es\/TyT\/#website\",\"url\":\"https:\/\/www.icog.es\/TyT\/\",\"name\":\"Tierra y Tecnolog\u00eda\",\"description\":\"Revista de informaci\u00f3n geol\u00f3gica\",\"publisher\":{\"@id\":\"https:\/\/www.icog.es\/TyT\/#organization\"},\"potentialAction\":[{\"@type\":\"SearchAction\",\"target\":{\"@type\":\"EntryPoint\",\"urlTemplate\":\"https:\/\/www.icog.es\/TyT\/?s={search_term_string}\"},\"query-input\":{\"@type\":\"PropertyValueSpecification\",\"valueRequired\":true,\"valueName\":\"search_term_string\"}}],\"inLanguage\":\"es\"},{\"@type\":\"Organization\",\"@id\":\"https:\/\/www.icog.es\/TyT\/#organization\",\"name\":\"Tierra y Tecnolog\u00eda - Colegio de Ge\u00f3logos\",\"url\":\"https:\/\/www.icog.es\/TyT\/\",\"logo\":{\"@type\":\"ImageObject\",\"inLanguage\":\"es\",\"@id\":\"https:\/\/www.icog.es\/TyT\/#\/schema\/logo\/image\/\",\"url\":\"https:\/\/www.icog.es\/TyT\/wp-content\/uploads\/2013\/02\/logotytmini.jpg\",\"contentUrl\":\"https:\/\/www.icog.es\/TyT\/wp-content\/uploads\/2013\/02\/logotytmini.jpg\",\"width\":325,\"height\":127,\"caption\":\"Tierra y Tecnolog\u00eda - Colegio de Ge\u00f3logos\"},\"image\":{\"@id\":\"https:\/\/www.icog.es\/TyT\/#\/schema\/logo\/image\/\"},\"sameAs\":[\"https:\/\/www.facebook.com\/CGEOLOGOS\",\"https:\/\/x.com\/cgeologos\",\"https:\/\/www.linkedin.com\/company\/colegio-oficial-de-ge-logos\",\"https:\/\/www.pinterest.com\/cgeologos\/\",\"http:\/\/www.youtube.com\/ICOGtv\"]},{\"@type\":\"Person\",\"@id\":\"https:\/\/www.icog.es\/TyT\/#\/schema\/person\/590cfb5c1b7b4e4b350d60316033e853\",\"name\":\"Redacci\u00f3n\",\"image\":{\"@type\":\"ImageObject\",\"inLanguage\":\"es\",\"@id\":\"https:\/\/www.icog.es\/TyT\/#\/schema\/person\/image\/\",\"url\":\"https:\/\/secure.gravatar.com\/avatar\/f9c0ac81b2e8e690bee30ac3b42bf27f02e8dedc49686b871256e17dc7cd000b?s=96&d=identicon&r=g\",\"contentUrl\":\"https:\/\/secure.gravatar.com\/avatar\/f9c0ac81b2e8e690bee30ac3b42bf27f02e8dedc49686b871256e17dc7cd000b?s=96&d=identicon&r=g\",\"caption\":\"Redacci\u00f3n\"},\"description\":\"Tierra y Tecnolog\u00eda es una publicaci\u00f3n del Ilustre Colegio Oficial de Ge\u00f3logos (ICOG). El ICOG es una instituci\u00f3n sin finalidad lucrativa creada para la defensa y apoyo de los intereses de los Ge\u00f3logos, creada por Ley 73\/1978 de 26 de Diciembre, es una corporaci\u00f3n de Derecho P\u00fablico, amparada por Ley y reconocida por el Estado, con personalidad jur\u00eddica propia y capacidad plena para el ejercicio de sus funciones y cumplimiento de sus fines.\",\"sameAs\":[\"https:\/\/cgeologos.es\",\"https:\/\/www.facebook.com\/CGEOLOGOS\",\"https:\/\/www.linkedin.com\/company\/313811\",\"https:\/\/x.com\/https:\/\/twitter.com\/cgeologos\",\"http:\/\/www.youtube.com\/ICOGtv\"],\"url\":\"https:\/\/www.icog.es\/TyT\/index.php\/author\/jl-barrera\/\"}]}<\/script>\r\n<!-- \/ Yoast SEO plugin. -->","yoast_head_json":{"title":"Cr\u00f3nica del Geoforo | 'Geolog\u00eda y Salud' - Tierra y Tecnolog\u00eda","robots":{"index":"index","follow":"follow","max-snippet":"max-snippet:-1","max-image-preview":"max-image-preview:large","max-video-preview":"max-video-preview:-1"},"canonical":"https:\/\/www.icog.es\/TyT\/index.php\/2017\/06\/cronica-del-geoforo-geologia-salud\/","og_locale":"es_ES","og_type":"article","og_title":"Cr\u00f3nica del Geoforo | 'Geolog\u00eda y Salud' - Tierra y Tecnolog\u00eda","og_description":"La presencia de ars\u00e9nico en las aguas subterr\u00e1nea de algunas regiones y las emanaciones naturales de rad\u00f3n son las principales amenazas geol\u00f3gicas para la salud en Espa\u00f1a. As\u00ed lo asegura el ge\u00f3logo Vicente Gabald\u00f3n, miembro de GEOSEN (asociaci\u00f3n de Ge\u00f3logos Senior) durante una jornada celebrada en el Ilustre Colegio Oficial de Ge\u00f3logos en torno a [&hellip;]","og_url":"https:\/\/www.icog.es\/TyT\/index.php\/2017\/06\/cronica-del-geoforo-geologia-salud\/","og_site_name":"Tierra y Tecnolog\u00eda","article_publisher":"https:\/\/www.facebook.com\/CGEOLOGOS","article_author":"https:\/\/www.facebook.com\/CGEOLOGOS","article_published_time":"2017-06-16T08:17:15+00:00","article_modified_time":"2017-07-13T12:20:48+00:00","og_image":[{"width":1280,"height":720,"url":"https:\/\/www.icog.es\/TyT\/wp-content\/uploads\/2017\/06\/maxresdefault.jpg","type":"image\/jpeg"}],"author":"Redacci\u00f3n","twitter_card":"summary_large_image","twitter_creator":"@https:\/\/twitter.com\/cgeologos","twitter_site":"@cgeologos","twitter_misc":{"Escrito por":"Redacci\u00f3n","Tiempo de lectura":"3 minutos"},"schema":{"@context":"https:\/\/schema.org","@graph":[{"@type":"Article","@id":"https:\/\/www.icog.es\/TyT\/index.php\/2017\/06\/cronica-del-geoforo-geologia-salud\/#article","isPartOf":{"@id":"https:\/\/www.icog.es\/TyT\/index.php\/2017\/06\/cronica-del-geoforo-geologia-salud\/"},"author":{"name":"Redacci\u00f3n","@id":"https:\/\/www.icog.es\/TyT\/#\/schema\/person\/590cfb5c1b7b4e4b350d60316033e853"},"headline":"Cr\u00f3nica del Geoforo | &#8216;Geolog\u00eda y Salud&#8217;","datePublished":"2017-06-16T08:17:15+00:00","dateModified":"2017-07-13T12:20:48+00:00","mainEntityOfPage":{"@id":"https:\/\/www.icog.es\/TyT\/index.php\/2017\/06\/cronica-del-geoforo-geologia-salud\/"},"wordCount":600,"commentCount":0,"publisher":{"@id":"https:\/\/www.icog.es\/TyT\/#organization"},"image":{"@id":"https:\/\/www.icog.es\/TyT\/index.php\/2017\/06\/cronica-del-geoforo-geologia-salud\/#primaryimage"},"thumbnailUrl":"https:\/\/www.icog.es\/TyT\/wp-content\/uploads\/2017\/06\/maxresdefault.jpg","keywords":["Geoforo","salud"],"articleSection":["Comunicado ICOG","Geoforo","T&amp;T 49"],"inLanguage":"es","potentialAction":[{"@type":"CommentAction","name":"Comment","target":["https:\/\/www.icog.es\/TyT\/index.php\/2017\/06\/cronica-del-geoforo-geologia-salud\/#respond"]}]},{"@type":"WebPage","@id":"https:\/\/www.icog.es\/TyT\/index.php\/2017\/06\/cronica-del-geoforo-geologia-salud\/","url":"https:\/\/www.icog.es\/TyT\/index.php\/2017\/06\/cronica-del-geoforo-geologia-salud\/","name":"Cr\u00f3nica del Geoforo | 'Geolog\u00eda y Salud' - Tierra y Tecnolog\u00eda","isPartOf":{"@id":"https:\/\/www.icog.es\/TyT\/#website"},"primaryImageOfPage":{"@id":"https:\/\/www.icog.es\/TyT\/index.php\/2017\/06\/cronica-del-geoforo-geologia-salud\/#primaryimage"},"image":{"@id":"https:\/\/www.icog.es\/TyT\/index.php\/2017\/06\/cronica-del-geoforo-geologia-salud\/#primaryimage"},"thumbnailUrl":"https:\/\/www.icog.es\/TyT\/wp-content\/uploads\/2017\/06\/maxresdefault.jpg","datePublished":"2017-06-16T08:17:15+00:00","dateModified":"2017-07-13T12:20:48+00:00","breadcrumb":{"@id":"https:\/\/www.icog.es\/TyT\/index.php\/2017\/06\/cronica-del-geoforo-geologia-salud\/#breadcrumb"},"inLanguage":"es","potentialAction":[{"@type":"ReadAction","target":["https:\/\/www.icog.es\/TyT\/index.php\/2017\/06\/cronica-del-geoforo-geologia-salud\/"]}]},{"@type":"ImageObject","inLanguage":"es","@id":"https:\/\/www.icog.es\/TyT\/index.php\/2017\/06\/cronica-del-geoforo-geologia-salud\/#primaryimage","url":"https:\/\/www.icog.es\/TyT\/wp-content\/uploads\/2017\/06\/maxresdefault.jpg","contentUrl":"https:\/\/www.icog.es\/TyT\/wp-content\/uploads\/2017\/06\/maxresdefault.jpg","width":1280,"height":720},{"@type":"BreadcrumbList","@id":"https:\/\/www.icog.es\/TyT\/index.php\/2017\/06\/cronica-del-geoforo-geologia-salud\/#breadcrumb","itemListElement":[{"@type":"ListItem","position":1,"name":"Portada","item":"https:\/\/www.icog.es\/TyT\/"},{"@type":"ListItem","position":2,"name":"Cr\u00f3nica del Geoforo | &#8216;Geolog\u00eda y Salud&#8217;"}]},{"@type":"WebSite","@id":"https:\/\/www.icog.es\/TyT\/#website","url":"https:\/\/www.icog.es\/TyT\/","name":"Tierra y Tecnolog\u00eda","description":"Revista de informaci\u00f3n geol\u00f3gica","publisher":{"@id":"https:\/\/www.icog.es\/TyT\/#organization"},"potentialAction":[{"@type":"SearchAction","target":{"@type":"EntryPoint","urlTemplate":"https:\/\/www.icog.es\/TyT\/?s={search_term_string}"},"query-input":{"@type":"PropertyValueSpecification","valueRequired":true,"valueName":"search_term_string"}}],"inLanguage":"es"},{"@type":"Organization","@id":"https:\/\/www.icog.es\/TyT\/#organization","name":"Tierra y Tecnolog\u00eda - Colegio de Ge\u00f3logos","url":"https:\/\/www.icog.es\/TyT\/","logo":{"@type":"ImageObject","inLanguage":"es","@id":"https:\/\/www.icog.es\/TyT\/#\/schema\/logo\/image\/","url":"https:\/\/www.icog.es\/TyT\/wp-content\/uploads\/2013\/02\/logotytmini.jpg","contentUrl":"https:\/\/www.icog.es\/TyT\/wp-content\/uploads\/2013\/02\/logotytmini.jpg","width":325,"height":127,"caption":"Tierra y Tecnolog\u00eda - Colegio de Ge\u00f3logos"},"image":{"@id":"https:\/\/www.icog.es\/TyT\/#\/schema\/logo\/image\/"},"sameAs":["https:\/\/www.facebook.com\/CGEOLOGOS","https:\/\/x.com\/cgeologos","https:\/\/www.linkedin.com\/company\/colegio-oficial-de-ge-logos","https:\/\/www.pinterest.com\/cgeologos\/","http:\/\/www.youtube.com\/ICOGtv"]},{"@type":"Person","@id":"https:\/\/www.icog.es\/TyT\/#\/schema\/person\/590cfb5c1b7b4e4b350d60316033e853","name":"Redacci\u00f3n","image":{"@type":"ImageObject","inLanguage":"es","@id":"https:\/\/www.icog.es\/TyT\/#\/schema\/person\/image\/","url":"https:\/\/secure.gravatar.com\/avatar\/f9c0ac81b2e8e690bee30ac3b42bf27f02e8dedc49686b871256e17dc7cd000b?s=96&d=identicon&r=g","contentUrl":"https:\/\/secure.gravatar.com\/avatar\/f9c0ac81b2e8e690bee30ac3b42bf27f02e8dedc49686b871256e17dc7cd000b?s=96&d=identicon&r=g","caption":"Redacci\u00f3n"},"description":"Tierra y Tecnolog\u00eda es una publicaci\u00f3n del Ilustre Colegio Oficial de Ge\u00f3logos (ICOG). El ICOG es una instituci\u00f3n sin finalidad lucrativa creada para la defensa y apoyo de los intereses de los Ge\u00f3logos, creada por Ley 73\/1978 de 26 de Diciembre, es una corporaci\u00f3n de Derecho P\u00fablico, amparada por Ley y reconocida por el Estado, con personalidad jur\u00eddica propia y capacidad plena para el ejercicio de sus funciones y cumplimiento de sus fines.","sameAs":["https:\/\/cgeologos.es","https:\/\/www.facebook.com\/CGEOLOGOS","https:\/\/www.linkedin.com\/company\/313811","https:\/\/x.com\/https:\/\/twitter.com\/cgeologos","http:\/\/www.youtube.com\/ICOGtv"],"url":"https:\/\/www.icog.es\/TyT\/index.php\/author\/jl-barrera\/"}]}},"_links":{"self":[{"href":"https:\/\/www.icog.es\/TyT\/index.php\/wp-json\/wp\/v2\/posts\/8661","targetHints":{"allow":["GET"]}}],"collection":[{"href":"https:\/\/www.icog.es\/TyT\/index.php\/wp-json\/wp\/v2\/posts"}],"about":[{"href":"https:\/\/www.icog.es\/TyT\/index.php\/wp-json\/wp\/v2\/types\/post"}],"author":[{"embeddable":true,"href":"https:\/\/www.icog.es\/TyT\/index.php\/wp-json\/wp\/v2\/users\/2"}],"replies":[{"embeddable":true,"href":"https:\/\/www.icog.es\/TyT\/index.php\/wp-json\/wp\/v2\/comments?post=8661"}],"version-history":[{"count":0,"href":"https:\/\/www.icog.es\/TyT\/index.php\/wp-json\/wp\/v2\/posts\/8661\/revisions"}],"wp:featuredmedia":[{"embeddable":true,"href":"https:\/\/www.icog.es\/TyT\/index.php\/wp-json\/wp\/v2\/media\/8663"}],"wp:attachment":[{"href":"https:\/\/www.icog.es\/TyT\/index.php\/wp-json\/wp\/v2\/media?parent=8661"}],"wp:term":[{"taxonomy":"category","embeddable":true,"href":"https:\/\/www.icog.es\/TyT\/index.php\/wp-json\/wp\/v2\/categories?post=8661"},{"taxonomy":"post_tag","embeddable":true,"href":"https:\/\/www.icog.es\/TyT\/index.php\/wp-json\/wp\/v2\/tags?post=8661"}],"curies":[{"name":"wp","href":"https:\/\/api.w.org\/{rel}","templated":true}]}}