{"id":8133,"date":"2016-12-15T13:58:01","date_gmt":"2016-12-15T13:58:01","guid":{"rendered":"http:\/\/www.icog.es\/TyT\/?p=8133"},"modified":"2016-12-23T08:08:36","modified_gmt":"2016-12-23T08:08:36","slug":"radon-el-ministerio-de-fomento-debera-disponer-de-una-nueva-normativa-de-edificacion-en-2017","status":"publish","type":"post","link":"https:\/\/www.icog.es\/TyT\/index.php\/2016\/12\/radon-el-ministerio-de-fomento-debera-disponer-de-una-nueva-normativa-de-edificacion-en-2017\/","title":{"rendered":"Rad\u00f3n: el Ministerio de Fomento deber\u00e1 disponer de una nueva normativa de edificaci\u00f3n en 2017"},"content":{"rendered":"<p>El Instituto de Ciencias de la Construcci\u00f3n Eduardo Torroja ha acogido la jornada \u00abContaminaci\u00f3n por gas rad\u00f3n: avances en las t\u00e9cnicas de protecci\u00f3n en edificaci\u00f3n\u00bb para abordar el riesgo que plantean las emisiones de este gas nocivo de origen natural.<\/p>\n<p>En la jornada, representantes del Ministerio de Fomento admitieron la necesidad de adaptar el C\u00f3digo T\u00e9cnico de Edificaci\u00f3n (CTE) para contemplar la protecci\u00f3n frente al rad\u00f3n. Para ello, Fomento deber\u00e1 contar con un borrador del nuevo CTE en el primer trimestre de 2017 con el fin de incorporar la normativa europea sobre protecci\u00f3n frente al rad\u00f3n antes de febrero de 2018.<\/p>\n<blockquote><p>Hasta un 14% de los casos de c\u00e1ncer de pulm\u00f3n est\u00e1n relacionados con la exposici\u00f3n al rad\u00f3n<\/p><\/blockquote>\n<p>Santiago Gonz\u00e1lez, t\u00e9cnico de Sanidad Ambiental y Salud Laboral del Ministerio de Sanidad, ha afirmado que hasta un 14% de los c\u00e1nceres de pulm\u00f3n est\u00e1n relacionados con la exposici\u00f3n al rad\u00f3n, seg\u00fan datos de la Organizaci\u00f3n Mundial de la Salud (OMS). De hecho, los fumadores tienen una probabilidad de que el rad\u00f3n les provoque c\u00e1ncer de hasta 25 veces superior que en no fumadores. Adem\u00e1s, por cada 100 Becquerelios por metro c\u00fabico que aumente la concentraci\u00f3n de rad\u00f3n, el porcentaje de riesgo de c\u00e1ncer de pulm\u00f3n aumenta en un 16%.<\/p>\n<p>El Consejo de Seguridad Nuclear (CSN) recuerda que a partir de 300 Bq\/m3 de concentraci\u00f3n media anual de rad\u00f3n en edificios ya construidos se deben tomar medidas, tal y <span style=\"color: #0000ff;\"><a style=\"color: #0000ff;\" href=\"https:\/\/www.csn.es\/images\/stories\/publicaciones\/unitarias\/guias_seguridad\/gs-11-02ok.pdf\" target=\"_blank\">como establece en la Gu\u00eda de seguridad sobre control de la exposici\u00f3n a fuentes naturales de radiaci\u00f3n<\/a>.<\/span> Dicha gu\u00eda recomienda un nivel m\u00e1ximo de 100 Bq\/m3 para edificios de nueva construcci\u00f3n, en los que es m\u00e1s \u201csencilla y efectiva la introducci\u00f3n de medidas destinadas a la reducci\u00f3n de los niveles de rad\u00f3n\u201d.<\/p>\n<blockquote><p>El Colegio de Ge\u00f3logos reclama m\u00e1s informaci\u00f3n a los ciudadanos sobre los riesgos de este gas radiactivo<\/p><\/blockquote>\n<p>Por su parte, el Ilustre Colegio Oficial de Ge\u00f3logos (ICOG) ha subrayado la necesidad de informar y educar a los ciudadanos sobre los riesgos planteados por el gas rad\u00f3n, un gas desconocido por la mayor\u00eda de las personas y cuyos efectos pueden ser nocivos si la exposici\u00f3n al rad\u00f3n se prolonga en el tiempo.<\/p>\n<p><strong>Madrid, referente en protecci\u00f3n contra el rad\u00f3n<\/strong><\/p>\n<p>Precisamente, esta misma semana responsables del Colegio de Ge\u00f3logos mantuvieron un encuentro con el consejero de Medio Ambiente de la Comunidad de Madrid, Jaime Gonz\u00e1lez Taboada, en la que se abord\u00f3 el riesgo planteado por el rad\u00f3n. Gonz\u00e1lez Taboada manifest\u00f3 su\u00a0 inter\u00e9s y su sensibilidad hacia esta preocupaci\u00f3n y se comprometi\u00f3 a hacer de la Comunidad de Madrid una referencia en cuanto al desarrollo e informaci\u00f3n a la ciudadan\u00eda.<\/p>\n<p>El rad\u00f3n es un gas radiactivo, noble e inerte de origen natural, derivado de la desintegraci\u00f3n natural del radio que, a su vez, proviene de la cadena de desintegraci\u00f3n del uranio, seg\u00fan ha explicado Luis Quind\u00f3s,\u00a0 director del Laboratorio de Radiactividad Ambiental de la Universidad de Cantabria.<\/p>\n<p>Como administraci\u00f3n local que sirve de referencia en la gesti\u00f3n de este riesgo, el responsable de Protecci\u00f3n Civil del Ayuntamiento de Torrelodones, Javier Ardila, ha expuesto durante el transcurso de la jornada \u00abContaminaci\u00f3n por gas rad\u00f3n: avances en las t\u00e9cnicas de protecci\u00f3n en edificaci\u00f3n\u00bb las actuaciones que su municipio ha venido realizando. Estas est\u00e1n centradas principalmente en aportar informaci\u00f3n a los ciudadanos, con la intenci\u00f3n de mejorar su protecci\u00f3n y ayudarles en la prevenci\u00f3n.<\/p>\n<p>El rad\u00f3n proviene principalmente de emanaciones del terreno y su exhalaci\u00f3n a la atm\u00f3sfera da como resultado concentraciones de pocas decenas de Becquerelios por metro c\u00fabico que se diluyen con los gases de la atm\u00f3sfera. Sin embargo, en espacios interiores donde penetra y se acumula, puede alcanzar valores por encima los 1.000 Becquerelios por metro c\u00fabico. A partir de niveles de entre 100 y 300 Bq\/m3 las recomendaciones a nivel internacional lo se\u00f1alan como un riesgo para la salud, ya que se cataloga como un agente cancer\u00edgeno de grado uno, en particular en lo que respecta\u00a0 a los pulmones.<\/p>\n<p>Como se\u00f1ala el Colegio de Ge\u00f3logos, al margen de los aspectos estrictamente sanitarios, la provisi\u00f3n de especificaciones constructivas de cara a la mitigaci\u00f3n de gases en interiores est\u00e1 siendo una materia de alta consideraci\u00f3n en los sistemas normativos m\u00e1s avanzados. Al mismo tiempo, los progresos en investigaci\u00f3n est\u00e1n dando lugar a t\u00e9cnicas cada vez m\u00e1s eficientes para la reducci\u00f3n de concentraciones de gases nocivos en el interior de construcciones.<\/p>\n","protected":false},"excerpt":{"rendered":"<p>El Instituto de Ciencias de la Construcci\u00f3n Eduardo Torroja ha acogido la jornada \u00abContaminaci\u00f3n por gas rad\u00f3n: avances en las t\u00e9cnicas de protecci\u00f3n en edificaci\u00f3n\u00bb para abordar el riesgo que plantean las emisiones de este gas nocivo de origen natural. En la jornada, representantes del Ministerio de Fomento admitieron la necesidad de adaptar el C\u00f3digo [&hellip;]<\/p>\n","protected":false},"author":2,"featured_media":8035,"comment_status":"open","ping_status":"open","sticky":false,"template":"","format":"standard","meta":{"tdm_status":"","tdm_grid_status":"","footnotes":""},"categories":[284,536],"tags":[546],"class_list":{"0":"post-8133","1":"post","2":"type-post","3":"status-publish","4":"format-standard","5":"has-post-thumbnail","7":"category-comunicado-icog","8":"category-tt-48","9":"tag-radon"},"yoast_head":"<!-- This site is optimized with the Yoast SEO plugin v27.0 - https:\/\/yoast.com\/product\/yoast-seo-wordpress\/ -->\r\n<title>Rad\u00f3n: el Ministerio de Fomento deber\u00e1 disponer de una nueva normativa de edificaci\u00f3n en 2017 - Tierra y Tecnolog\u00eda<\/title>\r\n<meta name=\"robots\" content=\"index, follow, max-snippet:-1, max-image-preview:large, max-video-preview:-1\" \/>\r\n<link rel=\"canonical\" href=\"https:\/\/www.icog.es\/TyT\/index.php\/2016\/12\/radon-el-ministerio-de-fomento-debera-disponer-de-una-nueva-normativa-de-edificacion-en-2017\/\" \/>\r\n<meta property=\"og:locale\" content=\"es_ES\" \/>\r\n<meta property=\"og:type\" content=\"article\" \/>\r\n<meta property=\"og:title\" content=\"Rad\u00f3n: el Ministerio de Fomento deber\u00e1 disponer de una nueva normativa de edificaci\u00f3n en 2017 - Tierra y Tecnolog\u00eda\" \/>\r\n<meta property=\"og:description\" content=\"El Instituto de Ciencias de la Construcci\u00f3n Eduardo Torroja ha acogido la jornada \u00abContaminaci\u00f3n por gas rad\u00f3n: avances en las t\u00e9cnicas de protecci\u00f3n en edificaci\u00f3n\u00bb para abordar el riesgo que plantean las emisiones de este gas nocivo de origen natural. En la jornada, representantes del Ministerio de Fomento admitieron la necesidad de adaptar el C\u00f3digo [&hellip;]\" \/>\r\n<meta property=\"og:url\" content=\"https:\/\/www.icog.es\/TyT\/index.php\/2016\/12\/radon-el-ministerio-de-fomento-debera-disponer-de-una-nueva-normativa-de-edificacion-en-2017\/\" \/>\r\n<meta property=\"og:site_name\" content=\"Tierra y Tecnolog\u00eda\" \/>\r\n<meta property=\"article:publisher\" content=\"https:\/\/www.facebook.com\/CGEOLOGOS\" \/>\r\n<meta property=\"article:author\" content=\"https:\/\/www.facebook.com\/CGEOLOGOS\" \/>\r\n<meta property=\"article:published_time\" content=\"2016-12-15T13:58:01+00:00\" \/>\r\n<meta property=\"article:modified_time\" content=\"2016-12-23T08:08:36+00:00\" \/>\r\n<meta property=\"og:image\" content=\"https:\/\/www.icog.es\/TyT\/wp-content\/uploads\/2016\/11\/radon-e1478174150476.jpg\" \/>\r\n\t<meta property=\"og:image:width\" content=\"625\" \/>\r\n\t<meta property=\"og:image:height\" content=\"347\" \/>\r\n\t<meta property=\"og:image:type\" content=\"image\/jpeg\" \/>\r\n<meta name=\"author\" content=\"Redacci\u00f3n\" \/>\r\n<meta name=\"twitter:card\" content=\"summary_large_image\" \/>\r\n<meta name=\"twitter:creator\" content=\"@https:\/\/twitter.com\/cgeologos\" \/>\r\n<meta name=\"twitter:site\" content=\"@cgeologos\" \/>\r\n<meta name=\"twitter:label1\" content=\"Escrito por\" \/>\n\t<meta name=\"twitter:data1\" content=\"Redacci\u00f3n\" \/>\n\t<meta name=\"twitter:label2\" content=\"Tiempo de lectura\" \/>\n\t<meta name=\"twitter:data2\" content=\"4 minutos\" \/>\r\n<script type=\"application\/ld+json\" class=\"yoast-schema-graph\">{\"@context\":\"https:\/\/schema.org\",\"@graph\":[{\"@type\":\"Article\",\"@id\":\"https:\/\/www.icog.es\/TyT\/index.php\/2016\/12\/radon-el-ministerio-de-fomento-debera-disponer-de-una-nueva-normativa-de-edificacion-en-2017\/#article\",\"isPartOf\":{\"@id\":\"https:\/\/www.icog.es\/TyT\/index.php\/2016\/12\/radon-el-ministerio-de-fomento-debera-disponer-de-una-nueva-normativa-de-edificacion-en-2017\/\"},\"author\":{\"name\":\"Redacci\u00f3n\",\"@id\":\"https:\/\/www.icog.es\/TyT\/#\/schema\/person\/590cfb5c1b7b4e4b350d60316033e853\"},\"headline\":\"Rad\u00f3n: el Ministerio de Fomento deber\u00e1 disponer de una nueva normativa de edificaci\u00f3n en 2017\",\"datePublished\":\"2016-12-15T13:58:01+00:00\",\"dateModified\":\"2016-12-23T08:08:36+00:00\",\"mainEntityOfPage\":{\"@id\":\"https:\/\/www.icog.es\/TyT\/index.php\/2016\/12\/radon-el-ministerio-de-fomento-debera-disponer-de-una-nueva-normativa-de-edificacion-en-2017\/\"},\"wordCount\":834,\"commentCount\":0,\"publisher\":{\"@id\":\"https:\/\/www.icog.es\/TyT\/#organization\"},\"image\":{\"@id\":\"https:\/\/www.icog.es\/TyT\/index.php\/2016\/12\/radon-el-ministerio-de-fomento-debera-disponer-de-una-nueva-normativa-de-edificacion-en-2017\/#primaryimage\"},\"thumbnailUrl\":\"https:\/\/www.icog.es\/TyT\/wp-content\/uploads\/2016\/11\/radon-e1478174150476.jpg\",\"keywords\":[\"Rad\u00f3n\"],\"articleSection\":[\"Comunicado ICOG\",\"T&amp;T 48\"],\"inLanguage\":\"es\",\"potentialAction\":[{\"@type\":\"CommentAction\",\"name\":\"Comment\",\"target\":[\"https:\/\/www.icog.es\/TyT\/index.php\/2016\/12\/radon-el-ministerio-de-fomento-debera-disponer-de-una-nueva-normativa-de-edificacion-en-2017\/#respond\"]}]},{\"@type\":\"WebPage\",\"@id\":\"https:\/\/www.icog.es\/TyT\/index.php\/2016\/12\/radon-el-ministerio-de-fomento-debera-disponer-de-una-nueva-normativa-de-edificacion-en-2017\/\",\"url\":\"https:\/\/www.icog.es\/TyT\/index.php\/2016\/12\/radon-el-ministerio-de-fomento-debera-disponer-de-una-nueva-normativa-de-edificacion-en-2017\/\",\"name\":\"Rad\u00f3n: el Ministerio de Fomento deber\u00e1 disponer de una nueva normativa de edificaci\u00f3n en 2017 - Tierra y Tecnolog\u00eda\",\"isPartOf\":{\"@id\":\"https:\/\/www.icog.es\/TyT\/#website\"},\"primaryImageOfPage\":{\"@id\":\"https:\/\/www.icog.es\/TyT\/index.php\/2016\/12\/radon-el-ministerio-de-fomento-debera-disponer-de-una-nueva-normativa-de-edificacion-en-2017\/#primaryimage\"},\"image\":{\"@id\":\"https:\/\/www.icog.es\/TyT\/index.php\/2016\/12\/radon-el-ministerio-de-fomento-debera-disponer-de-una-nueva-normativa-de-edificacion-en-2017\/#primaryimage\"},\"thumbnailUrl\":\"https:\/\/www.icog.es\/TyT\/wp-content\/uploads\/2016\/11\/radon-e1478174150476.jpg\",\"datePublished\":\"2016-12-15T13:58:01+00:00\",\"dateModified\":\"2016-12-23T08:08:36+00:00\",\"breadcrumb\":{\"@id\":\"https:\/\/www.icog.es\/TyT\/index.php\/2016\/12\/radon-el-ministerio-de-fomento-debera-disponer-de-una-nueva-normativa-de-edificacion-en-2017\/#breadcrumb\"},\"inLanguage\":\"es\",\"potentialAction\":[{\"@type\":\"ReadAction\",\"target\":[\"https:\/\/www.icog.es\/TyT\/index.php\/2016\/12\/radon-el-ministerio-de-fomento-debera-disponer-de-una-nueva-normativa-de-edificacion-en-2017\/\"]}]},{\"@type\":\"ImageObject\",\"inLanguage\":\"es\",\"@id\":\"https:\/\/www.icog.es\/TyT\/index.php\/2016\/12\/radon-el-ministerio-de-fomento-debera-disponer-de-una-nueva-normativa-de-edificacion-en-2017\/#primaryimage\",\"url\":\"https:\/\/www.icog.es\/TyT\/wp-content\/uploads\/2016\/11\/radon-e1478174150476.jpg\",\"contentUrl\":\"https:\/\/www.icog.es\/TyT\/wp-content\/uploads\/2016\/11\/radon-e1478174150476.jpg\",\"width\":625,\"height\":347},{\"@type\":\"BreadcrumbList\",\"@id\":\"https:\/\/www.icog.es\/TyT\/index.php\/2016\/12\/radon-el-ministerio-de-fomento-debera-disponer-de-una-nueva-normativa-de-edificacion-en-2017\/#breadcrumb\",\"itemListElement\":[{\"@type\":\"ListItem\",\"position\":1,\"name\":\"Portada\",\"item\":\"https:\/\/www.icog.es\/TyT\/\"},{\"@type\":\"ListItem\",\"position\":2,\"name\":\"Rad\u00f3n: el Ministerio de Fomento deber\u00e1 disponer de una nueva normativa de edificaci\u00f3n en 2017\"}]},{\"@type\":\"WebSite\",\"@id\":\"https:\/\/www.icog.es\/TyT\/#website\",\"url\":\"https:\/\/www.icog.es\/TyT\/\",\"name\":\"Tierra y Tecnolog\u00eda\",\"description\":\"Revista de informaci\u00f3n geol\u00f3gica\",\"publisher\":{\"@id\":\"https:\/\/www.icog.es\/TyT\/#organization\"},\"potentialAction\":[{\"@type\":\"SearchAction\",\"target\":{\"@type\":\"EntryPoint\",\"urlTemplate\":\"https:\/\/www.icog.es\/TyT\/?s={search_term_string}\"},\"query-input\":{\"@type\":\"PropertyValueSpecification\",\"valueRequired\":true,\"valueName\":\"search_term_string\"}}],\"inLanguage\":\"es\"},{\"@type\":\"Organization\",\"@id\":\"https:\/\/www.icog.es\/TyT\/#organization\",\"name\":\"Tierra y Tecnolog\u00eda - Colegio de Ge\u00f3logos\",\"url\":\"https:\/\/www.icog.es\/TyT\/\",\"logo\":{\"@type\":\"ImageObject\",\"inLanguage\":\"es\",\"@id\":\"https:\/\/www.icog.es\/TyT\/#\/schema\/logo\/image\/\",\"url\":\"https:\/\/www.icog.es\/TyT\/wp-content\/uploads\/2013\/02\/logotytmini.jpg\",\"contentUrl\":\"https:\/\/www.icog.es\/TyT\/wp-content\/uploads\/2013\/02\/logotytmini.jpg\",\"width\":325,\"height\":127,\"caption\":\"Tierra y Tecnolog\u00eda - Colegio de Ge\u00f3logos\"},\"image\":{\"@id\":\"https:\/\/www.icog.es\/TyT\/#\/schema\/logo\/image\/\"},\"sameAs\":[\"https:\/\/www.facebook.com\/CGEOLOGOS\",\"https:\/\/x.com\/cgeologos\",\"https:\/\/www.linkedin.com\/company\/colegio-oficial-de-ge-logos\",\"https:\/\/www.pinterest.com\/cgeologos\/\",\"http:\/\/www.youtube.com\/ICOGtv\"]},{\"@type\":\"Person\",\"@id\":\"https:\/\/www.icog.es\/TyT\/#\/schema\/person\/590cfb5c1b7b4e4b350d60316033e853\",\"name\":\"Redacci\u00f3n\",\"image\":{\"@type\":\"ImageObject\",\"inLanguage\":\"es\",\"@id\":\"https:\/\/www.icog.es\/TyT\/#\/schema\/person\/image\/\",\"url\":\"https:\/\/secure.gravatar.com\/avatar\/f9c0ac81b2e8e690bee30ac3b42bf27f02e8dedc49686b871256e17dc7cd000b?s=96&d=identicon&r=g\",\"contentUrl\":\"https:\/\/secure.gravatar.com\/avatar\/f9c0ac81b2e8e690bee30ac3b42bf27f02e8dedc49686b871256e17dc7cd000b?s=96&d=identicon&r=g\",\"caption\":\"Redacci\u00f3n\"},\"description\":\"Tierra y Tecnolog\u00eda es una publicaci\u00f3n del Ilustre Colegio Oficial de Ge\u00f3logos (ICOG). El ICOG es una instituci\u00f3n sin finalidad lucrativa creada para la defensa y apoyo de los intereses de los Ge\u00f3logos, creada por Ley 73\/1978 de 26 de Diciembre, es una corporaci\u00f3n de Derecho P\u00fablico, amparada por Ley y reconocida por el Estado, con personalidad jur\u00eddica propia y capacidad plena para el ejercicio de sus funciones y cumplimiento de sus fines.\",\"sameAs\":[\"https:\/\/cgeologos.es\",\"https:\/\/www.facebook.com\/CGEOLOGOS\",\"https:\/\/www.linkedin.com\/company\/313811\",\"https:\/\/x.com\/https:\/\/twitter.com\/cgeologos\",\"http:\/\/www.youtube.com\/ICOGtv\"],\"url\":\"https:\/\/www.icog.es\/TyT\/index.php\/author\/jl-barrera\/\"}]}<\/script>\r\n<!-- \/ Yoast SEO plugin. -->","yoast_head_json":{"title":"Rad\u00f3n: el Ministerio de Fomento deber\u00e1 disponer de una nueva normativa de edificaci\u00f3n en 2017 - Tierra y Tecnolog\u00eda","robots":{"index":"index","follow":"follow","max-snippet":"max-snippet:-1","max-image-preview":"max-image-preview:large","max-video-preview":"max-video-preview:-1"},"canonical":"https:\/\/www.icog.es\/TyT\/index.php\/2016\/12\/radon-el-ministerio-de-fomento-debera-disponer-de-una-nueva-normativa-de-edificacion-en-2017\/","og_locale":"es_ES","og_type":"article","og_title":"Rad\u00f3n: el Ministerio de Fomento deber\u00e1 disponer de una nueva normativa de edificaci\u00f3n en 2017 - Tierra y Tecnolog\u00eda","og_description":"El Instituto de Ciencias de la Construcci\u00f3n Eduardo Torroja ha acogido la jornada \u00abContaminaci\u00f3n por gas rad\u00f3n: avances en las t\u00e9cnicas de protecci\u00f3n en edificaci\u00f3n\u00bb para abordar el riesgo que plantean las emisiones de este gas nocivo de origen natural. En la jornada, representantes del Ministerio de Fomento admitieron la necesidad de adaptar el C\u00f3digo [&hellip;]","og_url":"https:\/\/www.icog.es\/TyT\/index.php\/2016\/12\/radon-el-ministerio-de-fomento-debera-disponer-de-una-nueva-normativa-de-edificacion-en-2017\/","og_site_name":"Tierra y Tecnolog\u00eda","article_publisher":"https:\/\/www.facebook.com\/CGEOLOGOS","article_author":"https:\/\/www.facebook.com\/CGEOLOGOS","article_published_time":"2016-12-15T13:58:01+00:00","article_modified_time":"2016-12-23T08:08:36+00:00","og_image":[{"width":625,"height":347,"url":"https:\/\/www.icog.es\/TyT\/wp-content\/uploads\/2016\/11\/radon-e1478174150476.jpg","type":"image\/jpeg"}],"author":"Redacci\u00f3n","twitter_card":"summary_large_image","twitter_creator":"@https:\/\/twitter.com\/cgeologos","twitter_site":"@cgeologos","twitter_misc":{"Escrito por":"Redacci\u00f3n","Tiempo de lectura":"4 minutos"},"schema":{"@context":"https:\/\/schema.org","@graph":[{"@type":"Article","@id":"https:\/\/www.icog.es\/TyT\/index.php\/2016\/12\/radon-el-ministerio-de-fomento-debera-disponer-de-una-nueva-normativa-de-edificacion-en-2017\/#article","isPartOf":{"@id":"https:\/\/www.icog.es\/TyT\/index.php\/2016\/12\/radon-el-ministerio-de-fomento-debera-disponer-de-una-nueva-normativa-de-edificacion-en-2017\/"},"author":{"name":"Redacci\u00f3n","@id":"https:\/\/www.icog.es\/TyT\/#\/schema\/person\/590cfb5c1b7b4e4b350d60316033e853"},"headline":"Rad\u00f3n: el Ministerio de Fomento deber\u00e1 disponer de una nueva normativa de edificaci\u00f3n en 2017","datePublished":"2016-12-15T13:58:01+00:00","dateModified":"2016-12-23T08:08:36+00:00","mainEntityOfPage":{"@id":"https:\/\/www.icog.es\/TyT\/index.php\/2016\/12\/radon-el-ministerio-de-fomento-debera-disponer-de-una-nueva-normativa-de-edificacion-en-2017\/"},"wordCount":834,"commentCount":0,"publisher":{"@id":"https:\/\/www.icog.es\/TyT\/#organization"},"image":{"@id":"https:\/\/www.icog.es\/TyT\/index.php\/2016\/12\/radon-el-ministerio-de-fomento-debera-disponer-de-una-nueva-normativa-de-edificacion-en-2017\/#primaryimage"},"thumbnailUrl":"https:\/\/www.icog.es\/TyT\/wp-content\/uploads\/2016\/11\/radon-e1478174150476.jpg","keywords":["Rad\u00f3n"],"articleSection":["Comunicado ICOG","T&amp;T 48"],"inLanguage":"es","potentialAction":[{"@type":"CommentAction","name":"Comment","target":["https:\/\/www.icog.es\/TyT\/index.php\/2016\/12\/radon-el-ministerio-de-fomento-debera-disponer-de-una-nueva-normativa-de-edificacion-en-2017\/#respond"]}]},{"@type":"WebPage","@id":"https:\/\/www.icog.es\/TyT\/index.php\/2016\/12\/radon-el-ministerio-de-fomento-debera-disponer-de-una-nueva-normativa-de-edificacion-en-2017\/","url":"https:\/\/www.icog.es\/TyT\/index.php\/2016\/12\/radon-el-ministerio-de-fomento-debera-disponer-de-una-nueva-normativa-de-edificacion-en-2017\/","name":"Rad\u00f3n: el Ministerio de Fomento deber\u00e1 disponer de una nueva normativa de edificaci\u00f3n en 2017 - Tierra y Tecnolog\u00eda","isPartOf":{"@id":"https:\/\/www.icog.es\/TyT\/#website"},"primaryImageOfPage":{"@id":"https:\/\/www.icog.es\/TyT\/index.php\/2016\/12\/radon-el-ministerio-de-fomento-debera-disponer-de-una-nueva-normativa-de-edificacion-en-2017\/#primaryimage"},"image":{"@id":"https:\/\/www.icog.es\/TyT\/index.php\/2016\/12\/radon-el-ministerio-de-fomento-debera-disponer-de-una-nueva-normativa-de-edificacion-en-2017\/#primaryimage"},"thumbnailUrl":"https:\/\/www.icog.es\/TyT\/wp-content\/uploads\/2016\/11\/radon-e1478174150476.jpg","datePublished":"2016-12-15T13:58:01+00:00","dateModified":"2016-12-23T08:08:36+00:00","breadcrumb":{"@id":"https:\/\/www.icog.es\/TyT\/index.php\/2016\/12\/radon-el-ministerio-de-fomento-debera-disponer-de-una-nueva-normativa-de-edificacion-en-2017\/#breadcrumb"},"inLanguage":"es","potentialAction":[{"@type":"ReadAction","target":["https:\/\/www.icog.es\/TyT\/index.php\/2016\/12\/radon-el-ministerio-de-fomento-debera-disponer-de-una-nueva-normativa-de-edificacion-en-2017\/"]}]},{"@type":"ImageObject","inLanguage":"es","@id":"https:\/\/www.icog.es\/TyT\/index.php\/2016\/12\/radon-el-ministerio-de-fomento-debera-disponer-de-una-nueva-normativa-de-edificacion-en-2017\/#primaryimage","url":"https:\/\/www.icog.es\/TyT\/wp-content\/uploads\/2016\/11\/radon-e1478174150476.jpg","contentUrl":"https:\/\/www.icog.es\/TyT\/wp-content\/uploads\/2016\/11\/radon-e1478174150476.jpg","width":625,"height":347},{"@type":"BreadcrumbList","@id":"https:\/\/www.icog.es\/TyT\/index.php\/2016\/12\/radon-el-ministerio-de-fomento-debera-disponer-de-una-nueva-normativa-de-edificacion-en-2017\/#breadcrumb","itemListElement":[{"@type":"ListItem","position":1,"name":"Portada","item":"https:\/\/www.icog.es\/TyT\/"},{"@type":"ListItem","position":2,"name":"Rad\u00f3n: el Ministerio de Fomento deber\u00e1 disponer de una nueva normativa de edificaci\u00f3n en 2017"}]},{"@type":"WebSite","@id":"https:\/\/www.icog.es\/TyT\/#website","url":"https:\/\/www.icog.es\/TyT\/","name":"Tierra y Tecnolog\u00eda","description":"Revista de informaci\u00f3n geol\u00f3gica","publisher":{"@id":"https:\/\/www.icog.es\/TyT\/#organization"},"potentialAction":[{"@type":"SearchAction","target":{"@type":"EntryPoint","urlTemplate":"https:\/\/www.icog.es\/TyT\/?s={search_term_string}"},"query-input":{"@type":"PropertyValueSpecification","valueRequired":true,"valueName":"search_term_string"}}],"inLanguage":"es"},{"@type":"Organization","@id":"https:\/\/www.icog.es\/TyT\/#organization","name":"Tierra y Tecnolog\u00eda - Colegio de Ge\u00f3logos","url":"https:\/\/www.icog.es\/TyT\/","logo":{"@type":"ImageObject","inLanguage":"es","@id":"https:\/\/www.icog.es\/TyT\/#\/schema\/logo\/image\/","url":"https:\/\/www.icog.es\/TyT\/wp-content\/uploads\/2013\/02\/logotytmini.jpg","contentUrl":"https:\/\/www.icog.es\/TyT\/wp-content\/uploads\/2013\/02\/logotytmini.jpg","width":325,"height":127,"caption":"Tierra y Tecnolog\u00eda - Colegio de Ge\u00f3logos"},"image":{"@id":"https:\/\/www.icog.es\/TyT\/#\/schema\/logo\/image\/"},"sameAs":["https:\/\/www.facebook.com\/CGEOLOGOS","https:\/\/x.com\/cgeologos","https:\/\/www.linkedin.com\/company\/colegio-oficial-de-ge-logos","https:\/\/www.pinterest.com\/cgeologos\/","http:\/\/www.youtube.com\/ICOGtv"]},{"@type":"Person","@id":"https:\/\/www.icog.es\/TyT\/#\/schema\/person\/590cfb5c1b7b4e4b350d60316033e853","name":"Redacci\u00f3n","image":{"@type":"ImageObject","inLanguage":"es","@id":"https:\/\/www.icog.es\/TyT\/#\/schema\/person\/image\/","url":"https:\/\/secure.gravatar.com\/avatar\/f9c0ac81b2e8e690bee30ac3b42bf27f02e8dedc49686b871256e17dc7cd000b?s=96&d=identicon&r=g","contentUrl":"https:\/\/secure.gravatar.com\/avatar\/f9c0ac81b2e8e690bee30ac3b42bf27f02e8dedc49686b871256e17dc7cd000b?s=96&d=identicon&r=g","caption":"Redacci\u00f3n"},"description":"Tierra y Tecnolog\u00eda es una publicaci\u00f3n del Ilustre Colegio Oficial de Ge\u00f3logos (ICOG). El ICOG es una instituci\u00f3n sin finalidad lucrativa creada para la defensa y apoyo de los intereses de los Ge\u00f3logos, creada por Ley 73\/1978 de 26 de Diciembre, es una corporaci\u00f3n de Derecho P\u00fablico, amparada por Ley y reconocida por el Estado, con personalidad jur\u00eddica propia y capacidad plena para el ejercicio de sus funciones y cumplimiento de sus fines.","sameAs":["https:\/\/cgeologos.es","https:\/\/www.facebook.com\/CGEOLOGOS","https:\/\/www.linkedin.com\/company\/313811","https:\/\/x.com\/https:\/\/twitter.com\/cgeologos","http:\/\/www.youtube.com\/ICOGtv"],"url":"https:\/\/www.icog.es\/TyT\/index.php\/author\/jl-barrera\/"}]}},"_links":{"self":[{"href":"https:\/\/www.icog.es\/TyT\/index.php\/wp-json\/wp\/v2\/posts\/8133","targetHints":{"allow":["GET"]}}],"collection":[{"href":"https:\/\/www.icog.es\/TyT\/index.php\/wp-json\/wp\/v2\/posts"}],"about":[{"href":"https:\/\/www.icog.es\/TyT\/index.php\/wp-json\/wp\/v2\/types\/post"}],"author":[{"embeddable":true,"href":"https:\/\/www.icog.es\/TyT\/index.php\/wp-json\/wp\/v2\/users\/2"}],"replies":[{"embeddable":true,"href":"https:\/\/www.icog.es\/TyT\/index.php\/wp-json\/wp\/v2\/comments?post=8133"}],"version-history":[{"count":0,"href":"https:\/\/www.icog.es\/TyT\/index.php\/wp-json\/wp\/v2\/posts\/8133\/revisions"}],"wp:featuredmedia":[{"embeddable":true,"href":"https:\/\/www.icog.es\/TyT\/index.php\/wp-json\/wp\/v2\/media\/8035"}],"wp:attachment":[{"href":"https:\/\/www.icog.es\/TyT\/index.php\/wp-json\/wp\/v2\/media?parent=8133"}],"wp:term":[{"taxonomy":"category","embeddable":true,"href":"https:\/\/www.icog.es\/TyT\/index.php\/wp-json\/wp\/v2\/categories?post=8133"},{"taxonomy":"post_tag","embeddable":true,"href":"https:\/\/www.icog.es\/TyT\/index.php\/wp-json\/wp\/v2\/tags?post=8133"}],"curies":[{"name":"wp","href":"https:\/\/api.w.org\/{rel}","templated":true}]}}