{"id":7743,"date":"2009-01-08T08:01:07","date_gmt":"2009-01-08T08:01:07","guid":{"rendered":"http:\/\/www.icog.es\/TyT\/?p=7743"},"modified":"2016-09-07T08:03:46","modified_gmt":"2016-09-07T08:03:46","slug":"geologo-trabajo-mineria","status":"publish","type":"post","link":"https:\/\/www.icog.es\/TyT\/index.php\/2009\/01\/geologo-trabajo-mineria\/","title":{"rendered":"El ge\u00f3logo y su trabajo en miner\u00eda"},"content":{"rendered":"<p style=\"text-align: justify;\">La Ley de Minas, el resto de la Normativa minera, las Administraciones con competencia en minas de las Comunidades Aut\u00f3nomas y muchos de los responsables de empresas relacionadas con las actividades extractivas obvian o en el mejor de los casos, desconocen el potencial que como t\u00e9cnico en materias mineras tiene el ge\u00f3logo.<\/p>\n<p style=\"text-align: justify;\">Es triste pensar que nuestra profesi\u00f3n surge y tiene uno de sus or\u00edgenes en la miner\u00eda. Que autores cl\u00e1sicos en miner\u00eda y geolog\u00eda minera han desarrollado extensos trabajos donde el ge\u00f3logo de mina era uno de los m\u00e1s importantes agentes en el desarrollo diario de la explotaci\u00f3n minera. Hoy en d\u00eda en Espa\u00f1a la miner\u00eda subterr\u00e1nea es meramente testimonial, pero aun as\u00ed, la miner\u00eda a cielo abierto tiene y tendr\u00e1 un potencial muy importante.<\/p>\n<p style=\"text-align: justify;\">El problema para nuestro colectivo queda patente cuando topamos de bruces con la Ley de Minas que no olvidemos, entr\u00f3 en vigor en 1973 y que centra la labor de explotaci\u00f3n minera en los ingenieros de minas y les otorga la exclusividad en el desarrollo del proyecto de explotaci\u00f3n (que lleva unido el proyecto de restauraci\u00f3n, el estudio de impacto ambiental, el proyecto de contaminaci\u00f3n atmosf\u00e9rica y cuantos estudios est\u00e9n relacionados con cada explotaci\u00f3n minera) y de la direcci\u00f3n facultativa (y casi siempre la direcci\u00f3n ambiental), que hoy en d\u00eda y con el tipo de miner\u00eda existente en Espa\u00f1a es su mayor fuente de ingresos con diferencia. Con este panorama nuestro colectivo queda relegado a un segundo plano. La exploraci\u00f3n e investigaci\u00f3n minera hoy en d\u00eda pr\u00e1cticamente no existe y son las Administraciones y Universidades las que aglutinan, aprovechando su posici\u00f3n, gran parte de esos proyectos en detrimento de la empresa privada.<\/p>\n<p style=\"text-align: justify;\">La publicaci\u00f3n del Real Decreto de funciones del ge\u00f3logo en su primera redacci\u00f3n, otorgaba a los ge\u00f3logos la capacidad de desarrollar proyectos de explotaci\u00f3n de minas y sus correspondientes direcciones facultativas pero, como no pod\u00eda ser de otra manera, el Colegio de Minas llev\u00f3 este asunto a los Tribunales de Justicia y ganaron ellos porque la Ley de Minas es de mayor jerarqu\u00eda que un Real Decreto. A pesar de los esfuerzos del ICOG, la Ley de Minas sigue vigente \u00edntegramente y sin visos de que cambie o se derogue y salga la nueva ley de recursos naturales o como se llame al final. Es necesario que el ICOG implemente las herramientas necesarias para que estemos ah\u00ed cuando el borrador definitivo pase a debatirse en las Instituciones. Es necesario que el Colegio siga defendiendo nuestros intereses en un mercado que da trabajo y dinero casi en exclusividad a los ingenieros de minas en detrimento de los ge\u00f3logos que trabajan en este sector aunque sea en segunda (o tercera o cuarta) fila.<\/p>\n<p style=\"text-align: justify;\">\u00bfEs justo que los antiguos peritos de minas que son maestros industriales (la FP de ahora o similar) puedan firmarlo todo en miner\u00eda y nosotros que somos titulados superiores solo podemos firmar la investigaci\u00f3n y con problemas a veces? \u00bfAcaso no estamos capacitados para desarrollar proyectos de explotaci\u00f3n y llevar direcciones facultativas en explotaciones a cielo abierto y con la adecuada formaci\u00f3n, de tipo subterr\u00e1neo? \u00bfPorqu\u00e9 los ingenieros de caminos est\u00e1n en pugna con los de minas por el asunto de la capacitaci\u00f3n para realizar voladuras en t\u00faneles carreteros y nosotros, aun con la capacitaci\u00f3n adecuada, no podemos ni plantearnos ese t\u00e9mino en canteras?<\/p>\n<p style=\"text-align: justify;\">En fin, hay que seguir adelante y que en miner\u00eda los ge\u00f3logos alg\u00fan d\u00eda estemos al mismo nivel que otros titulados en las materias propias de la miner\u00eda.<\/p>\n","protected":false},"excerpt":{"rendered":"<p>La Ley de Minas, el resto de la Normativa minera, las Administraciones con competencia en minas de las Comunidades Aut\u00f3nomas y muchos de los responsables de empresas relacionadas con las actividades extractivas obvian o en el mejor de los casos, desconocen el potencial que como t\u00e9cnico en materias mineras tiene el ge\u00f3logo. Es triste pensar [&hellip;]<\/p>\n","protected":false},"author":4,"featured_media":7742,"comment_status":"open","ping_status":"open","sticky":false,"template":"","format":"standard","meta":{"tdm_status":"","tdm_grid_status":"","footnotes":""},"categories":[262],"tags":[170,64],"class_list":{"0":"post-7743","1":"post","2":"type-post","3":"status-publish","4":"format-standard","5":"has-post-thumbnail","7":"category-opinion","8":"tag-geologo","9":"tag-mineria"},"yoast_head":"<!-- This site is optimized with the Yoast SEO plugin v27.0 - https:\/\/yoast.com\/product\/yoast-seo-wordpress\/ -->\r\n<title>El ge\u00f3logo y su trabajo en miner\u00eda - Tierra y Tecnolog\u00eda<\/title>\r\n<meta name=\"robots\" content=\"index, follow, max-snippet:-1, max-image-preview:large, max-video-preview:-1\" \/>\r\n<link rel=\"canonical\" href=\"https:\/\/www.icog.es\/TyT\/index.php\/2009\/01\/geologo-trabajo-mineria\/\" \/>\r\n<meta property=\"og:locale\" content=\"es_ES\" \/>\r\n<meta property=\"og:type\" content=\"article\" \/>\r\n<meta property=\"og:title\" content=\"El ge\u00f3logo y su trabajo en miner\u00eda - Tierra y Tecnolog\u00eda\" \/>\r\n<meta property=\"og:description\" content=\"La Ley de Minas, el resto de la Normativa minera, las Administraciones con competencia en minas de las Comunidades Aut\u00f3nomas y muchos de los responsables de empresas relacionadas con las actividades extractivas obvian o en el mejor de los casos, desconocen el potencial que como t\u00e9cnico en materias mineras tiene el ge\u00f3logo. Es triste pensar [&hellip;]\" \/>\r\n<meta property=\"og:url\" content=\"https:\/\/www.icog.es\/TyT\/index.php\/2009\/01\/geologo-trabajo-mineria\/\" \/>\r\n<meta property=\"og:site_name\" content=\"Tierra y Tecnolog\u00eda\" \/>\r\n<meta property=\"article:publisher\" content=\"https:\/\/www.facebook.com\/CGEOLOGOS\" \/>\r\n<meta property=\"article:published_time\" content=\"2009-01-08T08:01:07+00:00\" \/>\r\n<meta property=\"article:modified_time\" content=\"2016-09-07T08:03:46+00:00\" \/>\r\n<meta property=\"og:image\" content=\"https:\/\/www.icog.es\/TyT\/wp-content\/uploads\/2016\/09\/geologo_minero-e1473235249272.jpg\" \/>\r\n\t<meta property=\"og:image:width\" content=\"542\" \/>\r\n\t<meta property=\"og:image:height\" content=\"359\" \/>\r\n\t<meta property=\"og:image:type\" content=\"image\/jpeg\" \/>\r\n<meta name=\"author\" content=\"Rub\u00e9n Esteban P\u00e9rez\" \/>\r\n<meta name=\"twitter:card\" content=\"summary_large_image\" \/>\r\n<meta name=\"twitter:creator\" content=\"@cgeologos\" \/>\r\n<meta name=\"twitter:site\" content=\"@cgeologos\" \/>\r\n<meta name=\"twitter:label1\" content=\"Escrito por\" \/>\n\t<meta name=\"twitter:data1\" content=\"Rub\u00e9n Esteban P\u00e9rez\" \/>\n\t<meta name=\"twitter:label2\" content=\"Tiempo de lectura\" \/>\n\t<meta name=\"twitter:data2\" content=\"3 minutos\" \/>\r\n<script type=\"application\/ld+json\" class=\"yoast-schema-graph\">{\"@context\":\"https:\/\/schema.org\",\"@graph\":[{\"@type\":\"Article\",\"@id\":\"https:\/\/www.icog.es\/TyT\/index.php\/2009\/01\/geologo-trabajo-mineria\/#article\",\"isPartOf\":{\"@id\":\"https:\/\/www.icog.es\/TyT\/index.php\/2009\/01\/geologo-trabajo-mineria\/\"},\"author\":{\"name\":\"Rub\u00e9n Esteban P\u00e9rez\",\"@id\":\"https:\/\/www.icog.es\/TyT\/#\/schema\/person\/59161f166cec9dd586601be7f31febe0\"},\"headline\":\"El ge\u00f3logo y su trabajo en miner\u00eda\",\"datePublished\":\"2009-01-08T08:01:07+00:00\",\"dateModified\":\"2016-09-07T08:03:46+00:00\",\"mainEntityOfPage\":{\"@id\":\"https:\/\/www.icog.es\/TyT\/index.php\/2009\/01\/geologo-trabajo-mineria\/\"},\"wordCount\":646,\"commentCount\":0,\"publisher\":{\"@id\":\"https:\/\/www.icog.es\/TyT\/#organization\"},\"image\":{\"@id\":\"https:\/\/www.icog.es\/TyT\/index.php\/2009\/01\/geologo-trabajo-mineria\/#primaryimage\"},\"thumbnailUrl\":\"https:\/\/www.icog.es\/TyT\/wp-content\/uploads\/2016\/09\/geologo_minero-e1473235249272.jpg\",\"keywords\":[\"ge\u00f3logo\",\"Miner\u00eda\"],\"articleSection\":[\"Opini\u00f3n\"],\"inLanguage\":\"es\",\"potentialAction\":[{\"@type\":\"CommentAction\",\"name\":\"Comment\",\"target\":[\"https:\/\/www.icog.es\/TyT\/index.php\/2009\/01\/geologo-trabajo-mineria\/#respond\"]}]},{\"@type\":\"WebPage\",\"@id\":\"https:\/\/www.icog.es\/TyT\/index.php\/2009\/01\/geologo-trabajo-mineria\/\",\"url\":\"https:\/\/www.icog.es\/TyT\/index.php\/2009\/01\/geologo-trabajo-mineria\/\",\"name\":\"El ge\u00f3logo y su trabajo en miner\u00eda - Tierra y Tecnolog\u00eda\",\"isPartOf\":{\"@id\":\"https:\/\/www.icog.es\/TyT\/#website\"},\"primaryImageOfPage\":{\"@id\":\"https:\/\/www.icog.es\/TyT\/index.php\/2009\/01\/geologo-trabajo-mineria\/#primaryimage\"},\"image\":{\"@id\":\"https:\/\/www.icog.es\/TyT\/index.php\/2009\/01\/geologo-trabajo-mineria\/#primaryimage\"},\"thumbnailUrl\":\"https:\/\/www.icog.es\/TyT\/wp-content\/uploads\/2016\/09\/geologo_minero-e1473235249272.jpg\",\"datePublished\":\"2009-01-08T08:01:07+00:00\",\"dateModified\":\"2016-09-07T08:03:46+00:00\",\"breadcrumb\":{\"@id\":\"https:\/\/www.icog.es\/TyT\/index.php\/2009\/01\/geologo-trabajo-mineria\/#breadcrumb\"},\"inLanguage\":\"es\",\"potentialAction\":[{\"@type\":\"ReadAction\",\"target\":[\"https:\/\/www.icog.es\/TyT\/index.php\/2009\/01\/geologo-trabajo-mineria\/\"]}]},{\"@type\":\"ImageObject\",\"inLanguage\":\"es\",\"@id\":\"https:\/\/www.icog.es\/TyT\/index.php\/2009\/01\/geologo-trabajo-mineria\/#primaryimage\",\"url\":\"https:\/\/www.icog.es\/TyT\/wp-content\/uploads\/2016\/09\/geologo_minero-e1473235249272.jpg\",\"contentUrl\":\"https:\/\/www.icog.es\/TyT\/wp-content\/uploads\/2016\/09\/geologo_minero-e1473235249272.jpg\",\"width\":542,\"height\":359},{\"@type\":\"BreadcrumbList\",\"@id\":\"https:\/\/www.icog.es\/TyT\/index.php\/2009\/01\/geologo-trabajo-mineria\/#breadcrumb\",\"itemListElement\":[{\"@type\":\"ListItem\",\"position\":1,\"name\":\"Portada\",\"item\":\"https:\/\/www.icog.es\/TyT\/\"},{\"@type\":\"ListItem\",\"position\":2,\"name\":\"El ge\u00f3logo y su trabajo en miner\u00eda\"}]},{\"@type\":\"WebSite\",\"@id\":\"https:\/\/www.icog.es\/TyT\/#website\",\"url\":\"https:\/\/www.icog.es\/TyT\/\",\"name\":\"Tierra y Tecnolog\u00eda\",\"description\":\"Revista de informaci\u00f3n geol\u00f3gica\",\"publisher\":{\"@id\":\"https:\/\/www.icog.es\/TyT\/#organization\"},\"potentialAction\":[{\"@type\":\"SearchAction\",\"target\":{\"@type\":\"EntryPoint\",\"urlTemplate\":\"https:\/\/www.icog.es\/TyT\/?s={search_term_string}\"},\"query-input\":{\"@type\":\"PropertyValueSpecification\",\"valueRequired\":true,\"valueName\":\"search_term_string\"}}],\"inLanguage\":\"es\"},{\"@type\":\"Organization\",\"@id\":\"https:\/\/www.icog.es\/TyT\/#organization\",\"name\":\"Tierra y Tecnolog\u00eda - Colegio de Ge\u00f3logos\",\"url\":\"https:\/\/www.icog.es\/TyT\/\",\"logo\":{\"@type\":\"ImageObject\",\"inLanguage\":\"es\",\"@id\":\"https:\/\/www.icog.es\/TyT\/#\/schema\/logo\/image\/\",\"url\":\"https:\/\/www.icog.es\/TyT\/wp-content\/uploads\/2013\/02\/logotytmini.jpg\",\"contentUrl\":\"https:\/\/www.icog.es\/TyT\/wp-content\/uploads\/2013\/02\/logotytmini.jpg\",\"width\":325,\"height\":127,\"caption\":\"Tierra y Tecnolog\u00eda - Colegio de Ge\u00f3logos\"},\"image\":{\"@id\":\"https:\/\/www.icog.es\/TyT\/#\/schema\/logo\/image\/\"},\"sameAs\":[\"https:\/\/www.facebook.com\/CGEOLOGOS\",\"https:\/\/x.com\/cgeologos\",\"https:\/\/www.linkedin.com\/company\/colegio-oficial-de-ge-logos\",\"https:\/\/www.pinterest.com\/cgeologos\/\",\"http:\/\/www.youtube.com\/ICOGtv\"]},{\"@type\":\"Person\",\"@id\":\"https:\/\/www.icog.es\/TyT\/#\/schema\/person\/59161f166cec9dd586601be7f31febe0\",\"name\":\"Rub\u00e9n Esteban P\u00e9rez\",\"image\":{\"@type\":\"ImageObject\",\"inLanguage\":\"es\",\"@id\":\"https:\/\/www.icog.es\/TyT\/#\/schema\/person\/image\/\",\"url\":\"https:\/\/secure.gravatar.com\/avatar\/7d8e67646a31f4e1a3bea6b94ef76cce0d82e17efef9d8ec58070c809b53fd6f?s=96&d=identicon&r=g\",\"contentUrl\":\"https:\/\/secure.gravatar.com\/avatar\/7d8e67646a31f4e1a3bea6b94ef76cce0d82e17efef9d8ec58070c809b53fd6f?s=96&d=identicon&r=g\",\"caption\":\"Rub\u00e9n Esteban P\u00e9rez\"},\"description\":\"Ge\u00f3logo. EurGeol. MBA. Miembro EGRC-UNFC en UNECE.\",\"url\":\"https:\/\/www.icog.es\/TyT\/index.php\/author\/ruben\/\"}]}<\/script>\r\n<!-- \/ Yoast SEO plugin. -->","yoast_head_json":{"title":"El ge\u00f3logo y su trabajo en miner\u00eda - Tierra y Tecnolog\u00eda","robots":{"index":"index","follow":"follow","max-snippet":"max-snippet:-1","max-image-preview":"max-image-preview:large","max-video-preview":"max-video-preview:-1"},"canonical":"https:\/\/www.icog.es\/TyT\/index.php\/2009\/01\/geologo-trabajo-mineria\/","og_locale":"es_ES","og_type":"article","og_title":"El ge\u00f3logo y su trabajo en miner\u00eda - Tierra y Tecnolog\u00eda","og_description":"La Ley de Minas, el resto de la Normativa minera, las Administraciones con competencia en minas de las Comunidades Aut\u00f3nomas y muchos de los responsables de empresas relacionadas con las actividades extractivas obvian o en el mejor de los casos, desconocen el potencial que como t\u00e9cnico en materias mineras tiene el ge\u00f3logo. Es triste pensar [&hellip;]","og_url":"https:\/\/www.icog.es\/TyT\/index.php\/2009\/01\/geologo-trabajo-mineria\/","og_site_name":"Tierra y Tecnolog\u00eda","article_publisher":"https:\/\/www.facebook.com\/CGEOLOGOS","article_published_time":"2009-01-08T08:01:07+00:00","article_modified_time":"2016-09-07T08:03:46+00:00","og_image":[{"width":542,"height":359,"url":"https:\/\/www.icog.es\/TyT\/wp-content\/uploads\/2016\/09\/geologo_minero-e1473235249272.jpg","type":"image\/jpeg"}],"author":"Rub\u00e9n Esteban P\u00e9rez","twitter_card":"summary_large_image","twitter_creator":"@cgeologos","twitter_site":"@cgeologos","twitter_misc":{"Escrito por":"Rub\u00e9n Esteban P\u00e9rez","Tiempo de lectura":"3 minutos"},"schema":{"@context":"https:\/\/schema.org","@graph":[{"@type":"Article","@id":"https:\/\/www.icog.es\/TyT\/index.php\/2009\/01\/geologo-trabajo-mineria\/#article","isPartOf":{"@id":"https:\/\/www.icog.es\/TyT\/index.php\/2009\/01\/geologo-trabajo-mineria\/"},"author":{"name":"Rub\u00e9n Esteban P\u00e9rez","@id":"https:\/\/www.icog.es\/TyT\/#\/schema\/person\/59161f166cec9dd586601be7f31febe0"},"headline":"El ge\u00f3logo y su trabajo en miner\u00eda","datePublished":"2009-01-08T08:01:07+00:00","dateModified":"2016-09-07T08:03:46+00:00","mainEntityOfPage":{"@id":"https:\/\/www.icog.es\/TyT\/index.php\/2009\/01\/geologo-trabajo-mineria\/"},"wordCount":646,"commentCount":0,"publisher":{"@id":"https:\/\/www.icog.es\/TyT\/#organization"},"image":{"@id":"https:\/\/www.icog.es\/TyT\/index.php\/2009\/01\/geologo-trabajo-mineria\/#primaryimage"},"thumbnailUrl":"https:\/\/www.icog.es\/TyT\/wp-content\/uploads\/2016\/09\/geologo_minero-e1473235249272.jpg","keywords":["ge\u00f3logo","Miner\u00eda"],"articleSection":["Opini\u00f3n"],"inLanguage":"es","potentialAction":[{"@type":"CommentAction","name":"Comment","target":["https:\/\/www.icog.es\/TyT\/index.php\/2009\/01\/geologo-trabajo-mineria\/#respond"]}]},{"@type":"WebPage","@id":"https:\/\/www.icog.es\/TyT\/index.php\/2009\/01\/geologo-trabajo-mineria\/","url":"https:\/\/www.icog.es\/TyT\/index.php\/2009\/01\/geologo-trabajo-mineria\/","name":"El ge\u00f3logo y su trabajo en miner\u00eda - Tierra y Tecnolog\u00eda","isPartOf":{"@id":"https:\/\/www.icog.es\/TyT\/#website"},"primaryImageOfPage":{"@id":"https:\/\/www.icog.es\/TyT\/index.php\/2009\/01\/geologo-trabajo-mineria\/#primaryimage"},"image":{"@id":"https:\/\/www.icog.es\/TyT\/index.php\/2009\/01\/geologo-trabajo-mineria\/#primaryimage"},"thumbnailUrl":"https:\/\/www.icog.es\/TyT\/wp-content\/uploads\/2016\/09\/geologo_minero-e1473235249272.jpg","datePublished":"2009-01-08T08:01:07+00:00","dateModified":"2016-09-07T08:03:46+00:00","breadcrumb":{"@id":"https:\/\/www.icog.es\/TyT\/index.php\/2009\/01\/geologo-trabajo-mineria\/#breadcrumb"},"inLanguage":"es","potentialAction":[{"@type":"ReadAction","target":["https:\/\/www.icog.es\/TyT\/index.php\/2009\/01\/geologo-trabajo-mineria\/"]}]},{"@type":"ImageObject","inLanguage":"es","@id":"https:\/\/www.icog.es\/TyT\/index.php\/2009\/01\/geologo-trabajo-mineria\/#primaryimage","url":"https:\/\/www.icog.es\/TyT\/wp-content\/uploads\/2016\/09\/geologo_minero-e1473235249272.jpg","contentUrl":"https:\/\/www.icog.es\/TyT\/wp-content\/uploads\/2016\/09\/geologo_minero-e1473235249272.jpg","width":542,"height":359},{"@type":"BreadcrumbList","@id":"https:\/\/www.icog.es\/TyT\/index.php\/2009\/01\/geologo-trabajo-mineria\/#breadcrumb","itemListElement":[{"@type":"ListItem","position":1,"name":"Portada","item":"https:\/\/www.icog.es\/TyT\/"},{"@type":"ListItem","position":2,"name":"El ge\u00f3logo y su trabajo en miner\u00eda"}]},{"@type":"WebSite","@id":"https:\/\/www.icog.es\/TyT\/#website","url":"https:\/\/www.icog.es\/TyT\/","name":"Tierra y Tecnolog\u00eda","description":"Revista de informaci\u00f3n geol\u00f3gica","publisher":{"@id":"https:\/\/www.icog.es\/TyT\/#organization"},"potentialAction":[{"@type":"SearchAction","target":{"@type":"EntryPoint","urlTemplate":"https:\/\/www.icog.es\/TyT\/?s={search_term_string}"},"query-input":{"@type":"PropertyValueSpecification","valueRequired":true,"valueName":"search_term_string"}}],"inLanguage":"es"},{"@type":"Organization","@id":"https:\/\/www.icog.es\/TyT\/#organization","name":"Tierra y Tecnolog\u00eda - Colegio de Ge\u00f3logos","url":"https:\/\/www.icog.es\/TyT\/","logo":{"@type":"ImageObject","inLanguage":"es","@id":"https:\/\/www.icog.es\/TyT\/#\/schema\/logo\/image\/","url":"https:\/\/www.icog.es\/TyT\/wp-content\/uploads\/2013\/02\/logotytmini.jpg","contentUrl":"https:\/\/www.icog.es\/TyT\/wp-content\/uploads\/2013\/02\/logotytmini.jpg","width":325,"height":127,"caption":"Tierra y Tecnolog\u00eda - Colegio de Ge\u00f3logos"},"image":{"@id":"https:\/\/www.icog.es\/TyT\/#\/schema\/logo\/image\/"},"sameAs":["https:\/\/www.facebook.com\/CGEOLOGOS","https:\/\/x.com\/cgeologos","https:\/\/www.linkedin.com\/company\/colegio-oficial-de-ge-logos","https:\/\/www.pinterest.com\/cgeologos\/","http:\/\/www.youtube.com\/ICOGtv"]},{"@type":"Person","@id":"https:\/\/www.icog.es\/TyT\/#\/schema\/person\/59161f166cec9dd586601be7f31febe0","name":"Rub\u00e9n Esteban P\u00e9rez","image":{"@type":"ImageObject","inLanguage":"es","@id":"https:\/\/www.icog.es\/TyT\/#\/schema\/person\/image\/","url":"https:\/\/secure.gravatar.com\/avatar\/7d8e67646a31f4e1a3bea6b94ef76cce0d82e17efef9d8ec58070c809b53fd6f?s=96&d=identicon&r=g","contentUrl":"https:\/\/secure.gravatar.com\/avatar\/7d8e67646a31f4e1a3bea6b94ef76cce0d82e17efef9d8ec58070c809b53fd6f?s=96&d=identicon&r=g","caption":"Rub\u00e9n Esteban P\u00e9rez"},"description":"Ge\u00f3logo. EurGeol. MBA. Miembro EGRC-UNFC en UNECE.","url":"https:\/\/www.icog.es\/TyT\/index.php\/author\/ruben\/"}]}},"_links":{"self":[{"href":"https:\/\/www.icog.es\/TyT\/index.php\/wp-json\/wp\/v2\/posts\/7743","targetHints":{"allow":["GET"]}}],"collection":[{"href":"https:\/\/www.icog.es\/TyT\/index.php\/wp-json\/wp\/v2\/posts"}],"about":[{"href":"https:\/\/www.icog.es\/TyT\/index.php\/wp-json\/wp\/v2\/types\/post"}],"author":[{"embeddable":true,"href":"https:\/\/www.icog.es\/TyT\/index.php\/wp-json\/wp\/v2\/users\/4"}],"replies":[{"embeddable":true,"href":"https:\/\/www.icog.es\/TyT\/index.php\/wp-json\/wp\/v2\/comments?post=7743"}],"version-history":[{"count":0,"href":"https:\/\/www.icog.es\/TyT\/index.php\/wp-json\/wp\/v2\/posts\/7743\/revisions"}],"wp:featuredmedia":[{"embeddable":true,"href":"https:\/\/www.icog.es\/TyT\/index.php\/wp-json\/wp\/v2\/media\/7742"}],"wp:attachment":[{"href":"https:\/\/www.icog.es\/TyT\/index.php\/wp-json\/wp\/v2\/media?parent=7743"}],"wp:term":[{"taxonomy":"category","embeddable":true,"href":"https:\/\/www.icog.es\/TyT\/index.php\/wp-json\/wp\/v2\/categories?post=7743"},{"taxonomy":"post_tag","embeddable":true,"href":"https:\/\/www.icog.es\/TyT\/index.php\/wp-json\/wp\/v2\/tags?post=7743"}],"curies":[{"name":"wp","href":"https:\/\/api.w.org\/{rel}","templated":true}]}}