{"id":7472,"date":"2014-12-01T10:32:21","date_gmt":"2014-12-01T10:32:21","guid":{"rendered":"http:\/\/www.icog.es\/TyT\/?p=7472"},"modified":"2019-04-26T11:45:36","modified_gmt":"2019-04-26T11:45:36","slug":"volcan-fuego-guatemala","status":"publish","type":"post","link":"https:\/\/www.icog.es\/TyT\/index.php\/2014\/12\/volcan-fuego-guatemala\/","title":{"rendered":"Volc\u00e1n de Fuego, Guatemala"},"content":{"rendered":"<p style=\"text-align: justify;\"><strong>Autora: Isabel Victores<\/strong> | Es uno de los volcanes m\u00e1s activos de Guatemala, tiene 3.763 metros de altura y est\u00e1 situado en el municipio de Alotenango, Sacatep\u00e9quez y parte de Chimaltenango. Se trata de un estratovolc\u00e1n bas\u00e1ltico con erupciones de tipo estromboliana-vulcaniana, un \u00edndice de peligrosidad de 14 (Yokoyama et al., 1984) y un \u00edndice explosividad volc\u00e1nica de\u00a0 4 (registrado en 1932).<\/p>\n<p style=\"text-align: justify;\">Con erupciones que se han registrado desde 1524, la \u00faltima data de\u00a02012. Esta situaci\u00f3n mantiene en constante alerta a las comunidades que viven en sus faldas. El jueves 13 de septiembre del 2012,<a href=\"http:\/\/es.wikipedia.org\/wiki\/Erupci%C3%B3n_del_volc%C3%A1n_de_Fuego_de_2012\" target=\"_blank\" rel=\"noopener noreferrer\"> se registr\u00f3 la mayor erupci\u00f3n del volc\u00e1n<\/a> en su historia, con columnas de ceniza que alcanzaron los 300 metros de altura, causando la evacuaci\u00f3n de 10.000 personas.<\/p>\n<p style=\"text-align: justify;\">En caso de erupci\u00f3n, este volc\u00e1n puede afectar a unas 100.000 personas que son, aproximadamente, las que se encuentran en su radio de acci\u00f3n. Los flujos de lava como tal son raros ya que se convierten r\u00e1pidamente en peligrosas avalanchas, adem\u00e1s cuando se produce una erupci\u00f3n de cenizas, la direcci\u00f3n del viento influye en la direcci\u00f3n de ca\u00edda de \u00e9stas.<\/p>\n<p style=\"text-align: justify;\">Autoridades de protecci\u00f3n civil de Guatemala comenzaron un \u00a0estado de alerta de prevenci\u00f3n tras el incremento de las erupciones del volc\u00e1n de Fuego, por lo que la Coordinadora Nacional para la Reducci\u00f3n de Desastres mantiene monitorizado el volc\u00e1n por el aumento de su actividad eruptiva, adem\u00e1s de involucrar a la poblaci\u00f3n en formas sencillas de supervisi\u00f3n de actividad volc\u00e1nica. El aumento de\u00a0la actividad volc\u00e1nica\u00a0afecta aldeas\u00a0y caser\u00edos\u00a0cercanos,\u00a0con ca\u00edda de\u00a0ceniza y peque\u00f1os\u00a0sismos,\u00a0pero hasta el momento\u00a0no ha sido\u00a0necesario evacuar a ninguna persona.<\/p>\n<p style=\"text-align: justify;\">El cr\u00e1ter del volc\u00e1n de Fuego, ha cambiado de aspecto muchas veces; la forma de su c\u00faspide, que antes era aguda, se derrumb\u00f3 en 1932 debido a \u00a0la emisi\u00f3n de gases, lava y cenizas que tuvieron lugar. Se calcula que descendi\u00f3 cerca de 80 metros, dej\u00e1ndose ver el cr\u00e1ter con una cresta dentada y aguda en la mayor parte de su contorno. En la parte noreste se form\u00f3 una brecha por donde ha corrido desde entonces en mayor o menor cantidad de lava de sus posteriores actividades.<\/p>\n<p style=\"text-align: justify;\">Esta brecha se ha ido extendiendo desde la c\u00faspide hasta la parte inferior de la falda form\u00e1ndose un enorme cauce de varios kil\u00f3metros que se conoce con el nombre de barranca honda, d\u00f3nde permanecieron en estado ardiente \u00a0mucho tiempo \u00a0las lavas del volc\u00e1n. Adem\u00e1s se formaron lenguas, tanto por el cauce ya descrito como por otras partes de la falda, alcanzando las regiones selv\u00e1ticas y provocando enormes incendios en la vegetaci\u00f3n de la parte inferior de la falda.<\/p>\n<p style=\"text-align: justify;\"><img loading=\"lazy\" decoding=\"async\" class=\"aligncenter size-full wp-image-7471\" src=\"http:\/\/www.icog.es\/TyT\/wp-content\/uploads\/2016\/07\/Gua70893h2-870x400-e1469529128452.jpg\" alt=\"Gua70893h2-870x400\" width=\"870\" height=\"400\" srcset=\"https:\/\/www.icog.es\/TyT\/wp-content\/uploads\/2016\/07\/Gua70893h2-870x400-e1469529128452.jpg 870w, https:\/\/www.icog.es\/TyT\/wp-content\/uploads\/2016\/07\/Gua70893h2-870x400-e1469529128452-300x138.jpg 300w, https:\/\/www.icog.es\/TyT\/wp-content\/uploads\/2016\/07\/Gua70893h2-870x400-e1469529128452-768x353.jpg 768w, https:\/\/www.icog.es\/TyT\/wp-content\/uploads\/2016\/07\/Gua70893h2-870x400-e1469529128452-696x320.jpg 696w\" sizes=\"auto, (max-width: 870px) 100vw, 870px\" \/><\/p>\n","protected":false},"excerpt":{"rendered":"<p>Autora: Isabel Victores | Es uno de los volcanes m\u00e1s activos de Guatemala, tiene 3.763 metros de altura y est\u00e1 situado en el municipio de Alotenango, Sacatep\u00e9quez y parte de Chimaltenango. Se trata de un estratovolc\u00e1n bas\u00e1ltico con erupciones de tipo estromboliana-vulcaniana, un \u00edndice de peligrosidad de 14 (Yokoyama et al., 1984) y un \u00edndice [&hellip;]<\/p>\n","protected":false},"author":2,"featured_media":7474,"comment_status":"open","ping_status":"open","sticky":false,"template":"","format":"video","meta":{"tdm_status":"","tdm_grid_status":"","footnotes":""},"categories":[244,389],"tags":[199,554],"class_list":{"0":"post-7472","1":"post","2":"type-post","3":"status-publish","4":"format-video","5":"has-post-thumbnail","7":"category-riesgos","8":"category-tt-44","9":"tag-volcan","10":"tag-volcan-de-fuego","11":"post_format-post-format-video"},"yoast_head":"<!-- This site is optimized with the Yoast SEO plugin v27.0 - https:\/\/yoast.com\/product\/yoast-seo-wordpress\/ -->\r\n<title>Volc\u00e1n de Fuego, Guatemala<\/title>\r\n<meta name=\"description\" content=\"Es uno de los volcanes m\u00e1s activos de Guatemala, tiene 3.763 metros de altura y est\u00e1 situado en el municipio de Alotenango,\" \/>\r\n<meta name=\"robots\" content=\"index, follow, max-snippet:-1, max-image-preview:large, max-video-preview:-1\" \/>\r\n<link rel=\"canonical\" href=\"https:\/\/www.icog.es\/TyT\/index.php\/2014\/12\/volcan-fuego-guatemala\/\" \/>\r\n<meta property=\"og:locale\" content=\"es_ES\" \/>\r\n<meta property=\"og:type\" content=\"article\" \/>\r\n<meta property=\"og:title\" content=\"Volc\u00e1n de Fuego, Guatemala\" \/>\r\n<meta property=\"og:description\" content=\"Es uno de los volcanes m\u00e1s activos de Guatemala, tiene 3.763 metros de altura y est\u00e1 situado en el municipio de Alotenango,\" \/>\r\n<meta property=\"og:url\" content=\"https:\/\/www.icog.es\/TyT\/index.php\/2014\/12\/volcan-fuego-guatemala\/\" \/>\r\n<meta property=\"og:site_name\" content=\"Tierra y Tecnolog\u00eda\" \/>\r\n<meta property=\"article:publisher\" content=\"https:\/\/www.facebook.com\/CGEOLOGOS\" \/>\r\n<meta property=\"article:author\" content=\"https:\/\/www.facebook.com\/CGEOLOGOS\" \/>\r\n<meta property=\"article:published_time\" content=\"2014-12-01T10:32:21+00:00\" \/>\r\n<meta property=\"article:modified_time\" content=\"2019-04-26T11:45:36+00:00\" \/>\r\n<meta property=\"og:image\" content=\"https:\/\/www.icog.es\/TyT\/wp-content\/uploads\/2014\/12\/maxresdefault.jpg\" \/>\r\n\t<meta property=\"og:image:width\" content=\"720\" \/>\r\n\t<meta property=\"og:image:height\" content=\"720\" \/>\r\n\t<meta property=\"og:image:type\" content=\"image\/jpeg\" \/>\r\n<meta name=\"author\" content=\"Redacci\u00f3n\" \/>\r\n<meta name=\"twitter:card\" content=\"summary_large_image\" \/>\r\n<meta name=\"twitter:creator\" content=\"@https:\/\/twitter.com\/cgeologos\" \/>\r\n<meta name=\"twitter:site\" content=\"@cgeologos\" \/>\r\n<meta name=\"twitter:label1\" content=\"Escrito por\" \/>\n\t<meta name=\"twitter:data1\" content=\"Redacci\u00f3n\" \/>\n\t<meta name=\"twitter:label2\" content=\"Tiempo de lectura\" \/>\n\t<meta name=\"twitter:data2\" content=\"2 minutos\" \/>\r\n<script type=\"application\/ld+json\" class=\"yoast-schema-graph\">{\"@context\":\"https:\/\/schema.org\",\"@graph\":[{\"@type\":\"Article\",\"@id\":\"https:\/\/www.icog.es\/TyT\/index.php\/2014\/12\/volcan-fuego-guatemala\/#article\",\"isPartOf\":{\"@id\":\"https:\/\/www.icog.es\/TyT\/index.php\/2014\/12\/volcan-fuego-guatemala\/\"},\"author\":{\"name\":\"Redacci\u00f3n\",\"@id\":\"https:\/\/www.icog.es\/TyT\/#\/schema\/person\/590cfb5c1b7b4e4b350d60316033e853\"},\"headline\":\"Volc\u00e1n de Fuego, Guatemala\",\"datePublished\":\"2014-12-01T10:32:21+00:00\",\"dateModified\":\"2019-04-26T11:45:36+00:00\",\"mainEntityOfPage\":{\"@id\":\"https:\/\/www.icog.es\/TyT\/index.php\/2014\/12\/volcan-fuego-guatemala\/\"},\"wordCount\":472,\"commentCount\":0,\"publisher\":{\"@id\":\"https:\/\/www.icog.es\/TyT\/#organization\"},\"image\":{\"@id\":\"https:\/\/www.icog.es\/TyT\/index.php\/2014\/12\/volcan-fuego-guatemala\/#primaryimage\"},\"thumbnailUrl\":\"https:\/\/www.icog.es\/TyT\/wp-content\/uploads\/2014\/12\/maxresdefault.jpg\",\"keywords\":[\"volc\u00e1n\",\"Volc\u00e1n de Fuego\"],\"articleSection\":[\"Riesgos\",\"T&amp;T 44\"],\"inLanguage\":\"es\",\"potentialAction\":[{\"@type\":\"CommentAction\",\"name\":\"Comment\",\"target\":[\"https:\/\/www.icog.es\/TyT\/index.php\/2014\/12\/volcan-fuego-guatemala\/#respond\"]}]},{\"@type\":\"WebPage\",\"@id\":\"https:\/\/www.icog.es\/TyT\/index.php\/2014\/12\/volcan-fuego-guatemala\/\",\"url\":\"https:\/\/www.icog.es\/TyT\/index.php\/2014\/12\/volcan-fuego-guatemala\/\",\"name\":\"Volc\u00e1n de Fuego, Guatemala\",\"isPartOf\":{\"@id\":\"https:\/\/www.icog.es\/TyT\/#website\"},\"primaryImageOfPage\":{\"@id\":\"https:\/\/www.icog.es\/TyT\/index.php\/2014\/12\/volcan-fuego-guatemala\/#primaryimage\"},\"image\":{\"@id\":\"https:\/\/www.icog.es\/TyT\/index.php\/2014\/12\/volcan-fuego-guatemala\/#primaryimage\"},\"thumbnailUrl\":\"https:\/\/www.icog.es\/TyT\/wp-content\/uploads\/2014\/12\/maxresdefault.jpg\",\"datePublished\":\"2014-12-01T10:32:21+00:00\",\"dateModified\":\"2019-04-26T11:45:36+00:00\",\"description\":\"Es uno de los volcanes m\u00e1s activos de Guatemala, tiene 3.763 metros de altura y est\u00e1 situado en el municipio de Alotenango,\",\"breadcrumb\":{\"@id\":\"https:\/\/www.icog.es\/TyT\/index.php\/2014\/12\/volcan-fuego-guatemala\/#breadcrumb\"},\"inLanguage\":\"es\",\"potentialAction\":[{\"@type\":\"ReadAction\",\"target\":[\"https:\/\/www.icog.es\/TyT\/index.php\/2014\/12\/volcan-fuego-guatemala\/\"]}]},{\"@type\":\"ImageObject\",\"inLanguage\":\"es\",\"@id\":\"https:\/\/www.icog.es\/TyT\/index.php\/2014\/12\/volcan-fuego-guatemala\/#primaryimage\",\"url\":\"https:\/\/www.icog.es\/TyT\/wp-content\/uploads\/2014\/12\/maxresdefault.jpg\",\"contentUrl\":\"https:\/\/www.icog.es\/TyT\/wp-content\/uploads\/2014\/12\/maxresdefault.jpg\",\"width\":720,\"height\":720},{\"@type\":\"BreadcrumbList\",\"@id\":\"https:\/\/www.icog.es\/TyT\/index.php\/2014\/12\/volcan-fuego-guatemala\/#breadcrumb\",\"itemListElement\":[{\"@type\":\"ListItem\",\"position\":1,\"name\":\"Portada\",\"item\":\"https:\/\/www.icog.es\/TyT\/\"},{\"@type\":\"ListItem\",\"position\":2,\"name\":\"Volc\u00e1n de Fuego, Guatemala\"}]},{\"@type\":\"WebSite\",\"@id\":\"https:\/\/www.icog.es\/TyT\/#website\",\"url\":\"https:\/\/www.icog.es\/TyT\/\",\"name\":\"Tierra y Tecnolog\u00eda\",\"description\":\"Revista de informaci\u00f3n geol\u00f3gica\",\"publisher\":{\"@id\":\"https:\/\/www.icog.es\/TyT\/#organization\"},\"potentialAction\":[{\"@type\":\"SearchAction\",\"target\":{\"@type\":\"EntryPoint\",\"urlTemplate\":\"https:\/\/www.icog.es\/TyT\/?s={search_term_string}\"},\"query-input\":{\"@type\":\"PropertyValueSpecification\",\"valueRequired\":true,\"valueName\":\"search_term_string\"}}],\"inLanguage\":\"es\"},{\"@type\":\"Organization\",\"@id\":\"https:\/\/www.icog.es\/TyT\/#organization\",\"name\":\"Tierra y Tecnolog\u00eda - Colegio de Ge\u00f3logos\",\"url\":\"https:\/\/www.icog.es\/TyT\/\",\"logo\":{\"@type\":\"ImageObject\",\"inLanguage\":\"es\",\"@id\":\"https:\/\/www.icog.es\/TyT\/#\/schema\/logo\/image\/\",\"url\":\"https:\/\/www.icog.es\/TyT\/wp-content\/uploads\/2013\/02\/logotytmini.jpg\",\"contentUrl\":\"https:\/\/www.icog.es\/TyT\/wp-content\/uploads\/2013\/02\/logotytmini.jpg\",\"width\":325,\"height\":127,\"caption\":\"Tierra y Tecnolog\u00eda - Colegio de Ge\u00f3logos\"},\"image\":{\"@id\":\"https:\/\/www.icog.es\/TyT\/#\/schema\/logo\/image\/\"},\"sameAs\":[\"https:\/\/www.facebook.com\/CGEOLOGOS\",\"https:\/\/x.com\/cgeologos\",\"https:\/\/www.linkedin.com\/company\/colegio-oficial-de-ge-logos\",\"https:\/\/www.pinterest.com\/cgeologos\/\",\"http:\/\/www.youtube.com\/ICOGtv\"]},{\"@type\":\"Person\",\"@id\":\"https:\/\/www.icog.es\/TyT\/#\/schema\/person\/590cfb5c1b7b4e4b350d60316033e853\",\"name\":\"Redacci\u00f3n\",\"image\":{\"@type\":\"ImageObject\",\"inLanguage\":\"es\",\"@id\":\"https:\/\/www.icog.es\/TyT\/#\/schema\/person\/image\/\",\"url\":\"https:\/\/secure.gravatar.com\/avatar\/f9c0ac81b2e8e690bee30ac3b42bf27f02e8dedc49686b871256e17dc7cd000b?s=96&d=identicon&r=g\",\"contentUrl\":\"https:\/\/secure.gravatar.com\/avatar\/f9c0ac81b2e8e690bee30ac3b42bf27f02e8dedc49686b871256e17dc7cd000b?s=96&d=identicon&r=g\",\"caption\":\"Redacci\u00f3n\"},\"description\":\"Tierra y Tecnolog\u00eda es una publicaci\u00f3n del Ilustre Colegio Oficial de Ge\u00f3logos (ICOG). El ICOG es una instituci\u00f3n sin finalidad lucrativa creada para la defensa y apoyo de los intereses de los Ge\u00f3logos, creada por Ley 73\/1978 de 26 de Diciembre, es una corporaci\u00f3n de Derecho P\u00fablico, amparada por Ley y reconocida por el Estado, con personalidad jur\u00eddica propia y capacidad plena para el ejercicio de sus funciones y cumplimiento de sus fines.\",\"sameAs\":[\"https:\/\/cgeologos.es\",\"https:\/\/www.facebook.com\/CGEOLOGOS\",\"https:\/\/www.linkedin.com\/company\/313811\",\"https:\/\/x.com\/https:\/\/twitter.com\/cgeologos\",\"http:\/\/www.youtube.com\/ICOGtv\"],\"url\":\"https:\/\/www.icog.es\/TyT\/index.php\/author\/jl-barrera\/\"}]}<\/script>\r\n<!-- \/ Yoast SEO plugin. -->","yoast_head_json":{"title":"Volc\u00e1n de Fuego, Guatemala","description":"Es uno de los volcanes m\u00e1s activos de Guatemala, tiene 3.763 metros de altura y est\u00e1 situado en el municipio de Alotenango,","robots":{"index":"index","follow":"follow","max-snippet":"max-snippet:-1","max-image-preview":"max-image-preview:large","max-video-preview":"max-video-preview:-1"},"canonical":"https:\/\/www.icog.es\/TyT\/index.php\/2014\/12\/volcan-fuego-guatemala\/","og_locale":"es_ES","og_type":"article","og_title":"Volc\u00e1n de Fuego, Guatemala","og_description":"Es uno de los volcanes m\u00e1s activos de Guatemala, tiene 3.763 metros de altura y est\u00e1 situado en el municipio de Alotenango,","og_url":"https:\/\/www.icog.es\/TyT\/index.php\/2014\/12\/volcan-fuego-guatemala\/","og_site_name":"Tierra y Tecnolog\u00eda","article_publisher":"https:\/\/www.facebook.com\/CGEOLOGOS","article_author":"https:\/\/www.facebook.com\/CGEOLOGOS","article_published_time":"2014-12-01T10:32:21+00:00","article_modified_time":"2019-04-26T11:45:36+00:00","og_image":[{"width":720,"height":720,"url":"https:\/\/www.icog.es\/TyT\/wp-content\/uploads\/2014\/12\/maxresdefault.jpg","type":"image\/jpeg"}],"author":"Redacci\u00f3n","twitter_card":"summary_large_image","twitter_creator":"@https:\/\/twitter.com\/cgeologos","twitter_site":"@cgeologos","twitter_misc":{"Escrito por":"Redacci\u00f3n","Tiempo de lectura":"2 minutos"},"schema":{"@context":"https:\/\/schema.org","@graph":[{"@type":"Article","@id":"https:\/\/www.icog.es\/TyT\/index.php\/2014\/12\/volcan-fuego-guatemala\/#article","isPartOf":{"@id":"https:\/\/www.icog.es\/TyT\/index.php\/2014\/12\/volcan-fuego-guatemala\/"},"author":{"name":"Redacci\u00f3n","@id":"https:\/\/www.icog.es\/TyT\/#\/schema\/person\/590cfb5c1b7b4e4b350d60316033e853"},"headline":"Volc\u00e1n de Fuego, Guatemala","datePublished":"2014-12-01T10:32:21+00:00","dateModified":"2019-04-26T11:45:36+00:00","mainEntityOfPage":{"@id":"https:\/\/www.icog.es\/TyT\/index.php\/2014\/12\/volcan-fuego-guatemala\/"},"wordCount":472,"commentCount":0,"publisher":{"@id":"https:\/\/www.icog.es\/TyT\/#organization"},"image":{"@id":"https:\/\/www.icog.es\/TyT\/index.php\/2014\/12\/volcan-fuego-guatemala\/#primaryimage"},"thumbnailUrl":"https:\/\/www.icog.es\/TyT\/wp-content\/uploads\/2014\/12\/maxresdefault.jpg","keywords":["volc\u00e1n","Volc\u00e1n de Fuego"],"articleSection":["Riesgos","T&amp;T 44"],"inLanguage":"es","potentialAction":[{"@type":"CommentAction","name":"Comment","target":["https:\/\/www.icog.es\/TyT\/index.php\/2014\/12\/volcan-fuego-guatemala\/#respond"]}]},{"@type":"WebPage","@id":"https:\/\/www.icog.es\/TyT\/index.php\/2014\/12\/volcan-fuego-guatemala\/","url":"https:\/\/www.icog.es\/TyT\/index.php\/2014\/12\/volcan-fuego-guatemala\/","name":"Volc\u00e1n de Fuego, Guatemala","isPartOf":{"@id":"https:\/\/www.icog.es\/TyT\/#website"},"primaryImageOfPage":{"@id":"https:\/\/www.icog.es\/TyT\/index.php\/2014\/12\/volcan-fuego-guatemala\/#primaryimage"},"image":{"@id":"https:\/\/www.icog.es\/TyT\/index.php\/2014\/12\/volcan-fuego-guatemala\/#primaryimage"},"thumbnailUrl":"https:\/\/www.icog.es\/TyT\/wp-content\/uploads\/2014\/12\/maxresdefault.jpg","datePublished":"2014-12-01T10:32:21+00:00","dateModified":"2019-04-26T11:45:36+00:00","description":"Es uno de los volcanes m\u00e1s activos de Guatemala, tiene 3.763 metros de altura y est\u00e1 situado en el municipio de Alotenango,","breadcrumb":{"@id":"https:\/\/www.icog.es\/TyT\/index.php\/2014\/12\/volcan-fuego-guatemala\/#breadcrumb"},"inLanguage":"es","potentialAction":[{"@type":"ReadAction","target":["https:\/\/www.icog.es\/TyT\/index.php\/2014\/12\/volcan-fuego-guatemala\/"]}]},{"@type":"ImageObject","inLanguage":"es","@id":"https:\/\/www.icog.es\/TyT\/index.php\/2014\/12\/volcan-fuego-guatemala\/#primaryimage","url":"https:\/\/www.icog.es\/TyT\/wp-content\/uploads\/2014\/12\/maxresdefault.jpg","contentUrl":"https:\/\/www.icog.es\/TyT\/wp-content\/uploads\/2014\/12\/maxresdefault.jpg","width":720,"height":720},{"@type":"BreadcrumbList","@id":"https:\/\/www.icog.es\/TyT\/index.php\/2014\/12\/volcan-fuego-guatemala\/#breadcrumb","itemListElement":[{"@type":"ListItem","position":1,"name":"Portada","item":"https:\/\/www.icog.es\/TyT\/"},{"@type":"ListItem","position":2,"name":"Volc\u00e1n de Fuego, Guatemala"}]},{"@type":"WebSite","@id":"https:\/\/www.icog.es\/TyT\/#website","url":"https:\/\/www.icog.es\/TyT\/","name":"Tierra y Tecnolog\u00eda","description":"Revista de informaci\u00f3n geol\u00f3gica","publisher":{"@id":"https:\/\/www.icog.es\/TyT\/#organization"},"potentialAction":[{"@type":"SearchAction","target":{"@type":"EntryPoint","urlTemplate":"https:\/\/www.icog.es\/TyT\/?s={search_term_string}"},"query-input":{"@type":"PropertyValueSpecification","valueRequired":true,"valueName":"search_term_string"}}],"inLanguage":"es"},{"@type":"Organization","@id":"https:\/\/www.icog.es\/TyT\/#organization","name":"Tierra y Tecnolog\u00eda - Colegio de Ge\u00f3logos","url":"https:\/\/www.icog.es\/TyT\/","logo":{"@type":"ImageObject","inLanguage":"es","@id":"https:\/\/www.icog.es\/TyT\/#\/schema\/logo\/image\/","url":"https:\/\/www.icog.es\/TyT\/wp-content\/uploads\/2013\/02\/logotytmini.jpg","contentUrl":"https:\/\/www.icog.es\/TyT\/wp-content\/uploads\/2013\/02\/logotytmini.jpg","width":325,"height":127,"caption":"Tierra y Tecnolog\u00eda - Colegio de Ge\u00f3logos"},"image":{"@id":"https:\/\/www.icog.es\/TyT\/#\/schema\/logo\/image\/"},"sameAs":["https:\/\/www.facebook.com\/CGEOLOGOS","https:\/\/x.com\/cgeologos","https:\/\/www.linkedin.com\/company\/colegio-oficial-de-ge-logos","https:\/\/www.pinterest.com\/cgeologos\/","http:\/\/www.youtube.com\/ICOGtv"]},{"@type":"Person","@id":"https:\/\/www.icog.es\/TyT\/#\/schema\/person\/590cfb5c1b7b4e4b350d60316033e853","name":"Redacci\u00f3n","image":{"@type":"ImageObject","inLanguage":"es","@id":"https:\/\/www.icog.es\/TyT\/#\/schema\/person\/image\/","url":"https:\/\/secure.gravatar.com\/avatar\/f9c0ac81b2e8e690bee30ac3b42bf27f02e8dedc49686b871256e17dc7cd000b?s=96&d=identicon&r=g","contentUrl":"https:\/\/secure.gravatar.com\/avatar\/f9c0ac81b2e8e690bee30ac3b42bf27f02e8dedc49686b871256e17dc7cd000b?s=96&d=identicon&r=g","caption":"Redacci\u00f3n"},"description":"Tierra y Tecnolog\u00eda es una publicaci\u00f3n del Ilustre Colegio Oficial de Ge\u00f3logos (ICOG). El ICOG es una instituci\u00f3n sin finalidad lucrativa creada para la defensa y apoyo de los intereses de los Ge\u00f3logos, creada por Ley 73\/1978 de 26 de Diciembre, es una corporaci\u00f3n de Derecho P\u00fablico, amparada por Ley y reconocida por el Estado, con personalidad jur\u00eddica propia y capacidad plena para el ejercicio de sus funciones y cumplimiento de sus fines.","sameAs":["https:\/\/cgeologos.es","https:\/\/www.facebook.com\/CGEOLOGOS","https:\/\/www.linkedin.com\/company\/313811","https:\/\/x.com\/https:\/\/twitter.com\/cgeologos","http:\/\/www.youtube.com\/ICOGtv"],"url":"https:\/\/www.icog.es\/TyT\/index.php\/author\/jl-barrera\/"}]}},"_links":{"self":[{"href":"https:\/\/www.icog.es\/TyT\/index.php\/wp-json\/wp\/v2\/posts\/7472","targetHints":{"allow":["GET"]}}],"collection":[{"href":"https:\/\/www.icog.es\/TyT\/index.php\/wp-json\/wp\/v2\/posts"}],"about":[{"href":"https:\/\/www.icog.es\/TyT\/index.php\/wp-json\/wp\/v2\/types\/post"}],"author":[{"embeddable":true,"href":"https:\/\/www.icog.es\/TyT\/index.php\/wp-json\/wp\/v2\/users\/2"}],"replies":[{"embeddable":true,"href":"https:\/\/www.icog.es\/TyT\/index.php\/wp-json\/wp\/v2\/comments?post=7472"}],"version-history":[{"count":1,"href":"https:\/\/www.icog.es\/TyT\/index.php\/wp-json\/wp\/v2\/posts\/7472\/revisions"}],"predecessor-version":[{"id":10466,"href":"https:\/\/www.icog.es\/TyT\/index.php\/wp-json\/wp\/v2\/posts\/7472\/revisions\/10466"}],"wp:featuredmedia":[{"embeddable":true,"href":"https:\/\/www.icog.es\/TyT\/index.php\/wp-json\/wp\/v2\/media\/7474"}],"wp:attachment":[{"href":"https:\/\/www.icog.es\/TyT\/index.php\/wp-json\/wp\/v2\/media?parent=7472"}],"wp:term":[{"taxonomy":"category","embeddable":true,"href":"https:\/\/www.icog.es\/TyT\/index.php\/wp-json\/wp\/v2\/categories?post=7472"},{"taxonomy":"post_tag","embeddable":true,"href":"https:\/\/www.icog.es\/TyT\/index.php\/wp-json\/wp\/v2\/tags?post=7472"}],"curies":[{"name":"wp","href":"https:\/\/api.w.org\/{rel}","templated":true}]}}