{"id":4789,"date":"2015-04-28T09:50:39","date_gmt":"2015-04-28T09:50:39","guid":{"rendered":"http:\/\/www.icog.es\/TyT\/?p=4789"},"modified":"2016-09-06T12:59:45","modified_gmt":"2016-09-06T12:59:45","slug":"cena-coloquio-de-navidad-2014","status":"publish","type":"post","link":"https:\/\/www.icog.es\/TyT\/index.php\/2015\/04\/cena-coloquio-de-navidad-2014\/","title":{"rendered":"Cena-coloquio de Navidad 2014"},"content":{"rendered":"<p><strong>Texto | Jose Luis Barrera. ICOG\u00a0Fotograf\u00edas | Yolanda Garc\u00eda. ICOG<\/strong><\/p>\n<blockquote class=\"td_pull_quote td_pull_center\"><p>Desde el mes de noviembre, la Junta de Gobierno del ICOG program\u00f3 la cena anual de Navidad para el martes 16 de diciembre, a las 20:00 h, que se celebr\u00f3 en la sede central de Madrid, en la calle Raquel Meller, 7. Entre colegiados e invitados, el n\u00famero de asistentes fue de unas 70 personas.<\/p><\/blockquote>\n<h4 style=\"text-align: justify;\">Invitado de honor y asistentes<\/h4>\n<p style=\"text-align: justify;\">Siguiendo la tradici\u00f3n de invitar a alguna personalidad relevante de la Administraci\u00f3n con relaci\u00f3n en las actividades geol\u00f3gicas, esta Navidad se invit\u00f3 a Juan Van-Halen, director general de Arquitectura, Vivienda y Suelo, del Ministerio de Fomento. Un hombre joven (45 a\u00f1os), amable y con experiencia pol\u00edtica dentro del Partido Popular, que sigue la tradici\u00f3n de su padre.<\/p>\n<p style=\"text-align: justify;\">Para los estudiosos de la historia, puede que su apellido le sea familiar, no por su padre, sino por su tatarabuelo, el militar de amplia y diversa historia.<\/p>\n<p style=\"text-align: justify;\">A su llegada, con cierto retraso debido al tr\u00e1fico (lo mismo le ocurri\u00f3 a varios de los asistentes), el director general fue recibido por el presidente del ICOG, Luis Su\u00e1rez; el vicepresidente primero, Manuel Regueiro; y el secretario, Carlos Mart\u00ednez Navarrete, que le invitaron a pasar al despacho de presidencia. All\u00ed se fotografi\u00f3 con la Comisi\u00f3n Permanente del Colegio (figura 1) y firm\u00f3 en el libro de honor (figura 2).<\/p>\n<p style=\"text-align: justify;\"><img loading=\"lazy\" decoding=\"async\" class=\"aligncenter size-full wp-image-4800\" src=\"http:\/\/www.icog.es\/TyT\/wp-content\/uploads\/2016\/02\/CENA_14_01-e1455098878304.jpg\" alt=\"CENA_14_01\" width=\"707\" height=\"479\" srcset=\"https:\/\/www.icog.es\/TyT\/wp-content\/uploads\/2016\/02\/CENA_14_01-e1455098878304.jpg 707w, https:\/\/www.icog.es\/TyT\/wp-content\/uploads\/2016\/02\/CENA_14_01-e1455098878304-300x203.jpg 300w, https:\/\/www.icog.es\/TyT\/wp-content\/uploads\/2016\/02\/CENA_14_01-e1455098878304-696x472.jpg 696w, https:\/\/www.icog.es\/TyT\/wp-content\/uploads\/2016\/02\/CENA_14_01-e1455098878304-620x420.jpg 620w\" sizes=\"auto, (max-width: 707px) 100vw, 707px\" \/><\/p>\n<h4 style=\"text-align: justify;\">Inicio del acto<\/h4>\n<p style=\"text-align: justify;\">En el evento estaba parte de la Junta de Gobierno del ICOG: el presidente, Luis Su\u00e1rez; el vicepresidente primero, Manuel Regueiro; la vicepresidenta 2\u00aa, Cristina Sapalski; el secretario general, Carlos Mart\u00ednez Navarrete; la vicesecretaria, Carla Mercedes Delgado; el tesorero Carlos Duch; los vocales, Ester Boixereu, Antonio Dur\u00e1n, Antonio Madrigal, Agust\u00edn Pieren Pidal, Juan Manuel Luque y Benito Ribera; la jefa de Secretar\u00eda, F\u00e1tima Camacho; el responsable de Administraci\u00f3n y Calidad, Enrique Pampliega. Tambi\u00e9n estaba el presidente de Ge\u00f3logos del Mundo, y vocal de la Junta, \u00c1ngel Carbayo.<\/p>\n<p style=\"text-align: justify;\"><img loading=\"lazy\" decoding=\"async\" class=\"alignleft size-full wp-image-4792\" src=\"http:\/\/www.icog.es\/TyT\/wp-content\/uploads\/2016\/02\/CENA_14_03-e1455098684537.jpg\" alt=\"CENA_14_03\" width=\"254\" height=\"734\" srcset=\"https:\/\/www.icog.es\/TyT\/wp-content\/uploads\/2016\/02\/CENA_14_03-e1455098684537.jpg 254w, https:\/\/www.icog.es\/TyT\/wp-content\/uploads\/2016\/02\/CENA_14_03-e1455098684537-104x300.jpg 104w, https:\/\/www.icog.es\/TyT\/wp-content\/uploads\/2016\/02\/CENA_14_03-e1455098684537-145x420.jpg 145w\" sizes=\"auto, (max-width: 254px) 100vw, 254px\" \/>Entre los asistentes destacados a la cena se encontraban, Gonzalo Echag\u00fce, presidente del Colegio Oficial de F\u00edsicos y presidente de la Fundaci\u00f3n CONAMA; el ingeniero de Minas Isaac \u00c1lvarez; los colegiados Ram\u00f3n Capote, Roberto Rodr\u00edguez, Luis Fueyo, Jos\u00e9 Luis Almaz\u00e1n, David Navarro, David Sanz, Roberto \u00c1lvarez de Sotomayor y su mujer, Nuria \u00c1lvarez, y el autor de esta cr\u00f3nica, Jos\u00e9 Luis Barrera. Tambi\u00e9n asistieron Gonzalo Muzquiz, secretario de UP; Jos\u00e9 Mar\u00eda Perez Revenga (CETREN), Luis L\u00f3pez (ADIF) y los periodistas Rub\u00e9n Marcos y Manuel Recio de la agencia EP.<\/p>\n<p style=\"text-align: justify;\">Este a\u00f1o, solamente la delegaci\u00f3n de Catalu\u00f1a del ICOG estuvo en la cena, representada por su presidente, Ram\u00f3n P\u00e9rez Mir, y su expresidente, Joan Escuder.<\/p>\n<p style=\"text-align: justify;\">El acto oficial dio comienzo con las palabras de presentaci\u00f3n del vicepresidente primero, Manuel Regueiro (figura 3), que dio la bienvenida a los presentes y al invitado de honor, Juan Van-Halen, de quien hizo un breve repaso de su curr\u00edculo vital. A continuaci\u00f3n, Regueiro dio paso al presidente del Colegio, Luis Su\u00e1rez (figura 4), que entre otros aspectos destac\u00f3 que es necesario que en la pr\u00f3xima revisi\u00f3n del Real Decreto de Visado Colegial se incluya la obligatoriedad del visado para los estudios geot\u00e9cnicos relacionados con la construcci\u00f3n de edificios y viviendas. \u201cLa vuelta a la obligatoriedad de los visados de estudios geot\u00e9cnicos es lo mejor para los ciudadanos, porque garantizar\u00e1 que est\u00e1n m\u00e1s protegidos\u201d, afirm\u00f3 Su\u00e1rez. En este sentido, record\u00f3 que un estudio conducido por la Facultad de Geolog\u00eda de la Universidad Complutense de Madrid y el propio Colegio de Ge\u00f3logos, ha detectado un aumento de la siniestralidad en la construcci\u00f3n de viviendas desde que el visado de estudios geot\u00e9cnicos dej\u00f3 de ser obligatorio, \u201cincumpliendo as\u00ed el C\u00f3digo T\u00e9cnico de Edificaci\u00f3n\u201d.<\/p>\n<p style=\"text-align: justify;\"><img loading=\"lazy\" decoding=\"async\" class=\"size-full wp-image-4793 alignright\" src=\"http:\/\/www.icog.es\/TyT\/wp-content\/uploads\/2016\/02\/CENA_14_04-e1455098707898.jpg\" alt=\"CENA_14_04\" width=\"254\" height=\"386\" srcset=\"https:\/\/www.icog.es\/TyT\/wp-content\/uploads\/2016\/02\/CENA_14_04-e1455098707898.jpg 254w, https:\/\/www.icog.es\/TyT\/wp-content\/uploads\/2016\/02\/CENA_14_04-e1455098707898-197x300.jpg 197w\" sizes=\"auto, (max-width: 254px) 100vw, 254px\" \/>El presidente del ICOG tambi\u00e9n se refiri\u00f3 a la necesidad de minimizar los da\u00f1os por cat\u00e1strofes naturales en el territorio nacional. Para ello, demand\u00f3 a las administraciones p\u00fablicas el cumplimiento de la Ley del Suelo, que establece la obligatoriedad de elaborar mapas de riesgos naturales antes de desarrollar nuevos planes urban\u00edsticos; afirm\u00f3: \u201cLamentablemente, s\u00f3lo un porcentaje muy peque\u00f1o de municipios con m\u00e1s de 35.000 habitantes disponen de esos mapas de riesgos naturales\u201d. Por este motivo, reclam\u00f3 al Gobierno central y, en concreto, al Ministerio de Fomento, que asuma un papel de liderazgo en el cumplimiento de la Ley del Suelo.<\/p>\n<p style=\"text-align: justify;\"><strong>Euroge\u00f3logos, t\u00edtulos profesionales y peritos<\/strong><\/p>\n<p style=\"text-align: justify;\">Al acabar el discurso del presidente Su\u00e1rez, Regueiro dio la palabra a la vicepresidenta segunda y presidenta de la Comisi\u00f3n de T\u00edtulos, Cristina Sapalski (figura 5), para proceder al acto de entrega de los T\u00edtulos Profesionales. Sapalski record\u00f3 que el Colegio de Ge\u00f3logos es el primer colegio en emitir el t\u00edtulo de Ge\u00f3logo Europeo de la Federaci\u00f3n Europea de Ge\u00f3logos.<\/p>\n<p style=\"text-align: justify;\"><img loading=\"lazy\" decoding=\"async\" class=\"size-full wp-image-4801 aligncenter\" src=\"http:\/\/www.icog.es\/TyT\/wp-content\/uploads\/2016\/02\/CENA_14_02-e1455098912724.jpg\" alt=\"CENA_14_02\" width=\"523\" height=\"720\" srcset=\"https:\/\/www.icog.es\/TyT\/wp-content\/uploads\/2016\/02\/CENA_14_02-e1455098912724.jpg 523w, https:\/\/www.icog.es\/TyT\/wp-content\/uploads\/2016\/02\/CENA_14_02-e1455098912724-218x300.jpg 218w, https:\/\/www.icog.es\/TyT\/wp-content\/uploads\/2016\/02\/CENA_14_02-e1455098912724-305x420.jpg 305w\" sizes=\"auto, (max-width: 523px) 100vw, 523px\" \/><\/p>\n<p style=\"text-align: justify;\">Todos los t\u00edtulos fueron entregados por el director general de Arquitectura, Juan Van-Halen.<\/p>\n<p style=\"text-align: justify;\"><em><strong>T\u00edtulo de Ge\u00f3logo Europeo<\/strong> <\/em><\/p>\n<p style=\"text-align: justify;\">Durante el a\u00f1o 2014, el ICOG ha expedido 19 t\u00edtulos de Ge\u00f3logo Europeo o Euroge\u00f3logo. A continuaci\u00f3n se relaciona los nombres de los nuevos titulados.<\/p>\n<ul>\n<li style=\"text-align: justify;\">Mario Iglesias Mart\u00ednez (figura 6)<\/li>\n<li style=\"text-align: justify;\">Alfonso Salvador Gracia Plaza<\/li>\n<li style=\"text-align: justify;\">Olegario Mart\u00edn Alonso Pandavenes<\/li>\n<li style=\"text-align: justify;\">Jes\u00fas Luis Molina Delgado<\/li>\n<li style=\"text-align: justify;\">Carlos de Miguel Xim\u00e9nez de Emb\u00fan (figura 7)<\/li>\n<li style=\"text-align: justify;\">Pau Torrades Mil\u00e1<\/li>\n<li style=\"text-align: justify;\">Francisco Javier Carmona Carrillo<\/li>\n<li style=\"text-align: justify;\">David Arcos Bosch<\/li>\n<li style=\"text-align: justify;\">Guadalupe Collar Men\u00e9ndez<\/li>\n<li style=\"text-align: justify;\">Jorge Jos\u00e9 Molinero Huguet<\/li>\n<li style=\"text-align: justify;\">Jose Mel\u00e9ndez Arranz<\/li>\n<li style=\"text-align: justify;\">Jos\u00e9 Ignacio Gallego Garc\u00eda<\/li>\n<li style=\"text-align: justify;\">David N\u00fa\u00f1ez Becerra<\/li>\n<li style=\"text-align: justify;\">Cristina del Hoyo Magadan<\/li>\n<li style=\"text-align: justify;\">Cristina Riesco P\u00e9rez<\/li>\n<li style=\"text-align: justify;\">Eduardo Ruiz Delgado<\/li>\n<li style=\"text-align: justify;\">Salvador Jordana Margalida<\/li>\n<li style=\"text-align: justify;\">Macarena Saura Varo<\/li>\n<li style=\"text-align: justify;\">Roberto Garc\u00eda Mart\u00edn<\/li>\n<\/ul>\n<p><em><strong>\u00a0T\u00edtulo de Ge\u00f3logo Profesional Especialista<\/strong><\/em><\/p>\n<p style=\"text-align: justify;\"><img loading=\"lazy\" decoding=\"async\" class=\"size-full wp-image-4794 aligncenter\" src=\"http:\/\/www.icog.es\/TyT\/wp-content\/uploads\/2016\/02\/CENA_14_05-e1455098730298.jpg\" alt=\"CENA_14_05\" width=\"526\" height=\"728\" srcset=\"https:\/\/www.icog.es\/TyT\/wp-content\/uploads\/2016\/02\/CENA_14_05-e1455098730298.jpg 526w, https:\/\/www.icog.es\/TyT\/wp-content\/uploads\/2016\/02\/CENA_14_05-e1455098730298-217x300.jpg 217w, https:\/\/www.icog.es\/TyT\/wp-content\/uploads\/2016\/02\/CENA_14_05-e1455098730298-303x420.jpg 303w\" sizes=\"auto, (max-width: 526px) 100vw, 526px\" \/><\/p>\n<p style=\"text-align: justify;\">Durante el a\u00f1o 2014, el ICOG ha expedido a siete colegiados, los siguientes t\u00edtulos profesionales con la especialidad adjunta:<\/p>\n<ul>\n<li style=\"text-align: justify;\">Olegario Mart\u00edn Alonso Pandavenes, Geof\u00edsica<\/li>\n<li style=\"text-align: justify;\">Pau Torrades Mil\u00e1 (lo recogi\u00f3 en su representaci\u00f3n Ram\u00f3n Perez Mir, (figura 8), Medio Ambiente\/Cartograf\u00eda Geol\u00f3gica\/Ingenier\u00eda Geol\u00f3gica<\/li>\n<li style=\"text-align: justify;\">Carlos de Miguel Xim\u00e9nez de Emb\u00fan, Ingenier\u00eda Geol\u00f3gica<\/li>\n<li style=\"text-align: justify;\">Jos\u00e9 Mel\u00e9ndez Arranz, Ingenier\u00eda Geol\u00f3gica<\/li>\n<li style=\"text-align: justify;\">Jos\u00e9 Ignacio Gallego Garc\u00eda, Geotecnia<\/li>\n<li style=\"text-align: justify;\">Cristina del Hoyo Magadan, Ingenier\u00eda Geol\u00f3gica<\/li>\n<li style=\"text-align: justify;\">Cristina Riesco P\u00e9rez, Ingenier\u00eda Geol\u00f3gica<\/li>\n<\/ul>\n<p style=\"text-align: justify;\"><em><strong>T\u00edtulo de Perito Ge\u00f3logo<\/strong><\/em><\/p>\n<p style=\"text-align: justify;\">En relaci\u00f3n a las solicitudes de t\u00edtulos de perito, durante el a\u00f1o 2014, el ICOG ha expedido dos:<\/p>\n<ul>\n<li style=\"text-align: justify;\">Cristina del Hoyo Magadan<\/li>\n<li style=\"text-align: justify;\">Cristina Riesco P\u00e9rez<\/li>\n<\/ul>\n<h4 style=\"text-align: justify;\">Distinciones<\/h4>\n<p style=\"text-align: justify;\"><img loading=\"lazy\" decoding=\"async\" class=\"alignleft size-full wp-image-4795\" src=\"http:\/\/www.icog.es\/TyT\/wp-content\/uploads\/2016\/02\/CENA_14_06-e1455098754762.jpg\" alt=\"CENA_14_06\" width=\"248\" height=\"337\" srcset=\"https:\/\/www.icog.es\/TyT\/wp-content\/uploads\/2016\/02\/CENA_14_06-e1455098754762.jpg 248w, https:\/\/www.icog.es\/TyT\/wp-content\/uploads\/2016\/02\/CENA_14_06-e1455098754762-221x300.jpg 221w\" sizes=\"auto, (max-width: 248px) 100vw, 248px\" \/>Despu\u00e9s de la entrega de los t\u00edtulos, el secretario del Colegio, Carlos Mart\u00ednez Navarrete (figura 9), ley\u00f3 el acta en que se nombraba a los colegiados de honor que el ICOG ha distinguido este a\u00f1o. En primer lugar fue distinguido el expresidente de la delegaci\u00f3n del ICOG en Catalu\u00f1a, Joan Escuer, por su intensa y fruct\u00edfera labor al frente de la delegaci\u00f3n durante los a\u00f1os de su mandato (figura 10). Posteriormente, se entreg\u00f3 la distinci\u00f3n de colegiado de honor a Jos\u00e9 Luis Barrera Morate, exvicepresidente primero del Colegio, \u201cPor su excelente contribuci\u00f3n al impulso y reconocimiento social de la profesi\u00f3n de ge\u00f3logo en el desempe\u00f1o del cargo de vicepresidente primero del ICOG durante 18 a\u00f1os (1996-2014)\u201d. Tambi\u00e9n fue distinguido como colegiado de honor el presidente saliente de la delegaci\u00f3n de Arag\u00f3n, Javier San Rom\u00e1n, por la labor realizada a favor del colectivo de ge\u00f3logos aragoneses durante su mandato; no pudo venir el interesado a recoger la distinci\u00f3n.<\/p>\n<p style=\"text-align: justify;\"><img loading=\"lazy\" decoding=\"async\" class=\"size-full wp-image-4796 aligncenter\" src=\"http:\/\/www.icog.es\/TyT\/wp-content\/uploads\/2016\/02\/CENA_14_07-e1455098777298.jpg\" alt=\"CENA_14_07\" width=\"523\" height=\"808\" srcset=\"https:\/\/www.icog.es\/TyT\/wp-content\/uploads\/2016\/02\/CENA_14_07-e1455098777298.jpg 523w, https:\/\/www.icog.es\/TyT\/wp-content\/uploads\/2016\/02\/CENA_14_07-e1455098777298-194x300.jpg 194w, https:\/\/www.icog.es\/TyT\/wp-content\/uploads\/2016\/02\/CENA_14_07-e1455098777298-272x420.jpg 272w\" sizes=\"auto, (max-width: 523px) 100vw, 523px\" \/><\/p>\n<h4 style=\"text-align: justify;\">Intervenci\u00f3n de Juan Van-Halen<\/h4>\n<p style=\"text-align: justify;\">Terminado el acto de entrega de distinciones, intervino el director general de Arquitectura, Juan Van-Halen Rodr\u00edguez (figura 12), que mostr\u00f3 su disposici\u00f3n a abordar los temas expuestos por el presidente en su intervenci\u00f3n, adem\u00e1s de otros asuntos de su responsabilidad en futuras reuniones con representantes del Colegio de Ge\u00f3logos, para dar un impulso al mercado de la vivienda en Espa\u00f1a. Concretamente, manifest\u00f3: \u201cLa construcci\u00f3n de viviendas ha sido un motor muy importante de desarrollo econ\u00f3mico para nuestro pa\u00eds y debe volver a ocupar un lugar destacado\u201d, afirm\u00f3 Van-Halen. Para cumplir este objetivo, el Ministerio de Fomento est\u00e1 impulsando especialmente el mercado de alquiler y la rehabilitaci\u00f3n de viviendas ya construidas con un plan de inversiones por valor de casi 2.500 millones de euros.<\/p>\n<p style=\"text-align: justify;\"><img loading=\"lazy\" decoding=\"async\" class=\"alignleft size-full wp-image-4797\" src=\"http:\/\/www.icog.es\/TyT\/wp-content\/uploads\/2016\/02\/CENA_14_08-e1455098799194.jpg\" alt=\"CENA_14_08\" width=\"521\" height=\"313\" srcset=\"https:\/\/www.icog.es\/TyT\/wp-content\/uploads\/2016\/02\/CENA_14_08-e1455098799194.jpg 521w, https:\/\/www.icog.es\/TyT\/wp-content\/uploads\/2016\/02\/CENA_14_08-e1455098799194-300x180.jpg 300w\" sizes=\"auto, (max-width: 521px) 100vw, 521px\" \/>Dentro de este plan de rehabilitaci\u00f3n, Van-Halen destac\u00f3 la oportunidad que representa la energ\u00eda geot\u00e9rmica como instrumento para mejorar la eficiencia energ\u00e9tica de las viviendas. \u201cActualmente tenemos en Espa\u00f1a un 60% de viviendas que no tiene en cuenta ning\u00fan criterio de eficiencia energ\u00e9tica\u201d, subray\u00f3 Van-Halen, quien agradeci\u00f3 al Colegio de Ge\u00f3logos su larga trayectoria de colaboraci\u00f3n con la Administraci\u00f3n Central del Estado en materia de vivienda.<\/p>\n<p style=\"text-align: justify;\">Terminado el discurso de Van-Halen, comenz\u00f3 el c\u00f3ctel-cena, en un ambiente muy distendido (figuras 13 y 14). Alrededor de las 23:00 horas, finaliz\u00f3 el acto y los asistentes se despidieron de los miembros del Colegio y de sus compa\u00f1eros. Todos salieron agradecidos. \u00a1Hasta el a\u00f1o que viene!<\/p>\n<p style=\"text-align: justify;\"><img loading=\"lazy\" decoding=\"async\" class=\"aligncenter size-full wp-image-4798\" src=\"http:\/\/www.icog.es\/TyT\/wp-content\/uploads\/2016\/02\/CENA_14_09-e1455098821615.jpg\" alt=\"CENA_14_09\" width=\"347\" height=\"601\" srcset=\"https:\/\/www.icog.es\/TyT\/wp-content\/uploads\/2016\/02\/CENA_14_09-e1455098821615.jpg 347w, https:\/\/www.icog.es\/TyT\/wp-content\/uploads\/2016\/02\/CENA_14_09-e1455098821615-173x300.jpg 173w, https:\/\/www.icog.es\/TyT\/wp-content\/uploads\/2016\/02\/CENA_14_09-e1455098821615-242x420.jpg 242w\" sizes=\"auto, (max-width: 347px) 100vw, 347px\" \/><\/p>\n<hr \/>\n<h4><strong>Juan Van-Halen Rodr\u00edguez<\/strong><\/h4>\n<p style=\"text-align: justify;\">El madrile\u00f1o Juan Van-Halen, hijo del pol\u00edtico del PP de Madrid, Juan Van-Halen, obtuvo en 1992 la licenciatura en Derecho y, posteriormente, curs\u00f3 el t\u00edtulo propio Jur\u00eddico-Empresarial del CEU.<\/p>\n<p style=\"text-align: justify;\">En 1994, a los 25 a\u00f1os, gan\u00f3 la oposici\u00f3n de t\u00e9cnico del grupo directivo del Banco de Espa\u00f1a, donde trabaj\u00f3 en la Oficina de Balanza de Pagos hasta el a\u00f1o 2000, a\u00f1o en el que curs\u00f3 estudios de Mercados Financieros y Pol\u00edtica Econ\u00f3mica en la London School of Economics.<\/p>\n<p style=\"text-align: justify;\">Su primer puesto t\u00e9cnico-pol\u00edtico fue de asesor para asuntos econ\u00f3micos del ministro de Fomento entre 2000 y 2004, cuando era titular \u00c1lvarez Cascos.<\/p>\n<p style=\"text-align: justify;\">En 2004, fue director gerente del Instituto de Realojamiento e Integraci\u00f3n Social de la Comunidad de Madrid, a las \u00f3rdenes de M\u00aa Dolores de Cospedal, entonces consejera de Esperanza Aguirre.<\/p>\n<p style=\"text-align: justify;\">Entre 2004 y 2007 se pas\u00f3 a la empresa privada, y trabaj\u00f3 en la multinacional de seguros AON como director de Sector P\u00fablico para Espa\u00f1a y Portugal.<\/p>\n<p style=\"text-align: justify;\">En 2007 es nombrado director general de la Vivienda de la Comunidad de Madrid con Ana Isabel Mari\u00f1o, a la saz\u00f3n consejera de la Vivienda. Solo un a\u00f1o m\u00e1s tarde, en 2008, ocupa el cargo de director general de Vivienda y Rehabilitaci\u00f3n de la Comunidad de Madrid con el consejero de Transportes e Infraestructura, y actual secretario de Estado de Hacienda, Antonio Beteta. En 2011, pasa a ser el director gerente del IVIMA, pero ahora a las \u00f3rdenes de Pablo Cavero. Finalmente, entre 2013 y 2014 termina su periplo en la Comunidad de Madrid como viceconsejero de Empleo en el Gobierno del actual presidente, Ignacio Gonz\u00e1lez.<\/p>\n<p style=\"text-align: justify;\">Desde marzo de este a\u00f1o es director general de Arquitectura, Vivienda y Suelo del Ministerio de Fomento.<\/p>\n<p style=\"text-align: justify;\">Como docente, ha impartido clases sobre temas econ\u00f3micos en el Centro de Estudios Superiores Sociales y Jur\u00eddicos Ram\u00f3n Carande (1995-1998), ahora en la Universidad Rey Juan Carlos, en la Facultad de Ciencias Sociales y Jur\u00eddicas de la Universidad Rey Juan Carlos de Madrid (1999-2001), en la Facultad de Ciencias Econ\u00f3micas y Empresariales de la Universidad Complutense de Madrid (desde 2001) y en el M\u00e1ster en Finanzas de la Universidad de Deusto (2003).<\/p>\n<p style=\"text-align: justify;\">Su ciclo profesional ha estado, por tanto, centrado de alguna manera en la vivienda y en la ciudad, de la que ahora le preocupa su rehabilitaci\u00f3n, sobre todo, la energ\u00e9tica.<\/p>\n","protected":false},"excerpt":{"rendered":"<p>Texto | Jose Luis Barrera. ICOG\u00a0Fotograf\u00edas | Yolanda Garc\u00eda. ICOG Desde el mes de noviembre, la Junta de Gobierno del ICOG program\u00f3 la cena anual de Navidad para el martes 16 de diciembre, a las 20:00 h, que se celebr\u00f3 en la sede central de Madrid, en la calle Raquel Meller, 7. Entre colegiados e [&hellip;]<\/p>\n","protected":false},"author":7,"featured_media":4799,"comment_status":"open","ping_status":"open","sticky":false,"template":"","format":"standard","meta":{"tdm_status":"","tdm_grid_status":"","footnotes":""},"categories":[19,341],"tags":[362,75,381],"class_list":{"0":"post-4789","1":"post","2":"type-post","3":"status-publish","4":"format-standard","5":"has-post-thumbnail","7":"category-novedades-icog","8":"category-tt-45","9":"tag-coctel","10":"tag-navidad","11":"tag-navidad-2014"},"yoast_head":"<!-- This site is optimized with the Yoast SEO plugin v27.0 - https:\/\/yoast.com\/product\/yoast-seo-wordpress\/ -->\r\n<title>Cena-coloquio de Navidad 2014 - Colegio de Ge\u00f3logos<\/title>\r\n<meta name=\"robots\" content=\"index, follow, max-snippet:-1, max-image-preview:large, max-video-preview:-1\" \/>\r\n<link rel=\"canonical\" href=\"https:\/\/www.icog.es\/TyT\/index.php\/2015\/04\/cena-coloquio-de-navidad-2014\/\" \/>\r\n<meta property=\"og:locale\" content=\"es_ES\" \/>\r\n<meta property=\"og:type\" content=\"article\" \/>\r\n<meta property=\"og:title\" content=\"Cena-coloquio de Navidad 2014 - Colegio de Ge\u00f3logos\" \/>\r\n<meta property=\"og:description\" content=\"Texto | Jose Luis Barrera. ICOG\u00a0Fotograf\u00edas | Yolanda Garc\u00eda. ICOG Desde el mes de noviembre, la Junta de Gobierno del ICOG program\u00f3 la cena anual de Navidad para el martes 16 de diciembre, a las 20:00 h, que se celebr\u00f3 en la sede central de Madrid, en la calle Raquel Meller, 7. Entre colegiados e [&hellip;]\" \/>\r\n<meta property=\"og:url\" content=\"https:\/\/www.icog.es\/TyT\/index.php\/2015\/04\/cena-coloquio-de-navidad-2014\/\" \/>\r\n<meta property=\"og:site_name\" content=\"Tierra y Tecnolog\u00eda\" \/>\r\n<meta property=\"article:publisher\" content=\"https:\/\/www.facebook.com\/CGEOLOGOS\" \/>\r\n<meta property=\"article:published_time\" content=\"2015-04-28T09:50:39+00:00\" \/>\r\n<meta property=\"article:modified_time\" content=\"2016-09-06T12:59:45+00:00\" \/>\r\n<meta property=\"og:image\" content=\"https:\/\/www.icog.es\/TyT\/wp-content\/uploads\/2016\/02\/CENA2014-e1455098846718.jpg\" \/>\r\n\t<meta property=\"og:image:width\" content=\"601\" \/>\r\n\t<meta property=\"og:image:height\" content=\"398\" \/>\r\n\t<meta property=\"og:image:type\" content=\"image\/jpeg\" \/>\r\n<meta name=\"author\" content=\"Jos\u00e9 Luis Barrera Morate\" \/>\r\n<meta name=\"twitter:card\" content=\"summary_large_image\" \/>\r\n<meta name=\"twitter:creator\" content=\"@cgeologos\" \/>\r\n<meta name=\"twitter:site\" content=\"@cgeologos\" \/>\r\n<meta name=\"twitter:label1\" content=\"Escrito por\" \/>\n\t<meta name=\"twitter:data1\" content=\"Jos\u00e9 Luis Barrera Morate\" \/>\n\t<meta name=\"twitter:label2\" content=\"Tiempo de lectura\" \/>\n\t<meta name=\"twitter:data2\" content=\"10 minutos\" \/>\r\n<script type=\"application\/ld+json\" class=\"yoast-schema-graph\">{\"@context\":\"https:\/\/schema.org\",\"@graph\":[{\"@type\":\"Article\",\"@id\":\"https:\/\/www.icog.es\/TyT\/index.php\/2015\/04\/cena-coloquio-de-navidad-2014\/#article\",\"isPartOf\":{\"@id\":\"https:\/\/www.icog.es\/TyT\/index.php\/2015\/04\/cena-coloquio-de-navidad-2014\/\"},\"author\":{\"name\":\"Jos\u00e9 Luis Barrera Morate\",\"@id\":\"https:\/\/www.icog.es\/TyT\/#\/schema\/person\/18bfa8056e4b3ea39eeafc4e3d8d52d0\"},\"headline\":\"Cena-coloquio de Navidad 2014\",\"datePublished\":\"2015-04-28T09:50:39+00:00\",\"dateModified\":\"2016-09-06T12:59:45+00:00\",\"mainEntityOfPage\":{\"@id\":\"https:\/\/www.icog.es\/TyT\/index.php\/2015\/04\/cena-coloquio-de-navidad-2014\/\"},\"wordCount\":1933,\"commentCount\":1,\"publisher\":{\"@id\":\"https:\/\/www.icog.es\/TyT\/#organization\"},\"image\":{\"@id\":\"https:\/\/www.icog.es\/TyT\/index.php\/2015\/04\/cena-coloquio-de-navidad-2014\/#primaryimage\"},\"thumbnailUrl\":\"https:\/\/www.icog.es\/TyT\/wp-content\/uploads\/2016\/02\/CENA2014-e1455098846718.jpg\",\"keywords\":[\"c\u00f3ctel\",\"Navidad\",\"Navidad 2014\"],\"articleSection\":[\"Novedades ICOG\",\"T&amp;T 45\"],\"inLanguage\":\"es\",\"potentialAction\":[{\"@type\":\"CommentAction\",\"name\":\"Comment\",\"target\":[\"https:\/\/www.icog.es\/TyT\/index.php\/2015\/04\/cena-coloquio-de-navidad-2014\/#respond\"]}]},{\"@type\":\"WebPage\",\"@id\":\"https:\/\/www.icog.es\/TyT\/index.php\/2015\/04\/cena-coloquio-de-navidad-2014\/\",\"url\":\"https:\/\/www.icog.es\/TyT\/index.php\/2015\/04\/cena-coloquio-de-navidad-2014\/\",\"name\":\"Cena-coloquio de Navidad 2014 - Colegio de Ge\u00f3logos\",\"isPartOf\":{\"@id\":\"https:\/\/www.icog.es\/TyT\/#website\"},\"primaryImageOfPage\":{\"@id\":\"https:\/\/www.icog.es\/TyT\/index.php\/2015\/04\/cena-coloquio-de-navidad-2014\/#primaryimage\"},\"image\":{\"@id\":\"https:\/\/www.icog.es\/TyT\/index.php\/2015\/04\/cena-coloquio-de-navidad-2014\/#primaryimage\"},\"thumbnailUrl\":\"https:\/\/www.icog.es\/TyT\/wp-content\/uploads\/2016\/02\/CENA2014-e1455098846718.jpg\",\"datePublished\":\"2015-04-28T09:50:39+00:00\",\"dateModified\":\"2016-09-06T12:59:45+00:00\",\"breadcrumb\":{\"@id\":\"https:\/\/www.icog.es\/TyT\/index.php\/2015\/04\/cena-coloquio-de-navidad-2014\/#breadcrumb\"},\"inLanguage\":\"es\",\"potentialAction\":[{\"@type\":\"ReadAction\",\"target\":[\"https:\/\/www.icog.es\/TyT\/index.php\/2015\/04\/cena-coloquio-de-navidad-2014\/\"]}]},{\"@type\":\"ImageObject\",\"inLanguage\":\"es\",\"@id\":\"https:\/\/www.icog.es\/TyT\/index.php\/2015\/04\/cena-coloquio-de-navidad-2014\/#primaryimage\",\"url\":\"https:\/\/www.icog.es\/TyT\/wp-content\/uploads\/2016\/02\/CENA2014-e1455098846718.jpg\",\"contentUrl\":\"https:\/\/www.icog.es\/TyT\/wp-content\/uploads\/2016\/02\/CENA2014-e1455098846718.jpg\",\"width\":601,\"height\":398},{\"@type\":\"BreadcrumbList\",\"@id\":\"https:\/\/www.icog.es\/TyT\/index.php\/2015\/04\/cena-coloquio-de-navidad-2014\/#breadcrumb\",\"itemListElement\":[{\"@type\":\"ListItem\",\"position\":1,\"name\":\"Portada\",\"item\":\"https:\/\/www.icog.es\/TyT\/\"},{\"@type\":\"ListItem\",\"position\":2,\"name\":\"Cena-coloquio de Navidad 2014\"}]},{\"@type\":\"WebSite\",\"@id\":\"https:\/\/www.icog.es\/TyT\/#website\",\"url\":\"https:\/\/www.icog.es\/TyT\/\",\"name\":\"Tierra y Tecnolog\u00eda\",\"description\":\"Revista de informaci\u00f3n geol\u00f3gica\",\"publisher\":{\"@id\":\"https:\/\/www.icog.es\/TyT\/#organization\"},\"potentialAction\":[{\"@type\":\"SearchAction\",\"target\":{\"@type\":\"EntryPoint\",\"urlTemplate\":\"https:\/\/www.icog.es\/TyT\/?s={search_term_string}\"},\"query-input\":{\"@type\":\"PropertyValueSpecification\",\"valueRequired\":true,\"valueName\":\"search_term_string\"}}],\"inLanguage\":\"es\"},{\"@type\":\"Organization\",\"@id\":\"https:\/\/www.icog.es\/TyT\/#organization\",\"name\":\"Tierra y Tecnolog\u00eda - Colegio de Ge\u00f3logos\",\"url\":\"https:\/\/www.icog.es\/TyT\/\",\"logo\":{\"@type\":\"ImageObject\",\"inLanguage\":\"es\",\"@id\":\"https:\/\/www.icog.es\/TyT\/#\/schema\/logo\/image\/\",\"url\":\"https:\/\/www.icog.es\/TyT\/wp-content\/uploads\/2013\/02\/logotytmini.jpg\",\"contentUrl\":\"https:\/\/www.icog.es\/TyT\/wp-content\/uploads\/2013\/02\/logotytmini.jpg\",\"width\":325,\"height\":127,\"caption\":\"Tierra y Tecnolog\u00eda - Colegio de Ge\u00f3logos\"},\"image\":{\"@id\":\"https:\/\/www.icog.es\/TyT\/#\/schema\/logo\/image\/\"},\"sameAs\":[\"https:\/\/www.facebook.com\/CGEOLOGOS\",\"https:\/\/x.com\/cgeologos\",\"https:\/\/www.linkedin.com\/company\/colegio-oficial-de-ge-logos\",\"https:\/\/www.pinterest.com\/cgeologos\/\",\"http:\/\/www.youtube.com\/ICOGtv\"]},{\"@type\":\"Person\",\"@id\":\"https:\/\/www.icog.es\/TyT\/#\/schema\/person\/18bfa8056e4b3ea39eeafc4e3d8d52d0\",\"name\":\"Jos\u00e9 Luis Barrera Morate\",\"image\":{\"@type\":\"ImageObject\",\"inLanguage\":\"es\",\"@id\":\"https:\/\/www.icog.es\/TyT\/#\/schema\/person\/image\/\",\"url\":\"https:\/\/secure.gravatar.com\/avatar\/b5b491d3dbd785e74219a23cbb07afaf41a88f7a4a8f897fb738e5755102ebfb?s=96&d=identicon&r=g\",\"contentUrl\":\"https:\/\/secure.gravatar.com\/avatar\/b5b491d3dbd785e74219a23cbb07afaf41a88f7a4a8f897fb738e5755102ebfb?s=96&d=identicon&r=g\",\"caption\":\"Jos\u00e9 Luis Barrera Morate\"},\"description\":\"Licenciado en CC Geologicas (UCM). Especialidad Petrolog\u00eda \u00edgnea. Profesor contratado durante 9 a\u00f1os por la Facultad de CC Geologicas para impartir clases pr\u00e1cticas de Petrolog\u00eda \u00edgnea y metam\u00f3rfica. Trabaj\u00f3 con el equipo del profesor Fuster en proyectos de investigaci\u00f3n del CSIC en la vulcanologia de Canarias (en Fuerteventura), desde el a\u00f1o 1975 hasta 1981. Director Gerente de la compa\u00f1\u00eda consultora de geolog\u00eda y medio ambiente GEOPRIN S.A. Durante su mandato se realiz\u00f3 el 80% de la cartograf\u00eda del Plan Magna de las islas Canarias. Personalmente firm\u00f3 54 hojas a escala 1:50.000, por lo que el IGME le distingui\u00f3 por ser el ge\u00f3logo espa\u00f1ol que m\u00e1s hojas MAGNA (2\u00aa serie) hab\u00eda firmado. En 1995-97, realizo un estudio del volcanismo de la provincia de Ciudad Real, para su protecci\u00f3n medioambiental (JCCM). Fue el asesor vulcanol\u00f3gico del proyecto del Sondeo surgente de Granatula de Calatrava, realizado por EPTISA. Ha dado cursos de Riesgo volc\u00e1nico en la Universidad de El Salvador Coautor de los cap\u00edtulos sobre \u201cLa peligrosidad volc\u00e1nica\u201d y sobre \u201cMedidas estructurales y no estructurales ante el riesgo volc\u00e1nico\u201d del libro Riesgos naturales. Una perspectiva global. Entre el 2006 y el 2014 realiz\u00f3 las gu\u00edas geol\u00f3gicas de los cuatro Parques Nacionales canarios (Teide, Timanfaya, Taburiente y Garajonay). Ha sido vicepresidente del ICOG desde 1996 hasta 2014. Miembro de la Junta de Gobierno de la ONG Ge\u00f3logos del Mundo. Vocal de la Sociedad Espa\u00f1ola de Historia de Las Ciencias y T\u00e9cnicas (SEHCYT) y miembro del Comit\u00e9 editorial de su revista LLul . Consejero del Consejo Nacional de Bosques. Presidente de las Tertulias del Geoforo (ICOG) hasta el a\u00f1o 2015 y editor de las publicaciones del ICOG (desde 2003 a 2015 director de la revista Tierra &amp; Tecnolog\u00eda).\",\"url\":\"https:\/\/www.icog.es\/TyT\/index.php\/author\/jose-luis\/\"}]}<\/script>\r\n<!-- \/ Yoast SEO plugin. -->","yoast_head_json":{"title":"Cena-coloquio de Navidad 2014 - Colegio de Ge\u00f3logos","robots":{"index":"index","follow":"follow","max-snippet":"max-snippet:-1","max-image-preview":"max-image-preview:large","max-video-preview":"max-video-preview:-1"},"canonical":"https:\/\/www.icog.es\/TyT\/index.php\/2015\/04\/cena-coloquio-de-navidad-2014\/","og_locale":"es_ES","og_type":"article","og_title":"Cena-coloquio de Navidad 2014 - Colegio de Ge\u00f3logos","og_description":"Texto | Jose Luis Barrera. ICOG\u00a0Fotograf\u00edas | Yolanda Garc\u00eda. ICOG Desde el mes de noviembre, la Junta de Gobierno del ICOG program\u00f3 la cena anual de Navidad para el martes 16 de diciembre, a las 20:00 h, que se celebr\u00f3 en la sede central de Madrid, en la calle Raquel Meller, 7. Entre colegiados e [&hellip;]","og_url":"https:\/\/www.icog.es\/TyT\/index.php\/2015\/04\/cena-coloquio-de-navidad-2014\/","og_site_name":"Tierra y Tecnolog\u00eda","article_publisher":"https:\/\/www.facebook.com\/CGEOLOGOS","article_published_time":"2015-04-28T09:50:39+00:00","article_modified_time":"2016-09-06T12:59:45+00:00","og_image":[{"width":601,"height":398,"url":"https:\/\/www.icog.es\/TyT\/wp-content\/uploads\/2016\/02\/CENA2014-e1455098846718.jpg","type":"image\/jpeg"}],"author":"Jos\u00e9 Luis Barrera Morate","twitter_card":"summary_large_image","twitter_creator":"@cgeologos","twitter_site":"@cgeologos","twitter_misc":{"Escrito por":"Jos\u00e9 Luis Barrera Morate","Tiempo de lectura":"10 minutos"},"schema":{"@context":"https:\/\/schema.org","@graph":[{"@type":"Article","@id":"https:\/\/www.icog.es\/TyT\/index.php\/2015\/04\/cena-coloquio-de-navidad-2014\/#article","isPartOf":{"@id":"https:\/\/www.icog.es\/TyT\/index.php\/2015\/04\/cena-coloquio-de-navidad-2014\/"},"author":{"name":"Jos\u00e9 Luis Barrera Morate","@id":"https:\/\/www.icog.es\/TyT\/#\/schema\/person\/18bfa8056e4b3ea39eeafc4e3d8d52d0"},"headline":"Cena-coloquio de Navidad 2014","datePublished":"2015-04-28T09:50:39+00:00","dateModified":"2016-09-06T12:59:45+00:00","mainEntityOfPage":{"@id":"https:\/\/www.icog.es\/TyT\/index.php\/2015\/04\/cena-coloquio-de-navidad-2014\/"},"wordCount":1933,"commentCount":1,"publisher":{"@id":"https:\/\/www.icog.es\/TyT\/#organization"},"image":{"@id":"https:\/\/www.icog.es\/TyT\/index.php\/2015\/04\/cena-coloquio-de-navidad-2014\/#primaryimage"},"thumbnailUrl":"https:\/\/www.icog.es\/TyT\/wp-content\/uploads\/2016\/02\/CENA2014-e1455098846718.jpg","keywords":["c\u00f3ctel","Navidad","Navidad 2014"],"articleSection":["Novedades ICOG","T&amp;T 45"],"inLanguage":"es","potentialAction":[{"@type":"CommentAction","name":"Comment","target":["https:\/\/www.icog.es\/TyT\/index.php\/2015\/04\/cena-coloquio-de-navidad-2014\/#respond"]}]},{"@type":"WebPage","@id":"https:\/\/www.icog.es\/TyT\/index.php\/2015\/04\/cena-coloquio-de-navidad-2014\/","url":"https:\/\/www.icog.es\/TyT\/index.php\/2015\/04\/cena-coloquio-de-navidad-2014\/","name":"Cena-coloquio de Navidad 2014 - Colegio de Ge\u00f3logos","isPartOf":{"@id":"https:\/\/www.icog.es\/TyT\/#website"},"primaryImageOfPage":{"@id":"https:\/\/www.icog.es\/TyT\/index.php\/2015\/04\/cena-coloquio-de-navidad-2014\/#primaryimage"},"image":{"@id":"https:\/\/www.icog.es\/TyT\/index.php\/2015\/04\/cena-coloquio-de-navidad-2014\/#primaryimage"},"thumbnailUrl":"https:\/\/www.icog.es\/TyT\/wp-content\/uploads\/2016\/02\/CENA2014-e1455098846718.jpg","datePublished":"2015-04-28T09:50:39+00:00","dateModified":"2016-09-06T12:59:45+00:00","breadcrumb":{"@id":"https:\/\/www.icog.es\/TyT\/index.php\/2015\/04\/cena-coloquio-de-navidad-2014\/#breadcrumb"},"inLanguage":"es","potentialAction":[{"@type":"ReadAction","target":["https:\/\/www.icog.es\/TyT\/index.php\/2015\/04\/cena-coloquio-de-navidad-2014\/"]}]},{"@type":"ImageObject","inLanguage":"es","@id":"https:\/\/www.icog.es\/TyT\/index.php\/2015\/04\/cena-coloquio-de-navidad-2014\/#primaryimage","url":"https:\/\/www.icog.es\/TyT\/wp-content\/uploads\/2016\/02\/CENA2014-e1455098846718.jpg","contentUrl":"https:\/\/www.icog.es\/TyT\/wp-content\/uploads\/2016\/02\/CENA2014-e1455098846718.jpg","width":601,"height":398},{"@type":"BreadcrumbList","@id":"https:\/\/www.icog.es\/TyT\/index.php\/2015\/04\/cena-coloquio-de-navidad-2014\/#breadcrumb","itemListElement":[{"@type":"ListItem","position":1,"name":"Portada","item":"https:\/\/www.icog.es\/TyT\/"},{"@type":"ListItem","position":2,"name":"Cena-coloquio de Navidad 2014"}]},{"@type":"WebSite","@id":"https:\/\/www.icog.es\/TyT\/#website","url":"https:\/\/www.icog.es\/TyT\/","name":"Tierra y Tecnolog\u00eda","description":"Revista de informaci\u00f3n geol\u00f3gica","publisher":{"@id":"https:\/\/www.icog.es\/TyT\/#organization"},"potentialAction":[{"@type":"SearchAction","target":{"@type":"EntryPoint","urlTemplate":"https:\/\/www.icog.es\/TyT\/?s={search_term_string}"},"query-input":{"@type":"PropertyValueSpecification","valueRequired":true,"valueName":"search_term_string"}}],"inLanguage":"es"},{"@type":"Organization","@id":"https:\/\/www.icog.es\/TyT\/#organization","name":"Tierra y Tecnolog\u00eda - Colegio de Ge\u00f3logos","url":"https:\/\/www.icog.es\/TyT\/","logo":{"@type":"ImageObject","inLanguage":"es","@id":"https:\/\/www.icog.es\/TyT\/#\/schema\/logo\/image\/","url":"https:\/\/www.icog.es\/TyT\/wp-content\/uploads\/2013\/02\/logotytmini.jpg","contentUrl":"https:\/\/www.icog.es\/TyT\/wp-content\/uploads\/2013\/02\/logotytmini.jpg","width":325,"height":127,"caption":"Tierra y Tecnolog\u00eda - Colegio de Ge\u00f3logos"},"image":{"@id":"https:\/\/www.icog.es\/TyT\/#\/schema\/logo\/image\/"},"sameAs":["https:\/\/www.facebook.com\/CGEOLOGOS","https:\/\/x.com\/cgeologos","https:\/\/www.linkedin.com\/company\/colegio-oficial-de-ge-logos","https:\/\/www.pinterest.com\/cgeologos\/","http:\/\/www.youtube.com\/ICOGtv"]},{"@type":"Person","@id":"https:\/\/www.icog.es\/TyT\/#\/schema\/person\/18bfa8056e4b3ea39eeafc4e3d8d52d0","name":"Jos\u00e9 Luis Barrera Morate","image":{"@type":"ImageObject","inLanguage":"es","@id":"https:\/\/www.icog.es\/TyT\/#\/schema\/person\/image\/","url":"https:\/\/secure.gravatar.com\/avatar\/b5b491d3dbd785e74219a23cbb07afaf41a88f7a4a8f897fb738e5755102ebfb?s=96&d=identicon&r=g","contentUrl":"https:\/\/secure.gravatar.com\/avatar\/b5b491d3dbd785e74219a23cbb07afaf41a88f7a4a8f897fb738e5755102ebfb?s=96&d=identicon&r=g","caption":"Jos\u00e9 Luis Barrera Morate"},"description":"Licenciado en CC Geologicas (UCM). Especialidad Petrolog\u00eda \u00edgnea. Profesor contratado durante 9 a\u00f1os por la Facultad de CC Geologicas para impartir clases pr\u00e1cticas de Petrolog\u00eda \u00edgnea y metam\u00f3rfica. Trabaj\u00f3 con el equipo del profesor Fuster en proyectos de investigaci\u00f3n del CSIC en la vulcanologia de Canarias (en Fuerteventura), desde el a\u00f1o 1975 hasta 1981. Director Gerente de la compa\u00f1\u00eda consultora de geolog\u00eda y medio ambiente GEOPRIN S.A. Durante su mandato se realiz\u00f3 el 80% de la cartograf\u00eda del Plan Magna de las islas Canarias. Personalmente firm\u00f3 54 hojas a escala 1:50.000, por lo que el IGME le distingui\u00f3 por ser el ge\u00f3logo espa\u00f1ol que m\u00e1s hojas MAGNA (2\u00aa serie) hab\u00eda firmado. En 1995-97, realizo un estudio del volcanismo de la provincia de Ciudad Real, para su protecci\u00f3n medioambiental (JCCM). Fue el asesor vulcanol\u00f3gico del proyecto del Sondeo surgente de Granatula de Calatrava, realizado por EPTISA. Ha dado cursos de Riesgo volc\u00e1nico en la Universidad de El Salvador Coautor de los cap\u00edtulos sobre \u201cLa peligrosidad volc\u00e1nica\u201d y sobre \u201cMedidas estructurales y no estructurales ante el riesgo volc\u00e1nico\u201d del libro Riesgos naturales. Una perspectiva global. Entre el 2006 y el 2014 realiz\u00f3 las gu\u00edas geol\u00f3gicas de los cuatro Parques Nacionales canarios (Teide, Timanfaya, Taburiente y Garajonay). Ha sido vicepresidente del ICOG desde 1996 hasta 2014. Miembro de la Junta de Gobierno de la ONG Ge\u00f3logos del Mundo. Vocal de la Sociedad Espa\u00f1ola de Historia de Las Ciencias y T\u00e9cnicas (SEHCYT) y miembro del Comit\u00e9 editorial de su revista LLul . Consejero del Consejo Nacional de Bosques. Presidente de las Tertulias del Geoforo (ICOG) hasta el a\u00f1o 2015 y editor de las publicaciones del ICOG (desde 2003 a 2015 director de la revista Tierra &amp; Tecnolog\u00eda).","url":"https:\/\/www.icog.es\/TyT\/index.php\/author\/jose-luis\/"}]}},"_links":{"self":[{"href":"https:\/\/www.icog.es\/TyT\/index.php\/wp-json\/wp\/v2\/posts\/4789","targetHints":{"allow":["GET"]}}],"collection":[{"href":"https:\/\/www.icog.es\/TyT\/index.php\/wp-json\/wp\/v2\/posts"}],"about":[{"href":"https:\/\/www.icog.es\/TyT\/index.php\/wp-json\/wp\/v2\/types\/post"}],"author":[{"embeddable":true,"href":"https:\/\/www.icog.es\/TyT\/index.php\/wp-json\/wp\/v2\/users\/7"}],"replies":[{"embeddable":true,"href":"https:\/\/www.icog.es\/TyT\/index.php\/wp-json\/wp\/v2\/comments?post=4789"}],"version-history":[{"count":0,"href":"https:\/\/www.icog.es\/TyT\/index.php\/wp-json\/wp\/v2\/posts\/4789\/revisions"}],"wp:featuredmedia":[{"embeddable":true,"href":"https:\/\/www.icog.es\/TyT\/index.php\/wp-json\/wp\/v2\/media\/4799"}],"wp:attachment":[{"href":"https:\/\/www.icog.es\/TyT\/index.php\/wp-json\/wp\/v2\/media?parent=4789"}],"wp:term":[{"taxonomy":"category","embeddable":true,"href":"https:\/\/www.icog.es\/TyT\/index.php\/wp-json\/wp\/v2\/categories?post=4789"},{"taxonomy":"post_tag","embeddable":true,"href":"https:\/\/www.icog.es\/TyT\/index.php\/wp-json\/wp\/v2\/tags?post=4789"}],"curies":[{"name":"wp","href":"https:\/\/api.w.org\/{rel}","templated":true}]}}