{"id":2153,"date":"2015-04-20T18:17:39","date_gmt":"2015-04-20T18:17:39","guid":{"rendered":"http:\/\/www.icog.es\/TyT\/?p=2153"},"modified":"2019-04-26T11:37:50","modified_gmt":"2019-04-26T11:37:50","slug":"el-peligro-bajo-el-hielo","status":"publish","type":"post","link":"https:\/\/www.icog.es\/TyT\/index.php\/2015\/04\/el-peligro-bajo-el-hielo\/","title":{"rendered":"El peligro bajo el hielo"},"content":{"rendered":"<p style=\"text-align: justify;\"><strong><img loading=\"lazy\" decoding=\"async\" class=\"size-full wp-image-2154 alignleft\" src=\"http:\/\/www.icog.es\/TyT\/wp-content\/uploads\/2016\/01\/hielofuego1-300x236-e1454178569131.jpg\" alt=\"hielofuego1-300x236\" width=\"300\" height=\"236\" \/>Autora: Carla Delgado. Ge\u00f3loga<\/strong> | No es la primera vez que o\u00edmos hablar a los expertos en los medios de comunicaci\u00f3n acerca del cambio clim\u00e1tico, de mil maneras distintas, y no tantos saben que dentro de los glaciares y los polos hay m\u00e1s que puro hielo.<\/p>\n<p style=\"text-align: justify;\">Dentro de las zonas heladas del planeta, se encuentran capas en las que existe una mayor concentraci\u00f3n de metano (CH4), y en las que se observa que dicho gas est\u00e1 integrado en la estructura molecular del agua. A \u00e9ste compuesto se le denomina \u201ccaltrato de metano\u201d o \u201chidrato de metano\u201d. Aunque las acumulaciones de \u00e9ste compuesto se realizan en el hielo, es posible encontrar \u00e9sta clase de dep\u00f3sitos en otros lugares.<\/p>\n<p style=\"text-align: justify;\">Los caltratos de metano se originan por el arrastre de material org\u00e1nico hacia el fondo del oc\u00e9ano, y el metano que libera, queda atrapado por la estructura del agua al congelarse. Por lo general, \u00e9ste proceso se da en ciclos, y los clatratos quedan dispuestos en capas, como en una serie sedimentaria normal.<\/p>\n<p style=\"text-align: justify;\">El problema con los hidratos de metano se da al pensar en el cambio clim\u00e1tico. Ya con saber que el metano es un gas, y que se encuentra atrapado en el hielo, nos da una idea del problema que conlleva este tipo de compuesto y d\u00f3nde se ubica habitualmente. La teor\u00eda se basa en el deshielo de los polos, provocado por el cambio clim\u00e1tico. Hasta ah\u00ed, todo normal, hasta que uno se da cuenta de que dentro del hielo hay m\u00e1s gases de efecto invernadero, y que el hielo, al descongelarse, provoca una liberaci\u00f3n de dicho metano. \u00c9sta hip\u00f3tesis en la actualidad est\u00e1 siendo estudiada, aunque hay pruebas \u00a0de que \u00a0\u00e9ste fen\u00f3meno se produce en cantidades considerables. La parte interesante de los hidratos de metano es que no s\u00f3lo se tratan de una posible amenaza para el medio ambiente, sino que pueden ser aprovechados para la explotaci\u00f3n como combustible.<\/p>\n<p style=\"text-align: justify;\">Sin ir m\u00e1s lejos, en el Golfo de C\u00e1diz, se han encontrado dep\u00f3sitos de \u00e9ste tipo, en forma de \u201cvolcanes de fango\u201d submarinos. En \u00e9ste caso, se producen emisiones de metano, pero las bacterias que viven alrededor consumen la mayor\u00eda de lo que se emite. Las condiciones en las que se encuentran dichos dep\u00f3sitos, tales como el empuje entre las placas euroasi\u00e1tca y africana, las corrientes que dominan el Golfo y las condiciones biol\u00f3gicas del medio, dan como resultado unas acumulaciones \u00fanicas de hidrato de metano.<\/p>\n","protected":false},"excerpt":{"rendered":"<p>Autora: Carla Delgado. Ge\u00f3loga | No es la primera vez que o\u00edmos hablar a los expertos en los medios de comunicaci\u00f3n acerca del cambio clim\u00e1tico, de mil maneras distintas, y no tantos saben que dentro de los glaciares y los polos hay m\u00e1s que puro hielo. Dentro de las zonas heladas del planeta, se encuentran [&hellip;]<\/p>\n","protected":false},"author":2,"featured_media":7588,"comment_status":"open","ping_status":"open","sticky":false,"template":"","format":"video","meta":{"tdm_status":"","tdm_grid_status":"","footnotes":""},"categories":[244,341],"tags":[165,351,352,353],"class_list":{"0":"post-2153","1":"post","2":"type-post","3":"status-publish","4":"format-video","5":"has-post-thumbnail","7":"category-riesgos","8":"category-tt-45","9":"tag-cambio-climatico","10":"tag-hielo","11":"tag-metano","12":"tag-volcanes-de-fango","13":"post_format-post-format-video"},"yoast_head":"<!-- This site is optimized with the Yoast SEO plugin v27.0 - https:\/\/yoast.com\/product\/yoast-seo-wordpress\/ -->\r\n<title>El peligro bajo el hielo - Tierra y Tecnolog\u00eda<\/title>\r\n<meta name=\"description\" content=\"Los caltratos de metano se originan por el arrastre de material org\u00e1nico hacia el fondo del oc\u00e9ano, y el metano que libera, queda atrapado por la estructura del agua al congelarse.\u00a0\" \/>\r\n<meta name=\"robots\" content=\"index, follow, max-snippet:-1, max-image-preview:large, max-video-preview:-1\" \/>\r\n<link rel=\"canonical\" href=\"https:\/\/www.icog.es\/TyT\/index.php\/2015\/04\/el-peligro-bajo-el-hielo\/\" \/>\r\n<meta property=\"og:locale\" content=\"es_ES\" \/>\r\n<meta property=\"og:type\" content=\"article\" \/>\r\n<meta property=\"og:title\" content=\"El peligro bajo el hielo\" \/>\r\n<meta property=\"og:description\" content=\"Los caltratos de metano se originan por el arrastre de material org\u00e1nico hacia el fondo del oc\u00e9ano, y el metano que libera, queda atrapado por la estructura del agua al congelarse.\" \/>\r\n<meta property=\"og:url\" content=\"https:\/\/www.icog.es\/TyT\/index.php\/2015\/04\/el-peligro-bajo-el-hielo\/\" \/>\r\n<meta property=\"og:site_name\" content=\"Tierra y Tecnolog\u00eda\" \/>\r\n<meta property=\"article:publisher\" content=\"https:\/\/www.facebook.com\/CGEOLOGOS\" \/>\r\n<meta property=\"article:author\" content=\"https:\/\/www.facebook.com\/CGEOLOGOS\" \/>\r\n<meta property=\"article:published_time\" content=\"2015-04-20T18:17:39+00:00\" \/>\r\n<meta property=\"article:modified_time\" content=\"2019-04-26T11:37:50+00:00\" \/>\r\n<meta property=\"og:image\" content=\"https:\/\/www.icog.es\/TyT\/wp-content\/uploads\/2016\/01\/hielofuego1-300x236-e1454178569131.jpg\" \/>\r\n\t<meta property=\"og:image:width\" content=\"300\" \/>\r\n\t<meta property=\"og:image:height\" content=\"236\" \/>\r\n\t<meta property=\"og:image:type\" content=\"image\/jpeg\" \/>\r\n<meta name=\"author\" content=\"Redacci\u00f3n\" \/>\r\n<meta name=\"twitter:card\" content=\"summary_large_image\" \/>\r\n<meta name=\"twitter:title\" content=\"El peligro bajo el hielo\" \/>\r\n<meta name=\"twitter:description\" content=\"Los caltratos de metano se originan por el arrastre de material org\u00e1nico hacia el fondo del oc\u00e9ano, y el metano que libera, queda atrapado por la estructura del agua al congelarse.\" \/>\r\n<meta name=\"twitter:image\" content=\"http:\/\/www.icog.es\/TyT\/wp-content\/uploads\/2016\/01\/hielofuego1-300x236-e1454178569131.jpg\" \/>\r\n<meta name=\"twitter:creator\" content=\"@https:\/\/twitter.com\/cgeologos\" \/>\r\n<meta name=\"twitter:site\" content=\"@cgeologos\" \/>\r\n<meta name=\"twitter:label1\" content=\"Escrito por\" \/>\n\t<meta name=\"twitter:data1\" content=\"Redacci\u00f3n\" \/>\n\t<meta name=\"twitter:label2\" content=\"Tiempo de lectura\" \/>\n\t<meta name=\"twitter:data2\" content=\"2 minutos\" \/>\r\n<script type=\"application\/ld+json\" class=\"yoast-schema-graph\">{\"@context\":\"https:\/\/schema.org\",\"@graph\":[{\"@type\":\"Article\",\"@id\":\"https:\/\/www.icog.es\/TyT\/index.php\/2015\/04\/el-peligro-bajo-el-hielo\/#article\",\"isPartOf\":{\"@id\":\"https:\/\/www.icog.es\/TyT\/index.php\/2015\/04\/el-peligro-bajo-el-hielo\/\"},\"author\":{\"name\":\"Redacci\u00f3n\",\"@id\":\"https:\/\/www.icog.es\/TyT\/#\/schema\/person\/590cfb5c1b7b4e4b350d60316033e853\"},\"headline\":\"El peligro bajo el hielo\",\"datePublished\":\"2015-04-20T18:17:39+00:00\",\"dateModified\":\"2019-04-26T11:37:50+00:00\",\"mainEntityOfPage\":{\"@id\":\"https:\/\/www.icog.es\/TyT\/index.php\/2015\/04\/el-peligro-bajo-el-hielo\/\"},\"wordCount\":435,\"commentCount\":0,\"publisher\":{\"@id\":\"https:\/\/www.icog.es\/TyT\/#organization\"},\"image\":{\"@id\":\"https:\/\/www.icog.es\/TyT\/index.php\/2015\/04\/el-peligro-bajo-el-hielo\/#primaryimage\"},\"thumbnailUrl\":\"https:\/\/www.icog.es\/TyT\/wp-content\/uploads\/2015\/04\/hqdefault-1.jpg\",\"keywords\":[\"Cambio Clim\u00e1tico\",\"hielo\",\"metano\",\"volcanes de fango\"],\"articleSection\":[\"Riesgos\",\"T&amp;T 45\"],\"inLanguage\":\"es\",\"potentialAction\":[{\"@type\":\"CommentAction\",\"name\":\"Comment\",\"target\":[\"https:\/\/www.icog.es\/TyT\/index.php\/2015\/04\/el-peligro-bajo-el-hielo\/#respond\"]}]},{\"@type\":\"WebPage\",\"@id\":\"https:\/\/www.icog.es\/TyT\/index.php\/2015\/04\/el-peligro-bajo-el-hielo\/\",\"url\":\"https:\/\/www.icog.es\/TyT\/index.php\/2015\/04\/el-peligro-bajo-el-hielo\/\",\"name\":\"El peligro bajo el hielo - Tierra y Tecnolog\u00eda\",\"isPartOf\":{\"@id\":\"https:\/\/www.icog.es\/TyT\/#website\"},\"primaryImageOfPage\":{\"@id\":\"https:\/\/www.icog.es\/TyT\/index.php\/2015\/04\/el-peligro-bajo-el-hielo\/#primaryimage\"},\"image\":{\"@id\":\"https:\/\/www.icog.es\/TyT\/index.php\/2015\/04\/el-peligro-bajo-el-hielo\/#primaryimage\"},\"thumbnailUrl\":\"https:\/\/www.icog.es\/TyT\/wp-content\/uploads\/2015\/04\/hqdefault-1.jpg\",\"datePublished\":\"2015-04-20T18:17:39+00:00\",\"dateModified\":\"2019-04-26T11:37:50+00:00\",\"description\":\"Los caltratos de metano se originan por el arrastre de material org\u00e1nico hacia el fondo del oc\u00e9ano, y el metano que libera, queda atrapado por la estructura del agua al congelarse.\u00a0\",\"breadcrumb\":{\"@id\":\"https:\/\/www.icog.es\/TyT\/index.php\/2015\/04\/el-peligro-bajo-el-hielo\/#breadcrumb\"},\"inLanguage\":\"es\",\"potentialAction\":[{\"@type\":\"ReadAction\",\"target\":[\"https:\/\/www.icog.es\/TyT\/index.php\/2015\/04\/el-peligro-bajo-el-hielo\/\"]}]},{\"@type\":\"ImageObject\",\"inLanguage\":\"es\",\"@id\":\"https:\/\/www.icog.es\/TyT\/index.php\/2015\/04\/el-peligro-bajo-el-hielo\/#primaryimage\",\"url\":\"https:\/\/www.icog.es\/TyT\/wp-content\/uploads\/2015\/04\/hqdefault-1.jpg\",\"contentUrl\":\"https:\/\/www.icog.es\/TyT\/wp-content\/uploads\/2015\/04\/hqdefault-1.jpg\",\"width\":480,\"height\":360},{\"@type\":\"BreadcrumbList\",\"@id\":\"https:\/\/www.icog.es\/TyT\/index.php\/2015\/04\/el-peligro-bajo-el-hielo\/#breadcrumb\",\"itemListElement\":[{\"@type\":\"ListItem\",\"position\":1,\"name\":\"Portada\",\"item\":\"https:\/\/www.icog.es\/TyT\/\"},{\"@type\":\"ListItem\",\"position\":2,\"name\":\"El peligro bajo el hielo\"}]},{\"@type\":\"WebSite\",\"@id\":\"https:\/\/www.icog.es\/TyT\/#website\",\"url\":\"https:\/\/www.icog.es\/TyT\/\",\"name\":\"Tierra y Tecnolog\u00eda\",\"description\":\"Revista de informaci\u00f3n geol\u00f3gica\",\"publisher\":{\"@id\":\"https:\/\/www.icog.es\/TyT\/#organization\"},\"potentialAction\":[{\"@type\":\"SearchAction\",\"target\":{\"@type\":\"EntryPoint\",\"urlTemplate\":\"https:\/\/www.icog.es\/TyT\/?s={search_term_string}\"},\"query-input\":{\"@type\":\"PropertyValueSpecification\",\"valueRequired\":true,\"valueName\":\"search_term_string\"}}],\"inLanguage\":\"es\"},{\"@type\":\"Organization\",\"@id\":\"https:\/\/www.icog.es\/TyT\/#organization\",\"name\":\"Tierra y Tecnolog\u00eda - Colegio de Ge\u00f3logos\",\"url\":\"https:\/\/www.icog.es\/TyT\/\",\"logo\":{\"@type\":\"ImageObject\",\"inLanguage\":\"es\",\"@id\":\"https:\/\/www.icog.es\/TyT\/#\/schema\/logo\/image\/\",\"url\":\"https:\/\/www.icog.es\/TyT\/wp-content\/uploads\/2013\/02\/logotytmini.jpg\",\"contentUrl\":\"https:\/\/www.icog.es\/TyT\/wp-content\/uploads\/2013\/02\/logotytmini.jpg\",\"width\":325,\"height\":127,\"caption\":\"Tierra y Tecnolog\u00eda - Colegio de Ge\u00f3logos\"},\"image\":{\"@id\":\"https:\/\/www.icog.es\/TyT\/#\/schema\/logo\/image\/\"},\"sameAs\":[\"https:\/\/www.facebook.com\/CGEOLOGOS\",\"https:\/\/x.com\/cgeologos\",\"https:\/\/www.linkedin.com\/company\/colegio-oficial-de-ge-logos\",\"https:\/\/www.pinterest.com\/cgeologos\/\",\"http:\/\/www.youtube.com\/ICOGtv\"]},{\"@type\":\"Person\",\"@id\":\"https:\/\/www.icog.es\/TyT\/#\/schema\/person\/590cfb5c1b7b4e4b350d60316033e853\",\"name\":\"Redacci\u00f3n\",\"image\":{\"@type\":\"ImageObject\",\"inLanguage\":\"es\",\"@id\":\"https:\/\/www.icog.es\/TyT\/#\/schema\/person\/image\/\",\"url\":\"https:\/\/secure.gravatar.com\/avatar\/f9c0ac81b2e8e690bee30ac3b42bf27f02e8dedc49686b871256e17dc7cd000b?s=96&d=identicon&r=g\",\"contentUrl\":\"https:\/\/secure.gravatar.com\/avatar\/f9c0ac81b2e8e690bee30ac3b42bf27f02e8dedc49686b871256e17dc7cd000b?s=96&d=identicon&r=g\",\"caption\":\"Redacci\u00f3n\"},\"description\":\"Tierra y Tecnolog\u00eda es una publicaci\u00f3n del Ilustre Colegio Oficial de Ge\u00f3logos (ICOG). El ICOG es una instituci\u00f3n sin finalidad lucrativa creada para la defensa y apoyo de los intereses de los Ge\u00f3logos, creada por Ley 73\/1978 de 26 de Diciembre, es una corporaci\u00f3n de Derecho P\u00fablico, amparada por Ley y reconocida por el Estado, con personalidad jur\u00eddica propia y capacidad plena para el ejercicio de sus funciones y cumplimiento de sus fines.\",\"sameAs\":[\"https:\/\/cgeologos.es\",\"https:\/\/www.facebook.com\/CGEOLOGOS\",\"https:\/\/www.linkedin.com\/company\/313811\",\"https:\/\/x.com\/https:\/\/twitter.com\/cgeologos\",\"http:\/\/www.youtube.com\/ICOGtv\"],\"url\":\"https:\/\/www.icog.es\/TyT\/index.php\/author\/jl-barrera\/\"}]}<\/script>\r\n<!-- \/ Yoast SEO plugin. -->","yoast_head_json":{"title":"El peligro bajo el hielo - Tierra y Tecnolog\u00eda","description":"Los caltratos de metano se originan por el arrastre de material org\u00e1nico hacia el fondo del oc\u00e9ano, y el metano que libera, queda atrapado por la estructura del agua al congelarse.\u00a0","robots":{"index":"index","follow":"follow","max-snippet":"max-snippet:-1","max-image-preview":"max-image-preview:large","max-video-preview":"max-video-preview:-1"},"canonical":"https:\/\/www.icog.es\/TyT\/index.php\/2015\/04\/el-peligro-bajo-el-hielo\/","og_locale":"es_ES","og_type":"article","og_title":"El peligro bajo el hielo","og_description":"Los caltratos de metano se originan por el arrastre de material org\u00e1nico hacia el fondo del oc\u00e9ano, y el metano que libera, queda atrapado por la estructura del agua al congelarse.","og_url":"https:\/\/www.icog.es\/TyT\/index.php\/2015\/04\/el-peligro-bajo-el-hielo\/","og_site_name":"Tierra y Tecnolog\u00eda","article_publisher":"https:\/\/www.facebook.com\/CGEOLOGOS","article_author":"https:\/\/www.facebook.com\/CGEOLOGOS","article_published_time":"2015-04-20T18:17:39+00:00","article_modified_time":"2019-04-26T11:37:50+00:00","og_image":[{"width":300,"height":236,"url":"https:\/\/www.icog.es\/TyT\/wp-content\/uploads\/2016\/01\/hielofuego1-300x236-e1454178569131.jpg","type":"image\/jpeg"}],"author":"Redacci\u00f3n","twitter_card":"summary_large_image","twitter_title":"El peligro bajo el hielo","twitter_description":"Los caltratos de metano se originan por el arrastre de material org\u00e1nico hacia el fondo del oc\u00e9ano, y el metano que libera, queda atrapado por la estructura del agua al congelarse.","twitter_image":"http:\/\/www.icog.es\/TyT\/wp-content\/uploads\/2016\/01\/hielofuego1-300x236-e1454178569131.jpg","twitter_creator":"@https:\/\/twitter.com\/cgeologos","twitter_site":"@cgeologos","twitter_misc":{"Escrito por":"Redacci\u00f3n","Tiempo de lectura":"2 minutos"},"schema":{"@context":"https:\/\/schema.org","@graph":[{"@type":"Article","@id":"https:\/\/www.icog.es\/TyT\/index.php\/2015\/04\/el-peligro-bajo-el-hielo\/#article","isPartOf":{"@id":"https:\/\/www.icog.es\/TyT\/index.php\/2015\/04\/el-peligro-bajo-el-hielo\/"},"author":{"name":"Redacci\u00f3n","@id":"https:\/\/www.icog.es\/TyT\/#\/schema\/person\/590cfb5c1b7b4e4b350d60316033e853"},"headline":"El peligro bajo el hielo","datePublished":"2015-04-20T18:17:39+00:00","dateModified":"2019-04-26T11:37:50+00:00","mainEntityOfPage":{"@id":"https:\/\/www.icog.es\/TyT\/index.php\/2015\/04\/el-peligro-bajo-el-hielo\/"},"wordCount":435,"commentCount":0,"publisher":{"@id":"https:\/\/www.icog.es\/TyT\/#organization"},"image":{"@id":"https:\/\/www.icog.es\/TyT\/index.php\/2015\/04\/el-peligro-bajo-el-hielo\/#primaryimage"},"thumbnailUrl":"https:\/\/www.icog.es\/TyT\/wp-content\/uploads\/2015\/04\/hqdefault-1.jpg","keywords":["Cambio Clim\u00e1tico","hielo","metano","volcanes de fango"],"articleSection":["Riesgos","T&amp;T 45"],"inLanguage":"es","potentialAction":[{"@type":"CommentAction","name":"Comment","target":["https:\/\/www.icog.es\/TyT\/index.php\/2015\/04\/el-peligro-bajo-el-hielo\/#respond"]}]},{"@type":"WebPage","@id":"https:\/\/www.icog.es\/TyT\/index.php\/2015\/04\/el-peligro-bajo-el-hielo\/","url":"https:\/\/www.icog.es\/TyT\/index.php\/2015\/04\/el-peligro-bajo-el-hielo\/","name":"El peligro bajo el hielo - Tierra y Tecnolog\u00eda","isPartOf":{"@id":"https:\/\/www.icog.es\/TyT\/#website"},"primaryImageOfPage":{"@id":"https:\/\/www.icog.es\/TyT\/index.php\/2015\/04\/el-peligro-bajo-el-hielo\/#primaryimage"},"image":{"@id":"https:\/\/www.icog.es\/TyT\/index.php\/2015\/04\/el-peligro-bajo-el-hielo\/#primaryimage"},"thumbnailUrl":"https:\/\/www.icog.es\/TyT\/wp-content\/uploads\/2015\/04\/hqdefault-1.jpg","datePublished":"2015-04-20T18:17:39+00:00","dateModified":"2019-04-26T11:37:50+00:00","description":"Los caltratos de metano se originan por el arrastre de material org\u00e1nico hacia el fondo del oc\u00e9ano, y el metano que libera, queda atrapado por la estructura del agua al congelarse.\u00a0","breadcrumb":{"@id":"https:\/\/www.icog.es\/TyT\/index.php\/2015\/04\/el-peligro-bajo-el-hielo\/#breadcrumb"},"inLanguage":"es","potentialAction":[{"@type":"ReadAction","target":["https:\/\/www.icog.es\/TyT\/index.php\/2015\/04\/el-peligro-bajo-el-hielo\/"]}]},{"@type":"ImageObject","inLanguage":"es","@id":"https:\/\/www.icog.es\/TyT\/index.php\/2015\/04\/el-peligro-bajo-el-hielo\/#primaryimage","url":"https:\/\/www.icog.es\/TyT\/wp-content\/uploads\/2015\/04\/hqdefault-1.jpg","contentUrl":"https:\/\/www.icog.es\/TyT\/wp-content\/uploads\/2015\/04\/hqdefault-1.jpg","width":480,"height":360},{"@type":"BreadcrumbList","@id":"https:\/\/www.icog.es\/TyT\/index.php\/2015\/04\/el-peligro-bajo-el-hielo\/#breadcrumb","itemListElement":[{"@type":"ListItem","position":1,"name":"Portada","item":"https:\/\/www.icog.es\/TyT\/"},{"@type":"ListItem","position":2,"name":"El peligro bajo el hielo"}]},{"@type":"WebSite","@id":"https:\/\/www.icog.es\/TyT\/#website","url":"https:\/\/www.icog.es\/TyT\/","name":"Tierra y Tecnolog\u00eda","description":"Revista de informaci\u00f3n geol\u00f3gica","publisher":{"@id":"https:\/\/www.icog.es\/TyT\/#organization"},"potentialAction":[{"@type":"SearchAction","target":{"@type":"EntryPoint","urlTemplate":"https:\/\/www.icog.es\/TyT\/?s={search_term_string}"},"query-input":{"@type":"PropertyValueSpecification","valueRequired":true,"valueName":"search_term_string"}}],"inLanguage":"es"},{"@type":"Organization","@id":"https:\/\/www.icog.es\/TyT\/#organization","name":"Tierra y Tecnolog\u00eda - Colegio de Ge\u00f3logos","url":"https:\/\/www.icog.es\/TyT\/","logo":{"@type":"ImageObject","inLanguage":"es","@id":"https:\/\/www.icog.es\/TyT\/#\/schema\/logo\/image\/","url":"https:\/\/www.icog.es\/TyT\/wp-content\/uploads\/2013\/02\/logotytmini.jpg","contentUrl":"https:\/\/www.icog.es\/TyT\/wp-content\/uploads\/2013\/02\/logotytmini.jpg","width":325,"height":127,"caption":"Tierra y Tecnolog\u00eda - Colegio de Ge\u00f3logos"},"image":{"@id":"https:\/\/www.icog.es\/TyT\/#\/schema\/logo\/image\/"},"sameAs":["https:\/\/www.facebook.com\/CGEOLOGOS","https:\/\/x.com\/cgeologos","https:\/\/www.linkedin.com\/company\/colegio-oficial-de-ge-logos","https:\/\/www.pinterest.com\/cgeologos\/","http:\/\/www.youtube.com\/ICOGtv"]},{"@type":"Person","@id":"https:\/\/www.icog.es\/TyT\/#\/schema\/person\/590cfb5c1b7b4e4b350d60316033e853","name":"Redacci\u00f3n","image":{"@type":"ImageObject","inLanguage":"es","@id":"https:\/\/www.icog.es\/TyT\/#\/schema\/person\/image\/","url":"https:\/\/secure.gravatar.com\/avatar\/f9c0ac81b2e8e690bee30ac3b42bf27f02e8dedc49686b871256e17dc7cd000b?s=96&d=identicon&r=g","contentUrl":"https:\/\/secure.gravatar.com\/avatar\/f9c0ac81b2e8e690bee30ac3b42bf27f02e8dedc49686b871256e17dc7cd000b?s=96&d=identicon&r=g","caption":"Redacci\u00f3n"},"description":"Tierra y Tecnolog\u00eda es una publicaci\u00f3n del Ilustre Colegio Oficial de Ge\u00f3logos (ICOG). El ICOG es una instituci\u00f3n sin finalidad lucrativa creada para la defensa y apoyo de los intereses de los Ge\u00f3logos, creada por Ley 73\/1978 de 26 de Diciembre, es una corporaci\u00f3n de Derecho P\u00fablico, amparada por Ley y reconocida por el Estado, con personalidad jur\u00eddica propia y capacidad plena para el ejercicio de sus funciones y cumplimiento de sus fines.","sameAs":["https:\/\/cgeologos.es","https:\/\/www.facebook.com\/CGEOLOGOS","https:\/\/www.linkedin.com\/company\/313811","https:\/\/x.com\/https:\/\/twitter.com\/cgeologos","http:\/\/www.youtube.com\/ICOGtv"],"url":"https:\/\/www.icog.es\/TyT\/index.php\/author\/jl-barrera\/"}]}},"_links":{"self":[{"href":"https:\/\/www.icog.es\/TyT\/index.php\/wp-json\/wp\/v2\/posts\/2153","targetHints":{"allow":["GET"]}}],"collection":[{"href":"https:\/\/www.icog.es\/TyT\/index.php\/wp-json\/wp\/v2\/posts"}],"about":[{"href":"https:\/\/www.icog.es\/TyT\/index.php\/wp-json\/wp\/v2\/types\/post"}],"author":[{"embeddable":true,"href":"https:\/\/www.icog.es\/TyT\/index.php\/wp-json\/wp\/v2\/users\/2"}],"replies":[{"embeddable":true,"href":"https:\/\/www.icog.es\/TyT\/index.php\/wp-json\/wp\/v2\/comments?post=2153"}],"version-history":[{"count":1,"href":"https:\/\/www.icog.es\/TyT\/index.php\/wp-json\/wp\/v2\/posts\/2153\/revisions"}],"predecessor-version":[{"id":10443,"href":"https:\/\/www.icog.es\/TyT\/index.php\/wp-json\/wp\/v2\/posts\/2153\/revisions\/10443"}],"wp:featuredmedia":[{"embeddable":true,"href":"https:\/\/www.icog.es\/TyT\/index.php\/wp-json\/wp\/v2\/media\/7588"}],"wp:attachment":[{"href":"https:\/\/www.icog.es\/TyT\/index.php\/wp-json\/wp\/v2\/media?parent=2153"}],"wp:term":[{"taxonomy":"category","embeddable":true,"href":"https:\/\/www.icog.es\/TyT\/index.php\/wp-json\/wp\/v2\/categories?post=2153"},{"taxonomy":"post_tag","embeddable":true,"href":"https:\/\/www.icog.es\/TyT\/index.php\/wp-json\/wp\/v2\/tags?post=2153"}],"curies":[{"name":"wp","href":"https:\/\/api.w.org\/{rel}","templated":true}]}}