{"id":1836,"date":"2015-06-15T12:41:29","date_gmt":"2015-06-15T12:41:29","guid":{"rendered":"http:\/\/www.icog.es\/TyT\/?p=1836"},"modified":"2019-04-26T11:34:13","modified_gmt":"2019-04-26T11:34:13","slug":"union-profesional-presenta-un-estudio-sobre-el-emprendimiento-en-las-profesiones-liberales","status":"publish","type":"post","link":"https:\/\/www.icog.es\/TyT\/index.php\/2015\/06\/union-profesional-presenta-un-estudio-sobre-el-emprendimiento-en-las-profesiones-liberales\/","title":{"rendered":"Uni\u00f3n Profesional presenta un estudio sobre el emprendimiento en las profesiones liberales"},"content":{"rendered":"<p style=\"text-align: justify;\"><strong><img loading=\"lazy\" decoding=\"async\" class=\"size-full wp-image-1835 alignleft\" src=\"http:\/\/www.icog.es\/TyT\/wp-content\/uploads\/2016\/01\/emprendimiento_2015-209x300-e1453725758566.jpg\" alt=\"emprendimiento_2015-209x300\" width=\"209\" height=\"300\" srcset=\"https:\/\/www.icog.es\/TyT\/wp-content\/uploads\/2016\/01\/emprendimiento_2015-209x300-e1453725758566.jpg 209w, https:\/\/www.icog.es\/TyT\/wp-content\/uploads\/2016\/01\/emprendimiento_2015-209x300-e1453725758566-111x160.jpg 111w\" sizes=\"auto, (max-width: 209px) 100vw, 209px\" \/>Madrid, 12 de junio del 2015<\/strong> \/ \u00abCada profesi\u00f3n liberal tiene su nicho de emprendimiento en la sociedad del momento\u00bb. De esta manera, comenzaba ayer Ana I. Lima, presidenta del Consejo General de los Trabajadores Sociales y miembro de la Comisi\u00f3n Ejecutiva de Uni\u00f3n Profesional, encargada de inaugurar la jornada \u2018Emprendimiento y profesiones liberales\u2019 en la que dicha organizaci\u00f3n que agrupa a las profesiones liberales espa\u00f1olas, <a href=\"http:\/\/www.icog.es\/geologos-e\/wp-content\/uploads\/2015\/06\/Emprendimiento_2015.pdf\" target=\"_blank\" rel=\"noopener noreferrer\">ha presentado su estudio sobre el emprendimiento referido a este subsector de servicios profesionales (PDF).<\/a><\/p>\n<p style=\"text-align: justify;\">La necesidad de activar y motivar a los profesionales en la tarea de emprender ha llevado a Uni\u00f3n Profesional (UP), que forma parte del Grupo de Trabajo de la Comisi\u00f3n Europea espec\u00edficamente creado para el desarrollo del emprendimiento de los profesionales liberales entre los Estados miembros, a elaborar este estudio con el que se pretende dar respuesta a la pregunta: \u00ab\u00bfQu\u00e9 hacen las profesiones liberales y qu\u00e9 m\u00e1s pueden hacer por el emprendimiento?\u00bb. Adem\u00e1s, el documento incluye una serie de ejemplos de buenas pr\u00e1cticas puestas en marcha por los distintos Consejos Generales y Colegios Oficiales, miembros de UP, as\u00ed como aquellas propuestas que desde hace alg\u00fan tiempo ha ido desarrollando la propia instituci\u00f3n, con el objetivo de que sirvan de \u00abmodelo de referencia\u00bb adaptado a las caracter\u00edsticas de cada profesi\u00f3n, tal y como explicaba Dolores Mart\u00edn Villalba, responsable del Departamento de Estudios de Uni\u00f3n Profesional. As\u00ed, UP propone iniciativas como el desarrollo profesional continuo, mediante la promoci\u00f3n de alianzas con universidades y otros centros de estudios con el objetivo de consensuar asignaturas o incluir el emprendimiento profesional en los planes de estudio en los que el emprendimiento profesional se encuentre presente, la adhesi\u00f3n a programas del Instituto de Cr\u00e9dito Oficial (ICO), con el que UP mantiene un convenio desde hace dos a\u00f1os y analizar y reflexionar sobre las carencias y posibilidades que cada una de las profesiones liberales tienen con respecto al emprendimiento.<\/p>\n<p style=\"text-align: justify;\">Uni\u00f3n Profesional ha seguido, en este sentido, las propuestas de base que la Comisi\u00f3n Europea ha puesto en conocimiento de los Estados miembros con respecto al fomento del tema que versa esta jornada. \u00abEuropa busca modelos de emprendimiento, un entorno empresarial favorable y formaci\u00f3n en este aspecto desde edades tempranas\u00bb, apuntaba Elena C\u00f3rdoba Azcarate, responsable del Departamento de Relaciones Internacionales en Uni\u00f3n Profesional. Se trata, continuaba de \u00abentender el emprendimiento como una oportunidad y no solo como una necesidad\u00bb.Precisamente con este objetivo UP cre\u00f3 el programa de formaci\u00f3n continua Inicio Profesional que en este 2015 cumple su tercera edici\u00f3n y que debido al inter\u00e9s por parte de las profesiones colegiadas en este tipo de actividad, estar\u00e1 dedicado muy espec\u00edficamente al emprendimiento profesional.<\/p>\n<p style=\"text-align: justify;\"><strong>Programa Erasmus para J\u00f3venes Emprendedores<\/strong><\/p>\n<p style=\"text-align: justify;\">El Programa <a href=\"http:\/\/www.erasmus-entrepreneurs.eu\/index.php?lan=es\" target=\"_blank\" rel=\"noopener noreferrer\">Erasmus para J\u00f3venes Emprendedores<\/a>, puesto en marcha desde el a\u00f1o 2009 fue presentado por <a href=\"http:\/\/www.innogatetoeurope.eu\/\" target=\"_blank\" rel=\"noopener noreferrer\">Innogate to Europe<\/a>, \u00aborganismo intermediario de la Comisi\u00f3n Europea para gestionar este programa\u00bb. Comenz\u00f3 Paloma Lozano, directora general, centrando el concepto de \u2018emprendedor\u2019 en el momento actual, para despu\u00e9s entrar a exponer c\u00f3mo utilizar el programa en cuesti\u00f3n. \u00abHasta este momento llevamos aproximadamente 2.500 intercambios y hay apuntadas 5.000 empresas de acogida\u00bb,\u00a0comentaba Natalia Jarillo, encargada de proyectos europeos dentro de Innogate to Europe. Cofinanciado por la Comisi\u00f3n Europea, este programa permite el aprendizaje mutuo a trav\u00e9s de una experiencia de mentorizaci\u00f3n, llevada a cabo desde la empresa de acogida, registrada en la base de datos de la plataforma. Aunque pareciera estar dedicado \u00fanicamente a j\u00f3venes, en realidad pueden participar \u00abnuevos emprendedores que est\u00e1n planeando seriamente crear su propio negocio o que lo han hecho en los \u00faltimos tres a\u00f1os y tambi\u00e9n empresarios experimentados que tienen en propiedad o dirigen como socios una peque\u00f1a o mediana\u00a0empresa en los pa\u00edses participantes\u00bb.<\/p>\n<p style=\"text-align: justify;\">De esta manera, cualquier profesional puede trasladarse a un pa\u00eds europeo y establecer una colaboraci\u00f3n de entre uno y seis meses a trav\u00e9s de la cu\u00e1l adquirir\u00e1 conocimientos pr\u00e1cticos que le servir\u00e1n para desarrollar su proyecto. Dicha experiencia, que debe solicitarse v\u00eda online, est\u00e1 sometida en todo momento a un seguimiento desde los puntos locales de contacto y ser\u00e1 sometida a evaluaci\u00f3n tras la recepci\u00f3n de un informe final.<\/p>\n","protected":false},"excerpt":{"rendered":"<p>Madrid, 12 de junio del 2015 \/ \u00abCada profesi\u00f3n liberal tiene su nicho de emprendimiento en la sociedad del momento\u00bb. De esta manera, comenzaba ayer Ana I. Lima, presidenta del Consejo General de los Trabajadores Sociales y miembro de la Comisi\u00f3n Ejecutiva de Uni\u00f3n Profesional, encargada de inaugurar la jornada \u2018Emprendimiento y profesiones liberales\u2019 en [&hellip;]<\/p>\n","protected":false},"author":1,"featured_media":1834,"comment_status":"open","ping_status":"open","sticky":false,"template":"","format":"standard","meta":{"tdm_status":"","tdm_grid_status":"","footnotes":""},"categories":[255,341],"tags":[307,306,305],"class_list":{"0":"post-1836","1":"post","2":"type-post","3":"status-publish","4":"format-standard","5":"has-post-thumbnail","7":"category-emprendedores","8":"category-tt-45","9":"tag-estudio-emprendimiento","10":"tag-informe-emprendimiento","11":"tag-union-profesional"},"yoast_head":"<!-- This site is optimized with the Yoast SEO plugin v27.0 - https:\/\/yoast.com\/product\/yoast-seo-wordpress\/ -->\r\n<title>Uni\u00f3n Profesional presenta un estudio sobre el emprendimiento\u00a0<\/title>\r\n<meta name=\"robots\" content=\"index, follow, max-snippet:-1, max-image-preview:large, max-video-preview:-1\" \/>\r\n<link rel=\"canonical\" href=\"https:\/\/www.icog.es\/TyT\/index.php\/2015\/06\/union-profesional-presenta-un-estudio-sobre-el-emprendimiento-en-las-profesiones-liberales\/\" \/>\r\n<meta property=\"og:locale\" content=\"es_ES\" \/>\r\n<meta property=\"og:type\" content=\"article\" \/>\r\n<meta property=\"og:title\" content=\"Uni\u00f3n Profesional presenta un estudio sobre el emprendimiento\u00a0\" \/>\r\n<meta property=\"og:description\" content=\"Madrid, 12 de junio del 2015 \/ \u00abCada profesi\u00f3n liberal tiene su nicho de emprendimiento en la sociedad del momento\u00bb. De esta manera, comenzaba ayer Ana I. Lima, presidenta del Consejo General de los Trabajadores Sociales y miembro de la Comisi\u00f3n Ejecutiva de Uni\u00f3n Profesional, encargada de inaugurar la jornada \u2018Emprendimiento y profesiones liberales\u2019 en [&hellip;]\" \/>\r\n<meta property=\"og:url\" content=\"https:\/\/www.icog.es\/TyT\/index.php\/2015\/06\/union-profesional-presenta-un-estudio-sobre-el-emprendimiento-en-las-profesiones-liberales\/\" \/>\r\n<meta property=\"og:site_name\" content=\"Tierra y Tecnolog\u00eda\" \/>\r\n<meta property=\"article:publisher\" content=\"https:\/\/www.facebook.com\/CGEOLOGOS\" \/>\r\n<meta property=\"article:author\" content=\"https:\/\/www.facebook.com\/epampliega\" \/>\r\n<meta property=\"article:published_time\" content=\"2015-06-15T12:41:29+00:00\" \/>\r\n<meta property=\"article:modified_time\" content=\"2019-04-26T11:34:13+00:00\" \/>\r\n<meta property=\"og:image\" content=\"https:\/\/www.icog.es\/TyT\/wp-content\/uploads\/2016\/01\/CHNNsysWQAALf82-e1453725721888.jpg\" \/>\r\n\t<meta property=\"og:image:width\" content=\"599\" \/>\r\n\t<meta property=\"og:image:height\" content=\"337\" \/>\r\n\t<meta property=\"og:image:type\" content=\"image\/jpeg\" \/>\r\n<meta name=\"author\" content=\"Enrique Pampliega\" \/>\r\n<meta name=\"twitter:card\" content=\"summary_large_image\" \/>\r\n<meta name=\"twitter:creator\" content=\"@https:\/\/twitter.com\/epampliega?lang=es\" \/>\r\n<meta name=\"twitter:site\" content=\"@cgeologos\" \/>\r\n<meta name=\"twitter:label1\" content=\"Escrito por\" \/>\n\t<meta name=\"twitter:data1\" content=\"Enrique Pampliega\" \/>\n\t<meta name=\"twitter:label2\" content=\"Tiempo de lectura\" \/>\n\t<meta name=\"twitter:data2\" content=\"4 minutos\" \/>\r\n<script type=\"application\/ld+json\" class=\"yoast-schema-graph\">{\"@context\":\"https:\/\/schema.org\",\"@graph\":[{\"@type\":\"Article\",\"@id\":\"https:\/\/www.icog.es\/TyT\/index.php\/2015\/06\/union-profesional-presenta-un-estudio-sobre-el-emprendimiento-en-las-profesiones-liberales\/#article\",\"isPartOf\":{\"@id\":\"https:\/\/www.icog.es\/TyT\/index.php\/2015\/06\/union-profesional-presenta-un-estudio-sobre-el-emprendimiento-en-las-profesiones-liberales\/\"},\"author\":{\"name\":\"Enrique Pampliega\",\"@id\":\"https:\/\/www.icog.es\/TyT\/#\/schema\/person\/79a968cd125a61a232efc01f63d80d38\"},\"headline\":\"Uni\u00f3n Profesional presenta un estudio sobre el emprendimiento en las profesiones liberales\",\"datePublished\":\"2015-06-15T12:41:29+00:00\",\"dateModified\":\"2019-04-26T11:34:13+00:00\",\"mainEntityOfPage\":{\"@id\":\"https:\/\/www.icog.es\/TyT\/index.php\/2015\/06\/union-profesional-presenta-un-estudio-sobre-el-emprendimiento-en-las-profesiones-liberales\/\"},\"wordCount\":739,\"commentCount\":0,\"publisher\":{\"@id\":\"https:\/\/www.icog.es\/TyT\/#organization\"},\"image\":{\"@id\":\"https:\/\/www.icog.es\/TyT\/index.php\/2015\/06\/union-profesional-presenta-un-estudio-sobre-el-emprendimiento-en-las-profesiones-liberales\/#primaryimage\"},\"thumbnailUrl\":\"https:\/\/www.icog.es\/TyT\/wp-content\/uploads\/2016\/01\/CHNNsysWQAALf82-e1453725721888.jpg\",\"keywords\":[\"Estudio emprendimiento\",\"informe emprendimiento\",\"Uni\u00f3n Profesional\"],\"articleSection\":[\"Emprendedores\",\"T&amp;T 45\"],\"inLanguage\":\"es\",\"potentialAction\":[{\"@type\":\"CommentAction\",\"name\":\"Comment\",\"target\":[\"https:\/\/www.icog.es\/TyT\/index.php\/2015\/06\/union-profesional-presenta-un-estudio-sobre-el-emprendimiento-en-las-profesiones-liberales\/#respond\"]}]},{\"@type\":\"WebPage\",\"@id\":\"https:\/\/www.icog.es\/TyT\/index.php\/2015\/06\/union-profesional-presenta-un-estudio-sobre-el-emprendimiento-en-las-profesiones-liberales\/\",\"url\":\"https:\/\/www.icog.es\/TyT\/index.php\/2015\/06\/union-profesional-presenta-un-estudio-sobre-el-emprendimiento-en-las-profesiones-liberales\/\",\"name\":\"Uni\u00f3n Profesional presenta un estudio sobre el emprendimiento\u00a0\",\"isPartOf\":{\"@id\":\"https:\/\/www.icog.es\/TyT\/#website\"},\"primaryImageOfPage\":{\"@id\":\"https:\/\/www.icog.es\/TyT\/index.php\/2015\/06\/union-profesional-presenta-un-estudio-sobre-el-emprendimiento-en-las-profesiones-liberales\/#primaryimage\"},\"image\":{\"@id\":\"https:\/\/www.icog.es\/TyT\/index.php\/2015\/06\/union-profesional-presenta-un-estudio-sobre-el-emprendimiento-en-las-profesiones-liberales\/#primaryimage\"},\"thumbnailUrl\":\"https:\/\/www.icog.es\/TyT\/wp-content\/uploads\/2016\/01\/CHNNsysWQAALf82-e1453725721888.jpg\",\"datePublished\":\"2015-06-15T12:41:29+00:00\",\"dateModified\":\"2019-04-26T11:34:13+00:00\",\"breadcrumb\":{\"@id\":\"https:\/\/www.icog.es\/TyT\/index.php\/2015\/06\/union-profesional-presenta-un-estudio-sobre-el-emprendimiento-en-las-profesiones-liberales\/#breadcrumb\"},\"inLanguage\":\"es\",\"potentialAction\":[{\"@type\":\"ReadAction\",\"target\":[\"https:\/\/www.icog.es\/TyT\/index.php\/2015\/06\/union-profesional-presenta-un-estudio-sobre-el-emprendimiento-en-las-profesiones-liberales\/\"]}]},{\"@type\":\"ImageObject\",\"inLanguage\":\"es\",\"@id\":\"https:\/\/www.icog.es\/TyT\/index.php\/2015\/06\/union-profesional-presenta-un-estudio-sobre-el-emprendimiento-en-las-profesiones-liberales\/#primaryimage\",\"url\":\"https:\/\/www.icog.es\/TyT\/wp-content\/uploads\/2016\/01\/CHNNsysWQAALf82-e1453725721888.jpg\",\"contentUrl\":\"https:\/\/www.icog.es\/TyT\/wp-content\/uploads\/2016\/01\/CHNNsysWQAALf82-e1453725721888.jpg\",\"width\":599,\"height\":337},{\"@type\":\"BreadcrumbList\",\"@id\":\"https:\/\/www.icog.es\/TyT\/index.php\/2015\/06\/union-profesional-presenta-un-estudio-sobre-el-emprendimiento-en-las-profesiones-liberales\/#breadcrumb\",\"itemListElement\":[{\"@type\":\"ListItem\",\"position\":1,\"name\":\"Portada\",\"item\":\"https:\/\/www.icog.es\/TyT\/\"},{\"@type\":\"ListItem\",\"position\":2,\"name\":\"Uni\u00f3n Profesional presenta un estudio sobre el emprendimiento en las profesiones liberales\"}]},{\"@type\":\"WebSite\",\"@id\":\"https:\/\/www.icog.es\/TyT\/#website\",\"url\":\"https:\/\/www.icog.es\/TyT\/\",\"name\":\"Tierra y Tecnolog\u00eda\",\"description\":\"Revista de informaci\u00f3n geol\u00f3gica\",\"publisher\":{\"@id\":\"https:\/\/www.icog.es\/TyT\/#organization\"},\"potentialAction\":[{\"@type\":\"SearchAction\",\"target\":{\"@type\":\"EntryPoint\",\"urlTemplate\":\"https:\/\/www.icog.es\/TyT\/?s={search_term_string}\"},\"query-input\":{\"@type\":\"PropertyValueSpecification\",\"valueRequired\":true,\"valueName\":\"search_term_string\"}}],\"inLanguage\":\"es\"},{\"@type\":\"Organization\",\"@id\":\"https:\/\/www.icog.es\/TyT\/#organization\",\"name\":\"Tierra y Tecnolog\u00eda - Colegio de Ge\u00f3logos\",\"url\":\"https:\/\/www.icog.es\/TyT\/\",\"logo\":{\"@type\":\"ImageObject\",\"inLanguage\":\"es\",\"@id\":\"https:\/\/www.icog.es\/TyT\/#\/schema\/logo\/image\/\",\"url\":\"https:\/\/www.icog.es\/TyT\/wp-content\/uploads\/2013\/02\/logotytmini.jpg\",\"contentUrl\":\"https:\/\/www.icog.es\/TyT\/wp-content\/uploads\/2013\/02\/logotytmini.jpg\",\"width\":325,\"height\":127,\"caption\":\"Tierra y Tecnolog\u00eda - Colegio de Ge\u00f3logos\"},\"image\":{\"@id\":\"https:\/\/www.icog.es\/TyT\/#\/schema\/logo\/image\/\"},\"sameAs\":[\"https:\/\/www.facebook.com\/CGEOLOGOS\",\"https:\/\/x.com\/cgeologos\",\"https:\/\/www.linkedin.com\/company\/colegio-oficial-de-ge-logos\",\"https:\/\/www.pinterest.com\/cgeologos\/\",\"http:\/\/www.youtube.com\/ICOGtv\"]},{\"@type\":\"Person\",\"@id\":\"https:\/\/www.icog.es\/TyT\/#\/schema\/person\/79a968cd125a61a232efc01f63d80d38\",\"name\":\"Enrique Pampliega\",\"image\":{\"@type\":\"ImageObject\",\"inLanguage\":\"es\",\"@id\":\"https:\/\/www.icog.es\/TyT\/#\/schema\/person\/image\/\",\"url\":\"https:\/\/secure.gravatar.com\/avatar\/0af027b762c62be251ee59268b00aa95fc9142285cbb9816351dee604c30600f?s=96&d=identicon&r=g\",\"contentUrl\":\"https:\/\/secure.gravatar.com\/avatar\/0af027b762c62be251ee59268b00aa95fc9142285cbb9816351dee604c30600f?s=96&d=identicon&r=g\",\"caption\":\"Enrique Pampliega\"},\"description\":\"Desde hace m\u00e1s de 30 a\u00f1os ha estado ligado y promoviendo actividades relacionando la geolog\u00eda y geociencias con los recursos electr\u00f3nicos, internet y las redes sociales y cient\u00edficas. Jefe de administraci\u00f3n del Ilustre Colegio Oficial de Ge\u00f3logos (ICOG) desde el a\u00f1o 1990. En 1991-1996 Relaciones p\u00fablicas y posteriormente responsable de marketing de la revista Tierra y Tecnolog\u00eda del ICOG. En 1993-1996 dirigi\u00f3 la publicaci\u00f3n \u201cEl Ge\u00f3logo\u201d y en 1997 fund\u00f3 \u201cEl Ge\u00f3logo Electr\u00f3nico\u201d. Coordinador de las ediciones I a III del GEA-CD (recopilaci\u00f3n y difusi\u00f3n de software para docentes y profesionales de las ciencias de la tierra y el medio ambiente en formato CD-ROM) entre los a\u00f1os 1996 a 1998. Colabora con la ONG Ge\u00f3logos del Mundo creando su intranet y poniendo en marcha su p\u00e1gina web institucional. Desde el a\u00f1o 2000 es responsable de calidad del ICOG (ISO 9001). Ha sido ponente en distintos eventos organizados por Uni\u00f3n Profesional y Uni\u00f3n Interprofesional de la Comunidad de Madrid, sobre la calidad aplicada al sector colegial. Asimismo, ha impartido charlas sobre b\u00fasqueda de empleo y redes sociales en el ICOG, Uni\u00f3n Profesional y Universidad Complutense. En 2005 implanta el visado electr\u00f3nico de proyectos en el ICOG. En el \u00e1mbito de las webs y redes cient\u00edficas, es Community manager del ICOG. Webmaster de la revista Tierra y Tecnolog\u00eda, de la p\u00e1gina institucional del ICOG, de la Escuela de Geolog\u00eda Profesional, de la Red Espa\u00f1ola de Planetolog\u00eda y Astrobiolog\u00eda y de la International Association for Geoethics. Delegado de protecci\u00f3n de datos del ICOG desde el a\u00f1o 2018. Experto en digitalizaci\u00f3n del sector de colegios profesionales ha sido ponente en el taller virtual sobre la \\\"Transformaci\u00f3n Digital del Sistema Colegial\\\", organizado por Uni\u00f3n Profesional y Wolters Kluwer en 2020. Ha sido distinguido como Ge\u00f3logo de Honor por la Asamblea General del ICOG el 15 de abril de 2023.\",\"sameAs\":[\"https:\/\/epampliega.com\/blog\/\",\"https:\/\/www.facebook.com\/epampliega\",\"https:\/\/www.linkedin.com\/in\/epampliega\",\"https:\/\/x.com\/https:\/\/twitter.com\/epampliega?lang=es\",\"https:\/\/www.youtube.com\/user\/epampliega\"],\"url\":\"https:\/\/www.icog.es\/TyT\/index.php\/author\/epampliega\/\"}]}<\/script>\r\n<!-- \/ Yoast SEO plugin. -->","yoast_head_json":{"title":"Uni\u00f3n Profesional presenta un estudio sobre el emprendimiento\u00a0","robots":{"index":"index","follow":"follow","max-snippet":"max-snippet:-1","max-image-preview":"max-image-preview:large","max-video-preview":"max-video-preview:-1"},"canonical":"https:\/\/www.icog.es\/TyT\/index.php\/2015\/06\/union-profesional-presenta-un-estudio-sobre-el-emprendimiento-en-las-profesiones-liberales\/","og_locale":"es_ES","og_type":"article","og_title":"Uni\u00f3n Profesional presenta un estudio sobre el emprendimiento\u00a0","og_description":"Madrid, 12 de junio del 2015 \/ \u00abCada profesi\u00f3n liberal tiene su nicho de emprendimiento en la sociedad del momento\u00bb. De esta manera, comenzaba ayer Ana I. Lima, presidenta del Consejo General de los Trabajadores Sociales y miembro de la Comisi\u00f3n Ejecutiva de Uni\u00f3n Profesional, encargada de inaugurar la jornada \u2018Emprendimiento y profesiones liberales\u2019 en [&hellip;]","og_url":"https:\/\/www.icog.es\/TyT\/index.php\/2015\/06\/union-profesional-presenta-un-estudio-sobre-el-emprendimiento-en-las-profesiones-liberales\/","og_site_name":"Tierra y Tecnolog\u00eda","article_publisher":"https:\/\/www.facebook.com\/CGEOLOGOS","article_author":"https:\/\/www.facebook.com\/epampliega","article_published_time":"2015-06-15T12:41:29+00:00","article_modified_time":"2019-04-26T11:34:13+00:00","og_image":[{"width":599,"height":337,"url":"https:\/\/www.icog.es\/TyT\/wp-content\/uploads\/2016\/01\/CHNNsysWQAALf82-e1453725721888.jpg","type":"image\/jpeg"}],"author":"Enrique Pampliega","twitter_card":"summary_large_image","twitter_creator":"@https:\/\/twitter.com\/epampliega?lang=es","twitter_site":"@cgeologos","twitter_misc":{"Escrito por":"Enrique Pampliega","Tiempo de lectura":"4 minutos"},"schema":{"@context":"https:\/\/schema.org","@graph":[{"@type":"Article","@id":"https:\/\/www.icog.es\/TyT\/index.php\/2015\/06\/union-profesional-presenta-un-estudio-sobre-el-emprendimiento-en-las-profesiones-liberales\/#article","isPartOf":{"@id":"https:\/\/www.icog.es\/TyT\/index.php\/2015\/06\/union-profesional-presenta-un-estudio-sobre-el-emprendimiento-en-las-profesiones-liberales\/"},"author":{"name":"Enrique Pampliega","@id":"https:\/\/www.icog.es\/TyT\/#\/schema\/person\/79a968cd125a61a232efc01f63d80d38"},"headline":"Uni\u00f3n Profesional presenta un estudio sobre el emprendimiento en las profesiones liberales","datePublished":"2015-06-15T12:41:29+00:00","dateModified":"2019-04-26T11:34:13+00:00","mainEntityOfPage":{"@id":"https:\/\/www.icog.es\/TyT\/index.php\/2015\/06\/union-profesional-presenta-un-estudio-sobre-el-emprendimiento-en-las-profesiones-liberales\/"},"wordCount":739,"commentCount":0,"publisher":{"@id":"https:\/\/www.icog.es\/TyT\/#organization"},"image":{"@id":"https:\/\/www.icog.es\/TyT\/index.php\/2015\/06\/union-profesional-presenta-un-estudio-sobre-el-emprendimiento-en-las-profesiones-liberales\/#primaryimage"},"thumbnailUrl":"https:\/\/www.icog.es\/TyT\/wp-content\/uploads\/2016\/01\/CHNNsysWQAALf82-e1453725721888.jpg","keywords":["Estudio emprendimiento","informe emprendimiento","Uni\u00f3n Profesional"],"articleSection":["Emprendedores","T&amp;T 45"],"inLanguage":"es","potentialAction":[{"@type":"CommentAction","name":"Comment","target":["https:\/\/www.icog.es\/TyT\/index.php\/2015\/06\/union-profesional-presenta-un-estudio-sobre-el-emprendimiento-en-las-profesiones-liberales\/#respond"]}]},{"@type":"WebPage","@id":"https:\/\/www.icog.es\/TyT\/index.php\/2015\/06\/union-profesional-presenta-un-estudio-sobre-el-emprendimiento-en-las-profesiones-liberales\/","url":"https:\/\/www.icog.es\/TyT\/index.php\/2015\/06\/union-profesional-presenta-un-estudio-sobre-el-emprendimiento-en-las-profesiones-liberales\/","name":"Uni\u00f3n Profesional presenta un estudio sobre el emprendimiento\u00a0","isPartOf":{"@id":"https:\/\/www.icog.es\/TyT\/#website"},"primaryImageOfPage":{"@id":"https:\/\/www.icog.es\/TyT\/index.php\/2015\/06\/union-profesional-presenta-un-estudio-sobre-el-emprendimiento-en-las-profesiones-liberales\/#primaryimage"},"image":{"@id":"https:\/\/www.icog.es\/TyT\/index.php\/2015\/06\/union-profesional-presenta-un-estudio-sobre-el-emprendimiento-en-las-profesiones-liberales\/#primaryimage"},"thumbnailUrl":"https:\/\/www.icog.es\/TyT\/wp-content\/uploads\/2016\/01\/CHNNsysWQAALf82-e1453725721888.jpg","datePublished":"2015-06-15T12:41:29+00:00","dateModified":"2019-04-26T11:34:13+00:00","breadcrumb":{"@id":"https:\/\/www.icog.es\/TyT\/index.php\/2015\/06\/union-profesional-presenta-un-estudio-sobre-el-emprendimiento-en-las-profesiones-liberales\/#breadcrumb"},"inLanguage":"es","potentialAction":[{"@type":"ReadAction","target":["https:\/\/www.icog.es\/TyT\/index.php\/2015\/06\/union-profesional-presenta-un-estudio-sobre-el-emprendimiento-en-las-profesiones-liberales\/"]}]},{"@type":"ImageObject","inLanguage":"es","@id":"https:\/\/www.icog.es\/TyT\/index.php\/2015\/06\/union-profesional-presenta-un-estudio-sobre-el-emprendimiento-en-las-profesiones-liberales\/#primaryimage","url":"https:\/\/www.icog.es\/TyT\/wp-content\/uploads\/2016\/01\/CHNNsysWQAALf82-e1453725721888.jpg","contentUrl":"https:\/\/www.icog.es\/TyT\/wp-content\/uploads\/2016\/01\/CHNNsysWQAALf82-e1453725721888.jpg","width":599,"height":337},{"@type":"BreadcrumbList","@id":"https:\/\/www.icog.es\/TyT\/index.php\/2015\/06\/union-profesional-presenta-un-estudio-sobre-el-emprendimiento-en-las-profesiones-liberales\/#breadcrumb","itemListElement":[{"@type":"ListItem","position":1,"name":"Portada","item":"https:\/\/www.icog.es\/TyT\/"},{"@type":"ListItem","position":2,"name":"Uni\u00f3n Profesional presenta un estudio sobre el emprendimiento en las profesiones liberales"}]},{"@type":"WebSite","@id":"https:\/\/www.icog.es\/TyT\/#website","url":"https:\/\/www.icog.es\/TyT\/","name":"Tierra y Tecnolog\u00eda","description":"Revista de informaci\u00f3n geol\u00f3gica","publisher":{"@id":"https:\/\/www.icog.es\/TyT\/#organization"},"potentialAction":[{"@type":"SearchAction","target":{"@type":"EntryPoint","urlTemplate":"https:\/\/www.icog.es\/TyT\/?s={search_term_string}"},"query-input":{"@type":"PropertyValueSpecification","valueRequired":true,"valueName":"search_term_string"}}],"inLanguage":"es"},{"@type":"Organization","@id":"https:\/\/www.icog.es\/TyT\/#organization","name":"Tierra y Tecnolog\u00eda - Colegio de Ge\u00f3logos","url":"https:\/\/www.icog.es\/TyT\/","logo":{"@type":"ImageObject","inLanguage":"es","@id":"https:\/\/www.icog.es\/TyT\/#\/schema\/logo\/image\/","url":"https:\/\/www.icog.es\/TyT\/wp-content\/uploads\/2013\/02\/logotytmini.jpg","contentUrl":"https:\/\/www.icog.es\/TyT\/wp-content\/uploads\/2013\/02\/logotytmini.jpg","width":325,"height":127,"caption":"Tierra y Tecnolog\u00eda - Colegio de Ge\u00f3logos"},"image":{"@id":"https:\/\/www.icog.es\/TyT\/#\/schema\/logo\/image\/"},"sameAs":["https:\/\/www.facebook.com\/CGEOLOGOS","https:\/\/x.com\/cgeologos","https:\/\/www.linkedin.com\/company\/colegio-oficial-de-ge-logos","https:\/\/www.pinterest.com\/cgeologos\/","http:\/\/www.youtube.com\/ICOGtv"]},{"@type":"Person","@id":"https:\/\/www.icog.es\/TyT\/#\/schema\/person\/79a968cd125a61a232efc01f63d80d38","name":"Enrique Pampliega","image":{"@type":"ImageObject","inLanguage":"es","@id":"https:\/\/www.icog.es\/TyT\/#\/schema\/person\/image\/","url":"https:\/\/secure.gravatar.com\/avatar\/0af027b762c62be251ee59268b00aa95fc9142285cbb9816351dee604c30600f?s=96&d=identicon&r=g","contentUrl":"https:\/\/secure.gravatar.com\/avatar\/0af027b762c62be251ee59268b00aa95fc9142285cbb9816351dee604c30600f?s=96&d=identicon&r=g","caption":"Enrique Pampliega"},"description":"Desde hace m\u00e1s de 30 a\u00f1os ha estado ligado y promoviendo actividades relacionando la geolog\u00eda y geociencias con los recursos electr\u00f3nicos, internet y las redes sociales y cient\u00edficas. Jefe de administraci\u00f3n del Ilustre Colegio Oficial de Ge\u00f3logos (ICOG) desde el a\u00f1o 1990. En 1991-1996 Relaciones p\u00fablicas y posteriormente responsable de marketing de la revista Tierra y Tecnolog\u00eda del ICOG. En 1993-1996 dirigi\u00f3 la publicaci\u00f3n \u201cEl Ge\u00f3logo\u201d y en 1997 fund\u00f3 \u201cEl Ge\u00f3logo Electr\u00f3nico\u201d. Coordinador de las ediciones I a III del GEA-CD (recopilaci\u00f3n y difusi\u00f3n de software para docentes y profesionales de las ciencias de la tierra y el medio ambiente en formato CD-ROM) entre los a\u00f1os 1996 a 1998. Colabora con la ONG Ge\u00f3logos del Mundo creando su intranet y poniendo en marcha su p\u00e1gina web institucional. Desde el a\u00f1o 2000 es responsable de calidad del ICOG (ISO 9001). Ha sido ponente en distintos eventos organizados por Uni\u00f3n Profesional y Uni\u00f3n Interprofesional de la Comunidad de Madrid, sobre la calidad aplicada al sector colegial. Asimismo, ha impartido charlas sobre b\u00fasqueda de empleo y redes sociales en el ICOG, Uni\u00f3n Profesional y Universidad Complutense. En 2005 implanta el visado electr\u00f3nico de proyectos en el ICOG. En el \u00e1mbito de las webs y redes cient\u00edficas, es Community manager del ICOG. Webmaster de la revista Tierra y Tecnolog\u00eda, de la p\u00e1gina institucional del ICOG, de la Escuela de Geolog\u00eda Profesional, de la Red Espa\u00f1ola de Planetolog\u00eda y Astrobiolog\u00eda y de la International Association for Geoethics. Delegado de protecci\u00f3n de datos del ICOG desde el a\u00f1o 2018. Experto en digitalizaci\u00f3n del sector de colegios profesionales ha sido ponente en el taller virtual sobre la \"Transformaci\u00f3n Digital del Sistema Colegial\", organizado por Uni\u00f3n Profesional y Wolters Kluwer en 2020. Ha sido distinguido como Ge\u00f3logo de Honor por la Asamblea General del ICOG el 15 de abril de 2023.","sameAs":["https:\/\/epampliega.com\/blog\/","https:\/\/www.facebook.com\/epampliega","https:\/\/www.linkedin.com\/in\/epampliega","https:\/\/x.com\/https:\/\/twitter.com\/epampliega?lang=es","https:\/\/www.youtube.com\/user\/epampliega"],"url":"https:\/\/www.icog.es\/TyT\/index.php\/author\/epampliega\/"}]}},"_links":{"self":[{"href":"https:\/\/www.icog.es\/TyT\/index.php\/wp-json\/wp\/v2\/posts\/1836","targetHints":{"allow":["GET"]}}],"collection":[{"href":"https:\/\/www.icog.es\/TyT\/index.php\/wp-json\/wp\/v2\/posts"}],"about":[{"href":"https:\/\/www.icog.es\/TyT\/index.php\/wp-json\/wp\/v2\/types\/post"}],"author":[{"embeddable":true,"href":"https:\/\/www.icog.es\/TyT\/index.php\/wp-json\/wp\/v2\/users\/1"}],"replies":[{"embeddable":true,"href":"https:\/\/www.icog.es\/TyT\/index.php\/wp-json\/wp\/v2\/comments?post=1836"}],"version-history":[{"count":1,"href":"https:\/\/www.icog.es\/TyT\/index.php\/wp-json\/wp\/v2\/posts\/1836\/revisions"}],"predecessor-version":[{"id":10433,"href":"https:\/\/www.icog.es\/TyT\/index.php\/wp-json\/wp\/v2\/posts\/1836\/revisions\/10433"}],"wp:featuredmedia":[{"embeddable":true,"href":"https:\/\/www.icog.es\/TyT\/index.php\/wp-json\/wp\/v2\/media\/1834"}],"wp:attachment":[{"href":"https:\/\/www.icog.es\/TyT\/index.php\/wp-json\/wp\/v2\/media?parent=1836"}],"wp:term":[{"taxonomy":"category","embeddable":true,"href":"https:\/\/www.icog.es\/TyT\/index.php\/wp-json\/wp\/v2\/categories?post=1836"},{"taxonomy":"post_tag","embeddable":true,"href":"https:\/\/www.icog.es\/TyT\/index.php\/wp-json\/wp\/v2\/tags?post=1836"}],"curies":[{"name":"wp","href":"https:\/\/api.w.org\/{rel}","templated":true}]}}