{"id":14931,"date":"2026-09-03T12:36:35","date_gmt":"2026-09-03T12:36:35","guid":{"rendered":"https:\/\/www.icog.es\/TyT\/?p=14931"},"modified":"2026-09-03T12:44:14","modified_gmt":"2026-09-03T12:44:14","slug":"caridad-zazo-cardena-protagoniza-el-cupon-de-la-once-del-5-de-septiembre","status":"publish","type":"post","link":"https:\/\/www.icog.es\/TyT\/index.php\/2026\/09\/caridad-zazo-cardena-protagoniza-el-cupon-de-la-once-del-5-de-septiembre\/","title":{"rendered":"CARIDAD ZAZO CARDE\u00d1A PROTAGONIZA EL CUP\u00d3N DE LA ONCE DEL 5 DE SEPTIEMBRE"},"content":{"rendered":"\n<p><strong>Autora:<\/strong> <em>Ester Boixereu<\/em>, Comisi\u00f3n de Igualdad y Atenci\u00f3n a la Diversidad &#8211; ICOG<\/p>\n\n\n\n<p>La ge\u00f3loga Caridad Zazo protagoniza el cup\u00f3n de la ONCE del sorteo del 5 de septiembre, perteneciente a la serie \u2018Mujeres con ciencia\u2019, realizada en colaboraci\u00f3n con la Real Academia de Ciencias de Espa\u00f1a (RAC).<\/p>\n\n\n\n<p>Este homenaje de la ONCE, integrado en la serie \u00abMujeres con Ciencia\u00bb, est\u00e1 dedicado a acad\u00e9micas de la Real Academia de Ciencias de Espa\u00f1a, instituci\u00f3n que ha colaborado en la selecci\u00f3n de las cient\u00edficas homenajeadas.<\/p>\n\n\n\n<p>Este homenaje de la ONCE, incluido en la serie \u00abMujeres con Ciencia\u00bb, re\u00fane a acad\u00e9micas de la Real Academia de Ciencias de Espa\u00f1a, instituci\u00f3n que ha colaborado en la selecci\u00f3n de las cient\u00edficas protagonistas. Las homenajeadas representan, adem\u00e1s, un ejemplo de pioneras tanto en sus respectivos \u00e1mbitos de conocimiento como en la sociedad espa\u00f1ola. La incorporaci\u00f3n de mujeres a la Real Academia de Ciencias fue muy tard\u00eda: no fue hasta 1988 cuando se nombr\u00f3 a la primera acad\u00e9mica, Margarita Salas, y en 2012 la instituci\u00f3n contaba todav\u00eda con tan solo doce mujeres entre sus miembros.<\/p>\n\n\n\n<figure class=\"wp-block-image size-full\"><a href=\"https:\/\/www.icog.es\/TyT\/wp-content\/uploads\/2026\/09\/75baa90b-f6e4-408d-9fed-3dd6bd57f452.png\"><img loading=\"lazy\" decoding=\"async\" width=\"452\" height=\"679\" src=\"https:\/\/www.icog.es\/TyT\/wp-content\/uploads\/2026\/09\/75baa90b-f6e4-408d-9fed-3dd6bd57f452.png\" alt=\"\" class=\"wp-image-14932\" srcset=\"https:\/\/www.icog.es\/TyT\/wp-content\/uploads\/2026\/09\/75baa90b-f6e4-408d-9fed-3dd6bd57f452.png 452w, https:\/\/www.icog.es\/TyT\/wp-content\/uploads\/2026\/09\/75baa90b-f6e4-408d-9fed-3dd6bd57f452-200x300.png 200w, https:\/\/www.icog.es\/TyT\/wp-content\/uploads\/2026\/09\/75baa90b-f6e4-408d-9fed-3dd6bd57f452-280x420.png 280w\" sizes=\"auto, (max-width: 452px) 100vw, 452px\" \/><\/a><\/figure>\n\n\n\n<p>La selecci\u00f3n re\u00fane a 18 acad\u00e9micas, con representaci\u00f3n de las distintas comunidades aut\u00f3nomas. Se ha escogido una representante por cada comunidad, con la excepci\u00f3n de Catalu\u00f1a y la Comunidad de Madrid, que cuentan con dos acad\u00e9micas, mientras que la Regi\u00f3n de Murcia no est\u00e1 representada. De las 18 cient\u00edficas seleccionadas, dos han fallecido. El pasado 29 de agosto el cup\u00f3n de la ONCE se dedic\u00f3 a otra cient\u00edfica, la f\u00edsica Mar\u00eda Varela.<\/p>\n\n\n\n<p>Caridad Zazo Carde\u00f1a naci\u00f3 en Villaluenga de la Sagra (Toledo), el 22 de enero de 1945. Licenciada en Ciencias Geol\u00f3gicas por la Universidad Complutense de Madrid en 1968, donde obtuvo el grado de Doctora en 1980. Desarroll\u00f3 inicialmente su actividad docente como Profesora Titular de Universidad en el Departamento de Geomorfolog\u00eda y Geotect\u00f3nica de la Universidad Complutense de Madrid (1984-1988). Paralelamente, desarroll\u00f3 su trayectoria investigadora en el Consejo Superior de Investigaciones Cient\u00edficas (CSIC), donde fue Colaboradora Cient\u00edfica (1986-1989) e Investigadora Cient\u00edfica (1989-1990). Actualmente es Profesora de Investigaci\u00f3n del CSIC y desarrolla su actividad cient\u00edfica en el Museo Nacional de Ciencias Naturales.<\/p>\n\n\n\n<p>A lo largo de su trayectoria ha desempe\u00f1ado numerosas responsabilidades en organismos y programas cient\u00edficos nacionales e internacionales. Entre ellas destaca su participaci\u00f3n en el Comit\u00e9 encargado de elaborar el primer informe sobre la \u00abEvaluaci\u00f3n preliminar de los impactos del cambio clim\u00e1tico en Espa\u00f1a\u00bb (UCLM-MMA, 2004-2005), as\u00ed como su representaci\u00f3n nacional en diversos proyectos del International Geoscience Programme (IGCP) de la UNESCO dedicados al estudio de las l\u00edneas de costa y de los cambios del nivel del mar. Asimismo, ha formado parte de distintos comit\u00e9s y grupos de trabajo de la International Union for Quaternary Research (INQUA), la International Commission on Stratigraphy (IUGS), el International Geosphere-Biosphere Programme (IGBP-PAGES) y el programa CLIVAR.<\/p>\n\n\n\n<p>Su vinculaci\u00f3n con INQUA ha sido especialmente destacada. Ha ocupado, entre otros cargos, la presidencia del Comit\u00e9 Espa\u00f1ol de INQUA desde 1992, la vicepresidencia y presidencia de la Sociedad Espa\u00f1ola de Geomorfolog\u00eda (1990-1994), as\u00ed como diversas responsabilidades en las comisiones y subcomisiones dedicadas a la evoluci\u00f3n de las l\u00edneas de costa, los cambios del nivel del mar y la tect\u00f3nica costera. Su actividad internacional se remonta a 1975, cuando se incorpor\u00f3 como miembro de la Subcommission on Mediterranean and Black Sea Shorelines de INQUA, de la que posteriormente fue secretaria (1982-1987) y presidenta (1987-1995). Tambi\u00e9n ha ejercido responsabilidades de coordinaci\u00f3n y direcci\u00f3n en grupos de trabajo centrados en la tect\u00f3nica costera, los cambios globales y la evoluci\u00f3n del litoral.<\/p>\n\n\n\n<p>En el \u00e1mbito editorial, fue Editora Adjunta de la revista Cuaternario y Geomorfolog\u00eda entre 1987 y 1992 y ha formado parte de los comit\u00e9s editoriales de diversas publicaciones cient\u00edficas especializadas, entre ellas Quaternary Science Reviews, Estudos do Quaternario, Cuaternario y Geomorfolog\u00eda y Bolet\u00edn Geol\u00f3gico y Minero.<\/p>\n\n\n\n<p>Su actividad investigadora se ha centrado fundamentalmente en el estudio de los cambios del nivel del mar y de los factores clim\u00e1ticos y din\u00e1micos que controlan la variabilidad de las oscilaciones eust\u00e1ticas, tanto a corto como a largo plazo, as\u00ed como en el an\u00e1lisis de sus ciclicidades y tendencias. Sus investigaciones incluyen tambi\u00e9n la cartograf\u00eda tem\u00e1tica aplicada a la geomorfolog\u00eda, las l\u00edneas de costa y los riesgos costeros. Ha desarrollado estudios en distintos sectores del Mediterr\u00e1neo y del Atl\u00e1ntico peninsular e insular, as\u00ed como en Per\u00fa, Chile y Cabo Verde.<\/p>\n\n\n\n<p>Ha participado en 36 proyectos de investigaci\u00f3n nacionales e internacionales y en diversas acciones integradas de cooperaci\u00f3n cient\u00edfica con otros pa\u00edses, ejerciendo como Investigadora Principal en 12 de ellos. En el \u00e1mbito de la formaci\u00f3n de investigadores, ha dirigido o codirigido 11 tesis doctorales \u2014cuatro de ellas reconocidas con el Premio Extraordinario de Doctorado\u2014 y otras cinco se encuentran en realizaci\u00f3n. Asimismo, ha dirigido ocho tesis de licenciatura.<\/p>\n\n\n\n<p>Es autora y coautora de m\u00e1s de 400 publicaciones de car\u00e1cter cient\u00edfico y divulgativo, entre las que se incluyen 82 art\u00edculos en revistas cient\u00edficas internacionales de reconocido prestigio, 80 art\u00edculos en revistas nacionales y alrededor de 120 cap\u00edtulos de libros y monograf\u00edas, tanto nacionales como internacionales. A esta producci\u00f3n se suman 12 libros-gu\u00eda de excursiones cient\u00edficas elaborados con motivo de congresos nacionales e internacionales. Su contribuci\u00f3n a la cartograf\u00eda cient\u00edfica es igualmente notable, con m\u00e1s de 92 trabajos realizados, en colaboraci\u00f3n o bajo su asesoramiento, sobre geomorfolog\u00eda, formaciones superficiales, geolog\u00eda del Cuaternario, mapas fisiogr\u00e1ficos y cartograf\u00eda neotect\u00f3nica, entre otras materias.<\/p>\n\n\n\n<p>Desde el Ilustre Colegio Oficial de Ge\u00f3logos felicitamos a la ONCE por esta iniciativa, que contribuye a visibilizar y poner en valor la imprescindible aportaci\u00f3n de las mujeres a la ciencia.<\/p>\n\n\n\n<figure class=\"wp-block-image size-large\"><a href=\"https:\/\/www.icog.es\/TyT\/wp-content\/uploads\/2026\/09\/once5sep26.png\"><img loading=\"lazy\" decoding=\"async\" width=\"1024\" height=\"563\" src=\"https:\/\/www.icog.es\/TyT\/wp-content\/uploads\/2026\/09\/once5sep26-1024x563.png\" alt=\"\" class=\"wp-image-14933\" srcset=\"https:\/\/www.icog.es\/TyT\/wp-content\/uploads\/2026\/09\/once5sep26-1024x563.png 1024w, https:\/\/www.icog.es\/TyT\/wp-content\/uploads\/2026\/09\/once5sep26-300x165.png 300w, https:\/\/www.icog.es\/TyT\/wp-content\/uploads\/2026\/09\/once5sep26-768x422.png 768w, https:\/\/www.icog.es\/TyT\/wp-content\/uploads\/2026\/09\/once5sep26-764x420.png 764w, https:\/\/www.icog.es\/TyT\/wp-content\/uploads\/2026\/09\/once5sep26-696x383.png 696w, https:\/\/www.icog.es\/TyT\/wp-content\/uploads\/2026\/09\/once5sep26-1068x587.png 1068w, https:\/\/www.icog.es\/TyT\/wp-content\/uploads\/2026\/09\/once5sep26.png 1409w\" sizes=\"auto, (max-width: 1024px) 100vw, 1024px\" \/><\/a><\/figure>\n","protected":false},"excerpt":{"rendered":"<p>Autora: Ester Boixereu, Comisi\u00f3n de Igualdad y Atenci\u00f3n a la Diversidad &#8211; ICOG La ge\u00f3loga Caridad Zazo protagoniza el cup\u00f3n de la ONCE del sorteo del 5 de septiembre, perteneciente a la serie \u2018Mujeres con ciencia\u2019, realizada en colaboraci\u00f3n con la Real Academia de Ciencias de Espa\u00f1a (RAC). Este homenaje de la ONCE, integrado en [&hellip;]<\/p>\n","protected":false},"author":2,"featured_media":14934,"comment_status":"open","ping_status":"open","sticky":false,"template":"","format":"standard","meta":{"tdm_status":"","tdm_grid_status":"","footnotes":""},"categories":[1753],"tags":[1766,1510,1768,1767],"class_list":{"0":"post-14931","1":"post","2":"type-post","3":"status-publish","4":"format-standard","5":"has-post-thumbnail","7":"category-tt-68","8":"tag-cupon","9":"tag-geologia-2","10":"tag-mujeres","11":"tag-once"},"yoast_head":"<!-- This site is optimized with the Yoast SEO plugin v27.0 - https:\/\/yoast.com\/product\/yoast-seo-wordpress\/ -->\r\n<title>CARIDAD ZAZO CARDE\u00d1A PROTAGONIZA EL CUP\u00d3N DE LA ONCE DEL 5 DE SEPTIEMBRE - Tierra y Tecnolog\u00eda<\/title>\r\n<meta name=\"robots\" content=\"index, follow, max-snippet:-1, max-image-preview:large, max-video-preview:-1\" \/>\r\n<link rel=\"canonical\" href=\"https:\/\/www.icog.es\/TyT\/index.php\/2026\/09\/caridad-zazo-cardena-protagoniza-el-cupon-de-la-once-del-5-de-septiembre\/\" \/>\r\n<meta property=\"og:locale\" content=\"es_ES\" \/>\r\n<meta property=\"og:type\" content=\"article\" \/>\r\n<meta property=\"og:title\" content=\"CARIDAD ZAZO CARDE\u00d1A PROTAGONIZA EL CUP\u00d3N DE LA ONCE DEL 5 DE SEPTIEMBRE - Tierra y Tecnolog\u00eda\" \/>\r\n<meta property=\"og:description\" content=\"Autora: Ester Boixereu, Comisi\u00f3n de Igualdad y Atenci\u00f3n a la Diversidad &#8211; ICOG La ge\u00f3loga Caridad Zazo protagoniza el cup\u00f3n de la ONCE del sorteo del 5 de septiembre, perteneciente a la serie \u2018Mujeres con ciencia\u2019, realizada en colaboraci\u00f3n con la Real Academia de Ciencias de Espa\u00f1a (RAC). Este homenaje de la ONCE, integrado en [&hellip;]\" \/>\r\n<meta property=\"og:url\" content=\"https:\/\/www.icog.es\/TyT\/index.php\/2026\/09\/caridad-zazo-cardena-protagoniza-el-cupon-de-la-once-del-5-de-septiembre\/\" \/>\r\n<meta property=\"og:site_name\" content=\"Tierra y Tecnolog\u00eda\" \/>\r\n<meta property=\"article:publisher\" content=\"https:\/\/www.facebook.com\/CGEOLOGOS\" \/>\r\n<meta property=\"article:author\" content=\"https:\/\/www.facebook.com\/CGEOLOGOS\" \/>\r\n<meta property=\"article:published_time\" content=\"2026-09-03T12:36:35+00:00\" \/>\r\n<meta property=\"article:modified_time\" content=\"2026-09-03T12:44:14+00:00\" \/>\r\n<meta property=\"og:image\" content=\"https:\/\/www.icog.es\/TyT\/wp-content\/uploads\/2026\/09\/ChatGPT-Image-3-sept-2026-14_33_59.png\" \/>\r\n\t<meta property=\"og:image:width\" content=\"1086\" \/>\r\n\t<meta property=\"og:image:height\" content=\"1448\" \/>\r\n\t<meta property=\"og:image:type\" content=\"image\/png\" \/>\r\n<meta name=\"author\" content=\"Redacci\u00f3n\" \/>\r\n<meta name=\"twitter:card\" content=\"summary_large_image\" \/>\r\n<meta name=\"twitter:creator\" content=\"@https:\/\/twitter.com\/cgeologos\" \/>\r\n<meta name=\"twitter:site\" content=\"@cgeologos\" \/>\r\n<meta name=\"twitter:label1\" content=\"Escrito por\" \/>\n\t<meta name=\"twitter:data1\" content=\"Redacci\u00f3n\" \/>\n\t<meta name=\"twitter:label2\" content=\"Tiempo de lectura\" \/>\n\t<meta name=\"twitter:data2\" content=\"5 minutos\" \/>\r\n<script type=\"application\/ld+json\" class=\"yoast-schema-graph\">{\"@context\":\"https:\/\/schema.org\",\"@graph\":[{\"@type\":\"Article\",\"@id\":\"https:\/\/www.icog.es\/TyT\/index.php\/2026\/09\/caridad-zazo-cardena-protagoniza-el-cupon-de-la-once-del-5-de-septiembre\/#article\",\"isPartOf\":{\"@id\":\"https:\/\/www.icog.es\/TyT\/index.php\/2026\/09\/caridad-zazo-cardena-protagoniza-el-cupon-de-la-once-del-5-de-septiembre\/\"},\"author\":{\"name\":\"Redacci\u00f3n\",\"@id\":\"https:\/\/www.icog.es\/TyT\/#\/schema\/person\/590cfb5c1b7b4e4b350d60316033e853\"},\"headline\":\"CARIDAD ZAZO CARDE\u00d1A PROTAGONIZA EL CUP\u00d3N DE LA ONCE DEL 5 DE SEPTIEMBRE\",\"datePublished\":\"2026-09-03T12:36:35+00:00\",\"dateModified\":\"2026-09-03T12:44:14+00:00\",\"mainEntityOfPage\":{\"@id\":\"https:\/\/www.icog.es\/TyT\/index.php\/2026\/09\/caridad-zazo-cardena-protagoniza-el-cupon-de-la-once-del-5-de-septiembre\/\"},\"wordCount\":1022,\"commentCount\":0,\"publisher\":{\"@id\":\"https:\/\/www.icog.es\/TyT\/#organization\"},\"image\":{\"@id\":\"https:\/\/www.icog.es\/TyT\/index.php\/2026\/09\/caridad-zazo-cardena-protagoniza-el-cupon-de-la-once-del-5-de-septiembre\/#primaryimage\"},\"thumbnailUrl\":\"https:\/\/www.icog.es\/TyT\/wp-content\/uploads\/2026\/09\/ChatGPT-Image-3-sept-2026-14_33_59.png\",\"keywords\":[\"cupon\",\"geologia\",\"mujeres\",\"once\"],\"articleSection\":[\"T&amp;T 68\"],\"inLanguage\":\"es\",\"potentialAction\":[{\"@type\":\"CommentAction\",\"name\":\"Comment\",\"target\":[\"https:\/\/www.icog.es\/TyT\/index.php\/2026\/09\/caridad-zazo-cardena-protagoniza-el-cupon-de-la-once-del-5-de-septiembre\/#respond\"]}]},{\"@type\":\"WebPage\",\"@id\":\"https:\/\/www.icog.es\/TyT\/index.php\/2026\/09\/caridad-zazo-cardena-protagoniza-el-cupon-de-la-once-del-5-de-septiembre\/\",\"url\":\"https:\/\/www.icog.es\/TyT\/index.php\/2026\/09\/caridad-zazo-cardena-protagoniza-el-cupon-de-la-once-del-5-de-septiembre\/\",\"name\":\"CARIDAD ZAZO CARDE\u00d1A PROTAGONIZA EL CUP\u00d3N DE LA ONCE DEL 5 DE SEPTIEMBRE - Tierra y Tecnolog\u00eda\",\"isPartOf\":{\"@id\":\"https:\/\/www.icog.es\/TyT\/#website\"},\"primaryImageOfPage\":{\"@id\":\"https:\/\/www.icog.es\/TyT\/index.php\/2026\/09\/caridad-zazo-cardena-protagoniza-el-cupon-de-la-once-del-5-de-septiembre\/#primaryimage\"},\"image\":{\"@id\":\"https:\/\/www.icog.es\/TyT\/index.php\/2026\/09\/caridad-zazo-cardena-protagoniza-el-cupon-de-la-once-del-5-de-septiembre\/#primaryimage\"},\"thumbnailUrl\":\"https:\/\/www.icog.es\/TyT\/wp-content\/uploads\/2026\/09\/ChatGPT-Image-3-sept-2026-14_33_59.png\",\"datePublished\":\"2026-09-03T12:36:35+00:00\",\"dateModified\":\"2026-09-03T12:44:14+00:00\",\"breadcrumb\":{\"@id\":\"https:\/\/www.icog.es\/TyT\/index.php\/2026\/09\/caridad-zazo-cardena-protagoniza-el-cupon-de-la-once-del-5-de-septiembre\/#breadcrumb\"},\"inLanguage\":\"es\",\"potentialAction\":[{\"@type\":\"ReadAction\",\"target\":[\"https:\/\/www.icog.es\/TyT\/index.php\/2026\/09\/caridad-zazo-cardena-protagoniza-el-cupon-de-la-once-del-5-de-septiembre\/\"]}]},{\"@type\":\"ImageObject\",\"inLanguage\":\"es\",\"@id\":\"https:\/\/www.icog.es\/TyT\/index.php\/2026\/09\/caridad-zazo-cardena-protagoniza-el-cupon-de-la-once-del-5-de-septiembre\/#primaryimage\",\"url\":\"https:\/\/www.icog.es\/TyT\/wp-content\/uploads\/2026\/09\/ChatGPT-Image-3-sept-2026-14_33_59.png\",\"contentUrl\":\"https:\/\/www.icog.es\/TyT\/wp-content\/uploads\/2026\/09\/ChatGPT-Image-3-sept-2026-14_33_59.png\",\"width\":1086,\"height\":1448},{\"@type\":\"BreadcrumbList\",\"@id\":\"https:\/\/www.icog.es\/TyT\/index.php\/2026\/09\/caridad-zazo-cardena-protagoniza-el-cupon-de-la-once-del-5-de-septiembre\/#breadcrumb\",\"itemListElement\":[{\"@type\":\"ListItem\",\"position\":1,\"name\":\"Portada\",\"item\":\"https:\/\/www.icog.es\/TyT\/\"},{\"@type\":\"ListItem\",\"position\":2,\"name\":\"CARIDAD ZAZO CARDE\u00d1A PROTAGONIZA EL CUP\u00d3N DE LA ONCE DEL 5 DE SEPTIEMBRE\"}]},{\"@type\":\"WebSite\",\"@id\":\"https:\/\/www.icog.es\/TyT\/#website\",\"url\":\"https:\/\/www.icog.es\/TyT\/\",\"name\":\"Tierra y Tecnolog\u00eda\",\"description\":\"Revista de informaci\u00f3n geol\u00f3gica\",\"publisher\":{\"@id\":\"https:\/\/www.icog.es\/TyT\/#organization\"},\"potentialAction\":[{\"@type\":\"SearchAction\",\"target\":{\"@type\":\"EntryPoint\",\"urlTemplate\":\"https:\/\/www.icog.es\/TyT\/?s={search_term_string}\"},\"query-input\":{\"@type\":\"PropertyValueSpecification\",\"valueRequired\":true,\"valueName\":\"search_term_string\"}}],\"inLanguage\":\"es\"},{\"@type\":\"Organization\",\"@id\":\"https:\/\/www.icog.es\/TyT\/#organization\",\"name\":\"Tierra y Tecnolog\u00eda - Colegio de Ge\u00f3logos\",\"url\":\"https:\/\/www.icog.es\/TyT\/\",\"logo\":{\"@type\":\"ImageObject\",\"inLanguage\":\"es\",\"@id\":\"https:\/\/www.icog.es\/TyT\/#\/schema\/logo\/image\/\",\"url\":\"https:\/\/www.icog.es\/TyT\/wp-content\/uploads\/2013\/02\/logotytmini.jpg\",\"contentUrl\":\"https:\/\/www.icog.es\/TyT\/wp-content\/uploads\/2013\/02\/logotytmini.jpg\",\"width\":325,\"height\":127,\"caption\":\"Tierra y Tecnolog\u00eda - Colegio de Ge\u00f3logos\"},\"image\":{\"@id\":\"https:\/\/www.icog.es\/TyT\/#\/schema\/logo\/image\/\"},\"sameAs\":[\"https:\/\/www.facebook.com\/CGEOLOGOS\",\"https:\/\/x.com\/cgeologos\",\"https:\/\/www.linkedin.com\/company\/colegio-oficial-de-ge-logos\",\"https:\/\/www.pinterest.com\/cgeologos\/\",\"http:\/\/www.youtube.com\/ICOGtv\"]},{\"@type\":\"Person\",\"@id\":\"https:\/\/www.icog.es\/TyT\/#\/schema\/person\/590cfb5c1b7b4e4b350d60316033e853\",\"name\":\"Redacci\u00f3n\",\"image\":{\"@type\":\"ImageObject\",\"inLanguage\":\"es\",\"@id\":\"https:\/\/www.icog.es\/TyT\/#\/schema\/person\/image\/\",\"url\":\"https:\/\/secure.gravatar.com\/avatar\/f9c0ac81b2e8e690bee30ac3b42bf27f02e8dedc49686b871256e17dc7cd000b?s=96&d=identicon&r=g\",\"contentUrl\":\"https:\/\/secure.gravatar.com\/avatar\/f9c0ac81b2e8e690bee30ac3b42bf27f02e8dedc49686b871256e17dc7cd000b?s=96&d=identicon&r=g\",\"caption\":\"Redacci\u00f3n\"},\"description\":\"Tierra y Tecnolog\u00eda es una publicaci\u00f3n del Ilustre Colegio Oficial de Ge\u00f3logos (ICOG). El ICOG es una instituci\u00f3n sin finalidad lucrativa creada para la defensa y apoyo de los intereses de los Ge\u00f3logos, creada por Ley 73\/1978 de 26 de Diciembre, es una corporaci\u00f3n de Derecho P\u00fablico, amparada por Ley y reconocida por el Estado, con personalidad jur\u00eddica propia y capacidad plena para el ejercicio de sus funciones y cumplimiento de sus fines.\",\"sameAs\":[\"https:\/\/cgeologos.es\",\"https:\/\/www.facebook.com\/CGEOLOGOS\",\"https:\/\/www.linkedin.com\/company\/313811\",\"https:\/\/x.com\/https:\/\/twitter.com\/cgeologos\",\"http:\/\/www.youtube.com\/ICOGtv\"],\"url\":\"https:\/\/www.icog.es\/TyT\/index.php\/author\/jl-barrera\/\"}]}<\/script>\r\n<!-- \/ Yoast SEO plugin. -->","yoast_head_json":{"title":"CARIDAD ZAZO CARDE\u00d1A PROTAGONIZA EL CUP\u00d3N DE LA ONCE DEL 5 DE SEPTIEMBRE - Tierra y Tecnolog\u00eda","robots":{"index":"index","follow":"follow","max-snippet":"max-snippet:-1","max-image-preview":"max-image-preview:large","max-video-preview":"max-video-preview:-1"},"canonical":"https:\/\/www.icog.es\/TyT\/index.php\/2026\/09\/caridad-zazo-cardena-protagoniza-el-cupon-de-la-once-del-5-de-septiembre\/","og_locale":"es_ES","og_type":"article","og_title":"CARIDAD ZAZO CARDE\u00d1A PROTAGONIZA EL CUP\u00d3N DE LA ONCE DEL 5 DE SEPTIEMBRE - Tierra y Tecnolog\u00eda","og_description":"Autora: Ester Boixereu, Comisi\u00f3n de Igualdad y Atenci\u00f3n a la Diversidad &#8211; ICOG La ge\u00f3loga Caridad Zazo protagoniza el cup\u00f3n de la ONCE del sorteo del 5 de septiembre, perteneciente a la serie \u2018Mujeres con ciencia\u2019, realizada en colaboraci\u00f3n con la Real Academia de Ciencias de Espa\u00f1a (RAC). Este homenaje de la ONCE, integrado en [&hellip;]","og_url":"https:\/\/www.icog.es\/TyT\/index.php\/2026\/09\/caridad-zazo-cardena-protagoniza-el-cupon-de-la-once-del-5-de-septiembre\/","og_site_name":"Tierra y Tecnolog\u00eda","article_publisher":"https:\/\/www.facebook.com\/CGEOLOGOS","article_author":"https:\/\/www.facebook.com\/CGEOLOGOS","article_published_time":"2026-09-03T12:36:35+00:00","article_modified_time":"2026-09-03T12:44:14+00:00","og_image":[{"width":1086,"height":1448,"url":"https:\/\/www.icog.es\/TyT\/wp-content\/uploads\/2026\/09\/ChatGPT-Image-3-sept-2026-14_33_59.png","type":"image\/png"}],"author":"Redacci\u00f3n","twitter_card":"summary_large_image","twitter_creator":"@https:\/\/twitter.com\/cgeologos","twitter_site":"@cgeologos","twitter_misc":{"Escrito por":"Redacci\u00f3n","Tiempo de lectura":"5 minutos"},"schema":{"@context":"https:\/\/schema.org","@graph":[{"@type":"Article","@id":"https:\/\/www.icog.es\/TyT\/index.php\/2026\/09\/caridad-zazo-cardena-protagoniza-el-cupon-de-la-once-del-5-de-septiembre\/#article","isPartOf":{"@id":"https:\/\/www.icog.es\/TyT\/index.php\/2026\/09\/caridad-zazo-cardena-protagoniza-el-cupon-de-la-once-del-5-de-septiembre\/"},"author":{"name":"Redacci\u00f3n","@id":"https:\/\/www.icog.es\/TyT\/#\/schema\/person\/590cfb5c1b7b4e4b350d60316033e853"},"headline":"CARIDAD ZAZO CARDE\u00d1A PROTAGONIZA EL CUP\u00d3N DE LA ONCE DEL 5 DE SEPTIEMBRE","datePublished":"2026-09-03T12:36:35+00:00","dateModified":"2026-09-03T12:44:14+00:00","mainEntityOfPage":{"@id":"https:\/\/www.icog.es\/TyT\/index.php\/2026\/09\/caridad-zazo-cardena-protagoniza-el-cupon-de-la-once-del-5-de-septiembre\/"},"wordCount":1022,"commentCount":0,"publisher":{"@id":"https:\/\/www.icog.es\/TyT\/#organization"},"image":{"@id":"https:\/\/www.icog.es\/TyT\/index.php\/2026\/09\/caridad-zazo-cardena-protagoniza-el-cupon-de-la-once-del-5-de-septiembre\/#primaryimage"},"thumbnailUrl":"https:\/\/www.icog.es\/TyT\/wp-content\/uploads\/2026\/09\/ChatGPT-Image-3-sept-2026-14_33_59.png","keywords":["cupon","geologia","mujeres","once"],"articleSection":["T&amp;T 68"],"inLanguage":"es","potentialAction":[{"@type":"CommentAction","name":"Comment","target":["https:\/\/www.icog.es\/TyT\/index.php\/2026\/09\/caridad-zazo-cardena-protagoniza-el-cupon-de-la-once-del-5-de-septiembre\/#respond"]}]},{"@type":"WebPage","@id":"https:\/\/www.icog.es\/TyT\/index.php\/2026\/09\/caridad-zazo-cardena-protagoniza-el-cupon-de-la-once-del-5-de-septiembre\/","url":"https:\/\/www.icog.es\/TyT\/index.php\/2026\/09\/caridad-zazo-cardena-protagoniza-el-cupon-de-la-once-del-5-de-septiembre\/","name":"CARIDAD ZAZO CARDE\u00d1A PROTAGONIZA EL CUP\u00d3N DE LA ONCE DEL 5 DE SEPTIEMBRE - Tierra y Tecnolog\u00eda","isPartOf":{"@id":"https:\/\/www.icog.es\/TyT\/#website"},"primaryImageOfPage":{"@id":"https:\/\/www.icog.es\/TyT\/index.php\/2026\/09\/caridad-zazo-cardena-protagoniza-el-cupon-de-la-once-del-5-de-septiembre\/#primaryimage"},"image":{"@id":"https:\/\/www.icog.es\/TyT\/index.php\/2026\/09\/caridad-zazo-cardena-protagoniza-el-cupon-de-la-once-del-5-de-septiembre\/#primaryimage"},"thumbnailUrl":"https:\/\/www.icog.es\/TyT\/wp-content\/uploads\/2026\/09\/ChatGPT-Image-3-sept-2026-14_33_59.png","datePublished":"2026-09-03T12:36:35+00:00","dateModified":"2026-09-03T12:44:14+00:00","breadcrumb":{"@id":"https:\/\/www.icog.es\/TyT\/index.php\/2026\/09\/caridad-zazo-cardena-protagoniza-el-cupon-de-la-once-del-5-de-septiembre\/#breadcrumb"},"inLanguage":"es","potentialAction":[{"@type":"ReadAction","target":["https:\/\/www.icog.es\/TyT\/index.php\/2026\/09\/caridad-zazo-cardena-protagoniza-el-cupon-de-la-once-del-5-de-septiembre\/"]}]},{"@type":"ImageObject","inLanguage":"es","@id":"https:\/\/www.icog.es\/TyT\/index.php\/2026\/09\/caridad-zazo-cardena-protagoniza-el-cupon-de-la-once-del-5-de-septiembre\/#primaryimage","url":"https:\/\/www.icog.es\/TyT\/wp-content\/uploads\/2026\/09\/ChatGPT-Image-3-sept-2026-14_33_59.png","contentUrl":"https:\/\/www.icog.es\/TyT\/wp-content\/uploads\/2026\/09\/ChatGPT-Image-3-sept-2026-14_33_59.png","width":1086,"height":1448},{"@type":"BreadcrumbList","@id":"https:\/\/www.icog.es\/TyT\/index.php\/2026\/09\/caridad-zazo-cardena-protagoniza-el-cupon-de-la-once-del-5-de-septiembre\/#breadcrumb","itemListElement":[{"@type":"ListItem","position":1,"name":"Portada","item":"https:\/\/www.icog.es\/TyT\/"},{"@type":"ListItem","position":2,"name":"CARIDAD ZAZO CARDE\u00d1A PROTAGONIZA EL CUP\u00d3N DE LA ONCE DEL 5 DE SEPTIEMBRE"}]},{"@type":"WebSite","@id":"https:\/\/www.icog.es\/TyT\/#website","url":"https:\/\/www.icog.es\/TyT\/","name":"Tierra y Tecnolog\u00eda","description":"Revista de informaci\u00f3n geol\u00f3gica","publisher":{"@id":"https:\/\/www.icog.es\/TyT\/#organization"},"potentialAction":[{"@type":"SearchAction","target":{"@type":"EntryPoint","urlTemplate":"https:\/\/www.icog.es\/TyT\/?s={search_term_string}"},"query-input":{"@type":"PropertyValueSpecification","valueRequired":true,"valueName":"search_term_string"}}],"inLanguage":"es"},{"@type":"Organization","@id":"https:\/\/www.icog.es\/TyT\/#organization","name":"Tierra y Tecnolog\u00eda - Colegio de Ge\u00f3logos","url":"https:\/\/www.icog.es\/TyT\/","logo":{"@type":"ImageObject","inLanguage":"es","@id":"https:\/\/www.icog.es\/TyT\/#\/schema\/logo\/image\/","url":"https:\/\/www.icog.es\/TyT\/wp-content\/uploads\/2013\/02\/logotytmini.jpg","contentUrl":"https:\/\/www.icog.es\/TyT\/wp-content\/uploads\/2013\/02\/logotytmini.jpg","width":325,"height":127,"caption":"Tierra y Tecnolog\u00eda - Colegio de Ge\u00f3logos"},"image":{"@id":"https:\/\/www.icog.es\/TyT\/#\/schema\/logo\/image\/"},"sameAs":["https:\/\/www.facebook.com\/CGEOLOGOS","https:\/\/x.com\/cgeologos","https:\/\/www.linkedin.com\/company\/colegio-oficial-de-ge-logos","https:\/\/www.pinterest.com\/cgeologos\/","http:\/\/www.youtube.com\/ICOGtv"]},{"@type":"Person","@id":"https:\/\/www.icog.es\/TyT\/#\/schema\/person\/590cfb5c1b7b4e4b350d60316033e853","name":"Redacci\u00f3n","image":{"@type":"ImageObject","inLanguage":"es","@id":"https:\/\/www.icog.es\/TyT\/#\/schema\/person\/image\/","url":"https:\/\/secure.gravatar.com\/avatar\/f9c0ac81b2e8e690bee30ac3b42bf27f02e8dedc49686b871256e17dc7cd000b?s=96&d=identicon&r=g","contentUrl":"https:\/\/secure.gravatar.com\/avatar\/f9c0ac81b2e8e690bee30ac3b42bf27f02e8dedc49686b871256e17dc7cd000b?s=96&d=identicon&r=g","caption":"Redacci\u00f3n"},"description":"Tierra y Tecnolog\u00eda es una publicaci\u00f3n del Ilustre Colegio Oficial de Ge\u00f3logos (ICOG). El ICOG es una instituci\u00f3n sin finalidad lucrativa creada para la defensa y apoyo de los intereses de los Ge\u00f3logos, creada por Ley 73\/1978 de 26 de Diciembre, es una corporaci\u00f3n de Derecho P\u00fablico, amparada por Ley y reconocida por el Estado, con personalidad jur\u00eddica propia y capacidad plena para el ejercicio de sus funciones y cumplimiento de sus fines.","sameAs":["https:\/\/cgeologos.es","https:\/\/www.facebook.com\/CGEOLOGOS","https:\/\/www.linkedin.com\/company\/313811","https:\/\/x.com\/https:\/\/twitter.com\/cgeologos","http:\/\/www.youtube.com\/ICOGtv"],"url":"https:\/\/www.icog.es\/TyT\/index.php\/author\/jl-barrera\/"}]}},"_links":{"self":[{"href":"https:\/\/www.icog.es\/TyT\/index.php\/wp-json\/wp\/v2\/posts\/14931","targetHints":{"allow":["GET"]}}],"collection":[{"href":"https:\/\/www.icog.es\/TyT\/index.php\/wp-json\/wp\/v2\/posts"}],"about":[{"href":"https:\/\/www.icog.es\/TyT\/index.php\/wp-json\/wp\/v2\/types\/post"}],"author":[{"embeddable":true,"href":"https:\/\/www.icog.es\/TyT\/index.php\/wp-json\/wp\/v2\/users\/2"}],"replies":[{"embeddable":true,"href":"https:\/\/www.icog.es\/TyT\/index.php\/wp-json\/wp\/v2\/comments?post=14931"}],"version-history":[{"count":2,"href":"https:\/\/www.icog.es\/TyT\/index.php\/wp-json\/wp\/v2\/posts\/14931\/revisions"}],"predecessor-version":[{"id":14936,"href":"https:\/\/www.icog.es\/TyT\/index.php\/wp-json\/wp\/v2\/posts\/14931\/revisions\/14936"}],"wp:featuredmedia":[{"embeddable":true,"href":"https:\/\/www.icog.es\/TyT\/index.php\/wp-json\/wp\/v2\/media\/14934"}],"wp:attachment":[{"href":"https:\/\/www.icog.es\/TyT\/index.php\/wp-json\/wp\/v2\/media?parent=14931"}],"wp:term":[{"taxonomy":"category","embeddable":true,"href":"https:\/\/www.icog.es\/TyT\/index.php\/wp-json\/wp\/v2\/categories?post=14931"},{"taxonomy":"post_tag","embeddable":true,"href":"https:\/\/www.icog.es\/TyT\/index.php\/wp-json\/wp\/v2\/tags?post=14931"}],"curies":[{"name":"wp","href":"https:\/\/api.w.org\/{rel}","templated":true}]}}