{"id":14924,"date":"2026-09-02T09:41:42","date_gmt":"2026-09-02T09:41:42","guid":{"rendered":"https:\/\/www.icog.es\/TyT\/?p=14924"},"modified":"2026-09-02T09:41:52","modified_gmt":"2026-09-02T09:41:52","slug":"granada-zona-sismica","status":"publish","type":"post","link":"https:\/\/www.icog.es\/TyT\/index.php\/2026\/09\/granada-zona-sismica\/","title":{"rendered":"Granada, zona s\u00edsmica"},"content":{"rendered":"\n<p><strong>Se conocen datos de terremotos en Granada desde la \u00e9poca nazar\u00ed, cuando se construy\u00f3 la Alhambra. Pero en estos \u00faltimos 50 a\u00f1os se han sucedido los fen\u00f3menos s\u00edsmicos.<\/strong><\/p>\n\n\n\n<div class=\"wp-block-columns is-layout-flex wp-container-core-columns-is-layout-9d6595d7 wp-block-columns-is-layout-flex\">\n<div class=\"wp-block-column is-layout-flow wp-block-column-is-layout-flow\" style=\"flex-basis:33.33%\">\n<figure class=\"wp-block-image size-full\"><a href=\"https:\/\/www.icog.es\/TyT\/wp-content\/uploads\/2026\/09\/b2e3cde3-0d36-40d8-8771-73079b00e871.jpeg\"><img loading=\"lazy\" decoding=\"async\" width=\"219\" height=\"214\" src=\"https:\/\/www.icog.es\/TyT\/wp-content\/uploads\/2026\/09\/b2e3cde3-0d36-40d8-8771-73079b00e871.jpeg\" alt=\"\" class=\"wp-image-14926\"\/><\/a><\/figure>\n<\/div>\n\n\n\n<div class=\"wp-block-column is-vertically-aligned-bottom is-layout-flow wp-block-column-is-layout-flow\" style=\"flex-basis:66.66%\">\n<p><strong>AUTOR<\/strong><\/p>\n\n\n\n<p><em>Leandro Sequeiros<\/em><\/p>\n\n\n\n<p>Ge\u00f3logo, Academia de Ciencias de Zaragoza<\/p>\n<\/div>\n<\/div>\n\n\n\n<p>Los medios de comunicaci\u00f3n y las redes sociales, nos han alertado, informado y casi saturado de informaci\u00f3n sobre el terremoto de magnitud 5 en la escala de Richter a la una de la madrugada del s\u00e1bado 15 de agosto de 2026. Seg\u00fan los expertos, se han sucedido m\u00e1s de 40 r\u00e9plicas en estos d\u00edas.<\/p>\n\n\n\n<p><strong>La prensa del domingo 16 informa de un nuevo terremoto en Granada: se registra un se\u00edsmo de magnitud 3,1 con epicentro en Armilla que deja decenas de avisos a Emergencias<\/strong><\/p>\n\n\n\n<p>Despu\u00e9s del temblor de magnitud 5 en Alhend\u00edn, la tierra ha temblado de nuevo dejando numerosas incidencias en Granada capital, Las Gabias, La Zubia, Og\u00edjares y Armilla.<\/p>\n\n\n\n<p>As\u00ed ha informado de ello Emergencias 112 Andaluc\u00eda, que indican que han recibido llamadas\u00a0<strong>desde Granada capital, Las Gabias, La Zubia, Og\u00edjares y Armilla<\/strong>. Han pedido extremar la precauci\u00f3n y seguir los consejos de lo servicios de emergencias para evitar riesgos.<\/p>\n\n\n\n<p>El temblor\u00a0<strong>se ha registrado a las 04:40\u00a0<\/strong>con una profundidad de siete kil\u00f3metros, seg\u00fan expone el Instituto Geogr\u00e1fico Nacional.<\/p>\n\n\n\n<p>\u00a0El nuevo se\u00edsmo se produce un d\u00eda despu\u00e9s\u00a0<a href=\"https:\/\/www.lasexta.com\/noticias\/sociedad\/parecia-que-habia-caido-bomba-atomica-vecinos-narran-momentos-panico-terremoto-granada_202608156a80a01d71b42a0b5df12aac.html\" target=\"_blank\" rel=\"noreferrer noopener\"><strong>del terremoto de magnitud 5<\/strong><\/a>\u00a0con epicentro en\u00a0<strong>Alhend\u00edn<\/strong>, que\u00a0<a href=\"https:\/\/www.lasexta.com\/noticias\/sociedad\/han-sido-horas-miedo-incertidumbre-alcaldesa-armilla-terremoto-magnitud-5-granada_202608156a80717271b42a0b5df0e9e3.html\" target=\"_blank\" rel=\"noreferrer noopener\"><strong>se dej\u00f3 notar ampliamente entre la poblaci\u00f3n<\/strong><\/a>\u00a0durante la madrugada del s\u00e1bado.<\/p>\n\n\n\n<p>\u00a0Sin dejar da\u00f1os personales, el terremoto tuvo varias r\u00e9plicas y fue el m\u00e1s fuerte de todos cuantos se produjeron en la provincia granadina, que\u00a0<strong>lleva desde el viernes sintiendo temblar la tierra.<\/strong><\/p>\n\n\n\n<p>Tal fue la dimensi\u00f3n del se\u00edsmo que<strong>\u00a0no solo lo sintieron en Granada<\/strong>, sino que tambi\u00e9n se not\u00f3 su trepidaci\u00f3n en localidades de\u00a0<a href=\"https:\/\/www.lasexta.com\/temas\/malaga-1\" target=\"_blank\" rel=\"noreferrer noopener\"><strong>M\u00e1laga<\/strong><\/a>,\u00a0<a href=\"https:\/\/www.lasexta.com\/temas\/cordoba-1\" target=\"_blank\" rel=\"noreferrer noopener\"><strong>C\u00f3rdoba<\/strong><\/a>,\u00a0<a href=\"https:\/\/www.lasexta.com\/temas\/jaen-1\" target=\"_blank\" rel=\"noreferrer noopener\"><strong>Ja\u00e9n<\/strong><\/a>\u00a0y\u00a0<a href=\"https:\/\/www.lasexta.com\/temas\/almeria-1\" target=\"_blank\" rel=\"noreferrer noopener\"><strong>Almer\u00eda<\/strong><\/a>. En total, fueron casi\u00a0<strong>un centenar de r\u00e9plicas y m\u00e1s de 400 incidencias<\/strong>\u00a0las que atendieron desde Emergencias, en unas horas en Granada marcadas por los movimientos s\u00edsmicos<\/p>\n\n\n\n<p><strong>Tras el enjambre s\u00edsmico de 2021 y setenta a\u00f1os despu\u00e9s del de Albolote<\/strong><\/p>\n\n\n\n<p>Seg\u00fan <strong><em>El Independiente de Granada<\/em><\/strong>\u00a0\u2013\u00a0[S\u00e1bado, 15 de agosto de 2026], Como el propio Instituto Andaluz de Geof\u00edsica indica, el estudio de aquel terremoto, que tuvo graves da\u00f1os, incluidas v\u00edctimas, \u00abnos debe de servir para prevenir los males futuros, porque muchos de los efectos de los terremotos, hoy por hoy, pueden ser evitados\u00bb.<\/p>\n\n\n\n<figure class=\"wp-block-image size-full\"><a href=\"https:\/\/www.icog.es\/TyT\/wp-content\/uploads\/2026\/09\/Imagen1.jpg\"><img loading=\"lazy\" decoding=\"async\" width=\"516\" height=\"385\" src=\"https:\/\/www.icog.es\/TyT\/wp-content\/uploads\/2026\/09\/Imagen1.jpg\" alt=\"\" class=\"wp-image-14925\" srcset=\"https:\/\/www.icog.es\/TyT\/wp-content\/uploads\/2026\/09\/Imagen1.jpg 516w, https:\/\/www.icog.es\/TyT\/wp-content\/uploads\/2026\/09\/Imagen1-300x224.jpg 300w, https:\/\/www.icog.es\/TyT\/wp-content\/uploads\/2026\/09\/Imagen1-80x60.jpg 80w, https:\/\/www.icog.es\/TyT\/wp-content\/uploads\/2026\/09\/Imagen1-265x198.jpg 265w\" sizes=\"auto, (max-width: 516px) 100vw, 516px\" \/><\/a><\/figure>\n\n\n\n<p>Instituto Andaluz de Geof\u00edsica &#8211; <em>Imagen en la que se muestra el alcance del terremoto de Atarfe-Albolote del 19 de Abril de 1956 en un mapa<\/em><\/p>\n\n\n\n<p>El terremoto de la madrugada de este 15 de agosto quedar\u00e1 entre registrado entre los grandes temblores que han marcado la historia de Granada, una historia s\u00edsmica en la que tambi\u00e9n figurar\u00e1\u00a0<a href=\"https:\/\/www.elindependientedegranada.es\/ciudadania\/enjambre-sismico-supera-1063-terremotos-deja-325-incidencias-23-enero\">el enjambre s\u00edsmico de 2021<\/a>. Aunque con similitudes, afortunadamente el que alarm\u00f3 a la poblaci\u00f3n granadina este s\u00e1bado tiene una enorme diferencia con los m\u00e1s graves que han quedado para la historia, como fue el de Albolote, y es la ausencia de da\u00f1os personales.<\/p>\n\n\n\n<p>Pero hay datos que lo emparejan con el de Albolote, como la magnitud. Ocurrido hace justo 70 a\u00f1os, el sismo de Albolote-Atarfe registrado el 19 de Abril de 1956 est\u00e1 considerado, seg\u00fan el Instituto Andaluz de Geof\u00edsica, de los m\u00e1s importantes del siglo XX en Espa\u00f1a y se enmarca dentro de los terremotos destructores junto a del 16 de Junio de 1910 en Adra, los granadinos de 1911 (Atarfe, Pinos Puente, el Jau, L\u00e1char, Huetor Tajar y Granada), el de 5 de Julio de 1930 en Montilla, el de 5 de Marzo de 1932 en V\u00edcar (Almer\u00eda), los de la provincia de Ja\u00e9n de 1951 en And\u00fajar, Bail\u00e9n y Linares y el del 9 de Junio de 1964 en Galera y Orce.<\/p>\n\n\n\n<p>Seg\u00fan la informaci\u00f3n hist\u00f3rica del Instituto Andaluz de Geof\u00edsica, el terremoto afect\u00f3 a una amplia zona y sus efectos fueron estudiados por investigadores reconocidos como el Padre Antonio Due Rojo, Juan Sancho de San Rom\u00e1n, Juan Bonelli Rubio, Luis Esteban Carrasco y m\u00e1s recientemente por Francisco Vidal S\u00e1nchez.<\/p>\n\n\n\n<p>\u00abTodos ellos con m\u00ednimas diferencias nos dicen que el temblor comenz\u00f3 a las 18 h. 38 m. y 53 s. (TMG) y sembr\u00f3 el p\u00e1nico sobre todo en la zona comprendida entre Sierra Elvira y Granada alarmando a casi toda la provincia\u00bb, recuerda el Instituto. La prensa del d\u00eda siguiente cit\u00f3 como arruinadas las poblaciones de Atarfe y Albolote, y muy afectadas Santa Fe, Maracena y algunos barrios de la capital. Estos solicitaron ayuda al Gobierno.<\/p>\n\n\n\n<p>Las coordenadas epicentrales son 37.26 N, 3.73 W, profundidad 6\u00b13 Km, magnitud 5.0 e intensidad VIII en Albolote y Atarfe. Las p\u00e9rdidas humanas sumaron 7 muertos directos y 5 debidos a un deslizamiento de tierras junto al Beiro en Granada por el derrumbamiento de una cueva, situada junto al camino de la Caser\u00eda de Montijo. Como consecuencia del terremoto y los efectos de la lluvia se hizo una gran grieta en la ladera. El d\u00eda 20 de abril a las dos de la tarde se produjo la ca\u00edda de unos 5.000 m3 de tierra. Los da\u00f1os fueron innumerables y graves y tuvo tambi\u00e9n p\u00e9rdidas humanas.\u00a0<\/p>\n\n\n\n<p><strong>El terremoto de Albolote (1956)<\/strong><\/p>\n\n\n\n<p><em>El terremoto de Albolote de 1956 fue descrito por el P. Due \u00a0(director entonces del Observatorio de Cartuja, en Granada) \u00abdici\u00e9ndonos que \u00e9l se encontraba en el segundo piso de la Facultad de Teolog\u00eda y que dur\u00f3 unos cuatro segundos, violento, produciendo en la juntas de los muros y ventanas grietas y desprendimientos de yesones, ca\u00edda de objetos, relojes parados, etc\u00bb<\/em><\/p>\n\n\n\n<p>Seg\u00fan a\u00f1ade la informaci\u00f3n del Instituto, \u00abel terremoto es descrito por el P. Due dici\u00e9ndonos que \u00e9l se encontraba en el segundo piso de la Facultad de Teolog\u00eda y que dur\u00f3 unos cuatro segundos, violento, produciendo en la juntas de los muros y ventanas grietas y desprendimientos de yesones, ca\u00edda de objetos, relojes parados, etc\u00bb.<\/p>\n\n\n\n<p>Tras sus investigaciones alude a que \u00aben Albolote sufrieron m\u00e1s las paredes orientadas de E-W, grietas en columnas de la iglesia, desprendimiento de rocas en Sierra Elvira, ruptura y ca\u00edda de chimeneas, cornisas, movimiento de \u00e1rboles, ruido subterr\u00e1neo general notado en poblaciones bastante alejadas\u00bb.<\/p>\n\n\n\n<p>Alude a \u00abfen\u00f3menos extra\u00f1os descritos por la poblaci\u00f3n como corriente de aire, fuego y piedras procedente de la Ca\u00f1ada llamada Tajo Colorado que parec\u00eda salir de la Raja Santa aunque un Grupo de Espele\u00f3logos Granadinos lo desment\u00eda en la prensa\u00bb.<\/p>\n\n\n\n<p>El P. Due hab\u00eda realizado otras encuestas con motivo del terremoto ocurrido el 4 de junio de 1955 que afect\u00f3 a Atarfe y produjo da\u00f1os materiales, algunas personas dicen que vieron \u00abun resplandor de globo rojizo amarillento en las primeras horas de la ma\u00f1ana\u00bb. Distingue los edificios \u00abbien y mal construidos, habla de casas europeas y no europeas, coherencia o trabaz\u00f3n de las partes entre s\u00ed (vigas, tabiques, cielos rasos), materiales empleados, uni\u00f3n de las piedras de mamposter\u00eda, ladrillos cogidos con mortero, etc\u00bb.<\/p>\n\n\n\n<p>Pastor achaca los destrozos a \u00abla mala calidad de las construcciones y a la escasa coherencia de los materiales\u00bb. Tras analizar los emplazamientos afectados es de la opini\u00f3n de que se hab\u00eda exagerado en las estad\u00edsticas oficiales cuando se dec\u00eda que el 30% de las viviendas hab\u00edan quedado pr\u00e1cticamente destruidas, el 60% con da\u00f1os considerables respecto a Albolote, el 5% destruidas y el 40% con da\u00f1os importantes en el caso de Atarfe.<\/p>\n\n\n\n<p>Este autor dice que \u00e9l no hab\u00eda realizado el recuento pero cree que se hab\u00eda \u00abexagerado un poco\u00bb en las encuestas y documentos. Tambi\u00e9n habla de los desprendimientos que tuvieron lugar en el Tajo Colorado en las inmediaciones de Sierra Elvira y los achaca a la existencia de \u00abun mal saneamiento de la cantera y a la inestabilidad de los bloques\u00bb.<\/p>\n\n\n\n<p>Las r\u00e9plicas fueron estudiadas por el P. Due comenzando por la de las 20 h. 0 m. y 28 s. y dada su proximidad al Observatorio fue dif\u00edcil de registrar pues la velocidad de rotaci\u00f3n de los cilindros era de un cm. por minuto. Las r\u00e9plicas se suceden unas a otras. Las m\u00e1s importantes se registraron entre los d\u00edas 19 al 30 de abril y los 8 primeros d\u00edas de mayo. En algunos d\u00edas ocurrieron varias sacudidas m\u00e1s o menos fuertes. Estudi\u00f3 y registr\u00f3 116 r\u00e9plicas importantes.<\/p>\n\n\n\n<p><strong>Poblaciones afectadas y descripci\u00f3n de los da\u00f1os<\/strong><\/p>\n\n\n\n<p>Los estudios realizados por D. Juan Sancho de San Rom\u00e1n, J. Bonelli y L. Esteban nos permiten saber con exactitud los efectos del sismo sobre las poblaciones m\u00e1s afectadas. En resumen, fueron los siguientes:<\/p>\n\n\n\n<p><strong>Atarfe.<\/strong> Poblaci\u00f3n de 8.000 habitantes y 1.500 casas. Objetos sueltos ca\u00eddos igual que algunos muebles. Los edificios buenos sufrieron da\u00f1os y de todos ellos quedaron 600 con grietas reparables, 600 con da\u00f1os considerables, 200 ruinosos y 10 destruidos. Algunas fachadas derrumbadas al W, muros arruinados junto a la estaci\u00f3n del ferrocarril. Los efectos del sismo se ven patentes en una fotof\u00e1brica de planchas de m\u00e1rmol \u00abM\u00e1rmoles Prieto-Moreno Ruiz, S. A.\u00bb, situada frente al pueblo junto a la carretera de Granada. La caseta de un transformador qued\u00f3 agrietada en sus cuatro paredes de ladrillo. Se citan fen\u00f3menos luminosos en el lugar del epicentro.<\/p>\n\n\n\n<p><strong>Albolote.<\/strong>\u00a0Poblaci\u00f3n de 5.000 habitantes y entre 850-900 casas. Los objetos cayeron al suelo a distancias de un metro de su posici\u00f3n inicial. Los edificios mejor preparados presentan grietas en algunos casos considerables. Los de inferior calidad quedaron inservibles y otros hundidos. Las casas quedaron 350 con grietas reparables, 300 con da\u00f1os considerables e inhabitables, 50 ruinosas y 7 destruidas. La fachada del Ayuntamiento sufri\u00f3 la p\u00e9rdida de un remate con escudo del pueblo. La iglesia perdi\u00f3 parte del alero y la torre presentaba grietas notables. Muchas viviendas perdieron los tejados. Sabemos que hubo 5 muertos en Albolote y Atarfe y m\u00e1s de 60 heridos adem\u00e1s de grandes p\u00e9rdidas econ\u00f3micas por los da\u00f1os materiales. Las noticias a veces son contradictorias pues los art\u00edculos de los especialistas y las aparecidas en la prensa no se ponen de acuerdo totalmente.<\/p>\n\n\n\n<p><strong>Granada.\u00a0<\/strong>El fuerte terremoto dejo una impresi\u00f3n inolvidable a los que lo sintieron, su intensidad se puso de manifiesto sacando a todos a la calle, el p\u00e1nico fue general. Objetos ca\u00eddos, vajillas destruidas, relojes de p\u00e9ndulo parados, ca\u00edda de una cruz de piedra en la iglesia del Sagrado Coraz\u00f3n y un remate de piedra de la Audiencia. Los edificios buenos solo sufrieron grietas. Los de peor construcci\u00f3n como ocurr\u00eda en el Albaic\u00edn resultaron bastante afectados. En general en este barrio granadino un 10% de las casas fueron desalojadas y las que presentaban grietas alcanza el 50%. Algunas viviendas quedaron ruinosas. En la capital hubo dos muertos y varios heridos. Se pararon los relojes del Observatorio de Cartuja, aver\u00edas en los sism\u00f3grafos y grietas en la rotonda del edificio. En la ciudad todav\u00eda hoy muchas personas recuerdan este sismo y hablan de los efectos sobre los ra\u00edles del tranv\u00eda, las calles se movieron como si fueran peque\u00f1as olas, etc.<\/p>\n\n\n\n<p><strong>Maracena.\u00a0<\/strong>Poblaci\u00f3n de 4.000 habitantes y 900 viviendas. Cayeron objetos sueltos y muchos edificios quedaron afectados, uno de tapial qued\u00f3 destruido. En resumen 700 casas con da\u00f1os leves, 150 con da\u00f1os considerables y 10 ruinosos. Algunos edificios ten\u00edan derrumbadas la parte superior.<\/p>\n\n\n\n<p><strong>Santa Fe.<\/strong>\u00a0Poblaci\u00f3n de 11.000 habitantes y 2.000 casas. Cayeron todos los objetos sueltos y muchos trozos de chimeneas. En general el 50% de los edificios presentaban grietas y da\u00f1os leves. En la relaci\u00f3n de da\u00f1os del Ayuntamiento se dec\u00eda que 70 viviendas ten\u00edan da\u00f1os considerables y 15 estaban en estado ruinoso. la iglesia con da\u00f1os considerables, el p\u00f3rtico cuarteado igual que una parte importante de la nave central.<\/p>\n\n\n\n<p><strong>En el Pantano de Cubillas<\/strong>\u00a0los obreros que trabajaban sobre el dique se tambalearon. El m\u00e1stil de una torre sumergida 17 metros y 15 sobre el agua oscil\u00f3, se produjeron ondas conc\u00e9ntricas en el agua. Un obrero cuenta como escuch\u00f3 antes del terremoto un retumbo que proced\u00eda del S. En un peque\u00f1o poblado junto al pantano toda la gente salio a la calle y en las viviendas se apreciaban grietas.<\/p>\n\n\n\n<p><strong>Peligros<\/strong>. La alarma fue general, los objetos cayeron y afect\u00f3 a unas 400 viviendas aunque de forma leve pues solo 50 de ellas ten\u00edan grietas importantes y fue necesario evacuar otras 7 casas por peligro de derrumbe.<\/p>\n\n\n\n<p><strong>Pinos Puente<\/strong>. 2000 casas, todo el mundo sali\u00f3 a la calle. En el Ayuntamiento se tom\u00f3 relaci\u00f3n de 12 casas con da\u00f1os considerables y la mayor\u00eda de ellas estaban con grietas leves, se cayeron algunos trozos de chimeneas. Las r\u00e9plicas del sismo no fueron sentidas por todos.<\/p>\n\n\n\n<p><strong>Belicena.<\/strong>\u00a0Poblaci\u00f3n de 1.100 habitantes y unas 200 casas. Cayeron objetos, muchos edificios con grietas leves y 4 de ellos con da\u00f1os considerables quedando adem\u00e1s otro ruinoso. Aqu\u00ed se sintieron todas las r\u00e9plicas.<\/p>\n\n\n\n<p><strong>Purchil.<\/strong>\u00a0Poblaci\u00f3n de 1.600 habitantes y 220 casas. Todo semejante a Melicena.<\/p>\n\n\n\n<p><strong>Churriana de la Vega<\/strong>. Alarma general, quedaron afectados los edificios de peor calidad y 5 de ellos presentaban da\u00f1os considerables. Tambi\u00e9n se sintieron las r\u00e9plicas m\u00e1s importantes.<\/p>\n\n\n\n<p><strong>Armilla.\u00a0<\/strong>Todos salieron asustados a la calle, objetos ca\u00eddos, muchos edificios con grietas y algunos corrales de tapial se vieron afectados cay\u00e9ndose trozos de la tapia. Se sintieron las r\u00e9plicas.<\/p>\n\n\n\n<p><strong>Pulianas.<\/strong>\u00a0Poblaci\u00f3n de 1.600 habitantes y unas 400 casas. Todos salieron a la calle y muchos edificios sufrieron grietas leves aunque se anotaron con da\u00f1os considerables 12 de ellos y 7 casas quedaron medio arruinadas. tambi\u00e9n se sintieron las r\u00e9plicas.<\/p>\n\n\n\n<p><strong>G\u00fcev\u00e9jar.<\/strong>\u00a0Poblaci\u00f3n de 1.100 habitantes y unas 250 casas. Alarma general, muchos edificios con grietas leves y 5 con da\u00f1os considerables. Se sintieron las r\u00e9plicas.<\/p>\n\n\n\n<p><strong>Registro en el Observatorio de Cartuja<\/strong><\/p>\n\n\n\n<p>El equipo de sismolog\u00eda del Observatorio de Cartuja registr\u00f3 las r\u00e9plicas ocurridas como efecto del terremoto principal. El mismo d\u00eda 19 se sintieron tres r\u00e9plicas de grado V en Albolote y III en Granada. El d\u00eda 20 se sintieron 15 r\u00e9plicas que en Granada alcanzan el grado III.<\/p>\n\n\n\n<p>Otras 7 r\u00e9plicas el d\u00eda 21 y 24 el d\u00eda 22 que se estiman en grado IV en Granada. Nos dice el P. Due que muchos de ellas se sintieron d\u00e9bilmente pero la gente, que estaba muy sensibilizada se alarmaba. Continuaron 8 r\u00e9plicas el d\u00eda 23, 9 el d\u00eda 24, 3 el 25, 1 el 26 por lo que en total se contabilizaban 58 del grado I, 7 del II, 4 del III, 1 del IV, 1 del V y 1 del VII. Continuaron 2 el d\u00eda 28, 13 el 29 y 3 el d\u00eda 30. Algunos alcanzan el grado IV. Las r\u00e9plicas continuaron hasta finales de junio en que se registraron peque\u00f1os enjambres de terremotos.<\/p>\n\n\n\n<p><em>Para localizar el epicentro, magnitud y energ\u00eda se hizo un estudio anal\u00edtico tomando datos de los Observatorios de Cartuja, M\u00e1laga, Almer\u00eda, Toledo, Alicante, Lisboa y Tortosa<\/em><\/p>\n\n\n\n<p>Para localizar el epicentro, magnitud y energ\u00eda se hizo un estudio anal\u00edtico tomando datos de los Observatorios de Cartuja, M\u00e1laga, Almer\u00eda, Toledo, Alicante, Lisboa y Tortosa. Tras un detenido examen de los datos sit\u00faan el epicentro inmediato a Atarfe.<\/p>\n\n\n\n<p>\u00a0La comarca es bien conocida y pertenece a la comarca s\u00edsmica granadina cuya vega es atravesada por el Genil. La gran sismicidad de la zona se debe a que es una zona de contacto entre las Serran\u00edas Sub\u00e9ticas y Penib\u00e9ticas (seg\u00fan Due y otros). Este terremoto fue sentido en una amplia zona como se puede apreciar en el mapa de las isosistas elaborado por J. Bonelli y L. Esteban Carrasco que insertamos junto a algunas fotograf\u00edas de la \u00e9poca.<\/p>\n\n\n\n<p><\/p>\n\n\n\n<p>Finalmente podemos indicar que \u00abeste terremoto tuvo una magnitud moderada, alcanz\u00f3 mayores efectos de los esperados para este tipo de eventos\u00bb. Las causas de esta mayor cantidad de da\u00f1os pueden deberse a diversos factores ya apuntados anteriormente: \u00abescasa calidad de las construcciones y efectos de amplificaci\u00f3n por el tipo de suelo que nos encontramos en la Vega de Granada. Este terremoto nos debe de servir para prevenir los males futuros, porque muchos de los efectos de los terremotos, hoy por hoy, pueden ser evitados\u00bb.<\/p>\n\n\n\n<p><em>Informaci\u00f3n hist\u00f3rica publicada en el Instituto Andaluz de Geof\u00edsica<\/em><\/p>\n","protected":false},"excerpt":{"rendered":"<p>Se conocen datos de terremotos en Granada desde la \u00e9poca nazar\u00ed, cuando se construy\u00f3 la Alhambra. Pero en estos \u00faltimos 50 a\u00f1os se han sucedido los fen\u00f3menos s\u00edsmicos. AUTOR Leandro Sequeiros Ge\u00f3logo, Academia de Ciencias de Zaragoza Los medios de comunicaci\u00f3n y las redes sociales, nos han alertado, informado y casi saturado de informaci\u00f3n sobre [&hellip;]<\/p>\n","protected":false},"author":2,"featured_media":14927,"comment_status":"open","ping_status":"open","sticky":false,"template":"","format":"standard","meta":{"tdm_status":"","tdm_grid_status":"","footnotes":""},"categories":[1753],"tags":[1765,1510,1213,166],"class_list":{"0":"post-14924","1":"post","2":"type-post","3":"status-publish","4":"format-standard","5":"has-post-thumbnail","7":"category-tt-68","8":"tag-actividad-sismica","9":"tag-geologia-2","10":"tag-granada","11":"tag-terremotos"},"yoast_head":"<!-- This site is optimized with the Yoast SEO plugin v27.0 - https:\/\/yoast.com\/product\/yoast-seo-wordpress\/ -->\r\n<title>Granada, zona s\u00edsmica - Tierra y Tecnolog\u00eda<\/title>\r\n<meta name=\"robots\" content=\"index, follow, max-snippet:-1, max-image-preview:large, max-video-preview:-1\" \/>\r\n<link rel=\"canonical\" href=\"https:\/\/www.icog.es\/TyT\/index.php\/2026\/09\/granada-zona-sismica\/\" \/>\r\n<meta property=\"og:locale\" content=\"es_ES\" \/>\r\n<meta property=\"og:type\" content=\"article\" \/>\r\n<meta property=\"og:title\" content=\"Granada, zona s\u00edsmica - Tierra y Tecnolog\u00eda\" \/>\r\n<meta property=\"og:description\" content=\"Se conocen datos de terremotos en Granada desde la \u00e9poca nazar\u00ed, cuando se construy\u00f3 la Alhambra. Pero en estos \u00faltimos 50 a\u00f1os se han sucedido los fen\u00f3menos s\u00edsmicos. AUTOR Leandro Sequeiros Ge\u00f3logo, Academia de Ciencias de Zaragoza Los medios de comunicaci\u00f3n y las redes sociales, nos han alertado, informado y casi saturado de informaci\u00f3n sobre [&hellip;]\" \/>\r\n<meta property=\"og:url\" content=\"https:\/\/www.icog.es\/TyT\/index.php\/2026\/09\/granada-zona-sismica\/\" \/>\r\n<meta property=\"og:site_name\" content=\"Tierra y Tecnolog\u00eda\" \/>\r\n<meta property=\"article:publisher\" content=\"https:\/\/www.facebook.com\/CGEOLOGOS\" \/>\r\n<meta property=\"article:author\" content=\"https:\/\/www.facebook.com\/CGEOLOGOS\" \/>\r\n<meta property=\"article:published_time\" content=\"2026-09-02T09:41:42+00:00\" \/>\r\n<meta property=\"article:modified_time\" content=\"2026-09-02T09:41:52+00:00\" \/>\r\n<meta property=\"og:image\" content=\"https:\/\/www.icog.es\/TyT\/wp-content\/uploads\/2026\/09\/ChatGPT-Image-2-sept-2026-11_40_59-768x1024.png\" \/>\r\n\t<meta property=\"og:image:width\" content=\"768\" \/>\r\n\t<meta property=\"og:image:height\" content=\"1024\" \/>\r\n\t<meta property=\"og:image:type\" content=\"image\/png\" \/>\r\n<meta name=\"author\" content=\"Redacci\u00f3n\" \/>\r\n<meta name=\"twitter:card\" content=\"summary_large_image\" \/>\r\n<meta name=\"twitter:creator\" content=\"@https:\/\/twitter.com\/cgeologos\" \/>\r\n<meta name=\"twitter:site\" content=\"@cgeologos\" \/>\r\n<meta name=\"twitter:label1\" content=\"Escrito por\" \/>\n\t<meta name=\"twitter:data1\" content=\"Redacci\u00f3n\" \/>\n\t<meta name=\"twitter:label2\" content=\"Tiempo de lectura\" \/>\n\t<meta name=\"twitter:data2\" content=\"13 minutos\" \/>\r\n<script type=\"application\/ld+json\" class=\"yoast-schema-graph\">{\"@context\":\"https:\/\/schema.org\",\"@graph\":[{\"@type\":\"Article\",\"@id\":\"https:\/\/www.icog.es\/TyT\/index.php\/2026\/09\/granada-zona-sismica\/#article\",\"isPartOf\":{\"@id\":\"https:\/\/www.icog.es\/TyT\/index.php\/2026\/09\/granada-zona-sismica\/\"},\"author\":{\"name\":\"Redacci\u00f3n\",\"@id\":\"https:\/\/www.icog.es\/TyT\/#\/schema\/person\/590cfb5c1b7b4e4b350d60316033e853\"},\"headline\":\"Granada, zona s\u00edsmica\",\"datePublished\":\"2026-09-02T09:41:42+00:00\",\"dateModified\":\"2026-09-02T09:41:52+00:00\",\"mainEntityOfPage\":{\"@id\":\"https:\/\/www.icog.es\/TyT\/index.php\/2026\/09\/granada-zona-sismica\/\"},\"wordCount\":2755,\"commentCount\":0,\"publisher\":{\"@id\":\"https:\/\/www.icog.es\/TyT\/#organization\"},\"image\":{\"@id\":\"https:\/\/www.icog.es\/TyT\/index.php\/2026\/09\/granada-zona-sismica\/#primaryimage\"},\"thumbnailUrl\":\"https:\/\/www.icog.es\/TyT\/wp-content\/uploads\/2026\/09\/ChatGPT-Image-2-sept-2026-11_40_59.png\",\"keywords\":[\"actividad sismica\",\"geologia\",\"Granada\",\"terremotos\"],\"articleSection\":[\"T&amp;T 68\"],\"inLanguage\":\"es\",\"potentialAction\":[{\"@type\":\"CommentAction\",\"name\":\"Comment\",\"target\":[\"https:\/\/www.icog.es\/TyT\/index.php\/2026\/09\/granada-zona-sismica\/#respond\"]}]},{\"@type\":\"WebPage\",\"@id\":\"https:\/\/www.icog.es\/TyT\/index.php\/2026\/09\/granada-zona-sismica\/\",\"url\":\"https:\/\/www.icog.es\/TyT\/index.php\/2026\/09\/granada-zona-sismica\/\",\"name\":\"Granada, zona s\u00edsmica - Tierra y Tecnolog\u00eda\",\"isPartOf\":{\"@id\":\"https:\/\/www.icog.es\/TyT\/#website\"},\"primaryImageOfPage\":{\"@id\":\"https:\/\/www.icog.es\/TyT\/index.php\/2026\/09\/granada-zona-sismica\/#primaryimage\"},\"image\":{\"@id\":\"https:\/\/www.icog.es\/TyT\/index.php\/2026\/09\/granada-zona-sismica\/#primaryimage\"},\"thumbnailUrl\":\"https:\/\/www.icog.es\/TyT\/wp-content\/uploads\/2026\/09\/ChatGPT-Image-2-sept-2026-11_40_59.png\",\"datePublished\":\"2026-09-02T09:41:42+00:00\",\"dateModified\":\"2026-09-02T09:41:52+00:00\",\"breadcrumb\":{\"@id\":\"https:\/\/www.icog.es\/TyT\/index.php\/2026\/09\/granada-zona-sismica\/#breadcrumb\"},\"inLanguage\":\"es\",\"potentialAction\":[{\"@type\":\"ReadAction\",\"target\":[\"https:\/\/www.icog.es\/TyT\/index.php\/2026\/09\/granada-zona-sismica\/\"]}]},{\"@type\":\"ImageObject\",\"inLanguage\":\"es\",\"@id\":\"https:\/\/www.icog.es\/TyT\/index.php\/2026\/09\/granada-zona-sismica\/#primaryimage\",\"url\":\"https:\/\/www.icog.es\/TyT\/wp-content\/uploads\/2026\/09\/ChatGPT-Image-2-sept-2026-11_40_59.png\",\"contentUrl\":\"https:\/\/www.icog.es\/TyT\/wp-content\/uploads\/2026\/09\/ChatGPT-Image-2-sept-2026-11_40_59.png\",\"width\":1086,\"height\":1448},{\"@type\":\"BreadcrumbList\",\"@id\":\"https:\/\/www.icog.es\/TyT\/index.php\/2026\/09\/granada-zona-sismica\/#breadcrumb\",\"itemListElement\":[{\"@type\":\"ListItem\",\"position\":1,\"name\":\"Portada\",\"item\":\"https:\/\/www.icog.es\/TyT\/\"},{\"@type\":\"ListItem\",\"position\":2,\"name\":\"Granada, zona s\u00edsmica\"}]},{\"@type\":\"WebSite\",\"@id\":\"https:\/\/www.icog.es\/TyT\/#website\",\"url\":\"https:\/\/www.icog.es\/TyT\/\",\"name\":\"Tierra y Tecnolog\u00eda\",\"description\":\"Revista de informaci\u00f3n geol\u00f3gica\",\"publisher\":{\"@id\":\"https:\/\/www.icog.es\/TyT\/#organization\"},\"potentialAction\":[{\"@type\":\"SearchAction\",\"target\":{\"@type\":\"EntryPoint\",\"urlTemplate\":\"https:\/\/www.icog.es\/TyT\/?s={search_term_string}\"},\"query-input\":{\"@type\":\"PropertyValueSpecification\",\"valueRequired\":true,\"valueName\":\"search_term_string\"}}],\"inLanguage\":\"es\"},{\"@type\":\"Organization\",\"@id\":\"https:\/\/www.icog.es\/TyT\/#organization\",\"name\":\"Tierra y Tecnolog\u00eda - Colegio de Ge\u00f3logos\",\"url\":\"https:\/\/www.icog.es\/TyT\/\",\"logo\":{\"@type\":\"ImageObject\",\"inLanguage\":\"es\",\"@id\":\"https:\/\/www.icog.es\/TyT\/#\/schema\/logo\/image\/\",\"url\":\"https:\/\/www.icog.es\/TyT\/wp-content\/uploads\/2013\/02\/logotytmini.jpg\",\"contentUrl\":\"https:\/\/www.icog.es\/TyT\/wp-content\/uploads\/2013\/02\/logotytmini.jpg\",\"width\":325,\"height\":127,\"caption\":\"Tierra y Tecnolog\u00eda - Colegio de Ge\u00f3logos\"},\"image\":{\"@id\":\"https:\/\/www.icog.es\/TyT\/#\/schema\/logo\/image\/\"},\"sameAs\":[\"https:\/\/www.facebook.com\/CGEOLOGOS\",\"https:\/\/x.com\/cgeologos\",\"https:\/\/www.linkedin.com\/company\/colegio-oficial-de-ge-logos\",\"https:\/\/www.pinterest.com\/cgeologos\/\",\"http:\/\/www.youtube.com\/ICOGtv\"]},{\"@type\":\"Person\",\"@id\":\"https:\/\/www.icog.es\/TyT\/#\/schema\/person\/590cfb5c1b7b4e4b350d60316033e853\",\"name\":\"Redacci\u00f3n\",\"image\":{\"@type\":\"ImageObject\",\"inLanguage\":\"es\",\"@id\":\"https:\/\/www.icog.es\/TyT\/#\/schema\/person\/image\/\",\"url\":\"https:\/\/secure.gravatar.com\/avatar\/f9c0ac81b2e8e690bee30ac3b42bf27f02e8dedc49686b871256e17dc7cd000b?s=96&d=identicon&r=g\",\"contentUrl\":\"https:\/\/secure.gravatar.com\/avatar\/f9c0ac81b2e8e690bee30ac3b42bf27f02e8dedc49686b871256e17dc7cd000b?s=96&d=identicon&r=g\",\"caption\":\"Redacci\u00f3n\"},\"description\":\"Tierra y Tecnolog\u00eda es una publicaci\u00f3n del Ilustre Colegio Oficial de Ge\u00f3logos (ICOG). El ICOG es una instituci\u00f3n sin finalidad lucrativa creada para la defensa y apoyo de los intereses de los Ge\u00f3logos, creada por Ley 73\/1978 de 26 de Diciembre, es una corporaci\u00f3n de Derecho P\u00fablico, amparada por Ley y reconocida por el Estado, con personalidad jur\u00eddica propia y capacidad plena para el ejercicio de sus funciones y cumplimiento de sus fines.\",\"sameAs\":[\"https:\/\/cgeologos.es\",\"https:\/\/www.facebook.com\/CGEOLOGOS\",\"https:\/\/www.linkedin.com\/company\/313811\",\"https:\/\/x.com\/https:\/\/twitter.com\/cgeologos\",\"http:\/\/www.youtube.com\/ICOGtv\"],\"url\":\"https:\/\/www.icog.es\/TyT\/index.php\/author\/jl-barrera\/\"}]}<\/script>\r\n<!-- \/ Yoast SEO plugin. -->","yoast_head_json":{"title":"Granada, zona s\u00edsmica - Tierra y Tecnolog\u00eda","robots":{"index":"index","follow":"follow","max-snippet":"max-snippet:-1","max-image-preview":"max-image-preview:large","max-video-preview":"max-video-preview:-1"},"canonical":"https:\/\/www.icog.es\/TyT\/index.php\/2026\/09\/granada-zona-sismica\/","og_locale":"es_ES","og_type":"article","og_title":"Granada, zona s\u00edsmica - Tierra y Tecnolog\u00eda","og_description":"Se conocen datos de terremotos en Granada desde la \u00e9poca nazar\u00ed, cuando se construy\u00f3 la Alhambra. Pero en estos \u00faltimos 50 a\u00f1os se han sucedido los fen\u00f3menos s\u00edsmicos. AUTOR Leandro Sequeiros Ge\u00f3logo, Academia de Ciencias de Zaragoza Los medios de comunicaci\u00f3n y las redes sociales, nos han alertado, informado y casi saturado de informaci\u00f3n sobre [&hellip;]","og_url":"https:\/\/www.icog.es\/TyT\/index.php\/2026\/09\/granada-zona-sismica\/","og_site_name":"Tierra y Tecnolog\u00eda","article_publisher":"https:\/\/www.facebook.com\/CGEOLOGOS","article_author":"https:\/\/www.facebook.com\/CGEOLOGOS","article_published_time":"2026-09-02T09:41:42+00:00","article_modified_time":"2026-09-02T09:41:52+00:00","og_image":[{"width":768,"height":1024,"url":"https:\/\/www.icog.es\/TyT\/wp-content\/uploads\/2026\/09\/ChatGPT-Image-2-sept-2026-11_40_59-768x1024.png","type":"image\/png"}],"author":"Redacci\u00f3n","twitter_card":"summary_large_image","twitter_creator":"@https:\/\/twitter.com\/cgeologos","twitter_site":"@cgeologos","twitter_misc":{"Escrito por":"Redacci\u00f3n","Tiempo de lectura":"13 minutos"},"schema":{"@context":"https:\/\/schema.org","@graph":[{"@type":"Article","@id":"https:\/\/www.icog.es\/TyT\/index.php\/2026\/09\/granada-zona-sismica\/#article","isPartOf":{"@id":"https:\/\/www.icog.es\/TyT\/index.php\/2026\/09\/granada-zona-sismica\/"},"author":{"name":"Redacci\u00f3n","@id":"https:\/\/www.icog.es\/TyT\/#\/schema\/person\/590cfb5c1b7b4e4b350d60316033e853"},"headline":"Granada, zona s\u00edsmica","datePublished":"2026-09-02T09:41:42+00:00","dateModified":"2026-09-02T09:41:52+00:00","mainEntityOfPage":{"@id":"https:\/\/www.icog.es\/TyT\/index.php\/2026\/09\/granada-zona-sismica\/"},"wordCount":2755,"commentCount":0,"publisher":{"@id":"https:\/\/www.icog.es\/TyT\/#organization"},"image":{"@id":"https:\/\/www.icog.es\/TyT\/index.php\/2026\/09\/granada-zona-sismica\/#primaryimage"},"thumbnailUrl":"https:\/\/www.icog.es\/TyT\/wp-content\/uploads\/2026\/09\/ChatGPT-Image-2-sept-2026-11_40_59.png","keywords":["actividad sismica","geologia","Granada","terremotos"],"articleSection":["T&amp;T 68"],"inLanguage":"es","potentialAction":[{"@type":"CommentAction","name":"Comment","target":["https:\/\/www.icog.es\/TyT\/index.php\/2026\/09\/granada-zona-sismica\/#respond"]}]},{"@type":"WebPage","@id":"https:\/\/www.icog.es\/TyT\/index.php\/2026\/09\/granada-zona-sismica\/","url":"https:\/\/www.icog.es\/TyT\/index.php\/2026\/09\/granada-zona-sismica\/","name":"Granada, zona s\u00edsmica - Tierra y Tecnolog\u00eda","isPartOf":{"@id":"https:\/\/www.icog.es\/TyT\/#website"},"primaryImageOfPage":{"@id":"https:\/\/www.icog.es\/TyT\/index.php\/2026\/09\/granada-zona-sismica\/#primaryimage"},"image":{"@id":"https:\/\/www.icog.es\/TyT\/index.php\/2026\/09\/granada-zona-sismica\/#primaryimage"},"thumbnailUrl":"https:\/\/www.icog.es\/TyT\/wp-content\/uploads\/2026\/09\/ChatGPT-Image-2-sept-2026-11_40_59.png","datePublished":"2026-09-02T09:41:42+00:00","dateModified":"2026-09-02T09:41:52+00:00","breadcrumb":{"@id":"https:\/\/www.icog.es\/TyT\/index.php\/2026\/09\/granada-zona-sismica\/#breadcrumb"},"inLanguage":"es","potentialAction":[{"@type":"ReadAction","target":["https:\/\/www.icog.es\/TyT\/index.php\/2026\/09\/granada-zona-sismica\/"]}]},{"@type":"ImageObject","inLanguage":"es","@id":"https:\/\/www.icog.es\/TyT\/index.php\/2026\/09\/granada-zona-sismica\/#primaryimage","url":"https:\/\/www.icog.es\/TyT\/wp-content\/uploads\/2026\/09\/ChatGPT-Image-2-sept-2026-11_40_59.png","contentUrl":"https:\/\/www.icog.es\/TyT\/wp-content\/uploads\/2026\/09\/ChatGPT-Image-2-sept-2026-11_40_59.png","width":1086,"height":1448},{"@type":"BreadcrumbList","@id":"https:\/\/www.icog.es\/TyT\/index.php\/2026\/09\/granada-zona-sismica\/#breadcrumb","itemListElement":[{"@type":"ListItem","position":1,"name":"Portada","item":"https:\/\/www.icog.es\/TyT\/"},{"@type":"ListItem","position":2,"name":"Granada, zona s\u00edsmica"}]},{"@type":"WebSite","@id":"https:\/\/www.icog.es\/TyT\/#website","url":"https:\/\/www.icog.es\/TyT\/","name":"Tierra y Tecnolog\u00eda","description":"Revista de informaci\u00f3n geol\u00f3gica","publisher":{"@id":"https:\/\/www.icog.es\/TyT\/#organization"},"potentialAction":[{"@type":"SearchAction","target":{"@type":"EntryPoint","urlTemplate":"https:\/\/www.icog.es\/TyT\/?s={search_term_string}"},"query-input":{"@type":"PropertyValueSpecification","valueRequired":true,"valueName":"search_term_string"}}],"inLanguage":"es"},{"@type":"Organization","@id":"https:\/\/www.icog.es\/TyT\/#organization","name":"Tierra y Tecnolog\u00eda - Colegio de Ge\u00f3logos","url":"https:\/\/www.icog.es\/TyT\/","logo":{"@type":"ImageObject","inLanguage":"es","@id":"https:\/\/www.icog.es\/TyT\/#\/schema\/logo\/image\/","url":"https:\/\/www.icog.es\/TyT\/wp-content\/uploads\/2013\/02\/logotytmini.jpg","contentUrl":"https:\/\/www.icog.es\/TyT\/wp-content\/uploads\/2013\/02\/logotytmini.jpg","width":325,"height":127,"caption":"Tierra y Tecnolog\u00eda - Colegio de Ge\u00f3logos"},"image":{"@id":"https:\/\/www.icog.es\/TyT\/#\/schema\/logo\/image\/"},"sameAs":["https:\/\/www.facebook.com\/CGEOLOGOS","https:\/\/x.com\/cgeologos","https:\/\/www.linkedin.com\/company\/colegio-oficial-de-ge-logos","https:\/\/www.pinterest.com\/cgeologos\/","http:\/\/www.youtube.com\/ICOGtv"]},{"@type":"Person","@id":"https:\/\/www.icog.es\/TyT\/#\/schema\/person\/590cfb5c1b7b4e4b350d60316033e853","name":"Redacci\u00f3n","image":{"@type":"ImageObject","inLanguage":"es","@id":"https:\/\/www.icog.es\/TyT\/#\/schema\/person\/image\/","url":"https:\/\/secure.gravatar.com\/avatar\/f9c0ac81b2e8e690bee30ac3b42bf27f02e8dedc49686b871256e17dc7cd000b?s=96&d=identicon&r=g","contentUrl":"https:\/\/secure.gravatar.com\/avatar\/f9c0ac81b2e8e690bee30ac3b42bf27f02e8dedc49686b871256e17dc7cd000b?s=96&d=identicon&r=g","caption":"Redacci\u00f3n"},"description":"Tierra y Tecnolog\u00eda es una publicaci\u00f3n del Ilustre Colegio Oficial de Ge\u00f3logos (ICOG). El ICOG es una instituci\u00f3n sin finalidad lucrativa creada para la defensa y apoyo de los intereses de los Ge\u00f3logos, creada por Ley 73\/1978 de 26 de Diciembre, es una corporaci\u00f3n de Derecho P\u00fablico, amparada por Ley y reconocida por el Estado, con personalidad jur\u00eddica propia y capacidad plena para el ejercicio de sus funciones y cumplimiento de sus fines.","sameAs":["https:\/\/cgeologos.es","https:\/\/www.facebook.com\/CGEOLOGOS","https:\/\/www.linkedin.com\/company\/313811","https:\/\/x.com\/https:\/\/twitter.com\/cgeologos","http:\/\/www.youtube.com\/ICOGtv"],"url":"https:\/\/www.icog.es\/TyT\/index.php\/author\/jl-barrera\/"}]}},"_links":{"self":[{"href":"https:\/\/www.icog.es\/TyT\/index.php\/wp-json\/wp\/v2\/posts\/14924","targetHints":{"allow":["GET"]}}],"collection":[{"href":"https:\/\/www.icog.es\/TyT\/index.php\/wp-json\/wp\/v2\/posts"}],"about":[{"href":"https:\/\/www.icog.es\/TyT\/index.php\/wp-json\/wp\/v2\/types\/post"}],"author":[{"embeddable":true,"href":"https:\/\/www.icog.es\/TyT\/index.php\/wp-json\/wp\/v2\/users\/2"}],"replies":[{"embeddable":true,"href":"https:\/\/www.icog.es\/TyT\/index.php\/wp-json\/wp\/v2\/comments?post=14924"}],"version-history":[{"count":1,"href":"https:\/\/www.icog.es\/TyT\/index.php\/wp-json\/wp\/v2\/posts\/14924\/revisions"}],"predecessor-version":[{"id":14928,"href":"https:\/\/www.icog.es\/TyT\/index.php\/wp-json\/wp\/v2\/posts\/14924\/revisions\/14928"}],"wp:featuredmedia":[{"embeddable":true,"href":"https:\/\/www.icog.es\/TyT\/index.php\/wp-json\/wp\/v2\/media\/14927"}],"wp:attachment":[{"href":"https:\/\/www.icog.es\/TyT\/index.php\/wp-json\/wp\/v2\/media?parent=14924"}],"wp:term":[{"taxonomy":"category","embeddable":true,"href":"https:\/\/www.icog.es\/TyT\/index.php\/wp-json\/wp\/v2\/categories?post=14924"},{"taxonomy":"post_tag","embeddable":true,"href":"https:\/\/www.icog.es\/TyT\/index.php\/wp-json\/wp\/v2\/tags?post=14924"}],"curies":[{"name":"wp","href":"https:\/\/api.w.org\/{rel}","templated":true}]}}