{"id":14528,"date":"2025-06-18T14:23:41","date_gmt":"2025-06-18T14:23:41","guid":{"rendered":"https:\/\/www.icog.es\/TyT\/?p=14528"},"modified":"2025-11-18T15:23:32","modified_gmt":"2025-11-18T15:23:32","slug":"el-lanzaroteno-clavijo-y-fajardo-la-mineralogia-y-los-analogos-de-marte","status":"publish","type":"post","link":"https:\/\/www.icog.es\/TyT\/index.php\/2025\/06\/el-lanzaroteno-clavijo-y-fajardo-la-mineralogia-y-los-analogos-de-marte\/","title":{"rendered":"El lanzarote\u00f1o Clavijo y Fajardo, la Mineralog\u00eda y los an\u00e1logos de Marte"},"content":{"rendered":"\n<p>Jes\u00fas Mart\u00ednez Fr\u00edas<\/p>\n\n\n\n<p><em>Instituto de Geociencias, CSIC-UCM, Reales Academias de Ciencias y Doctores de Espa\u00f1a y Academia de Ciencias, Ingenier\u00edas y Humanidades de Lanzarote<\/em><\/p>\n\n\n\n<p>La importancia de Canarias y espec\u00edficamente de Lanzarote (Mart\u00ednez Fr\u00edas, 2021, Mart\u00ednez Fr\u00edas y Mateo Mederos, 2018) como an\u00e1logo para la exploraci\u00f3n e investigaci\u00f3n de Marte ya ha sido destacada, por su relevancia lunar y planetaria, en numerosas ocasiones, en este mismo foro de manera <a href=\"https:\/\/www.icog.es\/TyT\/index.php\/2017\/09\/geodiversidad-y-geociencias-planetarias-analogos-de-marte-en-espana\/\">gen\u00e9rica<\/a> y <a href=\"https:\/\/www.icog.es\/TyT\/index.php\/2021\/11\/desde-la-geologia-de-espana-hacia-el-espacio\/\">espec\u00edfica<\/a> y en <a href=\"https:\/\/link.springer.com\/book\/10.1007\/978-3-030-13130-2\">libros<\/a>, <a href=\"http:\/\/www.academiadelanzarote.es\/Discursos\/Discurso-84.pdf\">discursos acad\u00e9micos<\/a>, <a href=\"https:\/\/geoparquelanzarote.org\/conferencia-lanzarote-volcanes-agua-y-habitabilidad-planetaria\/\">conferencias<\/a> y <a href=\"https:\/\/www.episodes.org\/journal\/view.html?doi=10.18814\/epiiugs\/2017\/v40i4\/017035\">art\u00edculos de investigaci\u00f3n<\/a> y <a href=\"https:\/\/www.ucm.es\/otri\/entrenando-astronautas-en-el-geoparque-de-lanzarote\">divulgaci\u00f3n<\/a>. Una gran parte de la trascendencia alcanzada por los an\u00e1logos y las planificaciones cient\u00edficas de las misiones a Marte se sustenta en la mineralog\u00eda y las asociaciones mineral\u00f3gicas. En particular, en aquellos minerales relacionados con paleoambientes acuosos del pasado del planeta, que pueden ser utilizados como geomarcadores de habitabilidad (Mart\u00ednez Fr\u00edas et al. 2007). Como se est\u00e1 demostrando en las misiones a diferentes planetas y lunas, la mineralog\u00eda est\u00e1 resultando una disciplina crucial (Mart\u00ednez Fr\u00edas et al. 2006) para este prop\u00f3sito, no solo en el \u00e1mbito de la geolog\u00eda planetaria (Mart\u00ednez Fr\u00edas, 2014), sino tambi\u00e9n en sus objetivos astrobiol\u00f3gicos.<\/p>\n\n\n\n<p>Desde Espa\u00f1a, venimos participando geol\u00f3gicamente, de manera importante, en las dos misiones de los rovers Curiosity y Perseverance de la NASA actualmente en Marte y en otros contextos geol\u00f3gicos, mineral\u00f3gicos y astrobiol\u00f3gicos, ligados a nuestras <a href=\"https:\/\/rac.es\/ficheros\/doc\/7307eed29599d9e8.pdf\">contribuciones, algunas de ellas pioneras<\/a>, sobre an\u00e1logos terrestres y astrobiolog\u00eda. Pero, no debemos olvidar c\u00f3mo hemos llegado hasta aqu\u00ed, a \u201chombros de gigantes\u201d (Martin, 2024), ni la contribuci\u00f3n vanguardista de algunos personajes ilustres de nuestra historia de la ciencia, que acrisolan varios atributos, incluso propios de origen, relacionados con estas tem\u00e1ticas. Es el caso del lanzarote\u00f1o Jos\u00e9 Clavijo y Fajardo&nbsp;(<a href=\"https:\/\/es.wikipedia.org\/wiki\/Teguise\">Teguise<\/a>, 19 de mayo de 1726 &#8211; <a href=\"https:\/\/es.wikipedia.org\/wiki\/Madrid\">Madrid<\/a>, 3 de noviembre de 1806) (Fig.1).&nbsp;<\/p>\n\n\n\n<figure class=\"wp-block-image size-full\"><a href=\"https:\/\/www.icog.es\/TyT\/wp-content\/uploads\/2025\/06\/Fig1_ClavijoyFajardo.gif\"><img loading=\"lazy\" decoding=\"async\" width=\"567\" height=\"560\" src=\"https:\/\/www.icog.es\/TyT\/wp-content\/uploads\/2025\/06\/Fig1_ClavijoyFajardo.gif\" alt=\"\" class=\"wp-image-14529\"\/><\/a><\/figure>\n\n\n\n<p><em>Fig. 1: Retrato de Jos\u00e9 Clavijo y Fajardo, atribuido al artista Joaqu\u00edn Inza.<\/em><\/p>\n\n\n\n<p>Ser\u00eda absurdo, pretender realizar aqu\u00ed un compendio exhaustivo de la vida y obra de este distinguido \u201c<em>dramaturgo, naturalista, periodista y traductor<\/em>\u201d, como ha sido definido por su amplio abanico de actividades. Personalmente, incluir\u00eda tambi\u00e9n su labor como eminente gestor en su papel de vicedirector y director de una instituci\u00f3n tan relevante como fue el Real Gabinete de Historia Natural y tambi\u00e9n como gran divulgador. En este sentido, una informaci\u00f3n m\u00e1s detallada acerca del Real Gabinete, que fue el antecedente del hoy Museo Nacional de Ciencias Naturales, puede encontrarse <a href=\"http:\/\/libros.csic.es\/product_info.php?products_id=1058\">aqu\u00ed<\/a> y <a href=\"https:\/\/www.agapea.com\/libros\/El-gabinete-perdido-Pedro-Franco-Davila-y-la-historia-natural-del-Siglo-de-las-Luces-9788400087531-i.htm\">aqu\u00ed<\/a>, entre otras referencias. El propio Museo Nacional de Ciencias Naturales recoge, como no pod\u00eda ser de otra manera, la figura de Jos\u00e9 Clavijo y Fajardo como personaje hist\u00f3rico (Pe\u00f1a de Camus, 2020) de la instituci\u00f3n.<\/p>\n\n\n\n<p>En su etapa formativa y en cierto modo aventurera de juventud, se forjaron algunas de sus principales vocaciones y motivaciones. Tal y como se indica en &nbsp;la Real Academia de la Historia (RAH, 2022):<\/p>\n\n\n\n<p><em>\u201cMuy joven, antes de cumplir los veinte a\u00f1os en 1745, sali\u00f3 de su isla natal para viajar a Francia, donde en la capital parisina curs\u00f3 varios estudios. El contacto con la Ilustraci\u00f3n francesa fue determinante en su ulterior actividad literaria y cient\u00edfica. Este conocimiento de primera mano de la cultura y la ciencia francesas, sus relaciones con el grupo de abanderados de la Ilustraci\u00f3n espa\u00f1ola, como Grimaldi o el conde de Aranda, le valieron una posici\u00f3n privilegiada en el \u00e1mbito tanto de las letras como de la ciencia espa\u00f1ola de la segunda mitad del siglo XVIII\u201d<\/em><\/p>\n\n\n\n<p><em>\u201cMayor importancia si cabe debe conceder a Jos\u00e9 Clavijo y Fajardo en la Historia de las Ciencias Naturales en Espa\u00f1a con la traducci\u00f3n de la obra del conde de Buffon\u201d&#8230;\u201dLa obra cumbre de la ciencia natural, la&nbsp;Histoire Naturelle&nbsp;de Buffon, fue el exponente m\u00e1s brillante de esta disciplina en la Europa de la Ilustraci\u00f3n, raz\u00f3n que pone de relieve el magno esfuerzo de Clavijo al castellanizar esta enciclopedia de Historia Natural. La traducci\u00f3n de la&nbsp;Historia Natural general y particular, escrita en franc\u00e9s por el Conde de Buffon, constituye uno de los frutos m\u00e1s sazonados por el esfuerzo de nuestros ilustrados de poner al d\u00eda la ciencia espa\u00f1ola.\u201d <\/em>(Fig.2).<\/p>\n\n\n\n<p>Entre otras muchas fuentes &#8211;y con el \u00fanico \u00e1nimo de aportar en esta contribuci\u00f3n una revisi\u00f3n gen\u00e9rica&#8211;, es importante resaltar, los libros y <a href=\"https:\/\/dialnet.unirioja.es\/servlet\/articulo?codigo=7762734\">art\u00edculo<\/a>s publicados por Hern\u00e1ndez Pacheco (1944), Espinosa (1970), Negr\u00edn Fajardo (2003), Gavi\u00f1o de Franchy (2019), Bruquetas de Castro y Delgado L\u00f3pez (2019) (m\u00e1s focalizado en Teguise), Perrupato (2012) y Albal\u00e1 y Puig-Samper (2020), entre otros. En ellos, se recogen y detallan muchas de sus vicisitudes, sintetizando sus actividades y logros principales. Amigo de&nbsp;Voltaire y Diderot fue uno de los importadores del pensamiento ilustrado franc\u00e9s en Espa\u00f1a. Fund\u00f3 el peri\u00f3dico El Pensador a imagen del peri\u00f3dico ingl\u00e9s&nbsp;The Spectator&nbsp;y firm\u00f3 sus escritos bajo el seud\u00f3nimo Don&nbsp;Joseph \u00c1lvarez y Valladares. Lleg\u00f3 a ser Miembro de las Academias de Historia Natural de Berl\u00edn&nbsp;y&nbsp;Copenhague, de la mano de&nbsp;Humboldt, a quien <a href=\"https:\/\/www.biosferadigital.com\/articulo\/sociedad\/jose-clavijo-fajardo-rompecorazones-ilustrado-nacido-villa-grande-grandes\/20241111083449145651.html\">hab\u00eda introducido<\/a> en los c\u00edrculos cient\u00edficos madrile\u00f1os. En 2017 se le realiz\u00f3 un homenaje en el Instituto Iberoamericano de Berl\u00edn (Teguise, 2017), propuesto por la agregadur\u00eda Cultural de la Embajada de Espa\u00f1a en Berl\u00edn, enmarcado en la celebraci\u00f3n del 600 aniversario de la historia de Teguise, su ciudad natal.<\/p>\n\n\n\n<figure class=\"wp-block-image size-large\"><a href=\"https:\/\/www.icog.es\/TyT\/wp-content\/uploads\/2025\/06\/Fig.2_HistoriaNatural.jpg\"><img loading=\"lazy\" decoding=\"async\" width=\"1024\" height=\"852\" src=\"https:\/\/www.icog.es\/TyT\/wp-content\/uploads\/2025\/06\/Fig.2_HistoriaNatural-1024x852.jpg\" alt=\"\" class=\"wp-image-14531\" srcset=\"https:\/\/www.icog.es\/TyT\/wp-content\/uploads\/2025\/06\/Fig.2_HistoriaNatural-1024x852.jpg 1024w, https:\/\/www.icog.es\/TyT\/wp-content\/uploads\/2025\/06\/Fig.2_HistoriaNatural-300x250.jpg 300w, https:\/\/www.icog.es\/TyT\/wp-content\/uploads\/2025\/06\/Fig.2_HistoriaNatural-768x639.jpg 768w, https:\/\/www.icog.es\/TyT\/wp-content\/uploads\/2025\/06\/Fig.2_HistoriaNatural-505x420.jpg 505w, https:\/\/www.icog.es\/TyT\/wp-content\/uploads\/2025\/06\/Fig.2_HistoriaNatural-696x579.jpg 696w, https:\/\/www.icog.es\/TyT\/wp-content\/uploads\/2025\/06\/Fig.2_HistoriaNatural-1068x888.jpg 1068w, https:\/\/www.icog.es\/TyT\/wp-content\/uploads\/2025\/06\/Fig.2_HistoriaNatural.jpg 1200w\" sizes=\"auto, (max-width: 1024px) 100vw, 1024px\" \/><\/a><\/figure>\n\n\n\n<p><em>Fig.2: Ejemplar de la Historia Natural de Buff\u00f3n, traducido por Jos\u00e9 Clavijo y Fajardo. Cr\u00e9ditos: Biblioteca Nacional de Espa\u00f1a.<\/em><\/p>\n\n\n\n<p>Tal y como relatan Albal\u00e1 y Puig-Samper (2020), Clavijo y Fajardo se encarg\u00f3 de gestionar el intercambio con numerosas instituciones europeas y la recepci\u00f3n de muchos de los env\u00edos de las expediciones americanas, incluida entre otras la de <a href=\"https:\/\/www.humboldt-foundation.de\/en\/explore\/alexander-von-humboldt\">Humboldt<\/a>, , as\u00ed como los objetos y manuscritos de <a href=\"https:\/\/historia-hispanica.rah.es\/biografias\/5443-felix-de-azara-y-perera\">F\u00e9lix de Azara<\/a> (con quien tuvo alg\u00fan que otro roce personal) (Garc\u00eda Blanco, 2021). Asimismo, tambi\u00e9n se indica que todo lo relacionado espec\u00edficamente con la geolog\u00eda quedaba en manos de Carlos de Gimbernat y de Cristiano Herrgen.<\/p>\n\n\n\n<p>Sin embargo, es muy importante subrayar que Clavijo y Fajardo tuvo un papel crucial en el \u00e1mbito de la Mineralog\u00eda, su desarrollo y establecimiento en Espa\u00f1a. Como bien sugieren Albal\u00e1 y Puig-Samper (2020): \u201c<em>la obsesi\u00f3n de Clavijo por la Mineralog\u00eda es notable y aparece se\u00f1alada frecuentemente en los oficios y escritos de esta \u00e9poca del Real Gabinete, en los \u00faltimos a\u00f1os del siglo XVIII<\/em>\u201d. De hecho, fue Clavijo y Fajardo quien propuso la creaci\u00f3n en nuestro pa\u00eds de un Gabinete Sistem\u00e1tico de Mineralog\u00eda y la c\u00e1tedra a \u00e9l asociada, que recaer\u00eda finalmente en Herrgen.<\/p>\n\n\n\n<p>Hace a\u00f1os, tuve la oportunidad de acercarme cient\u00edficamente a este ilustre personaje lanzarote\u00f1o a trav\u00e9s de dos libros (vol\u00famenes colectivos) y exposiciones que se realizaron en el Museo Nacional de Ciencias Naturales en las que pude participar como colaborador &nbsp;y coautor de algunos de sus art\u00edculos \u201c<a href=\"https:\/\/www.libroslowcost.es\/libro\/la-expedicion-mineralogica-de-los-hermanos-heuland-a-chile-y-peru-1795-1800_135245\"><em>La expedici\u00f3n mineral\u00f3gica de los hermanos Heuland a Chile y Per\u00fa<\/em><\/a>\u201d (Fig.3), sustentada en buena parte en la <a href=\"https:\/\/libreriaraimundo.com\/viajes\/58132-expedicion-cientifica-de-los-hermanos-heuland-1795-1800\">obra de Arias Divito<\/a> e \u201c<a href=\"https:\/\/www.iberlibro.com\/servlet\/BookDetailsPL?bi=31387555679\"><em>Historia Natural de Iberoam\u00e9rica<\/em><\/a>\u201d. La expedici\u00f3n de los Heuland fue espec\u00edficamente promovida en 1794 por Jos\u00e9 Clavijo y Fajardo, como director del Real Gabinete de Historia Natural y por Manuel Godoy, entonces Ministro de Estado.<\/p>\n\n\n\n<figure class=\"wp-block-image size-large\"><a href=\"https:\/\/www.icog.es\/TyT\/wp-content\/uploads\/2025\/06\/Fig.3_Heuland.jpg\"><img loading=\"lazy\" decoding=\"async\" width=\"896\" height=\"1024\" src=\"https:\/\/www.icog.es\/TyT\/wp-content\/uploads\/2025\/06\/Fig.3_Heuland-896x1024.jpg\" alt=\"\" class=\"wp-image-14532\" srcset=\"https:\/\/www.icog.es\/TyT\/wp-content\/uploads\/2025\/06\/Fig.3_Heuland-896x1024.jpg 896w, https:\/\/www.icog.es\/TyT\/wp-content\/uploads\/2025\/06\/Fig.3_Heuland-262x300.jpg 262w, https:\/\/www.icog.es\/TyT\/wp-content\/uploads\/2025\/06\/Fig.3_Heuland-768x878.jpg 768w, https:\/\/www.icog.es\/TyT\/wp-content\/uploads\/2025\/06\/Fig.3_Heuland-1344x1536.jpg 1344w, https:\/\/www.icog.es\/TyT\/wp-content\/uploads\/2025\/06\/Fig.3_Heuland-367x420.jpg 367w, https:\/\/www.icog.es\/TyT\/wp-content\/uploads\/2025\/06\/Fig.3_Heuland-696x796.jpg 696w, https:\/\/www.icog.es\/TyT\/wp-content\/uploads\/2025\/06\/Fig.3_Heuland-1068x1221.jpg 1068w, https:\/\/www.icog.es\/TyT\/wp-content\/uploads\/2025\/06\/Fig.3_Heuland.jpg 1788w\" sizes=\"auto, (max-width: 896px) 100vw, 896px\" \/><\/a><\/figure>\n\n\n\n<p><em>Fig.3: Portada de la obra colectiva La expedici\u00f3n Mineral\u00f3gica de los Hermanos Heuland a Chile y Per\u00fa, 1795-1800. La expedici\u00f3n fue una de las numerosas iniciativas pioneras, relacionadas con la mineralog\u00eda, impulsada por Clavijo y Fajardo.<\/em><\/p>\n\n\n\n<p>En el cat\u00e1logo de la exposici\u00f3n, que aparece al final de la obra (Fig.3), figuran una gran cantidad de minerales (carbonatos, \u00f3xidos, sulfatos, sulfuros, elementos nativos, etc.) y yacimientos donde se recogieron, muchos de ellos.<\/p>\n\n\n\n<p>Clavijo y Fajardo fue el creador y organizador de la Escuela de Mineralog\u00eda de Madrid (13 de junio de 1798) (Negr\u00edn Fajardo, 2003) y uno de los fundadores de los \u201cAnales de Historia Natural\u201d (Gomis Blanco, 2001). Su destacado inter\u00e9s y fascinaci\u00f3n por la Mineralog\u00eda se refleja incluso en algunos de sus textos originales, como el <a href=\"https:\/\/mdc.ulpgc.es\/files\/original\/157afe4e92eccd4c6faabeab129390674e3673fe.pdf\">recogido<\/a> en el Informe de Clavijo a Floridablanca sobre noticias de mineralog\u00eda que envi\u00f3 Miguel de Molina, 1 de enero de 1790, A.M.C.N., leg. 7, carp. 1 (Negr\u00edn Fajardo, 2003):<\/p>\n\n\n\n<p><em>\u201cSi enviase algunas Marcasitas grandes y cuyos \u00e1ngulos estubiesen perfectamente enteros y sin roze alguno, serian apreciables en este Museo &#8230; Tambi\u00e9n merecer\u00edan aprecio las gredas azuladas, azufres, cristalizas, m\u00e1rmoles y jaspes de todos colores &#8230;, y particularmente las cristalizas verdes y los jaspes mezclados de azul y rosa&#8230;\u201d<\/em><\/p>\n\n\n\n<p>Tal y como consta en el Informe de Clavijo a Saavedra, 3 de junio de 1798, A.M.C.N., leg. 1, carp. l.a., (Negr\u00edn Fajardo, 2003) la justificaci\u00f3n fundamental defendida por Clavijo y Fajardo para respaldar el establecimiento de la Escuela de Mineralog\u00eda es que de nada serv\u00eda el Gabinete, a pesar de sus buenas dotaciones, si no se convert\u00eda en la base de la ense\u00f1anza sistem\u00e1tica de la mineralog\u00eda: \u201c<em>Ciencia que debe preceder al estudio de la qu\u00edmica, y por lo menos tan importante como ella para la econom\u00eda pol\u00edtica<\/em>\u201d.<\/p>\n\n\n\n<p>Asimismo, indica de manera expresa que \u201c<em>el curso de mineralog\u00eda durar\u00eda de seis a ocho meses, imparti\u00e9ndose lecciones de una hora cuatro d\u00edas a la semana; el resto del a\u00f1o quedar\u00e1 libre el profesor, ya sea para su descanso y preparar lo que necesite para el curso siguiente, o ya para hacer dentro de la pen\u00ednsula alg\u00fan viaje mineral\u00f3gico que halle por conveniente o se le encargue por el Ministerio con el fin de encontrar producciones mineral\u00f3gicas que comprueben o aumenten los conocimientos de esta ciencia, lo qual debe siempre mirarse como el fin principal de este Establecimiento<\/em>\u201d.<\/p>\n\n\n\n<p>En esta l\u00ednea, tal y como se describe en Parra y Pelayo (1996), Clavijo comision\u00f3 a Guillermo Thalaker (colector de minerales, junto con su hermano Enrique), con el objeto de que recorriera Espa\u00f1a y recogiera muestras de minerales para el Real Gabinete. Uno de estos viajes lo llev\u00f3 a cabo entre Madrid y Teruel, pasando por Alcal\u00e1, Guadalajara, Torija, Algora, Alcolea, Luzon, Asella, Molina de Arag\u00f3n, Rodenas, Celia y Teruel.<\/p>\n\n\n\n<p>Otro documento que avala la importancia que daba Clavijo a la Mineralog\u00eda figura en el texto de la <a href=\"https:\/\/revistas.unl.edu.ec\/index.php\/eac\/article\/view\/2079\/1352\">carta<\/a> que Alexander Von Humboldt le escribi\u00f3 desde Quito, en 1802, donde escribe lo siguiente: \u201c<em>Yo contin\u00fao, mi digno amigo, d\u00e1ndoos signos de&nbsp; vida&nbsp; y&nbsp; envi\u00e1ndoos&nbsp; colecciones&nbsp; de&nbsp; minerales&nbsp; para&nbsp; enriquecer&nbsp; el&nbsp; Gabinete&nbsp; de&nbsp; Su&nbsp; Majestad<\/em>\u201d&#8230;\u201d<em>Desde Popay\u00e1n le he enviado una caja grande que contiene los minerales&nbsp; recogidos&nbsp; en&nbsp; el&nbsp; volc\u00e1n&nbsp; de&nbsp; Purac\u00e9,&nbsp; despu\u00e9s&nbsp; hice excursiones durante cinco meses por la Provincia de&nbsp; Quito.&nbsp; Las producciones volc\u00e1nicas del Antisana, Cayamburu, Cotopaxi, Pichincha&#8230;. no han adornado todav\u00eda ning\u00fan Gabinete de Europa y he aqu\u00ed lo que le&nbsp; ofrezco\u201d (EAC, 2019)<\/em>.&nbsp;<\/p>\n\n\n\n<p>Sin \u00e1nimo de ser exhaustivo, todo ello, demuestra inequ\u00edvocamente la implicaci\u00f3n del ilustre lanzarote\u00f1o, Clavijo y Fajardo, como el promotor principal de la Mineralog\u00eda en Espa\u00f1a de la \u00e9poca, cubriendo aspectos de exploraci\u00f3n y b\u00fasqueda de ejemplares, caracterizaci\u00f3n cient\u00edfica y exposici\u00f3n a trav\u00e9s del Gabinete e intercambios.<\/p>\n\n\n\n<p>Pero, si un ilustre naturalista lanzarote\u00f1o fue el impulsor de la Mineralog\u00eda, Lanzarote es uno de los mejores an\u00e1logos terrestres del mundo para los estudios geol\u00f3gicos y astrobiol\u00f3gicos relacionados con Marte y la Luna (Fig.4). Adem\u00e1s, no se trata solamente de una convergencia casual entre el personaje y su \u00e1mbito geogr\u00e1fico, como he descrito previamente, ya que los minerales son geomarcadores paleoambientales y de habitabilidad tambi\u00e9n en los entornos extraterrestres. Es relevante tener en cuenta que un buen n\u00famero de minerales tra\u00eddos por \u00e9l y que forman parte de la colecci\u00f3n del Museo Nacional de Ciencias Naturales de Madrid, se han descubierto y analizado tambi\u00e9n en Marte desde distintas perspectivas.<\/p>\n\n\n\n<p>Por ello, muchas de las aportaciones de Clavijo y Fajardo, tanto las puramente mineral\u00f3gicas como las estructurales y organizativas &#8211;desde el punto de vista de la institucionalizaci\u00f3n de esta disciplina y el establecimiento de colecciones focalizadas sobre la geodiversidad de fases minerales&#8211;, conforman los pilares sobre los que se sustenta su utilizaci\u00f3n como puro conocimiento mineral\u00f3gico y en forma de colecciones y bases de datos, que se vienen utilizando actualmente como est\u00e1ndares para las investigaciones planetarias.<\/p>\n\n\n\n<p>Sin pretenderlo, la figura de Clavijo Fajardo representa un hilo conductor que vincula, a trav\u00e9s de su actividad naturalista y muse\u00edstica natural, la Mineralog\u00eda con la exploraci\u00f3n de Marte, donde Lanzarote, como an\u00e1logo terrestre, es una especie de nodo conector de todo ello, como lugar de nacimiento del personaje, del que surge con fuerza esta disciplina en Espa\u00f1a, Europa e Iberoam\u00e9rica, y como un privilegiado laboratorio natural para el espacio.<\/p>\n\n\n\n<figure class=\"wp-block-image size-full\"><a href=\"https:\/\/www.icog.es\/TyT\/wp-content\/uploads\/2025\/06\/Fig.4_Timanfaya_Lanzarote.jpg\"><img loading=\"lazy\" decoding=\"async\" width=\"900\" height=\"600\" src=\"https:\/\/www.icog.es\/TyT\/wp-content\/uploads\/2025\/06\/Fig.4_Timanfaya_Lanzarote.jpg\" alt=\"\" class=\"wp-image-14533\" srcset=\"https:\/\/www.icog.es\/TyT\/wp-content\/uploads\/2025\/06\/Fig.4_Timanfaya_Lanzarote.jpg 900w, https:\/\/www.icog.es\/TyT\/wp-content\/uploads\/2025\/06\/Fig.4_Timanfaya_Lanzarote-300x200.jpg 300w, https:\/\/www.icog.es\/TyT\/wp-content\/uploads\/2025\/06\/Fig.4_Timanfaya_Lanzarote-768x512.jpg 768w, https:\/\/www.icog.es\/TyT\/wp-content\/uploads\/2025\/06\/Fig.4_Timanfaya_Lanzarote-630x420.jpg 630w, https:\/\/www.icog.es\/TyT\/wp-content\/uploads\/2025\/06\/Fig.4_Timanfaya_Lanzarote-696x464.jpg 696w\" sizes=\"auto, (max-width: 900px) 100vw, 900px\" \/><\/a><\/figure>\n\n\n\n<p><em>Fig. 4: Imagen desde el mirador del Parque Nacional de Timanfaya, Lanzarote. La isla est\u00e1 considerada como uno de los an\u00e1logos para Marte y la Luna m\u00e1s importantes del mundo y un lugar seleccionado para la instrucci\u00f3n de astronautas (Programa <\/em><a href=\"https:\/\/blogs.esa.int\/caves\/category\/pangaea\/\"><em>ESA\/PANGAEA<\/em><\/a><em>). Foto: Jes\u00fas Mart\u00ednez Fr\u00edas.<\/em><\/p>\n\n\n\n<p>En la defensa de los viajes m\u00e1s all\u00e1 de conocer lo for\u00e1neo por los libros y en su visi\u00f3n personal sobre s\u00ed mismo, Clavijo y Fajardo dec\u00eda:<\/p>\n\n\n\n<p><em>\u201cLos viajes dilatan con precisi\u00f3n las facultades del alma, la apartan de muchas preocupaciones nocivas al bien de la sociedad, y la hacen conocer puntos fundamentales de observaci\u00f3n y de conducta, que no llegan a nuestra noticia cuando no salimos del rinc\u00f3n en que hemos nacido\u2026\u201d (<\/em>Lama, 1997)<\/p>\n\n\n\n<p>Y refiri\u00e9ndose a s\u00ed mismo, intentando definir su personalidad:<\/p>\n\n\n\n<p>\u201c<em>Yo soy un pasajero en la nave del mundo<\/em>\u201d (Gavi\u00f1o de Franchy, 2011).<\/p>\n\n\n\n<p>Qu\u00e9 pensar\u00eda y dir\u00eda hoy en d\u00eda Clavijo y Fajardo si supiera que sus iniciativas mineral\u00f3gicas tienen aplicaciones m\u00e1s all\u00e1 de nuestro planeta y que los an\u00e1logos terrestres, como Lanzarote, nos permiten realizar un viaje a otros mundos, a Marte y a la Luna, sin salir de la tierra canaria que le vio nacer.<\/p>\n\n\n\n<p><strong>Agradecimientos<\/strong><\/p>\n\n\n\n<p>Gracias a la Dra. Ester Boixereu por su continuo apoyo, tanto en los temas de edici\u00f3n de este y otros art\u00edculos, como por su colaboraci\u00f3n en relaci\u00f3n con mis actividades relacionadas con la geolog\u00eda planetaria. Gracias especiales al Ilustre Colegio Oficial de Ge\u00f3logos.<\/p>\n\n\n\n<p><strong>Referencias<\/strong><\/p>\n\n\n\n<p>Albal\u00e1, M.J. y Puig-Samper, M.A. (2020) Jos\u00e9 Clavijo y Fajardo, el naturalista y su colecci\u00f3n de palabras de Historia Natural. Aula, Museos y Col., 7, 2020, 139-151. https:\/\/digital.csic.es\/bitstream\/10261\/238267\/4\/Jos%C3%A9%20Clavijo%20y%20Fajardo.pdf<\/p>\n\n\n\n<p>Broquetas de Castro, F. y Delgado L\u00f3pez, F. (2019) Teguise, 600 a\u00f1os de historia. Mercurio Editorial. Madrid, 373p. <a href=\"https:\/\/www.marcialpons.es\/libros\/teguise\/9788417890476\/\">https:\/\/www.marcialpons.es\/libros\/teguise\/9788417890476\/<\/a><\/p>\n\n\n\n<p>EAC (2019) Alexander Von Humboldt. Carta a D. Jos\u00e9 Clavijo Fajardo.&nbsp; <a href=\"https:\/\/revistas.unl.edu.ec\/index.php\/eac\/article\/view\/2079\/1352\">https:\/\/revistas.unl.edu.ec\/index.php\/eac\/article\/view\/2079\/1352<\/a><\/p>\n\n\n\n<p>Espinosa, A. (1970) Don Jos\u00e9 Clavijo y Fajardo. Ediciones del EXCMO. Cabildo Insular de Gran Canaria. Biblioteca Suro Tor\u00f3n. Las Palmas. <a href=\"https:\/\/mdc.ulpgc.es\/files\/original\/a9f03196c032e275bdb198c48eea79b0fcc989b3.pdf\">https:\/\/mdc.ulpgc.es\/files\/original\/a9f03196c032e275bdb198c48eea79b0fcc989b3.pdf<\/a><\/p>\n\n\n\n<p>Gavi\u00f1o de Franchy, C. (2011) Jos\u00e9 Clavijo y Fajardo. https:\/\/lopedeclavijo.blogspot.com\/2011\/04\/jose-clavijo-y-fajardo.html<\/p>\n\n\n\n<p>Gavi\u00f1o de Franchy, C. (2019) Jos\u00e9 Clavijo y Fajardo. En: &nbsp;Teguise:&nbsp;600 a\u00f1os de historia, 1418-2018&nbsp;\/&nbsp;Coord: Fernando Bruquetas de Castro,&nbsp;F\u00e9lix Delgado L\u00f3pez, 245-282. <a href=\"https:\/\/dialnet.unirioja.es\/servlet\/articulo?codigo=7518374\">https:\/\/dialnet.unirioja.es\/servlet\/articulo?codigo=7518374<\/a><\/p>\n\n\n\n<p>Garc\u00eda Blanco, J. (2021) F\u00e9liz de Azara, el Darwin espa\u00f1ol. Wanderer.es. <a href=\"https:\/\/www.wanderer.es\/felix-de-azara-el-darwin-espanol\/\">https:\/\/www.wanderer.es\/felix-de-azara-el-darwin-espanol\/<\/a><\/p>\n\n\n\n<p>Gomis Blanco, A. (2001) Las primeras revistas cient\u00edficas espa\u00f1olas. Ciencia Digital. <a href=\"https:\/\/www.researchgate.net\/publication\/311589039_Las_primeras_revistas_cientificas_espanolas\">https:\/\/www.researchgate.net\/publication\/311589039_Las_primeras_revistas_cientificas_espanolas<\/a><\/p>\n\n\n\n<p>Hern\u00e1ndez Pacheco, E. (1944) El Museo de Ciencias Naturales y sus naturalistas en los siglos XVIII y XIX. CSIC. SIMURG. <a href=\"http:\/\/simurg.csic.es\/view\/990000458980204201\">http:\/\/simurg.csic.es\/view\/990000458980204201<\/a><\/p>\n\n\n\n<p>Lama, M.A. (1997) Apuntaciones sueltas de viajeros ilustrados. Puertas de la lectura, 3: 11-15.<\/p>\n\n\n\n<p>Martin, G. (2024) Standing on the shoulders of giants \u2013 Isaac Newton. https:\/\/www.phrases.org.uk\/meanings\/268025.html<\/p>\n\n\n\n<p>Martinez-Frias, J., Amaral, G., V\u00e1zquez, L. (2006). Astrobiological significance of minerals on Mars surface environment. In: Amils, R., Ellis-Evans, C., Hinghofer-Szalkay, H. (eds) Life in Extreme Environments. Springer, Dordrecht. https:\/\/doi.org\/10.1007\/978-1-4020-6285-8_4<\/p>\n\n\n\n<p>Martinez-Frias J, L\u00e1zaro E, Esteve-N\u00fa\u00f1ez A. (2007) Geomarkers versus biomarkers: paleoenvironmental and astrobiological significance. Ambio. Jul;36(5):425-6. doi: 10.1579\/0044-7447(2007)36[425:gvbpaa]2.0.co;2.<\/p>\n\n\n\n<p>Mart\u00ednez-Fr\u00edas, J (2014) Search for Life on Mars: An Astrogeological Approach. En Kolb, V (Ed.) Astrobiology. An evolutionary approach. CRC Press. ISBN: 978-1-4665-8461-7, 504 p.<\/p>\n\n\n\n<p>Mart\u00ednez Fr\u00edas, J. (2021) Marte y la importancia geol\u00f3gica y astrobiol\u00f3gica de Canarias. CSIC. <a href=\"https:\/\/www.csic.es\/es\/actualidad-del-csic\/marte-y-la-importancia-geologica-y-astrobiologica-de-canarias\">https:\/\/www.csic.es\/es\/actualidad-del-csic\/marte-y-la-importancia-geologica-y-astrobiologica-de-canarias<\/a><\/p>\n\n\n\n<p>Mart\u00ednez Fr\u00edas, J. y Mateo Mederos, M.E. (2018) Lanzarote. Marte en la Tierra. Gu\u00eda did\u00e1ctica. Geoparque Mundial UNESCO de Lanzarote y Archipi\u00e9lago Chinijo. Cabildo Insular de Lanzarote. 15p.<\/p>\n\n\n\n<p>Negr\u00edn Fajardo, O. (2003) Clavijo y Fajardo. Naturalista ilustrado. Universidad de Las Palmas de Gran Canaria. <a href=\"https:\/\/mdc.ulpgc.es\/files\/original\/157afe4e92eccd4c6faabeab129390674e3673fe.pdf\">https:\/\/mdc.ulpgc.es\/files\/original\/157afe4e92eccd4c6faabeab129390674e3673fe.pdf<\/a><\/p>\n\n\n\n<p>Parra, D. y Pelayo, F. (1996) Christian Herrgen y la institucionalizaci\u00f3n de la mineralog\u00eda en Madrid. Asdepio-Vo\\. XLVIIl-1-1996 CSIC. 163-181.<\/p>\n\n\n\n<p>Pe\u00f1a de Camus, S. (2020) Un director del Museo Nacional de Ciencias Naturales, \u00bfpersonaje de fama internacional?&nbsp; https:\/\/www.mncn.csic.es\/sites\/default\/files\/2020-05\/nm09_10clavijo.pdf<\/p>\n\n\n\n<p>Perrupato, S. (2012) Dos ilustrados y un problema: la educaci\u00f3n de los grupos privilegiados en el siglo XVIII. Las obras de Clavijo y Fajardo y Viera y Clavijo. Cambios y Permanencias, 3. 280\u2013292.<\/p>\n\n\n\n<p>RAH (2022) Jos\u00e9 Clavijo y Fajardo. Historia Hisp\u00e1nica. https:\/\/historia-hispanica.rah.es\/biografias\/10986-jose-clavijo-y-fajardo<\/p>\n\n\n\n<p>Teguise (2017). Teguise.es https:\/\/teguise.es\/el-gran-humanista-y-escritor-jose-clavijo-y-fajardo-recibio-un-homenaje-en-el-instituto-iberoamericano-de-berlin\/<strong><\/strong><\/p>\n","protected":false},"excerpt":{"rendered":"<p>Jes\u00fas Mart\u00ednez Fr\u00edas Instituto de Geociencias, CSIC-UCM, Reales Academias de Ciencias y Doctores de Espa\u00f1a y Academia de Ciencias, Ingenier\u00edas y Humanidades de Lanzarote La importancia de Canarias y espec\u00edficamente de Lanzarote (Mart\u00ednez Fr\u00edas, 2021, Mart\u00ednez Fr\u00edas y Mateo Mederos, 2018) como an\u00e1logo para la exploraci\u00f3n e investigaci\u00f3n de Marte ya ha sido destacada, por [&hellip;]<\/p>\n","protected":false},"author":2,"featured_media":14534,"comment_status":"open","ping_status":"open","sticky":false,"template":"","format":"standard","meta":{"tdm_status":"","tdm_grid_status":"","footnotes":""},"categories":[1735],"tags":[],"class_list":{"0":"post-14528","1":"post","2":"type-post","3":"status-publish","4":"format-standard","5":"has-post-thumbnail","7":"category-tt-65"},"yoast_head":"<!-- This site is optimized with the Yoast SEO plugin v27.0 - https:\/\/yoast.com\/product\/yoast-seo-wordpress\/ -->\r\n<title>El lanzarote\u00f1o Clavijo y Fajardo, la Mineralog\u00eda y los an\u00e1logos de Marte - Tierra y Tecnolog\u00eda<\/title>\r\n<meta name=\"robots\" content=\"index, follow, max-snippet:-1, max-image-preview:large, max-video-preview:-1\" \/>\r\n<link rel=\"canonical\" href=\"https:\/\/www.icog.es\/TyT\/index.php\/2025\/06\/el-lanzaroteno-clavijo-y-fajardo-la-mineralogia-y-los-analogos-de-marte\/\" \/>\r\n<meta property=\"og:locale\" content=\"es_ES\" \/>\r\n<meta property=\"og:type\" content=\"article\" \/>\r\n<meta property=\"og:title\" content=\"El lanzarote\u00f1o Clavijo y Fajardo, la Mineralog\u00eda y los an\u00e1logos de Marte - Tierra y Tecnolog\u00eda\" \/>\r\n<meta property=\"og:description\" content=\"Jes\u00fas Mart\u00ednez Fr\u00edas Instituto de Geociencias, CSIC-UCM, Reales Academias de Ciencias y Doctores de Espa\u00f1a y Academia de Ciencias, Ingenier\u00edas y Humanidades de Lanzarote La importancia de Canarias y espec\u00edficamente de Lanzarote (Mart\u00ednez Fr\u00edas, 2021, Mart\u00ednez Fr\u00edas y Mateo Mederos, 2018) como an\u00e1logo para la exploraci\u00f3n e investigaci\u00f3n de Marte ya ha sido destacada, por [&hellip;]\" \/>\r\n<meta property=\"og:url\" content=\"https:\/\/www.icog.es\/TyT\/index.php\/2025\/06\/el-lanzaroteno-clavijo-y-fajardo-la-mineralogia-y-los-analogos-de-marte\/\" \/>\r\n<meta property=\"og:site_name\" content=\"Tierra y Tecnolog\u00eda\" \/>\r\n<meta property=\"article:publisher\" content=\"https:\/\/www.facebook.com\/CGEOLOGOS\" \/>\r\n<meta property=\"article:author\" content=\"https:\/\/www.facebook.com\/CGEOLOGOS\" \/>\r\n<meta property=\"article:published_time\" content=\"2025-06-18T14:23:41+00:00\" \/>\r\n<meta property=\"article:modified_time\" content=\"2025-11-18T15:23:32+00:00\" \/>\r\n<meta property=\"og:image\" content=\"https:\/\/www.icog.es\/TyT\/wp-content\/uploads\/2025\/06\/Palacio_de_Goyeneche.jpg\" \/>\r\n\t<meta property=\"og:image:width\" content=\"1280\" \/>\r\n\t<meta property=\"og:image:height\" content=\"960\" \/>\r\n\t<meta property=\"og:image:type\" content=\"image\/jpeg\" \/>\r\n<meta name=\"author\" content=\"Redacci\u00f3n\" \/>\r\n<meta name=\"twitter:card\" content=\"summary_large_image\" \/>\r\n<meta name=\"twitter:creator\" content=\"@https:\/\/twitter.com\/cgeologos\" \/>\r\n<meta name=\"twitter:site\" content=\"@cgeologos\" \/>\r\n<meta name=\"twitter:label1\" content=\"Escrito por\" \/>\n\t<meta name=\"twitter:data1\" content=\"Redacci\u00f3n\" \/>\n\t<meta name=\"twitter:label2\" content=\"Tiempo de lectura\" \/>\n\t<meta name=\"twitter:data2\" content=\"14 minutos\" \/>\r\n<script type=\"application\/ld+json\" class=\"yoast-schema-graph\">{\"@context\":\"https:\/\/schema.org\",\"@graph\":[{\"@type\":\"Article\",\"@id\":\"https:\/\/www.icog.es\/TyT\/index.php\/2025\/06\/el-lanzaroteno-clavijo-y-fajardo-la-mineralogia-y-los-analogos-de-marte\/#article\",\"isPartOf\":{\"@id\":\"https:\/\/www.icog.es\/TyT\/index.php\/2025\/06\/el-lanzaroteno-clavijo-y-fajardo-la-mineralogia-y-los-analogos-de-marte\/\"},\"author\":{\"name\":\"Redacci\u00f3n\",\"@id\":\"https:\/\/www.icog.es\/TyT\/#\/schema\/person\/590cfb5c1b7b4e4b350d60316033e853\"},\"headline\":\"El lanzarote\u00f1o Clavijo y Fajardo, la Mineralog\u00eda y los an\u00e1logos de Marte\",\"datePublished\":\"2025-06-18T14:23:41+00:00\",\"dateModified\":\"2025-11-18T15:23:32+00:00\",\"mainEntityOfPage\":{\"@id\":\"https:\/\/www.icog.es\/TyT\/index.php\/2025\/06\/el-lanzaroteno-clavijo-y-fajardo-la-mineralogia-y-los-analogos-de-marte\/\"},\"wordCount\":3077,\"commentCount\":0,\"publisher\":{\"@id\":\"https:\/\/www.icog.es\/TyT\/#organization\"},\"image\":{\"@id\":\"https:\/\/www.icog.es\/TyT\/index.php\/2025\/06\/el-lanzaroteno-clavijo-y-fajardo-la-mineralogia-y-los-analogos-de-marte\/#primaryimage\"},\"thumbnailUrl\":\"https:\/\/www.icog.es\/TyT\/wp-content\/uploads\/2025\/06\/Palacio_de_Goyeneche.jpg\",\"articleSection\":[\"T&amp;T 65\"],\"inLanguage\":\"es\",\"potentialAction\":[{\"@type\":\"CommentAction\",\"name\":\"Comment\",\"target\":[\"https:\/\/www.icog.es\/TyT\/index.php\/2025\/06\/el-lanzaroteno-clavijo-y-fajardo-la-mineralogia-y-los-analogos-de-marte\/#respond\"]}]},{\"@type\":\"WebPage\",\"@id\":\"https:\/\/www.icog.es\/TyT\/index.php\/2025\/06\/el-lanzaroteno-clavijo-y-fajardo-la-mineralogia-y-los-analogos-de-marte\/\",\"url\":\"https:\/\/www.icog.es\/TyT\/index.php\/2025\/06\/el-lanzaroteno-clavijo-y-fajardo-la-mineralogia-y-los-analogos-de-marte\/\",\"name\":\"El lanzarote\u00f1o Clavijo y Fajardo, la Mineralog\u00eda y los an\u00e1logos de Marte - Tierra y Tecnolog\u00eda\",\"isPartOf\":{\"@id\":\"https:\/\/www.icog.es\/TyT\/#website\"},\"primaryImageOfPage\":{\"@id\":\"https:\/\/www.icog.es\/TyT\/index.php\/2025\/06\/el-lanzaroteno-clavijo-y-fajardo-la-mineralogia-y-los-analogos-de-marte\/#primaryimage\"},\"image\":{\"@id\":\"https:\/\/www.icog.es\/TyT\/index.php\/2025\/06\/el-lanzaroteno-clavijo-y-fajardo-la-mineralogia-y-los-analogos-de-marte\/#primaryimage\"},\"thumbnailUrl\":\"https:\/\/www.icog.es\/TyT\/wp-content\/uploads\/2025\/06\/Palacio_de_Goyeneche.jpg\",\"datePublished\":\"2025-06-18T14:23:41+00:00\",\"dateModified\":\"2025-11-18T15:23:32+00:00\",\"breadcrumb\":{\"@id\":\"https:\/\/www.icog.es\/TyT\/index.php\/2025\/06\/el-lanzaroteno-clavijo-y-fajardo-la-mineralogia-y-los-analogos-de-marte\/#breadcrumb\"},\"inLanguage\":\"es\",\"potentialAction\":[{\"@type\":\"ReadAction\",\"target\":[\"https:\/\/www.icog.es\/TyT\/index.php\/2025\/06\/el-lanzaroteno-clavijo-y-fajardo-la-mineralogia-y-los-analogos-de-marte\/\"]}]},{\"@type\":\"ImageObject\",\"inLanguage\":\"es\",\"@id\":\"https:\/\/www.icog.es\/TyT\/index.php\/2025\/06\/el-lanzaroteno-clavijo-y-fajardo-la-mineralogia-y-los-analogos-de-marte\/#primaryimage\",\"url\":\"https:\/\/www.icog.es\/TyT\/wp-content\/uploads\/2025\/06\/Palacio_de_Goyeneche.jpg\",\"contentUrl\":\"https:\/\/www.icog.es\/TyT\/wp-content\/uploads\/2025\/06\/Palacio_de_Goyeneche.jpg\",\"width\":1280,\"height\":960},{\"@type\":\"BreadcrumbList\",\"@id\":\"https:\/\/www.icog.es\/TyT\/index.php\/2025\/06\/el-lanzaroteno-clavijo-y-fajardo-la-mineralogia-y-los-analogos-de-marte\/#breadcrumb\",\"itemListElement\":[{\"@type\":\"ListItem\",\"position\":1,\"name\":\"Portada\",\"item\":\"https:\/\/www.icog.es\/TyT\/\"},{\"@type\":\"ListItem\",\"position\":2,\"name\":\"El lanzarote\u00f1o Clavijo y Fajardo, la Mineralog\u00eda y los an\u00e1logos de Marte\"}]},{\"@type\":\"WebSite\",\"@id\":\"https:\/\/www.icog.es\/TyT\/#website\",\"url\":\"https:\/\/www.icog.es\/TyT\/\",\"name\":\"Tierra y Tecnolog\u00eda\",\"description\":\"Revista de informaci\u00f3n geol\u00f3gica\",\"publisher\":{\"@id\":\"https:\/\/www.icog.es\/TyT\/#organization\"},\"potentialAction\":[{\"@type\":\"SearchAction\",\"target\":{\"@type\":\"EntryPoint\",\"urlTemplate\":\"https:\/\/www.icog.es\/TyT\/?s={search_term_string}\"},\"query-input\":{\"@type\":\"PropertyValueSpecification\",\"valueRequired\":true,\"valueName\":\"search_term_string\"}}],\"inLanguage\":\"es\"},{\"@type\":\"Organization\",\"@id\":\"https:\/\/www.icog.es\/TyT\/#organization\",\"name\":\"Tierra y Tecnolog\u00eda - Colegio de Ge\u00f3logos\",\"url\":\"https:\/\/www.icog.es\/TyT\/\",\"logo\":{\"@type\":\"ImageObject\",\"inLanguage\":\"es\",\"@id\":\"https:\/\/www.icog.es\/TyT\/#\/schema\/logo\/image\/\",\"url\":\"https:\/\/www.icog.es\/TyT\/wp-content\/uploads\/2013\/02\/logotytmini.jpg\",\"contentUrl\":\"https:\/\/www.icog.es\/TyT\/wp-content\/uploads\/2013\/02\/logotytmini.jpg\",\"width\":325,\"height\":127,\"caption\":\"Tierra y Tecnolog\u00eda - Colegio de Ge\u00f3logos\"},\"image\":{\"@id\":\"https:\/\/www.icog.es\/TyT\/#\/schema\/logo\/image\/\"},\"sameAs\":[\"https:\/\/www.facebook.com\/CGEOLOGOS\",\"https:\/\/x.com\/cgeologos\",\"https:\/\/www.linkedin.com\/company\/colegio-oficial-de-ge-logos\",\"https:\/\/www.pinterest.com\/cgeologos\/\",\"http:\/\/www.youtube.com\/ICOGtv\"]},{\"@type\":\"Person\",\"@id\":\"https:\/\/www.icog.es\/TyT\/#\/schema\/person\/590cfb5c1b7b4e4b350d60316033e853\",\"name\":\"Redacci\u00f3n\",\"image\":{\"@type\":\"ImageObject\",\"inLanguage\":\"es\",\"@id\":\"https:\/\/www.icog.es\/TyT\/#\/schema\/person\/image\/\",\"url\":\"https:\/\/secure.gravatar.com\/avatar\/f9c0ac81b2e8e690bee30ac3b42bf27f02e8dedc49686b871256e17dc7cd000b?s=96&d=identicon&r=g\",\"contentUrl\":\"https:\/\/secure.gravatar.com\/avatar\/f9c0ac81b2e8e690bee30ac3b42bf27f02e8dedc49686b871256e17dc7cd000b?s=96&d=identicon&r=g\",\"caption\":\"Redacci\u00f3n\"},\"description\":\"Tierra y Tecnolog\u00eda es una publicaci\u00f3n del Ilustre Colegio Oficial de Ge\u00f3logos (ICOG). El ICOG es una instituci\u00f3n sin finalidad lucrativa creada para la defensa y apoyo de los intereses de los Ge\u00f3logos, creada por Ley 73\/1978 de 26 de Diciembre, es una corporaci\u00f3n de Derecho P\u00fablico, amparada por Ley y reconocida por el Estado, con personalidad jur\u00eddica propia y capacidad plena para el ejercicio de sus funciones y cumplimiento de sus fines.\",\"sameAs\":[\"https:\/\/cgeologos.es\",\"https:\/\/www.facebook.com\/CGEOLOGOS\",\"https:\/\/www.linkedin.com\/company\/313811\",\"https:\/\/x.com\/https:\/\/twitter.com\/cgeologos\",\"http:\/\/www.youtube.com\/ICOGtv\"],\"url\":\"https:\/\/www.icog.es\/TyT\/index.php\/author\/jl-barrera\/\"}]}<\/script>\r\n<!-- \/ Yoast SEO plugin. -->","yoast_head_json":{"title":"El lanzarote\u00f1o Clavijo y Fajardo, la Mineralog\u00eda y los an\u00e1logos de Marte - Tierra y Tecnolog\u00eda","robots":{"index":"index","follow":"follow","max-snippet":"max-snippet:-1","max-image-preview":"max-image-preview:large","max-video-preview":"max-video-preview:-1"},"canonical":"https:\/\/www.icog.es\/TyT\/index.php\/2025\/06\/el-lanzaroteno-clavijo-y-fajardo-la-mineralogia-y-los-analogos-de-marte\/","og_locale":"es_ES","og_type":"article","og_title":"El lanzarote\u00f1o Clavijo y Fajardo, la Mineralog\u00eda y los an\u00e1logos de Marte - Tierra y Tecnolog\u00eda","og_description":"Jes\u00fas Mart\u00ednez Fr\u00edas Instituto de Geociencias, CSIC-UCM, Reales Academias de Ciencias y Doctores de Espa\u00f1a y Academia de Ciencias, Ingenier\u00edas y Humanidades de Lanzarote La importancia de Canarias y espec\u00edficamente de Lanzarote (Mart\u00ednez Fr\u00edas, 2021, Mart\u00ednez Fr\u00edas y Mateo Mederos, 2018) como an\u00e1logo para la exploraci\u00f3n e investigaci\u00f3n de Marte ya ha sido destacada, por [&hellip;]","og_url":"https:\/\/www.icog.es\/TyT\/index.php\/2025\/06\/el-lanzaroteno-clavijo-y-fajardo-la-mineralogia-y-los-analogos-de-marte\/","og_site_name":"Tierra y Tecnolog\u00eda","article_publisher":"https:\/\/www.facebook.com\/CGEOLOGOS","article_author":"https:\/\/www.facebook.com\/CGEOLOGOS","article_published_time":"2025-06-18T14:23:41+00:00","article_modified_time":"2025-11-18T15:23:32+00:00","og_image":[{"width":1280,"height":960,"url":"https:\/\/www.icog.es\/TyT\/wp-content\/uploads\/2025\/06\/Palacio_de_Goyeneche.jpg","type":"image\/jpeg"}],"author":"Redacci\u00f3n","twitter_card":"summary_large_image","twitter_creator":"@https:\/\/twitter.com\/cgeologos","twitter_site":"@cgeologos","twitter_misc":{"Escrito por":"Redacci\u00f3n","Tiempo de lectura":"14 minutos"},"schema":{"@context":"https:\/\/schema.org","@graph":[{"@type":"Article","@id":"https:\/\/www.icog.es\/TyT\/index.php\/2025\/06\/el-lanzaroteno-clavijo-y-fajardo-la-mineralogia-y-los-analogos-de-marte\/#article","isPartOf":{"@id":"https:\/\/www.icog.es\/TyT\/index.php\/2025\/06\/el-lanzaroteno-clavijo-y-fajardo-la-mineralogia-y-los-analogos-de-marte\/"},"author":{"name":"Redacci\u00f3n","@id":"https:\/\/www.icog.es\/TyT\/#\/schema\/person\/590cfb5c1b7b4e4b350d60316033e853"},"headline":"El lanzarote\u00f1o Clavijo y Fajardo, la Mineralog\u00eda y los an\u00e1logos de Marte","datePublished":"2025-06-18T14:23:41+00:00","dateModified":"2025-11-18T15:23:32+00:00","mainEntityOfPage":{"@id":"https:\/\/www.icog.es\/TyT\/index.php\/2025\/06\/el-lanzaroteno-clavijo-y-fajardo-la-mineralogia-y-los-analogos-de-marte\/"},"wordCount":3077,"commentCount":0,"publisher":{"@id":"https:\/\/www.icog.es\/TyT\/#organization"},"image":{"@id":"https:\/\/www.icog.es\/TyT\/index.php\/2025\/06\/el-lanzaroteno-clavijo-y-fajardo-la-mineralogia-y-los-analogos-de-marte\/#primaryimage"},"thumbnailUrl":"https:\/\/www.icog.es\/TyT\/wp-content\/uploads\/2025\/06\/Palacio_de_Goyeneche.jpg","articleSection":["T&amp;T 65"],"inLanguage":"es","potentialAction":[{"@type":"CommentAction","name":"Comment","target":["https:\/\/www.icog.es\/TyT\/index.php\/2025\/06\/el-lanzaroteno-clavijo-y-fajardo-la-mineralogia-y-los-analogos-de-marte\/#respond"]}]},{"@type":"WebPage","@id":"https:\/\/www.icog.es\/TyT\/index.php\/2025\/06\/el-lanzaroteno-clavijo-y-fajardo-la-mineralogia-y-los-analogos-de-marte\/","url":"https:\/\/www.icog.es\/TyT\/index.php\/2025\/06\/el-lanzaroteno-clavijo-y-fajardo-la-mineralogia-y-los-analogos-de-marte\/","name":"El lanzarote\u00f1o Clavijo y Fajardo, la Mineralog\u00eda y los an\u00e1logos de Marte - Tierra y Tecnolog\u00eda","isPartOf":{"@id":"https:\/\/www.icog.es\/TyT\/#website"},"primaryImageOfPage":{"@id":"https:\/\/www.icog.es\/TyT\/index.php\/2025\/06\/el-lanzaroteno-clavijo-y-fajardo-la-mineralogia-y-los-analogos-de-marte\/#primaryimage"},"image":{"@id":"https:\/\/www.icog.es\/TyT\/index.php\/2025\/06\/el-lanzaroteno-clavijo-y-fajardo-la-mineralogia-y-los-analogos-de-marte\/#primaryimage"},"thumbnailUrl":"https:\/\/www.icog.es\/TyT\/wp-content\/uploads\/2025\/06\/Palacio_de_Goyeneche.jpg","datePublished":"2025-06-18T14:23:41+00:00","dateModified":"2025-11-18T15:23:32+00:00","breadcrumb":{"@id":"https:\/\/www.icog.es\/TyT\/index.php\/2025\/06\/el-lanzaroteno-clavijo-y-fajardo-la-mineralogia-y-los-analogos-de-marte\/#breadcrumb"},"inLanguage":"es","potentialAction":[{"@type":"ReadAction","target":["https:\/\/www.icog.es\/TyT\/index.php\/2025\/06\/el-lanzaroteno-clavijo-y-fajardo-la-mineralogia-y-los-analogos-de-marte\/"]}]},{"@type":"ImageObject","inLanguage":"es","@id":"https:\/\/www.icog.es\/TyT\/index.php\/2025\/06\/el-lanzaroteno-clavijo-y-fajardo-la-mineralogia-y-los-analogos-de-marte\/#primaryimage","url":"https:\/\/www.icog.es\/TyT\/wp-content\/uploads\/2025\/06\/Palacio_de_Goyeneche.jpg","contentUrl":"https:\/\/www.icog.es\/TyT\/wp-content\/uploads\/2025\/06\/Palacio_de_Goyeneche.jpg","width":1280,"height":960},{"@type":"BreadcrumbList","@id":"https:\/\/www.icog.es\/TyT\/index.php\/2025\/06\/el-lanzaroteno-clavijo-y-fajardo-la-mineralogia-y-los-analogos-de-marte\/#breadcrumb","itemListElement":[{"@type":"ListItem","position":1,"name":"Portada","item":"https:\/\/www.icog.es\/TyT\/"},{"@type":"ListItem","position":2,"name":"El lanzarote\u00f1o Clavijo y Fajardo, la Mineralog\u00eda y los an\u00e1logos de Marte"}]},{"@type":"WebSite","@id":"https:\/\/www.icog.es\/TyT\/#website","url":"https:\/\/www.icog.es\/TyT\/","name":"Tierra y Tecnolog\u00eda","description":"Revista de informaci\u00f3n geol\u00f3gica","publisher":{"@id":"https:\/\/www.icog.es\/TyT\/#organization"},"potentialAction":[{"@type":"SearchAction","target":{"@type":"EntryPoint","urlTemplate":"https:\/\/www.icog.es\/TyT\/?s={search_term_string}"},"query-input":{"@type":"PropertyValueSpecification","valueRequired":true,"valueName":"search_term_string"}}],"inLanguage":"es"},{"@type":"Organization","@id":"https:\/\/www.icog.es\/TyT\/#organization","name":"Tierra y Tecnolog\u00eda - Colegio de Ge\u00f3logos","url":"https:\/\/www.icog.es\/TyT\/","logo":{"@type":"ImageObject","inLanguage":"es","@id":"https:\/\/www.icog.es\/TyT\/#\/schema\/logo\/image\/","url":"https:\/\/www.icog.es\/TyT\/wp-content\/uploads\/2013\/02\/logotytmini.jpg","contentUrl":"https:\/\/www.icog.es\/TyT\/wp-content\/uploads\/2013\/02\/logotytmini.jpg","width":325,"height":127,"caption":"Tierra y Tecnolog\u00eda - Colegio de Ge\u00f3logos"},"image":{"@id":"https:\/\/www.icog.es\/TyT\/#\/schema\/logo\/image\/"},"sameAs":["https:\/\/www.facebook.com\/CGEOLOGOS","https:\/\/x.com\/cgeologos","https:\/\/www.linkedin.com\/company\/colegio-oficial-de-ge-logos","https:\/\/www.pinterest.com\/cgeologos\/","http:\/\/www.youtube.com\/ICOGtv"]},{"@type":"Person","@id":"https:\/\/www.icog.es\/TyT\/#\/schema\/person\/590cfb5c1b7b4e4b350d60316033e853","name":"Redacci\u00f3n","image":{"@type":"ImageObject","inLanguage":"es","@id":"https:\/\/www.icog.es\/TyT\/#\/schema\/person\/image\/","url":"https:\/\/secure.gravatar.com\/avatar\/f9c0ac81b2e8e690bee30ac3b42bf27f02e8dedc49686b871256e17dc7cd000b?s=96&d=identicon&r=g","contentUrl":"https:\/\/secure.gravatar.com\/avatar\/f9c0ac81b2e8e690bee30ac3b42bf27f02e8dedc49686b871256e17dc7cd000b?s=96&d=identicon&r=g","caption":"Redacci\u00f3n"},"description":"Tierra y Tecnolog\u00eda es una publicaci\u00f3n del Ilustre Colegio Oficial de Ge\u00f3logos (ICOG). El ICOG es una instituci\u00f3n sin finalidad lucrativa creada para la defensa y apoyo de los intereses de los Ge\u00f3logos, creada por Ley 73\/1978 de 26 de Diciembre, es una corporaci\u00f3n de Derecho P\u00fablico, amparada por Ley y reconocida por el Estado, con personalidad jur\u00eddica propia y capacidad plena para el ejercicio de sus funciones y cumplimiento de sus fines.","sameAs":["https:\/\/cgeologos.es","https:\/\/www.facebook.com\/CGEOLOGOS","https:\/\/www.linkedin.com\/company\/313811","https:\/\/x.com\/https:\/\/twitter.com\/cgeologos","http:\/\/www.youtube.com\/ICOGtv"],"url":"https:\/\/www.icog.es\/TyT\/index.php\/author\/jl-barrera\/"}]}},"_links":{"self":[{"href":"https:\/\/www.icog.es\/TyT\/index.php\/wp-json\/wp\/v2\/posts\/14528","targetHints":{"allow":["GET"]}}],"collection":[{"href":"https:\/\/www.icog.es\/TyT\/index.php\/wp-json\/wp\/v2\/posts"}],"about":[{"href":"https:\/\/www.icog.es\/TyT\/index.php\/wp-json\/wp\/v2\/types\/post"}],"author":[{"embeddable":true,"href":"https:\/\/www.icog.es\/TyT\/index.php\/wp-json\/wp\/v2\/users\/2"}],"replies":[{"embeddable":true,"href":"https:\/\/www.icog.es\/TyT\/index.php\/wp-json\/wp\/v2\/comments?post=14528"}],"version-history":[{"count":1,"href":"https:\/\/www.icog.es\/TyT\/index.php\/wp-json\/wp\/v2\/posts\/14528\/revisions"}],"predecessor-version":[{"id":14535,"href":"https:\/\/www.icog.es\/TyT\/index.php\/wp-json\/wp\/v2\/posts\/14528\/revisions\/14535"}],"wp:featuredmedia":[{"embeddable":true,"href":"https:\/\/www.icog.es\/TyT\/index.php\/wp-json\/wp\/v2\/media\/14534"}],"wp:attachment":[{"href":"https:\/\/www.icog.es\/TyT\/index.php\/wp-json\/wp\/v2\/media?parent=14528"}],"wp:term":[{"taxonomy":"category","embeddable":true,"href":"https:\/\/www.icog.es\/TyT\/index.php\/wp-json\/wp\/v2\/categories?post=14528"},{"taxonomy":"post_tag","embeddable":true,"href":"https:\/\/www.icog.es\/TyT\/index.php\/wp-json\/wp\/v2\/tags?post=14528"}],"curies":[{"name":"wp","href":"https:\/\/api.w.org\/{rel}","templated":true}]}}