{"id":14089,"date":"2024-04-05T07:37:36","date_gmt":"2024-04-05T07:37:36","guid":{"rendered":"https:\/\/www.icog.es\/TyT\/?p=14089"},"modified":"2024-04-05T07:39:16","modified_gmt":"2024-04-05T07:39:16","slug":"celebracion-del-hidrogeodia-2024-en-caceres","status":"publish","type":"post","link":"https:\/\/www.icog.es\/TyT\/index.php\/2024\/04\/celebracion-del-hidrogeodia-2024-en-caceres\/","title":{"rendered":"Celebraci\u00f3n del Hidrogeod\u00eda 2024 en C\u00e1ceres"},"content":{"rendered":"\n<p>El pasado s\u00e1bado, 23 de marzo, se celebr\u00f3 en C\u00e1ceres el Hidrogeodia\u00b424, con el t\u00edtulo \u00abLos Aljibes, Reservas de Agua del C\u00e1ceres Medieval\u00bb. \u00a0El Hidrogeod\u00eda es una jornada de divulgaci\u00f3n de la Hidrogeolog\u00eda, que se celebra con motivo del D\u00eda Mundial del Agua (22 de marzo).<\/p>\n\n\n<div class=\"wp-block-image\">\n<figure class=\"alignleft size-full is-resized\"><a href=\"https:\/\/www.icog.es\/TyT\/wp-content\/uploads\/2024\/04\/Imagen2.jpg\"><img loading=\"lazy\" decoding=\"async\" width=\"461\" height=\"614\" src=\"https:\/\/www.icog.es\/TyT\/wp-content\/uploads\/2024\/04\/Imagen2.jpg\" alt=\"\" class=\"wp-image-14091\" style=\"width:316px;height:auto\" srcset=\"https:\/\/www.icog.es\/TyT\/wp-content\/uploads\/2024\/04\/Imagen2.jpg 461w, https:\/\/www.icog.es\/TyT\/wp-content\/uploads\/2024\/04\/Imagen2-225x300.jpg 225w, https:\/\/www.icog.es\/TyT\/wp-content\/uploads\/2024\/04\/Imagen2-315x420.jpg 315w\" sizes=\"auto, (max-width: 461px) 100vw, 461px\" \/><\/a><\/figure>\n<\/div>\n\n\n<p>El t\u00edtulo de la jornada celebrada en C\u00e1ceres pretend\u00eda recordar como la ciudad se ha preocupado desde los tiempos m\u00e1s remotos para solucionar sus problemas para el abastecimiento de agua y como la existencia de numerosos aljibes subterr\u00e1neos en el casco hist\u00f3rico, tan comunes durante la Edad Media y el Renacimiento en la ciudad, es una clara muestra de ello. En la actualidad hay censados en la ciudad alrededor de 40 aljibes documentados, ubicados en los principales edificios singulares, tanto de la Iglesia como de la nobleza<\/p>\n\n\n\n<p>La jornada consisti\u00f3 en un recorrido por el Conjunto Hist\u00f3rico de C\u00e1ceres, guiado por especialistas, donde se explic\u00f3 la geolog\u00eda y la hidrogeolog\u00eda de la ciudad, materia desconocida para la mayor parte de los asistentes.<\/p>\n\n\n\n<p>El recorrido se complet\u00f3 con la visita a dos de los m\u00e1s representativos aljibes: el aljibe andalus\u00ed del \u201cPalacio de las Veletas\u201d y el situado en el \u201cBaluarte de los Pozos\u201d. Hay que tener en cuenta que para la proliferaci\u00f3n de aljibes en la ciudad, tanto la geolog\u00eda de su subsuelo como su orograf\u00eda han sido determinantes, al ser un tipo constructivo de gran utilidad en s\u00f3tanos de muchos edificios. La mayor\u00eda de estas estructuras recog\u00edan las aguas pluviales que se canalizaban a trav\u00e9s de sumideros en patios interiores.<\/p>\n\n\n\n<p>El \u00e9xito de p\u00fablico fue total, al superarse con creces los 50 participantes previstos inicialmente.<\/p>\n\n\n\n<p>El ICOG, desde su delegaci\u00f3n en Extremadura, junto a las entidades organizadoras, ha contribuido de forma activa en la organizaci\u00f3n de este evento de divulgaci\u00f3n de la hidrogeolog\u00eda.<\/p>\n\n\n\n<p class=\"has-text-align-right\"><em>Francisco Fern\u00e1ndez de la llave<\/em><\/p>\n\n\n\n<p class=\"has-text-align-right\"><em>Colegiado n\u00ba 723<\/em><\/p>\n\n\n\n<p class=\"has-text-align-right\"><em>Delegado del ICOG en Extremadura<\/em><\/p>\n","protected":false},"excerpt":{"rendered":"<p>El pasado s\u00e1bado, 23 de marzo, se celebr\u00f3 en C\u00e1ceres el Hidrogeodia\u00b424, con el t\u00edtulo \u00abLos Aljibes, Reservas de Agua del C\u00e1ceres Medieval\u00bb. \u00a0El Hidrogeod\u00eda es una jornada de divulgaci\u00f3n de la Hidrogeolog\u00eda, que se celebra con motivo del D\u00eda Mundial del Agua (22 de marzo). El t\u00edtulo de la jornada celebrada en C\u00e1ceres pretend\u00eda [&hellip;]<\/p>\n","protected":false},"author":2,"featured_media":14090,"comment_status":"open","ping_status":"open","sticky":false,"template":"","format":"standard","meta":{"tdm_status":"","tdm_grid_status":"","footnotes":""},"categories":[19,1693],"tags":[1706,1045],"class_list":{"0":"post-14089","1":"post","2":"type-post","3":"status-publish","4":"format-standard","5":"has-post-thumbnail","7":"category-novedades-icog","8":"category-tt-63","9":"tag-caceres","10":"tag-hidrogeodia"},"yoast_head":"<!-- This site is optimized with the Yoast SEO plugin v27.0 - https:\/\/yoast.com\/product\/yoast-seo-wordpress\/ -->\r\n<title>Celebraci\u00f3n del Hidrogeod\u00eda 2024 en C\u00e1ceres - Tierra y Tecnolog\u00eda<\/title>\r\n<meta name=\"description\" content=\"El pasado s\u00e1bado, 23 de marzo, se celebr\u00f3 en C\u00e1ceres el Hidrogeodia\u00b424, con el t\u00edtulo &quot;Los Aljibes, Reservas de Agua del C\u00e1ceres Medieval&quot;.\" \/>\r\n<meta name=\"robots\" content=\"index, follow, max-snippet:-1, max-image-preview:large, max-video-preview:-1\" \/>\r\n<link rel=\"canonical\" href=\"https:\/\/www.icog.es\/TyT\/index.php\/2024\/04\/celebracion-del-hidrogeodia-2024-en-caceres\/\" \/>\r\n<meta property=\"og:locale\" content=\"es_ES\" \/>\r\n<meta property=\"og:type\" content=\"article\" \/>\r\n<meta property=\"og:title\" content=\"Celebraci\u00f3n del Hidrogeod\u00eda 2024 en C\u00e1ceres - Tierra y Tecnolog\u00eda\" \/>\r\n<meta property=\"og:description\" content=\"El pasado s\u00e1bado, 23 de marzo, se celebr\u00f3 en C\u00e1ceres el Hidrogeodia\u00b424, con el t\u00edtulo &quot;Los Aljibes, Reservas de Agua del C\u00e1ceres Medieval&quot;.\" \/>\r\n<meta property=\"og:url\" content=\"https:\/\/www.icog.es\/TyT\/index.php\/2024\/04\/celebracion-del-hidrogeodia-2024-en-caceres\/\" \/>\r\n<meta property=\"og:site_name\" content=\"Tierra y Tecnolog\u00eda\" \/>\r\n<meta property=\"article:publisher\" content=\"https:\/\/www.facebook.com\/CGEOLOGOS\" \/>\r\n<meta property=\"article:author\" content=\"https:\/\/www.facebook.com\/CGEOLOGOS\" \/>\r\n<meta property=\"article:published_time\" content=\"2024-04-05T07:37:36+00:00\" \/>\r\n<meta property=\"article:modified_time\" content=\"2024-04-05T07:39:16+00:00\" \/>\r\n<meta property=\"og:image\" content=\"https:\/\/www.icog.es\/TyT\/wp-content\/uploads\/2024\/04\/Portada.jpg\" \/>\r\n\t<meta property=\"og:image:width\" content=\"646\" \/>\r\n\t<meta property=\"og:image:height\" content=\"484\" \/>\r\n\t<meta property=\"og:image:type\" content=\"image\/jpeg\" \/>\r\n<meta name=\"author\" content=\"Redacci\u00f3n\" \/>\r\n<meta name=\"twitter:card\" content=\"summary_large_image\" \/>\r\n<meta name=\"twitter:creator\" content=\"@https:\/\/twitter.com\/cgeologos\" \/>\r\n<meta name=\"twitter:site\" content=\"@cgeologos\" \/>\r\n<meta name=\"twitter:label1\" content=\"Escrito por\" \/>\n\t<meta name=\"twitter:data1\" content=\"Redacci\u00f3n\" \/>\n\t<meta name=\"twitter:label2\" content=\"Tiempo de lectura\" \/>\n\t<meta name=\"twitter:data2\" content=\"2 minutos\" \/>\r\n<script type=\"application\/ld+json\" class=\"yoast-schema-graph\">{\"@context\":\"https:\/\/schema.org\",\"@graph\":[{\"@type\":\"Article\",\"@id\":\"https:\/\/www.icog.es\/TyT\/index.php\/2024\/04\/celebracion-del-hidrogeodia-2024-en-caceres\/#article\",\"isPartOf\":{\"@id\":\"https:\/\/www.icog.es\/TyT\/index.php\/2024\/04\/celebracion-del-hidrogeodia-2024-en-caceres\/\"},\"author\":{\"name\":\"Redacci\u00f3n\",\"@id\":\"https:\/\/www.icog.es\/TyT\/#\/schema\/person\/590cfb5c1b7b4e4b350d60316033e853\"},\"headline\":\"Celebraci\u00f3n del Hidrogeod\u00eda 2024 en C\u00e1ceres\",\"datePublished\":\"2024-04-05T07:37:36+00:00\",\"dateModified\":\"2024-04-05T07:39:16+00:00\",\"mainEntityOfPage\":{\"@id\":\"https:\/\/www.icog.es\/TyT\/index.php\/2024\/04\/celebracion-del-hidrogeodia-2024-en-caceres\/\"},\"wordCount\":348,\"commentCount\":0,\"publisher\":{\"@id\":\"https:\/\/www.icog.es\/TyT\/#organization\"},\"image\":{\"@id\":\"https:\/\/www.icog.es\/TyT\/index.php\/2024\/04\/celebracion-del-hidrogeodia-2024-en-caceres\/#primaryimage\"},\"thumbnailUrl\":\"https:\/\/www.icog.es\/TyT\/wp-content\/uploads\/2024\/04\/Portada.jpg\",\"keywords\":[\"C\u00e1ceres\",\"Hidrogeod\u00eda\"],\"articleSection\":[\"Novedades ICOG\",\"T&amp;T 63\"],\"inLanguage\":\"es\",\"potentialAction\":[{\"@type\":\"CommentAction\",\"name\":\"Comment\",\"target\":[\"https:\/\/www.icog.es\/TyT\/index.php\/2024\/04\/celebracion-del-hidrogeodia-2024-en-caceres\/#respond\"]}]},{\"@type\":\"WebPage\",\"@id\":\"https:\/\/www.icog.es\/TyT\/index.php\/2024\/04\/celebracion-del-hidrogeodia-2024-en-caceres\/\",\"url\":\"https:\/\/www.icog.es\/TyT\/index.php\/2024\/04\/celebracion-del-hidrogeodia-2024-en-caceres\/\",\"name\":\"Celebraci\u00f3n del Hidrogeod\u00eda 2024 en C\u00e1ceres - Tierra y Tecnolog\u00eda\",\"isPartOf\":{\"@id\":\"https:\/\/www.icog.es\/TyT\/#website\"},\"primaryImageOfPage\":{\"@id\":\"https:\/\/www.icog.es\/TyT\/index.php\/2024\/04\/celebracion-del-hidrogeodia-2024-en-caceres\/#primaryimage\"},\"image\":{\"@id\":\"https:\/\/www.icog.es\/TyT\/index.php\/2024\/04\/celebracion-del-hidrogeodia-2024-en-caceres\/#primaryimage\"},\"thumbnailUrl\":\"https:\/\/www.icog.es\/TyT\/wp-content\/uploads\/2024\/04\/Portada.jpg\",\"datePublished\":\"2024-04-05T07:37:36+00:00\",\"dateModified\":\"2024-04-05T07:39:16+00:00\",\"description\":\"El pasado s\u00e1bado, 23 de marzo, se celebr\u00f3 en C\u00e1ceres el Hidrogeodia\u00b424, con el t\u00edtulo \\\"Los Aljibes, Reservas de Agua del C\u00e1ceres Medieval\\\".\",\"breadcrumb\":{\"@id\":\"https:\/\/www.icog.es\/TyT\/index.php\/2024\/04\/celebracion-del-hidrogeodia-2024-en-caceres\/#breadcrumb\"},\"inLanguage\":\"es\",\"potentialAction\":[{\"@type\":\"ReadAction\",\"target\":[\"https:\/\/www.icog.es\/TyT\/index.php\/2024\/04\/celebracion-del-hidrogeodia-2024-en-caceres\/\"]}]},{\"@type\":\"ImageObject\",\"inLanguage\":\"es\",\"@id\":\"https:\/\/www.icog.es\/TyT\/index.php\/2024\/04\/celebracion-del-hidrogeodia-2024-en-caceres\/#primaryimage\",\"url\":\"https:\/\/www.icog.es\/TyT\/wp-content\/uploads\/2024\/04\/Portada.jpg\",\"contentUrl\":\"https:\/\/www.icog.es\/TyT\/wp-content\/uploads\/2024\/04\/Portada.jpg\",\"width\":646,\"height\":484},{\"@type\":\"BreadcrumbList\",\"@id\":\"https:\/\/www.icog.es\/TyT\/index.php\/2024\/04\/celebracion-del-hidrogeodia-2024-en-caceres\/#breadcrumb\",\"itemListElement\":[{\"@type\":\"ListItem\",\"position\":1,\"name\":\"Portada\",\"item\":\"https:\/\/www.icog.es\/TyT\/\"},{\"@type\":\"ListItem\",\"position\":2,\"name\":\"Celebraci\u00f3n del Hidrogeod\u00eda 2024 en C\u00e1ceres\"}]},{\"@type\":\"WebSite\",\"@id\":\"https:\/\/www.icog.es\/TyT\/#website\",\"url\":\"https:\/\/www.icog.es\/TyT\/\",\"name\":\"Tierra y Tecnolog\u00eda\",\"description\":\"Revista de informaci\u00f3n geol\u00f3gica\",\"publisher\":{\"@id\":\"https:\/\/www.icog.es\/TyT\/#organization\"},\"potentialAction\":[{\"@type\":\"SearchAction\",\"target\":{\"@type\":\"EntryPoint\",\"urlTemplate\":\"https:\/\/www.icog.es\/TyT\/?s={search_term_string}\"},\"query-input\":{\"@type\":\"PropertyValueSpecification\",\"valueRequired\":true,\"valueName\":\"search_term_string\"}}],\"inLanguage\":\"es\"},{\"@type\":\"Organization\",\"@id\":\"https:\/\/www.icog.es\/TyT\/#organization\",\"name\":\"Tierra y Tecnolog\u00eda - Colegio de Ge\u00f3logos\",\"url\":\"https:\/\/www.icog.es\/TyT\/\",\"logo\":{\"@type\":\"ImageObject\",\"inLanguage\":\"es\",\"@id\":\"https:\/\/www.icog.es\/TyT\/#\/schema\/logo\/image\/\",\"url\":\"https:\/\/www.icog.es\/TyT\/wp-content\/uploads\/2013\/02\/logotytmini.jpg\",\"contentUrl\":\"https:\/\/www.icog.es\/TyT\/wp-content\/uploads\/2013\/02\/logotytmini.jpg\",\"width\":325,\"height\":127,\"caption\":\"Tierra y Tecnolog\u00eda - Colegio de Ge\u00f3logos\"},\"image\":{\"@id\":\"https:\/\/www.icog.es\/TyT\/#\/schema\/logo\/image\/\"},\"sameAs\":[\"https:\/\/www.facebook.com\/CGEOLOGOS\",\"https:\/\/x.com\/cgeologos\",\"https:\/\/www.linkedin.com\/company\/colegio-oficial-de-ge-logos\",\"https:\/\/www.pinterest.com\/cgeologos\/\",\"http:\/\/www.youtube.com\/ICOGtv\"]},{\"@type\":\"Person\",\"@id\":\"https:\/\/www.icog.es\/TyT\/#\/schema\/person\/590cfb5c1b7b4e4b350d60316033e853\",\"name\":\"Redacci\u00f3n\",\"image\":{\"@type\":\"ImageObject\",\"inLanguage\":\"es\",\"@id\":\"https:\/\/www.icog.es\/TyT\/#\/schema\/person\/image\/\",\"url\":\"https:\/\/secure.gravatar.com\/avatar\/f9c0ac81b2e8e690bee30ac3b42bf27f02e8dedc49686b871256e17dc7cd000b?s=96&d=identicon&r=g\",\"contentUrl\":\"https:\/\/secure.gravatar.com\/avatar\/f9c0ac81b2e8e690bee30ac3b42bf27f02e8dedc49686b871256e17dc7cd000b?s=96&d=identicon&r=g\",\"caption\":\"Redacci\u00f3n\"},\"description\":\"Tierra y Tecnolog\u00eda es una publicaci\u00f3n del Ilustre Colegio Oficial de Ge\u00f3logos (ICOG). El ICOG es una instituci\u00f3n sin finalidad lucrativa creada para la defensa y apoyo de los intereses de los Ge\u00f3logos, creada por Ley 73\/1978 de 26 de Diciembre, es una corporaci\u00f3n de Derecho P\u00fablico, amparada por Ley y reconocida por el Estado, con personalidad jur\u00eddica propia y capacidad plena para el ejercicio de sus funciones y cumplimiento de sus fines.\",\"sameAs\":[\"https:\/\/cgeologos.es\",\"https:\/\/www.facebook.com\/CGEOLOGOS\",\"https:\/\/www.linkedin.com\/company\/313811\",\"https:\/\/x.com\/https:\/\/twitter.com\/cgeologos\",\"http:\/\/www.youtube.com\/ICOGtv\"],\"url\":\"https:\/\/www.icog.es\/TyT\/index.php\/author\/jl-barrera\/\"}]}<\/script>\r\n<!-- \/ Yoast SEO plugin. -->","yoast_head_json":{"title":"Celebraci\u00f3n del Hidrogeod\u00eda 2024 en C\u00e1ceres - Tierra y Tecnolog\u00eda","description":"El pasado s\u00e1bado, 23 de marzo, se celebr\u00f3 en C\u00e1ceres el Hidrogeodia\u00b424, con el t\u00edtulo \"Los Aljibes, Reservas de Agua del C\u00e1ceres Medieval\".","robots":{"index":"index","follow":"follow","max-snippet":"max-snippet:-1","max-image-preview":"max-image-preview:large","max-video-preview":"max-video-preview:-1"},"canonical":"https:\/\/www.icog.es\/TyT\/index.php\/2024\/04\/celebracion-del-hidrogeodia-2024-en-caceres\/","og_locale":"es_ES","og_type":"article","og_title":"Celebraci\u00f3n del Hidrogeod\u00eda 2024 en C\u00e1ceres - Tierra y Tecnolog\u00eda","og_description":"El pasado s\u00e1bado, 23 de marzo, se celebr\u00f3 en C\u00e1ceres el Hidrogeodia\u00b424, con el t\u00edtulo \"Los Aljibes, Reservas de Agua del C\u00e1ceres Medieval\".","og_url":"https:\/\/www.icog.es\/TyT\/index.php\/2024\/04\/celebracion-del-hidrogeodia-2024-en-caceres\/","og_site_name":"Tierra y Tecnolog\u00eda","article_publisher":"https:\/\/www.facebook.com\/CGEOLOGOS","article_author":"https:\/\/www.facebook.com\/CGEOLOGOS","article_published_time":"2024-04-05T07:37:36+00:00","article_modified_time":"2024-04-05T07:39:16+00:00","og_image":[{"width":646,"height":484,"url":"https:\/\/www.icog.es\/TyT\/wp-content\/uploads\/2024\/04\/Portada.jpg","type":"image\/jpeg"}],"author":"Redacci\u00f3n","twitter_card":"summary_large_image","twitter_creator":"@https:\/\/twitter.com\/cgeologos","twitter_site":"@cgeologos","twitter_misc":{"Escrito por":"Redacci\u00f3n","Tiempo de lectura":"2 minutos"},"schema":{"@context":"https:\/\/schema.org","@graph":[{"@type":"Article","@id":"https:\/\/www.icog.es\/TyT\/index.php\/2024\/04\/celebracion-del-hidrogeodia-2024-en-caceres\/#article","isPartOf":{"@id":"https:\/\/www.icog.es\/TyT\/index.php\/2024\/04\/celebracion-del-hidrogeodia-2024-en-caceres\/"},"author":{"name":"Redacci\u00f3n","@id":"https:\/\/www.icog.es\/TyT\/#\/schema\/person\/590cfb5c1b7b4e4b350d60316033e853"},"headline":"Celebraci\u00f3n del Hidrogeod\u00eda 2024 en C\u00e1ceres","datePublished":"2024-04-05T07:37:36+00:00","dateModified":"2024-04-05T07:39:16+00:00","mainEntityOfPage":{"@id":"https:\/\/www.icog.es\/TyT\/index.php\/2024\/04\/celebracion-del-hidrogeodia-2024-en-caceres\/"},"wordCount":348,"commentCount":0,"publisher":{"@id":"https:\/\/www.icog.es\/TyT\/#organization"},"image":{"@id":"https:\/\/www.icog.es\/TyT\/index.php\/2024\/04\/celebracion-del-hidrogeodia-2024-en-caceres\/#primaryimage"},"thumbnailUrl":"https:\/\/www.icog.es\/TyT\/wp-content\/uploads\/2024\/04\/Portada.jpg","keywords":["C\u00e1ceres","Hidrogeod\u00eda"],"articleSection":["Novedades ICOG","T&amp;T 63"],"inLanguage":"es","potentialAction":[{"@type":"CommentAction","name":"Comment","target":["https:\/\/www.icog.es\/TyT\/index.php\/2024\/04\/celebracion-del-hidrogeodia-2024-en-caceres\/#respond"]}]},{"@type":"WebPage","@id":"https:\/\/www.icog.es\/TyT\/index.php\/2024\/04\/celebracion-del-hidrogeodia-2024-en-caceres\/","url":"https:\/\/www.icog.es\/TyT\/index.php\/2024\/04\/celebracion-del-hidrogeodia-2024-en-caceres\/","name":"Celebraci\u00f3n del Hidrogeod\u00eda 2024 en C\u00e1ceres - Tierra y Tecnolog\u00eda","isPartOf":{"@id":"https:\/\/www.icog.es\/TyT\/#website"},"primaryImageOfPage":{"@id":"https:\/\/www.icog.es\/TyT\/index.php\/2024\/04\/celebracion-del-hidrogeodia-2024-en-caceres\/#primaryimage"},"image":{"@id":"https:\/\/www.icog.es\/TyT\/index.php\/2024\/04\/celebracion-del-hidrogeodia-2024-en-caceres\/#primaryimage"},"thumbnailUrl":"https:\/\/www.icog.es\/TyT\/wp-content\/uploads\/2024\/04\/Portada.jpg","datePublished":"2024-04-05T07:37:36+00:00","dateModified":"2024-04-05T07:39:16+00:00","description":"El pasado s\u00e1bado, 23 de marzo, se celebr\u00f3 en C\u00e1ceres el Hidrogeodia\u00b424, con el t\u00edtulo \"Los Aljibes, Reservas de Agua del C\u00e1ceres Medieval\".","breadcrumb":{"@id":"https:\/\/www.icog.es\/TyT\/index.php\/2024\/04\/celebracion-del-hidrogeodia-2024-en-caceres\/#breadcrumb"},"inLanguage":"es","potentialAction":[{"@type":"ReadAction","target":["https:\/\/www.icog.es\/TyT\/index.php\/2024\/04\/celebracion-del-hidrogeodia-2024-en-caceres\/"]}]},{"@type":"ImageObject","inLanguage":"es","@id":"https:\/\/www.icog.es\/TyT\/index.php\/2024\/04\/celebracion-del-hidrogeodia-2024-en-caceres\/#primaryimage","url":"https:\/\/www.icog.es\/TyT\/wp-content\/uploads\/2024\/04\/Portada.jpg","contentUrl":"https:\/\/www.icog.es\/TyT\/wp-content\/uploads\/2024\/04\/Portada.jpg","width":646,"height":484},{"@type":"BreadcrumbList","@id":"https:\/\/www.icog.es\/TyT\/index.php\/2024\/04\/celebracion-del-hidrogeodia-2024-en-caceres\/#breadcrumb","itemListElement":[{"@type":"ListItem","position":1,"name":"Portada","item":"https:\/\/www.icog.es\/TyT\/"},{"@type":"ListItem","position":2,"name":"Celebraci\u00f3n del Hidrogeod\u00eda 2024 en C\u00e1ceres"}]},{"@type":"WebSite","@id":"https:\/\/www.icog.es\/TyT\/#website","url":"https:\/\/www.icog.es\/TyT\/","name":"Tierra y Tecnolog\u00eda","description":"Revista de informaci\u00f3n geol\u00f3gica","publisher":{"@id":"https:\/\/www.icog.es\/TyT\/#organization"},"potentialAction":[{"@type":"SearchAction","target":{"@type":"EntryPoint","urlTemplate":"https:\/\/www.icog.es\/TyT\/?s={search_term_string}"},"query-input":{"@type":"PropertyValueSpecification","valueRequired":true,"valueName":"search_term_string"}}],"inLanguage":"es"},{"@type":"Organization","@id":"https:\/\/www.icog.es\/TyT\/#organization","name":"Tierra y Tecnolog\u00eda - Colegio de Ge\u00f3logos","url":"https:\/\/www.icog.es\/TyT\/","logo":{"@type":"ImageObject","inLanguage":"es","@id":"https:\/\/www.icog.es\/TyT\/#\/schema\/logo\/image\/","url":"https:\/\/www.icog.es\/TyT\/wp-content\/uploads\/2013\/02\/logotytmini.jpg","contentUrl":"https:\/\/www.icog.es\/TyT\/wp-content\/uploads\/2013\/02\/logotytmini.jpg","width":325,"height":127,"caption":"Tierra y Tecnolog\u00eda - Colegio de Ge\u00f3logos"},"image":{"@id":"https:\/\/www.icog.es\/TyT\/#\/schema\/logo\/image\/"},"sameAs":["https:\/\/www.facebook.com\/CGEOLOGOS","https:\/\/x.com\/cgeologos","https:\/\/www.linkedin.com\/company\/colegio-oficial-de-ge-logos","https:\/\/www.pinterest.com\/cgeologos\/","http:\/\/www.youtube.com\/ICOGtv"]},{"@type":"Person","@id":"https:\/\/www.icog.es\/TyT\/#\/schema\/person\/590cfb5c1b7b4e4b350d60316033e853","name":"Redacci\u00f3n","image":{"@type":"ImageObject","inLanguage":"es","@id":"https:\/\/www.icog.es\/TyT\/#\/schema\/person\/image\/","url":"https:\/\/secure.gravatar.com\/avatar\/f9c0ac81b2e8e690bee30ac3b42bf27f02e8dedc49686b871256e17dc7cd000b?s=96&d=identicon&r=g","contentUrl":"https:\/\/secure.gravatar.com\/avatar\/f9c0ac81b2e8e690bee30ac3b42bf27f02e8dedc49686b871256e17dc7cd000b?s=96&d=identicon&r=g","caption":"Redacci\u00f3n"},"description":"Tierra y Tecnolog\u00eda es una publicaci\u00f3n del Ilustre Colegio Oficial de Ge\u00f3logos (ICOG). El ICOG es una instituci\u00f3n sin finalidad lucrativa creada para la defensa y apoyo de los intereses de los Ge\u00f3logos, creada por Ley 73\/1978 de 26 de Diciembre, es una corporaci\u00f3n de Derecho P\u00fablico, amparada por Ley y reconocida por el Estado, con personalidad jur\u00eddica propia y capacidad plena para el ejercicio de sus funciones y cumplimiento de sus fines.","sameAs":["https:\/\/cgeologos.es","https:\/\/www.facebook.com\/CGEOLOGOS","https:\/\/www.linkedin.com\/company\/313811","https:\/\/x.com\/https:\/\/twitter.com\/cgeologos","http:\/\/www.youtube.com\/ICOGtv"],"url":"https:\/\/www.icog.es\/TyT\/index.php\/author\/jl-barrera\/"}]}},"_links":{"self":[{"href":"https:\/\/www.icog.es\/TyT\/index.php\/wp-json\/wp\/v2\/posts\/14089","targetHints":{"allow":["GET"]}}],"collection":[{"href":"https:\/\/www.icog.es\/TyT\/index.php\/wp-json\/wp\/v2\/posts"}],"about":[{"href":"https:\/\/www.icog.es\/TyT\/index.php\/wp-json\/wp\/v2\/types\/post"}],"author":[{"embeddable":true,"href":"https:\/\/www.icog.es\/TyT\/index.php\/wp-json\/wp\/v2\/users\/2"}],"replies":[{"embeddable":true,"href":"https:\/\/www.icog.es\/TyT\/index.php\/wp-json\/wp\/v2\/comments?post=14089"}],"version-history":[{"count":1,"href":"https:\/\/www.icog.es\/TyT\/index.php\/wp-json\/wp\/v2\/posts\/14089\/revisions"}],"predecessor-version":[{"id":14092,"href":"https:\/\/www.icog.es\/TyT\/index.php\/wp-json\/wp\/v2\/posts\/14089\/revisions\/14092"}],"wp:featuredmedia":[{"embeddable":true,"href":"https:\/\/www.icog.es\/TyT\/index.php\/wp-json\/wp\/v2\/media\/14090"}],"wp:attachment":[{"href":"https:\/\/www.icog.es\/TyT\/index.php\/wp-json\/wp\/v2\/media?parent=14089"}],"wp:term":[{"taxonomy":"category","embeddable":true,"href":"https:\/\/www.icog.es\/TyT\/index.php\/wp-json\/wp\/v2\/categories?post=14089"},{"taxonomy":"post_tag","embeddable":true,"href":"https:\/\/www.icog.es\/TyT\/index.php\/wp-json\/wp\/v2\/tags?post=14089"}],"curies":[{"name":"wp","href":"https:\/\/api.w.org\/{rel}","templated":true}]}}