{"id":13963,"date":"2023-12-28T14:14:44","date_gmt":"2023-12-28T14:14:44","guid":{"rendered":"https:\/\/www.icog.es\/TyT\/?p=13963"},"modified":"2023-12-28T14:14:52","modified_gmt":"2023-12-28T14:14:52","slug":"coctel-de-navidad-del-ilustre-colegio-oficial-de-geologos-2023","status":"publish","type":"post","link":"https:\/\/www.icog.es\/TyT\/index.php\/2023\/12\/coctel-de-navidad-del-ilustre-colegio-oficial-de-geologos-2023\/","title":{"rendered":"C\u00f3ctel de Navidad del Ilustre Colegio Oficial de Ge\u00f3logos 2023"},"content":{"rendered":"\n<p>El tradicional c\u00f3ctel de Navidad del Ilustre Colegio Oficial de Ge\u00f3logos se celebr\u00f3 en la sala Ram\u00f3n G\u00f3mez de la Serna del C\u00edrculo de Bellas Artes de Madrid el pasado viernes 15 de diciembre, en una ubicaci\u00f3n \u2013ya tradicional\u2014con unas excelentes vistas sobre el skyline de Madrid.<\/p>\n\n\n\n<p>El acto estuvo conducido por Nieves S\u00e1nchez Guiti\u00e1n y cont\u00f3 con una nutrida representaci\u00f3n de ge\u00f3logos de las distintas delegaciones del ICOG as\u00ed como de la sede central, profesionales, condecorados y familiares en uno de los eventos m\u00e1s multitudinarios de los \u00faltimos a\u00f1os.<\/p>\n\n\n\n<p>El primer invitado de honor fue el italiano David Govoni, presidente de la Federaci\u00f3n Europea de Ge\u00f3logos (FEG). Presentado por Pablo N\u00fa\u00f1ez, delegado del Colegio de Ge\u00f3logos en Galicia y tesorero de la FEG, Govoni realiz\u00f3 su discurso en un italiano f\u00e1cilmente comprensible para un hablante hispano. Lament\u00f3 la falta de profesionales de la geolog\u00eda en la reciente cumbre del clima COP28 celebrada en Dubai. Asimismo pidi\u00f3 reforzar el papel de los ge\u00f3logos y la geolog\u00eda en la sociedad.<\/p>\n\n\n\n<p>Por su parte, Alfonso Mu\u00f1oz, de la Conferencia de Decanos de Ciencias Geol\u00f3gicas, hizo una valoraci\u00f3n del a\u00f1o al que calific\u00f3 como \u201cmuy bueno para la profesi\u00f3n con una alt\u00edsima empleabilidad\u201d. No obstante, lament\u00f3 la ca\u00edda relevante de alumnos que acceden al grado de Geolog\u00eda y Ciencias de la Tierra. \u201cNos hacen falta m\u00e1s profesionales y sin embargo, los estudiantes no la eligen en n\u00famero suficiente para cubrir la demanda\u201d, indic\u00f3. Adem\u00e1s puso el foco en el grave problema de la educaci\u00f3n secundaria donde la geolog\u00eda apenas existe. Para ello, reclam\u00f3 m\u00e1s colaboraci\u00f3n con los agentes educativos para fomentar las vocaciones geol\u00f3gicas y pidi\u00f3 un mayor reconocimiento del estudio de la geolog\u00eda en la Ley Org\u00e1nica del Sistema Universitario (LOSU).<\/p>\n\n\n\n<p>El \u00faltimo invitado de honor fue Juan Antonio Morales Gonz\u00e1lez de la Sociedad Geol\u00f3gica de Espa\u00f1a. Tras la divertida y calurosa presentaci\u00f3n de Manuel Regueiro, presidente del Colegio de Ge\u00f3logos, Juan Antonio Morales reivindic\u00f3 la lucha fuerte para que la geolog\u00eda tenga una presencia digna entre las ciencias que se imparten en la educaci\u00f3n secundaria. \u201cLa geolog\u00eda es una ciencia necesaria para el desarrollo de la sociedad\u201d, revel\u00f3.<\/p>\n\n\n\n<p>Despu\u00e9s de los discursos de los invitados de honor lleg\u00f3 el turno de las distinciones y condecoraciones de t\u00edtulos profesionales, las insignias a los colegiados que cumpli\u00e1n 25 a\u00f1os, los premios de grado y a la Excelencia Acad\u00e9mica y el concurso de postales navide\u00f1as infantiles del ICOG. Las nuevas generaciones demostraron que la geolog\u00eda no solo est\u00e1 muy viva en los estudios universitarios, sino que adem\u00e1s los j\u00f3venes universitarios aportan una visi\u00f3n fresca, rigurosa y muy trabajada de en sus TFGs y TFMs.<\/p>\n\n\n\n<p>Una de las novedades de esta edici\u00f3n fue la entrega del Premio Eduardo Hern\u00e1ndez-Pacheco a la divulgaci\u00f3n geol\u00f3gica que recay\u00f3 en el ge\u00f3logo zamorano Manuel Iglesias por su proyecto \u2018Todo esto era campo\u2019, un proyecto nacido en 2017 para poner en valor el patrimonio geol\u00f3gico de Zamora y acercar la geolog\u00eda a todos los p\u00fablicos de manera did\u00e1ctica y amena. En su discurso de agradecimiento, Manuel admiti\u00f3 que la geolog\u00eda no es una ciencia que mira al pasado, \u201ces una ciencia que mira al futuro y los ge\u00f3logos tenemos que cre\u00e9rnoslo\u201d.<\/p>\n\n\n\n<p>Adem\u00e1s hubo dos acc\u00e9sit que fueron para Guiomar Calvo y Raquel Morales por el conjunto de sus obras presentadas que incluyen rutas geol\u00f3gicas, gu\u00edas, exposiciones y v\u00eddeos divulgativos.<\/p>\n\n\n\n<h2 class=\"wp-block-heading\">Homenajes especiales<\/h2>\n\n\n\n<p>Este a\u00f1o hubo dos distinciones especialmente emotivas. La primera a Enrique Pampliega como Ge\u00f3logo de Honor. Nieves S\u00e1nchez Guiti\u00e1n en su discurso reconoci\u00f3 la inconmensurable labor de Enrique con el Colegio de Ge\u00f3logos, su esfuerzo, dedicaci\u00f3n, compromiso y buen hacer durante tantos a\u00f1os, m\u00e1s de 30, y su capacidad de hacer crecer al Colegio al tiempo que impulsaba la profesi\u00f3n geol\u00f3gica con todos sus proyectos e iniciativas dentro del ICOG. Y siempre con una sonrisa y buena predisposici\u00f3n.<\/p>\n\n\n\n<p>Enrique subi\u00f3 a recoger su galard\u00f3n, visiblemente emocionado y agradeci\u00f3 con unas palabras sinceras y atropelladas, seg\u00fan \u00e9l, el reconocimiento:<\/p>\n\n\n\n<p>\u201cRecibir este reconocimiento es un testimonio de la generosidad y la calidez con la que he sido acogido por el colectivo de ge\u00f3logos. Es un verdadero privilegio ser considerado merecedor de este honor, y quiero expresar mi gratitud a cada uno de vosotros por este gesto\u201d.<\/p>\n\n\n\n<p>Y uno de los momentos m\u00e1s especiales de la noche fue el homenaje p\u00f3stumo a la ge\u00f3loga Nieves Paniagua, Secretaria T\u00e9cnica y miembro de la Junta del ICOG durante 17 a\u00f1os en la sede central, que falleci\u00f3 en septiembre de 2023. A ritmo de la m\u00fasica de Fito y los Fitipaldi, un conmovedor v\u00eddeo con algunos de los momentos m\u00e1s destacados de su vida y sus recuerdos con compa\u00f1eros y amigos hizo brotar algunas l\u00e1grimas a m\u00e1s de alg\u00fan asistente. Su marido y sus hijos subieron a agradecer el reconocimiento a toda una vida entregada a la geolog\u00eda y a su pasi\u00f3n por la naturaleza.<\/p>\n\n\n\n<p>Al finalizar el acto, Ram\u00f3n P\u00e9rez Mir, presidente de la delegaci\u00f3n del Colegio de Ge\u00f3logos en Catalu\u00f1a, subi\u00f3 al estrado para agradecer las facilidades dadas por el ICOG para la creaci\u00f3n del Colegio de Ge\u00f3logos y Ge\u00f3logas de Catalu\u00f1a, separado de la sede central y con autonom\u00eda propia, en un proceso \u201camistoso y dialogante\u201d.<\/p>\n\n\n\n<p>Finaliz\u00f3 el acto con las palabras del presidente del Colegio de Ge\u00f3logos, Manuel Regueiro, que aparte de realizar un resumen del a\u00f1o, hizo un balance de sus 8 a\u00f1os al frente del ICOG y pronunci\u00f3 su \u00faltimo discurso como presidente ya que no se presentara a la reelecci\u00f3n. Con su habitual sentido del humor y capacidad oratoria, en sus palabras agradeci\u00f3 la ayuda de todos sus colaboradores y colegiados por su esfuerzo y dedicaci\u00f3n y tambi\u00e9n a sus detractores por hacerle mejorar. En su per\u00edodo al frente del ICOG logr\u00f3 estabilizar las finanzas de la instituci\u00f3n, aument\u00f3 el n\u00famero de visados y colegiaciones y realiz\u00f3 un especial esfuerzo por acercar la geolog\u00eda, la divulgaci\u00f3n y la cultura geol\u00f3gica al mayor n\u00famero de personas posibles.<\/p>\n","protected":false},"excerpt":{"rendered":"<p>El tradicional c\u00f3ctel de Navidad del Ilustre Colegio Oficial de Ge\u00f3logos se celebr\u00f3 en la sala Ram\u00f3n G\u00f3mez de la Serna del C\u00edrculo de Bellas Artes de Madrid el pasado viernes 15 de diciembre, en una ubicaci\u00f3n \u2013ya tradicional\u2014con unas excelentes vistas sobre el skyline de Madrid. El acto estuvo conducido por Nieves S\u00e1nchez Guiti\u00e1n [&hellip;]<\/p>\n","protected":false},"author":2,"featured_media":13965,"comment_status":"open","ping_status":"open","sticky":false,"template":"","format":"video","meta":{"tdm_status":"","tdm_grid_status":"","footnotes":""},"categories":[19,1682],"tags":[362,75],"class_list":{"0":"post-13963","1":"post","2":"type-post","3":"status-publish","4":"format-video","5":"has-post-thumbnail","7":"category-novedades-icog","8":"category-tt-62","9":"tag-coctel","10":"tag-navidad","11":"post_format-post-format-video"},"yoast_head":"<!-- This site is optimized with the Yoast SEO plugin v27.0 - https:\/\/yoast.com\/product\/yoast-seo-wordpress\/ -->\r\n<title>C\u00f3ctel de Navidad del Ilustre Colegio Oficial de Ge\u00f3logos 2023<\/title>\r\n<meta name=\"description\" content=\"El tradicional c\u00f3ctel de Navidad del Ilustre Colegio Oficial de Ge\u00f3logos se celebr\u00f3 en la sala Ram\u00f3n G\u00f3mez de la Serna del C\u00edrculo de Bellas Artes de Madrid el pasado viernes 15 de diciembre.\" \/>\r\n<meta name=\"robots\" content=\"index, follow, max-snippet:-1, max-image-preview:large, max-video-preview:-1\" \/>\r\n<link rel=\"canonical\" href=\"https:\/\/www.icog.es\/TyT\/index.php\/2023\/12\/coctel-de-navidad-del-ilustre-colegio-oficial-de-geologos-2023\/\" \/>\r\n<meta property=\"og:locale\" content=\"es_ES\" \/>\r\n<meta property=\"og:type\" content=\"article\" \/>\r\n<meta property=\"og:title\" content=\"C\u00f3ctel de Navidad del Ilustre Colegio Oficial de Ge\u00f3logos 2023\" \/>\r\n<meta property=\"og:description\" content=\"El tradicional c\u00f3ctel de Navidad del Ilustre Colegio Oficial de Ge\u00f3logos se celebr\u00f3 en la sala Ram\u00f3n G\u00f3mez de la Serna del C\u00edrculo de Bellas Artes de Madrid el pasado viernes 15 de diciembre.\" \/>\r\n<meta property=\"og:url\" content=\"https:\/\/www.icog.es\/TyT\/index.php\/2023\/12\/coctel-de-navidad-del-ilustre-colegio-oficial-de-geologos-2023\/\" \/>\r\n<meta property=\"og:site_name\" content=\"Tierra y Tecnolog\u00eda\" \/>\r\n<meta property=\"article:publisher\" content=\"https:\/\/www.facebook.com\/CGEOLOGOS\" \/>\r\n<meta property=\"article:author\" content=\"https:\/\/www.facebook.com\/CGEOLOGOS\" \/>\r\n<meta property=\"article:published_time\" content=\"2023-12-28T14:14:44+00:00\" \/>\r\n<meta property=\"article:modified_time\" content=\"2023-12-28T14:14:52+00:00\" \/>\r\n<meta property=\"og:image\" content=\"https:\/\/www.icog.es\/TyT\/wp-content\/uploads\/2023\/12\/maxresdefault.jpg\" \/>\r\n\t<meta property=\"og:image:width\" content=\"1280\" \/>\r\n\t<meta property=\"og:image:height\" content=\"720\" \/>\r\n\t<meta property=\"og:image:type\" content=\"image\/jpeg\" \/>\r\n<meta name=\"author\" content=\"Redacci\u00f3n\" \/>\r\n<meta name=\"twitter:card\" content=\"summary_large_image\" \/>\r\n<meta name=\"twitter:creator\" content=\"@https:\/\/twitter.com\/cgeologos\" \/>\r\n<meta name=\"twitter:site\" content=\"@cgeologos\" \/>\r\n<meta name=\"twitter:label1\" content=\"Escrito por\" \/>\n\t<meta name=\"twitter:data1\" content=\"Redacci\u00f3n\" \/>\n\t<meta name=\"twitter:label2\" content=\"Tiempo de lectura\" \/>\n\t<meta name=\"twitter:data2\" content=\"5 minutos\" \/>\r\n<script type=\"application\/ld+json\" class=\"yoast-schema-graph\">{\"@context\":\"https:\/\/schema.org\",\"@graph\":[{\"@type\":\"Article\",\"@id\":\"https:\/\/www.icog.es\/TyT\/index.php\/2023\/12\/coctel-de-navidad-del-ilustre-colegio-oficial-de-geologos-2023\/#article\",\"isPartOf\":{\"@id\":\"https:\/\/www.icog.es\/TyT\/index.php\/2023\/12\/coctel-de-navidad-del-ilustre-colegio-oficial-de-geologos-2023\/\"},\"author\":{\"name\":\"Redacci\u00f3n\",\"@id\":\"https:\/\/www.icog.es\/TyT\/#\/schema\/person\/590cfb5c1b7b4e4b350d60316033e853\"},\"headline\":\"C\u00f3ctel de Navidad del Ilustre Colegio Oficial de Ge\u00f3logos 2023\",\"datePublished\":\"2023-12-28T14:14:44+00:00\",\"dateModified\":\"2023-12-28T14:14:52+00:00\",\"mainEntityOfPage\":{\"@id\":\"https:\/\/www.icog.es\/TyT\/index.php\/2023\/12\/coctel-de-navidad-del-ilustre-colegio-oficial-de-geologos-2023\/\"},\"wordCount\":1117,\"commentCount\":0,\"publisher\":{\"@id\":\"https:\/\/www.icog.es\/TyT\/#organization\"},\"image\":{\"@id\":\"https:\/\/www.icog.es\/TyT\/index.php\/2023\/12\/coctel-de-navidad-del-ilustre-colegio-oficial-de-geologos-2023\/#primaryimage\"},\"thumbnailUrl\":\"https:\/\/www.icog.es\/TyT\/wp-content\/uploads\/2023\/12\/maxresdefault.jpg\",\"keywords\":[\"c\u00f3ctel\",\"Navidad\"],\"articleSection\":[\"Novedades ICOG\",\"T&amp;T 62\"],\"inLanguage\":\"es\",\"potentialAction\":[{\"@type\":\"CommentAction\",\"name\":\"Comment\",\"target\":[\"https:\/\/www.icog.es\/TyT\/index.php\/2023\/12\/coctel-de-navidad-del-ilustre-colegio-oficial-de-geologos-2023\/#respond\"]}]},{\"@type\":\"WebPage\",\"@id\":\"https:\/\/www.icog.es\/TyT\/index.php\/2023\/12\/coctel-de-navidad-del-ilustre-colegio-oficial-de-geologos-2023\/\",\"url\":\"https:\/\/www.icog.es\/TyT\/index.php\/2023\/12\/coctel-de-navidad-del-ilustre-colegio-oficial-de-geologos-2023\/\",\"name\":\"C\u00f3ctel de Navidad del Ilustre Colegio Oficial de Ge\u00f3logos 2023\",\"isPartOf\":{\"@id\":\"https:\/\/www.icog.es\/TyT\/#website\"},\"primaryImageOfPage\":{\"@id\":\"https:\/\/www.icog.es\/TyT\/index.php\/2023\/12\/coctel-de-navidad-del-ilustre-colegio-oficial-de-geologos-2023\/#primaryimage\"},\"image\":{\"@id\":\"https:\/\/www.icog.es\/TyT\/index.php\/2023\/12\/coctel-de-navidad-del-ilustre-colegio-oficial-de-geologos-2023\/#primaryimage\"},\"thumbnailUrl\":\"https:\/\/www.icog.es\/TyT\/wp-content\/uploads\/2023\/12\/maxresdefault.jpg\",\"datePublished\":\"2023-12-28T14:14:44+00:00\",\"dateModified\":\"2023-12-28T14:14:52+00:00\",\"description\":\"El tradicional c\u00f3ctel de Navidad del Ilustre Colegio Oficial de Ge\u00f3logos se celebr\u00f3 en la sala Ram\u00f3n G\u00f3mez de la Serna del C\u00edrculo de Bellas Artes de Madrid el pasado viernes 15 de diciembre.\",\"breadcrumb\":{\"@id\":\"https:\/\/www.icog.es\/TyT\/index.php\/2023\/12\/coctel-de-navidad-del-ilustre-colegio-oficial-de-geologos-2023\/#breadcrumb\"},\"inLanguage\":\"es\",\"potentialAction\":[{\"@type\":\"ReadAction\",\"target\":[\"https:\/\/www.icog.es\/TyT\/index.php\/2023\/12\/coctel-de-navidad-del-ilustre-colegio-oficial-de-geologos-2023\/\"]}]},{\"@type\":\"ImageObject\",\"inLanguage\":\"es\",\"@id\":\"https:\/\/www.icog.es\/TyT\/index.php\/2023\/12\/coctel-de-navidad-del-ilustre-colegio-oficial-de-geologos-2023\/#primaryimage\",\"url\":\"https:\/\/www.icog.es\/TyT\/wp-content\/uploads\/2023\/12\/maxresdefault.jpg\",\"contentUrl\":\"https:\/\/www.icog.es\/TyT\/wp-content\/uploads\/2023\/12\/maxresdefault.jpg\",\"width\":1280,\"height\":720},{\"@type\":\"BreadcrumbList\",\"@id\":\"https:\/\/www.icog.es\/TyT\/index.php\/2023\/12\/coctel-de-navidad-del-ilustre-colegio-oficial-de-geologos-2023\/#breadcrumb\",\"itemListElement\":[{\"@type\":\"ListItem\",\"position\":1,\"name\":\"Portada\",\"item\":\"https:\/\/www.icog.es\/TyT\/\"},{\"@type\":\"ListItem\",\"position\":2,\"name\":\"C\u00f3ctel de Navidad del Ilustre Colegio Oficial de Ge\u00f3logos 2023\"}]},{\"@type\":\"WebSite\",\"@id\":\"https:\/\/www.icog.es\/TyT\/#website\",\"url\":\"https:\/\/www.icog.es\/TyT\/\",\"name\":\"Tierra y Tecnolog\u00eda\",\"description\":\"Revista de informaci\u00f3n geol\u00f3gica\",\"publisher\":{\"@id\":\"https:\/\/www.icog.es\/TyT\/#organization\"},\"potentialAction\":[{\"@type\":\"SearchAction\",\"target\":{\"@type\":\"EntryPoint\",\"urlTemplate\":\"https:\/\/www.icog.es\/TyT\/?s={search_term_string}\"},\"query-input\":{\"@type\":\"PropertyValueSpecification\",\"valueRequired\":true,\"valueName\":\"search_term_string\"}}],\"inLanguage\":\"es\"},{\"@type\":\"Organization\",\"@id\":\"https:\/\/www.icog.es\/TyT\/#organization\",\"name\":\"Tierra y Tecnolog\u00eda - Colegio de Ge\u00f3logos\",\"url\":\"https:\/\/www.icog.es\/TyT\/\",\"logo\":{\"@type\":\"ImageObject\",\"inLanguage\":\"es\",\"@id\":\"https:\/\/www.icog.es\/TyT\/#\/schema\/logo\/image\/\",\"url\":\"https:\/\/www.icog.es\/TyT\/wp-content\/uploads\/2013\/02\/logotytmini.jpg\",\"contentUrl\":\"https:\/\/www.icog.es\/TyT\/wp-content\/uploads\/2013\/02\/logotytmini.jpg\",\"width\":325,\"height\":127,\"caption\":\"Tierra y Tecnolog\u00eda - Colegio de Ge\u00f3logos\"},\"image\":{\"@id\":\"https:\/\/www.icog.es\/TyT\/#\/schema\/logo\/image\/\"},\"sameAs\":[\"https:\/\/www.facebook.com\/CGEOLOGOS\",\"https:\/\/x.com\/cgeologos\",\"https:\/\/www.linkedin.com\/company\/colegio-oficial-de-ge-logos\",\"https:\/\/www.pinterest.com\/cgeologos\/\",\"http:\/\/www.youtube.com\/ICOGtv\"]},{\"@type\":\"Person\",\"@id\":\"https:\/\/www.icog.es\/TyT\/#\/schema\/person\/590cfb5c1b7b4e4b350d60316033e853\",\"name\":\"Redacci\u00f3n\",\"image\":{\"@type\":\"ImageObject\",\"inLanguage\":\"es\",\"@id\":\"https:\/\/www.icog.es\/TyT\/#\/schema\/person\/image\/\",\"url\":\"https:\/\/secure.gravatar.com\/avatar\/f9c0ac81b2e8e690bee30ac3b42bf27f02e8dedc49686b871256e17dc7cd000b?s=96&d=identicon&r=g\",\"contentUrl\":\"https:\/\/secure.gravatar.com\/avatar\/f9c0ac81b2e8e690bee30ac3b42bf27f02e8dedc49686b871256e17dc7cd000b?s=96&d=identicon&r=g\",\"caption\":\"Redacci\u00f3n\"},\"description\":\"Tierra y Tecnolog\u00eda es una publicaci\u00f3n del Ilustre Colegio Oficial de Ge\u00f3logos (ICOG). El ICOG es una instituci\u00f3n sin finalidad lucrativa creada para la defensa y apoyo de los intereses de los Ge\u00f3logos, creada por Ley 73\/1978 de 26 de Diciembre, es una corporaci\u00f3n de Derecho P\u00fablico, amparada por Ley y reconocida por el Estado, con personalidad jur\u00eddica propia y capacidad plena para el ejercicio de sus funciones y cumplimiento de sus fines.\",\"sameAs\":[\"https:\/\/cgeologos.es\",\"https:\/\/www.facebook.com\/CGEOLOGOS\",\"https:\/\/www.linkedin.com\/company\/313811\",\"https:\/\/x.com\/https:\/\/twitter.com\/cgeologos\",\"http:\/\/www.youtube.com\/ICOGtv\"],\"url\":\"https:\/\/www.icog.es\/TyT\/index.php\/author\/jl-barrera\/\"}]}<\/script>\r\n<!-- \/ Yoast SEO plugin. -->","yoast_head_json":{"title":"C\u00f3ctel de Navidad del Ilustre Colegio Oficial de Ge\u00f3logos 2023","description":"El tradicional c\u00f3ctel de Navidad del Ilustre Colegio Oficial de Ge\u00f3logos se celebr\u00f3 en la sala Ram\u00f3n G\u00f3mez de la Serna del C\u00edrculo de Bellas Artes de Madrid el pasado viernes 15 de diciembre.","robots":{"index":"index","follow":"follow","max-snippet":"max-snippet:-1","max-image-preview":"max-image-preview:large","max-video-preview":"max-video-preview:-1"},"canonical":"https:\/\/www.icog.es\/TyT\/index.php\/2023\/12\/coctel-de-navidad-del-ilustre-colegio-oficial-de-geologos-2023\/","og_locale":"es_ES","og_type":"article","og_title":"C\u00f3ctel de Navidad del Ilustre Colegio Oficial de Ge\u00f3logos 2023","og_description":"El tradicional c\u00f3ctel de Navidad del Ilustre Colegio Oficial de Ge\u00f3logos se celebr\u00f3 en la sala Ram\u00f3n G\u00f3mez de la Serna del C\u00edrculo de Bellas Artes de Madrid el pasado viernes 15 de diciembre.","og_url":"https:\/\/www.icog.es\/TyT\/index.php\/2023\/12\/coctel-de-navidad-del-ilustre-colegio-oficial-de-geologos-2023\/","og_site_name":"Tierra y Tecnolog\u00eda","article_publisher":"https:\/\/www.facebook.com\/CGEOLOGOS","article_author":"https:\/\/www.facebook.com\/CGEOLOGOS","article_published_time":"2023-12-28T14:14:44+00:00","article_modified_time":"2023-12-28T14:14:52+00:00","og_image":[{"width":1280,"height":720,"url":"https:\/\/www.icog.es\/TyT\/wp-content\/uploads\/2023\/12\/maxresdefault.jpg","type":"image\/jpeg"}],"author":"Redacci\u00f3n","twitter_card":"summary_large_image","twitter_creator":"@https:\/\/twitter.com\/cgeologos","twitter_site":"@cgeologos","twitter_misc":{"Escrito por":"Redacci\u00f3n","Tiempo de lectura":"5 minutos"},"schema":{"@context":"https:\/\/schema.org","@graph":[{"@type":"Article","@id":"https:\/\/www.icog.es\/TyT\/index.php\/2023\/12\/coctel-de-navidad-del-ilustre-colegio-oficial-de-geologos-2023\/#article","isPartOf":{"@id":"https:\/\/www.icog.es\/TyT\/index.php\/2023\/12\/coctel-de-navidad-del-ilustre-colegio-oficial-de-geologos-2023\/"},"author":{"name":"Redacci\u00f3n","@id":"https:\/\/www.icog.es\/TyT\/#\/schema\/person\/590cfb5c1b7b4e4b350d60316033e853"},"headline":"C\u00f3ctel de Navidad del Ilustre Colegio Oficial de Ge\u00f3logos 2023","datePublished":"2023-12-28T14:14:44+00:00","dateModified":"2023-12-28T14:14:52+00:00","mainEntityOfPage":{"@id":"https:\/\/www.icog.es\/TyT\/index.php\/2023\/12\/coctel-de-navidad-del-ilustre-colegio-oficial-de-geologos-2023\/"},"wordCount":1117,"commentCount":0,"publisher":{"@id":"https:\/\/www.icog.es\/TyT\/#organization"},"image":{"@id":"https:\/\/www.icog.es\/TyT\/index.php\/2023\/12\/coctel-de-navidad-del-ilustre-colegio-oficial-de-geologos-2023\/#primaryimage"},"thumbnailUrl":"https:\/\/www.icog.es\/TyT\/wp-content\/uploads\/2023\/12\/maxresdefault.jpg","keywords":["c\u00f3ctel","Navidad"],"articleSection":["Novedades ICOG","T&amp;T 62"],"inLanguage":"es","potentialAction":[{"@type":"CommentAction","name":"Comment","target":["https:\/\/www.icog.es\/TyT\/index.php\/2023\/12\/coctel-de-navidad-del-ilustre-colegio-oficial-de-geologos-2023\/#respond"]}]},{"@type":"WebPage","@id":"https:\/\/www.icog.es\/TyT\/index.php\/2023\/12\/coctel-de-navidad-del-ilustre-colegio-oficial-de-geologos-2023\/","url":"https:\/\/www.icog.es\/TyT\/index.php\/2023\/12\/coctel-de-navidad-del-ilustre-colegio-oficial-de-geologos-2023\/","name":"C\u00f3ctel de Navidad del Ilustre Colegio Oficial de Ge\u00f3logos 2023","isPartOf":{"@id":"https:\/\/www.icog.es\/TyT\/#website"},"primaryImageOfPage":{"@id":"https:\/\/www.icog.es\/TyT\/index.php\/2023\/12\/coctel-de-navidad-del-ilustre-colegio-oficial-de-geologos-2023\/#primaryimage"},"image":{"@id":"https:\/\/www.icog.es\/TyT\/index.php\/2023\/12\/coctel-de-navidad-del-ilustre-colegio-oficial-de-geologos-2023\/#primaryimage"},"thumbnailUrl":"https:\/\/www.icog.es\/TyT\/wp-content\/uploads\/2023\/12\/maxresdefault.jpg","datePublished":"2023-12-28T14:14:44+00:00","dateModified":"2023-12-28T14:14:52+00:00","description":"El tradicional c\u00f3ctel de Navidad del Ilustre Colegio Oficial de Ge\u00f3logos se celebr\u00f3 en la sala Ram\u00f3n G\u00f3mez de la Serna del C\u00edrculo de Bellas Artes de Madrid el pasado viernes 15 de diciembre.","breadcrumb":{"@id":"https:\/\/www.icog.es\/TyT\/index.php\/2023\/12\/coctel-de-navidad-del-ilustre-colegio-oficial-de-geologos-2023\/#breadcrumb"},"inLanguage":"es","potentialAction":[{"@type":"ReadAction","target":["https:\/\/www.icog.es\/TyT\/index.php\/2023\/12\/coctel-de-navidad-del-ilustre-colegio-oficial-de-geologos-2023\/"]}]},{"@type":"ImageObject","inLanguage":"es","@id":"https:\/\/www.icog.es\/TyT\/index.php\/2023\/12\/coctel-de-navidad-del-ilustre-colegio-oficial-de-geologos-2023\/#primaryimage","url":"https:\/\/www.icog.es\/TyT\/wp-content\/uploads\/2023\/12\/maxresdefault.jpg","contentUrl":"https:\/\/www.icog.es\/TyT\/wp-content\/uploads\/2023\/12\/maxresdefault.jpg","width":1280,"height":720},{"@type":"BreadcrumbList","@id":"https:\/\/www.icog.es\/TyT\/index.php\/2023\/12\/coctel-de-navidad-del-ilustre-colegio-oficial-de-geologos-2023\/#breadcrumb","itemListElement":[{"@type":"ListItem","position":1,"name":"Portada","item":"https:\/\/www.icog.es\/TyT\/"},{"@type":"ListItem","position":2,"name":"C\u00f3ctel de Navidad del Ilustre Colegio Oficial de Ge\u00f3logos 2023"}]},{"@type":"WebSite","@id":"https:\/\/www.icog.es\/TyT\/#website","url":"https:\/\/www.icog.es\/TyT\/","name":"Tierra y Tecnolog\u00eda","description":"Revista de informaci\u00f3n geol\u00f3gica","publisher":{"@id":"https:\/\/www.icog.es\/TyT\/#organization"},"potentialAction":[{"@type":"SearchAction","target":{"@type":"EntryPoint","urlTemplate":"https:\/\/www.icog.es\/TyT\/?s={search_term_string}"},"query-input":{"@type":"PropertyValueSpecification","valueRequired":true,"valueName":"search_term_string"}}],"inLanguage":"es"},{"@type":"Organization","@id":"https:\/\/www.icog.es\/TyT\/#organization","name":"Tierra y Tecnolog\u00eda - Colegio de Ge\u00f3logos","url":"https:\/\/www.icog.es\/TyT\/","logo":{"@type":"ImageObject","inLanguage":"es","@id":"https:\/\/www.icog.es\/TyT\/#\/schema\/logo\/image\/","url":"https:\/\/www.icog.es\/TyT\/wp-content\/uploads\/2013\/02\/logotytmini.jpg","contentUrl":"https:\/\/www.icog.es\/TyT\/wp-content\/uploads\/2013\/02\/logotytmini.jpg","width":325,"height":127,"caption":"Tierra y Tecnolog\u00eda - Colegio de Ge\u00f3logos"},"image":{"@id":"https:\/\/www.icog.es\/TyT\/#\/schema\/logo\/image\/"},"sameAs":["https:\/\/www.facebook.com\/CGEOLOGOS","https:\/\/x.com\/cgeologos","https:\/\/www.linkedin.com\/company\/colegio-oficial-de-ge-logos","https:\/\/www.pinterest.com\/cgeologos\/","http:\/\/www.youtube.com\/ICOGtv"]},{"@type":"Person","@id":"https:\/\/www.icog.es\/TyT\/#\/schema\/person\/590cfb5c1b7b4e4b350d60316033e853","name":"Redacci\u00f3n","image":{"@type":"ImageObject","inLanguage":"es","@id":"https:\/\/www.icog.es\/TyT\/#\/schema\/person\/image\/","url":"https:\/\/secure.gravatar.com\/avatar\/f9c0ac81b2e8e690bee30ac3b42bf27f02e8dedc49686b871256e17dc7cd000b?s=96&d=identicon&r=g","contentUrl":"https:\/\/secure.gravatar.com\/avatar\/f9c0ac81b2e8e690bee30ac3b42bf27f02e8dedc49686b871256e17dc7cd000b?s=96&d=identicon&r=g","caption":"Redacci\u00f3n"},"description":"Tierra y Tecnolog\u00eda es una publicaci\u00f3n del Ilustre Colegio Oficial de Ge\u00f3logos (ICOG). El ICOG es una instituci\u00f3n sin finalidad lucrativa creada para la defensa y apoyo de los intereses de los Ge\u00f3logos, creada por Ley 73\/1978 de 26 de Diciembre, es una corporaci\u00f3n de Derecho P\u00fablico, amparada por Ley y reconocida por el Estado, con personalidad jur\u00eddica propia y capacidad plena para el ejercicio de sus funciones y cumplimiento de sus fines.","sameAs":["https:\/\/cgeologos.es","https:\/\/www.facebook.com\/CGEOLOGOS","https:\/\/www.linkedin.com\/company\/313811","https:\/\/x.com\/https:\/\/twitter.com\/cgeologos","http:\/\/www.youtube.com\/ICOGtv"],"url":"https:\/\/www.icog.es\/TyT\/index.php\/author\/jl-barrera\/"}]}},"_links":{"self":[{"href":"https:\/\/www.icog.es\/TyT\/index.php\/wp-json\/wp\/v2\/posts\/13963","targetHints":{"allow":["GET"]}}],"collection":[{"href":"https:\/\/www.icog.es\/TyT\/index.php\/wp-json\/wp\/v2\/posts"}],"about":[{"href":"https:\/\/www.icog.es\/TyT\/index.php\/wp-json\/wp\/v2\/types\/post"}],"author":[{"embeddable":true,"href":"https:\/\/www.icog.es\/TyT\/index.php\/wp-json\/wp\/v2\/users\/2"}],"replies":[{"embeddable":true,"href":"https:\/\/www.icog.es\/TyT\/index.php\/wp-json\/wp\/v2\/comments?post=13963"}],"version-history":[{"count":1,"href":"https:\/\/www.icog.es\/TyT\/index.php\/wp-json\/wp\/v2\/posts\/13963\/revisions"}],"predecessor-version":[{"id":13964,"href":"https:\/\/www.icog.es\/TyT\/index.php\/wp-json\/wp\/v2\/posts\/13963\/revisions\/13964"}],"wp:featuredmedia":[{"embeddable":true,"href":"https:\/\/www.icog.es\/TyT\/index.php\/wp-json\/wp\/v2\/media\/13965"}],"wp:attachment":[{"href":"https:\/\/www.icog.es\/TyT\/index.php\/wp-json\/wp\/v2\/media?parent=13963"}],"wp:term":[{"taxonomy":"category","embeddable":true,"href":"https:\/\/www.icog.es\/TyT\/index.php\/wp-json\/wp\/v2\/categories?post=13963"},{"taxonomy":"post_tag","embeddable":true,"href":"https:\/\/www.icog.es\/TyT\/index.php\/wp-json\/wp\/v2\/tags?post=13963"}],"curies":[{"name":"wp","href":"https:\/\/api.w.org\/{rel}","templated":true}]}}