{"id":13958,"date":"2023-12-18T08:18:04","date_gmt":"2023-12-18T08:18:04","guid":{"rendered":"https:\/\/www.icog.es\/TyT\/?p=13958"},"modified":"2024-03-11T15:42:04","modified_gmt":"2024-03-11T15:42:04","slug":"conversaciones-geologicas-entrevistas-imaginarias-a-cuatro-grandes-geologos","status":"publish","type":"post","link":"https:\/\/www.icog.es\/TyT\/index.php\/2023\/12\/conversaciones-geologicas-entrevistas-imaginarias-a-cuatro-grandes-geologos\/","title":{"rendered":"Conversaciones geol\u00f3gicas. Entrevistas imaginarias a cuatro grandes ge\u00f3logos."},"content":{"rendered":"\n<p>Desde el Colegio de ge\u00f3logos no podemos menos que congratularnos por la aparici\u00f3n de un libro que da a conocer al p\u00fablico espa\u00f1ol, de una forma muy atractiva y \u00e1gil, la figura de cuatro grandes personajes que sentaron las bases de las ciencias geol\u00f3gicas: James Hutton (1726 -1797), Charles Lyell (1797- 1875), Charles Darwin (1809- 1882) y Alfred Wegener (1880- 1930).<\/p>\n\n\n\n<p>El autor, Carlos Pina, desde la ficci\u00f3n, viaja en el tiempo para entablar unas conversaciones con estos personajes que fundaron nuestra ciencia. La original utilizaci\u00f3n del g\u00e9nero period\u00edstico de la entrevista le ha permitido dotar al libro de una gran agilidad e inter\u00e9s. El libro es una recopilaci\u00f3n de cuatro entrevistas imaginarias con el mismo formato del utilizado en los suplementos semanales en las que se pregunta al personaje protagonista tanto por cuestiones cient\u00edficas como personales. A pesar de que se trata de una ficci\u00f3n, Carlos Pina se ha documentado con gran rigor y es evidente que lo que pone en boca de los entrevistados est\u00e1 basado en un gran trabajo de documentaci\u00f3n.<\/p>\n\n\n\n<p>En primer lugar, Carlos Pina se desplaza al Edimburgo de finales del Siglo XVIII para entrevistar a un anciano James Hutton, padre del uniformitarismo. Hutton considera que las causas que dan lugar a los fen\u00f3menos geol\u00f3gicos han sido las mismas a lo largo de la historia de la Tierra, pero sobre todo por establecer que los procesos geol\u00f3gicos han tenido lugar en tiempos muy prolongados por lo que el tiempo geol\u00f3gico deb\u00eda ser de una gran magnitud, a lo que \u00e9l denomin\u00f3 tiempo profundo. La entrevista, trufada de un fino humor, nos da a conocer las amistades de Hutton y las controversias cient\u00edficas como las que mantuvo con Abraham Gottob Werner, defensor del neptunismo.<\/p>\n\n\n\n<p>La segunda conversaci\u00f3n tiene lugar en Londres, con un Charles Lyell que tiene problemas de visi\u00f3n, a los que recibe como anfitriona su esposa, y tambi\u00e9n ge\u00f3loga, Mary Horner Lyell.&nbsp;&nbsp; A lo largo de la entrevista queda claro que la principal contribuci\u00f3n de Lyell a la geolog\u00eda es haberle proporcionado un m\u00e9todo de estudio que permit\u00eda, a partir del conocimiento de los procesos que en la actualidad podemos observar, comprender lo que sucedi\u00f3 en el pasado. Durante la charla, Lyell reconoce los errores que ha podido cometer, en especial al haber considerado que, si las condiciones clim\u00e1ticas del pasado se volvieran a repetir, la Tierra se podr\u00eda volver a poblar de las mismas especies que la habitaron en el pasado. De gran inter\u00e9s es su aceptaci\u00f3n de la evoluci\u00f3n de las especies de Darwin y de c\u00f3mo fue incorporando los nuevos descubrimientos cient\u00edficos a las nuevas ediciones de su <em>Principles of Geology<\/em>.<\/p>\n\n\n\n<p>En el mismo viaje en el tiempo nuestro ficticio periodista aprovecha para conocer a Darwin. Para nosotros, el principal valor de la entrevista es que revela la olvidada faceta de Darwin como ge\u00f3logo, y sus grandes aportaciones a esta disciplina cient\u00edfica. As\u00ed, Darwin nos revela c\u00f3mo empez\u00f3 a interesarse por la geolog\u00eda, gracias a las excursiones con Adam Sedwick, como puso en pr\u00e1ctica los conocimientos adquiridos en la expedici\u00f3n del Beagle. De gran inter\u00e9s resultan la narraci\u00f3n de sus vivencias en el terremoto de Chile de 1835 y como observ\u00f3 los levantamientos del terreno que origin\u00f3, sin olvidar la explicaci\u00f3n de su teor\u00eda de la formaci\u00f3n de los atolones, que le explica dando un paseo por los alrededores de su casa.<\/p>\n\n\n\n<p>Finalmente, la \u00faltima entrevista la dedica a Alfred Wegener. Acompa\u00f1amos a Pina en su viaje a Groenlandia para entrevistar al autor de El origen de los continentes y los oc\u00e9anos (1915) durante la que ser\u00eda su \u00faltima expedici\u00f3n para estudiar la separaci\u00f3n de Groenlandia de Norteam\u00e9rica. Wegener propuso la teor\u00eda de la Deriva Continental y aport\u00f3 pruebas concluyentes a la misma, aunque no conoc\u00eda un mecanismo para explicar el movimiento de los continentes y falleci\u00f3 sin que su teor\u00eda fuera aceptada por la comunidad cient\u00edfica.<\/p>\n\n\n\n<p>Merece la pena destacar que las notas a pie de p\u00e1gina son muy acertadas y esclarecedoras. \u00c9stas permiten, al lector no avezado en la Historia de la Geolog\u00eda, complementar los conocimientos sobre la materia, adem\u00e1s de contextualizar y complementar los conocimientos sobre algunos conceptos y personajes.<\/p>\n\n\n\n<p>Adem\u00e1s, el libro se acompa\u00f1a de unas delicadas ilustraciones de Alberto Pina con los retratos de los protagonistas y un gui\u00f1o final con la imagen de Darwin y Pina dando un paseo por los jardines de Down House.<\/p>\n\n\n\n<p>Sin duda, se trata de una obra muy recomendable para todos los ge\u00f3logos, por una parte, los que ya est\u00e1n interesados en la Historia de la Geolog\u00eda disfrutar\u00e1n ley\u00e9ndola, pues encontrar\u00e1n en ella un divertido juego que resucita a estos cuatro ases de la Geolog\u00eda. Para todos los dem\u00e1s, es un excelente instrumento para interesarse en las circunstancias hist\u00f3ricas en las que se cimentaron las bases de una tan fascinante ciencia como es la Geolog\u00eda.<\/p>\n\n\n\n<p><strong>El autor<\/strong><\/p>\n\n\n\n<p>Carlos Manuel Pina Mart\u00ednez es profesor titular de Cristalograf\u00eda y Mineralog\u00eda en la Universidad Complutense de Madrid y miembro del Instituto de Geociencias (UCM-CSIC). Anteriormente, fue investigador en el Institut f\u00fcr Mineralogie de la Universidad de M\u00fcnster (Alemania. 1997-2001). En la actualidad compagina su labor investigadora sobre los procesos de cristalizaci\u00f3n y de formaci\u00f3n mineral con la docencia y la realizaci\u00f3n de trabajos de divulgaci\u00f3n cient\u00edfica. Recientemente ha obtenido el acc\u00e9sit en la modalidad de microrrelato, relato corto y cuento por su relato titulado \u201cMina Ceguera\u201d, en Primer Certamen Espa\u00f1ol de Literatura Geol\u00f3gica (cELIGE) que ha organizado el Ilustre Colegio Oficial de Ge\u00f3logos.<\/p>\n\n\n\n<p><strong>T\u00edtulo:&nbsp; <\/strong>\u201cConversaciones geol\u00f3gicas. Entrevistas imaginarias a cuatro grandes ge\u00f3logos\u201d<\/p>\n\n\n\n<p><strong>Autor: <\/strong>Carlos M. Pina Mart\u00ednez<\/p>\n\n\n\n<p><strong>Pr\u00f3logo: <\/strong>Francisco Anguita<\/p>\n\n\n\n<p><strong>Ilustrador: <\/strong>Alberto Pina Mart\u00ednez<\/p>\n\n\n\n<p><strong>Editorial:<\/strong> Ediciones Complutense<\/p>\n\n\n\n<p><strong>Precio<\/strong>: 12 \u20ac<\/p>\n\n\n\n<p><strong>A\u00f1o de publicaci\u00f3n: <\/strong>2023<\/p>\n\n\n\n<p class=\"has-text-align-right\">Ester Boixereu i Vila<\/p>\n\n\n\n<p class=\"has-text-align-right\">CN IGME-CSIC<\/p>\n\n\n\n<p class=\"has-text-align-right\">&nbsp;e.boixereu@igme.es<\/p>\n","protected":false},"excerpt":{"rendered":"<p>Desde el Colegio de ge\u00f3logos no podemos menos que congratularnos por la aparici\u00f3n de un libro que da a conocer al p\u00fablico espa\u00f1ol, de una forma muy atractiva y \u00e1gil, la figura de cuatro grandes personajes que sentaron las bases de las ciencias geol\u00f3gicas: James Hutton (1726 -1797), Charles Lyell (1797- 1875), Charles Darwin (1809- [&hellip;]<\/p>\n","protected":false},"author":2,"featured_media":13959,"comment_status":"open","ping_status":"open","sticky":false,"template":"","format":"standard","meta":{"tdm_status":"","tdm_grid_status":"","footnotes":""},"categories":[30],"tags":[],"class_list":{"0":"post-13958","1":"post","2":"type-post","3":"status-publish","4":"format-standard","5":"has-post-thumbnail","7":"category-lecturas-recomendadas"},"yoast_head":"<!-- This site is optimized with the Yoast SEO plugin v27.0 - https:\/\/yoast.com\/product\/yoast-seo-wordpress\/ -->\r\n<title>Conversaciones geol\u00f3gicas. Entrevistas imaginarias a cuatro grandes ge\u00f3logos. - Tierra y Tecnolog\u00eda<\/title>\r\n<meta name=\"robots\" content=\"index, follow, max-snippet:-1, max-image-preview:large, max-video-preview:-1\" \/>\r\n<link rel=\"canonical\" href=\"https:\/\/www.icog.es\/TyT\/index.php\/2023\/12\/conversaciones-geologicas-entrevistas-imaginarias-a-cuatro-grandes-geologos\/\" \/>\r\n<meta property=\"og:locale\" content=\"es_ES\" \/>\r\n<meta property=\"og:type\" content=\"article\" \/>\r\n<meta property=\"og:title\" content=\"Conversaciones geol\u00f3gicas. Entrevistas imaginarias a cuatro grandes ge\u00f3logos. - Tierra y Tecnolog\u00eda\" \/>\r\n<meta property=\"og:description\" content=\"Desde el Colegio de ge\u00f3logos no podemos menos que congratularnos por la aparici\u00f3n de un libro que da a conocer al p\u00fablico espa\u00f1ol, de una forma muy atractiva y \u00e1gil, la figura de cuatro grandes personajes que sentaron las bases de las ciencias geol\u00f3gicas: James Hutton (1726 -1797), Charles Lyell (1797- 1875), Charles Darwin (1809- [&hellip;]\" \/>\r\n<meta property=\"og:url\" content=\"https:\/\/www.icog.es\/TyT\/index.php\/2023\/12\/conversaciones-geologicas-entrevistas-imaginarias-a-cuatro-grandes-geologos\/\" \/>\r\n<meta property=\"og:site_name\" content=\"Tierra y Tecnolog\u00eda\" \/>\r\n<meta property=\"article:publisher\" content=\"https:\/\/www.facebook.com\/CGEOLOGOS\" \/>\r\n<meta property=\"article:author\" content=\"https:\/\/www.facebook.com\/CGEOLOGOS\" \/>\r\n<meta property=\"article:published_time\" content=\"2023-12-18T08:18:04+00:00\" \/>\r\n<meta property=\"article:modified_time\" content=\"2024-03-11T15:42:04+00:00\" \/>\r\n<meta property=\"og:image\" content=\"https:\/\/www.icog.es\/TyT\/wp-content\/uploads\/2023\/12\/Libro.jpg\" \/>\r\n\t<meta property=\"og:image:width\" content=\"1080\" \/>\r\n\t<meta property=\"og:image:height\" content=\"1080\" \/>\r\n\t<meta property=\"og:image:type\" content=\"image\/jpeg\" \/>\r\n<meta name=\"author\" content=\"Redacci\u00f3n\" \/>\r\n<meta name=\"twitter:card\" content=\"summary_large_image\" \/>\r\n<meta name=\"twitter:creator\" content=\"@https:\/\/twitter.com\/cgeologos\" \/>\r\n<meta name=\"twitter:site\" content=\"@cgeologos\" \/>\r\n<meta name=\"twitter:label1\" content=\"Escrito por\" \/>\n\t<meta name=\"twitter:data1\" content=\"Redacci\u00f3n\" \/>\n\t<meta name=\"twitter:label2\" content=\"Tiempo de lectura\" \/>\n\t<meta name=\"twitter:data2\" content=\"5 minutos\" \/>\r\n<script type=\"application\/ld+json\" class=\"yoast-schema-graph\">{\"@context\":\"https:\/\/schema.org\",\"@graph\":[{\"@type\":\"Article\",\"@id\":\"https:\/\/www.icog.es\/TyT\/index.php\/2023\/12\/conversaciones-geologicas-entrevistas-imaginarias-a-cuatro-grandes-geologos\/#article\",\"isPartOf\":{\"@id\":\"https:\/\/www.icog.es\/TyT\/index.php\/2023\/12\/conversaciones-geologicas-entrevistas-imaginarias-a-cuatro-grandes-geologos\/\"},\"author\":{\"name\":\"Redacci\u00f3n\",\"@id\":\"https:\/\/www.icog.es\/TyT\/#\/schema\/person\/590cfb5c1b7b4e4b350d60316033e853\"},\"headline\":\"Conversaciones geol\u00f3gicas. Entrevistas imaginarias a cuatro grandes ge\u00f3logos.\",\"datePublished\":\"2023-12-18T08:18:04+00:00\",\"dateModified\":\"2024-03-11T15:42:04+00:00\",\"mainEntityOfPage\":{\"@id\":\"https:\/\/www.icog.es\/TyT\/index.php\/2023\/12\/conversaciones-geologicas-entrevistas-imaginarias-a-cuatro-grandes-geologos\/\"},\"wordCount\":1050,\"commentCount\":0,\"publisher\":{\"@id\":\"https:\/\/www.icog.es\/TyT\/#organization\"},\"image\":{\"@id\":\"https:\/\/www.icog.es\/TyT\/index.php\/2023\/12\/conversaciones-geologicas-entrevistas-imaginarias-a-cuatro-grandes-geologos\/#primaryimage\"},\"thumbnailUrl\":\"https:\/\/www.icog.es\/TyT\/wp-content\/uploads\/2023\/12\/Libro.jpg\",\"articleSection\":[\"Lecturas recomendadas\"],\"inLanguage\":\"es\",\"potentialAction\":[{\"@type\":\"CommentAction\",\"name\":\"Comment\",\"target\":[\"https:\/\/www.icog.es\/TyT\/index.php\/2023\/12\/conversaciones-geologicas-entrevistas-imaginarias-a-cuatro-grandes-geologos\/#respond\"]}]},{\"@type\":\"WebPage\",\"@id\":\"https:\/\/www.icog.es\/TyT\/index.php\/2023\/12\/conversaciones-geologicas-entrevistas-imaginarias-a-cuatro-grandes-geologos\/\",\"url\":\"https:\/\/www.icog.es\/TyT\/index.php\/2023\/12\/conversaciones-geologicas-entrevistas-imaginarias-a-cuatro-grandes-geologos\/\",\"name\":\"Conversaciones geol\u00f3gicas. Entrevistas imaginarias a cuatro grandes ge\u00f3logos. - Tierra y Tecnolog\u00eda\",\"isPartOf\":{\"@id\":\"https:\/\/www.icog.es\/TyT\/#website\"},\"primaryImageOfPage\":{\"@id\":\"https:\/\/www.icog.es\/TyT\/index.php\/2023\/12\/conversaciones-geologicas-entrevistas-imaginarias-a-cuatro-grandes-geologos\/#primaryimage\"},\"image\":{\"@id\":\"https:\/\/www.icog.es\/TyT\/index.php\/2023\/12\/conversaciones-geologicas-entrevistas-imaginarias-a-cuatro-grandes-geologos\/#primaryimage\"},\"thumbnailUrl\":\"https:\/\/www.icog.es\/TyT\/wp-content\/uploads\/2023\/12\/Libro.jpg\",\"datePublished\":\"2023-12-18T08:18:04+00:00\",\"dateModified\":\"2024-03-11T15:42:04+00:00\",\"breadcrumb\":{\"@id\":\"https:\/\/www.icog.es\/TyT\/index.php\/2023\/12\/conversaciones-geologicas-entrevistas-imaginarias-a-cuatro-grandes-geologos\/#breadcrumb\"},\"inLanguage\":\"es\",\"potentialAction\":[{\"@type\":\"ReadAction\",\"target\":[\"https:\/\/www.icog.es\/TyT\/index.php\/2023\/12\/conversaciones-geologicas-entrevistas-imaginarias-a-cuatro-grandes-geologos\/\"]}]},{\"@type\":\"ImageObject\",\"inLanguage\":\"es\",\"@id\":\"https:\/\/www.icog.es\/TyT\/index.php\/2023\/12\/conversaciones-geologicas-entrevistas-imaginarias-a-cuatro-grandes-geologos\/#primaryimage\",\"url\":\"https:\/\/www.icog.es\/TyT\/wp-content\/uploads\/2023\/12\/Libro.jpg\",\"contentUrl\":\"https:\/\/www.icog.es\/TyT\/wp-content\/uploads\/2023\/12\/Libro.jpg\",\"width\":1080,\"height\":1080},{\"@type\":\"BreadcrumbList\",\"@id\":\"https:\/\/www.icog.es\/TyT\/index.php\/2023\/12\/conversaciones-geologicas-entrevistas-imaginarias-a-cuatro-grandes-geologos\/#breadcrumb\",\"itemListElement\":[{\"@type\":\"ListItem\",\"position\":1,\"name\":\"Portada\",\"item\":\"https:\/\/www.icog.es\/TyT\/\"},{\"@type\":\"ListItem\",\"position\":2,\"name\":\"Conversaciones geol\u00f3gicas. Entrevistas imaginarias a cuatro grandes ge\u00f3logos.\"}]},{\"@type\":\"WebSite\",\"@id\":\"https:\/\/www.icog.es\/TyT\/#website\",\"url\":\"https:\/\/www.icog.es\/TyT\/\",\"name\":\"Tierra y Tecnolog\u00eda\",\"description\":\"Revista de informaci\u00f3n geol\u00f3gica\",\"publisher\":{\"@id\":\"https:\/\/www.icog.es\/TyT\/#organization\"},\"potentialAction\":[{\"@type\":\"SearchAction\",\"target\":{\"@type\":\"EntryPoint\",\"urlTemplate\":\"https:\/\/www.icog.es\/TyT\/?s={search_term_string}\"},\"query-input\":{\"@type\":\"PropertyValueSpecification\",\"valueRequired\":true,\"valueName\":\"search_term_string\"}}],\"inLanguage\":\"es\"},{\"@type\":\"Organization\",\"@id\":\"https:\/\/www.icog.es\/TyT\/#organization\",\"name\":\"Tierra y Tecnolog\u00eda - Colegio de Ge\u00f3logos\",\"url\":\"https:\/\/www.icog.es\/TyT\/\",\"logo\":{\"@type\":\"ImageObject\",\"inLanguage\":\"es\",\"@id\":\"https:\/\/www.icog.es\/TyT\/#\/schema\/logo\/image\/\",\"url\":\"https:\/\/www.icog.es\/TyT\/wp-content\/uploads\/2013\/02\/logotytmini.jpg\",\"contentUrl\":\"https:\/\/www.icog.es\/TyT\/wp-content\/uploads\/2013\/02\/logotytmini.jpg\",\"width\":325,\"height\":127,\"caption\":\"Tierra y Tecnolog\u00eda - Colegio de Ge\u00f3logos\"},\"image\":{\"@id\":\"https:\/\/www.icog.es\/TyT\/#\/schema\/logo\/image\/\"},\"sameAs\":[\"https:\/\/www.facebook.com\/CGEOLOGOS\",\"https:\/\/x.com\/cgeologos\",\"https:\/\/www.linkedin.com\/company\/colegio-oficial-de-ge-logos\",\"https:\/\/www.pinterest.com\/cgeologos\/\",\"http:\/\/www.youtube.com\/ICOGtv\"]},{\"@type\":\"Person\",\"@id\":\"https:\/\/www.icog.es\/TyT\/#\/schema\/person\/590cfb5c1b7b4e4b350d60316033e853\",\"name\":\"Redacci\u00f3n\",\"image\":{\"@type\":\"ImageObject\",\"inLanguage\":\"es\",\"@id\":\"https:\/\/www.icog.es\/TyT\/#\/schema\/person\/image\/\",\"url\":\"https:\/\/secure.gravatar.com\/avatar\/f9c0ac81b2e8e690bee30ac3b42bf27f02e8dedc49686b871256e17dc7cd000b?s=96&d=identicon&r=g\",\"contentUrl\":\"https:\/\/secure.gravatar.com\/avatar\/f9c0ac81b2e8e690bee30ac3b42bf27f02e8dedc49686b871256e17dc7cd000b?s=96&d=identicon&r=g\",\"caption\":\"Redacci\u00f3n\"},\"description\":\"Tierra y Tecnolog\u00eda es una publicaci\u00f3n del Ilustre Colegio Oficial de Ge\u00f3logos (ICOG). El ICOG es una instituci\u00f3n sin finalidad lucrativa creada para la defensa y apoyo de los intereses de los Ge\u00f3logos, creada por Ley 73\/1978 de 26 de Diciembre, es una corporaci\u00f3n de Derecho P\u00fablico, amparada por Ley y reconocida por el Estado, con personalidad jur\u00eddica propia y capacidad plena para el ejercicio de sus funciones y cumplimiento de sus fines.\",\"sameAs\":[\"https:\/\/cgeologos.es\",\"https:\/\/www.facebook.com\/CGEOLOGOS\",\"https:\/\/www.linkedin.com\/company\/313811\",\"https:\/\/x.com\/https:\/\/twitter.com\/cgeologos\",\"http:\/\/www.youtube.com\/ICOGtv\"],\"url\":\"https:\/\/www.icog.es\/TyT\/index.php\/author\/jl-barrera\/\"}]}<\/script>\r\n<!-- \/ Yoast SEO plugin. -->","yoast_head_json":{"title":"Conversaciones geol\u00f3gicas. Entrevistas imaginarias a cuatro grandes ge\u00f3logos. - Tierra y Tecnolog\u00eda","robots":{"index":"index","follow":"follow","max-snippet":"max-snippet:-1","max-image-preview":"max-image-preview:large","max-video-preview":"max-video-preview:-1"},"canonical":"https:\/\/www.icog.es\/TyT\/index.php\/2023\/12\/conversaciones-geologicas-entrevistas-imaginarias-a-cuatro-grandes-geologos\/","og_locale":"es_ES","og_type":"article","og_title":"Conversaciones geol\u00f3gicas. Entrevistas imaginarias a cuatro grandes ge\u00f3logos. - Tierra y Tecnolog\u00eda","og_description":"Desde el Colegio de ge\u00f3logos no podemos menos que congratularnos por la aparici\u00f3n de un libro que da a conocer al p\u00fablico espa\u00f1ol, de una forma muy atractiva y \u00e1gil, la figura de cuatro grandes personajes que sentaron las bases de las ciencias geol\u00f3gicas: James Hutton (1726 -1797), Charles Lyell (1797- 1875), Charles Darwin (1809- [&hellip;]","og_url":"https:\/\/www.icog.es\/TyT\/index.php\/2023\/12\/conversaciones-geologicas-entrevistas-imaginarias-a-cuatro-grandes-geologos\/","og_site_name":"Tierra y Tecnolog\u00eda","article_publisher":"https:\/\/www.facebook.com\/CGEOLOGOS","article_author":"https:\/\/www.facebook.com\/CGEOLOGOS","article_published_time":"2023-12-18T08:18:04+00:00","article_modified_time":"2024-03-11T15:42:04+00:00","og_image":[{"width":1080,"height":1080,"url":"https:\/\/www.icog.es\/TyT\/wp-content\/uploads\/2023\/12\/Libro.jpg","type":"image\/jpeg"}],"author":"Redacci\u00f3n","twitter_card":"summary_large_image","twitter_creator":"@https:\/\/twitter.com\/cgeologos","twitter_site":"@cgeologos","twitter_misc":{"Escrito por":"Redacci\u00f3n","Tiempo de lectura":"5 minutos"},"schema":{"@context":"https:\/\/schema.org","@graph":[{"@type":"Article","@id":"https:\/\/www.icog.es\/TyT\/index.php\/2023\/12\/conversaciones-geologicas-entrevistas-imaginarias-a-cuatro-grandes-geologos\/#article","isPartOf":{"@id":"https:\/\/www.icog.es\/TyT\/index.php\/2023\/12\/conversaciones-geologicas-entrevistas-imaginarias-a-cuatro-grandes-geologos\/"},"author":{"name":"Redacci\u00f3n","@id":"https:\/\/www.icog.es\/TyT\/#\/schema\/person\/590cfb5c1b7b4e4b350d60316033e853"},"headline":"Conversaciones geol\u00f3gicas. Entrevistas imaginarias a cuatro grandes ge\u00f3logos.","datePublished":"2023-12-18T08:18:04+00:00","dateModified":"2024-03-11T15:42:04+00:00","mainEntityOfPage":{"@id":"https:\/\/www.icog.es\/TyT\/index.php\/2023\/12\/conversaciones-geologicas-entrevistas-imaginarias-a-cuatro-grandes-geologos\/"},"wordCount":1050,"commentCount":0,"publisher":{"@id":"https:\/\/www.icog.es\/TyT\/#organization"},"image":{"@id":"https:\/\/www.icog.es\/TyT\/index.php\/2023\/12\/conversaciones-geologicas-entrevistas-imaginarias-a-cuatro-grandes-geologos\/#primaryimage"},"thumbnailUrl":"https:\/\/www.icog.es\/TyT\/wp-content\/uploads\/2023\/12\/Libro.jpg","articleSection":["Lecturas recomendadas"],"inLanguage":"es","potentialAction":[{"@type":"CommentAction","name":"Comment","target":["https:\/\/www.icog.es\/TyT\/index.php\/2023\/12\/conversaciones-geologicas-entrevistas-imaginarias-a-cuatro-grandes-geologos\/#respond"]}]},{"@type":"WebPage","@id":"https:\/\/www.icog.es\/TyT\/index.php\/2023\/12\/conversaciones-geologicas-entrevistas-imaginarias-a-cuatro-grandes-geologos\/","url":"https:\/\/www.icog.es\/TyT\/index.php\/2023\/12\/conversaciones-geologicas-entrevistas-imaginarias-a-cuatro-grandes-geologos\/","name":"Conversaciones geol\u00f3gicas. Entrevistas imaginarias a cuatro grandes ge\u00f3logos. - Tierra y Tecnolog\u00eda","isPartOf":{"@id":"https:\/\/www.icog.es\/TyT\/#website"},"primaryImageOfPage":{"@id":"https:\/\/www.icog.es\/TyT\/index.php\/2023\/12\/conversaciones-geologicas-entrevistas-imaginarias-a-cuatro-grandes-geologos\/#primaryimage"},"image":{"@id":"https:\/\/www.icog.es\/TyT\/index.php\/2023\/12\/conversaciones-geologicas-entrevistas-imaginarias-a-cuatro-grandes-geologos\/#primaryimage"},"thumbnailUrl":"https:\/\/www.icog.es\/TyT\/wp-content\/uploads\/2023\/12\/Libro.jpg","datePublished":"2023-12-18T08:18:04+00:00","dateModified":"2024-03-11T15:42:04+00:00","breadcrumb":{"@id":"https:\/\/www.icog.es\/TyT\/index.php\/2023\/12\/conversaciones-geologicas-entrevistas-imaginarias-a-cuatro-grandes-geologos\/#breadcrumb"},"inLanguage":"es","potentialAction":[{"@type":"ReadAction","target":["https:\/\/www.icog.es\/TyT\/index.php\/2023\/12\/conversaciones-geologicas-entrevistas-imaginarias-a-cuatro-grandes-geologos\/"]}]},{"@type":"ImageObject","inLanguage":"es","@id":"https:\/\/www.icog.es\/TyT\/index.php\/2023\/12\/conversaciones-geologicas-entrevistas-imaginarias-a-cuatro-grandes-geologos\/#primaryimage","url":"https:\/\/www.icog.es\/TyT\/wp-content\/uploads\/2023\/12\/Libro.jpg","contentUrl":"https:\/\/www.icog.es\/TyT\/wp-content\/uploads\/2023\/12\/Libro.jpg","width":1080,"height":1080},{"@type":"BreadcrumbList","@id":"https:\/\/www.icog.es\/TyT\/index.php\/2023\/12\/conversaciones-geologicas-entrevistas-imaginarias-a-cuatro-grandes-geologos\/#breadcrumb","itemListElement":[{"@type":"ListItem","position":1,"name":"Portada","item":"https:\/\/www.icog.es\/TyT\/"},{"@type":"ListItem","position":2,"name":"Conversaciones geol\u00f3gicas. Entrevistas imaginarias a cuatro grandes ge\u00f3logos."}]},{"@type":"WebSite","@id":"https:\/\/www.icog.es\/TyT\/#website","url":"https:\/\/www.icog.es\/TyT\/","name":"Tierra y Tecnolog\u00eda","description":"Revista de informaci\u00f3n geol\u00f3gica","publisher":{"@id":"https:\/\/www.icog.es\/TyT\/#organization"},"potentialAction":[{"@type":"SearchAction","target":{"@type":"EntryPoint","urlTemplate":"https:\/\/www.icog.es\/TyT\/?s={search_term_string}"},"query-input":{"@type":"PropertyValueSpecification","valueRequired":true,"valueName":"search_term_string"}}],"inLanguage":"es"},{"@type":"Organization","@id":"https:\/\/www.icog.es\/TyT\/#organization","name":"Tierra y Tecnolog\u00eda - Colegio de Ge\u00f3logos","url":"https:\/\/www.icog.es\/TyT\/","logo":{"@type":"ImageObject","inLanguage":"es","@id":"https:\/\/www.icog.es\/TyT\/#\/schema\/logo\/image\/","url":"https:\/\/www.icog.es\/TyT\/wp-content\/uploads\/2013\/02\/logotytmini.jpg","contentUrl":"https:\/\/www.icog.es\/TyT\/wp-content\/uploads\/2013\/02\/logotytmini.jpg","width":325,"height":127,"caption":"Tierra y Tecnolog\u00eda - Colegio de Ge\u00f3logos"},"image":{"@id":"https:\/\/www.icog.es\/TyT\/#\/schema\/logo\/image\/"},"sameAs":["https:\/\/www.facebook.com\/CGEOLOGOS","https:\/\/x.com\/cgeologos","https:\/\/www.linkedin.com\/company\/colegio-oficial-de-ge-logos","https:\/\/www.pinterest.com\/cgeologos\/","http:\/\/www.youtube.com\/ICOGtv"]},{"@type":"Person","@id":"https:\/\/www.icog.es\/TyT\/#\/schema\/person\/590cfb5c1b7b4e4b350d60316033e853","name":"Redacci\u00f3n","image":{"@type":"ImageObject","inLanguage":"es","@id":"https:\/\/www.icog.es\/TyT\/#\/schema\/person\/image\/","url":"https:\/\/secure.gravatar.com\/avatar\/f9c0ac81b2e8e690bee30ac3b42bf27f02e8dedc49686b871256e17dc7cd000b?s=96&d=identicon&r=g","contentUrl":"https:\/\/secure.gravatar.com\/avatar\/f9c0ac81b2e8e690bee30ac3b42bf27f02e8dedc49686b871256e17dc7cd000b?s=96&d=identicon&r=g","caption":"Redacci\u00f3n"},"description":"Tierra y Tecnolog\u00eda es una publicaci\u00f3n del Ilustre Colegio Oficial de Ge\u00f3logos (ICOG). El ICOG es una instituci\u00f3n sin finalidad lucrativa creada para la defensa y apoyo de los intereses de los Ge\u00f3logos, creada por Ley 73\/1978 de 26 de Diciembre, es una corporaci\u00f3n de Derecho P\u00fablico, amparada por Ley y reconocida por el Estado, con personalidad jur\u00eddica propia y capacidad plena para el ejercicio de sus funciones y cumplimiento de sus fines.","sameAs":["https:\/\/cgeologos.es","https:\/\/www.facebook.com\/CGEOLOGOS","https:\/\/www.linkedin.com\/company\/313811","https:\/\/x.com\/https:\/\/twitter.com\/cgeologos","http:\/\/www.youtube.com\/ICOGtv"],"url":"https:\/\/www.icog.es\/TyT\/index.php\/author\/jl-barrera\/"}]}},"_links":{"self":[{"href":"https:\/\/www.icog.es\/TyT\/index.php\/wp-json\/wp\/v2\/posts\/13958","targetHints":{"allow":["GET"]}}],"collection":[{"href":"https:\/\/www.icog.es\/TyT\/index.php\/wp-json\/wp\/v2\/posts"}],"about":[{"href":"https:\/\/www.icog.es\/TyT\/index.php\/wp-json\/wp\/v2\/types\/post"}],"author":[{"embeddable":true,"href":"https:\/\/www.icog.es\/TyT\/index.php\/wp-json\/wp\/v2\/users\/2"}],"replies":[{"embeddable":true,"href":"https:\/\/www.icog.es\/TyT\/index.php\/wp-json\/wp\/v2\/comments?post=13958"}],"version-history":[{"count":3,"href":"https:\/\/www.icog.es\/TyT\/index.php\/wp-json\/wp\/v2\/posts\/13958\/revisions"}],"predecessor-version":[{"id":14064,"href":"https:\/\/www.icog.es\/TyT\/index.php\/wp-json\/wp\/v2\/posts\/13958\/revisions\/14064"}],"wp:featuredmedia":[{"embeddable":true,"href":"https:\/\/www.icog.es\/TyT\/index.php\/wp-json\/wp\/v2\/media\/13959"}],"wp:attachment":[{"href":"https:\/\/www.icog.es\/TyT\/index.php\/wp-json\/wp\/v2\/media?parent=13958"}],"wp:term":[{"taxonomy":"category","embeddable":true,"href":"https:\/\/www.icog.es\/TyT\/index.php\/wp-json\/wp\/v2\/categories?post=13958"},{"taxonomy":"post_tag","embeddable":true,"href":"https:\/\/www.icog.es\/TyT\/index.php\/wp-json\/wp\/v2\/tags?post=13958"}],"curies":[{"name":"wp","href":"https:\/\/api.w.org\/{rel}","templated":true}]}}