{"id":13952,"date":"2023-12-12T10:43:17","date_gmt":"2023-12-12T10:43:17","guid":{"rendered":"https:\/\/www.icog.es\/TyT\/?p=13952"},"modified":"2024-03-11T15:43:39","modified_gmt":"2024-03-11T15:43:39","slug":"nuevo-libro-las-construcciones-defensivas-de-la-guerra-civil-espanola-en-el-frente-de-la-sierra-subsector-de-peguerinos-robledo-de-chavela-su-relacion-con-la-geologia-y-el-paisaje","status":"publish","type":"post","link":"https:\/\/www.icog.es\/TyT\/index.php\/2023\/12\/nuevo-libro-las-construcciones-defensivas-de-la-guerra-civil-espanola-en-el-frente-de-la-sierra-subsector-de-peguerinos-robledo-de-chavela-su-relacion-con-la-geologia-y-el-paisaje\/","title":{"rendered":"Nuevo libro: Las construcciones defensivas de la Guerra Civil Espa\u00f1ola en el Frente de la Sierra (Subsector de Peguerinos-Robledo de Chavela). Su relaci\u00f3n con la Geolog\u00eda y el paisaje"},"content":{"rendered":"\n<p>Dada la enorme complejidad de los elementos que llevaron a un pa\u00eds al enfrentamiento sangriento que supone una guerra civil, las posibilidades de afrontar el estudio de esta \u00e9poca eran pr\u00e1cticamente infinitas. An\u00e1lisis de tipo hist\u00f3rico, sociol\u00f3gico, pol\u00edtico o militar han sido llevados a cabo por distintos autores, tanto nacionales como extranjeros, que han tratado de explicar alguna de las muchas inc\u00f3gnitas que a\u00fan quedan pendientes.<\/p>\n\n\n\n<p>En las dos \u00faltimas d\u00e9cadas, se empez\u00f3 a afrontar el estudio de los restos que a\u00fan quedaban en pie del conflicto, con el fin de tratar de conocer y preservar un patrimonio que en Europa se valora y se pone en conocimiento de la sociedad. Autores como Ricardo Castellano (2004, 2007), Jacinto Ar\u00e9valo (2005, 2008) y Domingo Pliego (2009, 2010) fueron los pioneros en recorrer el territorio de la provincia de Madrid y de la sierra de Guadarrama localizando y aflorando esas peque\u00f1as \u201cjoyas\u201d de nuestra historia que, en la mayor\u00eda de los casos, yac\u00edan tapadas por la vegetaci\u00f3n o estaban pr\u00e1cticamente arrumbadas y al albur de la total desaparici\u00f3n.<\/p>\n\n\n\n<p>La inclusi\u00f3n de estos restos con itinerarios que faciliten su visita y conocimiento es lo que se denomina \u201cpaisajes de guerra\u201d (Severiano Montero, 1987) y cuya mejor expresi\u00f3n es el denominado \u201cMuro Atl\u00e1ntico\u201d de la costa francesa del Mar del Norte.<\/p>\n\n\n\n<p>Pues bien, a pesar del ingente n\u00famero de publicaciones que existe sobre los sucesos acaecidos en Espa\u00f1a entre 1936 y 1939, no ha habido una sola que trate de aunar el patrimonio arquitect\u00f3nico del conflicto con su marco geol\u00f3gico y geomorfol\u00f3gico. Para solucionar ese hueco est\u00e1 el libro que hoy se rese\u00f1a editado por la Diputaci\u00f3n de \u00c1vila.<\/p>\n\n\n\n<p>Los autores del libro, Jos\u00e9 Manuel Baltuille, Pablo Schnell y Francisco Javier Rubio, cuentan con una amplia experiencia profesional en los campos de la recuperaci\u00f3n de restos de la Guerra, la cartograf\u00eda geol\u00f3gica y geomorfol\u00f3gica y el patrimonio arquitect\u00f3nico y sus rocas constructivas y reflejan, en las 447 p\u00e1ginas del libro, su trabajo de m\u00e1s de seis a\u00f1os (2016-2022), entre roquedales y jaras, a lo largo de 245 km<sup>2<\/sup> de la sierra de Guadarrama, en las provincias de Madrid (t\u00e9rminos municipales de Santa Mar\u00eda de la Alameda, Robledo de Chavela y Valdemaqueda) y de \u00c1vila (Las Navas y Peguerinos).<\/p>\n\n\n\n<p>En el trabajo se ha empleado una metodolog\u00eda espec\u00edfica, donde se han complementado tanto t\u00e9cnicas geol\u00f3gicas y arqueol\u00f3gicas convencionales junto con la incorporaci\u00f3n de nuevas tecnolog\u00edas de localizaci\u00f3n espacial y fotogrametr\u00eda (drones).<\/p>\n\n\n\n<p>En el libro se documentan m\u00e1s de 2.000 obras arquitect\u00f3nicas defensivas, mayoritariamente de mamposter\u00eda, que se agrupan en 120 conjuntos defensivos, de ambos bandos, dibujando un frente de guerra continuo de m\u00e1s de 35 km de longitud. Para el estudio de los distintos elementos defensivos localizados se ha definido una tipolog\u00eda con m\u00e1s de 25 categor\u00edas.<\/p>\n\n\n\n<p>Tambi\u00e9n se ha elaborado un apartado sobre los antecedentes hist\u00f3rico-militares de la zona, donde se incluye una breve descripci\u00f3n de las diferentes columnas militares que estuvieron operando en la Sierra, junto con una breve biograf\u00eda de sus l\u00edderes.<\/p>\n\n\n\n<p>El cap\u00edtulo 8 del libro desarrolla el marco geol\u00f3gico regional, donde se definen y revisan las once litolog\u00edas encontradas, tras el estudio petrol\u00f3gico de 64 muestras representativas de 1,5 a 2 kg. Asimismo, se realiza un an\u00e1lisis litoestratigr\u00e1fico de los diferentes emplazamientos defensivos estableciendo la proporci\u00f3n de ocupaci\u00f3n de elementos defensivos por cada unidad geol\u00f3gica, mediante un \u00edndice de correlaci\u00f3n definido por primera vez en la bibliograf\u00eda.<\/p>\n\n\n\n<p>Respecto a la geolog\u00eda estructural se ha procedido al estudio de la orientaci\u00f3n de los diferentes conjuntos defensivos, estableci\u00e9ndose patrones de distribuci\u00f3n de diferentes emplazamientos compatibles con distintas fases o etapas de deformaci\u00f3n.<\/p>\n\n\n\n<p>En el cap\u00edtulo 10 se estudia la relaci\u00f3n entre el paisaje y la geomorfolog\u00eda, para lo que previamente se analizan las cinco unidades geomorfol\u00f3gicas existentes y sus diez elementos geomorfol\u00f3gicos. As\u00ed mismo se realiza un an\u00e1lisis geomorfol\u00f3gico de los diferentes conjuntos defensivos localizados, constat\u00e1ndose un buen aprovechamiento de las caracter\u00edsticas reol\u00f3gicas y morfol\u00f3gicas del terreno por parte de los distintos asentamientos.<\/p>\n\n\n\n<p>Para finalizar, el libro cuenta con una amplia bibliograf\u00eda actualizada, una excelente cobertura fotogr\u00e1fica y un anexo con una amplia panoplia del armamento ligero empleado en el conflicto, lo que le proporciona un atractivo extra a la lectura.<\/p>\n\n\n\n<p>Creemos que este libro se convertir\u00e1 en referente, por la cantidad de nuevas aportaciones que proporciona tanto en aspectos puramente tipol\u00f3gicos sobre los diferentes elementos defensivos como en las relaciones que es capaz de establecer entre los conjuntos defensivos (elemento militar) y las caracter\u00edsticas petrol\u00f3gicas, estructurales y morfol\u00f3gicas (elemento del paisaje).<\/p>\n\n\n\n<p>Dr. Antonio Alonso Jim\u00e9nez<\/p>\n\n\n\n<p>CN IGME-CSIC<\/p>\n\n\n\n<p>Dr. Enrique \u00c1lvarez Areces<\/p>\n","protected":false},"excerpt":{"rendered":"<p>Dada la enorme complejidad de los elementos que llevaron a un pa\u00eds al enfrentamiento sangriento que supone una guerra civil, las posibilidades de afrontar el estudio de esta \u00e9poca eran pr\u00e1cticamente infinitas. An\u00e1lisis de tipo hist\u00f3rico, sociol\u00f3gico, pol\u00edtico o militar han sido llevados a cabo por distintos autores, tanto nacionales como extranjeros, que han tratado [&hellip;]<\/p>\n","protected":false},"author":2,"featured_media":13953,"comment_status":"open","ping_status":"open","sticky":false,"template":"","format":"standard","meta":{"tdm_status":"","tdm_grid_status":"","footnotes":""},"categories":[30],"tags":[],"class_list":{"0":"post-13952","1":"post","2":"type-post","3":"status-publish","4":"format-standard","5":"has-post-thumbnail","7":"category-lecturas-recomendadas"},"yoast_head":"<!-- This site is optimized with the Yoast SEO plugin v27.0 - https:\/\/yoast.com\/product\/yoast-seo-wordpress\/ -->\r\n<title>Nuevo libro: Las construcciones defensivas de la Guerra Civil Espa\u00f1ola en el Frente de la Sierra (Subsector de Peguerinos-Robledo de Chavela). Su relaci\u00f3n con la Geolog\u00eda y el paisaje - Tierra y Tecnolog\u00eda<\/title>\r\n<meta name=\"robots\" content=\"index, follow, max-snippet:-1, max-image-preview:large, max-video-preview:-1\" \/>\r\n<link rel=\"canonical\" href=\"https:\/\/www.icog.es\/TyT\/index.php\/2023\/12\/nuevo-libro-las-construcciones-defensivas-de-la-guerra-civil-espanola-en-el-frente-de-la-sierra-subsector-de-peguerinos-robledo-de-chavela-su-relacion-con-la-geologia-y-el-paisaje\/\" \/>\r\n<meta property=\"og:locale\" content=\"es_ES\" \/>\r\n<meta property=\"og:type\" content=\"article\" \/>\r\n<meta property=\"og:title\" content=\"Nuevo libro: Las construcciones defensivas de la Guerra Civil Espa\u00f1ola en el Frente de la Sierra (Subsector de Peguerinos-Robledo de Chavela). Su relaci\u00f3n con la Geolog\u00eda y el paisaje - Tierra y Tecnolog\u00eda\" \/>\r\n<meta property=\"og:description\" content=\"Dada la enorme complejidad de los elementos que llevaron a un pa\u00eds al enfrentamiento sangriento que supone una guerra civil, las posibilidades de afrontar el estudio de esta \u00e9poca eran pr\u00e1cticamente infinitas. An\u00e1lisis de tipo hist\u00f3rico, sociol\u00f3gico, pol\u00edtico o militar han sido llevados a cabo por distintos autores, tanto nacionales como extranjeros, que han tratado [&hellip;]\" \/>\r\n<meta property=\"og:url\" content=\"https:\/\/www.icog.es\/TyT\/index.php\/2023\/12\/nuevo-libro-las-construcciones-defensivas-de-la-guerra-civil-espanola-en-el-frente-de-la-sierra-subsector-de-peguerinos-robledo-de-chavela-su-relacion-con-la-geologia-y-el-paisaje\/\" \/>\r\n<meta property=\"og:site_name\" content=\"Tierra y Tecnolog\u00eda\" \/>\r\n<meta property=\"article:publisher\" content=\"https:\/\/www.facebook.com\/CGEOLOGOS\" \/>\r\n<meta property=\"article:author\" content=\"https:\/\/www.facebook.com\/CGEOLOGOS\" \/>\r\n<meta property=\"article:published_time\" content=\"2023-12-12T10:43:17+00:00\" \/>\r\n<meta property=\"article:modified_time\" content=\"2024-03-11T15:43:39+00:00\" \/>\r\n<meta property=\"og:image\" content=\"https:\/\/www.icog.es\/TyT\/wp-content\/uploads\/2023\/12\/Roberto-1.jpg\" \/>\r\n\t<meta property=\"og:image:width\" content=\"1080\" \/>\r\n\t<meta property=\"og:image:height\" content=\"1080\" \/>\r\n\t<meta property=\"og:image:type\" content=\"image\/jpeg\" \/>\r\n<meta name=\"author\" content=\"Redacci\u00f3n\" \/>\r\n<meta name=\"twitter:card\" content=\"summary_large_image\" \/>\r\n<meta name=\"twitter:creator\" content=\"@https:\/\/twitter.com\/cgeologos\" \/>\r\n<meta name=\"twitter:site\" content=\"@cgeologos\" \/>\r\n<meta name=\"twitter:label1\" content=\"Escrito por\" \/>\n\t<meta name=\"twitter:data1\" content=\"Redacci\u00f3n\" \/>\n\t<meta name=\"twitter:label2\" content=\"Tiempo de lectura\" \/>\n\t<meta name=\"twitter:data2\" content=\"4 minutos\" \/>\r\n<script type=\"application\/ld+json\" class=\"yoast-schema-graph\">{\"@context\":\"https:\/\/schema.org\",\"@graph\":[{\"@type\":\"Article\",\"@id\":\"https:\/\/www.icog.es\/TyT\/index.php\/2023\/12\/nuevo-libro-las-construcciones-defensivas-de-la-guerra-civil-espanola-en-el-frente-de-la-sierra-subsector-de-peguerinos-robledo-de-chavela-su-relacion-con-la-geologia-y-el-paisaje\/#article\",\"isPartOf\":{\"@id\":\"https:\/\/www.icog.es\/TyT\/index.php\/2023\/12\/nuevo-libro-las-construcciones-defensivas-de-la-guerra-civil-espanola-en-el-frente-de-la-sierra-subsector-de-peguerinos-robledo-de-chavela-su-relacion-con-la-geologia-y-el-paisaje\/\"},\"author\":{\"name\":\"Redacci\u00f3n\",\"@id\":\"https:\/\/www.icog.es\/TyT\/#\/schema\/person\/590cfb5c1b7b4e4b350d60316033e853\"},\"headline\":\"Nuevo libro: Las construcciones defensivas de la Guerra Civil Espa\u00f1ola en el Frente de la Sierra (Subsector de Peguerinos-Robledo de Chavela). Su relaci\u00f3n con la Geolog\u00eda y el paisaje\",\"datePublished\":\"2023-12-12T10:43:17+00:00\",\"dateModified\":\"2024-03-11T15:43:39+00:00\",\"mainEntityOfPage\":{\"@id\":\"https:\/\/www.icog.es\/TyT\/index.php\/2023\/12\/nuevo-libro-las-construcciones-defensivas-de-la-guerra-civil-espanola-en-el-frente-de-la-sierra-subsector-de-peguerinos-robledo-de-chavela-su-relacion-con-la-geologia-y-el-paisaje\/\"},\"wordCount\":864,\"commentCount\":0,\"publisher\":{\"@id\":\"https:\/\/www.icog.es\/TyT\/#organization\"},\"image\":{\"@id\":\"https:\/\/www.icog.es\/TyT\/index.php\/2023\/12\/nuevo-libro-las-construcciones-defensivas-de-la-guerra-civil-espanola-en-el-frente-de-la-sierra-subsector-de-peguerinos-robledo-de-chavela-su-relacion-con-la-geologia-y-el-paisaje\/#primaryimage\"},\"thumbnailUrl\":\"https:\/\/www.icog.es\/TyT\/wp-content\/uploads\/2023\/12\/Roberto-1.jpg\",\"articleSection\":[\"Lecturas recomendadas\"],\"inLanguage\":\"es\",\"potentialAction\":[{\"@type\":\"CommentAction\",\"name\":\"Comment\",\"target\":[\"https:\/\/www.icog.es\/TyT\/index.php\/2023\/12\/nuevo-libro-las-construcciones-defensivas-de-la-guerra-civil-espanola-en-el-frente-de-la-sierra-subsector-de-peguerinos-robledo-de-chavela-su-relacion-con-la-geologia-y-el-paisaje\/#respond\"]}]},{\"@type\":\"WebPage\",\"@id\":\"https:\/\/www.icog.es\/TyT\/index.php\/2023\/12\/nuevo-libro-las-construcciones-defensivas-de-la-guerra-civil-espanola-en-el-frente-de-la-sierra-subsector-de-peguerinos-robledo-de-chavela-su-relacion-con-la-geologia-y-el-paisaje\/\",\"url\":\"https:\/\/www.icog.es\/TyT\/index.php\/2023\/12\/nuevo-libro-las-construcciones-defensivas-de-la-guerra-civil-espanola-en-el-frente-de-la-sierra-subsector-de-peguerinos-robledo-de-chavela-su-relacion-con-la-geologia-y-el-paisaje\/\",\"name\":\"Nuevo libro: Las construcciones defensivas de la Guerra Civil Espa\u00f1ola en el Frente de la Sierra (Subsector de Peguerinos-Robledo de Chavela). Su relaci\u00f3n con la Geolog\u00eda y el paisaje - Tierra y Tecnolog\u00eda\",\"isPartOf\":{\"@id\":\"https:\/\/www.icog.es\/TyT\/#website\"},\"primaryImageOfPage\":{\"@id\":\"https:\/\/www.icog.es\/TyT\/index.php\/2023\/12\/nuevo-libro-las-construcciones-defensivas-de-la-guerra-civil-espanola-en-el-frente-de-la-sierra-subsector-de-peguerinos-robledo-de-chavela-su-relacion-con-la-geologia-y-el-paisaje\/#primaryimage\"},\"image\":{\"@id\":\"https:\/\/www.icog.es\/TyT\/index.php\/2023\/12\/nuevo-libro-las-construcciones-defensivas-de-la-guerra-civil-espanola-en-el-frente-de-la-sierra-subsector-de-peguerinos-robledo-de-chavela-su-relacion-con-la-geologia-y-el-paisaje\/#primaryimage\"},\"thumbnailUrl\":\"https:\/\/www.icog.es\/TyT\/wp-content\/uploads\/2023\/12\/Roberto-1.jpg\",\"datePublished\":\"2023-12-12T10:43:17+00:00\",\"dateModified\":\"2024-03-11T15:43:39+00:00\",\"breadcrumb\":{\"@id\":\"https:\/\/www.icog.es\/TyT\/index.php\/2023\/12\/nuevo-libro-las-construcciones-defensivas-de-la-guerra-civil-espanola-en-el-frente-de-la-sierra-subsector-de-peguerinos-robledo-de-chavela-su-relacion-con-la-geologia-y-el-paisaje\/#breadcrumb\"},\"inLanguage\":\"es\",\"potentialAction\":[{\"@type\":\"ReadAction\",\"target\":[\"https:\/\/www.icog.es\/TyT\/index.php\/2023\/12\/nuevo-libro-las-construcciones-defensivas-de-la-guerra-civil-espanola-en-el-frente-de-la-sierra-subsector-de-peguerinos-robledo-de-chavela-su-relacion-con-la-geologia-y-el-paisaje\/\"]}]},{\"@type\":\"ImageObject\",\"inLanguage\":\"es\",\"@id\":\"https:\/\/www.icog.es\/TyT\/index.php\/2023\/12\/nuevo-libro-las-construcciones-defensivas-de-la-guerra-civil-espanola-en-el-frente-de-la-sierra-subsector-de-peguerinos-robledo-de-chavela-su-relacion-con-la-geologia-y-el-paisaje\/#primaryimage\",\"url\":\"https:\/\/www.icog.es\/TyT\/wp-content\/uploads\/2023\/12\/Roberto-1.jpg\",\"contentUrl\":\"https:\/\/www.icog.es\/TyT\/wp-content\/uploads\/2023\/12\/Roberto-1.jpg\",\"width\":1080,\"height\":1080},{\"@type\":\"BreadcrumbList\",\"@id\":\"https:\/\/www.icog.es\/TyT\/index.php\/2023\/12\/nuevo-libro-las-construcciones-defensivas-de-la-guerra-civil-espanola-en-el-frente-de-la-sierra-subsector-de-peguerinos-robledo-de-chavela-su-relacion-con-la-geologia-y-el-paisaje\/#breadcrumb\",\"itemListElement\":[{\"@type\":\"ListItem\",\"position\":1,\"name\":\"Portada\",\"item\":\"https:\/\/www.icog.es\/TyT\/\"},{\"@type\":\"ListItem\",\"position\":2,\"name\":\"Nuevo libro: Las construcciones defensivas de la Guerra Civil Espa\u00f1ola en el Frente de la Sierra (Subsector de Peguerinos-Robledo de Chavela). Su relaci\u00f3n con la Geolog\u00eda y el paisaje\"}]},{\"@type\":\"WebSite\",\"@id\":\"https:\/\/www.icog.es\/TyT\/#website\",\"url\":\"https:\/\/www.icog.es\/TyT\/\",\"name\":\"Tierra y Tecnolog\u00eda\",\"description\":\"Revista de informaci\u00f3n geol\u00f3gica\",\"publisher\":{\"@id\":\"https:\/\/www.icog.es\/TyT\/#organization\"},\"potentialAction\":[{\"@type\":\"SearchAction\",\"target\":{\"@type\":\"EntryPoint\",\"urlTemplate\":\"https:\/\/www.icog.es\/TyT\/?s={search_term_string}\"},\"query-input\":{\"@type\":\"PropertyValueSpecification\",\"valueRequired\":true,\"valueName\":\"search_term_string\"}}],\"inLanguage\":\"es\"},{\"@type\":\"Organization\",\"@id\":\"https:\/\/www.icog.es\/TyT\/#organization\",\"name\":\"Tierra y Tecnolog\u00eda - Colegio de Ge\u00f3logos\",\"url\":\"https:\/\/www.icog.es\/TyT\/\",\"logo\":{\"@type\":\"ImageObject\",\"inLanguage\":\"es\",\"@id\":\"https:\/\/www.icog.es\/TyT\/#\/schema\/logo\/image\/\",\"url\":\"https:\/\/www.icog.es\/TyT\/wp-content\/uploads\/2013\/02\/logotytmini.jpg\",\"contentUrl\":\"https:\/\/www.icog.es\/TyT\/wp-content\/uploads\/2013\/02\/logotytmini.jpg\",\"width\":325,\"height\":127,\"caption\":\"Tierra y Tecnolog\u00eda - Colegio de Ge\u00f3logos\"},\"image\":{\"@id\":\"https:\/\/www.icog.es\/TyT\/#\/schema\/logo\/image\/\"},\"sameAs\":[\"https:\/\/www.facebook.com\/CGEOLOGOS\",\"https:\/\/x.com\/cgeologos\",\"https:\/\/www.linkedin.com\/company\/colegio-oficial-de-ge-logos\",\"https:\/\/www.pinterest.com\/cgeologos\/\",\"http:\/\/www.youtube.com\/ICOGtv\"]},{\"@type\":\"Person\",\"@id\":\"https:\/\/www.icog.es\/TyT\/#\/schema\/person\/590cfb5c1b7b4e4b350d60316033e853\",\"name\":\"Redacci\u00f3n\",\"image\":{\"@type\":\"ImageObject\",\"inLanguage\":\"es\",\"@id\":\"https:\/\/www.icog.es\/TyT\/#\/schema\/person\/image\/\",\"url\":\"https:\/\/secure.gravatar.com\/avatar\/f9c0ac81b2e8e690bee30ac3b42bf27f02e8dedc49686b871256e17dc7cd000b?s=96&d=identicon&r=g\",\"contentUrl\":\"https:\/\/secure.gravatar.com\/avatar\/f9c0ac81b2e8e690bee30ac3b42bf27f02e8dedc49686b871256e17dc7cd000b?s=96&d=identicon&r=g\",\"caption\":\"Redacci\u00f3n\"},\"description\":\"Tierra y Tecnolog\u00eda es una publicaci\u00f3n del Ilustre Colegio Oficial de Ge\u00f3logos (ICOG). El ICOG es una instituci\u00f3n sin finalidad lucrativa creada para la defensa y apoyo de los intereses de los Ge\u00f3logos, creada por Ley 73\/1978 de 26 de Diciembre, es una corporaci\u00f3n de Derecho P\u00fablico, amparada por Ley y reconocida por el Estado, con personalidad jur\u00eddica propia y capacidad plena para el ejercicio de sus funciones y cumplimiento de sus fines.\",\"sameAs\":[\"https:\/\/cgeologos.es\",\"https:\/\/www.facebook.com\/CGEOLOGOS\",\"https:\/\/www.linkedin.com\/company\/313811\",\"https:\/\/x.com\/https:\/\/twitter.com\/cgeologos\",\"http:\/\/www.youtube.com\/ICOGtv\"],\"url\":\"https:\/\/www.icog.es\/TyT\/index.php\/author\/jl-barrera\/\"}]}<\/script>\r\n<!-- \/ Yoast SEO plugin. -->","yoast_head_json":{"title":"Nuevo libro: Las construcciones defensivas de la Guerra Civil Espa\u00f1ola en el Frente de la Sierra (Subsector de Peguerinos-Robledo de Chavela). Su relaci\u00f3n con la Geolog\u00eda y el paisaje - Tierra y Tecnolog\u00eda","robots":{"index":"index","follow":"follow","max-snippet":"max-snippet:-1","max-image-preview":"max-image-preview:large","max-video-preview":"max-video-preview:-1"},"canonical":"https:\/\/www.icog.es\/TyT\/index.php\/2023\/12\/nuevo-libro-las-construcciones-defensivas-de-la-guerra-civil-espanola-en-el-frente-de-la-sierra-subsector-de-peguerinos-robledo-de-chavela-su-relacion-con-la-geologia-y-el-paisaje\/","og_locale":"es_ES","og_type":"article","og_title":"Nuevo libro: Las construcciones defensivas de la Guerra Civil Espa\u00f1ola en el Frente de la Sierra (Subsector de Peguerinos-Robledo de Chavela). Su relaci\u00f3n con la Geolog\u00eda y el paisaje - Tierra y Tecnolog\u00eda","og_description":"Dada la enorme complejidad de los elementos que llevaron a un pa\u00eds al enfrentamiento sangriento que supone una guerra civil, las posibilidades de afrontar el estudio de esta \u00e9poca eran pr\u00e1cticamente infinitas. An\u00e1lisis de tipo hist\u00f3rico, sociol\u00f3gico, pol\u00edtico o militar han sido llevados a cabo por distintos autores, tanto nacionales como extranjeros, que han tratado [&hellip;]","og_url":"https:\/\/www.icog.es\/TyT\/index.php\/2023\/12\/nuevo-libro-las-construcciones-defensivas-de-la-guerra-civil-espanola-en-el-frente-de-la-sierra-subsector-de-peguerinos-robledo-de-chavela-su-relacion-con-la-geologia-y-el-paisaje\/","og_site_name":"Tierra y Tecnolog\u00eda","article_publisher":"https:\/\/www.facebook.com\/CGEOLOGOS","article_author":"https:\/\/www.facebook.com\/CGEOLOGOS","article_published_time":"2023-12-12T10:43:17+00:00","article_modified_time":"2024-03-11T15:43:39+00:00","og_image":[{"width":1080,"height":1080,"url":"https:\/\/www.icog.es\/TyT\/wp-content\/uploads\/2023\/12\/Roberto-1.jpg","type":"image\/jpeg"}],"author":"Redacci\u00f3n","twitter_card":"summary_large_image","twitter_creator":"@https:\/\/twitter.com\/cgeologos","twitter_site":"@cgeologos","twitter_misc":{"Escrito por":"Redacci\u00f3n","Tiempo de lectura":"4 minutos"},"schema":{"@context":"https:\/\/schema.org","@graph":[{"@type":"Article","@id":"https:\/\/www.icog.es\/TyT\/index.php\/2023\/12\/nuevo-libro-las-construcciones-defensivas-de-la-guerra-civil-espanola-en-el-frente-de-la-sierra-subsector-de-peguerinos-robledo-de-chavela-su-relacion-con-la-geologia-y-el-paisaje\/#article","isPartOf":{"@id":"https:\/\/www.icog.es\/TyT\/index.php\/2023\/12\/nuevo-libro-las-construcciones-defensivas-de-la-guerra-civil-espanola-en-el-frente-de-la-sierra-subsector-de-peguerinos-robledo-de-chavela-su-relacion-con-la-geologia-y-el-paisaje\/"},"author":{"name":"Redacci\u00f3n","@id":"https:\/\/www.icog.es\/TyT\/#\/schema\/person\/590cfb5c1b7b4e4b350d60316033e853"},"headline":"Nuevo libro: Las construcciones defensivas de la Guerra Civil Espa\u00f1ola en el Frente de la Sierra (Subsector de Peguerinos-Robledo de Chavela). Su relaci\u00f3n con la Geolog\u00eda y el paisaje","datePublished":"2023-12-12T10:43:17+00:00","dateModified":"2024-03-11T15:43:39+00:00","mainEntityOfPage":{"@id":"https:\/\/www.icog.es\/TyT\/index.php\/2023\/12\/nuevo-libro-las-construcciones-defensivas-de-la-guerra-civil-espanola-en-el-frente-de-la-sierra-subsector-de-peguerinos-robledo-de-chavela-su-relacion-con-la-geologia-y-el-paisaje\/"},"wordCount":864,"commentCount":0,"publisher":{"@id":"https:\/\/www.icog.es\/TyT\/#organization"},"image":{"@id":"https:\/\/www.icog.es\/TyT\/index.php\/2023\/12\/nuevo-libro-las-construcciones-defensivas-de-la-guerra-civil-espanola-en-el-frente-de-la-sierra-subsector-de-peguerinos-robledo-de-chavela-su-relacion-con-la-geologia-y-el-paisaje\/#primaryimage"},"thumbnailUrl":"https:\/\/www.icog.es\/TyT\/wp-content\/uploads\/2023\/12\/Roberto-1.jpg","articleSection":["Lecturas recomendadas"],"inLanguage":"es","potentialAction":[{"@type":"CommentAction","name":"Comment","target":["https:\/\/www.icog.es\/TyT\/index.php\/2023\/12\/nuevo-libro-las-construcciones-defensivas-de-la-guerra-civil-espanola-en-el-frente-de-la-sierra-subsector-de-peguerinos-robledo-de-chavela-su-relacion-con-la-geologia-y-el-paisaje\/#respond"]}]},{"@type":"WebPage","@id":"https:\/\/www.icog.es\/TyT\/index.php\/2023\/12\/nuevo-libro-las-construcciones-defensivas-de-la-guerra-civil-espanola-en-el-frente-de-la-sierra-subsector-de-peguerinos-robledo-de-chavela-su-relacion-con-la-geologia-y-el-paisaje\/","url":"https:\/\/www.icog.es\/TyT\/index.php\/2023\/12\/nuevo-libro-las-construcciones-defensivas-de-la-guerra-civil-espanola-en-el-frente-de-la-sierra-subsector-de-peguerinos-robledo-de-chavela-su-relacion-con-la-geologia-y-el-paisaje\/","name":"Nuevo libro: Las construcciones defensivas de la Guerra Civil Espa\u00f1ola en el Frente de la Sierra (Subsector de Peguerinos-Robledo de Chavela). Su relaci\u00f3n con la Geolog\u00eda y el paisaje - Tierra y Tecnolog\u00eda","isPartOf":{"@id":"https:\/\/www.icog.es\/TyT\/#website"},"primaryImageOfPage":{"@id":"https:\/\/www.icog.es\/TyT\/index.php\/2023\/12\/nuevo-libro-las-construcciones-defensivas-de-la-guerra-civil-espanola-en-el-frente-de-la-sierra-subsector-de-peguerinos-robledo-de-chavela-su-relacion-con-la-geologia-y-el-paisaje\/#primaryimage"},"image":{"@id":"https:\/\/www.icog.es\/TyT\/index.php\/2023\/12\/nuevo-libro-las-construcciones-defensivas-de-la-guerra-civil-espanola-en-el-frente-de-la-sierra-subsector-de-peguerinos-robledo-de-chavela-su-relacion-con-la-geologia-y-el-paisaje\/#primaryimage"},"thumbnailUrl":"https:\/\/www.icog.es\/TyT\/wp-content\/uploads\/2023\/12\/Roberto-1.jpg","datePublished":"2023-12-12T10:43:17+00:00","dateModified":"2024-03-11T15:43:39+00:00","breadcrumb":{"@id":"https:\/\/www.icog.es\/TyT\/index.php\/2023\/12\/nuevo-libro-las-construcciones-defensivas-de-la-guerra-civil-espanola-en-el-frente-de-la-sierra-subsector-de-peguerinos-robledo-de-chavela-su-relacion-con-la-geologia-y-el-paisaje\/#breadcrumb"},"inLanguage":"es","potentialAction":[{"@type":"ReadAction","target":["https:\/\/www.icog.es\/TyT\/index.php\/2023\/12\/nuevo-libro-las-construcciones-defensivas-de-la-guerra-civil-espanola-en-el-frente-de-la-sierra-subsector-de-peguerinos-robledo-de-chavela-su-relacion-con-la-geologia-y-el-paisaje\/"]}]},{"@type":"ImageObject","inLanguage":"es","@id":"https:\/\/www.icog.es\/TyT\/index.php\/2023\/12\/nuevo-libro-las-construcciones-defensivas-de-la-guerra-civil-espanola-en-el-frente-de-la-sierra-subsector-de-peguerinos-robledo-de-chavela-su-relacion-con-la-geologia-y-el-paisaje\/#primaryimage","url":"https:\/\/www.icog.es\/TyT\/wp-content\/uploads\/2023\/12\/Roberto-1.jpg","contentUrl":"https:\/\/www.icog.es\/TyT\/wp-content\/uploads\/2023\/12\/Roberto-1.jpg","width":1080,"height":1080},{"@type":"BreadcrumbList","@id":"https:\/\/www.icog.es\/TyT\/index.php\/2023\/12\/nuevo-libro-las-construcciones-defensivas-de-la-guerra-civil-espanola-en-el-frente-de-la-sierra-subsector-de-peguerinos-robledo-de-chavela-su-relacion-con-la-geologia-y-el-paisaje\/#breadcrumb","itemListElement":[{"@type":"ListItem","position":1,"name":"Portada","item":"https:\/\/www.icog.es\/TyT\/"},{"@type":"ListItem","position":2,"name":"Nuevo libro: Las construcciones defensivas de la Guerra Civil Espa\u00f1ola en el Frente de la Sierra (Subsector de Peguerinos-Robledo de Chavela). Su relaci\u00f3n con la Geolog\u00eda y el paisaje"}]},{"@type":"WebSite","@id":"https:\/\/www.icog.es\/TyT\/#website","url":"https:\/\/www.icog.es\/TyT\/","name":"Tierra y Tecnolog\u00eda","description":"Revista de informaci\u00f3n geol\u00f3gica","publisher":{"@id":"https:\/\/www.icog.es\/TyT\/#organization"},"potentialAction":[{"@type":"SearchAction","target":{"@type":"EntryPoint","urlTemplate":"https:\/\/www.icog.es\/TyT\/?s={search_term_string}"},"query-input":{"@type":"PropertyValueSpecification","valueRequired":true,"valueName":"search_term_string"}}],"inLanguage":"es"},{"@type":"Organization","@id":"https:\/\/www.icog.es\/TyT\/#organization","name":"Tierra y Tecnolog\u00eda - Colegio de Ge\u00f3logos","url":"https:\/\/www.icog.es\/TyT\/","logo":{"@type":"ImageObject","inLanguage":"es","@id":"https:\/\/www.icog.es\/TyT\/#\/schema\/logo\/image\/","url":"https:\/\/www.icog.es\/TyT\/wp-content\/uploads\/2013\/02\/logotytmini.jpg","contentUrl":"https:\/\/www.icog.es\/TyT\/wp-content\/uploads\/2013\/02\/logotytmini.jpg","width":325,"height":127,"caption":"Tierra y Tecnolog\u00eda - Colegio de Ge\u00f3logos"},"image":{"@id":"https:\/\/www.icog.es\/TyT\/#\/schema\/logo\/image\/"},"sameAs":["https:\/\/www.facebook.com\/CGEOLOGOS","https:\/\/x.com\/cgeologos","https:\/\/www.linkedin.com\/company\/colegio-oficial-de-ge-logos","https:\/\/www.pinterest.com\/cgeologos\/","http:\/\/www.youtube.com\/ICOGtv"]},{"@type":"Person","@id":"https:\/\/www.icog.es\/TyT\/#\/schema\/person\/590cfb5c1b7b4e4b350d60316033e853","name":"Redacci\u00f3n","image":{"@type":"ImageObject","inLanguage":"es","@id":"https:\/\/www.icog.es\/TyT\/#\/schema\/person\/image\/","url":"https:\/\/secure.gravatar.com\/avatar\/f9c0ac81b2e8e690bee30ac3b42bf27f02e8dedc49686b871256e17dc7cd000b?s=96&d=identicon&r=g","contentUrl":"https:\/\/secure.gravatar.com\/avatar\/f9c0ac81b2e8e690bee30ac3b42bf27f02e8dedc49686b871256e17dc7cd000b?s=96&d=identicon&r=g","caption":"Redacci\u00f3n"},"description":"Tierra y Tecnolog\u00eda es una publicaci\u00f3n del Ilustre Colegio Oficial de Ge\u00f3logos (ICOG). El ICOG es una instituci\u00f3n sin finalidad lucrativa creada para la defensa y apoyo de los intereses de los Ge\u00f3logos, creada por Ley 73\/1978 de 26 de Diciembre, es una corporaci\u00f3n de Derecho P\u00fablico, amparada por Ley y reconocida por el Estado, con personalidad jur\u00eddica propia y capacidad plena para el ejercicio de sus funciones y cumplimiento de sus fines.","sameAs":["https:\/\/cgeologos.es","https:\/\/www.facebook.com\/CGEOLOGOS","https:\/\/www.linkedin.com\/company\/313811","https:\/\/x.com\/https:\/\/twitter.com\/cgeologos","http:\/\/www.youtube.com\/ICOGtv"],"url":"https:\/\/www.icog.es\/TyT\/index.php\/author\/jl-barrera\/"}]}},"_links":{"self":[{"href":"https:\/\/www.icog.es\/TyT\/index.php\/wp-json\/wp\/v2\/posts\/13952","targetHints":{"allow":["GET"]}}],"collection":[{"href":"https:\/\/www.icog.es\/TyT\/index.php\/wp-json\/wp\/v2\/posts"}],"about":[{"href":"https:\/\/www.icog.es\/TyT\/index.php\/wp-json\/wp\/v2\/types\/post"}],"author":[{"embeddable":true,"href":"https:\/\/www.icog.es\/TyT\/index.php\/wp-json\/wp\/v2\/users\/2"}],"replies":[{"embeddable":true,"href":"https:\/\/www.icog.es\/TyT\/index.php\/wp-json\/wp\/v2\/comments?post=13952"}],"version-history":[{"count":2,"href":"https:\/\/www.icog.es\/TyT\/index.php\/wp-json\/wp\/v2\/posts\/13952\/revisions"}],"predecessor-version":[{"id":14065,"href":"https:\/\/www.icog.es\/TyT\/index.php\/wp-json\/wp\/v2\/posts\/13952\/revisions\/14065"}],"wp:featuredmedia":[{"embeddable":true,"href":"https:\/\/www.icog.es\/TyT\/index.php\/wp-json\/wp\/v2\/media\/13953"}],"wp:attachment":[{"href":"https:\/\/www.icog.es\/TyT\/index.php\/wp-json\/wp\/v2\/media?parent=13952"}],"wp:term":[{"taxonomy":"category","embeddable":true,"href":"https:\/\/www.icog.es\/TyT\/index.php\/wp-json\/wp\/v2\/categories?post=13952"},{"taxonomy":"post_tag","embeddable":true,"href":"https:\/\/www.icog.es\/TyT\/index.php\/wp-json\/wp\/v2\/tags?post=13952"}],"curies":[{"name":"wp","href":"https:\/\/api.w.org\/{rel}","templated":true}]}}