{"id":13915,"date":"2023-11-20T09:55:17","date_gmt":"2023-11-20T09:55:17","guid":{"rendered":"https:\/\/www.icog.es\/TyT\/?p=13915"},"modified":"2023-11-20T09:55:54","modified_gmt":"2023-11-20T09:55:54","slug":"pajares-de-barrera-entre-mundos-a-camino-sin-fronteras","status":"publish","type":"post","link":"https:\/\/www.icog.es\/TyT\/index.php\/2023\/11\/pajares-de-barrera-entre-mundos-a-camino-sin-fronteras\/","title":{"rendered":"Pajares | De Barrera entre Mundos a Camino sin Fronteras"},"content":{"rendered":"\n<p>La edici\u00f3n de noviembre de 2013 (<a href=\"https:\/\/drive.google.com\/file\/d\/1fwE7DTUVEvB8JWyENrTdTpRpmcXilOME\/view\" target=\"_blank\" rel=\"noreferrer noopener\">versi\u00f3n digital, formato pdf libre<\/a>) trata de la conexi\u00f3n Le\u00f3n-Asturias por el \u201cPaso de Pajares\u201d, dif\u00edcil paso monta\u00f1oso que permite la conexi\u00f3n del Principado de Asturias con la Meseta Castellana.<\/p>\n\n\n\n<p>Seg\u00fan noticias de Prensa, a finales de este mes de noviembre de 2023 se inaugurar\u00e1 la magn\u00edfica \u201cVariante Ferroviaria de Pajares\u201d, L\u00ednea de Alta Velocidad Le\u00f3n (La Robla)-Asturias (Pola de Lena). Ser\u00e1 un acontecimiento memorable.<\/p>\n\n\n\n<p>Una vez inaugurada dicha moderna \u201cVariante Ferroviaria\u201d, el antiguo ferrocarril de Pajares ya ser\u00e1 historia. Inaugurado el 15 de agosto de 1884, el que se conoce en su tramo asturiano como la \u201cRampa Ferroviaria de Pajares\u201d tambi\u00e9n fue una construcci\u00f3n extraordinaria que no ha de quedar en el olvido.<\/p>\n","protected":false},"excerpt":{"rendered":"<p>La edici\u00f3n de noviembre de 2013 (versi\u00f3n digital, formato pdf libre) trata de la conexi\u00f3n Le\u00f3n-Asturias por el \u201cPaso de Pajares\u201d, dif\u00edcil paso monta\u00f1oso que permite la conexi\u00f3n del Principado de Asturias con la Meseta Castellana. Seg\u00fan noticias de Prensa, a finales de este mes de noviembre de 2023 se inaugurar\u00e1 la magn\u00edfica \u201cVariante Ferroviaria [&hellip;]<\/p>\n","protected":false},"author":2,"featured_media":13916,"comment_status":"open","ping_status":"open","sticky":false,"template":"","format":"standard","meta":{"tdm_status":"","tdm_grid_status":"","footnotes":""},"categories":[30,1682],"tags":[1686,1688],"class_list":{"0":"post-13915","1":"post","2":"type-post","3":"status-publish","4":"format-standard","5":"has-post-thumbnail","7":"category-lecturas-recomendadas","8":"category-tt-62","9":"tag-paso-de-pajares","10":"tag-variante-ferroviaria"},"yoast_head":"<!-- This site is optimized with the Yoast SEO plugin v27.0 - https:\/\/yoast.com\/product\/yoast-seo-wordpress\/ -->\r\n<title>Pajares | De Barrera entre Mundos a Camino sin Fronteras - Tierra y Tecnolog\u00eda<\/title>\r\n<meta name=\"description\" content=\"Esta edici\u00f3n de noviembre de 2013 (versi\u00f3n digital, formato pdf libre) trata de la conexi\u00f3n Le\u00f3n-Asturias por el \u201cPaso de Pajares\u201d.\" \/>\r\n<meta name=\"robots\" content=\"index, follow, max-snippet:-1, max-image-preview:large, max-video-preview:-1\" \/>\r\n<link rel=\"canonical\" href=\"https:\/\/www.icog.es\/TyT\/index.php\/2023\/11\/pajares-de-barrera-entre-mundos-a-camino-sin-fronteras\/\" \/>\r\n<meta property=\"og:locale\" content=\"es_ES\" \/>\r\n<meta property=\"og:type\" content=\"article\" \/>\r\n<meta property=\"og:title\" content=\"Pajares | De Barrera entre Mundos a Camino sin Fronteras - Tierra y Tecnolog\u00eda\" \/>\r\n<meta property=\"og:description\" content=\"Esta edici\u00f3n de noviembre de 2013 (versi\u00f3n digital, formato pdf libre) trata de la conexi\u00f3n Le\u00f3n-Asturias por el \u201cPaso de Pajares\u201d.\" \/>\r\n<meta property=\"og:url\" content=\"https:\/\/www.icog.es\/TyT\/index.php\/2023\/11\/pajares-de-barrera-entre-mundos-a-camino-sin-fronteras\/\" \/>\r\n<meta property=\"og:site_name\" content=\"Tierra y Tecnolog\u00eda\" \/>\r\n<meta property=\"article:publisher\" content=\"https:\/\/www.facebook.com\/CGEOLOGOS\" \/>\r\n<meta property=\"article:author\" content=\"https:\/\/www.facebook.com\/CGEOLOGOS\" \/>\r\n<meta property=\"article:published_time\" content=\"2023-11-20T09:55:17+00:00\" \/>\r\n<meta property=\"article:modified_time\" content=\"2023-11-20T09:55:54+00:00\" \/>\r\n<meta property=\"og:image\" content=\"https:\/\/www.icog.es\/TyT\/wp-content\/uploads\/2023\/11\/Pajares_nos_2023-scaled.jpg\" \/>\r\n\t<meta property=\"og:image:width\" content=\"2560\" \/>\r\n\t<meta property=\"og:image:height\" content=\"1707\" \/>\r\n\t<meta property=\"og:image:type\" content=\"image\/jpeg\" \/>\r\n<meta name=\"author\" content=\"Redacci\u00f3n\" \/>\r\n<meta name=\"twitter:card\" content=\"summary_large_image\" \/>\r\n<meta name=\"twitter:creator\" content=\"@https:\/\/twitter.com\/cgeologos\" \/>\r\n<meta name=\"twitter:site\" content=\"@cgeologos\" \/>\r\n<meta name=\"twitter:label1\" content=\"Escrito por\" \/>\n\t<meta name=\"twitter:data1\" content=\"Redacci\u00f3n\" \/>\n\t<meta name=\"twitter:label2\" content=\"Tiempo de lectura\" \/>\n\t<meta name=\"twitter:data2\" content=\"1 minuto\" \/>\r\n<script type=\"application\/ld+json\" class=\"yoast-schema-graph\">{\"@context\":\"https:\/\/schema.org\",\"@graph\":[{\"@type\":\"Article\",\"@id\":\"https:\/\/www.icog.es\/TyT\/index.php\/2023\/11\/pajares-de-barrera-entre-mundos-a-camino-sin-fronteras\/#article\",\"isPartOf\":{\"@id\":\"https:\/\/www.icog.es\/TyT\/index.php\/2023\/11\/pajares-de-barrera-entre-mundos-a-camino-sin-fronteras\/\"},\"author\":{\"name\":\"Redacci\u00f3n\",\"@id\":\"https:\/\/www.icog.es\/TyT\/#\/schema\/person\/590cfb5c1b7b4e4b350d60316033e853\"},\"headline\":\"Pajares | De Barrera entre Mundos a Camino sin Fronteras\",\"datePublished\":\"2023-11-20T09:55:17+00:00\",\"dateModified\":\"2023-11-20T09:55:54+00:00\",\"mainEntityOfPage\":{\"@id\":\"https:\/\/www.icog.es\/TyT\/index.php\/2023\/11\/pajares-de-barrera-entre-mundos-a-camino-sin-fronteras\/\"},\"wordCount\":139,\"commentCount\":0,\"publisher\":{\"@id\":\"https:\/\/www.icog.es\/TyT\/#organization\"},\"image\":{\"@id\":\"https:\/\/www.icog.es\/TyT\/index.php\/2023\/11\/pajares-de-barrera-entre-mundos-a-camino-sin-fronteras\/#primaryimage\"},\"thumbnailUrl\":\"https:\/\/www.icog.es\/TyT\/wp-content\/uploads\/2023\/11\/Pajares_nos_2023-scaled.jpg\",\"keywords\":[\"Paso de pajares\",\"Variante Ferroviaria\"],\"articleSection\":[\"Lecturas recomendadas\",\"T&amp;T 62\"],\"inLanguage\":\"es\",\"potentialAction\":[{\"@type\":\"CommentAction\",\"name\":\"Comment\",\"target\":[\"https:\/\/www.icog.es\/TyT\/index.php\/2023\/11\/pajares-de-barrera-entre-mundos-a-camino-sin-fronteras\/#respond\"]}]},{\"@type\":\"WebPage\",\"@id\":\"https:\/\/www.icog.es\/TyT\/index.php\/2023\/11\/pajares-de-barrera-entre-mundos-a-camino-sin-fronteras\/\",\"url\":\"https:\/\/www.icog.es\/TyT\/index.php\/2023\/11\/pajares-de-barrera-entre-mundos-a-camino-sin-fronteras\/\",\"name\":\"Pajares | De Barrera entre Mundos a Camino sin Fronteras - Tierra y Tecnolog\u00eda\",\"isPartOf\":{\"@id\":\"https:\/\/www.icog.es\/TyT\/#website\"},\"primaryImageOfPage\":{\"@id\":\"https:\/\/www.icog.es\/TyT\/index.php\/2023\/11\/pajares-de-barrera-entre-mundos-a-camino-sin-fronteras\/#primaryimage\"},\"image\":{\"@id\":\"https:\/\/www.icog.es\/TyT\/index.php\/2023\/11\/pajares-de-barrera-entre-mundos-a-camino-sin-fronteras\/#primaryimage\"},\"thumbnailUrl\":\"https:\/\/www.icog.es\/TyT\/wp-content\/uploads\/2023\/11\/Pajares_nos_2023-scaled.jpg\",\"datePublished\":\"2023-11-20T09:55:17+00:00\",\"dateModified\":\"2023-11-20T09:55:54+00:00\",\"description\":\"Esta edici\u00f3n de noviembre de 2013 (versi\u00f3n digital, formato pdf libre) trata de la conexi\u00f3n Le\u00f3n-Asturias por el \u201cPaso de Pajares\u201d.\",\"breadcrumb\":{\"@id\":\"https:\/\/www.icog.es\/TyT\/index.php\/2023\/11\/pajares-de-barrera-entre-mundos-a-camino-sin-fronteras\/#breadcrumb\"},\"inLanguage\":\"es\",\"potentialAction\":[{\"@type\":\"ReadAction\",\"target\":[\"https:\/\/www.icog.es\/TyT\/index.php\/2023\/11\/pajares-de-barrera-entre-mundos-a-camino-sin-fronteras\/\"]}]},{\"@type\":\"ImageObject\",\"inLanguage\":\"es\",\"@id\":\"https:\/\/www.icog.es\/TyT\/index.php\/2023\/11\/pajares-de-barrera-entre-mundos-a-camino-sin-fronteras\/#primaryimage\",\"url\":\"https:\/\/www.icog.es\/TyT\/wp-content\/uploads\/2023\/11\/Pajares_nos_2023-scaled.jpg\",\"contentUrl\":\"https:\/\/www.icog.es\/TyT\/wp-content\/uploads\/2023\/11\/Pajares_nos_2023-scaled.jpg\",\"width\":2560,\"height\":1707},{\"@type\":\"BreadcrumbList\",\"@id\":\"https:\/\/www.icog.es\/TyT\/index.php\/2023\/11\/pajares-de-barrera-entre-mundos-a-camino-sin-fronteras\/#breadcrumb\",\"itemListElement\":[{\"@type\":\"ListItem\",\"position\":1,\"name\":\"Portada\",\"item\":\"https:\/\/www.icog.es\/TyT\/\"},{\"@type\":\"ListItem\",\"position\":2,\"name\":\"Pajares | De Barrera entre Mundos a Camino sin Fronteras\"}]},{\"@type\":\"WebSite\",\"@id\":\"https:\/\/www.icog.es\/TyT\/#website\",\"url\":\"https:\/\/www.icog.es\/TyT\/\",\"name\":\"Tierra y Tecnolog\u00eda\",\"description\":\"Revista de informaci\u00f3n geol\u00f3gica\",\"publisher\":{\"@id\":\"https:\/\/www.icog.es\/TyT\/#organization\"},\"potentialAction\":[{\"@type\":\"SearchAction\",\"target\":{\"@type\":\"EntryPoint\",\"urlTemplate\":\"https:\/\/www.icog.es\/TyT\/?s={search_term_string}\"},\"query-input\":{\"@type\":\"PropertyValueSpecification\",\"valueRequired\":true,\"valueName\":\"search_term_string\"}}],\"inLanguage\":\"es\"},{\"@type\":\"Organization\",\"@id\":\"https:\/\/www.icog.es\/TyT\/#organization\",\"name\":\"Tierra y Tecnolog\u00eda - Colegio de Ge\u00f3logos\",\"url\":\"https:\/\/www.icog.es\/TyT\/\",\"logo\":{\"@type\":\"ImageObject\",\"inLanguage\":\"es\",\"@id\":\"https:\/\/www.icog.es\/TyT\/#\/schema\/logo\/image\/\",\"url\":\"https:\/\/www.icog.es\/TyT\/wp-content\/uploads\/2013\/02\/logotytmini.jpg\",\"contentUrl\":\"https:\/\/www.icog.es\/TyT\/wp-content\/uploads\/2013\/02\/logotytmini.jpg\",\"width\":325,\"height\":127,\"caption\":\"Tierra y Tecnolog\u00eda - Colegio de Ge\u00f3logos\"},\"image\":{\"@id\":\"https:\/\/www.icog.es\/TyT\/#\/schema\/logo\/image\/\"},\"sameAs\":[\"https:\/\/www.facebook.com\/CGEOLOGOS\",\"https:\/\/x.com\/cgeologos\",\"https:\/\/www.linkedin.com\/company\/colegio-oficial-de-ge-logos\",\"https:\/\/www.pinterest.com\/cgeologos\/\",\"http:\/\/www.youtube.com\/ICOGtv\"]},{\"@type\":\"Person\",\"@id\":\"https:\/\/www.icog.es\/TyT\/#\/schema\/person\/590cfb5c1b7b4e4b350d60316033e853\",\"name\":\"Redacci\u00f3n\",\"image\":{\"@type\":\"ImageObject\",\"inLanguage\":\"es\",\"@id\":\"https:\/\/www.icog.es\/TyT\/#\/schema\/person\/image\/\",\"url\":\"https:\/\/secure.gravatar.com\/avatar\/f9c0ac81b2e8e690bee30ac3b42bf27f02e8dedc49686b871256e17dc7cd000b?s=96&d=identicon&r=g\",\"contentUrl\":\"https:\/\/secure.gravatar.com\/avatar\/f9c0ac81b2e8e690bee30ac3b42bf27f02e8dedc49686b871256e17dc7cd000b?s=96&d=identicon&r=g\",\"caption\":\"Redacci\u00f3n\"},\"description\":\"Tierra y Tecnolog\u00eda es una publicaci\u00f3n del Ilustre Colegio Oficial de Ge\u00f3logos (ICOG). El ICOG es una instituci\u00f3n sin finalidad lucrativa creada para la defensa y apoyo de los intereses de los Ge\u00f3logos, creada por Ley 73\/1978 de 26 de Diciembre, es una corporaci\u00f3n de Derecho P\u00fablico, amparada por Ley y reconocida por el Estado, con personalidad jur\u00eddica propia y capacidad plena para el ejercicio de sus funciones y cumplimiento de sus fines.\",\"sameAs\":[\"https:\/\/cgeologos.es\",\"https:\/\/www.facebook.com\/CGEOLOGOS\",\"https:\/\/www.linkedin.com\/company\/313811\",\"https:\/\/x.com\/https:\/\/twitter.com\/cgeologos\",\"http:\/\/www.youtube.com\/ICOGtv\"],\"url\":\"https:\/\/www.icog.es\/TyT\/index.php\/author\/jl-barrera\/\"}]}<\/script>\r\n<!-- \/ Yoast SEO plugin. -->","yoast_head_json":{"title":"Pajares | De Barrera entre Mundos a Camino sin Fronteras - Tierra y Tecnolog\u00eda","description":"Esta edici\u00f3n de noviembre de 2013 (versi\u00f3n digital, formato pdf libre) trata de la conexi\u00f3n Le\u00f3n-Asturias por el \u201cPaso de Pajares\u201d.","robots":{"index":"index","follow":"follow","max-snippet":"max-snippet:-1","max-image-preview":"max-image-preview:large","max-video-preview":"max-video-preview:-1"},"canonical":"https:\/\/www.icog.es\/TyT\/index.php\/2023\/11\/pajares-de-barrera-entre-mundos-a-camino-sin-fronteras\/","og_locale":"es_ES","og_type":"article","og_title":"Pajares | De Barrera entre Mundos a Camino sin Fronteras - Tierra y Tecnolog\u00eda","og_description":"Esta edici\u00f3n de noviembre de 2013 (versi\u00f3n digital, formato pdf libre) trata de la conexi\u00f3n Le\u00f3n-Asturias por el \u201cPaso de Pajares\u201d.","og_url":"https:\/\/www.icog.es\/TyT\/index.php\/2023\/11\/pajares-de-barrera-entre-mundos-a-camino-sin-fronteras\/","og_site_name":"Tierra y Tecnolog\u00eda","article_publisher":"https:\/\/www.facebook.com\/CGEOLOGOS","article_author":"https:\/\/www.facebook.com\/CGEOLOGOS","article_published_time":"2023-11-20T09:55:17+00:00","article_modified_time":"2023-11-20T09:55:54+00:00","og_image":[{"width":2560,"height":1707,"url":"https:\/\/www.icog.es\/TyT\/wp-content\/uploads\/2023\/11\/Pajares_nos_2023-scaled.jpg","type":"image\/jpeg"}],"author":"Redacci\u00f3n","twitter_card":"summary_large_image","twitter_creator":"@https:\/\/twitter.com\/cgeologos","twitter_site":"@cgeologos","twitter_misc":{"Escrito por":"Redacci\u00f3n","Tiempo de lectura":"1 minuto"},"schema":{"@context":"https:\/\/schema.org","@graph":[{"@type":"Article","@id":"https:\/\/www.icog.es\/TyT\/index.php\/2023\/11\/pajares-de-barrera-entre-mundos-a-camino-sin-fronteras\/#article","isPartOf":{"@id":"https:\/\/www.icog.es\/TyT\/index.php\/2023\/11\/pajares-de-barrera-entre-mundos-a-camino-sin-fronteras\/"},"author":{"name":"Redacci\u00f3n","@id":"https:\/\/www.icog.es\/TyT\/#\/schema\/person\/590cfb5c1b7b4e4b350d60316033e853"},"headline":"Pajares | De Barrera entre Mundos a Camino sin Fronteras","datePublished":"2023-11-20T09:55:17+00:00","dateModified":"2023-11-20T09:55:54+00:00","mainEntityOfPage":{"@id":"https:\/\/www.icog.es\/TyT\/index.php\/2023\/11\/pajares-de-barrera-entre-mundos-a-camino-sin-fronteras\/"},"wordCount":139,"commentCount":0,"publisher":{"@id":"https:\/\/www.icog.es\/TyT\/#organization"},"image":{"@id":"https:\/\/www.icog.es\/TyT\/index.php\/2023\/11\/pajares-de-barrera-entre-mundos-a-camino-sin-fronteras\/#primaryimage"},"thumbnailUrl":"https:\/\/www.icog.es\/TyT\/wp-content\/uploads\/2023\/11\/Pajares_nos_2023-scaled.jpg","keywords":["Paso de pajares","Variante Ferroviaria"],"articleSection":["Lecturas recomendadas","T&amp;T 62"],"inLanguage":"es","potentialAction":[{"@type":"CommentAction","name":"Comment","target":["https:\/\/www.icog.es\/TyT\/index.php\/2023\/11\/pajares-de-barrera-entre-mundos-a-camino-sin-fronteras\/#respond"]}]},{"@type":"WebPage","@id":"https:\/\/www.icog.es\/TyT\/index.php\/2023\/11\/pajares-de-barrera-entre-mundos-a-camino-sin-fronteras\/","url":"https:\/\/www.icog.es\/TyT\/index.php\/2023\/11\/pajares-de-barrera-entre-mundos-a-camino-sin-fronteras\/","name":"Pajares | De Barrera entre Mundos a Camino sin Fronteras - Tierra y Tecnolog\u00eda","isPartOf":{"@id":"https:\/\/www.icog.es\/TyT\/#website"},"primaryImageOfPage":{"@id":"https:\/\/www.icog.es\/TyT\/index.php\/2023\/11\/pajares-de-barrera-entre-mundos-a-camino-sin-fronteras\/#primaryimage"},"image":{"@id":"https:\/\/www.icog.es\/TyT\/index.php\/2023\/11\/pajares-de-barrera-entre-mundos-a-camino-sin-fronteras\/#primaryimage"},"thumbnailUrl":"https:\/\/www.icog.es\/TyT\/wp-content\/uploads\/2023\/11\/Pajares_nos_2023-scaled.jpg","datePublished":"2023-11-20T09:55:17+00:00","dateModified":"2023-11-20T09:55:54+00:00","description":"Esta edici\u00f3n de noviembre de 2013 (versi\u00f3n digital, formato pdf libre) trata de la conexi\u00f3n Le\u00f3n-Asturias por el \u201cPaso de Pajares\u201d.","breadcrumb":{"@id":"https:\/\/www.icog.es\/TyT\/index.php\/2023\/11\/pajares-de-barrera-entre-mundos-a-camino-sin-fronteras\/#breadcrumb"},"inLanguage":"es","potentialAction":[{"@type":"ReadAction","target":["https:\/\/www.icog.es\/TyT\/index.php\/2023\/11\/pajares-de-barrera-entre-mundos-a-camino-sin-fronteras\/"]}]},{"@type":"ImageObject","inLanguage":"es","@id":"https:\/\/www.icog.es\/TyT\/index.php\/2023\/11\/pajares-de-barrera-entre-mundos-a-camino-sin-fronteras\/#primaryimage","url":"https:\/\/www.icog.es\/TyT\/wp-content\/uploads\/2023\/11\/Pajares_nos_2023-scaled.jpg","contentUrl":"https:\/\/www.icog.es\/TyT\/wp-content\/uploads\/2023\/11\/Pajares_nos_2023-scaled.jpg","width":2560,"height":1707},{"@type":"BreadcrumbList","@id":"https:\/\/www.icog.es\/TyT\/index.php\/2023\/11\/pajares-de-barrera-entre-mundos-a-camino-sin-fronteras\/#breadcrumb","itemListElement":[{"@type":"ListItem","position":1,"name":"Portada","item":"https:\/\/www.icog.es\/TyT\/"},{"@type":"ListItem","position":2,"name":"Pajares | De Barrera entre Mundos a Camino sin Fronteras"}]},{"@type":"WebSite","@id":"https:\/\/www.icog.es\/TyT\/#website","url":"https:\/\/www.icog.es\/TyT\/","name":"Tierra y Tecnolog\u00eda","description":"Revista de informaci\u00f3n geol\u00f3gica","publisher":{"@id":"https:\/\/www.icog.es\/TyT\/#organization"},"potentialAction":[{"@type":"SearchAction","target":{"@type":"EntryPoint","urlTemplate":"https:\/\/www.icog.es\/TyT\/?s={search_term_string}"},"query-input":{"@type":"PropertyValueSpecification","valueRequired":true,"valueName":"search_term_string"}}],"inLanguage":"es"},{"@type":"Organization","@id":"https:\/\/www.icog.es\/TyT\/#organization","name":"Tierra y Tecnolog\u00eda - Colegio de Ge\u00f3logos","url":"https:\/\/www.icog.es\/TyT\/","logo":{"@type":"ImageObject","inLanguage":"es","@id":"https:\/\/www.icog.es\/TyT\/#\/schema\/logo\/image\/","url":"https:\/\/www.icog.es\/TyT\/wp-content\/uploads\/2013\/02\/logotytmini.jpg","contentUrl":"https:\/\/www.icog.es\/TyT\/wp-content\/uploads\/2013\/02\/logotytmini.jpg","width":325,"height":127,"caption":"Tierra y Tecnolog\u00eda - Colegio de Ge\u00f3logos"},"image":{"@id":"https:\/\/www.icog.es\/TyT\/#\/schema\/logo\/image\/"},"sameAs":["https:\/\/www.facebook.com\/CGEOLOGOS","https:\/\/x.com\/cgeologos","https:\/\/www.linkedin.com\/company\/colegio-oficial-de-ge-logos","https:\/\/www.pinterest.com\/cgeologos\/","http:\/\/www.youtube.com\/ICOGtv"]},{"@type":"Person","@id":"https:\/\/www.icog.es\/TyT\/#\/schema\/person\/590cfb5c1b7b4e4b350d60316033e853","name":"Redacci\u00f3n","image":{"@type":"ImageObject","inLanguage":"es","@id":"https:\/\/www.icog.es\/TyT\/#\/schema\/person\/image\/","url":"https:\/\/secure.gravatar.com\/avatar\/f9c0ac81b2e8e690bee30ac3b42bf27f02e8dedc49686b871256e17dc7cd000b?s=96&d=identicon&r=g","contentUrl":"https:\/\/secure.gravatar.com\/avatar\/f9c0ac81b2e8e690bee30ac3b42bf27f02e8dedc49686b871256e17dc7cd000b?s=96&d=identicon&r=g","caption":"Redacci\u00f3n"},"description":"Tierra y Tecnolog\u00eda es una publicaci\u00f3n del Ilustre Colegio Oficial de Ge\u00f3logos (ICOG). El ICOG es una instituci\u00f3n sin finalidad lucrativa creada para la defensa y apoyo de los intereses de los Ge\u00f3logos, creada por Ley 73\/1978 de 26 de Diciembre, es una corporaci\u00f3n de Derecho P\u00fablico, amparada por Ley y reconocida por el Estado, con personalidad jur\u00eddica propia y capacidad plena para el ejercicio de sus funciones y cumplimiento de sus fines.","sameAs":["https:\/\/cgeologos.es","https:\/\/www.facebook.com\/CGEOLOGOS","https:\/\/www.linkedin.com\/company\/313811","https:\/\/x.com\/https:\/\/twitter.com\/cgeologos","http:\/\/www.youtube.com\/ICOGtv"],"url":"https:\/\/www.icog.es\/TyT\/index.php\/author\/jl-barrera\/"}]}},"_links":{"self":[{"href":"https:\/\/www.icog.es\/TyT\/index.php\/wp-json\/wp\/v2\/posts\/13915","targetHints":{"allow":["GET"]}}],"collection":[{"href":"https:\/\/www.icog.es\/TyT\/index.php\/wp-json\/wp\/v2\/posts"}],"about":[{"href":"https:\/\/www.icog.es\/TyT\/index.php\/wp-json\/wp\/v2\/types\/post"}],"author":[{"embeddable":true,"href":"https:\/\/www.icog.es\/TyT\/index.php\/wp-json\/wp\/v2\/users\/2"}],"replies":[{"embeddable":true,"href":"https:\/\/www.icog.es\/TyT\/index.php\/wp-json\/wp\/v2\/comments?post=13915"}],"version-history":[{"count":1,"href":"https:\/\/www.icog.es\/TyT\/index.php\/wp-json\/wp\/v2\/posts\/13915\/revisions"}],"predecessor-version":[{"id":13917,"href":"https:\/\/www.icog.es\/TyT\/index.php\/wp-json\/wp\/v2\/posts\/13915\/revisions\/13917"}],"wp:featuredmedia":[{"embeddable":true,"href":"https:\/\/www.icog.es\/TyT\/index.php\/wp-json\/wp\/v2\/media\/13916"}],"wp:attachment":[{"href":"https:\/\/www.icog.es\/TyT\/index.php\/wp-json\/wp\/v2\/media?parent=13915"}],"wp:term":[{"taxonomy":"category","embeddable":true,"href":"https:\/\/www.icog.es\/TyT\/index.php\/wp-json\/wp\/v2\/categories?post=13915"},{"taxonomy":"post_tag","embeddable":true,"href":"https:\/\/www.icog.es\/TyT\/index.php\/wp-json\/wp\/v2\/tags?post=13915"}],"curies":[{"name":"wp","href":"https:\/\/api.w.org\/{rel}","templated":true}]}}