{"id":12473,"date":"2022-03-01T14:18:52","date_gmt":"2022-03-01T14:18:52","guid":{"rendered":"https:\/\/www.icog.es\/TyT\/?p=12473"},"modified":"2022-03-01T14:24:57","modified_gmt":"2022-03-01T14:24:57","slug":"el-colegio-de-geologos-pide-que-no-se-de-credito-a-zahories-para-la-busqueda-de-aguas-subterraneas","status":"publish","type":"post","link":"https:\/\/www.icog.es\/TyT\/index.php\/2022\/03\/el-colegio-de-geologos-pide-que-no-se-de-credito-a-zahories-para-la-busqueda-de-aguas-subterraneas\/","title":{"rendered":"El Colegio de Ge\u00f3logos pide que no se d\u00e9 cr\u00e9dito a zahor\u00edes para la b\u00fasqueda de aguas subterr\u00e1neas"},"content":{"rendered":"\n<p>El <a href=\"https:\/\/cgeologos.es\/\" target=\"_blank\" rel=\"noreferrer noopener\">Ilustre Colegio Oficial de Ge\u00f3logos<\/a> (ICOG) pide que no se d\u00e9 cr\u00e9dito a zahories, radiestesistas, poceros o varilleros para la b\u00fasqueda, localizaci\u00f3n o dise\u00f1o de las captaciones de aguas subterr\u00e1neas.<\/p>\n\n\n\n<p>\u201cEn tiempos de sequ\u00eda, erosi\u00f3n de los suelos y desertizaci\u00f3n emerge la figura de los zahor\u00edes y de personas que dicen tener poderes paranormales para encontrar agua\u201d, admite el ICOG.<\/p>\n\n\n\n<blockquote class=\"wp-block-quote has-text-align-center is-layout-flow wp-block-quote-is-layout-flow\"><p>La sociedad y en muchos casos los medios de comunicaci\u00f3n dan voz a personas que se basan en \u201cm\u00e9todos pseudocient\u00edficos y enga\u00f1osos\u201d<\/p><\/blockquote>\n\n\n\n<p>El Colegio de Ge\u00f3logos lamenta la credibilidad que se le da este tipo de personas que usan \u201cm\u00e9todos pseudocient\u00edficos enga\u00f1osos, basados en supersticiones y que no poseen&nbsp; ninguna preparaci\u00f3n t\u00e9cnica\u201d tanto en la sociedad, como en los medios de comunicaci\u00f3n, \u201cincluso algunas administraciones p\u00fablicas\u201d, denuncia el ICOG.<\/p>\n\n\n\n<p>El Colegio denuncia no solo el intrusismo profesional, sino que adem\u00e1s resulta injustificable en el caso de los abastecimientos a poblaciones.<\/p>\n\n\n\n<p>\u201cEn muchos casos, se paga a este personal&nbsp; con dinero de los contribuyentes cuando no dispone de ninguna cobertura ni calificaci\u00f3n profesional, y podr\u00eda suponer adem\u00e1s un peligro de salud p\u00fablica y el buen estado del medio ambiente\u201d, advierte el ICOG.<\/p>\n\n\n\n<p><strong>M\u00e1s hidroge\u00f3logos en la gesti\u00f3n h\u00eddrica<\/strong><\/p>\n\n\n\n<p>Por ello, el Colegio aboga por la profesionalizaci\u00f3n de todos los aspectos relacionados con las captaciones subterr\u00e1neas y una mayor presencia de hidroge\u00f3logos en las administraciones.<\/p>\n\n\n\n<p>En ese sentido, los hidroge\u00f3logos son una \u201cpieza fundamental en la gobernanza y manejo del agua\u201d, as\u00ed como en la \u201cgesti\u00f3n de recursos h\u00eddricos, tanto subterr\u00e1neos como superficiales, y del dominio p\u00fablico hidr\u00e1ulico\u201d, explica el Colegio de Ge\u00f3logos.<\/p>\n\n\n\n<p>\u201cLos hidroge\u00f3logos tienen un papel activo en los planes especiales de sequ\u00edas y planes generales del riesgo de inundaci\u00f3n, en la planificaci\u00f3n hidrol\u00f3gica y en la calidad de las aguas, incluyendo contaminaci\u00f3n de aguas subterr\u00e1neas y superficiales, tratamiento de aguas potables, depuraci\u00f3n de aguas residuales\u201d, a\u00f1ade el ICOG.<\/p>\n","protected":false},"excerpt":{"rendered":"<p>El Ilustre Colegio Oficial de Ge\u00f3logos (ICOG) pide que no se d\u00e9 cr\u00e9dito a zahories, radiestesistas, poceros o varilleros para la b\u00fasqueda, localizaci\u00f3n o dise\u00f1o de las captaciones de aguas subterr\u00e1neas. \u201cEn tiempos de sequ\u00eda, erosi\u00f3n de los suelos y desertizaci\u00f3n emerge la figura de los zahor\u00edes y de personas que dicen tener poderes paranormales [&hellip;]<\/p>\n","protected":false},"author":2,"featured_media":12475,"comment_status":"open","ping_status":"open","sticky":false,"template":"","format":"standard","meta":{"tdm_status":"","tdm_grid_status":"","footnotes":""},"categories":[284,1369],"tags":[522,639],"class_list":{"0":"post-12473","1":"post","2":"type-post","3":"status-publish","4":"format-standard","5":"has-post-thumbnail","7":"category-comunicado-icog","8":"category-tt-59","9":"tag-agua-subterranea","10":"tag-zahories"},"yoast_head":"<!-- This site is optimized with the Yoast SEO plugin v27.0 - https:\/\/yoast.com\/product\/yoast-seo-wordpress\/ -->\r\n<title>El Colegio de Ge\u00f3logos pide que no se d\u00e9 cr\u00e9dito a zahor\u00edes para la b\u00fasqueda de aguas subterr\u00e1neas - Tierra y Tecnolog\u00eda<\/title>\r\n<meta name=\"description\" content=\"La sociedad y en muchos casos los medios de comunicaci\u00f3n dan voz a personas que se basan en \u201cm\u00e9todos pseudocient\u00edficos y enga\u00f1osos\u201d.\" \/>\r\n<meta name=\"robots\" content=\"index, follow, max-snippet:-1, max-image-preview:large, max-video-preview:-1\" \/>\r\n<link rel=\"canonical\" href=\"https:\/\/www.icog.es\/TyT\/index.php\/2022\/03\/el-colegio-de-geologos-pide-que-no-se-de-credito-a-zahories-para-la-busqueda-de-aguas-subterraneas\/\" \/>\r\n<meta property=\"og:locale\" content=\"es_ES\" \/>\r\n<meta property=\"og:type\" content=\"article\" \/>\r\n<meta property=\"og:title\" content=\"El Colegio de Ge\u00f3logos pide que no se d\u00e9 cr\u00e9dito a zahor\u00edes para la b\u00fasqueda de aguas subterr\u00e1neas - Tierra y Tecnolog\u00eda\" \/>\r\n<meta property=\"og:description\" content=\"La sociedad y en muchos casos los medios de comunicaci\u00f3n dan voz a personas que se basan en \u201cm\u00e9todos pseudocient\u00edficos y enga\u00f1osos\u201d.\" \/>\r\n<meta property=\"og:url\" content=\"https:\/\/www.icog.es\/TyT\/index.php\/2022\/03\/el-colegio-de-geologos-pide-que-no-se-de-credito-a-zahories-para-la-busqueda-de-aguas-subterraneas\/\" \/>\r\n<meta property=\"og:site_name\" content=\"Tierra y Tecnolog\u00eda\" \/>\r\n<meta property=\"article:publisher\" content=\"https:\/\/www.facebook.com\/CGEOLOGOS\" \/>\r\n<meta property=\"article:author\" content=\"https:\/\/www.facebook.com\/CGEOLOGOS\" \/>\r\n<meta property=\"article:published_time\" content=\"2022-03-01T14:18:52+00:00\" \/>\r\n<meta property=\"article:modified_time\" content=\"2022-03-01T14:24:57+00:00\" \/>\r\n<meta property=\"og:image\" content=\"https:\/\/www.icog.es\/TyT\/wp-content\/uploads\/2022\/03\/1.jpg\" \/>\r\n\t<meta property=\"og:image:width\" content=\"1273\" \/>\r\n\t<meta property=\"og:image:height\" content=\"711\" \/>\r\n\t<meta property=\"og:image:type\" content=\"image\/jpeg\" \/>\r\n<meta name=\"author\" content=\"Redacci\u00f3n\" \/>\r\n<meta name=\"twitter:card\" content=\"summary_large_image\" \/>\r\n<meta name=\"twitter:creator\" content=\"@https:\/\/twitter.com\/cgeologos\" \/>\r\n<meta name=\"twitter:site\" content=\"@cgeologos\" \/>\r\n<meta name=\"twitter:label1\" content=\"Escrito por\" \/>\n\t<meta name=\"twitter:data1\" content=\"Redacci\u00f3n\" \/>\n\t<meta name=\"twitter:label2\" content=\"Tiempo de lectura\" \/>\n\t<meta name=\"twitter:data2\" content=\"2 minutos\" \/>\r\n<script type=\"application\/ld+json\" class=\"yoast-schema-graph\">{\"@context\":\"https:\/\/schema.org\",\"@graph\":[{\"@type\":\"Article\",\"@id\":\"https:\/\/www.icog.es\/TyT\/index.php\/2022\/03\/el-colegio-de-geologos-pide-que-no-se-de-credito-a-zahories-para-la-busqueda-de-aguas-subterraneas\/#article\",\"isPartOf\":{\"@id\":\"https:\/\/www.icog.es\/TyT\/index.php\/2022\/03\/el-colegio-de-geologos-pide-que-no-se-de-credito-a-zahories-para-la-busqueda-de-aguas-subterraneas\/\"},\"author\":{\"name\":\"Redacci\u00f3n\",\"@id\":\"https:\/\/www.icog.es\/TyT\/#\/schema\/person\/590cfb5c1b7b4e4b350d60316033e853\"},\"headline\":\"El Colegio de Ge\u00f3logos pide que no se d\u00e9 cr\u00e9dito a zahor\u00edes para la b\u00fasqueda de aguas subterr\u00e1neas\",\"datePublished\":\"2022-03-01T14:18:52+00:00\",\"dateModified\":\"2022-03-01T14:24:57+00:00\",\"mainEntityOfPage\":{\"@id\":\"https:\/\/www.icog.es\/TyT\/index.php\/2022\/03\/el-colegio-de-geologos-pide-que-no-se-de-credito-a-zahories-para-la-busqueda-de-aguas-subterraneas\/\"},\"wordCount\":385,\"commentCount\":0,\"publisher\":{\"@id\":\"https:\/\/www.icog.es\/TyT\/#organization\"},\"image\":{\"@id\":\"https:\/\/www.icog.es\/TyT\/index.php\/2022\/03\/el-colegio-de-geologos-pide-que-no-se-de-credito-a-zahories-para-la-busqueda-de-aguas-subterraneas\/#primaryimage\"},\"thumbnailUrl\":\"https:\/\/www.icog.es\/TyT\/wp-content\/uploads\/2022\/03\/1.jpg\",\"keywords\":[\"agua subterr\u00e1nea\",\"zahor\u00edes\"],\"articleSection\":[\"Comunicado ICOG\",\"T&amp;T 59\"],\"inLanguage\":\"es\",\"potentialAction\":[{\"@type\":\"CommentAction\",\"name\":\"Comment\",\"target\":[\"https:\/\/www.icog.es\/TyT\/index.php\/2022\/03\/el-colegio-de-geologos-pide-que-no-se-de-credito-a-zahories-para-la-busqueda-de-aguas-subterraneas\/#respond\"]}]},{\"@type\":\"WebPage\",\"@id\":\"https:\/\/www.icog.es\/TyT\/index.php\/2022\/03\/el-colegio-de-geologos-pide-que-no-se-de-credito-a-zahories-para-la-busqueda-de-aguas-subterraneas\/\",\"url\":\"https:\/\/www.icog.es\/TyT\/index.php\/2022\/03\/el-colegio-de-geologos-pide-que-no-se-de-credito-a-zahories-para-la-busqueda-de-aguas-subterraneas\/\",\"name\":\"El Colegio de Ge\u00f3logos pide que no se d\u00e9 cr\u00e9dito a zahor\u00edes para la b\u00fasqueda de aguas subterr\u00e1neas - Tierra y Tecnolog\u00eda\",\"isPartOf\":{\"@id\":\"https:\/\/www.icog.es\/TyT\/#website\"},\"primaryImageOfPage\":{\"@id\":\"https:\/\/www.icog.es\/TyT\/index.php\/2022\/03\/el-colegio-de-geologos-pide-que-no-se-de-credito-a-zahories-para-la-busqueda-de-aguas-subterraneas\/#primaryimage\"},\"image\":{\"@id\":\"https:\/\/www.icog.es\/TyT\/index.php\/2022\/03\/el-colegio-de-geologos-pide-que-no-se-de-credito-a-zahories-para-la-busqueda-de-aguas-subterraneas\/#primaryimage\"},\"thumbnailUrl\":\"https:\/\/www.icog.es\/TyT\/wp-content\/uploads\/2022\/03\/1.jpg\",\"datePublished\":\"2022-03-01T14:18:52+00:00\",\"dateModified\":\"2022-03-01T14:24:57+00:00\",\"description\":\"La sociedad y en muchos casos los medios de comunicaci\u00f3n dan voz a personas que se basan en \u201cm\u00e9todos pseudocient\u00edficos y enga\u00f1osos\u201d.\",\"breadcrumb\":{\"@id\":\"https:\/\/www.icog.es\/TyT\/index.php\/2022\/03\/el-colegio-de-geologos-pide-que-no-se-de-credito-a-zahories-para-la-busqueda-de-aguas-subterraneas\/#breadcrumb\"},\"inLanguage\":\"es\",\"potentialAction\":[{\"@type\":\"ReadAction\",\"target\":[\"https:\/\/www.icog.es\/TyT\/index.php\/2022\/03\/el-colegio-de-geologos-pide-que-no-se-de-credito-a-zahories-para-la-busqueda-de-aguas-subterraneas\/\"]}]},{\"@type\":\"ImageObject\",\"inLanguage\":\"es\",\"@id\":\"https:\/\/www.icog.es\/TyT\/index.php\/2022\/03\/el-colegio-de-geologos-pide-que-no-se-de-credito-a-zahories-para-la-busqueda-de-aguas-subterraneas\/#primaryimage\",\"url\":\"https:\/\/www.icog.es\/TyT\/wp-content\/uploads\/2022\/03\/1.jpg\",\"contentUrl\":\"https:\/\/www.icog.es\/TyT\/wp-content\/uploads\/2022\/03\/1.jpg\",\"width\":1273,\"height\":711},{\"@type\":\"BreadcrumbList\",\"@id\":\"https:\/\/www.icog.es\/TyT\/index.php\/2022\/03\/el-colegio-de-geologos-pide-que-no-se-de-credito-a-zahories-para-la-busqueda-de-aguas-subterraneas\/#breadcrumb\",\"itemListElement\":[{\"@type\":\"ListItem\",\"position\":1,\"name\":\"Portada\",\"item\":\"https:\/\/www.icog.es\/TyT\/\"},{\"@type\":\"ListItem\",\"position\":2,\"name\":\"El Colegio de Ge\u00f3logos pide que no se d\u00e9 cr\u00e9dito a zahor\u00edes para la b\u00fasqueda de aguas subterr\u00e1neas\"}]},{\"@type\":\"WebSite\",\"@id\":\"https:\/\/www.icog.es\/TyT\/#website\",\"url\":\"https:\/\/www.icog.es\/TyT\/\",\"name\":\"Tierra y Tecnolog\u00eda\",\"description\":\"Revista de informaci\u00f3n geol\u00f3gica\",\"publisher\":{\"@id\":\"https:\/\/www.icog.es\/TyT\/#organization\"},\"potentialAction\":[{\"@type\":\"SearchAction\",\"target\":{\"@type\":\"EntryPoint\",\"urlTemplate\":\"https:\/\/www.icog.es\/TyT\/?s={search_term_string}\"},\"query-input\":{\"@type\":\"PropertyValueSpecification\",\"valueRequired\":true,\"valueName\":\"search_term_string\"}}],\"inLanguage\":\"es\"},{\"@type\":\"Organization\",\"@id\":\"https:\/\/www.icog.es\/TyT\/#organization\",\"name\":\"Tierra y Tecnolog\u00eda - Colegio de Ge\u00f3logos\",\"url\":\"https:\/\/www.icog.es\/TyT\/\",\"logo\":{\"@type\":\"ImageObject\",\"inLanguage\":\"es\",\"@id\":\"https:\/\/www.icog.es\/TyT\/#\/schema\/logo\/image\/\",\"url\":\"https:\/\/www.icog.es\/TyT\/wp-content\/uploads\/2013\/02\/logotytmini.jpg\",\"contentUrl\":\"https:\/\/www.icog.es\/TyT\/wp-content\/uploads\/2013\/02\/logotytmini.jpg\",\"width\":325,\"height\":127,\"caption\":\"Tierra y Tecnolog\u00eda - Colegio de Ge\u00f3logos\"},\"image\":{\"@id\":\"https:\/\/www.icog.es\/TyT\/#\/schema\/logo\/image\/\"},\"sameAs\":[\"https:\/\/www.facebook.com\/CGEOLOGOS\",\"https:\/\/x.com\/cgeologos\",\"https:\/\/www.linkedin.com\/company\/colegio-oficial-de-ge-logos\",\"https:\/\/www.pinterest.com\/cgeologos\/\",\"http:\/\/www.youtube.com\/ICOGtv\"]},{\"@type\":\"Person\",\"@id\":\"https:\/\/www.icog.es\/TyT\/#\/schema\/person\/590cfb5c1b7b4e4b350d60316033e853\",\"name\":\"Redacci\u00f3n\",\"image\":{\"@type\":\"ImageObject\",\"inLanguage\":\"es\",\"@id\":\"https:\/\/www.icog.es\/TyT\/#\/schema\/person\/image\/\",\"url\":\"https:\/\/secure.gravatar.com\/avatar\/f9c0ac81b2e8e690bee30ac3b42bf27f02e8dedc49686b871256e17dc7cd000b?s=96&d=identicon&r=g\",\"contentUrl\":\"https:\/\/secure.gravatar.com\/avatar\/f9c0ac81b2e8e690bee30ac3b42bf27f02e8dedc49686b871256e17dc7cd000b?s=96&d=identicon&r=g\",\"caption\":\"Redacci\u00f3n\"},\"description\":\"Tierra y Tecnolog\u00eda es una publicaci\u00f3n del Ilustre Colegio Oficial de Ge\u00f3logos (ICOG). El ICOG es una instituci\u00f3n sin finalidad lucrativa creada para la defensa y apoyo de los intereses de los Ge\u00f3logos, creada por Ley 73\/1978 de 26 de Diciembre, es una corporaci\u00f3n de Derecho P\u00fablico, amparada por Ley y reconocida por el Estado, con personalidad jur\u00eddica propia y capacidad plena para el ejercicio de sus funciones y cumplimiento de sus fines.\",\"sameAs\":[\"https:\/\/cgeologos.es\",\"https:\/\/www.facebook.com\/CGEOLOGOS\",\"https:\/\/www.linkedin.com\/company\/313811\",\"https:\/\/x.com\/https:\/\/twitter.com\/cgeologos\",\"http:\/\/www.youtube.com\/ICOGtv\"],\"url\":\"https:\/\/www.icog.es\/TyT\/index.php\/author\/jl-barrera\/\"}]}<\/script>\r\n<!-- \/ Yoast SEO plugin. -->","yoast_head_json":{"title":"El Colegio de Ge\u00f3logos pide que no se d\u00e9 cr\u00e9dito a zahor\u00edes para la b\u00fasqueda de aguas subterr\u00e1neas - Tierra y Tecnolog\u00eda","description":"La sociedad y en muchos casos los medios de comunicaci\u00f3n dan voz a personas que se basan en \u201cm\u00e9todos pseudocient\u00edficos y enga\u00f1osos\u201d.","robots":{"index":"index","follow":"follow","max-snippet":"max-snippet:-1","max-image-preview":"max-image-preview:large","max-video-preview":"max-video-preview:-1"},"canonical":"https:\/\/www.icog.es\/TyT\/index.php\/2022\/03\/el-colegio-de-geologos-pide-que-no-se-de-credito-a-zahories-para-la-busqueda-de-aguas-subterraneas\/","og_locale":"es_ES","og_type":"article","og_title":"El Colegio de Ge\u00f3logos pide que no se d\u00e9 cr\u00e9dito a zahor\u00edes para la b\u00fasqueda de aguas subterr\u00e1neas - Tierra y Tecnolog\u00eda","og_description":"La sociedad y en muchos casos los medios de comunicaci\u00f3n dan voz a personas que se basan en \u201cm\u00e9todos pseudocient\u00edficos y enga\u00f1osos\u201d.","og_url":"https:\/\/www.icog.es\/TyT\/index.php\/2022\/03\/el-colegio-de-geologos-pide-que-no-se-de-credito-a-zahories-para-la-busqueda-de-aguas-subterraneas\/","og_site_name":"Tierra y Tecnolog\u00eda","article_publisher":"https:\/\/www.facebook.com\/CGEOLOGOS","article_author":"https:\/\/www.facebook.com\/CGEOLOGOS","article_published_time":"2022-03-01T14:18:52+00:00","article_modified_time":"2022-03-01T14:24:57+00:00","og_image":[{"width":1273,"height":711,"url":"https:\/\/www.icog.es\/TyT\/wp-content\/uploads\/2022\/03\/1.jpg","type":"image\/jpeg"}],"author":"Redacci\u00f3n","twitter_card":"summary_large_image","twitter_creator":"@https:\/\/twitter.com\/cgeologos","twitter_site":"@cgeologos","twitter_misc":{"Escrito por":"Redacci\u00f3n","Tiempo de lectura":"2 minutos"},"schema":{"@context":"https:\/\/schema.org","@graph":[{"@type":"Article","@id":"https:\/\/www.icog.es\/TyT\/index.php\/2022\/03\/el-colegio-de-geologos-pide-que-no-se-de-credito-a-zahories-para-la-busqueda-de-aguas-subterraneas\/#article","isPartOf":{"@id":"https:\/\/www.icog.es\/TyT\/index.php\/2022\/03\/el-colegio-de-geologos-pide-que-no-se-de-credito-a-zahories-para-la-busqueda-de-aguas-subterraneas\/"},"author":{"name":"Redacci\u00f3n","@id":"https:\/\/www.icog.es\/TyT\/#\/schema\/person\/590cfb5c1b7b4e4b350d60316033e853"},"headline":"El Colegio de Ge\u00f3logos pide que no se d\u00e9 cr\u00e9dito a zahor\u00edes para la b\u00fasqueda de aguas subterr\u00e1neas","datePublished":"2022-03-01T14:18:52+00:00","dateModified":"2022-03-01T14:24:57+00:00","mainEntityOfPage":{"@id":"https:\/\/www.icog.es\/TyT\/index.php\/2022\/03\/el-colegio-de-geologos-pide-que-no-se-de-credito-a-zahories-para-la-busqueda-de-aguas-subterraneas\/"},"wordCount":385,"commentCount":0,"publisher":{"@id":"https:\/\/www.icog.es\/TyT\/#organization"},"image":{"@id":"https:\/\/www.icog.es\/TyT\/index.php\/2022\/03\/el-colegio-de-geologos-pide-que-no-se-de-credito-a-zahories-para-la-busqueda-de-aguas-subterraneas\/#primaryimage"},"thumbnailUrl":"https:\/\/www.icog.es\/TyT\/wp-content\/uploads\/2022\/03\/1.jpg","keywords":["agua subterr\u00e1nea","zahor\u00edes"],"articleSection":["Comunicado ICOG","T&amp;T 59"],"inLanguage":"es","potentialAction":[{"@type":"CommentAction","name":"Comment","target":["https:\/\/www.icog.es\/TyT\/index.php\/2022\/03\/el-colegio-de-geologos-pide-que-no-se-de-credito-a-zahories-para-la-busqueda-de-aguas-subterraneas\/#respond"]}]},{"@type":"WebPage","@id":"https:\/\/www.icog.es\/TyT\/index.php\/2022\/03\/el-colegio-de-geologos-pide-que-no-se-de-credito-a-zahories-para-la-busqueda-de-aguas-subterraneas\/","url":"https:\/\/www.icog.es\/TyT\/index.php\/2022\/03\/el-colegio-de-geologos-pide-que-no-se-de-credito-a-zahories-para-la-busqueda-de-aguas-subterraneas\/","name":"El Colegio de Ge\u00f3logos pide que no se d\u00e9 cr\u00e9dito a zahor\u00edes para la b\u00fasqueda de aguas subterr\u00e1neas - Tierra y Tecnolog\u00eda","isPartOf":{"@id":"https:\/\/www.icog.es\/TyT\/#website"},"primaryImageOfPage":{"@id":"https:\/\/www.icog.es\/TyT\/index.php\/2022\/03\/el-colegio-de-geologos-pide-que-no-se-de-credito-a-zahories-para-la-busqueda-de-aguas-subterraneas\/#primaryimage"},"image":{"@id":"https:\/\/www.icog.es\/TyT\/index.php\/2022\/03\/el-colegio-de-geologos-pide-que-no-se-de-credito-a-zahories-para-la-busqueda-de-aguas-subterraneas\/#primaryimage"},"thumbnailUrl":"https:\/\/www.icog.es\/TyT\/wp-content\/uploads\/2022\/03\/1.jpg","datePublished":"2022-03-01T14:18:52+00:00","dateModified":"2022-03-01T14:24:57+00:00","description":"La sociedad y en muchos casos los medios de comunicaci\u00f3n dan voz a personas que se basan en \u201cm\u00e9todos pseudocient\u00edficos y enga\u00f1osos\u201d.","breadcrumb":{"@id":"https:\/\/www.icog.es\/TyT\/index.php\/2022\/03\/el-colegio-de-geologos-pide-que-no-se-de-credito-a-zahories-para-la-busqueda-de-aguas-subterraneas\/#breadcrumb"},"inLanguage":"es","potentialAction":[{"@type":"ReadAction","target":["https:\/\/www.icog.es\/TyT\/index.php\/2022\/03\/el-colegio-de-geologos-pide-que-no-se-de-credito-a-zahories-para-la-busqueda-de-aguas-subterraneas\/"]}]},{"@type":"ImageObject","inLanguage":"es","@id":"https:\/\/www.icog.es\/TyT\/index.php\/2022\/03\/el-colegio-de-geologos-pide-que-no-se-de-credito-a-zahories-para-la-busqueda-de-aguas-subterraneas\/#primaryimage","url":"https:\/\/www.icog.es\/TyT\/wp-content\/uploads\/2022\/03\/1.jpg","contentUrl":"https:\/\/www.icog.es\/TyT\/wp-content\/uploads\/2022\/03\/1.jpg","width":1273,"height":711},{"@type":"BreadcrumbList","@id":"https:\/\/www.icog.es\/TyT\/index.php\/2022\/03\/el-colegio-de-geologos-pide-que-no-se-de-credito-a-zahories-para-la-busqueda-de-aguas-subterraneas\/#breadcrumb","itemListElement":[{"@type":"ListItem","position":1,"name":"Portada","item":"https:\/\/www.icog.es\/TyT\/"},{"@type":"ListItem","position":2,"name":"El Colegio de Ge\u00f3logos pide que no se d\u00e9 cr\u00e9dito a zahor\u00edes para la b\u00fasqueda de aguas subterr\u00e1neas"}]},{"@type":"WebSite","@id":"https:\/\/www.icog.es\/TyT\/#website","url":"https:\/\/www.icog.es\/TyT\/","name":"Tierra y Tecnolog\u00eda","description":"Revista de informaci\u00f3n geol\u00f3gica","publisher":{"@id":"https:\/\/www.icog.es\/TyT\/#organization"},"potentialAction":[{"@type":"SearchAction","target":{"@type":"EntryPoint","urlTemplate":"https:\/\/www.icog.es\/TyT\/?s={search_term_string}"},"query-input":{"@type":"PropertyValueSpecification","valueRequired":true,"valueName":"search_term_string"}}],"inLanguage":"es"},{"@type":"Organization","@id":"https:\/\/www.icog.es\/TyT\/#organization","name":"Tierra y Tecnolog\u00eda - Colegio de Ge\u00f3logos","url":"https:\/\/www.icog.es\/TyT\/","logo":{"@type":"ImageObject","inLanguage":"es","@id":"https:\/\/www.icog.es\/TyT\/#\/schema\/logo\/image\/","url":"https:\/\/www.icog.es\/TyT\/wp-content\/uploads\/2013\/02\/logotytmini.jpg","contentUrl":"https:\/\/www.icog.es\/TyT\/wp-content\/uploads\/2013\/02\/logotytmini.jpg","width":325,"height":127,"caption":"Tierra y Tecnolog\u00eda - Colegio de Ge\u00f3logos"},"image":{"@id":"https:\/\/www.icog.es\/TyT\/#\/schema\/logo\/image\/"},"sameAs":["https:\/\/www.facebook.com\/CGEOLOGOS","https:\/\/x.com\/cgeologos","https:\/\/www.linkedin.com\/company\/colegio-oficial-de-ge-logos","https:\/\/www.pinterest.com\/cgeologos\/","http:\/\/www.youtube.com\/ICOGtv"]},{"@type":"Person","@id":"https:\/\/www.icog.es\/TyT\/#\/schema\/person\/590cfb5c1b7b4e4b350d60316033e853","name":"Redacci\u00f3n","image":{"@type":"ImageObject","inLanguage":"es","@id":"https:\/\/www.icog.es\/TyT\/#\/schema\/person\/image\/","url":"https:\/\/secure.gravatar.com\/avatar\/f9c0ac81b2e8e690bee30ac3b42bf27f02e8dedc49686b871256e17dc7cd000b?s=96&d=identicon&r=g","contentUrl":"https:\/\/secure.gravatar.com\/avatar\/f9c0ac81b2e8e690bee30ac3b42bf27f02e8dedc49686b871256e17dc7cd000b?s=96&d=identicon&r=g","caption":"Redacci\u00f3n"},"description":"Tierra y Tecnolog\u00eda es una publicaci\u00f3n del Ilustre Colegio Oficial de Ge\u00f3logos (ICOG). El ICOG es una instituci\u00f3n sin finalidad lucrativa creada para la defensa y apoyo de los intereses de los Ge\u00f3logos, creada por Ley 73\/1978 de 26 de Diciembre, es una corporaci\u00f3n de Derecho P\u00fablico, amparada por Ley y reconocida por el Estado, con personalidad jur\u00eddica propia y capacidad plena para el ejercicio de sus funciones y cumplimiento de sus fines.","sameAs":["https:\/\/cgeologos.es","https:\/\/www.facebook.com\/CGEOLOGOS","https:\/\/www.linkedin.com\/company\/313811","https:\/\/x.com\/https:\/\/twitter.com\/cgeologos","http:\/\/www.youtube.com\/ICOGtv"],"url":"https:\/\/www.icog.es\/TyT\/index.php\/author\/jl-barrera\/"}]}},"_links":{"self":[{"href":"https:\/\/www.icog.es\/TyT\/index.php\/wp-json\/wp\/v2\/posts\/12473","targetHints":{"allow":["GET"]}}],"collection":[{"href":"https:\/\/www.icog.es\/TyT\/index.php\/wp-json\/wp\/v2\/posts"}],"about":[{"href":"https:\/\/www.icog.es\/TyT\/index.php\/wp-json\/wp\/v2\/types\/post"}],"author":[{"embeddable":true,"href":"https:\/\/www.icog.es\/TyT\/index.php\/wp-json\/wp\/v2\/users\/2"}],"replies":[{"embeddable":true,"href":"https:\/\/www.icog.es\/TyT\/index.php\/wp-json\/wp\/v2\/comments?post=12473"}],"version-history":[{"count":3,"href":"https:\/\/www.icog.es\/TyT\/index.php\/wp-json\/wp\/v2\/posts\/12473\/revisions"}],"predecessor-version":[{"id":12478,"href":"https:\/\/www.icog.es\/TyT\/index.php\/wp-json\/wp\/v2\/posts\/12473\/revisions\/12478"}],"wp:featuredmedia":[{"embeddable":true,"href":"https:\/\/www.icog.es\/TyT\/index.php\/wp-json\/wp\/v2\/media\/12475"}],"wp:attachment":[{"href":"https:\/\/www.icog.es\/TyT\/index.php\/wp-json\/wp\/v2\/media?parent=12473"}],"wp:term":[{"taxonomy":"category","embeddable":true,"href":"https:\/\/www.icog.es\/TyT\/index.php\/wp-json\/wp\/v2\/categories?post=12473"},{"taxonomy":"post_tag","embeddable":true,"href":"https:\/\/www.icog.es\/TyT\/index.php\/wp-json\/wp\/v2\/tags?post=12473"}],"curies":[{"name":"wp","href":"https:\/\/api.w.org\/{rel}","templated":true}]}}