{"id":11591,"date":"2021-01-13T14:18:00","date_gmt":"2021-01-13T14:18:00","guid":{"rendered":"https:\/\/www.icog.es\/TyT\/?p=11591"},"modified":"2021-01-13T14:18:12","modified_gmt":"2021-01-13T14:18:12","slug":"el-colegio-de-geologos-solicita-un-estudio-geotecnico-para-las-obras-de-la-ronda-oeste-de-murcia","status":"publish","type":"post","link":"https:\/\/www.icog.es\/TyT\/index.php\/2021\/01\/el-colegio-de-geologos-solicita-un-estudio-geotecnico-para-las-obras-de-la-ronda-oeste-de-murcia\/","title":{"rendered":"El Colegio de Ge\u00f3logos solicita un estudio geot\u00e9cnico para las obras de la Ronda Oeste de Murcia"},"content":{"rendered":"\n<p>El <a href=\"https:\/\/cgeologos.es\/\">Ilustre Colegio Oficial de Ge\u00f3logos<\/a> (ICOG) ha presentado un recurso de reposici\u00f3n ante el Ayuntamiento de Murcia para que incorpore un estudio geol\u00f3gico-geot\u00e9cnico en las obras de la Ronda Oeste de Murcia.<\/p>\n\n\n\n<blockquote class=\"wp-block-quote has-text-align-center is-layout-flow wp-block-quote-is-layout-flow\"><p>Las cimentaciones interact\u00faan directamente con el terreno, por lo que el estudio geot\u00e9cnico del terreno es \u201ct\u00e9cnicamente necesario e ineludible\u201d<\/p><\/blockquote>\n\n\n\n<p>En concreto, el Ayuntamiento de Murcia ha licitado las obras del \u201cProyecto de ejecuci\u00f3n de instalaci\u00f3n de pantallas antirruido para la Ronda Oeste en el barrio de El Ranero\u201d, donde seg\u00fan los pliegos, el ayuntamiento detalla que \u201cno es preciso realizar un estudio geol\u00f3gico &#8211; geot\u00e9cnico del terreno\u201d \u201cEl rozamiento del fuste asegura el buen comportamiento en cualquier tipo de terreno y queda garantizado el reparto de cargos uniformemente\u201d, seg\u00fan los pliegos del ayuntamiento.<\/p>\n\n\n\n<p>Sin embargo el Colegio indica que el estudio es \u201ct\u00e9cnicamente necesario e ineludible para la adecuada caracterizaci\u00f3n del terreno\u201d. \u201cPara el correcto dimensionamiento de las cimentaciones especiales sobre las que se sustentar\u00e1 la obra as\u00ed como para la identificaci\u00f3n de otros posibles riesgos geot\u00e9cnicos colaterales\u201d, a\u00f1ade el Colegio.<\/p>\n\n\n\n<p>Este estudio geot\u00e9cnico previo a la obra no solo tiene como objetivo garantizar la seguridad del tr\u00e1fico en la Ronda Oeste, sino que adem\u00e1s pretende evitar \u201cpotenciales desviaciones presupuestarias\u201d.<\/p>\n\n\n\n<p>En su escrito al ayuntamiento, el Colegio de Ge\u00f3logos recuerda que la inclusi\u00f3n de un estudio geot\u00e9cnico de los terrenos sobre los que se vaya a ejecutar la obra es preceptiva de acuerdo con la Ley de Contratos del Sector P\u00fablico (art\u00edculo 233.3 LCSP), siempre que no resulte incompatible con la naturaleza de dicha obra, como es en este caso concreto.<\/p>\n\n\n\n<hr class=\"wp-block-separator is-style-wide\"\/>\n\n\n\n<p class=\"has-text-align-center\">Imagen de <a href=\"https:\/\/pixabay.com\/es\/users\/mimzy-19397\/?utm_source=link-attribution&amp;utm_medium=referral&amp;utm_campaign=image&amp;utm_content=2755553\">Mimzy<\/a> en <a href=\"https:\/\/pixabay.com\/es\/?utm_source=link-attribution&amp;utm_medium=referral&amp;utm_campaign=image&amp;utm_content=2755553\">Pixabay<\/a><\/p>\n","protected":false},"excerpt":{"rendered":"<p>El Ilustre Colegio Oficial de Ge\u00f3logos (ICOG) ha presentado un recurso de reposici\u00f3n ante el Ayuntamiento de Murcia para que incorpore un estudio geol\u00f3gico-geot\u00e9cnico en las obras de la Ronda Oeste de Murcia. Las cimentaciones interact\u00faan directamente con el terreno, por lo que el estudio geot\u00e9cnico del terreno es \u201ct\u00e9cnicamente necesario e ineludible\u201d En concreto, [&hellip;]<\/p>\n","protected":false},"author":2,"featured_media":11592,"comment_status":"open","ping_status":"open","sticky":false,"template":"","format":"standard","meta":{"tdm_status":"","tdm_grid_status":"","footnotes":""},"categories":[284,1207],"tags":[130,1208,470],"class_list":{"0":"post-11591","1":"post","2":"type-post","3":"status-publish","4":"format-standard","5":"has-post-thumbnail","7":"category-comunicado-icog","8":"category-tt-57","9":"tag-geotecnia","10":"tag-murcia","11":"tag-recurso"},"yoast_head":"<!-- This site is optimized with the Yoast SEO plugin v27.0 - https:\/\/yoast.com\/product\/yoast-seo-wordpress\/ -->\r\n<title>El Colegio de Ge\u00f3logos solicita un estudio geot\u00e9cnico para las obras de la Ronda Oeste de Murcia - Tierra y Tecnolog\u00eda<\/title>\r\n<meta name=\"description\" content=\"El ICOG ha puesto un recurso al Ayto. de Murcia para que incluya un estudio geot\u00e9cnico en las obras de instalaci\u00f3n de pantallas antirruido.\" \/>\r\n<meta name=\"robots\" content=\"index, follow, max-snippet:-1, max-image-preview:large, max-video-preview:-1\" \/>\r\n<link rel=\"canonical\" href=\"https:\/\/www.icog.es\/TyT\/index.php\/2021\/01\/el-colegio-de-geologos-solicita-un-estudio-geotecnico-para-las-obras-de-la-ronda-oeste-de-murcia\/\" \/>\r\n<meta property=\"og:locale\" content=\"es_ES\" \/>\r\n<meta property=\"og:type\" content=\"article\" \/>\r\n<meta property=\"og:title\" content=\"El Colegio de Ge\u00f3logos solicita un estudio geot\u00e9cnico para las obras de la Ronda Oeste de Murcia - Tierra y Tecnolog\u00eda\" \/>\r\n<meta property=\"og:description\" content=\"El ICOG ha puesto un recurso al Ayto. de Murcia para que incluya un estudio geot\u00e9cnico en las obras de instalaci\u00f3n de pantallas antirruido.\" \/>\r\n<meta property=\"og:url\" content=\"https:\/\/www.icog.es\/TyT\/index.php\/2021\/01\/el-colegio-de-geologos-solicita-un-estudio-geotecnico-para-las-obras-de-la-ronda-oeste-de-murcia\/\" \/>\r\n<meta property=\"og:site_name\" content=\"Tierra y Tecnolog\u00eda\" \/>\r\n<meta property=\"article:publisher\" content=\"https:\/\/www.facebook.com\/CGEOLOGOS\" \/>\r\n<meta property=\"article:author\" content=\"https:\/\/www.facebook.com\/CGEOLOGOS\" \/>\r\n<meta property=\"article:published_time\" content=\"2021-01-13T14:18:00+00:00\" \/>\r\n<meta property=\"article:modified_time\" content=\"2021-01-13T14:18:12+00:00\" \/>\r\n<meta property=\"og:image\" content=\"https:\/\/www.icog.es\/TyT\/wp-content\/uploads\/2021\/01\/ruido.jpg\" \/>\r\n\t<meta property=\"og:image:width\" content=\"1221\" \/>\r\n\t<meta property=\"og:image:height\" content=\"698\" \/>\r\n\t<meta property=\"og:image:type\" content=\"image\/jpeg\" \/>\r\n<meta name=\"author\" content=\"Redacci\u00f3n\" \/>\r\n<meta name=\"twitter:card\" content=\"summary_large_image\" \/>\r\n<meta name=\"twitter:creator\" content=\"@https:\/\/twitter.com\/cgeologos\" \/>\r\n<meta name=\"twitter:site\" content=\"@cgeologos\" \/>\r\n<meta name=\"twitter:label1\" content=\"Escrito por\" \/>\n\t<meta name=\"twitter:data1\" content=\"Redacci\u00f3n\" \/>\n\t<meta name=\"twitter:label2\" content=\"Tiempo de lectura\" \/>\n\t<meta name=\"twitter:data2\" content=\"2 minutos\" \/>\r\n<script type=\"application\/ld+json\" class=\"yoast-schema-graph\">{\"@context\":\"https:\/\/schema.org\",\"@graph\":[{\"@type\":\"Article\",\"@id\":\"https:\/\/www.icog.es\/TyT\/index.php\/2021\/01\/el-colegio-de-geologos-solicita-un-estudio-geotecnico-para-las-obras-de-la-ronda-oeste-de-murcia\/#article\",\"isPartOf\":{\"@id\":\"https:\/\/www.icog.es\/TyT\/index.php\/2021\/01\/el-colegio-de-geologos-solicita-un-estudio-geotecnico-para-las-obras-de-la-ronda-oeste-de-murcia\/\"},\"author\":{\"name\":\"Redacci\u00f3n\",\"@id\":\"https:\/\/www.icog.es\/TyT\/#\/schema\/person\/590cfb5c1b7b4e4b350d60316033e853\"},\"headline\":\"El Colegio de Ge\u00f3logos solicita un estudio geot\u00e9cnico para las obras de la Ronda Oeste de Murcia\",\"datePublished\":\"2021-01-13T14:18:00+00:00\",\"dateModified\":\"2021-01-13T14:18:12+00:00\",\"mainEntityOfPage\":{\"@id\":\"https:\/\/www.icog.es\/TyT\/index.php\/2021\/01\/el-colegio-de-geologos-solicita-un-estudio-geotecnico-para-las-obras-de-la-ronda-oeste-de-murcia\/\"},\"wordCount\":314,\"commentCount\":0,\"publisher\":{\"@id\":\"https:\/\/www.icog.es\/TyT\/#organization\"},\"image\":{\"@id\":\"https:\/\/www.icog.es\/TyT\/index.php\/2021\/01\/el-colegio-de-geologos-solicita-un-estudio-geotecnico-para-las-obras-de-la-ronda-oeste-de-murcia\/#primaryimage\"},\"thumbnailUrl\":\"https:\/\/www.icog.es\/TyT\/wp-content\/uploads\/2021\/01\/ruido.jpg\",\"keywords\":[\"geotecnia\",\"Murcia\",\"recurso\"],\"articleSection\":[\"Comunicado ICOG\",\"T&amp;T 57\"],\"inLanguage\":\"es\",\"potentialAction\":[{\"@type\":\"CommentAction\",\"name\":\"Comment\",\"target\":[\"https:\/\/www.icog.es\/TyT\/index.php\/2021\/01\/el-colegio-de-geologos-solicita-un-estudio-geotecnico-para-las-obras-de-la-ronda-oeste-de-murcia\/#respond\"]}]},{\"@type\":\"WebPage\",\"@id\":\"https:\/\/www.icog.es\/TyT\/index.php\/2021\/01\/el-colegio-de-geologos-solicita-un-estudio-geotecnico-para-las-obras-de-la-ronda-oeste-de-murcia\/\",\"url\":\"https:\/\/www.icog.es\/TyT\/index.php\/2021\/01\/el-colegio-de-geologos-solicita-un-estudio-geotecnico-para-las-obras-de-la-ronda-oeste-de-murcia\/\",\"name\":\"El Colegio de Ge\u00f3logos solicita un estudio geot\u00e9cnico para las obras de la Ronda Oeste de Murcia - Tierra y Tecnolog\u00eda\",\"isPartOf\":{\"@id\":\"https:\/\/www.icog.es\/TyT\/#website\"},\"primaryImageOfPage\":{\"@id\":\"https:\/\/www.icog.es\/TyT\/index.php\/2021\/01\/el-colegio-de-geologos-solicita-un-estudio-geotecnico-para-las-obras-de-la-ronda-oeste-de-murcia\/#primaryimage\"},\"image\":{\"@id\":\"https:\/\/www.icog.es\/TyT\/index.php\/2021\/01\/el-colegio-de-geologos-solicita-un-estudio-geotecnico-para-las-obras-de-la-ronda-oeste-de-murcia\/#primaryimage\"},\"thumbnailUrl\":\"https:\/\/www.icog.es\/TyT\/wp-content\/uploads\/2021\/01\/ruido.jpg\",\"datePublished\":\"2021-01-13T14:18:00+00:00\",\"dateModified\":\"2021-01-13T14:18:12+00:00\",\"description\":\"El ICOG ha puesto un recurso al Ayto. de Murcia para que incluya un estudio geot\u00e9cnico en las obras de instalaci\u00f3n de pantallas antirruido.\",\"breadcrumb\":{\"@id\":\"https:\/\/www.icog.es\/TyT\/index.php\/2021\/01\/el-colegio-de-geologos-solicita-un-estudio-geotecnico-para-las-obras-de-la-ronda-oeste-de-murcia\/#breadcrumb\"},\"inLanguage\":\"es\",\"potentialAction\":[{\"@type\":\"ReadAction\",\"target\":[\"https:\/\/www.icog.es\/TyT\/index.php\/2021\/01\/el-colegio-de-geologos-solicita-un-estudio-geotecnico-para-las-obras-de-la-ronda-oeste-de-murcia\/\"]}]},{\"@type\":\"ImageObject\",\"inLanguage\":\"es\",\"@id\":\"https:\/\/www.icog.es\/TyT\/index.php\/2021\/01\/el-colegio-de-geologos-solicita-un-estudio-geotecnico-para-las-obras-de-la-ronda-oeste-de-murcia\/#primaryimage\",\"url\":\"https:\/\/www.icog.es\/TyT\/wp-content\/uploads\/2021\/01\/ruido.jpg\",\"contentUrl\":\"https:\/\/www.icog.es\/TyT\/wp-content\/uploads\/2021\/01\/ruido.jpg\",\"width\":1221,\"height\":698},{\"@type\":\"BreadcrumbList\",\"@id\":\"https:\/\/www.icog.es\/TyT\/index.php\/2021\/01\/el-colegio-de-geologos-solicita-un-estudio-geotecnico-para-las-obras-de-la-ronda-oeste-de-murcia\/#breadcrumb\",\"itemListElement\":[{\"@type\":\"ListItem\",\"position\":1,\"name\":\"Portada\",\"item\":\"https:\/\/www.icog.es\/TyT\/\"},{\"@type\":\"ListItem\",\"position\":2,\"name\":\"El Colegio de Ge\u00f3logos solicita un estudio geot\u00e9cnico para las obras de la Ronda Oeste de Murcia\"}]},{\"@type\":\"WebSite\",\"@id\":\"https:\/\/www.icog.es\/TyT\/#website\",\"url\":\"https:\/\/www.icog.es\/TyT\/\",\"name\":\"Tierra y Tecnolog\u00eda\",\"description\":\"Revista de informaci\u00f3n geol\u00f3gica\",\"publisher\":{\"@id\":\"https:\/\/www.icog.es\/TyT\/#organization\"},\"potentialAction\":[{\"@type\":\"SearchAction\",\"target\":{\"@type\":\"EntryPoint\",\"urlTemplate\":\"https:\/\/www.icog.es\/TyT\/?s={search_term_string}\"},\"query-input\":{\"@type\":\"PropertyValueSpecification\",\"valueRequired\":true,\"valueName\":\"search_term_string\"}}],\"inLanguage\":\"es\"},{\"@type\":\"Organization\",\"@id\":\"https:\/\/www.icog.es\/TyT\/#organization\",\"name\":\"Tierra y Tecnolog\u00eda - Colegio de Ge\u00f3logos\",\"url\":\"https:\/\/www.icog.es\/TyT\/\",\"logo\":{\"@type\":\"ImageObject\",\"inLanguage\":\"es\",\"@id\":\"https:\/\/www.icog.es\/TyT\/#\/schema\/logo\/image\/\",\"url\":\"https:\/\/www.icog.es\/TyT\/wp-content\/uploads\/2013\/02\/logotytmini.jpg\",\"contentUrl\":\"https:\/\/www.icog.es\/TyT\/wp-content\/uploads\/2013\/02\/logotytmini.jpg\",\"width\":325,\"height\":127,\"caption\":\"Tierra y Tecnolog\u00eda - Colegio de Ge\u00f3logos\"},\"image\":{\"@id\":\"https:\/\/www.icog.es\/TyT\/#\/schema\/logo\/image\/\"},\"sameAs\":[\"https:\/\/www.facebook.com\/CGEOLOGOS\",\"https:\/\/x.com\/cgeologos\",\"https:\/\/www.linkedin.com\/company\/colegio-oficial-de-ge-logos\",\"https:\/\/www.pinterest.com\/cgeologos\/\",\"http:\/\/www.youtube.com\/ICOGtv\"]},{\"@type\":\"Person\",\"@id\":\"https:\/\/www.icog.es\/TyT\/#\/schema\/person\/590cfb5c1b7b4e4b350d60316033e853\",\"name\":\"Redacci\u00f3n\",\"image\":{\"@type\":\"ImageObject\",\"inLanguage\":\"es\",\"@id\":\"https:\/\/www.icog.es\/TyT\/#\/schema\/person\/image\/\",\"url\":\"https:\/\/secure.gravatar.com\/avatar\/f9c0ac81b2e8e690bee30ac3b42bf27f02e8dedc49686b871256e17dc7cd000b?s=96&d=identicon&r=g\",\"contentUrl\":\"https:\/\/secure.gravatar.com\/avatar\/f9c0ac81b2e8e690bee30ac3b42bf27f02e8dedc49686b871256e17dc7cd000b?s=96&d=identicon&r=g\",\"caption\":\"Redacci\u00f3n\"},\"description\":\"Tierra y Tecnolog\u00eda es una publicaci\u00f3n del Ilustre Colegio Oficial de Ge\u00f3logos (ICOG). El ICOG es una instituci\u00f3n sin finalidad lucrativa creada para la defensa y apoyo de los intereses de los Ge\u00f3logos, creada por Ley 73\/1978 de 26 de Diciembre, es una corporaci\u00f3n de Derecho P\u00fablico, amparada por Ley y reconocida por el Estado, con personalidad jur\u00eddica propia y capacidad plena para el ejercicio de sus funciones y cumplimiento de sus fines.\",\"sameAs\":[\"https:\/\/cgeologos.es\",\"https:\/\/www.facebook.com\/CGEOLOGOS\",\"https:\/\/www.linkedin.com\/company\/313811\",\"https:\/\/x.com\/https:\/\/twitter.com\/cgeologos\",\"http:\/\/www.youtube.com\/ICOGtv\"],\"url\":\"https:\/\/www.icog.es\/TyT\/index.php\/author\/jl-barrera\/\"}]}<\/script>\r\n<!-- \/ Yoast SEO plugin. -->","yoast_head_json":{"title":"El Colegio de Ge\u00f3logos solicita un estudio geot\u00e9cnico para las obras de la Ronda Oeste de Murcia - Tierra y Tecnolog\u00eda","description":"El ICOG ha puesto un recurso al Ayto. de Murcia para que incluya un estudio geot\u00e9cnico en las obras de instalaci\u00f3n de pantallas antirruido.","robots":{"index":"index","follow":"follow","max-snippet":"max-snippet:-1","max-image-preview":"max-image-preview:large","max-video-preview":"max-video-preview:-1"},"canonical":"https:\/\/www.icog.es\/TyT\/index.php\/2021\/01\/el-colegio-de-geologos-solicita-un-estudio-geotecnico-para-las-obras-de-la-ronda-oeste-de-murcia\/","og_locale":"es_ES","og_type":"article","og_title":"El Colegio de Ge\u00f3logos solicita un estudio geot\u00e9cnico para las obras de la Ronda Oeste de Murcia - Tierra y Tecnolog\u00eda","og_description":"El ICOG ha puesto un recurso al Ayto. de Murcia para que incluya un estudio geot\u00e9cnico en las obras de instalaci\u00f3n de pantallas antirruido.","og_url":"https:\/\/www.icog.es\/TyT\/index.php\/2021\/01\/el-colegio-de-geologos-solicita-un-estudio-geotecnico-para-las-obras-de-la-ronda-oeste-de-murcia\/","og_site_name":"Tierra y Tecnolog\u00eda","article_publisher":"https:\/\/www.facebook.com\/CGEOLOGOS","article_author":"https:\/\/www.facebook.com\/CGEOLOGOS","article_published_time":"2021-01-13T14:18:00+00:00","article_modified_time":"2021-01-13T14:18:12+00:00","og_image":[{"width":1221,"height":698,"url":"https:\/\/www.icog.es\/TyT\/wp-content\/uploads\/2021\/01\/ruido.jpg","type":"image\/jpeg"}],"author":"Redacci\u00f3n","twitter_card":"summary_large_image","twitter_creator":"@https:\/\/twitter.com\/cgeologos","twitter_site":"@cgeologos","twitter_misc":{"Escrito por":"Redacci\u00f3n","Tiempo de lectura":"2 minutos"},"schema":{"@context":"https:\/\/schema.org","@graph":[{"@type":"Article","@id":"https:\/\/www.icog.es\/TyT\/index.php\/2021\/01\/el-colegio-de-geologos-solicita-un-estudio-geotecnico-para-las-obras-de-la-ronda-oeste-de-murcia\/#article","isPartOf":{"@id":"https:\/\/www.icog.es\/TyT\/index.php\/2021\/01\/el-colegio-de-geologos-solicita-un-estudio-geotecnico-para-las-obras-de-la-ronda-oeste-de-murcia\/"},"author":{"name":"Redacci\u00f3n","@id":"https:\/\/www.icog.es\/TyT\/#\/schema\/person\/590cfb5c1b7b4e4b350d60316033e853"},"headline":"El Colegio de Ge\u00f3logos solicita un estudio geot\u00e9cnico para las obras de la Ronda Oeste de Murcia","datePublished":"2021-01-13T14:18:00+00:00","dateModified":"2021-01-13T14:18:12+00:00","mainEntityOfPage":{"@id":"https:\/\/www.icog.es\/TyT\/index.php\/2021\/01\/el-colegio-de-geologos-solicita-un-estudio-geotecnico-para-las-obras-de-la-ronda-oeste-de-murcia\/"},"wordCount":314,"commentCount":0,"publisher":{"@id":"https:\/\/www.icog.es\/TyT\/#organization"},"image":{"@id":"https:\/\/www.icog.es\/TyT\/index.php\/2021\/01\/el-colegio-de-geologos-solicita-un-estudio-geotecnico-para-las-obras-de-la-ronda-oeste-de-murcia\/#primaryimage"},"thumbnailUrl":"https:\/\/www.icog.es\/TyT\/wp-content\/uploads\/2021\/01\/ruido.jpg","keywords":["geotecnia","Murcia","recurso"],"articleSection":["Comunicado ICOG","T&amp;T 57"],"inLanguage":"es","potentialAction":[{"@type":"CommentAction","name":"Comment","target":["https:\/\/www.icog.es\/TyT\/index.php\/2021\/01\/el-colegio-de-geologos-solicita-un-estudio-geotecnico-para-las-obras-de-la-ronda-oeste-de-murcia\/#respond"]}]},{"@type":"WebPage","@id":"https:\/\/www.icog.es\/TyT\/index.php\/2021\/01\/el-colegio-de-geologos-solicita-un-estudio-geotecnico-para-las-obras-de-la-ronda-oeste-de-murcia\/","url":"https:\/\/www.icog.es\/TyT\/index.php\/2021\/01\/el-colegio-de-geologos-solicita-un-estudio-geotecnico-para-las-obras-de-la-ronda-oeste-de-murcia\/","name":"El Colegio de Ge\u00f3logos solicita un estudio geot\u00e9cnico para las obras de la Ronda Oeste de Murcia - Tierra y Tecnolog\u00eda","isPartOf":{"@id":"https:\/\/www.icog.es\/TyT\/#website"},"primaryImageOfPage":{"@id":"https:\/\/www.icog.es\/TyT\/index.php\/2021\/01\/el-colegio-de-geologos-solicita-un-estudio-geotecnico-para-las-obras-de-la-ronda-oeste-de-murcia\/#primaryimage"},"image":{"@id":"https:\/\/www.icog.es\/TyT\/index.php\/2021\/01\/el-colegio-de-geologos-solicita-un-estudio-geotecnico-para-las-obras-de-la-ronda-oeste-de-murcia\/#primaryimage"},"thumbnailUrl":"https:\/\/www.icog.es\/TyT\/wp-content\/uploads\/2021\/01\/ruido.jpg","datePublished":"2021-01-13T14:18:00+00:00","dateModified":"2021-01-13T14:18:12+00:00","description":"El ICOG ha puesto un recurso al Ayto. de Murcia para que incluya un estudio geot\u00e9cnico en las obras de instalaci\u00f3n de pantallas antirruido.","breadcrumb":{"@id":"https:\/\/www.icog.es\/TyT\/index.php\/2021\/01\/el-colegio-de-geologos-solicita-un-estudio-geotecnico-para-las-obras-de-la-ronda-oeste-de-murcia\/#breadcrumb"},"inLanguage":"es","potentialAction":[{"@type":"ReadAction","target":["https:\/\/www.icog.es\/TyT\/index.php\/2021\/01\/el-colegio-de-geologos-solicita-un-estudio-geotecnico-para-las-obras-de-la-ronda-oeste-de-murcia\/"]}]},{"@type":"ImageObject","inLanguage":"es","@id":"https:\/\/www.icog.es\/TyT\/index.php\/2021\/01\/el-colegio-de-geologos-solicita-un-estudio-geotecnico-para-las-obras-de-la-ronda-oeste-de-murcia\/#primaryimage","url":"https:\/\/www.icog.es\/TyT\/wp-content\/uploads\/2021\/01\/ruido.jpg","contentUrl":"https:\/\/www.icog.es\/TyT\/wp-content\/uploads\/2021\/01\/ruido.jpg","width":1221,"height":698},{"@type":"BreadcrumbList","@id":"https:\/\/www.icog.es\/TyT\/index.php\/2021\/01\/el-colegio-de-geologos-solicita-un-estudio-geotecnico-para-las-obras-de-la-ronda-oeste-de-murcia\/#breadcrumb","itemListElement":[{"@type":"ListItem","position":1,"name":"Portada","item":"https:\/\/www.icog.es\/TyT\/"},{"@type":"ListItem","position":2,"name":"El Colegio de Ge\u00f3logos solicita un estudio geot\u00e9cnico para las obras de la Ronda Oeste de Murcia"}]},{"@type":"WebSite","@id":"https:\/\/www.icog.es\/TyT\/#website","url":"https:\/\/www.icog.es\/TyT\/","name":"Tierra y Tecnolog\u00eda","description":"Revista de informaci\u00f3n geol\u00f3gica","publisher":{"@id":"https:\/\/www.icog.es\/TyT\/#organization"},"potentialAction":[{"@type":"SearchAction","target":{"@type":"EntryPoint","urlTemplate":"https:\/\/www.icog.es\/TyT\/?s={search_term_string}"},"query-input":{"@type":"PropertyValueSpecification","valueRequired":true,"valueName":"search_term_string"}}],"inLanguage":"es"},{"@type":"Organization","@id":"https:\/\/www.icog.es\/TyT\/#organization","name":"Tierra y Tecnolog\u00eda - Colegio de Ge\u00f3logos","url":"https:\/\/www.icog.es\/TyT\/","logo":{"@type":"ImageObject","inLanguage":"es","@id":"https:\/\/www.icog.es\/TyT\/#\/schema\/logo\/image\/","url":"https:\/\/www.icog.es\/TyT\/wp-content\/uploads\/2013\/02\/logotytmini.jpg","contentUrl":"https:\/\/www.icog.es\/TyT\/wp-content\/uploads\/2013\/02\/logotytmini.jpg","width":325,"height":127,"caption":"Tierra y Tecnolog\u00eda - Colegio de Ge\u00f3logos"},"image":{"@id":"https:\/\/www.icog.es\/TyT\/#\/schema\/logo\/image\/"},"sameAs":["https:\/\/www.facebook.com\/CGEOLOGOS","https:\/\/x.com\/cgeologos","https:\/\/www.linkedin.com\/company\/colegio-oficial-de-ge-logos","https:\/\/www.pinterest.com\/cgeologos\/","http:\/\/www.youtube.com\/ICOGtv"]},{"@type":"Person","@id":"https:\/\/www.icog.es\/TyT\/#\/schema\/person\/590cfb5c1b7b4e4b350d60316033e853","name":"Redacci\u00f3n","image":{"@type":"ImageObject","inLanguage":"es","@id":"https:\/\/www.icog.es\/TyT\/#\/schema\/person\/image\/","url":"https:\/\/secure.gravatar.com\/avatar\/f9c0ac81b2e8e690bee30ac3b42bf27f02e8dedc49686b871256e17dc7cd000b?s=96&d=identicon&r=g","contentUrl":"https:\/\/secure.gravatar.com\/avatar\/f9c0ac81b2e8e690bee30ac3b42bf27f02e8dedc49686b871256e17dc7cd000b?s=96&d=identicon&r=g","caption":"Redacci\u00f3n"},"description":"Tierra y Tecnolog\u00eda es una publicaci\u00f3n del Ilustre Colegio Oficial de Ge\u00f3logos (ICOG). El ICOG es una instituci\u00f3n sin finalidad lucrativa creada para la defensa y apoyo de los intereses de los Ge\u00f3logos, creada por Ley 73\/1978 de 26 de Diciembre, es una corporaci\u00f3n de Derecho P\u00fablico, amparada por Ley y reconocida por el Estado, con personalidad jur\u00eddica propia y capacidad plena para el ejercicio de sus funciones y cumplimiento de sus fines.","sameAs":["https:\/\/cgeologos.es","https:\/\/www.facebook.com\/CGEOLOGOS","https:\/\/www.linkedin.com\/company\/313811","https:\/\/x.com\/https:\/\/twitter.com\/cgeologos","http:\/\/www.youtube.com\/ICOGtv"],"url":"https:\/\/www.icog.es\/TyT\/index.php\/author\/jl-barrera\/"}]}},"_links":{"self":[{"href":"https:\/\/www.icog.es\/TyT\/index.php\/wp-json\/wp\/v2\/posts\/11591","targetHints":{"allow":["GET"]}}],"collection":[{"href":"https:\/\/www.icog.es\/TyT\/index.php\/wp-json\/wp\/v2\/posts"}],"about":[{"href":"https:\/\/www.icog.es\/TyT\/index.php\/wp-json\/wp\/v2\/types\/post"}],"author":[{"embeddable":true,"href":"https:\/\/www.icog.es\/TyT\/index.php\/wp-json\/wp\/v2\/users\/2"}],"replies":[{"embeddable":true,"href":"https:\/\/www.icog.es\/TyT\/index.php\/wp-json\/wp\/v2\/comments?post=11591"}],"version-history":[{"count":1,"href":"https:\/\/www.icog.es\/TyT\/index.php\/wp-json\/wp\/v2\/posts\/11591\/revisions"}],"predecessor-version":[{"id":11593,"href":"https:\/\/www.icog.es\/TyT\/index.php\/wp-json\/wp\/v2\/posts\/11591\/revisions\/11593"}],"wp:featuredmedia":[{"embeddable":true,"href":"https:\/\/www.icog.es\/TyT\/index.php\/wp-json\/wp\/v2\/media\/11592"}],"wp:attachment":[{"href":"https:\/\/www.icog.es\/TyT\/index.php\/wp-json\/wp\/v2\/media?parent=11591"}],"wp:term":[{"taxonomy":"category","embeddable":true,"href":"https:\/\/www.icog.es\/TyT\/index.php\/wp-json\/wp\/v2\/categories?post=11591"},{"taxonomy":"post_tag","embeddable":true,"href":"https:\/\/www.icog.es\/TyT\/index.php\/wp-json\/wp\/v2\/tags?post=11591"}],"curies":[{"name":"wp","href":"https:\/\/api.w.org\/{rel}","templated":true}]}}