{"id":11212,"date":"2020-07-03T10:33:34","date_gmt":"2020-07-03T10:33:34","guid":{"rendered":"https:\/\/www.icog.es\/TyT\/?p=11212"},"modified":"2020-07-03T10:40:14","modified_gmt":"2020-07-03T10:40:14","slug":"el-gobierno-de-canarias-excluye-a-los-geologos-del-parque-nacional-de-timanfaya","status":"publish","type":"post","link":"https:\/\/www.icog.es\/TyT\/index.php\/2020\/07\/el-gobierno-de-canarias-excluye-a-los-geologos-del-parque-nacional-de-timanfaya\/","title":{"rendered":"El Gobierno de Canarias excluye a los ge\u00f3logos del Parque Nacional de Timanfaya"},"content":{"rendered":"\n<p>El Ilustre Colegio Oficial de Ge\u00f3logos (ICOG) denuncia la exclusi\u00f3n de los profesionales de la geolog\u00eda para el puesto de Direcci\u00f3n-Conservaci\u00f3n del Parque Nacional de Timanfaya en Lanzarote, Canarias.<\/p>\n\n\n\n<p>El Gobierno de Canarias, a trav\u00e9s de la <em>Consejer\u00eda de Transici\u00f3n Ecol\u00f3gica, Lucha contra el Cambio Clim\u00e1tico y Planificaci\u00f3n Territorial<\/em> ha convocado un procedimiento de libre designaci\u00f3n del puesto de Director-Conservador del Parque Nacional donde especifica que solo pueden concurrir <strong>\u201cfuncionarios de carrera de las especialidades de Ingenier\u00eda de Montes, Bi\u00f3logos y Ge\u00f3grafos\u201d<\/strong>.<\/p>\n\n\n\n<p><strong>Contra la igualdad de oportunidades<\/strong><\/p>\n\n\n\n<p>Para el Colegio de Ge\u00f3logos es una decisi\u00f3n \u201carbitraria, contraria al ordenamiento jur\u00eddico por infracci\u00f3n de normas constitucionales y legales que regulan el acceso a la funci\u00f3n p\u00fablica\u201d. De hecho, el Colegio recuerda que en un decreto previo del Gobierno de Canarias (9\/2002 del 13 de febrero) se incorpora plenamente a los ge\u00f3logos como posibles candidatos a las plazas de la administraci\u00f3n canaria.<\/p>\n\n\n\n<p>\u201cNo tiene sentido que un ge\u00f3logo no pueda optar en igualdad de oportunidades que otros profesionales a dirigir el parque nacional m\u00e1s geol\u00f3gico de Espa\u00f1a\u201d, lamenta el Colegio.<\/p>\n\n\n\n<p><strong>En un recurso de reposici\u00f3n dirigido a la consejer\u00eda, el Colegio de Ge\u00f3logos ha pedido que se permita a los licenciados en Geolog\u00eda acceder a la oferta p\u00fablica de dicho puesto<\/strong>.<\/p>\n\n\n\n<p>D<strong>esde la Secretar\u00eda General T\u00e9cnica se ha desestimado el recurso<\/strong> interpuesto por el Colegio alegando que la oferta \u201cse ajusta a derecho\u201d.<\/p>\n\n\n\n<hr class=\"wp-block-separator\"\/>\n\n\n\n<p class=\"has-text-align-center\">Imagen de <a href=\"https:\/\/pixabay.com\/es\/users\/enriquelopezgarre-3764790\/?utm_source=link-attribution&amp;utm_medium=referral&amp;utm_campaign=image&amp;utm_content=4887909\" target=\"_blank\" aria-label=\"undefined (abre en una nueva pesta\u00f1a)\" rel=\"noreferrer noopener\">enriquelopezgarre<\/a> en <a href=\"https:\/\/pixabay.com\/es\/?utm_source=link-attribution&amp;utm_medium=referral&amp;utm_campaign=image&amp;utm_content=4887909\" target=\"_blank\" aria-label=\"undefined (abre en una nueva pesta\u00f1a)\" rel=\"noreferrer noopener\">Pixabay<\/a><\/p>\n","protected":false},"excerpt":{"rendered":"<p>El Ilustre Colegio Oficial de Ge\u00f3logos (ICOG) denuncia la exclusi\u00f3n de los profesionales de la geolog\u00eda para el puesto de Direcci\u00f3n-Conservaci\u00f3n del Parque Nacional de Timanfaya en Lanzarote, Canarias. El Gobierno de Canarias, a trav\u00e9s de la Consejer\u00eda de Transici\u00f3n Ecol\u00f3gica, Lucha contra el Cambio Clim\u00e1tico y Planificaci\u00f3n Territorial ha convocado un procedimiento de libre [&hellip;]<\/p>\n","protected":false},"author":2,"featured_media":11215,"comment_status":"open","ping_status":"open","sticky":false,"template":"","format":"standard","meta":{"tdm_status":"","tdm_grid_status":"","footnotes":""},"categories":[284,1119],"tags":[181,1120],"class_list":{"0":"post-11212","1":"post","2":"type-post","3":"status-publish","4":"format-standard","5":"has-post-thumbnail","7":"category-comunicado-icog","8":"category-tt-56","9":"tag-geoparque","10":"tag-timanfaya"},"yoast_head":"<!-- This site is optimized with the Yoast SEO plugin v27.0 - https:\/\/yoast.com\/product\/yoast-seo-wordpress\/ -->\r\n<title>El Gobierno de Canarias excluye a los ge\u00f3logos del Parque Nacional de Timanfaya - Tierra y Tecnolog\u00eda<\/title>\r\n<meta name=\"description\" content=\"\u201cNo dejar de ser chocante que un ge\u00f3logo no pueda optar a la direcci\u00f3n del parque m\u00e1s geol\u00f3gico de Espa\u00f1a\u201d, lamenta el Colegio de Ge\u00f3logos.\" \/>\r\n<meta name=\"robots\" content=\"index, follow, max-snippet:-1, max-image-preview:large, max-video-preview:-1\" \/>\r\n<link rel=\"canonical\" href=\"https:\/\/www.icog.es\/TyT\/index.php\/2020\/07\/el-gobierno-de-canarias-excluye-a-los-geologos-del-parque-nacional-de-timanfaya\/\" \/>\r\n<meta property=\"og:locale\" content=\"es_ES\" \/>\r\n<meta property=\"og:type\" content=\"article\" \/>\r\n<meta property=\"og:title\" content=\"El Gobierno de Canarias excluye a los ge\u00f3logos del Parque Nacional de Timanfaya - Tierra y Tecnolog\u00eda\" \/>\r\n<meta property=\"og:description\" content=\"\u201cNo dejar de ser chocante que un ge\u00f3logo no pueda optar a la direcci\u00f3n del parque m\u00e1s geol\u00f3gico de Espa\u00f1a\u201d, lamenta el Colegio de Ge\u00f3logos.\" \/>\r\n<meta property=\"og:url\" content=\"https:\/\/www.icog.es\/TyT\/index.php\/2020\/07\/el-gobierno-de-canarias-excluye-a-los-geologos-del-parque-nacional-de-timanfaya\/\" \/>\r\n<meta property=\"og:site_name\" content=\"Tierra y Tecnolog\u00eda\" \/>\r\n<meta property=\"article:publisher\" content=\"https:\/\/www.facebook.com\/CGEOLOGOS\" \/>\r\n<meta property=\"article:author\" content=\"https:\/\/www.facebook.com\/CGEOLOGOS\" \/>\r\n<meta property=\"article:published_time\" content=\"2020-07-03T10:33:34+00:00\" \/>\r\n<meta property=\"article:modified_time\" content=\"2020-07-03T10:40:14+00:00\" \/>\r\n<meta property=\"og:image\" content=\"https:\/\/www.icog.es\/TyT\/wp-content\/uploads\/2020\/07\/timanfaya.jpg\" \/>\r\n\t<meta property=\"og:image:width\" content=\"1376\" \/>\r\n\t<meta property=\"og:image:height\" content=\"843\" \/>\r\n\t<meta property=\"og:image:type\" content=\"image\/jpeg\" \/>\r\n<meta name=\"author\" content=\"Redacci\u00f3n\" \/>\r\n<meta name=\"twitter:card\" content=\"summary_large_image\" \/>\r\n<meta name=\"twitter:creator\" content=\"@https:\/\/twitter.com\/cgeologos\" \/>\r\n<meta name=\"twitter:site\" content=\"@cgeologos\" \/>\r\n<meta name=\"twitter:label1\" content=\"Escrito por\" \/>\n\t<meta name=\"twitter:data1\" content=\"Redacci\u00f3n\" \/>\n\t<meta name=\"twitter:label2\" content=\"Tiempo de lectura\" \/>\n\t<meta name=\"twitter:data2\" content=\"1 minuto\" \/>\r\n<script type=\"application\/ld+json\" class=\"yoast-schema-graph\">{\"@context\":\"https:\/\/schema.org\",\"@graph\":[{\"@type\":\"Article\",\"@id\":\"https:\/\/www.icog.es\/TyT\/index.php\/2020\/07\/el-gobierno-de-canarias-excluye-a-los-geologos-del-parque-nacional-de-timanfaya\/#article\",\"isPartOf\":{\"@id\":\"https:\/\/www.icog.es\/TyT\/index.php\/2020\/07\/el-gobierno-de-canarias-excluye-a-los-geologos-del-parque-nacional-de-timanfaya\/\"},\"author\":{\"name\":\"Redacci\u00f3n\",\"@id\":\"https:\/\/www.icog.es\/TyT\/#\/schema\/person\/590cfb5c1b7b4e4b350d60316033e853\"},\"headline\":\"El Gobierno de Canarias excluye a los ge\u00f3logos del Parque Nacional de Timanfaya\",\"datePublished\":\"2020-07-03T10:33:34+00:00\",\"dateModified\":\"2020-07-03T10:40:14+00:00\",\"mainEntityOfPage\":{\"@id\":\"https:\/\/www.icog.es\/TyT\/index.php\/2020\/07\/el-gobierno-de-canarias-excluye-a-los-geologos-del-parque-nacional-de-timanfaya\/\"},\"wordCount\":282,\"commentCount\":0,\"publisher\":{\"@id\":\"https:\/\/www.icog.es\/TyT\/#organization\"},\"image\":{\"@id\":\"https:\/\/www.icog.es\/TyT\/index.php\/2020\/07\/el-gobierno-de-canarias-excluye-a-los-geologos-del-parque-nacional-de-timanfaya\/#primaryimage\"},\"thumbnailUrl\":\"https:\/\/www.icog.es\/TyT\/wp-content\/uploads\/2020\/07\/timanfaya.jpg\",\"keywords\":[\"Geoparque\",\"Timanfaya\"],\"articleSection\":[\"Comunicado ICOG\",\"T&amp;T 56\"],\"inLanguage\":\"es\",\"potentialAction\":[{\"@type\":\"CommentAction\",\"name\":\"Comment\",\"target\":[\"https:\/\/www.icog.es\/TyT\/index.php\/2020\/07\/el-gobierno-de-canarias-excluye-a-los-geologos-del-parque-nacional-de-timanfaya\/#respond\"]}]},{\"@type\":\"WebPage\",\"@id\":\"https:\/\/www.icog.es\/TyT\/index.php\/2020\/07\/el-gobierno-de-canarias-excluye-a-los-geologos-del-parque-nacional-de-timanfaya\/\",\"url\":\"https:\/\/www.icog.es\/TyT\/index.php\/2020\/07\/el-gobierno-de-canarias-excluye-a-los-geologos-del-parque-nacional-de-timanfaya\/\",\"name\":\"El Gobierno de Canarias excluye a los ge\u00f3logos del Parque Nacional de Timanfaya - Tierra y Tecnolog\u00eda\",\"isPartOf\":{\"@id\":\"https:\/\/www.icog.es\/TyT\/#website\"},\"primaryImageOfPage\":{\"@id\":\"https:\/\/www.icog.es\/TyT\/index.php\/2020\/07\/el-gobierno-de-canarias-excluye-a-los-geologos-del-parque-nacional-de-timanfaya\/#primaryimage\"},\"image\":{\"@id\":\"https:\/\/www.icog.es\/TyT\/index.php\/2020\/07\/el-gobierno-de-canarias-excluye-a-los-geologos-del-parque-nacional-de-timanfaya\/#primaryimage\"},\"thumbnailUrl\":\"https:\/\/www.icog.es\/TyT\/wp-content\/uploads\/2020\/07\/timanfaya.jpg\",\"datePublished\":\"2020-07-03T10:33:34+00:00\",\"dateModified\":\"2020-07-03T10:40:14+00:00\",\"description\":\"\u201cNo dejar de ser chocante que un ge\u00f3logo no pueda optar a la direcci\u00f3n del parque m\u00e1s geol\u00f3gico de Espa\u00f1a\u201d, lamenta el Colegio de Ge\u00f3logos.\",\"breadcrumb\":{\"@id\":\"https:\/\/www.icog.es\/TyT\/index.php\/2020\/07\/el-gobierno-de-canarias-excluye-a-los-geologos-del-parque-nacional-de-timanfaya\/#breadcrumb\"},\"inLanguage\":\"es\",\"potentialAction\":[{\"@type\":\"ReadAction\",\"target\":[\"https:\/\/www.icog.es\/TyT\/index.php\/2020\/07\/el-gobierno-de-canarias-excluye-a-los-geologos-del-parque-nacional-de-timanfaya\/\"]}]},{\"@type\":\"ImageObject\",\"inLanguage\":\"es\",\"@id\":\"https:\/\/www.icog.es\/TyT\/index.php\/2020\/07\/el-gobierno-de-canarias-excluye-a-los-geologos-del-parque-nacional-de-timanfaya\/#primaryimage\",\"url\":\"https:\/\/www.icog.es\/TyT\/wp-content\/uploads\/2020\/07\/timanfaya.jpg\",\"contentUrl\":\"https:\/\/www.icog.es\/TyT\/wp-content\/uploads\/2020\/07\/timanfaya.jpg\",\"width\":1376,\"height\":843},{\"@type\":\"BreadcrumbList\",\"@id\":\"https:\/\/www.icog.es\/TyT\/index.php\/2020\/07\/el-gobierno-de-canarias-excluye-a-los-geologos-del-parque-nacional-de-timanfaya\/#breadcrumb\",\"itemListElement\":[{\"@type\":\"ListItem\",\"position\":1,\"name\":\"Portada\",\"item\":\"https:\/\/www.icog.es\/TyT\/\"},{\"@type\":\"ListItem\",\"position\":2,\"name\":\"El Gobierno de Canarias excluye a los ge\u00f3logos del Parque Nacional de Timanfaya\"}]},{\"@type\":\"WebSite\",\"@id\":\"https:\/\/www.icog.es\/TyT\/#website\",\"url\":\"https:\/\/www.icog.es\/TyT\/\",\"name\":\"Tierra y Tecnolog\u00eda\",\"description\":\"Revista de informaci\u00f3n geol\u00f3gica\",\"publisher\":{\"@id\":\"https:\/\/www.icog.es\/TyT\/#organization\"},\"potentialAction\":[{\"@type\":\"SearchAction\",\"target\":{\"@type\":\"EntryPoint\",\"urlTemplate\":\"https:\/\/www.icog.es\/TyT\/?s={search_term_string}\"},\"query-input\":{\"@type\":\"PropertyValueSpecification\",\"valueRequired\":true,\"valueName\":\"search_term_string\"}}],\"inLanguage\":\"es\"},{\"@type\":\"Organization\",\"@id\":\"https:\/\/www.icog.es\/TyT\/#organization\",\"name\":\"Tierra y Tecnolog\u00eda - Colegio de Ge\u00f3logos\",\"url\":\"https:\/\/www.icog.es\/TyT\/\",\"logo\":{\"@type\":\"ImageObject\",\"inLanguage\":\"es\",\"@id\":\"https:\/\/www.icog.es\/TyT\/#\/schema\/logo\/image\/\",\"url\":\"https:\/\/www.icog.es\/TyT\/wp-content\/uploads\/2013\/02\/logotytmini.jpg\",\"contentUrl\":\"https:\/\/www.icog.es\/TyT\/wp-content\/uploads\/2013\/02\/logotytmini.jpg\",\"width\":325,\"height\":127,\"caption\":\"Tierra y Tecnolog\u00eda - Colegio de Ge\u00f3logos\"},\"image\":{\"@id\":\"https:\/\/www.icog.es\/TyT\/#\/schema\/logo\/image\/\"},\"sameAs\":[\"https:\/\/www.facebook.com\/CGEOLOGOS\",\"https:\/\/x.com\/cgeologos\",\"https:\/\/www.linkedin.com\/company\/colegio-oficial-de-ge-logos\",\"https:\/\/www.pinterest.com\/cgeologos\/\",\"http:\/\/www.youtube.com\/ICOGtv\"]},{\"@type\":\"Person\",\"@id\":\"https:\/\/www.icog.es\/TyT\/#\/schema\/person\/590cfb5c1b7b4e4b350d60316033e853\",\"name\":\"Redacci\u00f3n\",\"image\":{\"@type\":\"ImageObject\",\"inLanguage\":\"es\",\"@id\":\"https:\/\/www.icog.es\/TyT\/#\/schema\/person\/image\/\",\"url\":\"https:\/\/secure.gravatar.com\/avatar\/f9c0ac81b2e8e690bee30ac3b42bf27f02e8dedc49686b871256e17dc7cd000b?s=96&d=identicon&r=g\",\"contentUrl\":\"https:\/\/secure.gravatar.com\/avatar\/f9c0ac81b2e8e690bee30ac3b42bf27f02e8dedc49686b871256e17dc7cd000b?s=96&d=identicon&r=g\",\"caption\":\"Redacci\u00f3n\"},\"description\":\"Tierra y Tecnolog\u00eda es una publicaci\u00f3n del Ilustre Colegio Oficial de Ge\u00f3logos (ICOG). El ICOG es una instituci\u00f3n sin finalidad lucrativa creada para la defensa y apoyo de los intereses de los Ge\u00f3logos, creada por Ley 73\/1978 de 26 de Diciembre, es una corporaci\u00f3n de Derecho P\u00fablico, amparada por Ley y reconocida por el Estado, con personalidad jur\u00eddica propia y capacidad plena para el ejercicio de sus funciones y cumplimiento de sus fines.\",\"sameAs\":[\"https:\/\/cgeologos.es\",\"https:\/\/www.facebook.com\/CGEOLOGOS\",\"https:\/\/www.linkedin.com\/company\/313811\",\"https:\/\/x.com\/https:\/\/twitter.com\/cgeologos\",\"http:\/\/www.youtube.com\/ICOGtv\"],\"url\":\"https:\/\/www.icog.es\/TyT\/index.php\/author\/jl-barrera\/\"}]}<\/script>\r\n<!-- \/ Yoast SEO plugin. -->","yoast_head_json":{"title":"El Gobierno de Canarias excluye a los ge\u00f3logos del Parque Nacional de Timanfaya - Tierra y Tecnolog\u00eda","description":"\u201cNo dejar de ser chocante que un ge\u00f3logo no pueda optar a la direcci\u00f3n del parque m\u00e1s geol\u00f3gico de Espa\u00f1a\u201d, lamenta el Colegio de Ge\u00f3logos.","robots":{"index":"index","follow":"follow","max-snippet":"max-snippet:-1","max-image-preview":"max-image-preview:large","max-video-preview":"max-video-preview:-1"},"canonical":"https:\/\/www.icog.es\/TyT\/index.php\/2020\/07\/el-gobierno-de-canarias-excluye-a-los-geologos-del-parque-nacional-de-timanfaya\/","og_locale":"es_ES","og_type":"article","og_title":"El Gobierno de Canarias excluye a los ge\u00f3logos del Parque Nacional de Timanfaya - Tierra y Tecnolog\u00eda","og_description":"\u201cNo dejar de ser chocante que un ge\u00f3logo no pueda optar a la direcci\u00f3n del parque m\u00e1s geol\u00f3gico de Espa\u00f1a\u201d, lamenta el Colegio de Ge\u00f3logos.","og_url":"https:\/\/www.icog.es\/TyT\/index.php\/2020\/07\/el-gobierno-de-canarias-excluye-a-los-geologos-del-parque-nacional-de-timanfaya\/","og_site_name":"Tierra y Tecnolog\u00eda","article_publisher":"https:\/\/www.facebook.com\/CGEOLOGOS","article_author":"https:\/\/www.facebook.com\/CGEOLOGOS","article_published_time":"2020-07-03T10:33:34+00:00","article_modified_time":"2020-07-03T10:40:14+00:00","og_image":[{"width":1376,"height":843,"url":"https:\/\/www.icog.es\/TyT\/wp-content\/uploads\/2020\/07\/timanfaya.jpg","type":"image\/jpeg"}],"author":"Redacci\u00f3n","twitter_card":"summary_large_image","twitter_creator":"@https:\/\/twitter.com\/cgeologos","twitter_site":"@cgeologos","twitter_misc":{"Escrito por":"Redacci\u00f3n","Tiempo de lectura":"1 minuto"},"schema":{"@context":"https:\/\/schema.org","@graph":[{"@type":"Article","@id":"https:\/\/www.icog.es\/TyT\/index.php\/2020\/07\/el-gobierno-de-canarias-excluye-a-los-geologos-del-parque-nacional-de-timanfaya\/#article","isPartOf":{"@id":"https:\/\/www.icog.es\/TyT\/index.php\/2020\/07\/el-gobierno-de-canarias-excluye-a-los-geologos-del-parque-nacional-de-timanfaya\/"},"author":{"name":"Redacci\u00f3n","@id":"https:\/\/www.icog.es\/TyT\/#\/schema\/person\/590cfb5c1b7b4e4b350d60316033e853"},"headline":"El Gobierno de Canarias excluye a los ge\u00f3logos del Parque Nacional de Timanfaya","datePublished":"2020-07-03T10:33:34+00:00","dateModified":"2020-07-03T10:40:14+00:00","mainEntityOfPage":{"@id":"https:\/\/www.icog.es\/TyT\/index.php\/2020\/07\/el-gobierno-de-canarias-excluye-a-los-geologos-del-parque-nacional-de-timanfaya\/"},"wordCount":282,"commentCount":0,"publisher":{"@id":"https:\/\/www.icog.es\/TyT\/#organization"},"image":{"@id":"https:\/\/www.icog.es\/TyT\/index.php\/2020\/07\/el-gobierno-de-canarias-excluye-a-los-geologos-del-parque-nacional-de-timanfaya\/#primaryimage"},"thumbnailUrl":"https:\/\/www.icog.es\/TyT\/wp-content\/uploads\/2020\/07\/timanfaya.jpg","keywords":["Geoparque","Timanfaya"],"articleSection":["Comunicado ICOG","T&amp;T 56"],"inLanguage":"es","potentialAction":[{"@type":"CommentAction","name":"Comment","target":["https:\/\/www.icog.es\/TyT\/index.php\/2020\/07\/el-gobierno-de-canarias-excluye-a-los-geologos-del-parque-nacional-de-timanfaya\/#respond"]}]},{"@type":"WebPage","@id":"https:\/\/www.icog.es\/TyT\/index.php\/2020\/07\/el-gobierno-de-canarias-excluye-a-los-geologos-del-parque-nacional-de-timanfaya\/","url":"https:\/\/www.icog.es\/TyT\/index.php\/2020\/07\/el-gobierno-de-canarias-excluye-a-los-geologos-del-parque-nacional-de-timanfaya\/","name":"El Gobierno de Canarias excluye a los ge\u00f3logos del Parque Nacional de Timanfaya - Tierra y Tecnolog\u00eda","isPartOf":{"@id":"https:\/\/www.icog.es\/TyT\/#website"},"primaryImageOfPage":{"@id":"https:\/\/www.icog.es\/TyT\/index.php\/2020\/07\/el-gobierno-de-canarias-excluye-a-los-geologos-del-parque-nacional-de-timanfaya\/#primaryimage"},"image":{"@id":"https:\/\/www.icog.es\/TyT\/index.php\/2020\/07\/el-gobierno-de-canarias-excluye-a-los-geologos-del-parque-nacional-de-timanfaya\/#primaryimage"},"thumbnailUrl":"https:\/\/www.icog.es\/TyT\/wp-content\/uploads\/2020\/07\/timanfaya.jpg","datePublished":"2020-07-03T10:33:34+00:00","dateModified":"2020-07-03T10:40:14+00:00","description":"\u201cNo dejar de ser chocante que un ge\u00f3logo no pueda optar a la direcci\u00f3n del parque m\u00e1s geol\u00f3gico de Espa\u00f1a\u201d, lamenta el Colegio de Ge\u00f3logos.","breadcrumb":{"@id":"https:\/\/www.icog.es\/TyT\/index.php\/2020\/07\/el-gobierno-de-canarias-excluye-a-los-geologos-del-parque-nacional-de-timanfaya\/#breadcrumb"},"inLanguage":"es","potentialAction":[{"@type":"ReadAction","target":["https:\/\/www.icog.es\/TyT\/index.php\/2020\/07\/el-gobierno-de-canarias-excluye-a-los-geologos-del-parque-nacional-de-timanfaya\/"]}]},{"@type":"ImageObject","inLanguage":"es","@id":"https:\/\/www.icog.es\/TyT\/index.php\/2020\/07\/el-gobierno-de-canarias-excluye-a-los-geologos-del-parque-nacional-de-timanfaya\/#primaryimage","url":"https:\/\/www.icog.es\/TyT\/wp-content\/uploads\/2020\/07\/timanfaya.jpg","contentUrl":"https:\/\/www.icog.es\/TyT\/wp-content\/uploads\/2020\/07\/timanfaya.jpg","width":1376,"height":843},{"@type":"BreadcrumbList","@id":"https:\/\/www.icog.es\/TyT\/index.php\/2020\/07\/el-gobierno-de-canarias-excluye-a-los-geologos-del-parque-nacional-de-timanfaya\/#breadcrumb","itemListElement":[{"@type":"ListItem","position":1,"name":"Portada","item":"https:\/\/www.icog.es\/TyT\/"},{"@type":"ListItem","position":2,"name":"El Gobierno de Canarias excluye a los ge\u00f3logos del Parque Nacional de Timanfaya"}]},{"@type":"WebSite","@id":"https:\/\/www.icog.es\/TyT\/#website","url":"https:\/\/www.icog.es\/TyT\/","name":"Tierra y Tecnolog\u00eda","description":"Revista de informaci\u00f3n geol\u00f3gica","publisher":{"@id":"https:\/\/www.icog.es\/TyT\/#organization"},"potentialAction":[{"@type":"SearchAction","target":{"@type":"EntryPoint","urlTemplate":"https:\/\/www.icog.es\/TyT\/?s={search_term_string}"},"query-input":{"@type":"PropertyValueSpecification","valueRequired":true,"valueName":"search_term_string"}}],"inLanguage":"es"},{"@type":"Organization","@id":"https:\/\/www.icog.es\/TyT\/#organization","name":"Tierra y Tecnolog\u00eda - Colegio de Ge\u00f3logos","url":"https:\/\/www.icog.es\/TyT\/","logo":{"@type":"ImageObject","inLanguage":"es","@id":"https:\/\/www.icog.es\/TyT\/#\/schema\/logo\/image\/","url":"https:\/\/www.icog.es\/TyT\/wp-content\/uploads\/2013\/02\/logotytmini.jpg","contentUrl":"https:\/\/www.icog.es\/TyT\/wp-content\/uploads\/2013\/02\/logotytmini.jpg","width":325,"height":127,"caption":"Tierra y Tecnolog\u00eda - Colegio de Ge\u00f3logos"},"image":{"@id":"https:\/\/www.icog.es\/TyT\/#\/schema\/logo\/image\/"},"sameAs":["https:\/\/www.facebook.com\/CGEOLOGOS","https:\/\/x.com\/cgeologos","https:\/\/www.linkedin.com\/company\/colegio-oficial-de-ge-logos","https:\/\/www.pinterest.com\/cgeologos\/","http:\/\/www.youtube.com\/ICOGtv"]},{"@type":"Person","@id":"https:\/\/www.icog.es\/TyT\/#\/schema\/person\/590cfb5c1b7b4e4b350d60316033e853","name":"Redacci\u00f3n","image":{"@type":"ImageObject","inLanguage":"es","@id":"https:\/\/www.icog.es\/TyT\/#\/schema\/person\/image\/","url":"https:\/\/secure.gravatar.com\/avatar\/f9c0ac81b2e8e690bee30ac3b42bf27f02e8dedc49686b871256e17dc7cd000b?s=96&d=identicon&r=g","contentUrl":"https:\/\/secure.gravatar.com\/avatar\/f9c0ac81b2e8e690bee30ac3b42bf27f02e8dedc49686b871256e17dc7cd000b?s=96&d=identicon&r=g","caption":"Redacci\u00f3n"},"description":"Tierra y Tecnolog\u00eda es una publicaci\u00f3n del Ilustre Colegio Oficial de Ge\u00f3logos (ICOG). El ICOG es una instituci\u00f3n sin finalidad lucrativa creada para la defensa y apoyo de los intereses de los Ge\u00f3logos, creada por Ley 73\/1978 de 26 de Diciembre, es una corporaci\u00f3n de Derecho P\u00fablico, amparada por Ley y reconocida por el Estado, con personalidad jur\u00eddica propia y capacidad plena para el ejercicio de sus funciones y cumplimiento de sus fines.","sameAs":["https:\/\/cgeologos.es","https:\/\/www.facebook.com\/CGEOLOGOS","https:\/\/www.linkedin.com\/company\/313811","https:\/\/x.com\/https:\/\/twitter.com\/cgeologos","http:\/\/www.youtube.com\/ICOGtv"],"url":"https:\/\/www.icog.es\/TyT\/index.php\/author\/jl-barrera\/"}]}},"_links":{"self":[{"href":"https:\/\/www.icog.es\/TyT\/index.php\/wp-json\/wp\/v2\/posts\/11212","targetHints":{"allow":["GET"]}}],"collection":[{"href":"https:\/\/www.icog.es\/TyT\/index.php\/wp-json\/wp\/v2\/posts"}],"about":[{"href":"https:\/\/www.icog.es\/TyT\/index.php\/wp-json\/wp\/v2\/types\/post"}],"author":[{"embeddable":true,"href":"https:\/\/www.icog.es\/TyT\/index.php\/wp-json\/wp\/v2\/users\/2"}],"replies":[{"embeddable":true,"href":"https:\/\/www.icog.es\/TyT\/index.php\/wp-json\/wp\/v2\/comments?post=11212"}],"version-history":[{"count":2,"href":"https:\/\/www.icog.es\/TyT\/index.php\/wp-json\/wp\/v2\/posts\/11212\/revisions"}],"predecessor-version":[{"id":11216,"href":"https:\/\/www.icog.es\/TyT\/index.php\/wp-json\/wp\/v2\/posts\/11212\/revisions\/11216"}],"wp:featuredmedia":[{"embeddable":true,"href":"https:\/\/www.icog.es\/TyT\/index.php\/wp-json\/wp\/v2\/media\/11215"}],"wp:attachment":[{"href":"https:\/\/www.icog.es\/TyT\/index.php\/wp-json\/wp\/v2\/media?parent=11212"}],"wp:term":[{"taxonomy":"category","embeddable":true,"href":"https:\/\/www.icog.es\/TyT\/index.php\/wp-json\/wp\/v2\/categories?post=11212"},{"taxonomy":"post_tag","embeddable":true,"href":"https:\/\/www.icog.es\/TyT\/index.php\/wp-json\/wp\/v2\/tags?post=11212"}],"curies":[{"name":"wp","href":"https:\/\/api.w.org\/{rel}","templated":true}]}}