{"id":10275,"date":"2019-04-14T09:02:18","date_gmt":"2019-04-14T09:02:18","guid":{"rendered":"https:\/\/www.icog.es\/TyT\/?p=10275"},"modified":"2019-04-26T10:53:18","modified_gmt":"2019-04-26T10:53:18","slug":"psoe-y-pp-exponen-sus-diferencias-en-transicion-energetica","status":"publish","type":"post","link":"https:\/\/www.icog.es\/TyT\/index.php\/2019\/04\/psoe-y-pp-exponen-sus-diferencias-en-transicion-energetica\/","title":{"rendered":"PSOE y PP exponen sus diferencias en transici\u00f3n energ\u00e9tica"},"content":{"rendered":"\n<p>El Ilustre\nColegio Oficial de Ge\u00f3logos (ICOG) ha acogido un debate sobre pol\u00edtica\nenerg\u00e9tica y medioambiental en el que han participado por parte del PSOE Hugo\nMor\u00e1n, secretario de Estado de Medio Ambiente, y Ram\u00f3n Celma, Portavoz\nAgricultura, Ganader\u00eda y Medio Ambiente en el PP de Arag\u00f3n. Los dos pol\u00edticos\nhan escenificado en el debate las diferencias que hay entre sus respectivos\npartidos en cuanto a la transici\u00f3n energ\u00e9tica.<\/p>\n\n\n\n<p>De hecho, para\nCelma no hay una aut\u00e9ntica transici\u00f3n energ\u00e9tica, \u201csino una ruptura con el\nmodelo anterior\u201d. El portavoz del PP ha criticado lo que a su juicio es un\nabandono total de la miner\u00eda del carb\u00f3n en Espa\u00f1a por parte del actual gobierno\ny ha criticado que el ejecutivo central est\u00e9 tomando medidas entorno a la\nminer\u00eda y los recursos minerales \u201cpor motivos puramente ideol\u00f3gicos\u201d.<\/p>\n\n\n\n<p>\u201cHemos pasado de\ncasi 50.000 mineros a comienzo de la d\u00e9cada de los 90 a poco m\u00e1s de 1.800 el\na\u00f1o pasado\u201d, ha explicado el secretario de Estado de Medio Ambiente, que ha\ncalificado este proceso de \u201ctransici\u00f3n muy larga\u201d al tiempo que ha recordado\nque la pol\u00edtica respecto a la miner\u00eda del carb\u00f3n viene en buena medida\ndeterminada por las decisiones y normativas de la Uni\u00f3n Europea.<\/p>\n\n\n\n<h4 class=\"wp-block-heading\"><strong>Almac\u00e9n geol\u00f3gico profundo<\/strong><\/h4>\n\n\n\n<p>Hugo Mor\u00e1n\ntambi\u00e9n ha aprovechado la ocasi\u00f3n para criticar la decisi\u00f3n del gobierno de\nMariano Rajoy de construir un Almac\u00e9n Temporal Centralizado (ATC) para residuos\nradiactivos en Villar de Ca\u00f1as. \u201cSe hizo en contra el criterio de muchos\nexpertos, incluyendo el Colegio de Ge\u00f3logos\u201d, ha afirmado Mor\u00e1n, quien\nconsidera que la soluci\u00f3n id\u00f3nea para la gesti\u00f3n de los residuos nucleares pasa\npor la construcci\u00f3n de un almac\u00e9n geol\u00f3gico profundo, tal y como ha reclamado\nel ICOG repetidas veces.<\/p>\n\n\n\n<p>La necesidad de\nun almac\u00e9n geol\u00f3gico profundo es compartida por el representante del PP. Sin\nembargo Celma ha reconocido el coste pol\u00edtico que tendr\u00eda una medida de este\ntipo. \u201cNadie quiere tener la sensaci\u00f3n de ser el vertedero de otros\u201d, ha\nse\u00f1alado.<\/p>\n\n\n\n<p>Sobre el\naprovechamiento de fuentes de energ\u00eda renovables, el secretario de Estado de\nMedio Ambiente ha mostrado su predisposici\u00f3n a modificar la normativa t\u00e9cnica\nde edificaci\u00f3n para contemplar el aprovechamiento de la geotermia de baja\nentalp\u00eda en nuevas edificaciones. Igualmente, el portavoz del PP ha apostado\npor dar facilidades a todos aquellos que quieran investigar sobre geotermia,\n\u201csin poner trabas administrativas\u201d.<\/p>\n\n\n\n<h4 class=\"wp-block-heading\"><strong>Hidrocarburnos no convencionales<\/strong><\/h4>\n\n\n\n<p>Un nuevo punto\nde desencuentro entre los dos representantes pol\u00edticos ha sido la conveniencia\no no de aprovechar los recursos de hidrocarburos no convencionales de Espa\u00f1a.\nPara Ram\u00f3n Celma es necesario aprovechar un recurso \u201cque reduzca nuestra\ndependencia energ\u00e9tica de otros pa\u00edses\u201d, siempre que se haga con las medidas de\nseguridad adecuadas.<\/p>\n\n\n\n<p>Por el\ncontrario, el representante del PSOE ha se\u00f1alado que el objetivo del gobierno\nes llegar a 2050 con un balance neto de cero emisiones de CO<sub>2.<\/sub> \u201cNo\ncreemos que la soluci\u00f3n sea substituir los hidrocarburos convencionales por\nhidrocarburos no convencionales\u201d, ha afirmado Mor\u00e1n.<\/p>\n\n\n\n<p>Respecto a la\ngesti\u00f3n de riesgos naturales, Celma ha apostado por la actualizaci\u00f3n de la\nnormativa sismorresistente y una mayor coordinaci\u00f3n entre administraciones para\nque se cumpla la ley. Adem\u00e1s, ha apostado por el dragado y la limpieza de las\nriveras de los r\u00edos para reducir el riesgo de inundaciones.<\/p>\n\n\n\n<p>Hugo Mor\u00e1n ha\nadelantado la necesidad de revisar un buen n\u00famero de infraestructuras que,\ndebido a los efectos del cambio clim\u00e1tico, podr\u00edan estar en riesgo de sufrir\nda\u00f1os. Tambi\u00e9n se ha mostrado favorable a incorporar el conjunto de riesgos\nnaturales a las medidas de ordenaci\u00f3n del territorio y a obligar a los Planes\nGenerales de Ordenaci\u00f3n Urbana a incluir su evaluaci\u00f3n para poder ser\naprobados.<\/p>\n\n\n\n<p>Sobre cambio\nclim\u00e1tico, Hugo Mor\u00e1n ha pedido que sea en el \u00e1mbito cient\u00edfico donde se\nplantee un debate serio no ideologizado, apelando a un di\u00e1logo permanente entre\nciencia y pol\u00edtica, no solo en las campa\u00f1as electorales. <\/p>\n\n\n\n<h4 class=\"wp-block-heading\"><strong>Gesti\u00f3n de aguas subterr\u00e1neas<\/strong><\/h4>\n\n\n\n<p>Para finalizar\nel debate, los representantes de PSOE y PP se han referido al aprovechamiento\nde las aguas subterr\u00e1neas. En esta materia, Ram\u00f3n Celma ha recordado que el\nagua \u201ces un recurso finito\u201d y hay que gestionarlo de manera adecuada, \u201cpero sin\nponerle m\u00e1s trabas de las que ya establece la normativa\u201d.<\/p>\n\n\n\n<p>Para Mor\u00e1n, el\npanorama de sequ\u00edas prolongadas que predicen los cient\u00edficos har\u00e1 necesario\nintegrar las aguas subterr\u00e1neas en la gesti\u00f3n del agua para consumo humano y\nuso industrial. \u201cHace falta una nueva Ley del Agua que integre todos sus usos,\nya que la normativa actual est\u00e1 desactualizada\u201d.<\/p>\n","protected":false},"excerpt":{"rendered":"<p>El Ilustre Colegio Oficial de Ge\u00f3logos (ICOG) ha acogido un debate sobre pol\u00edtica energ\u00e9tica y medioambiental en el que han participado por parte del PSOE Hugo Mor\u00e1n, secretario de Estado de Medio Ambiente, y Ram\u00f3n Celma, Portavoz Agricultura, Ganader\u00eda y Medio Ambiente en el PP de Arag\u00f3n. Los dos pol\u00edticos han escenificado en el debate [&hellip;]<\/p>\n","protected":false},"author":2,"featured_media":10349,"comment_status":"open","ping_status":"open","sticky":false,"template":"","format":"video","meta":{"tdm_status":"","tdm_grid_status":"","footnotes":""},"categories":[284,713,911],"tags":[264,174,374],"class_list":{"0":"post-10275","1":"post","2":"type-post","3":"status-publish","4":"format-video","5":"has-post-thumbnail","7":"category-comunicado-icog","8":"category-geoforo","9":"category-tt-53","10":"tag-energia","11":"tag-medio-ambiente","12":"tag-politica-energetica","13":"post_format-post-format-video"},"yoast_head":"<!-- This site is optimized with the Yoast SEO plugin v27.0 - https:\/\/yoast.com\/product\/yoast-seo-wordpress\/ -->\r\n<title>PSOE y PP exponen sus diferencias en transici\u00f3n energ\u00e9tica - Tierra y Tecnolog\u00eda<\/title>\r\n<meta name=\"description\" content=\"Debate sobre pol\u00edtica energ\u00e9tica y medioambiental en el Colegio de Ge\u00f3logos.\" \/>\r\n<meta name=\"robots\" content=\"index, follow, max-snippet:-1, max-image-preview:large, max-video-preview:-1\" \/>\r\n<link rel=\"canonical\" href=\"https:\/\/www.icog.es\/TyT\/index.php\/2019\/04\/psoe-y-pp-exponen-sus-diferencias-en-transicion-energetica\/\" \/>\r\n<meta property=\"og:locale\" content=\"es_ES\" \/>\r\n<meta property=\"og:type\" content=\"article\" \/>\r\n<meta property=\"og:title\" content=\"PSOE y PP exponen sus diferencias en transici\u00f3n energ\u00e9tica - Tierra y Tecnolog\u00eda\" \/>\r\n<meta property=\"og:description\" content=\"Debate sobre pol\u00edtica energ\u00e9tica y medioambiental en el Colegio de Ge\u00f3logos.\" \/>\r\n<meta property=\"og:url\" content=\"https:\/\/www.icog.es\/TyT\/index.php\/2019\/04\/psoe-y-pp-exponen-sus-diferencias-en-transicion-energetica\/\" \/>\r\n<meta property=\"og:site_name\" content=\"Tierra y Tecnolog\u00eda\" \/>\r\n<meta property=\"article:publisher\" content=\"https:\/\/www.facebook.com\/CGEOLOGOS\" \/>\r\n<meta property=\"article:author\" content=\"https:\/\/www.facebook.com\/CGEOLOGOS\" \/>\r\n<meta property=\"article:published_time\" content=\"2019-04-14T09:02:18+00:00\" \/>\r\n<meta property=\"article:modified_time\" content=\"2019-04-26T10:53:18+00:00\" \/>\r\n<meta property=\"og:image\" content=\"https:\/\/www.icog.es\/TyT\/wp-content\/uploads\/2019\/04\/sddefault.jpg\" \/>\r\n\t<meta property=\"og:image:width\" content=\"640\" \/>\r\n\t<meta property=\"og:image:height\" content=\"480\" \/>\r\n\t<meta property=\"og:image:type\" content=\"image\/jpeg\" \/>\r\n<meta name=\"author\" content=\"Redacci\u00f3n\" \/>\r\n<meta name=\"twitter:card\" content=\"summary_large_image\" \/>\r\n<meta name=\"twitter:creator\" content=\"@https:\/\/twitter.com\/cgeologos\" \/>\r\n<meta name=\"twitter:site\" content=\"@cgeologos\" \/>\r\n<meta name=\"twitter:label1\" content=\"Escrito por\" \/>\n\t<meta name=\"twitter:data1\" content=\"Redacci\u00f3n\" \/>\n\t<meta name=\"twitter:label2\" content=\"Tiempo de lectura\" \/>\n\t<meta name=\"twitter:data2\" content=\"4 minutos\" \/>\r\n<script type=\"application\/ld+json\" class=\"yoast-schema-graph\">{\"@context\":\"https:\/\/schema.org\",\"@graph\":[{\"@type\":\"Article\",\"@id\":\"https:\/\/www.icog.es\/TyT\/index.php\/2019\/04\/psoe-y-pp-exponen-sus-diferencias-en-transicion-energetica\/#article\",\"isPartOf\":{\"@id\":\"https:\/\/www.icog.es\/TyT\/index.php\/2019\/04\/psoe-y-pp-exponen-sus-diferencias-en-transicion-energetica\/\"},\"author\":{\"name\":\"Redacci\u00f3n\",\"@id\":\"https:\/\/www.icog.es\/TyT\/#\/schema\/person\/590cfb5c1b7b4e4b350d60316033e853\"},\"headline\":\"PSOE y PP exponen sus diferencias en transici\u00f3n energ\u00e9tica\",\"datePublished\":\"2019-04-14T09:02:18+00:00\",\"dateModified\":\"2019-04-26T10:53:18+00:00\",\"mainEntityOfPage\":{\"@id\":\"https:\/\/www.icog.es\/TyT\/index.php\/2019\/04\/psoe-y-pp-exponen-sus-diferencias-en-transicion-energetica\/\"},\"wordCount\":838,\"commentCount\":0,\"publisher\":{\"@id\":\"https:\/\/www.icog.es\/TyT\/#organization\"},\"image\":{\"@id\":\"https:\/\/www.icog.es\/TyT\/index.php\/2019\/04\/psoe-y-pp-exponen-sus-diferencias-en-transicion-energetica\/#primaryimage\"},\"thumbnailUrl\":\"https:\/\/www.icog.es\/TyT\/wp-content\/uploads\/2019\/04\/sddefault.jpg\",\"keywords\":[\"energ\u00eda\",\"medio ambiente\",\"pol\u00edtica energ\u00e9tica\"],\"articleSection\":[\"Comunicado ICOG\",\"Geoforo\",\"T&amp;T 53\"],\"inLanguage\":\"es\",\"potentialAction\":[{\"@type\":\"CommentAction\",\"name\":\"Comment\",\"target\":[\"https:\/\/www.icog.es\/TyT\/index.php\/2019\/04\/psoe-y-pp-exponen-sus-diferencias-en-transicion-energetica\/#respond\"]}]},{\"@type\":\"WebPage\",\"@id\":\"https:\/\/www.icog.es\/TyT\/index.php\/2019\/04\/psoe-y-pp-exponen-sus-diferencias-en-transicion-energetica\/\",\"url\":\"https:\/\/www.icog.es\/TyT\/index.php\/2019\/04\/psoe-y-pp-exponen-sus-diferencias-en-transicion-energetica\/\",\"name\":\"PSOE y PP exponen sus diferencias en transici\u00f3n energ\u00e9tica - Tierra y Tecnolog\u00eda\",\"isPartOf\":{\"@id\":\"https:\/\/www.icog.es\/TyT\/#website\"},\"primaryImageOfPage\":{\"@id\":\"https:\/\/www.icog.es\/TyT\/index.php\/2019\/04\/psoe-y-pp-exponen-sus-diferencias-en-transicion-energetica\/#primaryimage\"},\"image\":{\"@id\":\"https:\/\/www.icog.es\/TyT\/index.php\/2019\/04\/psoe-y-pp-exponen-sus-diferencias-en-transicion-energetica\/#primaryimage\"},\"thumbnailUrl\":\"https:\/\/www.icog.es\/TyT\/wp-content\/uploads\/2019\/04\/sddefault.jpg\",\"datePublished\":\"2019-04-14T09:02:18+00:00\",\"dateModified\":\"2019-04-26T10:53:18+00:00\",\"description\":\"Debate sobre pol\u00edtica energ\u00e9tica y medioambiental en el Colegio de Ge\u00f3logos.\",\"breadcrumb\":{\"@id\":\"https:\/\/www.icog.es\/TyT\/index.php\/2019\/04\/psoe-y-pp-exponen-sus-diferencias-en-transicion-energetica\/#breadcrumb\"},\"inLanguage\":\"es\",\"potentialAction\":[{\"@type\":\"ReadAction\",\"target\":[\"https:\/\/www.icog.es\/TyT\/index.php\/2019\/04\/psoe-y-pp-exponen-sus-diferencias-en-transicion-energetica\/\"]}]},{\"@type\":\"ImageObject\",\"inLanguage\":\"es\",\"@id\":\"https:\/\/www.icog.es\/TyT\/index.php\/2019\/04\/psoe-y-pp-exponen-sus-diferencias-en-transicion-energetica\/#primaryimage\",\"url\":\"https:\/\/www.icog.es\/TyT\/wp-content\/uploads\/2019\/04\/sddefault.jpg\",\"contentUrl\":\"https:\/\/www.icog.es\/TyT\/wp-content\/uploads\/2019\/04\/sddefault.jpg\",\"width\":640,\"height\":480},{\"@type\":\"BreadcrumbList\",\"@id\":\"https:\/\/www.icog.es\/TyT\/index.php\/2019\/04\/psoe-y-pp-exponen-sus-diferencias-en-transicion-energetica\/#breadcrumb\",\"itemListElement\":[{\"@type\":\"ListItem\",\"position\":1,\"name\":\"Portada\",\"item\":\"https:\/\/www.icog.es\/TyT\/\"},{\"@type\":\"ListItem\",\"position\":2,\"name\":\"PSOE y PP exponen sus diferencias en transici\u00f3n energ\u00e9tica\"}]},{\"@type\":\"WebSite\",\"@id\":\"https:\/\/www.icog.es\/TyT\/#website\",\"url\":\"https:\/\/www.icog.es\/TyT\/\",\"name\":\"Tierra y Tecnolog\u00eda\",\"description\":\"Revista de informaci\u00f3n geol\u00f3gica\",\"publisher\":{\"@id\":\"https:\/\/www.icog.es\/TyT\/#organization\"},\"potentialAction\":[{\"@type\":\"SearchAction\",\"target\":{\"@type\":\"EntryPoint\",\"urlTemplate\":\"https:\/\/www.icog.es\/TyT\/?s={search_term_string}\"},\"query-input\":{\"@type\":\"PropertyValueSpecification\",\"valueRequired\":true,\"valueName\":\"search_term_string\"}}],\"inLanguage\":\"es\"},{\"@type\":\"Organization\",\"@id\":\"https:\/\/www.icog.es\/TyT\/#organization\",\"name\":\"Tierra y Tecnolog\u00eda - Colegio de Ge\u00f3logos\",\"url\":\"https:\/\/www.icog.es\/TyT\/\",\"logo\":{\"@type\":\"ImageObject\",\"inLanguage\":\"es\",\"@id\":\"https:\/\/www.icog.es\/TyT\/#\/schema\/logo\/image\/\",\"url\":\"https:\/\/www.icog.es\/TyT\/wp-content\/uploads\/2013\/02\/logotytmini.jpg\",\"contentUrl\":\"https:\/\/www.icog.es\/TyT\/wp-content\/uploads\/2013\/02\/logotytmini.jpg\",\"width\":325,\"height\":127,\"caption\":\"Tierra y Tecnolog\u00eda - Colegio de Ge\u00f3logos\"},\"image\":{\"@id\":\"https:\/\/www.icog.es\/TyT\/#\/schema\/logo\/image\/\"},\"sameAs\":[\"https:\/\/www.facebook.com\/CGEOLOGOS\",\"https:\/\/x.com\/cgeologos\",\"https:\/\/www.linkedin.com\/company\/colegio-oficial-de-ge-logos\",\"https:\/\/www.pinterest.com\/cgeologos\/\",\"http:\/\/www.youtube.com\/ICOGtv\"]},{\"@type\":\"Person\",\"@id\":\"https:\/\/www.icog.es\/TyT\/#\/schema\/person\/590cfb5c1b7b4e4b350d60316033e853\",\"name\":\"Redacci\u00f3n\",\"image\":{\"@type\":\"ImageObject\",\"inLanguage\":\"es\",\"@id\":\"https:\/\/www.icog.es\/TyT\/#\/schema\/person\/image\/\",\"url\":\"https:\/\/secure.gravatar.com\/avatar\/f9c0ac81b2e8e690bee30ac3b42bf27f02e8dedc49686b871256e17dc7cd000b?s=96&d=identicon&r=g\",\"contentUrl\":\"https:\/\/secure.gravatar.com\/avatar\/f9c0ac81b2e8e690bee30ac3b42bf27f02e8dedc49686b871256e17dc7cd000b?s=96&d=identicon&r=g\",\"caption\":\"Redacci\u00f3n\"},\"description\":\"Tierra y Tecnolog\u00eda es una publicaci\u00f3n del Ilustre Colegio Oficial de Ge\u00f3logos (ICOG). El ICOG es una instituci\u00f3n sin finalidad lucrativa creada para la defensa y apoyo de los intereses de los Ge\u00f3logos, creada por Ley 73\/1978 de 26 de Diciembre, es una corporaci\u00f3n de Derecho P\u00fablico, amparada por Ley y reconocida por el Estado, con personalidad jur\u00eddica propia y capacidad plena para el ejercicio de sus funciones y cumplimiento de sus fines.\",\"sameAs\":[\"https:\/\/cgeologos.es\",\"https:\/\/www.facebook.com\/CGEOLOGOS\",\"https:\/\/www.linkedin.com\/company\/313811\",\"https:\/\/x.com\/https:\/\/twitter.com\/cgeologos\",\"http:\/\/www.youtube.com\/ICOGtv\"],\"url\":\"https:\/\/www.icog.es\/TyT\/index.php\/author\/jl-barrera\/\"}]}<\/script>\r\n<!-- \/ Yoast SEO plugin. -->","yoast_head_json":{"title":"PSOE y PP exponen sus diferencias en transici\u00f3n energ\u00e9tica - Tierra y Tecnolog\u00eda","description":"Debate sobre pol\u00edtica energ\u00e9tica y medioambiental en el Colegio de Ge\u00f3logos.","robots":{"index":"index","follow":"follow","max-snippet":"max-snippet:-1","max-image-preview":"max-image-preview:large","max-video-preview":"max-video-preview:-1"},"canonical":"https:\/\/www.icog.es\/TyT\/index.php\/2019\/04\/psoe-y-pp-exponen-sus-diferencias-en-transicion-energetica\/","og_locale":"es_ES","og_type":"article","og_title":"PSOE y PP exponen sus diferencias en transici\u00f3n energ\u00e9tica - Tierra y Tecnolog\u00eda","og_description":"Debate sobre pol\u00edtica energ\u00e9tica y medioambiental en el Colegio de Ge\u00f3logos.","og_url":"https:\/\/www.icog.es\/TyT\/index.php\/2019\/04\/psoe-y-pp-exponen-sus-diferencias-en-transicion-energetica\/","og_site_name":"Tierra y Tecnolog\u00eda","article_publisher":"https:\/\/www.facebook.com\/CGEOLOGOS","article_author":"https:\/\/www.facebook.com\/CGEOLOGOS","article_published_time":"2019-04-14T09:02:18+00:00","article_modified_time":"2019-04-26T10:53:18+00:00","og_image":[{"width":640,"height":480,"url":"https:\/\/www.icog.es\/TyT\/wp-content\/uploads\/2019\/04\/sddefault.jpg","type":"image\/jpeg"}],"author":"Redacci\u00f3n","twitter_card":"summary_large_image","twitter_creator":"@https:\/\/twitter.com\/cgeologos","twitter_site":"@cgeologos","twitter_misc":{"Escrito por":"Redacci\u00f3n","Tiempo de lectura":"4 minutos"},"schema":{"@context":"https:\/\/schema.org","@graph":[{"@type":"Article","@id":"https:\/\/www.icog.es\/TyT\/index.php\/2019\/04\/psoe-y-pp-exponen-sus-diferencias-en-transicion-energetica\/#article","isPartOf":{"@id":"https:\/\/www.icog.es\/TyT\/index.php\/2019\/04\/psoe-y-pp-exponen-sus-diferencias-en-transicion-energetica\/"},"author":{"name":"Redacci\u00f3n","@id":"https:\/\/www.icog.es\/TyT\/#\/schema\/person\/590cfb5c1b7b4e4b350d60316033e853"},"headline":"PSOE y PP exponen sus diferencias en transici\u00f3n energ\u00e9tica","datePublished":"2019-04-14T09:02:18+00:00","dateModified":"2019-04-26T10:53:18+00:00","mainEntityOfPage":{"@id":"https:\/\/www.icog.es\/TyT\/index.php\/2019\/04\/psoe-y-pp-exponen-sus-diferencias-en-transicion-energetica\/"},"wordCount":838,"commentCount":0,"publisher":{"@id":"https:\/\/www.icog.es\/TyT\/#organization"},"image":{"@id":"https:\/\/www.icog.es\/TyT\/index.php\/2019\/04\/psoe-y-pp-exponen-sus-diferencias-en-transicion-energetica\/#primaryimage"},"thumbnailUrl":"https:\/\/www.icog.es\/TyT\/wp-content\/uploads\/2019\/04\/sddefault.jpg","keywords":["energ\u00eda","medio ambiente","pol\u00edtica energ\u00e9tica"],"articleSection":["Comunicado ICOG","Geoforo","T&amp;T 53"],"inLanguage":"es","potentialAction":[{"@type":"CommentAction","name":"Comment","target":["https:\/\/www.icog.es\/TyT\/index.php\/2019\/04\/psoe-y-pp-exponen-sus-diferencias-en-transicion-energetica\/#respond"]}]},{"@type":"WebPage","@id":"https:\/\/www.icog.es\/TyT\/index.php\/2019\/04\/psoe-y-pp-exponen-sus-diferencias-en-transicion-energetica\/","url":"https:\/\/www.icog.es\/TyT\/index.php\/2019\/04\/psoe-y-pp-exponen-sus-diferencias-en-transicion-energetica\/","name":"PSOE y PP exponen sus diferencias en transici\u00f3n energ\u00e9tica - Tierra y Tecnolog\u00eda","isPartOf":{"@id":"https:\/\/www.icog.es\/TyT\/#website"},"primaryImageOfPage":{"@id":"https:\/\/www.icog.es\/TyT\/index.php\/2019\/04\/psoe-y-pp-exponen-sus-diferencias-en-transicion-energetica\/#primaryimage"},"image":{"@id":"https:\/\/www.icog.es\/TyT\/index.php\/2019\/04\/psoe-y-pp-exponen-sus-diferencias-en-transicion-energetica\/#primaryimage"},"thumbnailUrl":"https:\/\/www.icog.es\/TyT\/wp-content\/uploads\/2019\/04\/sddefault.jpg","datePublished":"2019-04-14T09:02:18+00:00","dateModified":"2019-04-26T10:53:18+00:00","description":"Debate sobre pol\u00edtica energ\u00e9tica y medioambiental en el Colegio de Ge\u00f3logos.","breadcrumb":{"@id":"https:\/\/www.icog.es\/TyT\/index.php\/2019\/04\/psoe-y-pp-exponen-sus-diferencias-en-transicion-energetica\/#breadcrumb"},"inLanguage":"es","potentialAction":[{"@type":"ReadAction","target":["https:\/\/www.icog.es\/TyT\/index.php\/2019\/04\/psoe-y-pp-exponen-sus-diferencias-en-transicion-energetica\/"]}]},{"@type":"ImageObject","inLanguage":"es","@id":"https:\/\/www.icog.es\/TyT\/index.php\/2019\/04\/psoe-y-pp-exponen-sus-diferencias-en-transicion-energetica\/#primaryimage","url":"https:\/\/www.icog.es\/TyT\/wp-content\/uploads\/2019\/04\/sddefault.jpg","contentUrl":"https:\/\/www.icog.es\/TyT\/wp-content\/uploads\/2019\/04\/sddefault.jpg","width":640,"height":480},{"@type":"BreadcrumbList","@id":"https:\/\/www.icog.es\/TyT\/index.php\/2019\/04\/psoe-y-pp-exponen-sus-diferencias-en-transicion-energetica\/#breadcrumb","itemListElement":[{"@type":"ListItem","position":1,"name":"Portada","item":"https:\/\/www.icog.es\/TyT\/"},{"@type":"ListItem","position":2,"name":"PSOE y PP exponen sus diferencias en transici\u00f3n energ\u00e9tica"}]},{"@type":"WebSite","@id":"https:\/\/www.icog.es\/TyT\/#website","url":"https:\/\/www.icog.es\/TyT\/","name":"Tierra y Tecnolog\u00eda","description":"Revista de informaci\u00f3n geol\u00f3gica","publisher":{"@id":"https:\/\/www.icog.es\/TyT\/#organization"},"potentialAction":[{"@type":"SearchAction","target":{"@type":"EntryPoint","urlTemplate":"https:\/\/www.icog.es\/TyT\/?s={search_term_string}"},"query-input":{"@type":"PropertyValueSpecification","valueRequired":true,"valueName":"search_term_string"}}],"inLanguage":"es"},{"@type":"Organization","@id":"https:\/\/www.icog.es\/TyT\/#organization","name":"Tierra y Tecnolog\u00eda - Colegio de Ge\u00f3logos","url":"https:\/\/www.icog.es\/TyT\/","logo":{"@type":"ImageObject","inLanguage":"es","@id":"https:\/\/www.icog.es\/TyT\/#\/schema\/logo\/image\/","url":"https:\/\/www.icog.es\/TyT\/wp-content\/uploads\/2013\/02\/logotytmini.jpg","contentUrl":"https:\/\/www.icog.es\/TyT\/wp-content\/uploads\/2013\/02\/logotytmini.jpg","width":325,"height":127,"caption":"Tierra y Tecnolog\u00eda - Colegio de Ge\u00f3logos"},"image":{"@id":"https:\/\/www.icog.es\/TyT\/#\/schema\/logo\/image\/"},"sameAs":["https:\/\/www.facebook.com\/CGEOLOGOS","https:\/\/x.com\/cgeologos","https:\/\/www.linkedin.com\/company\/colegio-oficial-de-ge-logos","https:\/\/www.pinterest.com\/cgeologos\/","http:\/\/www.youtube.com\/ICOGtv"]},{"@type":"Person","@id":"https:\/\/www.icog.es\/TyT\/#\/schema\/person\/590cfb5c1b7b4e4b350d60316033e853","name":"Redacci\u00f3n","image":{"@type":"ImageObject","inLanguage":"es","@id":"https:\/\/www.icog.es\/TyT\/#\/schema\/person\/image\/","url":"https:\/\/secure.gravatar.com\/avatar\/f9c0ac81b2e8e690bee30ac3b42bf27f02e8dedc49686b871256e17dc7cd000b?s=96&d=identicon&r=g","contentUrl":"https:\/\/secure.gravatar.com\/avatar\/f9c0ac81b2e8e690bee30ac3b42bf27f02e8dedc49686b871256e17dc7cd000b?s=96&d=identicon&r=g","caption":"Redacci\u00f3n"},"description":"Tierra y Tecnolog\u00eda es una publicaci\u00f3n del Ilustre Colegio Oficial de Ge\u00f3logos (ICOG). El ICOG es una instituci\u00f3n sin finalidad lucrativa creada para la defensa y apoyo de los intereses de los Ge\u00f3logos, creada por Ley 73\/1978 de 26 de Diciembre, es una corporaci\u00f3n de Derecho P\u00fablico, amparada por Ley y reconocida por el Estado, con personalidad jur\u00eddica propia y capacidad plena para el ejercicio de sus funciones y cumplimiento de sus fines.","sameAs":["https:\/\/cgeologos.es","https:\/\/www.facebook.com\/CGEOLOGOS","https:\/\/www.linkedin.com\/company\/313811","https:\/\/x.com\/https:\/\/twitter.com\/cgeologos","http:\/\/www.youtube.com\/ICOGtv"],"url":"https:\/\/www.icog.es\/TyT\/index.php\/author\/jl-barrera\/"}]}},"_links":{"self":[{"href":"https:\/\/www.icog.es\/TyT\/index.php\/wp-json\/wp\/v2\/posts\/10275","targetHints":{"allow":["GET"]}}],"collection":[{"href":"https:\/\/www.icog.es\/TyT\/index.php\/wp-json\/wp\/v2\/posts"}],"about":[{"href":"https:\/\/www.icog.es\/TyT\/index.php\/wp-json\/wp\/v2\/types\/post"}],"author":[{"embeddable":true,"href":"https:\/\/www.icog.es\/TyT\/index.php\/wp-json\/wp\/v2\/users\/2"}],"replies":[{"embeddable":true,"href":"https:\/\/www.icog.es\/TyT\/index.php\/wp-json\/wp\/v2\/comments?post=10275"}],"version-history":[{"count":1,"href":"https:\/\/www.icog.es\/TyT\/index.php\/wp-json\/wp\/v2\/posts\/10275\/revisions"}],"predecessor-version":[{"id":10277,"href":"https:\/\/www.icog.es\/TyT\/index.php\/wp-json\/wp\/v2\/posts\/10275\/revisions\/10277"}],"wp:featuredmedia":[{"embeddable":true,"href":"https:\/\/www.icog.es\/TyT\/index.php\/wp-json\/wp\/v2\/media\/10349"}],"wp:attachment":[{"href":"https:\/\/www.icog.es\/TyT\/index.php\/wp-json\/wp\/v2\/media?parent=10275"}],"wp:term":[{"taxonomy":"category","embeddable":true,"href":"https:\/\/www.icog.es\/TyT\/index.php\/wp-json\/wp\/v2\/categories?post=10275"},{"taxonomy":"post_tag","embeddable":true,"href":"https:\/\/www.icog.es\/TyT\/index.php\/wp-json\/wp\/v2\/tags?post=10275"}],"curies":[{"name":"wp","href":"https:\/\/api.w.org\/{rel}","templated":true}]}}