{"id":10257,"date":"2019-04-16T08:17:07","date_gmt":"2019-04-16T08:17:07","guid":{"rendered":"https:\/\/www.icog.es\/TyT\/?p=10257"},"modified":"2019-05-27T11:52:25","modified_gmt":"2019-05-27T11:52:25","slug":"el-terremoto-de-laquila-italia-de-2009-un-resumen-10-anos-despues","status":"publish","type":"post","link":"https:\/\/www.icog.es\/TyT\/index.php\/2019\/04\/el-terremoto-de-laquila-italia-de-2009-un-resumen-10-anos-despues\/","title":{"rendered":"El terremoto de L\u2019Aquila (Italia) de 2009: un resumen 10 a\u00f1os despu\u00e9s"},"content":{"rendered":"\n<div class=\"wp-block-image\"><figure class=\"alignleft is-resized\"><img loading=\"lazy\" decoding=\"async\" src=\"https:\/\/www.icog.es\/TyT\/wp-content\/uploads\/2019\/04\/l.pasqualini-.jpg\" alt=\"\" class=\"wp-image-10258\" width=\"155\" height=\"140\" srcset=\"https:\/\/www.icog.es\/TyT\/wp-content\/uploads\/2019\/04\/l.pasqualini-.jpg 500w, https:\/\/www.icog.es\/TyT\/wp-content\/uploads\/2019\/04\/l.pasqualini--300x272.jpg 300w, https:\/\/www.icog.es\/TyT\/wp-content\/uploads\/2019\/04\/l.pasqualini--464x420.jpg 464w\" sizes=\"auto, (max-width: 155px) 100vw, 155px\" \/><\/figure><\/div>\n\n\n\n<p>Tierra y Tecnolog\u00eda n\u00ba 53 | <strong>Autor<\/strong>: <a rel=\"noreferrer noopener\" aria-label=\"Lorenzo Pasqualini (abre en una nueva pesta\u00f1a)\" href=\"https:\/\/www.linkedin.com\/in\/lorenzo-pasqualini\/\" target=\"_blank\">Lorenzo Pasqualini<\/a>. Periodista italiano licenciado en Geolog\u00eda con m\u00e1ster en Geolog\u00eda aplicada a la Ingenier\u00eda y a los Riesgos Geol\u00f3gicos. Colabora con peri\u00f3dicos italianos y espa\u00f1oles ocup\u00e1ndose de divulgaci\u00f3n de la ciencia y tambi\u00e9n de noticias de actualidad de Italia y Espa\u00f1a | DOI  <a href=\"https:\/\/www.icog.es\/TyT\/index.php\/2019\/04\/el-terremoto-de-laquila-italia-de-2009-un-resumen-10-anos-despues\/\" target=\"_blank\" rel=\"noreferrer noopener\" aria-label=\"https:\/\/dx.doi.org\/10.21028\/lp.2019.04.16 (abre en una nueva pesta\u00f1a)\">https:\/\/dx.doi.org\/10.21028\/lp.2019.04.16<\/a> <\/p>\n\n\n\n<hr class=\"wp-block-separator\"\/>\n\n\n\n<p>El 6 de abril de 2009, a las 3:32 de la noche, un terremoto de magnitud momento Mw 6.3 con epicentro a 2 km al suroeste de L\u2019Aquila e hipocentro a una profundidad de 8,8 km (datos del Instituto Nacional de Geof\u00edsica y Vulcanolog\u00eda italiano, INGV) sacudi\u00f3 el centro de Italia, en particular la zona del medio y alto valle del r\u00edo Aterno, en la regi\u00f3n de Abruzos. El terremoto caus\u00f3 da\u00f1os muy graves en la ciudad de L\u2019Aquila, donde en 2009 resid\u00edan casi setenta mil habitantes, y en decenas de centros menores. Trescientas nueve personas murieron por los derrumbes, hubo mil setecientos heridos y setenta mil personas se quedaron sin hogar. <\/p>\n\n\n\n<div class=\"wp-block-image\"><figure class=\"aligncenter\"><img loading=\"lazy\" decoding=\"async\" width=\"512\" height=\"421\" src=\"https:\/\/www.icog.es\/TyT\/wp-content\/uploads\/2019\/04\/aquila1.jpg\" alt=\"\" class=\"wp-image-10260\" srcset=\"https:\/\/www.icog.es\/TyT\/wp-content\/uploads\/2019\/04\/aquila1.jpg 512w, https:\/\/www.icog.es\/TyT\/wp-content\/uploads\/2019\/04\/aquila1-300x247.jpg 300w, https:\/\/www.icog.es\/TyT\/wp-content\/uploads\/2019\/04\/aquila1-511x420.jpg 511w\" sizes=\"auto, (max-width: 512px) 100vw, 512px\" \/><figcaption>Figura 1. Epicentro del terremoto Mw 6.3 del 6 de abril de 2009. (INGV).<\/figcaption><\/figure><\/div>\n\n\n\n<p>El evento es recordado como \u201cterremoto de L\u2019Aquila\u201d, aunque fueron muchos los centros m\u00e1s peque\u00f1os que sufrieron graves da\u00f1os. &nbsp;<\/p>\n\n\n\n<p>El \u00e1rea afectada se sit\u00faa a lo largo de la cordillera central de los Apeninos, entre el macizo del Gran Sasso (cuya cumbre m\u00e1s alta es el Corno Grande, 2.912 m) y la cordillera del Sirente-Velino (cumbre m\u00e1s alta, Monte Velino: 2.487 m). <\/p>\n\n\n\n<h4 class=\"wp-block-heading\"><strong>La magnitud del terremoto<\/strong><\/h4>\n\n\n\n<p>Los datos de magnitud momento del terremoto del 6 de abril oscilan entre Mw 6,1 y Mw 6,3. La magnitud momento es indicada con Mw 6.1 en el Bollettino Sismico Italiano, BSI. En el Catalogo Parametrico dei Terremoti Italiani 2015 (CPTI15) y en el European-Mediterranean Regional Centroid-Moment Tensors (RCMT), se indica una magnitud Mw: 6,3. La magnitud local Ml (Richter) del terremoto del 6 de abril ha sido estimada en 5,9 (+\/-0.2). Sin embargo, se considera que la magnitud momento da una mejor estima de las reales dimensiones de un terremoto moderado o fuerte, porque tiene en cuenta las dimensiones de la zona donde ocurre la ruptura. Por esto se prefiere utilizar el dato de magnitud momento Mw.<\/p>\n\n\n\n<h4 class=\"wp-block-heading\"><strong>El enjambre s\u00edsmico anterior al 6 de abril y\nlas sacudidas posteriores<\/strong><\/h4>\n\n\n\n<p>El terremoto del 6 de abril hab\u00eda sido precedido por un enjambre s\u00edsmico que, seg\u00fan los estudios publicado por el INGV, hab\u00eda empezado en enero de 2009. Los eventos con mayor magnitud hab\u00edan ocurrido el 30 de marzo de 2009 (Ml 4.3) y la noche del 5 de abril, poco antes de la sacudida principal (Ml 4,1 y 3,5). Debido a estas dos \u00faltimas sacudidas, que ocurrieron respectivamente a las 22:48 del 5 y a las 00:39 del 6, muchas personas decidieron pasar la noche en los coches, una pr\u00e1ctica bastante habitual en las zonas s\u00edsmicas de Italia durante episodios como este. Probablemente, este comportamiento redujo el n\u00famero de posibles v\u00edctimas. Adem\u00e1s, si el terremoto m\u00e1s fuerte hubiese ocurrido de d\u00eda, habr\u00eda podido causar m\u00e1s v\u00edctimas: algunos edificios p\u00fablicos, incluido algunas escuelas y la prefectura, sufrieron graves da\u00f1os.<\/p>\n\n\n\n<div class=\"wp-block-image\"><figure class=\"aligncenter\"><img loading=\"lazy\" decoding=\"async\" width=\"1024\" height=\"724\" src=\"https:\/\/www.icog.es\/TyT\/wp-content\/uploads\/2019\/04\/aquila2-1024x724.jpg\" alt=\"\" class=\"wp-image-10261\" srcset=\"https:\/\/www.icog.es\/TyT\/wp-content\/uploads\/2019\/04\/aquila2.jpg 1024w, https:\/\/www.icog.es\/TyT\/wp-content\/uploads\/2019\/04\/aquila2-300x212.jpg 300w, https:\/\/www.icog.es\/TyT\/wp-content\/uploads\/2019\/04\/aquila2-768x543.jpg 768w, https:\/\/www.icog.es\/TyT\/wp-content\/uploads\/2019\/04\/aquila2-100x70.jpg 100w, https:\/\/www.icog.es\/TyT\/wp-content\/uploads\/2019\/04\/aquila2-696x492.jpg 696w, https:\/\/www.icog.es\/TyT\/wp-content\/uploads\/2019\/04\/aquila2-594x420.jpg 594w\" sizes=\"auto, (max-width: 1024px) 100vw, 1024px\" \/><figcaption>Figura 2. La secuencia s\u00edsmica de L\u2019Aquila actualizada al septiembre de 2009 (INGV)<\/figcaption><\/figure><\/div>\n\n\n\n<p>Sin embargo, hay que tener en cuenta tambi\u00e9n el efecto que podr\u00eda haber tenido el mensaje tranquilizador previo al se\u00edsmo, por parte de los medios y de algunas autoridades. Un problema de comunicaci\u00f3n que conllev\u00f3 al famoso \u201c<a href=\"https:\/\/www.aecomunicacioncientifica.org\/terremoto-laquila-6-abril-2009-el-cortocircuito-de-la-comunicacion\/\" target=\"_blank\" rel=\"noreferrer noopener\" aria-label=\"juicio de L\u2019Aquila (abre en una nueva pesta\u00f1a)\">juicio de L\u2019Aquila<\/a>\u201d.<\/p>\n\n\n\n<p>Despu\u00e9s del terremoto de L\u2019Aquila de las 3:32 del 6 de abril, se verificaron otros eventos importantes: entre el 7 de abril y el 13 de abril hubo cinco eventos con magnitud momento superior a 5.0. <\/p>\n\n\n\n<h4 class=\"wp-block-heading\"><strong>Encuadramiento geol\u00f3gico de la zona afectada<\/strong><\/h4>\n\n\n\n<p>El \u00e1rea afectada por el terremoto se sit\u00faa a\nlo largo de la cordillera de los Apeninos. Se trata de monta\u00f1as j\u00f3venes y en\ncontinua evoluci\u00f3n, que se han formado por la colisi\u00f3n de la placa eurasi\u00e1tica\ncon la microplaca \u00c1dria. La formaci\u00f3n de los Apeninos, cuyo comienzo se remonta\na hace 30 millones de a\u00f1os, es muy reciente geol\u00f3gicamente. La \u00faltima fase de\nsu levantamiento est\u00e1 vinculada con la apertura del Mar Tirreno, que empez\u00f3\nhace tan solo 8 millones de a\u00f1os. Un tiempo muy reciente desde un punto de\nvista geol\u00f3gico. Durante la \u00faltima parte de la orog\u00e9nesis se instaur\u00f3 un\nsistema <em>fold-and-thrust<\/em> con migraci\u00f3n hacia el este, todav\u00eda activo, con\nformaci\u00f3n de unidades tect\u00f3nicas complejas. Los sistemas <em>fold and thrust<\/em>\nde esta cordillera tienen una orientaci\u00f3n t\u00edpica NO-SE.<\/p>\n\n\n\n<p>En la parte m\u00e1s oriental el sistema es caracterizado actualmente por compresi\u00f3n (v\u00e9ase el grande sistema monta\u00f1osos del Gran Sasso), mientras en la parte m\u00e1s occidental de la cordillera son activos procesos de distensi\u00f3n que han llevado a la formaci\u00f3n de cuencas tect\u00f3nicas donde se ubican importantes centros habitados (Norcia, L\u2019Aquila, Rieti, Terni, Sulmona, Avezzano). A lo largo de estos sistemas distensivos se concentran los fuertes terremotos que ocurren en esta regi\u00f3n.<\/p>\n\n\n\n<div class=\"wp-block-image\"><figure class=\"aligncenter\"><img loading=\"lazy\" decoding=\"async\" width=\"1024\" height=\"685\" src=\"https:\/\/www.icog.es\/TyT\/wp-content\/uploads\/2019\/04\/aquila3-1024x685.jpg\" alt=\"\" class=\"wp-image-10262\" srcset=\"https:\/\/www.icog.es\/TyT\/wp-content\/uploads\/2019\/04\/aquila3-1024x685.jpg 1024w, https:\/\/www.icog.es\/TyT\/wp-content\/uploads\/2019\/04\/aquila3-300x201.jpg 300w, https:\/\/www.icog.es\/TyT\/wp-content\/uploads\/2019\/04\/aquila3-768x514.jpg 768w, https:\/\/www.icog.es\/TyT\/wp-content\/uploads\/2019\/04\/aquila3-696x466.jpg 696w, https:\/\/www.icog.es\/TyT\/wp-content\/uploads\/2019\/04\/aquila3-1068x714.jpg 1068w, https:\/\/www.icog.es\/TyT\/wp-content\/uploads\/2019\/04\/aquila3-628x420.jpg 628w, https:\/\/www.icog.es\/TyT\/wp-content\/uploads\/2019\/04\/aquila3.jpg 1299w\" sizes=\"auto, (max-width: 1024px) 100vw, 1024px\" \/><figcaption>Figura 3. La ciudad de L\u2019Aquila y el macizo del monte Gran Sasso en marzo de 2019 (foto L.Pasqualini)<\/figcaption><\/figure><\/div>\n\n\n\n<p>La cordillera est\u00e1 formada por rocas\nsedimentar\u00edas, que en los Apeninos centro-meridionales suelen ser carbon\u00e1ticas,\ndando lugar tambi\u00e9n a importantes fen\u00f3menos de k\u00e1rst.<\/p>\n\n\n\n<p>La peligrosidad s\u00edsmica en los Apeninos es\nmuy elevada debido a la presencia de un gran n\u00famero de fallas sismog\u00e9nicas, que\nhan sido mapeadas y reunidas en una base de datos disponible online (DISS\nWorking Group, 2018). Estas fallas son capaces de generar eventos s\u00edsmicos que\npueden alcanzar una magnitud Mw: 7,0 . La energ\u00eda de estos terremotos, junto\ncon la superficialidad del hipocentro y la presencia de centros habitados (con\ngran n\u00famero de edificios antiguos y por esto m\u00e1s vulnerables), justo en el \u00e1rea\ndel epicentro, hace que los efectos puedan ser catastr\u00f3ficos. <\/p>\n\n\n\n<p>La zona de L&#8217;Aquila, as\u00ed como toda la cordillera de los Apeninos centro-meridionales, se sit\u00faa entre las m\u00e1s peligrosas en el mapa de peligrosidad s\u00edsmico italiano. Un mapa en el cual Italia ha sido dividida en 4 zonas con peligrosidad creciente. La zona 1 es la m\u00e1s peligrosa, y es donde la normativa para los nuevos edificios y para las obras de reforma de edificios es muy estricta. En la zona 4 la peligrosidad es m\u00ednima.<\/p>\n\n\n\n<div class=\"wp-block-image\"><figure class=\"aligncenter\"><img loading=\"lazy\" decoding=\"async\" width=\"641\" height=\"425\" src=\"https:\/\/www.icog.es\/TyT\/wp-content\/uploads\/2019\/04\/aquila4.jpg\" alt=\"\" class=\"wp-image-10263\" srcset=\"https:\/\/www.icog.es\/TyT\/wp-content\/uploads\/2019\/04\/aquila4.jpg 641w, https:\/\/www.icog.es\/TyT\/wp-content\/uploads\/2019\/04\/aquila4-300x199.jpg 300w, https:\/\/www.icog.es\/TyT\/wp-content\/uploads\/2019\/04\/aquila4-633x420.jpg 633w\" sizes=\"auto, (max-width: 641px) 100vw, 641px\" \/><figcaption>Figura 4. Fallas sismog\u00e9nicas de Italia. DISS 2018.<\/figcaption><\/figure><\/div>\n\n\n\n<h4 class=\"wp-block-heading\"><strong>La reciente historia s\u00edsmica de Italia<\/strong><\/h4>\n\n\n\n<p>Por n\u00famero de v\u00edctimas y cantidad de da\u00f1os, el terremoto de L&#8217;Aquila ha sido el peor desastre en Italia despu\u00e9s del terremoto de Irpinia de 1980 (casi tres mil fallecidos). Los \u00faltimos terremotos con v\u00edctimas antes del evento de L\u2019Aquila se hab\u00edan registrado en 2002 y 1997, respectivamente en Molise y en las regiones de Umbr\u00eda y Marcas. En 2012 un nuevo terremoto con v\u00edctimas golpe\u00f3 la regi\u00f3n de Emilia Roma\u00f1a, mientras que, el 24 de agosto de 2016, los Apeninos centrales volvieron a ser sacudidos por un importante terremoto y una serie de fuertes r\u00e9plicas, que causaron 299 v\u00edctimas.<\/p>\n\n\n\n<div class=\"wp-block-image\"><figure class=\"aligncenter\"><img loading=\"lazy\" decoding=\"async\" width=\"500\" height=\"707\" src=\"https:\/\/www.icog.es\/TyT\/wp-content\/uploads\/2019\/04\/aquila5.jpg\" alt=\"\" class=\"wp-image-10264\" srcset=\"https:\/\/www.icog.es\/TyT\/wp-content\/uploads\/2019\/04\/aquila5.jpg 500w, https:\/\/www.icog.es\/TyT\/wp-content\/uploads\/2019\/04\/aquila5-212x300.jpg 212w, https:\/\/www.icog.es\/TyT\/wp-content\/uploads\/2019\/04\/aquila5-297x420.jpg 297w\" sizes=\"auto, (max-width: 500px) 100vw, 500px\" \/><figcaption>Figura 5. Mapa de peligrosidad s\u00edsmica en Italia (INGV).<\/figcaption><\/figure><\/div>\n\n\n\n<h4 class=\"wp-block-heading\"><strong>Terremotos en la historia de L\u2019Aquila<\/strong><\/h4>\n\n\n\n<p>Esta antigua ciudad ha sufrido m\u00e1s veces las\nconsecuencias de fuertes terremotos. Los terremotos m\u00e1s destructivos de los\n\u00faltimos siglos ocurrieron en 1349, 1461 y el 2 de febrero de 1703. Dada la\ncercan\u00eda de L\u2019Aquila a otras zonas s\u00edsmicas, la ciudad ha sido sacudida tambi\u00e9n\npor otros terremotos con epicentro en la regi\u00f3n de Abruzos. El m\u00e1s reciente es\nel terremoto de Avezzano de 1915 (ciudad situada en la Piana del Fucino, a unos\n35 km al sur de L\u2019Aquila), con Mw: 7.0, evento que caus\u00f3 treinta tres mil muertos.\n<\/p>\n\n\n\n<p>Las fechas de los terremotos m\u00e1s antiguos y sus consecuencias son recopiladas en el inmenso Cat\u00e1logo Param\u00e9trico de terremotos italianos, donde se recopila toda la informaci\u00f3n hist\u00f3rica sobre terremotos acontecidos en Italia en los \u00faltimos mil a\u00f1os. Un trabajo de inmenso valor, porque permite detallar los niveles de peligrosidad en el territorio. <\/p>\n\n\n\n<h4 class=\"wp-block-heading\"><strong>Las intensidades del terremoto del 6 de abril<\/strong><\/h4>\n\n\n\n<p>Las intensidades macros\u00edsmicas del terremoto\nde L\u2019Aquila del 6 de abril, es decir los efectos y el impacto del terremoto en\nel territorio, sobre las personas y en las infraestructuras, vari\u00f3 mucho\ndependiendo de las zonas. En un \u00e1rea de varios kil\u00f3metros cuadrados cerca del\nepicentro, se alcanz\u00f3 una intensidad de grado IX-X&nbsp;en la escala MCS (la\nescala de intensidad Mercalli-Cancani-Sieberg). El grado X corresponde a un\nnivel de destrucci\u00f3n casi total. La intensidad m\u00e1xima se registr\u00f3 en los\npueblos de Onna y Castelnuovo (grado IX-X MCS). En el casco antiguo de\nL\u2019Aquila, en San Gregorio, Sant&#8217;Eusanio Forconese, Tempera y Villa Sant&#8217;Angelo\nla intensidad lleg\u00f3 a alcanzar el grado IX MCS. A seguir, decenas de otros\ncentros del valle del r\u00edo Aterno y en la regi\u00f3n de Abruzos experimentaron\nintensidades de grado VIII, VII y VI (CPTI15, Parametric Catalogue of Italian\nEarthquakes 2015).<\/p>\n\n\n\n<p>En general los da\u00f1os m\u00e1s graves se distribuyeron en una direcci\u00f3n NO-SE, de acuerdo con la orientaci\u00f3n de la estructura sismog\u00e9nica, con una fuerte propagaci\u00f3n hacia el SE. (QUEST, 2009. Rapporto sugli effetti del terremoto aquilano del 6 aprile 2009).<\/p>\n\n\n\n<div class=\"wp-block-image\"><figure class=\"aligncenter\"><img loading=\"lazy\" decoding=\"async\" width=\"1024\" height=\"839\" src=\"https:\/\/www.icog.es\/TyT\/wp-content\/uploads\/2019\/04\/aquila6-1024x839.jpg\" alt=\"\" class=\"wp-image-10265\" srcset=\"https:\/\/www.icog.es\/TyT\/wp-content\/uploads\/2019\/04\/aquila6-1024x839.jpg 1024w, https:\/\/www.icog.es\/TyT\/wp-content\/uploads\/2019\/04\/aquila6-300x246.jpg 300w, https:\/\/www.icog.es\/TyT\/wp-content\/uploads\/2019\/04\/aquila6-768x629.jpg 768w, https:\/\/www.icog.es\/TyT\/wp-content\/uploads\/2019\/04\/aquila6-696x570.jpg 696w, https:\/\/www.icog.es\/TyT\/wp-content\/uploads\/2019\/04\/aquila6-1068x875.jpg 1068w, https:\/\/www.icog.es\/TyT\/wp-content\/uploads\/2019\/04\/aquila6-513x420.jpg 513w, https:\/\/www.icog.es\/TyT\/wp-content\/uploads\/2019\/04\/aquila6.jpg 1250w\" sizes=\"auto, (max-width: 1024px) 100vw, 1024px\" \/><figcaption>Figura 6. Intensidades macros\u00edsmicas en el centro de Italia \u2013 terremoto del 6 de abril de 2009 (INGV).<\/figcaption><\/figure><\/div>\n\n\n\n<p>El terremoto del 6 de abril lleg\u00f3 a ser\nadvertido en ciudades situadas a cientos de km de distancia, como N\u00e1poles, Bari,\nFlorencia y Bolonia. M\u00e1s importante el nivel de sacudida en Roma, situada a\nmenos de cien kil\u00f3metros de L\u2019Aquila. All\u00ed muchas personas fueron despertadas\npor las sacudidas, en el coraz\u00f3n de la noche, y la intensidad se situ\u00f3 entre el\nIV y el V grado. La repercusi\u00f3n del evento s\u00edsmico vari\u00f3 mucho dependiendo de\nlos barrios. Una parte de las Termas de Caracalla de Roma sufri\u00f3 leves da\u00f1os, as\u00ed\ncomo un edificio en mal estado, que fue evacuado.<\/p>\n\n\n\n<p>La estimaci\u00f3n de la intensidad del terremoto se bas\u00f3 sobre los datos enviados por miles de personas a trav\u00e9s de la p\u00e1gina web del INGV \u201cHai sentito il terremoto\u201d, donde se puede describir la percepci\u00f3n del evento respondiendo a un cuestionario macros\u00edsmico, y a trav\u00e9s de un trabajo de campo en los centros m\u00e1s da\u00f1ados. <\/p>\n\n\n\n<h4 class=\"wp-block-heading\"><strong>Distinta vulnerabilidad de los edificios<\/strong><\/h4>\n\n\n\n<p>Los investigadores tuvieron dificultad para definir con precisi\u00f3n la intensidad en cada centro, por varios motivos como la distinta vulnerabilidad de los edificios y los efectos de amplificaci\u00f3n local. Respecto al tema de la vulnerabilidad, en los centros habitados los investigadores encontraron grandes diferencias de comportamiento entre los edificios modernos, que sufrieron muchos menos da\u00f1os, y los edificios antiguos construidos en piedra, muchos de los cuales se derrumbaron. En esta zona de Italia, los centros habitados tienen un casco antiguo con casas viejas, de piedra, y zonas m\u00e1s modernas con edificios de hormig\u00f3n armado. En general el da\u00f1o fue mucho m\u00e1s importante en las zonas viejas de los pueblos.<\/p>\n\n\n\n<div class=\"wp-block-image\"><figure class=\"aligncenter\"><img loading=\"lazy\" decoding=\"async\" width=\"1024\" height=\"685\" src=\"https:\/\/www.icog.es\/TyT\/wp-content\/uploads\/2019\/04\/aquila7-1024x685.jpg\" alt=\"\" class=\"wp-image-10266\" srcset=\"https:\/\/www.icog.es\/TyT\/wp-content\/uploads\/2019\/04\/aquila7-1024x685.jpg 1024w, https:\/\/www.icog.es\/TyT\/wp-content\/uploads\/2019\/04\/aquila7-300x201.jpg 300w, https:\/\/www.icog.es\/TyT\/wp-content\/uploads\/2019\/04\/aquila7-768x514.jpg 768w, https:\/\/www.icog.es\/TyT\/wp-content\/uploads\/2019\/04\/aquila7-696x466.jpg 696w, https:\/\/www.icog.es\/TyT\/wp-content\/uploads\/2019\/04\/aquila7-1068x714.jpg 1068w, https:\/\/www.icog.es\/TyT\/wp-content\/uploads\/2019\/04\/aquila7-628x420.jpg 628w, https:\/\/www.icog.es\/TyT\/wp-content\/uploads\/2019\/04\/aquila7.jpg 1299w\" sizes=\"auto, (max-width: 1024px) 100vw, 1024px\" \/><figcaption>Figura 7. Graves da\u00f1os en el casco antiguo de Poggio di Roio (L\u2019Aquila) \u2013 agosto de 2009, foto Lorenzo Pasqualini<\/figcaption><\/figure><\/div>\n\n\n\n<h4 class=\"wp-block-heading\"><strong>El da\u00f1o al patrimonio arquitect\u00f3nico<\/strong><\/h4>\n\n\n\n<p>Los equipos que estudiaron los efectos del\nterremoto en los edificios notaron que las construcciones en hormig\u00f3n armado\nhab\u00edan tenido relativamente pocos da\u00f1os estructurales, y solo en pocos casos se\nhab\u00eda verificado el colapso de la estructura. Hubo colapso en doce edificios de\nL\u2019Aquila, y en cuatro estructuras situadas en otros centros habitados. Los\nedificios de hormig\u00f3n armado que sufrieron colapso fueron relativamente pocos,\npermitiendo a las personas salvarse. Aun as\u00ed, hubo algunos casos, como el\nedificio de via Campo di Fossa (24 fallecidos) o el de la Casa del Estudiante\n(8 fallecidos), en L\u2019Aquila, en los que colapsaron estructuras de hormig\u00f3n\narmado que no habr\u00edan tenido que colapsar, porque construidas con posterioridad\na la aprobaci\u00f3n de las primeras normas de construcci\u00f3n sismorresistente en\nItalia, que se remontan a los a\u00f1os \u201970. Muchas de estas construcciones hab\u00edan\nsido objeto de reformas posteriores: estas obras hab\u00edan modificado el\nequilibrio de la estructura volvi\u00e9ndola m\u00e1s vulnerable. Por esto, para poner un\nejemplo, los ingenieros responsables de las obras de reestructuraci\u00f3n de la\nCasa del Estudiante han sido condenados a varios a\u00f1os de c\u00e1rcel.<\/p>\n\n\n\n<p>La mayor\u00eda de los derrumbes y de los da\u00f1os m\u00e1s graves se concentraron en los edificios de piedra, o mixtos, sobre todo en las partes m\u00e1s altas (techos, cornisas). En muchos casos tambi\u00e9n se not\u00f3 el derrumbe del entramado mientras que desde el exterior la estructura parec\u00eda intacta.&nbsp; (cit: VV.AA. 2009. L&#8217;indagine macrosismica: metodologia, parametri del terremoto, questioni aperte).<\/p>\n\n\n\n<h4 class=\"wp-block-heading\"><strong>Los efectos de amplificaci\u00f3n: el caso de Onna\ny Castelnuovo<\/strong><\/h4>\n\n\n\n<p>Como anticip\u00e1bamos antes, la m\u00e1xima\nintensidad del terremoto se registr\u00f3 en la zona del epicentro, y alcanz\u00f3 los\ngrados IX-X MCS. Sin embargo, en la zona del epicentro hubo centros habitados\ndonde los da\u00f1os fueron mucho menos intensos. En la zona del epicentro se pod\u00edan\nobservar pueblos derruidos al lado de otros mucho menos afectados. Incluso en\nun nivel de detalle mayor, se pod\u00edan encontrar casas derruidas al lado de otras\nmucho menos da\u00f1adas. Si, por un lado, como ya anticipamos, esto es debido al\ndistinto nivel de vulnerabilidad de los edificios, un papel determinante es\njugado por las condiciones geol\u00f3gicas y geot\u00e9cnicas del subsuelo, y por la\ntopograf\u00eda. <\/p>\n\n\n\n<p>El pueblo de Onna, por ejemplo, donde se derrumbaron el 80% de los edificios y donde fallecieron 41 personas sobre un total de 380 habitantes (grado X MCS), se sit\u00faa a poco m\u00e1s de 1 km del pueblo de Monticchio, donde la intensidad se ha situado en un grado VI MCS, con da\u00f1os muchos m\u00e1s contenidos y una sola v\u00edctima. Ambos pueblos se sit\u00faan a lo largo del r\u00edo Aterno, a unos 10 km del epicentro del terremoto del 6 de abril. Sin embargo, Onna est\u00e1 construida sobre dep\u00f3sitos de arena y grava del cuaternario, con un espesor que alcanza los 15-20 metros. Por otro lado, Monticchio est\u00e1 construido sobre dep\u00f3sitos lacustres m\u00e1s antiguos, y parcialmente sobre roca caliza. Las casas de estos dos poblados son muy parecidas como tipo de construcci\u00f3n. Las conclusiones son que Onna ha sufrido fen\u00f3menos de amplificaci\u00f3n de las ondas s\u00edsmicas debido a los dep\u00f3sitos fluviales cuaternarios m\u00e1s blandos y m\u00e1s espesos, mientras que Monticchio, situada sobre dep\u00f3sitos m\u00e1s consolidados y parcialmente sobre roca, no ha sufrido amplificaci\u00f3n. (cit: Lanzo, Giuseppe &amp; Pagliaroli, Alessandro, 2009. Il terremoto Aquilano del 2009: valutazione preliminare degli effetti di sito.)<\/p>\n\n\n\n<div class=\"wp-block-image\"><figure class=\"aligncenter\"><img loading=\"lazy\" decoding=\"async\" width=\"553\" height=\"432\" src=\"https:\/\/www.icog.es\/TyT\/wp-content\/uploads\/2019\/04\/aquila8.jpg\" alt=\"\" class=\"wp-image-10267\" srcset=\"https:\/\/www.icog.es\/TyT\/wp-content\/uploads\/2019\/04\/aquila8.jpg 553w, https:\/\/www.icog.es\/TyT\/wp-content\/uploads\/2019\/04\/aquila8-300x234.jpg 300w, https:\/\/www.icog.es\/TyT\/wp-content\/uploads\/2019\/04\/aquila8-538x420.jpg 538w\" sizes=\"auto, (max-width: 553px) 100vw, 553px\" \/><figcaption>Figura 8. Secciones geol\u00f3gicas simplificadas de Castelnuovo y San Pio delle Camere. Tomada de Lanzo G., Pagliaroli, A. (2010). Il terremoto Aquilano del 2009: valutazione preliminare degli effetti di sito.<\/figcaption><\/figure><\/div>\n\n\n\n<p>Los efectos de amplificaci\u00f3n local son conocidos entre los cient\u00edficos que estudian los terremotos desde hace d\u00e9cadas, sobre todo a partir del gran terremoto de Ciudad de M\u00e9xico de 1985. Se habla de respuesta s\u00edsmica y efectos locales: las ondas s\u00edsmicas pueden verse amplificadas al atravesar dep\u00f3sitos cuaternarios menos compactados. Fen\u00f3menos de amplificaci\u00f3n pueden ser causados tambi\u00e9n por la topograf\u00eda del sitio y es justo el caso que vamos a analizar a continuaci\u00f3n.<\/p>\n\n\n\n<h4 class=\"wp-block-heading\"><strong>Amplificaci\u00f3n de las ondas s\u00edsmicas: el caso\nde Castelnuovo<\/strong><\/h4>\n\n\n\n<p>Otro caso parecido al de Onna y Monticchio es el de los pueblos de San Pio delle Camere y Castelnuovo. Los centros, situados a unos 25 km del epicentro, distan entre s\u00ed solo 2 km. En el centro de Castelnuovo la intensidad alcanz\u00f3 el nivel m\u00e1s destructivo (I=IX-X MCS) mientras en San Pio delle Camere hubo muchos menos da\u00f1os (I=V-VI MCS). En este caso ha tenido un peso importante la topograf\u00eda: Castelnuovo se sit\u00faa en la cima de una colina, mientras San Pio en una ladera. En Castelnuovo los da\u00f1os se han concentrado en la parte alta de la colina. En este caso tambi\u00e9n, es muy probable que Castelnuovo haya sufrido un efecto de sitio, con amplificaci\u00f3n de las ondas debido a la topograf\u00eda local. Simplificando, las ondas s\u00edsmicas se quedan \u201catrapadas\u201d dentro del alto topogr\u00e1fico, con consiguientes fen\u00f3menos de amplificaci\u00f3n. <\/p>\n\n\n\n<h4 class=\"wp-block-heading\"><strong>Estudios geol\u00f3gicos posteriores al terremoto\ndel 6 de abril<\/strong><\/h4>\n\n\n\n<p>Los eventos s\u00edsmicos como el de L\u2019Aquila\npermiten avanzar en nuestro conocimiento sobre los terremotos. En Italia la red\nde medici\u00f3n de terremotos est\u00e1 formada por m\u00e1s de 300 estaciones s\u00edsmicas,\ncontroladas 24 horas, 7 d\u00edas la semana, por el INGV. Se trata de la Red S\u00edsmica\nNacional (RSN). En las horas siguientes al terremoto del 6 de abril, investigadores\ny t\u00e9cnicos del INGV, con la colaboraci\u00f3n del Universidad de Grenoble,\ninstalaron una red s\u00edsmica formada por 47 estaciones temporales. Estas\nestaciones han permitido monitorizar la secuencia s\u00edsmica e integrar las\ninformaciones dadas por la red ya existente. <\/p>\n\n\n\n<p>La medici\u00f3n de decenas de miles de eventos ha\npermitido lograr un enorme detalle sobre las estructuras de la falla que ha\noriginado el terremoto, permitiendo localizar otras fallas activas y alcanzar\nun gran detalle de conocimiento: una verdadera \u201cradiograf\u00eda\u201d de las fallas del\nsubsuelo. Se ha detectado una gran red de fallas que atraviesa la zona del\nterremoto a lo largo de 50 km. Se trata de fallas que reflejan la alineaci\u00f3n NO-SE\nde los Apeninos y que, en algunos casos, han reactivado las mismas estructuras\nque, hace millones de a\u00f1os, determinaron la formaci\u00f3n de la cadena.<\/p>\n\n\n\n<p>El an\u00e1lisis detallado de decenas de miles de eventos s\u00edsmicos ha permitido construir un modelo tridimensional del subsuelo y de la falla principal, evidenciando un enorme plano que se extiende a lo largo de 20 km en la direcci\u00f3n NO-SE de los Apeninos, inclinado 50\u00ba hacia el suroeste y que desde su intersecci\u00f3n con la superficie baja hasta una profundidad de 8-9 km. La zona de intersecci\u00f3n de este plano con la superficie coincide con las rupturas del suelo detectadas en las zonas de Paganica y Monte Stabiata. <\/p>\n\n\n\n<div class=\"wp-block-image\"><figure class=\"aligncenter\"><img loading=\"lazy\" decoding=\"async\" width=\"1024\" height=\"742\" src=\"https:\/\/www.icog.es\/TyT\/wp-content\/uploads\/2019\/04\/aquila9-1024x742.jpg\" alt=\"\" class=\"wp-image-10268\" srcset=\"https:\/\/www.icog.es\/TyT\/wp-content\/uploads\/2019\/04\/aquila9.jpg 1024w, https:\/\/www.icog.es\/TyT\/wp-content\/uploads\/2019\/04\/aquila9-300x217.jpg 300w, https:\/\/www.icog.es\/TyT\/wp-content\/uploads\/2019\/04\/aquila9-768x557.jpg 768w, https:\/\/www.icog.es\/TyT\/wp-content\/uploads\/2019\/04\/aquila9-324x235.jpg 324w, https:\/\/www.icog.es\/TyT\/wp-content\/uploads\/2019\/04\/aquila9-696x504.jpg 696w, https:\/\/www.icog.es\/TyT\/wp-content\/uploads\/2019\/04\/aquila9-580x420.jpg 580w\" sizes=\"auto, (max-width: 1024px) 100vw, 1024px\" \/><figcaption>Figura 9. Reconstrucci\u00f3n en profundidad del plano de falla principal con la ubicaci\u00f3n de miles de eventos s\u00edsmicos (INGV).<\/figcaption><\/figure><\/div>\n\n\n\n<p>El estudio del \u00e1rea de ruptura ha confirmado que la falla principal (denominada falla de Paganica) es de tipo normal (distensivo). Las mediciones por sat\u00e9lite han detectado un hundimiento de la cuenca de L\u2019Aquila, causado por el terremoto, con valores m\u00e1ximos de 15-20 cm (cit: Franco Mele e Alessandro Amato, INGV-CNT, p\u00e1gina web INGV Terremoti).<\/p>\n\n\n\n<h4 class=\"wp-block-heading\"><strong>\u00bfCu\u00e1nto ha durado la secuencia s\u00edsmica?<\/strong><\/h4>\n\n\n\n<p>El terremoto de L\u2019Aquila del 6 de abril estuvo acompa\u00f1ado de una enorme cantidad de otros eventos s\u00edsmicos de menor magnitud. Seg\u00fan el INGV la secuencia empez\u00f3 el 16 de enero de 2009 y termin\u00f3 el 17 de abril de 2012. Han sido m\u00e1s de tres a\u00f1os de actividad continua y con cerca de 20.000 eventos. Por la redistribuci\u00f3n de los esfuerzos causada por el evento principal, junto con una probable migraci\u00f3n de fluidos, la actividad s\u00edsmica se ha desplazado con los meses hacia el norte, a la zona de Monti della Laga (cit: p\u00e1gina web INGV Terremoti).<\/p>\n\n\n\n<h4 class=\"wp-block-heading\"><strong>La secuencia s\u00edsmica en los Apeninos\ncentrales de 2016-2017 <\/strong><\/h4>\n\n\n\n<p>A partir del 24 de agosto de 2016 empez\u00f3, en los Apeninos centrales, una nueva secuencia s\u00edsmica con decenas de miles de eventos y con magnitudes superiores a 6 (el terremoto m\u00e1s fuerte con magnitud momento Mw: 6,5 se verific\u00f3 el 30 de octubre de 2016). El terremoto del 24 de agosto de 2016 (Mw 6.0) caus\u00f3 casi trescientos muertos en una zona situada entre las regiones de Lacio, Umbr\u00eda y Marcas. La enorme \u00e1rea afectada se sit\u00faa a algunas decenas de kil\u00f3metros al noreste de L\u2019Aquila. Se trata de eventos distintos, aunque son comunes los procesos que han desencadenado estos terremotos, es decir el proceso de distensi\u00f3n de la zona occidental de los Apeninos. Sobre esta \u00faltima secuencia s\u00edsmica hay una enorme cantidad de datos y estudios que analizaremos en otra ocasi\u00f3n. Es interesante ver como la nueva secuencia s\u00edsmica sigue la alineaci\u00f3n NO-SE de las estructuras sismog\u00e9nicas de los Apeninos.<\/p>\n\n\n\n<h4 class=\"wp-block-heading\"><strong>Bibliograf\u00eda <\/strong><\/h4>\n\n\n\n<p>EMERGEO WORKING Group \u2013 Rilievi\ngeologici di terreno effettuati nell\u2019area epicentrale della sequenza sismica\ndell\u2019Aquilano del 6 aprile 2009.<\/p>\n\n\n\n<p>Lanzo G., Pagliaroli,\nA. (2010). Il terremoto Aquilano del 2009: valutazione preliminare degli\neffetti di sito.<\/p>\n\n\n\n<p>Moretti, M., Nostro, C., Govoni, A., Pignone, M., La\nLonga, F., Crescimbene, M. and Selvaggi, G., (2011). L\u2019intervento del Centro\nOperativo Emergenza Sismica in occasione del terremoto del 2009 a L\u2019Aquila,\nQuaderni di Geofisica, No. 92.<\/p>\n\n\n\n<p>QUEST (2009). Rapporto sugli effetti\ndel terremoto aquilano del 6 aprile 2009.<\/p>\n\n\n\n<p>VV.AA. (2009). L&#8217;indagine macrosismica: metodologia, parametri del\nterremoto, questioni aperte. Progettazione Sismica.<\/p>\n\n\n\n<p>VV.AA. (2009). Valutazione della risposta sismica locale di alcuni siti\ndell\u2019alta e media valle dell\u2019Aterno.<\/p>\n\n\n\n<h4 class=\"wp-block-heading\"><strong>Sitografia<\/strong><\/h4>\n\n\n\n<p>BSI \u2013 Bollettino Sismico Italiano <a href=\"http:\/\/cnt.rm.ingv.it\/bsi\">http:\/\/cnt.rm.ingv.it\/bsi<\/a><\/p>\n\n\n\n<p>Catalogo Parametrico dei Terremoti Italiani <a href=\"https:\/\/emidius.mi.ingv.it\/CPTI\/\">https:\/\/emidius.mi.ingv.it\/CPTI\/<\/a><\/p>\n\n\n\n<p>European-Mediterranean Regional Centroid-Moment Tensors <a href=\"http:\/\/rcmt2.bo.ingv.it\/\">http:\/\/rcmt2.bo.ingv.it\/<\/a><\/p>\n\n\n\n<p>INGV Terremoti (<a href=\"http:\/\/ingvterremoti.wordpress.com\" target=\"_blank\" rel=\"noreferrer noopener\" aria-label=\"http:\/\/ingvterremoti.wordpress.com (abre en una nueva pesta\u00f1a)\">http:\/\/ingvterremoti.wordpress.com<\/a> ) <\/p>\n","protected":false},"excerpt":{"rendered":"<p>Tierra y Tecnolog\u00eda n\u00ba 53 | Autor: Lorenzo Pasqualini. Periodista italiano licenciado en Geolog\u00eda con m\u00e1ster en Geolog\u00eda aplicada a la Ingenier\u00eda y a los Riesgos Geol\u00f3gicos. Colabora con peri\u00f3dicos italianos y espa\u00f1oles ocup\u00e1ndose de divulgaci\u00f3n de la ciencia y tambi\u00e9n de noticias de actualidad de Italia y Espa\u00f1a | DOI https:\/\/dx.doi.org\/10.21028\/lp.2019.04.16 El 6 de [&hellip;]<\/p>\n","protected":false},"author":2,"featured_media":10259,"comment_status":"open","ping_status":"open","sticky":false,"template":"","format":"standard","meta":{"tdm_status":"","tdm_grid_status":"","footnotes":""},"categories":[244,911],"tags":[579,78],"class_list":{"0":"post-10257","1":"post","2":"type-post","3":"status-publish","4":"format-standard","5":"has-post-thumbnail","7":"category-riesgos","8":"category-tt-53","9":"tag-laquila","10":"tag-terremoto"},"yoast_head":"<!-- This site is optimized with the Yoast SEO plugin v27.0 - https:\/\/yoast.com\/product\/yoast-seo-wordpress\/ -->\r\n<title>El terremoto de L\u2019Aquila (Italia) de 2009: un resumen 10 a\u00f1os despu\u00e9s - Tierra y Tecnolog\u00eda<\/title>\r\n<meta name=\"description\" content=\"A diez a\u00f1os del terremoto de L\u2019Aquila del 6 de abril de 2009, un resumen de inter\u00e9s geol\u00f3gico sobre lo que pas\u00f3 y sobre los numerosos estudios realizados.\" \/>\r\n<meta name=\"robots\" content=\"index, follow, max-snippet:-1, max-image-preview:large, max-video-preview:-1\" \/>\r\n<link rel=\"canonical\" href=\"https:\/\/www.icog.es\/TyT\/index.php\/2019\/04\/el-terremoto-de-laquila-italia-de-2009-un-resumen-10-anos-despues\/\" \/>\r\n<meta property=\"og:locale\" content=\"es_ES\" \/>\r\n<meta property=\"og:type\" content=\"article\" \/>\r\n<meta property=\"og:title\" content=\"El terremoto de L\u2019Aquila (Italia) de 2009: un resumen 10 a\u00f1os despu\u00e9s - Tierra y Tecnolog\u00eda\" \/>\r\n<meta property=\"og:description\" content=\"A diez a\u00f1os del terremoto de L\u2019Aquila del 6 de abril de 2009, un resumen de inter\u00e9s geol\u00f3gico sobre lo que pas\u00f3 y sobre los numerosos estudios realizados.\" \/>\r\n<meta property=\"og:url\" content=\"https:\/\/www.icog.es\/TyT\/index.php\/2019\/04\/el-terremoto-de-laquila-italia-de-2009-un-resumen-10-anos-despues\/\" \/>\r\n<meta property=\"og:site_name\" content=\"Tierra y Tecnolog\u00eda\" \/>\r\n<meta property=\"article:publisher\" content=\"https:\/\/www.facebook.com\/CGEOLOGOS\" \/>\r\n<meta property=\"article:author\" content=\"https:\/\/www.facebook.com\/CGEOLOGOS\" \/>\r\n<meta property=\"article:published_time\" content=\"2019-04-16T08:17:07+00:00\" \/>\r\n<meta property=\"article:modified_time\" content=\"2019-05-27T11:52:25+00:00\" \/>\r\n<meta property=\"og:image\" content=\"https:\/\/www.icog.es\/TyT\/wp-content\/uploads\/2019\/04\/terremoto-aquila-2009.jpg\" \/>\r\n\t<meta property=\"og:image:width\" content=\"1280\" \/>\r\n\t<meta property=\"og:image:height\" content=\"849\" \/>\r\n\t<meta property=\"og:image:type\" content=\"image\/jpeg\" \/>\r\n<meta name=\"author\" content=\"Redacci\u00f3n\" \/>\r\n<meta name=\"twitter:card\" content=\"summary_large_image\" \/>\r\n<meta name=\"twitter:creator\" content=\"@https:\/\/twitter.com\/cgeologos\" \/>\r\n<meta name=\"twitter:site\" content=\"@cgeologos\" \/>\r\n<meta name=\"twitter:label1\" content=\"Escrito por\" \/>\n\t<meta name=\"twitter:data1\" content=\"Redacci\u00f3n\" \/>\n\t<meta name=\"twitter:label2\" content=\"Tiempo de lectura\" \/>\n\t<meta name=\"twitter:data2\" content=\"18 minutos\" \/>\r\n<script type=\"application\/ld+json\" class=\"yoast-schema-graph\">{\"@context\":\"https:\/\/schema.org\",\"@graph\":[{\"@type\":\"Article\",\"@id\":\"https:\/\/www.icog.es\/TyT\/index.php\/2019\/04\/el-terremoto-de-laquila-italia-de-2009-un-resumen-10-anos-despues\/#article\",\"isPartOf\":{\"@id\":\"https:\/\/www.icog.es\/TyT\/index.php\/2019\/04\/el-terremoto-de-laquila-italia-de-2009-un-resumen-10-anos-despues\/\"},\"author\":{\"name\":\"Redacci\u00f3n\",\"@id\":\"https:\/\/www.icog.es\/TyT\/#\/schema\/person\/590cfb5c1b7b4e4b350d60316033e853\"},\"headline\":\"El terremoto de L\u2019Aquila (Italia) de 2009: un resumen 10 a\u00f1os despu\u00e9s\",\"datePublished\":\"2019-04-16T08:17:07+00:00\",\"dateModified\":\"2019-05-27T11:52:25+00:00\",\"mainEntityOfPage\":{\"@id\":\"https:\/\/www.icog.es\/TyT\/index.php\/2019\/04\/el-terremoto-de-laquila-italia-de-2009-un-resumen-10-anos-despues\/\"},\"wordCount\":3585,\"commentCount\":0,\"publisher\":{\"@id\":\"https:\/\/www.icog.es\/TyT\/#organization\"},\"image\":{\"@id\":\"https:\/\/www.icog.es\/TyT\/index.php\/2019\/04\/el-terremoto-de-laquila-italia-de-2009-un-resumen-10-anos-despues\/#primaryimage\"},\"thumbnailUrl\":\"https:\/\/www.icog.es\/TyT\/wp-content\/uploads\/2019\/04\/terremoto-aquila-2009.jpg\",\"keywords\":[\"L\u2019Aquila\",\"terremoto\"],\"articleSection\":[\"Riesgos\",\"T&amp;T 53\"],\"inLanguage\":\"es\",\"potentialAction\":[{\"@type\":\"CommentAction\",\"name\":\"Comment\",\"target\":[\"https:\/\/www.icog.es\/TyT\/index.php\/2019\/04\/el-terremoto-de-laquila-italia-de-2009-un-resumen-10-anos-despues\/#respond\"]}]},{\"@type\":\"WebPage\",\"@id\":\"https:\/\/www.icog.es\/TyT\/index.php\/2019\/04\/el-terremoto-de-laquila-italia-de-2009-un-resumen-10-anos-despues\/\",\"url\":\"https:\/\/www.icog.es\/TyT\/index.php\/2019\/04\/el-terremoto-de-laquila-italia-de-2009-un-resumen-10-anos-despues\/\",\"name\":\"El terremoto de L\u2019Aquila (Italia) de 2009: un resumen 10 a\u00f1os despu\u00e9s - Tierra y Tecnolog\u00eda\",\"isPartOf\":{\"@id\":\"https:\/\/www.icog.es\/TyT\/#website\"},\"primaryImageOfPage\":{\"@id\":\"https:\/\/www.icog.es\/TyT\/index.php\/2019\/04\/el-terremoto-de-laquila-italia-de-2009-un-resumen-10-anos-despues\/#primaryimage\"},\"image\":{\"@id\":\"https:\/\/www.icog.es\/TyT\/index.php\/2019\/04\/el-terremoto-de-laquila-italia-de-2009-un-resumen-10-anos-despues\/#primaryimage\"},\"thumbnailUrl\":\"https:\/\/www.icog.es\/TyT\/wp-content\/uploads\/2019\/04\/terremoto-aquila-2009.jpg\",\"datePublished\":\"2019-04-16T08:17:07+00:00\",\"dateModified\":\"2019-05-27T11:52:25+00:00\",\"description\":\"A diez a\u00f1os del terremoto de L\u2019Aquila del 6 de abril de 2009, un resumen de inter\u00e9s geol\u00f3gico sobre lo que pas\u00f3 y sobre los numerosos estudios realizados.\",\"breadcrumb\":{\"@id\":\"https:\/\/www.icog.es\/TyT\/index.php\/2019\/04\/el-terremoto-de-laquila-italia-de-2009-un-resumen-10-anos-despues\/#breadcrumb\"},\"inLanguage\":\"es\",\"potentialAction\":[{\"@type\":\"ReadAction\",\"target\":[\"https:\/\/www.icog.es\/TyT\/index.php\/2019\/04\/el-terremoto-de-laquila-italia-de-2009-un-resumen-10-anos-despues\/\"]}]},{\"@type\":\"ImageObject\",\"inLanguage\":\"es\",\"@id\":\"https:\/\/www.icog.es\/TyT\/index.php\/2019\/04\/el-terremoto-de-laquila-italia-de-2009-un-resumen-10-anos-despues\/#primaryimage\",\"url\":\"https:\/\/www.icog.es\/TyT\/wp-content\/uploads\/2019\/04\/terremoto-aquila-2009.jpg\",\"contentUrl\":\"https:\/\/www.icog.es\/TyT\/wp-content\/uploads\/2019\/04\/terremoto-aquila-2009.jpg\",\"width\":1280,\"height\":849},{\"@type\":\"BreadcrumbList\",\"@id\":\"https:\/\/www.icog.es\/TyT\/index.php\/2019\/04\/el-terremoto-de-laquila-italia-de-2009-un-resumen-10-anos-despues\/#breadcrumb\",\"itemListElement\":[{\"@type\":\"ListItem\",\"position\":1,\"name\":\"Portada\",\"item\":\"https:\/\/www.icog.es\/TyT\/\"},{\"@type\":\"ListItem\",\"position\":2,\"name\":\"El terremoto de L\u2019Aquila (Italia) de 2009: un resumen 10 a\u00f1os despu\u00e9s\"}]},{\"@type\":\"WebSite\",\"@id\":\"https:\/\/www.icog.es\/TyT\/#website\",\"url\":\"https:\/\/www.icog.es\/TyT\/\",\"name\":\"Tierra y Tecnolog\u00eda\",\"description\":\"Revista de informaci\u00f3n geol\u00f3gica\",\"publisher\":{\"@id\":\"https:\/\/www.icog.es\/TyT\/#organization\"},\"potentialAction\":[{\"@type\":\"SearchAction\",\"target\":{\"@type\":\"EntryPoint\",\"urlTemplate\":\"https:\/\/www.icog.es\/TyT\/?s={search_term_string}\"},\"query-input\":{\"@type\":\"PropertyValueSpecification\",\"valueRequired\":true,\"valueName\":\"search_term_string\"}}],\"inLanguage\":\"es\"},{\"@type\":\"Organization\",\"@id\":\"https:\/\/www.icog.es\/TyT\/#organization\",\"name\":\"Tierra y Tecnolog\u00eda - Colegio de Ge\u00f3logos\",\"url\":\"https:\/\/www.icog.es\/TyT\/\",\"logo\":{\"@type\":\"ImageObject\",\"inLanguage\":\"es\",\"@id\":\"https:\/\/www.icog.es\/TyT\/#\/schema\/logo\/image\/\",\"url\":\"https:\/\/www.icog.es\/TyT\/wp-content\/uploads\/2013\/02\/logotytmini.jpg\",\"contentUrl\":\"https:\/\/www.icog.es\/TyT\/wp-content\/uploads\/2013\/02\/logotytmini.jpg\",\"width\":325,\"height\":127,\"caption\":\"Tierra y Tecnolog\u00eda - Colegio de Ge\u00f3logos\"},\"image\":{\"@id\":\"https:\/\/www.icog.es\/TyT\/#\/schema\/logo\/image\/\"},\"sameAs\":[\"https:\/\/www.facebook.com\/CGEOLOGOS\",\"https:\/\/x.com\/cgeologos\",\"https:\/\/www.linkedin.com\/company\/colegio-oficial-de-ge-logos\",\"https:\/\/www.pinterest.com\/cgeologos\/\",\"http:\/\/www.youtube.com\/ICOGtv\"]},{\"@type\":\"Person\",\"@id\":\"https:\/\/www.icog.es\/TyT\/#\/schema\/person\/590cfb5c1b7b4e4b350d60316033e853\",\"name\":\"Redacci\u00f3n\",\"image\":{\"@type\":\"ImageObject\",\"inLanguage\":\"es\",\"@id\":\"https:\/\/www.icog.es\/TyT\/#\/schema\/person\/image\/\",\"url\":\"https:\/\/secure.gravatar.com\/avatar\/f9c0ac81b2e8e690bee30ac3b42bf27f02e8dedc49686b871256e17dc7cd000b?s=96&d=identicon&r=g\",\"contentUrl\":\"https:\/\/secure.gravatar.com\/avatar\/f9c0ac81b2e8e690bee30ac3b42bf27f02e8dedc49686b871256e17dc7cd000b?s=96&d=identicon&r=g\",\"caption\":\"Redacci\u00f3n\"},\"description\":\"Tierra y Tecnolog\u00eda es una publicaci\u00f3n del Ilustre Colegio Oficial de Ge\u00f3logos (ICOG). El ICOG es una instituci\u00f3n sin finalidad lucrativa creada para la defensa y apoyo de los intereses de los Ge\u00f3logos, creada por Ley 73\/1978 de 26 de Diciembre, es una corporaci\u00f3n de Derecho P\u00fablico, amparada por Ley y reconocida por el Estado, con personalidad jur\u00eddica propia y capacidad plena para el ejercicio de sus funciones y cumplimiento de sus fines.\",\"sameAs\":[\"https:\/\/cgeologos.es\",\"https:\/\/www.facebook.com\/CGEOLOGOS\",\"https:\/\/www.linkedin.com\/company\/313811\",\"https:\/\/x.com\/https:\/\/twitter.com\/cgeologos\",\"http:\/\/www.youtube.com\/ICOGtv\"],\"url\":\"https:\/\/www.icog.es\/TyT\/index.php\/author\/jl-barrera\/\"}]}<\/script>\r\n<!-- \/ Yoast SEO plugin. -->","yoast_head_json":{"title":"El terremoto de L\u2019Aquila (Italia) de 2009: un resumen 10 a\u00f1os despu\u00e9s - Tierra y Tecnolog\u00eda","description":"A diez a\u00f1os del terremoto de L\u2019Aquila del 6 de abril de 2009, un resumen de inter\u00e9s geol\u00f3gico sobre lo que pas\u00f3 y sobre los numerosos estudios realizados.","robots":{"index":"index","follow":"follow","max-snippet":"max-snippet:-1","max-image-preview":"max-image-preview:large","max-video-preview":"max-video-preview:-1"},"canonical":"https:\/\/www.icog.es\/TyT\/index.php\/2019\/04\/el-terremoto-de-laquila-italia-de-2009-un-resumen-10-anos-despues\/","og_locale":"es_ES","og_type":"article","og_title":"El terremoto de L\u2019Aquila (Italia) de 2009: un resumen 10 a\u00f1os despu\u00e9s - Tierra y Tecnolog\u00eda","og_description":"A diez a\u00f1os del terremoto de L\u2019Aquila del 6 de abril de 2009, un resumen de inter\u00e9s geol\u00f3gico sobre lo que pas\u00f3 y sobre los numerosos estudios realizados.","og_url":"https:\/\/www.icog.es\/TyT\/index.php\/2019\/04\/el-terremoto-de-laquila-italia-de-2009-un-resumen-10-anos-despues\/","og_site_name":"Tierra y Tecnolog\u00eda","article_publisher":"https:\/\/www.facebook.com\/CGEOLOGOS","article_author":"https:\/\/www.facebook.com\/CGEOLOGOS","article_published_time":"2019-04-16T08:17:07+00:00","article_modified_time":"2019-05-27T11:52:25+00:00","og_image":[{"width":1280,"height":849,"url":"https:\/\/www.icog.es\/TyT\/wp-content\/uploads\/2019\/04\/terremoto-aquila-2009.jpg","type":"image\/jpeg"}],"author":"Redacci\u00f3n","twitter_card":"summary_large_image","twitter_creator":"@https:\/\/twitter.com\/cgeologos","twitter_site":"@cgeologos","twitter_misc":{"Escrito por":"Redacci\u00f3n","Tiempo de lectura":"18 minutos"},"schema":{"@context":"https:\/\/schema.org","@graph":[{"@type":"Article","@id":"https:\/\/www.icog.es\/TyT\/index.php\/2019\/04\/el-terremoto-de-laquila-italia-de-2009-un-resumen-10-anos-despues\/#article","isPartOf":{"@id":"https:\/\/www.icog.es\/TyT\/index.php\/2019\/04\/el-terremoto-de-laquila-italia-de-2009-un-resumen-10-anos-despues\/"},"author":{"name":"Redacci\u00f3n","@id":"https:\/\/www.icog.es\/TyT\/#\/schema\/person\/590cfb5c1b7b4e4b350d60316033e853"},"headline":"El terremoto de L\u2019Aquila (Italia) de 2009: un resumen 10 a\u00f1os despu\u00e9s","datePublished":"2019-04-16T08:17:07+00:00","dateModified":"2019-05-27T11:52:25+00:00","mainEntityOfPage":{"@id":"https:\/\/www.icog.es\/TyT\/index.php\/2019\/04\/el-terremoto-de-laquila-italia-de-2009-un-resumen-10-anos-despues\/"},"wordCount":3585,"commentCount":0,"publisher":{"@id":"https:\/\/www.icog.es\/TyT\/#organization"},"image":{"@id":"https:\/\/www.icog.es\/TyT\/index.php\/2019\/04\/el-terremoto-de-laquila-italia-de-2009-un-resumen-10-anos-despues\/#primaryimage"},"thumbnailUrl":"https:\/\/www.icog.es\/TyT\/wp-content\/uploads\/2019\/04\/terremoto-aquila-2009.jpg","keywords":["L\u2019Aquila","terremoto"],"articleSection":["Riesgos","T&amp;T 53"],"inLanguage":"es","potentialAction":[{"@type":"CommentAction","name":"Comment","target":["https:\/\/www.icog.es\/TyT\/index.php\/2019\/04\/el-terremoto-de-laquila-italia-de-2009-un-resumen-10-anos-despues\/#respond"]}]},{"@type":"WebPage","@id":"https:\/\/www.icog.es\/TyT\/index.php\/2019\/04\/el-terremoto-de-laquila-italia-de-2009-un-resumen-10-anos-despues\/","url":"https:\/\/www.icog.es\/TyT\/index.php\/2019\/04\/el-terremoto-de-laquila-italia-de-2009-un-resumen-10-anos-despues\/","name":"El terremoto de L\u2019Aquila (Italia) de 2009: un resumen 10 a\u00f1os despu\u00e9s - Tierra y Tecnolog\u00eda","isPartOf":{"@id":"https:\/\/www.icog.es\/TyT\/#website"},"primaryImageOfPage":{"@id":"https:\/\/www.icog.es\/TyT\/index.php\/2019\/04\/el-terremoto-de-laquila-italia-de-2009-un-resumen-10-anos-despues\/#primaryimage"},"image":{"@id":"https:\/\/www.icog.es\/TyT\/index.php\/2019\/04\/el-terremoto-de-laquila-italia-de-2009-un-resumen-10-anos-despues\/#primaryimage"},"thumbnailUrl":"https:\/\/www.icog.es\/TyT\/wp-content\/uploads\/2019\/04\/terremoto-aquila-2009.jpg","datePublished":"2019-04-16T08:17:07+00:00","dateModified":"2019-05-27T11:52:25+00:00","description":"A diez a\u00f1os del terremoto de L\u2019Aquila del 6 de abril de 2009, un resumen de inter\u00e9s geol\u00f3gico sobre lo que pas\u00f3 y sobre los numerosos estudios realizados.","breadcrumb":{"@id":"https:\/\/www.icog.es\/TyT\/index.php\/2019\/04\/el-terremoto-de-laquila-italia-de-2009-un-resumen-10-anos-despues\/#breadcrumb"},"inLanguage":"es","potentialAction":[{"@type":"ReadAction","target":["https:\/\/www.icog.es\/TyT\/index.php\/2019\/04\/el-terremoto-de-laquila-italia-de-2009-un-resumen-10-anos-despues\/"]}]},{"@type":"ImageObject","inLanguage":"es","@id":"https:\/\/www.icog.es\/TyT\/index.php\/2019\/04\/el-terremoto-de-laquila-italia-de-2009-un-resumen-10-anos-despues\/#primaryimage","url":"https:\/\/www.icog.es\/TyT\/wp-content\/uploads\/2019\/04\/terremoto-aquila-2009.jpg","contentUrl":"https:\/\/www.icog.es\/TyT\/wp-content\/uploads\/2019\/04\/terremoto-aquila-2009.jpg","width":1280,"height":849},{"@type":"BreadcrumbList","@id":"https:\/\/www.icog.es\/TyT\/index.php\/2019\/04\/el-terremoto-de-laquila-italia-de-2009-un-resumen-10-anos-despues\/#breadcrumb","itemListElement":[{"@type":"ListItem","position":1,"name":"Portada","item":"https:\/\/www.icog.es\/TyT\/"},{"@type":"ListItem","position":2,"name":"El terremoto de L\u2019Aquila (Italia) de 2009: un resumen 10 a\u00f1os despu\u00e9s"}]},{"@type":"WebSite","@id":"https:\/\/www.icog.es\/TyT\/#website","url":"https:\/\/www.icog.es\/TyT\/","name":"Tierra y Tecnolog\u00eda","description":"Revista de informaci\u00f3n geol\u00f3gica","publisher":{"@id":"https:\/\/www.icog.es\/TyT\/#organization"},"potentialAction":[{"@type":"SearchAction","target":{"@type":"EntryPoint","urlTemplate":"https:\/\/www.icog.es\/TyT\/?s={search_term_string}"},"query-input":{"@type":"PropertyValueSpecification","valueRequired":true,"valueName":"search_term_string"}}],"inLanguage":"es"},{"@type":"Organization","@id":"https:\/\/www.icog.es\/TyT\/#organization","name":"Tierra y Tecnolog\u00eda - Colegio de Ge\u00f3logos","url":"https:\/\/www.icog.es\/TyT\/","logo":{"@type":"ImageObject","inLanguage":"es","@id":"https:\/\/www.icog.es\/TyT\/#\/schema\/logo\/image\/","url":"https:\/\/www.icog.es\/TyT\/wp-content\/uploads\/2013\/02\/logotytmini.jpg","contentUrl":"https:\/\/www.icog.es\/TyT\/wp-content\/uploads\/2013\/02\/logotytmini.jpg","width":325,"height":127,"caption":"Tierra y Tecnolog\u00eda - Colegio de Ge\u00f3logos"},"image":{"@id":"https:\/\/www.icog.es\/TyT\/#\/schema\/logo\/image\/"},"sameAs":["https:\/\/www.facebook.com\/CGEOLOGOS","https:\/\/x.com\/cgeologos","https:\/\/www.linkedin.com\/company\/colegio-oficial-de-ge-logos","https:\/\/www.pinterest.com\/cgeologos\/","http:\/\/www.youtube.com\/ICOGtv"]},{"@type":"Person","@id":"https:\/\/www.icog.es\/TyT\/#\/schema\/person\/590cfb5c1b7b4e4b350d60316033e853","name":"Redacci\u00f3n","image":{"@type":"ImageObject","inLanguage":"es","@id":"https:\/\/www.icog.es\/TyT\/#\/schema\/person\/image\/","url":"https:\/\/secure.gravatar.com\/avatar\/f9c0ac81b2e8e690bee30ac3b42bf27f02e8dedc49686b871256e17dc7cd000b?s=96&d=identicon&r=g","contentUrl":"https:\/\/secure.gravatar.com\/avatar\/f9c0ac81b2e8e690bee30ac3b42bf27f02e8dedc49686b871256e17dc7cd000b?s=96&d=identicon&r=g","caption":"Redacci\u00f3n"},"description":"Tierra y Tecnolog\u00eda es una publicaci\u00f3n del Ilustre Colegio Oficial de Ge\u00f3logos (ICOG). El ICOG es una instituci\u00f3n sin finalidad lucrativa creada para la defensa y apoyo de los intereses de los Ge\u00f3logos, creada por Ley 73\/1978 de 26 de Diciembre, es una corporaci\u00f3n de Derecho P\u00fablico, amparada por Ley y reconocida por el Estado, con personalidad jur\u00eddica propia y capacidad plena para el ejercicio de sus funciones y cumplimiento de sus fines.","sameAs":["https:\/\/cgeologos.es","https:\/\/www.facebook.com\/CGEOLOGOS","https:\/\/www.linkedin.com\/company\/313811","https:\/\/x.com\/https:\/\/twitter.com\/cgeologos","http:\/\/www.youtube.com\/ICOGtv"],"url":"https:\/\/www.icog.es\/TyT\/index.php\/author\/jl-barrera\/"}]}},"_links":{"self":[{"href":"https:\/\/www.icog.es\/TyT\/index.php\/wp-json\/wp\/v2\/posts\/10257","targetHints":{"allow":["GET"]}}],"collection":[{"href":"https:\/\/www.icog.es\/TyT\/index.php\/wp-json\/wp\/v2\/posts"}],"about":[{"href":"https:\/\/www.icog.es\/TyT\/index.php\/wp-json\/wp\/v2\/types\/post"}],"author":[{"embeddable":true,"href":"https:\/\/www.icog.es\/TyT\/index.php\/wp-json\/wp\/v2\/users\/2"}],"replies":[{"embeddable":true,"href":"https:\/\/www.icog.es\/TyT\/index.php\/wp-json\/wp\/v2\/comments?post=10257"}],"version-history":[{"count":5,"href":"https:\/\/www.icog.es\/TyT\/index.php\/wp-json\/wp\/v2\/posts\/10257\/revisions"}],"predecessor-version":[{"id":10574,"href":"https:\/\/www.icog.es\/TyT\/index.php\/wp-json\/wp\/v2\/posts\/10257\/revisions\/10574"}],"wp:featuredmedia":[{"embeddable":true,"href":"https:\/\/www.icog.es\/TyT\/index.php\/wp-json\/wp\/v2\/media\/10259"}],"wp:attachment":[{"href":"https:\/\/www.icog.es\/TyT\/index.php\/wp-json\/wp\/v2\/media?parent=10257"}],"wp:term":[{"taxonomy":"category","embeddable":true,"href":"https:\/\/www.icog.es\/TyT\/index.php\/wp-json\/wp\/v2\/categories?post=10257"},{"taxonomy":"post_tag","embeddable":true,"href":"https:\/\/www.icog.es\/TyT\/index.php\/wp-json\/wp\/v2\/tags?post=10257"}],"curies":[{"name":"wp","href":"https:\/\/api.w.org\/{rel}","templated":true}]}}