{"id":10221,"date":"2019-04-10T15:21:58","date_gmt":"2019-04-10T15:21:58","guid":{"rendered":"https:\/\/www.icog.es\/TyT\/?p=10221"},"modified":"2019-05-27T11:59:20","modified_gmt":"2019-05-27T11:59:20","slug":"que-nos-indica-la-curvatura-de-las-valvas-de-los-ostreidos","status":"publish","type":"post","link":"https:\/\/www.icog.es\/TyT\/index.php\/2019\/04\/que-nos-indica-la-curvatura-de-las-valvas-de-los-ostreidos\/","title":{"rendered":"\u00bfQue nos indica la curvatura de las valvas de los ostreidos?:"},"content":{"rendered":"\n<h2 class=\"wp-block-heading\">Premios ICOG a la excelencia acad\u00e9mica 1\u00aa edici\u00f3n, 2018.<\/h2>\n\n\n\n<div class=\"wp-block-image\"><figure class=\"alignleft is-resized\"><img loading=\"lazy\" decoding=\"async\" src=\"https:\/\/www.icog.es\/TyT\/wp-content\/uploads\/2019\/04\/autora.jpg\" alt=\"\" class=\"wp-image-10222\" width=\"183\" height=\"251\" srcset=\"https:\/\/www.icog.es\/TyT\/wp-content\/uploads\/2019\/04\/autora.jpg 328w, https:\/\/www.icog.es\/TyT\/wp-content\/uploads\/2019\/04\/autora-219x300.jpg 219w, https:\/\/www.icog.es\/TyT\/wp-content\/uploads\/2019\/04\/autora-307x420.jpg 307w\" sizes=\"auto, (max-width: 183px) 100vw, 183px\" \/><\/figure><\/div>\n\n\n\n<p>Tierra y Tecnolog\u00eda n\u00ba 53 | Autor: Ana de Dios Cubillas (Universidad Complutense de Madrid) | DOI<a href=\"https:\/\/dx.doi.org\/10.21028\/rep.2019.05.24\"> <\/a> <a href=\"https:\/\/www.icog.es\/TyT\/index.php\/2019\/04\/que-nos-indica-la-curvatura-de-las-valvas-de-los-ostreidos\/\" target=\"_blank\" rel=\"noreferrer noopener\" aria-label=\"https:\/\/dx.doi.org\/10.21028\/adc.2019.04.10 (abre en una nueva pesta\u00f1a)\">https:\/\/dx.doi.org\/10.21028\/adc.2019.04.10<\/a><\/p>\n\n\n\n<p>Tutor: Fernando Garc\u00eda Joral (Departamento de Geodin\u00e1mica, Estratigraf\u00eda y Paleontolog\u00eda, Facultad de Ciencias Geol\u00f3gicas, Universidad Complutense de Madrid, C\/Jos\u00e9 Antonio Novais, 12, 28040 Madrid, Espa\u00f1a)<\/p>\n\n\n\n<p><\/p>\n\n\n\n<h4 class=\"wp-block-heading\"><strong>RESUMEN<\/strong><\/h4>\n\n\n\n<p>Se estudia desde un punto de vista morfom\u00e9trico la relaci\u00f3n entre la curvatura de la concha y el crecimiento en la especie de ostreido <em>Ceratostreon flabellatum<\/em> (Goldfuss, 1833). Para ello se han medido 33 valvas izquierdas de esta especie procedentes de un banco en el que los ejemplares mantienen su posici\u00f3n de vida desarrollado en la parte inferior de la Formaci\u00f3n Picofrentes (Cret\u00e1cico Superior) de la localidad de Condemios de Arriba (Guadalajara). El an\u00e1lisis realizado permite concluir que el desarrollo de la curvatura est\u00e1 directamente ligado al crecimiento y no depende de factores ecofenot\u00edpicos como la posici\u00f3n de cada individuo en el banco. <\/p>\n\n\n\n<h4 class=\"wp-block-heading\"><strong>INTRODUCCI\u00d3N<\/strong><\/h4>\n\n\n\n<p>La zona de estudio se inscribe en la convergencia entre el\nDominio Oriental del Sistema Central y la Rama Castellana de la Cordillera\nIb\u00e9rica. Se sit\u00faa al noroeste de la provincia de Guadalajara, con centro en el\nmunicipio de Condemios de Arriba. Geol\u00f3gicamente, a grandes rasgos la zona de\nestudio la conforman diferentes unidades geol\u00f3gicas pertenecientes a cuatro\nperiodos geol\u00f3gicos: Ordov\u00edcico, Tri\u00e1sico, Cret\u00e1cico y Cuaternario. Al norte\ndel municipio de Condemios de Arriba el Cret\u00e1cico aflora en la Meseta de los\nLlanos. A media ladera de dicha meseta es donde se sit\u00faa el contacto neto entre\nlas Facies de Utrillas y la Formaci\u00f3n Picofrentes. Esta \u00faltima unidad destaca\ntanto por el resalte topogr\u00e1fico como por su riqueza en fauna marina. Es\nespecialmente esta segunda caracter\u00edstica la que le concede gran parte de su\nfama, pues su tramo 1 (Fig. 1a y 1b) se compone de calizas nodulares\nbiocl\u00e1sticas con una base formada de bancos de ostreidos de la especie <em>Ceratostreon flabellatum <\/em>(Goldfuss, 1833),\nconserv\u00e1ndose en posici\u00f3n de vida. Se han estudiado las valvas izquierdas que\nreflejan mejor los cambios fenot\u00edpicos en la morfolog\u00eda al estar en contacto\ncon el sustrato. Moratilla-Garc\u00eda <em>et al<\/em>.\n(2015) identifican la especie <em>Ceratostreon\nflabellatum<\/em> por presentar una forma curvada y una marcada ornamentaci\u00f3n, en\nla que las costillas dan un aspecto dentado al perfil de la concha. Adem\u00e1s el\numbo exhibe un enrollamiento espiral. <\/p>\n\n\n\n<p>En estos bancos se puede encontrar tambi\u00e9n una gran\nvariedad de invertebrados, de los que se han recogido muestras de algunos\nejemplares como gaster\u00f3podos pertenecientes al g\u00e9nero Drepanocheilus (Meek,\n1864), equ\u00ednidos del g\u00e9nero Hemiaster (Agassiz y Desor, 1847) y Tetragramma\n(Agassiz, 1840) y otras especies de bivalvos como como <em>Ilymatogyra pseudoafricana<\/em> (Choffat, 1902), <em>Rhynchostreon suborbiculatum<\/em> (Lamarck, 1801) y <em>Chlamys <\/em>cf.<em> Guerangueri<\/em> (Farge\n<em>in<\/em> Couffon, 1936). Estas especies se\nhan identificado a partir de trabajos realizados en \u00e1reas pr\u00f3ximas (Calonge y\nRodr\u00edguez, 2008; Berrocal-Casero <em>et al<\/em>.,\n2013). <\/p>\n\n\n\n<p>De acuerdo con el hallazgo en el tramo 4 de un fragmento del ammonoideo <em>Spathites (Jeanrogericeras) saenzi<\/em> (Wiedmann, 1960), se ha determinado para dicho tramo una edad Turoniense inferior (Barroso-Barcenilla <em>et al<\/em>., 2009), estimando para toda la Formaci\u00f3n Picofrentes una edad Cenomaniense terminal-Turoniense inferior.<\/p>\n\n\n\n<div class=\"wp-block-image\"><figure class=\"aligncenter\"><img loading=\"lazy\" decoding=\"async\" width=\"641\" height=\"897\" src=\"https:\/\/www.icog.es\/TyT\/wp-content\/uploads\/2019\/04\/Figura-1a_mod.jpg\" alt=\"\" class=\"wp-image-10223\" srcset=\"https:\/\/www.icog.es\/TyT\/wp-content\/uploads\/2019\/04\/Figura-1a_mod.jpg 641w, https:\/\/www.icog.es\/TyT\/wp-content\/uploads\/2019\/04\/Figura-1a_mod-214x300.jpg 214w, https:\/\/www.icog.es\/TyT\/wp-content\/uploads\/2019\/04\/Figura-1a_mod-300x420.jpg 300w\" sizes=\"auto, (max-width: 641px) 100vw, 641px\" \/><figcaption>Figura 1a. Mapa vista v\u00eda sat\u00e9lite donde se indica la edad de las diferentes unidades geol\u00f3gicas de la zona de estudio. El Cret\u00e1cico queda restringido a la Meseta de los Llanos, diferenci\u00e1ndose las Facies de Utrillas, Formaci\u00f3n Picofrentes y Formaci\u00f3n Ciudad Encantada (derecha superior). Columna estratigr\u00e1fica de la Formaci\u00f3n Picofrentes (izquierda). Visualizaci\u00f3n en campo del contacto neto entre las Facies de Utrillas y la Formaci\u00f3n Picofrentes y la posici\u00f3n del banco de ostreidos de la especie Ceratostreon flabellatum (derecha inferior). <\/figcaption><\/figure><\/div>\n\n\n\n<div class=\"wp-block-image\"><figure class=\"aligncenter\"><img loading=\"lazy\" decoding=\"async\" width=\"1024\" height=\"634\" src=\"https:\/\/www.icog.es\/TyT\/wp-content\/uploads\/2019\/04\/Figura-1b_mod-1024x634.jpg\" alt=\"\" class=\"wp-image-10224\" srcset=\"https:\/\/www.icog.es\/TyT\/wp-content\/uploads\/2019\/04\/Figura-1b_mod-1024x634.jpg 1024w, https:\/\/www.icog.es\/TyT\/wp-content\/uploads\/2019\/04\/Figura-1b_mod-300x186.jpg 300w, https:\/\/www.icog.es\/TyT\/wp-content\/uploads\/2019\/04\/Figura-1b_mod-768x476.jpg 768w, https:\/\/www.icog.es\/TyT\/wp-content\/uploads\/2019\/04\/Figura-1b_mod-356x220.jpg 356w, https:\/\/www.icog.es\/TyT\/wp-content\/uploads\/2019\/04\/Figura-1b_mod-696x431.jpg 696w, https:\/\/www.icog.es\/TyT\/wp-content\/uploads\/2019\/04\/Figura-1b_mod-1068x662.jpg 1068w, https:\/\/www.icog.es\/TyT\/wp-content\/uploads\/2019\/04\/Figura-1b_mod-678x420.jpg 678w, https:\/\/www.icog.es\/TyT\/wp-content\/uploads\/2019\/04\/Figura-1b_mod.jpg 1327w\" sizes=\"auto, (max-width: 1024px) 100vw, 1024px\" \/><figcaption>Figura 1b. Leyenda de la columna estratigr\u00e1fica de la figura 1a.<\/figcaption><\/figure><\/div>\n\n\n\n<p>Los objetivos de este estudio son: a) representar la\ncurvatura de las valvas izquierdas de <em>C, flabellatum<\/em>;\nb) estudiar el cambio de la curvatura de las valvas a partir del an\u00e1lisis de\ndiferentes medidas en ejemplares de distinta talla, y c) ante el marcado\ngregarismo de esta especie observado en campo, analizar y comparar los\nresultados obtenidos con el objeto de averiguar si la curvatura de las valvas\nfue debida a su posici\u00f3n en el banco o es dependiente del patr\u00f3n de\ncrecimiento. <\/p>\n\n\n\n<h4 class=\"wp-block-heading\"><strong>METODOLOG\u00cdA<\/strong><\/h4>\n\n\n\n<p>Se recogieron m\u00e1s de 50 ejemplares de <em>C, flabellatum<\/em>, de los que se han utilizado 33 de diferentes tama\u00f1os con un excelente estado de conservaci\u00f3n (L\u00e1minas I y II del Anexo), sobre los que se midieron los siguientes par\u00e1metros mediante el uso de un calibre digital (Tabla. 5): altura (Lm\u00e1x), y las longitudes correspondientes que nacen de la uni\u00f3n de los puntos A y C con el punto B donde alcanza la mayor excentricidad de la valva (L1 y L2 respectivamente). Las unidades se indican en mil\u00edmetros. Los segmentos Lm\u00e1x, L1 y L2 dibujan un tri\u00e1ngulo rect\u00e1ngulo. <\/p>\n\n\n\n<div class=\"wp-block-image\"><figure class=\"aligncenter\"><img loading=\"lazy\" decoding=\"async\" width=\"1024\" height=\"792\" src=\"https:\/\/www.icog.es\/TyT\/wp-content\/uploads\/2019\/04\/Tabla-1-1024x792.jpg\" alt=\"\" class=\"wp-image-10225\" srcset=\"https:\/\/www.icog.es\/TyT\/wp-content\/uploads\/2019\/04\/Tabla-1-1024x792.jpg 1024w, https:\/\/www.icog.es\/TyT\/wp-content\/uploads\/2019\/04\/Tabla-1-300x232.jpg 300w, https:\/\/www.icog.es\/TyT\/wp-content\/uploads\/2019\/04\/Tabla-1-768x594.jpg 768w, https:\/\/www.icog.es\/TyT\/wp-content\/uploads\/2019\/04\/Tabla-1-696x538.jpg 696w, https:\/\/www.icog.es\/TyT\/wp-content\/uploads\/2019\/04\/Tabla-1-1068x826.jpg 1068w, https:\/\/www.icog.es\/TyT\/wp-content\/uploads\/2019\/04\/Tabla-1-543x420.jpg 543w, https:\/\/www.icog.es\/TyT\/wp-content\/uploads\/2019\/04\/Tabla-1.jpg 1696w\" sizes=\"auto, (max-width: 1024px) 100vw, 1024px\" \/><figcaption>Tabla 1. Datos de las dimensiones (mm) medidas en cada ejemplar. Representaci\u00f3n anal\u00edtica de las longitudes medidas en los ejemplares 5 y 31.<\/figcaption><\/figure><\/div>\n\n\n\n<p>Posteriormente se procede a dibujar las curvaturas de los\n33 ejemplares. <\/p>\n\n\n\n<p>A simple vista la curvatura de la valva aparenta estar formada por dos arcos de circunferencia de diferentes radios unidas por un punto de inflexi\u00f3n B. En t\u00e9rminos geom\u00e9tricos la curvatura de la valva de la especie <em>C, flabellatum<\/em> se definir\u00eda como la dibujada a partir de dos arcos de circunferencia tangentes interiores cuyo punto de tangencia es el punto B (Fig. 2). En este caso L1 y L2 ser\u00edan las cuerdas del segundo cuadrante de la circunferencia menor y del tercer cuadrante de la mayor respectivamente. De ah\u00ed, que L1 y L2 formen un \u00e1ngulo de 90\u00ba y que la figura geom\u00e9trica en la que se bas\u00f3 durante la medici\u00f3n de los ejemplares fuese la de un tri\u00e1ngulo rect\u00e1ngulo. &nbsp;&nbsp;<\/p>\n\n\n\n<div class=\"wp-block-image\"><figure class=\"aligncenter is-resized\"><img loading=\"lazy\" decoding=\"async\" src=\"https:\/\/www.icog.es\/TyT\/wp-content\/uploads\/2019\/04\/simplifica.jpg\" alt=\"\" class=\"wp-image-10242\" width=\"639\" height=\"419\" srcset=\"https:\/\/www.icog.es\/TyT\/wp-content\/uploads\/2019\/04\/simplifica.jpg 589w, https:\/\/www.icog.es\/TyT\/wp-content\/uploads\/2019\/04\/simplifica-300x197.jpg 300w\" sizes=\"auto, (max-width: 639px) 100vw, 639px\" \/><\/figure><\/div>\n\n\n\n<div class=\"wp-block-image\"><figure class=\"aligncenter\"><img loading=\"lazy\" decoding=\"async\" width=\"604\" height=\"845\" src=\"https:\/\/www.icog.es\/TyT\/wp-content\/uploads\/2019\/04\/Figura-2_mod.jpg\" alt=\"\" class=\"wp-image-10227\" srcset=\"https:\/\/www.icog.es\/TyT\/wp-content\/uploads\/2019\/04\/Figura-2_mod.jpg 604w, https:\/\/www.icog.es\/TyT\/wp-content\/uploads\/2019\/04\/Figura-2_mod-214x300.jpg 214w, https:\/\/www.icog.es\/TyT\/wp-content\/uploads\/2019\/04\/Figura-2_mod-300x420.jpg 300w\" sizes=\"auto, (max-width: 604px) 100vw, 604px\" \/><figcaption>Figura 2. Se muestra que la curvatura de la valva del ejemplar 18, al igual que las dem\u00e1s, responde a una geometr\u00eda formada por dos circunferencias tangentes interiores, al inscribirse en ellas el tri\u00e1ngulo rect\u00e1ngulo resultado de los par\u00e1metros medidos sobre el ejemplar. Junto a esta representaci\u00f3n se incluyen los cuatro pasos seguidos para la construcci\u00f3n de la curvatura por geometr\u00eda proyectiva. En la parte inferior se exponen la curvatura de los 33 ejemplares estudiados.<br><\/figcaption><\/figure><\/div>\n\n\n\n<div class=\"wp-block-image\"><figure class=\"aligncenter is-resized\"><img loading=\"lazy\" decoding=\"async\" src=\"https:\/\/www.icog.es\/TyT\/wp-content\/uploads\/2019\/04\/figura5.jpg\" alt=\"\" class=\"wp-image-10243\" width=\"618\" height=\"310\" srcset=\"https:\/\/www.icog.es\/TyT\/wp-content\/uploads\/2019\/04\/figura5.jpg 586w, https:\/\/www.icog.es\/TyT\/wp-content\/uploads\/2019\/04\/figura5-300x151.jpg 300w\" sizes=\"auto, (max-width: 618px) 100vw, 618px\" \/><\/figure><\/div>\n\n\n\n<h4 class=\"wp-block-heading\">RESULTADOS<\/h4>\n\n\n\n<p>A. Se representaron los datos de los \u00e1ngulos que forman los segmentos AB con AC (\u03b2) y BC con AC (\u03b1) de cada ejemplar y su tendencia con el aumento del tama\u00f1o (Fig. 3 y 4).<\/p>\n\n\n\n<div class=\"wp-block-image\"><figure class=\"aligncenter\"><img loading=\"lazy\" decoding=\"async\" width=\"1024\" height=\"860\" src=\"https:\/\/www.icog.es\/TyT\/wp-content\/uploads\/2019\/04\/Figura-3_mod-1024x860.jpg\" alt=\"\" class=\"wp-image-10228\" srcset=\"https:\/\/www.icog.es\/TyT\/wp-content\/uploads\/2019\/04\/Figura-3_mod-1024x860.jpg 1024w, https:\/\/www.icog.es\/TyT\/wp-content\/uploads\/2019\/04\/Figura-3_mod-300x252.jpg 300w, https:\/\/www.icog.es\/TyT\/wp-content\/uploads\/2019\/04\/Figura-3_mod-768x645.jpg 768w, https:\/\/www.icog.es\/TyT\/wp-content\/uploads\/2019\/04\/Figura-3_mod-696x584.jpg 696w, https:\/\/www.icog.es\/TyT\/wp-content\/uploads\/2019\/04\/Figura-3_mod-500x420.jpg 500w, https:\/\/www.icog.es\/TyT\/wp-content\/uploads\/2019\/04\/Figura-3_mod.jpg 1034w\" sizes=\"auto, (max-width: 1024px) 100vw, 1024px\" \/><\/figure><\/div>\n\n\n\n<p><em>Figura 3. Se indica la posici\u00f3n de los \u00e1ngulos \u03b1 y  \u03b2 analizados. analizados.<\/em><\/p>\n\n\n\n<div class=\"wp-block-image\"><figure class=\"aligncenter\"><img loading=\"lazy\" decoding=\"async\" width=\"1024\" height=\"589\" src=\"https:\/\/www.icog.es\/TyT\/wp-content\/uploads\/2019\/04\/Figura-4_mod-1024x589.jpg\" alt=\"\" class=\"wp-image-10229\" srcset=\"https:\/\/www.icog.es\/TyT\/wp-content\/uploads\/2019\/04\/Figura-4_mod-1024x589.jpg 1024w, https:\/\/www.icog.es\/TyT\/wp-content\/uploads\/2019\/04\/Figura-4_mod-300x172.jpg 300w, https:\/\/www.icog.es\/TyT\/wp-content\/uploads\/2019\/04\/Figura-4_mod-768x441.jpg 768w, https:\/\/www.icog.es\/TyT\/wp-content\/uploads\/2019\/04\/Figura-4_mod-696x400.jpg 696w, https:\/\/www.icog.es\/TyT\/wp-content\/uploads\/2019\/04\/Figura-4_mod-1068x614.jpg 1068w, https:\/\/www.icog.es\/TyT\/wp-content\/uploads\/2019\/04\/Figura-4_mod-731x420.jpg 731w, https:\/\/www.icog.es\/TyT\/wp-content\/uploads\/2019\/04\/Figura-4_mod.jpg 1411w\" sizes=\"auto, (max-width: 1024px) 100vw, 1024px\" \/><\/figure><\/div>\n\n\n\n<p><em>Figura 4. Se muestra la tendencia de variaci\u00f3n de los \u00e1ngulos \u03b1 y \u03b2 conforme aumenta la altura (Lm\u00e1x).<\/em><\/p>\n\n\n\n<p>B.  Se representaron los datos de la excentricidad (L3) de cada ostreido y su tendencia con el aumento del tama\u00f1o (Figura 5 y 6).  <\/p>\n\n\n\n<div class=\"wp-block-image\"><figure class=\"aligncenter\"><img loading=\"lazy\" decoding=\"async\" width=\"1009\" height=\"915\" src=\"https:\/\/www.icog.es\/TyT\/wp-content\/uploads\/2019\/04\/Figura-5.jpg\" alt=\"\" class=\"wp-image-10230\" srcset=\"https:\/\/www.icog.es\/TyT\/wp-content\/uploads\/2019\/04\/Figura-5.jpg 1009w, https:\/\/www.icog.es\/TyT\/wp-content\/uploads\/2019\/04\/Figura-5-300x272.jpg 300w, https:\/\/www.icog.es\/TyT\/wp-content\/uploads\/2019\/04\/Figura-5-768x696.jpg 768w, https:\/\/www.icog.es\/TyT\/wp-content\/uploads\/2019\/04\/Figura-5-696x631.jpg 696w, https:\/\/www.icog.es\/TyT\/wp-content\/uploads\/2019\/04\/Figura-5-463x420.jpg 463w\" sizes=\"auto, (max-width: 1009px) 100vw, 1009px\" \/><figcaption>Figura 5. Se indica la posici\u00f3n del par\u00e1metro calculado.<\/figcaption><\/figure><\/div>\n\n\n\n<div class=\"wp-block-image\"><figure class=\"aligncenter\"><img loading=\"lazy\" decoding=\"async\" width=\"1024\" height=\"519\" src=\"https:\/\/www.icog.es\/TyT\/wp-content\/uploads\/2019\/04\/Figura-6-1024x519.jpg\" alt=\"\" class=\"wp-image-10231\" srcset=\"https:\/\/www.icog.es\/TyT\/wp-content\/uploads\/2019\/04\/Figura-6-1024x519.jpg 1024w, https:\/\/www.icog.es\/TyT\/wp-content\/uploads\/2019\/04\/Figura-6-300x152.jpg 300w, https:\/\/www.icog.es\/TyT\/wp-content\/uploads\/2019\/04\/Figura-6-768x389.jpg 768w, https:\/\/www.icog.es\/TyT\/wp-content\/uploads\/2019\/04\/Figura-6-696x353.jpg 696w, https:\/\/www.icog.es\/TyT\/wp-content\/uploads\/2019\/04\/Figura-6-1068x542.jpg 1068w, https:\/\/www.icog.es\/TyT\/wp-content\/uploads\/2019\/04\/Figura-6-828x420.jpg 828w, https:\/\/www.icog.es\/TyT\/wp-content\/uploads\/2019\/04\/Figura-6.jpg 1759w\" sizes=\"auto, (max-width: 1024px) 100vw, 1024px\" \/><figcaption>Figura 6. Se muestra la tendencia de los valores de la excentricidad conforme aumenta la altura (Lm\u00e1x).<\/figcaption><\/figure><\/div>\n\n\n\n<h4 class=\"wp-block-heading\"><strong>DISCUSI\u00d3N<\/strong><\/h4>\n\n\n\n<p>En la Fig. 4 se observa a grandes rasgos que los \u00e1ngulos \u03b1\ny \u03b2 var\u00edan en funci\u00f3n del aumento de la talla. Adem\u00e1s, se hace\nconstar que ambos \u00e1ngulos siguen una tendencia contraria con el incremento de\ntama\u00f1o. A medida que el \u00e1ngulo \u03b2 disminuye, el \u00e1ngulo \u03b1\naumenta. De esta variaci\u00f3n angular se puede deducir que la curvatura de la\nvalva izquierda tiende a ensancharse y a describir una curvatura cada vez m\u00e1s\ncerrada. Lo mismo se interpreta en la Fig. 6 donde se muestra un claro aumento\nlineal de la excentricidad con el incremento de la altura. <\/p>\n\n\n\n<p>La correlaci\u00f3n entre la variaci\u00f3n de los \u00e1ngulos \u03b1 y \u03b2 y la talla, y consecuentemente, entre el claro aumento de\nla excentricidad y la talla, implica que la variaci\u00f3n de la curvatura de la\nvalva con el crecimiento est\u00e1 condicionada gen\u00e9ticamente y no se ve afectada\npor un factor ecofenot\u00edpico.<\/p>\n\n\n\n<p>De haber sido as\u00ed, tanto la forma de la valva como los valores\nde las dimensiones de cada individuo deber\u00edan responder a la adaptaci\u00f3n de su\ncrecimiento de acuerdo al espacio reducido del que dispondr\u00eda para ello, debido\nal marcado gregarismo en esta especie. Por lo tanto, no se observar\u00eda dicha\ncorrelaci\u00f3n con claridad y, sobre todo, resultar\u00eda dif\u00edcil establecer una geometr\u00eda\ncomo la que se ha definido a lo largo del art\u00edculo, puesto que las dimensiones\nde cada individuo no se ajustar\u00edan al modelo planteado.<\/p>\n\n\n\n<h4 class=\"wp-block-heading\"><strong>CONCLUSIONES<\/strong><\/h4>\n\n\n\n<p>Los resultados de la interpretaci\u00f3n del an\u00e1lisis\nmorfom\u00e9trico de una poblaci\u00f3n de C. <em>flabellatum<\/em>\ndel Turoniense inferior del Centro de Espa\u00f1a indican que las curvaturas de las\nvalvas izquierdas son dependientes del patr\u00f3n de crecimiento, experimentando un\nprogresivo ensanchamiento y una curvatura cada vez m\u00e1s cerrada.<\/p>\n\n\n\n<p>En caso contrario si la curvatura fuese debida a la\nposici\u00f3n de cada individuo en el banco, como podr\u00eda suponerse por su car\u00e1cter\nfuertemente gregario, los valores de la excentricidad habr\u00edan experimentado una\nmayor dispersi\u00f3n con el incremento de la talla, y por tanto, no se habr\u00eda observado\nuna marcada tendencia lineal tal como se muestra en la Fig. 7. <\/p>\n\n\n\n<h4 class=\"wp-block-heading\"><strong>AGRADECIMIENTOS<\/strong><\/h4>\n\n\n\n<p>Este estudio se integra en el apartado Trabajo espec\u00edfico de la memoria del Trabajo Fin de Grado: Zona 6 (Hoja Atienza, 433), presentado en julio de 2018 en la Facultad de Geolog\u00eda de la Universidad Complutense de Madrid. Agradezco a mi tutor Fernando Garc\u00eda Joral&nbsp; la orientaci\u00f3n y direcci\u00f3n de dicho trabajo espec\u00edfico en base a las caracter\u00edsticas paleontol\u00f3gicas presentes en la zona de campo que me fue asignada.<\/p>\n\n\n\n<h4 class=\"wp-block-heading\"><strong>BIBLIOGRAF\u00cdA<\/strong><\/h4>\n\n\n\n<p>Aggasiz, L. (1840). Description\ndes \u00c9chinodermes de la Suisse. Neue Denkschriften der Allgemeine Schweizerischen\nGesellschaft, 4, 14-23.<\/p>\n\n\n\n<p>Agassiz, L. y Desor, E. (1847). Catalogue raisonn\u00e9 des\nesp\u00e8ces, des genres, et des familles d\u2019\u00c9chinides. Annales des Sciences Naturelles,\nS\u00e9rie 3, 7, 129-168.<\/p>\n\n\n\n<p>Barroso-Barcenilla, F., Goy, A. and Segura, M. 2009. Ammonite zonation of\nthe upper Cenomanian and lower Turonian in the Iberian Trough, Spain. Newsletters on Stratigraphy, 43 (2), 139-164.<\/p>\n\n\n\n<p>Berrocal-Casero, M., Barroso-Barcenilla, F., Callapez, P., Garc\u00eda\nJoral, F. y Segura, M. 2013. Bioestratigraf\u00eda de macrof\u00f3siles del Cenomaniense\nsuperior-Turoniense inferior en el \u00e1rea de Santamera y Riofr\u00edo del Llano\n(Guadalajara, Espa\u00f1a). Revista de la Sociedad Geol\u00f3gica de Espa\u00f1a, 26 (2), 85-106.<\/p>\n\n\n\n<p>Calonge, A. y Rodr\u00edguez, M. 2008. Geolog\u00eda de Guadalajara.\nServicio de Publicaciones, Universidad de Alcal\u00e1, 15-329.<\/p>\n\n\n\n<p>Choffat, P.L. (1901-02). Recueil d\u2019\u00e9tudes pal\u00e9ontologiques\nsur la faune cr\u00e9tacique du Portugal, 3-4. Direction des Services G\u00e9ologiques du\nPortugal, Lisbonne, 84.<\/p>\n\n\n\n<p>Couffon, O. (1936). La p\u00e9riode cr\u00e9tac\u00e9e en Anjou. Revue\nd\u2019Hydrog\u00e9ologie Angevine, 5, 4-126.<\/p>\n\n\n\n<p>Goldfuss, G.A. (1833). Petrefacta Germaniae, oder\nAbbldungen und Beschreibungen der Petrefacten Deutschlands und der\nangrenzenden. Lander, Dusseldorf, 114.<\/p>\n\n\n\n<p>Lamarck, J.B.P. (1801). Syst\u00e8me des Animaux sans Vert\u00e8bres.\nDeterville, Paris, 432 p.<\/p>\n\n\n\n<p>Meek, F.B.&nbsp;1864. Check list of the invertebrate\nfossils of North America; Cretaceous and Jurassic. &#8211; Smithsonian Miscellaneous\nCollection, <strong>7<\/strong>, 1\u201340.<\/p>\n\n\n\n<p>Moratilla-Garc\u00eda, M., Barroso-Barcenilla, F., Callapez, P., Garc\u00eda Joral, F. y Segura, M. 2015. Nuevos datos paleontol\u00f3gicos sobre el Cret\u00e1cico Superior de P\u00e1lmaces de Jadraque y Veguillas (Guadalajara, Espa\u00f1a).<strong> <\/strong>Bolet\u00edn de la Real Sociedad espa\u00f1ola de Historia Natural (Secci\u00f3n Geolog\u00eda) 109, 27-35. <\/p>\n\n\n\n<p>Wiedmann, J. (1960). Le Cr\u00e9tace sup\u00e9rieur de l\u2019Espagne et du Portugal et ses c\u00e9phalopodes. Comptes rendus du 84 Congr\u00e9s National des Soci\u00e9t\u00e9s Savantes, Dijon, 1959, 709-764 <\/p>\n\n\n\n<h4 class=\"wp-block-heading\"><strong>ANEXOS<\/strong><\/h4>\n\n\n\n<p>Se muestran las 33 valvas izquierdas de la especie <em>Ceratostreon flabellatum<\/em> (Goldfuss, 1833) que han sido estudiadas para este art\u00edculo. <\/p>\n\n\n\n<div class=\"wp-block-image\"><figure class=\"aligncenter\"><img loading=\"lazy\" decoding=\"async\" width=\"591\" height=\"861\" src=\"https:\/\/www.icog.es\/TyT\/wp-content\/uploads\/2019\/04\/lamina1_mod.jpg\" alt=\"\" class=\"wp-image-10236\" srcset=\"https:\/\/www.icog.es\/TyT\/wp-content\/uploads\/2019\/04\/lamina1_mod.jpg 591w, https:\/\/www.icog.es\/TyT\/wp-content\/uploads\/2019\/04\/lamina1_mod-206x300.jpg 206w, https:\/\/www.icog.es\/TyT\/wp-content\/uploads\/2019\/04\/lamina1_mod-288x420.jpg 288w\" sizes=\"auto, (max-width: 591px) 100vw, 591px\" \/><\/figure><\/div>\n\n\n\n<div class=\"wp-block-image\"><figure class=\"aligncenter\"><img loading=\"lazy\" decoding=\"async\" width=\"608\" height=\"809\" src=\"https:\/\/www.icog.es\/TyT\/wp-content\/uploads\/2019\/04\/LAMINA-2_mod.jpg\" alt=\"\" class=\"wp-image-10234\" srcset=\"https:\/\/www.icog.es\/TyT\/wp-content\/uploads\/2019\/04\/LAMINA-2_mod.jpg 608w, https:\/\/www.icog.es\/TyT\/wp-content\/uploads\/2019\/04\/LAMINA-2_mod-225x300.jpg 225w, https:\/\/www.icog.es\/TyT\/wp-content\/uploads\/2019\/04\/LAMINA-2_mod-316x420.jpg 316w\" sizes=\"auto, (max-width: 608px) 100vw, 608px\" \/><\/figure><\/div>\n","protected":false},"excerpt":{"rendered":"<p>Premios ICOG a la excelencia acad\u00e9mica 1\u00aa edici\u00f3n, 2018. Tierra y Tecnolog\u00eda n\u00ba 53 | Autor: Ana de Dios Cubillas (Universidad Complutense de Madrid) | DOI https:\/\/dx.doi.org\/10.21028\/adc.2019.04.10 Tutor: Fernando Garc\u00eda Joral (Departamento de Geodin\u00e1mica, Estratigraf\u00eda y Paleontolog\u00eda, Facultad de Ciencias Geol\u00f3gicas, Universidad Complutense de Madrid, C\/Jos\u00e9 Antonio Novais, 12, 28040 Madrid, Espa\u00f1a) RESUMEN Se estudia [&hellip;]<\/p>\n","protected":false},"author":2,"featured_media":10239,"comment_status":"open","ping_status":"open","sticky":false,"template":"","format":"standard","meta":{"tdm_status":"","tdm_grid_status":"","footnotes":""},"categories":[919,911],"tags":[],"class_list":{"0":"post-10221","1":"post","2":"type-post","3":"status-publish","4":"format-standard","5":"has-post-thumbnail","7":"category-premios-icog-excelencia-1o-edicion-2018","8":"category-tt-53"},"yoast_head":"<!-- This site is optimized with the Yoast SEO plugin v27.0 - https:\/\/yoast.com\/product\/yoast-seo-wordpress\/ -->\r\n<title>\u00bfQue nos indica la curvatura de las valvas de los ostreidos?: - Tierra y Tecnolog\u00eda<\/title>\r\n<meta name=\"description\" content=\"Morfometr\u00eda de las valvas izquierdas de Ceratostreon flabellatum del Cenomaniense terminal-Turoniense inferior en Condemios (Guadalajara).\" \/>\r\n<meta name=\"robots\" content=\"index, follow, max-snippet:-1, max-image-preview:large, max-video-preview:-1\" \/>\r\n<link rel=\"canonical\" href=\"https:\/\/www.icog.es\/TyT\/index.php\/2019\/04\/que-nos-indica-la-curvatura-de-las-valvas-de-los-ostreidos\/\" \/>\r\n<meta property=\"og:locale\" content=\"es_ES\" \/>\r\n<meta property=\"og:type\" content=\"article\" \/>\r\n<meta property=\"og:title\" content=\"\u00bfQue nos indica la curvatura de las valvas de los ostreidos?: - Tierra y Tecnolog\u00eda\" \/>\r\n<meta property=\"og:description\" content=\"Morfometr\u00eda de las valvas izquierdas de Ceratostreon flabellatum del Cenomaniense terminal-Turoniense inferior en Condemios (Guadalajara).\" \/>\r\n<meta property=\"og:url\" content=\"https:\/\/www.icog.es\/TyT\/index.php\/2019\/04\/que-nos-indica-la-curvatura-de-las-valvas-de-los-ostreidos\/\" \/>\r\n<meta property=\"og:site_name\" content=\"Tierra y Tecnolog\u00eda\" \/>\r\n<meta property=\"article:publisher\" content=\"https:\/\/www.facebook.com\/CGEOLOGOS\" \/>\r\n<meta property=\"article:author\" content=\"https:\/\/www.facebook.com\/CGEOLOGOS\" \/>\r\n<meta property=\"article:published_time\" content=\"2019-04-10T15:21:58+00:00\" \/>\r\n<meta property=\"article:modified_time\" content=\"2019-05-27T11:59:20+00:00\" \/>\r\n<meta property=\"og:image\" content=\"https:\/\/www.icog.es\/TyT\/wp-content\/uploads\/2019\/04\/portada.jpg\" \/>\r\n\t<meta property=\"og:image:width\" content=\"1217\" \/>\r\n\t<meta property=\"og:image:height\" content=\"769\" \/>\r\n\t<meta property=\"og:image:type\" content=\"image\/jpeg\" \/>\r\n<meta name=\"author\" content=\"Redacci\u00f3n\" \/>\r\n<meta name=\"twitter:card\" content=\"summary_large_image\" \/>\r\n<meta name=\"twitter:creator\" content=\"@https:\/\/twitter.com\/cgeologos\" \/>\r\n<meta name=\"twitter:site\" content=\"@cgeologos\" \/>\r\n<meta name=\"twitter:label1\" content=\"Escrito por\" \/>\n\t<meta name=\"twitter:data1\" content=\"Redacci\u00f3n\" \/>\n\t<meta name=\"twitter:label2\" content=\"Tiempo de lectura\" \/>\n\t<meta name=\"twitter:data2\" content=\"10 minutos\" \/>\r\n<script type=\"application\/ld+json\" class=\"yoast-schema-graph\">{\"@context\":\"https:\/\/schema.org\",\"@graph\":[{\"@type\":\"Article\",\"@id\":\"https:\/\/www.icog.es\/TyT\/index.php\/2019\/04\/que-nos-indica-la-curvatura-de-las-valvas-de-los-ostreidos\/#article\",\"isPartOf\":{\"@id\":\"https:\/\/www.icog.es\/TyT\/index.php\/2019\/04\/que-nos-indica-la-curvatura-de-las-valvas-de-los-ostreidos\/\"},\"author\":{\"name\":\"Redacci\u00f3n\",\"@id\":\"https:\/\/www.icog.es\/TyT\/#\/schema\/person\/590cfb5c1b7b4e4b350d60316033e853\"},\"headline\":\"\u00bfQue nos indica la curvatura de las valvas de los ostreidos?:\",\"datePublished\":\"2019-04-10T15:21:58+00:00\",\"dateModified\":\"2019-05-27T11:59:20+00:00\",\"mainEntityOfPage\":{\"@id\":\"https:\/\/www.icog.es\/TyT\/index.php\/2019\/04\/que-nos-indica-la-curvatura-de-las-valvas-de-los-ostreidos\/\"},\"wordCount\":1974,\"commentCount\":0,\"publisher\":{\"@id\":\"https:\/\/www.icog.es\/TyT\/#organization\"},\"image\":{\"@id\":\"https:\/\/www.icog.es\/TyT\/index.php\/2019\/04\/que-nos-indica-la-curvatura-de-las-valvas-de-los-ostreidos\/#primaryimage\"},\"thumbnailUrl\":\"https:\/\/www.icog.es\/TyT\/wp-content\/uploads\/2019\/04\/portada.jpg\",\"articleSection\":[\"Premios ICOG Excelencia 1\u00ba Edici\u00f3n -2018\",\"T&amp;T 53\"],\"inLanguage\":\"es\",\"potentialAction\":[{\"@type\":\"CommentAction\",\"name\":\"Comment\",\"target\":[\"https:\/\/www.icog.es\/TyT\/index.php\/2019\/04\/que-nos-indica-la-curvatura-de-las-valvas-de-los-ostreidos\/#respond\"]}]},{\"@type\":\"WebPage\",\"@id\":\"https:\/\/www.icog.es\/TyT\/index.php\/2019\/04\/que-nos-indica-la-curvatura-de-las-valvas-de-los-ostreidos\/\",\"url\":\"https:\/\/www.icog.es\/TyT\/index.php\/2019\/04\/que-nos-indica-la-curvatura-de-las-valvas-de-los-ostreidos\/\",\"name\":\"\u00bfQue nos indica la curvatura de las valvas de los ostreidos?: - Tierra y Tecnolog\u00eda\",\"isPartOf\":{\"@id\":\"https:\/\/www.icog.es\/TyT\/#website\"},\"primaryImageOfPage\":{\"@id\":\"https:\/\/www.icog.es\/TyT\/index.php\/2019\/04\/que-nos-indica-la-curvatura-de-las-valvas-de-los-ostreidos\/#primaryimage\"},\"image\":{\"@id\":\"https:\/\/www.icog.es\/TyT\/index.php\/2019\/04\/que-nos-indica-la-curvatura-de-las-valvas-de-los-ostreidos\/#primaryimage\"},\"thumbnailUrl\":\"https:\/\/www.icog.es\/TyT\/wp-content\/uploads\/2019\/04\/portada.jpg\",\"datePublished\":\"2019-04-10T15:21:58+00:00\",\"dateModified\":\"2019-05-27T11:59:20+00:00\",\"description\":\"Morfometr\u00eda de las valvas izquierdas de Ceratostreon flabellatum del Cenomaniense terminal-Turoniense inferior en Condemios (Guadalajara).\",\"breadcrumb\":{\"@id\":\"https:\/\/www.icog.es\/TyT\/index.php\/2019\/04\/que-nos-indica-la-curvatura-de-las-valvas-de-los-ostreidos\/#breadcrumb\"},\"inLanguage\":\"es\",\"potentialAction\":[{\"@type\":\"ReadAction\",\"target\":[\"https:\/\/www.icog.es\/TyT\/index.php\/2019\/04\/que-nos-indica-la-curvatura-de-las-valvas-de-los-ostreidos\/\"]}]},{\"@type\":\"ImageObject\",\"inLanguage\":\"es\",\"@id\":\"https:\/\/www.icog.es\/TyT\/index.php\/2019\/04\/que-nos-indica-la-curvatura-de-las-valvas-de-los-ostreidos\/#primaryimage\",\"url\":\"https:\/\/www.icog.es\/TyT\/wp-content\/uploads\/2019\/04\/portada.jpg\",\"contentUrl\":\"https:\/\/www.icog.es\/TyT\/wp-content\/uploads\/2019\/04\/portada.jpg\",\"width\":1217,\"height\":769},{\"@type\":\"BreadcrumbList\",\"@id\":\"https:\/\/www.icog.es\/TyT\/index.php\/2019\/04\/que-nos-indica-la-curvatura-de-las-valvas-de-los-ostreidos\/#breadcrumb\",\"itemListElement\":[{\"@type\":\"ListItem\",\"position\":1,\"name\":\"Portada\",\"item\":\"https:\/\/www.icog.es\/TyT\/\"},{\"@type\":\"ListItem\",\"position\":2,\"name\":\"\u00bfQue nos indica la curvatura de las valvas de los ostreidos?:\"}]},{\"@type\":\"WebSite\",\"@id\":\"https:\/\/www.icog.es\/TyT\/#website\",\"url\":\"https:\/\/www.icog.es\/TyT\/\",\"name\":\"Tierra y Tecnolog\u00eda\",\"description\":\"Revista de informaci\u00f3n geol\u00f3gica\",\"publisher\":{\"@id\":\"https:\/\/www.icog.es\/TyT\/#organization\"},\"potentialAction\":[{\"@type\":\"SearchAction\",\"target\":{\"@type\":\"EntryPoint\",\"urlTemplate\":\"https:\/\/www.icog.es\/TyT\/?s={search_term_string}\"},\"query-input\":{\"@type\":\"PropertyValueSpecification\",\"valueRequired\":true,\"valueName\":\"search_term_string\"}}],\"inLanguage\":\"es\"},{\"@type\":\"Organization\",\"@id\":\"https:\/\/www.icog.es\/TyT\/#organization\",\"name\":\"Tierra y Tecnolog\u00eda - Colegio de Ge\u00f3logos\",\"url\":\"https:\/\/www.icog.es\/TyT\/\",\"logo\":{\"@type\":\"ImageObject\",\"inLanguage\":\"es\",\"@id\":\"https:\/\/www.icog.es\/TyT\/#\/schema\/logo\/image\/\",\"url\":\"https:\/\/www.icog.es\/TyT\/wp-content\/uploads\/2013\/02\/logotytmini.jpg\",\"contentUrl\":\"https:\/\/www.icog.es\/TyT\/wp-content\/uploads\/2013\/02\/logotytmini.jpg\",\"width\":325,\"height\":127,\"caption\":\"Tierra y Tecnolog\u00eda - Colegio de Ge\u00f3logos\"},\"image\":{\"@id\":\"https:\/\/www.icog.es\/TyT\/#\/schema\/logo\/image\/\"},\"sameAs\":[\"https:\/\/www.facebook.com\/CGEOLOGOS\",\"https:\/\/x.com\/cgeologos\",\"https:\/\/www.linkedin.com\/company\/colegio-oficial-de-ge-logos\",\"https:\/\/www.pinterest.com\/cgeologos\/\",\"http:\/\/www.youtube.com\/ICOGtv\"]},{\"@type\":\"Person\",\"@id\":\"https:\/\/www.icog.es\/TyT\/#\/schema\/person\/590cfb5c1b7b4e4b350d60316033e853\",\"name\":\"Redacci\u00f3n\",\"image\":{\"@type\":\"ImageObject\",\"inLanguage\":\"es\",\"@id\":\"https:\/\/www.icog.es\/TyT\/#\/schema\/person\/image\/\",\"url\":\"https:\/\/secure.gravatar.com\/avatar\/f9c0ac81b2e8e690bee30ac3b42bf27f02e8dedc49686b871256e17dc7cd000b?s=96&d=identicon&r=g\",\"contentUrl\":\"https:\/\/secure.gravatar.com\/avatar\/f9c0ac81b2e8e690bee30ac3b42bf27f02e8dedc49686b871256e17dc7cd000b?s=96&d=identicon&r=g\",\"caption\":\"Redacci\u00f3n\"},\"description\":\"Tierra y Tecnolog\u00eda es una publicaci\u00f3n del Ilustre Colegio Oficial de Ge\u00f3logos (ICOG). El ICOG es una instituci\u00f3n sin finalidad lucrativa creada para la defensa y apoyo de los intereses de los Ge\u00f3logos, creada por Ley 73\/1978 de 26 de Diciembre, es una corporaci\u00f3n de Derecho P\u00fablico, amparada por Ley y reconocida por el Estado, con personalidad jur\u00eddica propia y capacidad plena para el ejercicio de sus funciones y cumplimiento de sus fines.\",\"sameAs\":[\"https:\/\/cgeologos.es\",\"https:\/\/www.facebook.com\/CGEOLOGOS\",\"https:\/\/www.linkedin.com\/company\/313811\",\"https:\/\/x.com\/https:\/\/twitter.com\/cgeologos\",\"http:\/\/www.youtube.com\/ICOGtv\"],\"url\":\"https:\/\/www.icog.es\/TyT\/index.php\/author\/jl-barrera\/\"}]}<\/script>\r\n<!-- \/ Yoast SEO plugin. -->","yoast_head_json":{"title":"\u00bfQue nos indica la curvatura de las valvas de los ostreidos?: - Tierra y Tecnolog\u00eda","description":"Morfometr\u00eda de las valvas izquierdas de Ceratostreon flabellatum del Cenomaniense terminal-Turoniense inferior en Condemios (Guadalajara).","robots":{"index":"index","follow":"follow","max-snippet":"max-snippet:-1","max-image-preview":"max-image-preview:large","max-video-preview":"max-video-preview:-1"},"canonical":"https:\/\/www.icog.es\/TyT\/index.php\/2019\/04\/que-nos-indica-la-curvatura-de-las-valvas-de-los-ostreidos\/","og_locale":"es_ES","og_type":"article","og_title":"\u00bfQue nos indica la curvatura de las valvas de los ostreidos?: - Tierra y Tecnolog\u00eda","og_description":"Morfometr\u00eda de las valvas izquierdas de Ceratostreon flabellatum del Cenomaniense terminal-Turoniense inferior en Condemios (Guadalajara).","og_url":"https:\/\/www.icog.es\/TyT\/index.php\/2019\/04\/que-nos-indica-la-curvatura-de-las-valvas-de-los-ostreidos\/","og_site_name":"Tierra y Tecnolog\u00eda","article_publisher":"https:\/\/www.facebook.com\/CGEOLOGOS","article_author":"https:\/\/www.facebook.com\/CGEOLOGOS","article_published_time":"2019-04-10T15:21:58+00:00","article_modified_time":"2019-05-27T11:59:20+00:00","og_image":[{"width":1217,"height":769,"url":"https:\/\/www.icog.es\/TyT\/wp-content\/uploads\/2019\/04\/portada.jpg","type":"image\/jpeg"}],"author":"Redacci\u00f3n","twitter_card":"summary_large_image","twitter_creator":"@https:\/\/twitter.com\/cgeologos","twitter_site":"@cgeologos","twitter_misc":{"Escrito por":"Redacci\u00f3n","Tiempo de lectura":"10 minutos"},"schema":{"@context":"https:\/\/schema.org","@graph":[{"@type":"Article","@id":"https:\/\/www.icog.es\/TyT\/index.php\/2019\/04\/que-nos-indica-la-curvatura-de-las-valvas-de-los-ostreidos\/#article","isPartOf":{"@id":"https:\/\/www.icog.es\/TyT\/index.php\/2019\/04\/que-nos-indica-la-curvatura-de-las-valvas-de-los-ostreidos\/"},"author":{"name":"Redacci\u00f3n","@id":"https:\/\/www.icog.es\/TyT\/#\/schema\/person\/590cfb5c1b7b4e4b350d60316033e853"},"headline":"\u00bfQue nos indica la curvatura de las valvas de los ostreidos?:","datePublished":"2019-04-10T15:21:58+00:00","dateModified":"2019-05-27T11:59:20+00:00","mainEntityOfPage":{"@id":"https:\/\/www.icog.es\/TyT\/index.php\/2019\/04\/que-nos-indica-la-curvatura-de-las-valvas-de-los-ostreidos\/"},"wordCount":1974,"commentCount":0,"publisher":{"@id":"https:\/\/www.icog.es\/TyT\/#organization"},"image":{"@id":"https:\/\/www.icog.es\/TyT\/index.php\/2019\/04\/que-nos-indica-la-curvatura-de-las-valvas-de-los-ostreidos\/#primaryimage"},"thumbnailUrl":"https:\/\/www.icog.es\/TyT\/wp-content\/uploads\/2019\/04\/portada.jpg","articleSection":["Premios ICOG Excelencia 1\u00ba Edici\u00f3n -2018","T&amp;T 53"],"inLanguage":"es","potentialAction":[{"@type":"CommentAction","name":"Comment","target":["https:\/\/www.icog.es\/TyT\/index.php\/2019\/04\/que-nos-indica-la-curvatura-de-las-valvas-de-los-ostreidos\/#respond"]}]},{"@type":"WebPage","@id":"https:\/\/www.icog.es\/TyT\/index.php\/2019\/04\/que-nos-indica-la-curvatura-de-las-valvas-de-los-ostreidos\/","url":"https:\/\/www.icog.es\/TyT\/index.php\/2019\/04\/que-nos-indica-la-curvatura-de-las-valvas-de-los-ostreidos\/","name":"\u00bfQue nos indica la curvatura de las valvas de los ostreidos?: - Tierra y Tecnolog\u00eda","isPartOf":{"@id":"https:\/\/www.icog.es\/TyT\/#website"},"primaryImageOfPage":{"@id":"https:\/\/www.icog.es\/TyT\/index.php\/2019\/04\/que-nos-indica-la-curvatura-de-las-valvas-de-los-ostreidos\/#primaryimage"},"image":{"@id":"https:\/\/www.icog.es\/TyT\/index.php\/2019\/04\/que-nos-indica-la-curvatura-de-las-valvas-de-los-ostreidos\/#primaryimage"},"thumbnailUrl":"https:\/\/www.icog.es\/TyT\/wp-content\/uploads\/2019\/04\/portada.jpg","datePublished":"2019-04-10T15:21:58+00:00","dateModified":"2019-05-27T11:59:20+00:00","description":"Morfometr\u00eda de las valvas izquierdas de Ceratostreon flabellatum del Cenomaniense terminal-Turoniense inferior en Condemios (Guadalajara).","breadcrumb":{"@id":"https:\/\/www.icog.es\/TyT\/index.php\/2019\/04\/que-nos-indica-la-curvatura-de-las-valvas-de-los-ostreidos\/#breadcrumb"},"inLanguage":"es","potentialAction":[{"@type":"ReadAction","target":["https:\/\/www.icog.es\/TyT\/index.php\/2019\/04\/que-nos-indica-la-curvatura-de-las-valvas-de-los-ostreidos\/"]}]},{"@type":"ImageObject","inLanguage":"es","@id":"https:\/\/www.icog.es\/TyT\/index.php\/2019\/04\/que-nos-indica-la-curvatura-de-las-valvas-de-los-ostreidos\/#primaryimage","url":"https:\/\/www.icog.es\/TyT\/wp-content\/uploads\/2019\/04\/portada.jpg","contentUrl":"https:\/\/www.icog.es\/TyT\/wp-content\/uploads\/2019\/04\/portada.jpg","width":1217,"height":769},{"@type":"BreadcrumbList","@id":"https:\/\/www.icog.es\/TyT\/index.php\/2019\/04\/que-nos-indica-la-curvatura-de-las-valvas-de-los-ostreidos\/#breadcrumb","itemListElement":[{"@type":"ListItem","position":1,"name":"Portada","item":"https:\/\/www.icog.es\/TyT\/"},{"@type":"ListItem","position":2,"name":"\u00bfQue nos indica la curvatura de las valvas de los ostreidos?:"}]},{"@type":"WebSite","@id":"https:\/\/www.icog.es\/TyT\/#website","url":"https:\/\/www.icog.es\/TyT\/","name":"Tierra y Tecnolog\u00eda","description":"Revista de informaci\u00f3n geol\u00f3gica","publisher":{"@id":"https:\/\/www.icog.es\/TyT\/#organization"},"potentialAction":[{"@type":"SearchAction","target":{"@type":"EntryPoint","urlTemplate":"https:\/\/www.icog.es\/TyT\/?s={search_term_string}"},"query-input":{"@type":"PropertyValueSpecification","valueRequired":true,"valueName":"search_term_string"}}],"inLanguage":"es"},{"@type":"Organization","@id":"https:\/\/www.icog.es\/TyT\/#organization","name":"Tierra y Tecnolog\u00eda - Colegio de Ge\u00f3logos","url":"https:\/\/www.icog.es\/TyT\/","logo":{"@type":"ImageObject","inLanguage":"es","@id":"https:\/\/www.icog.es\/TyT\/#\/schema\/logo\/image\/","url":"https:\/\/www.icog.es\/TyT\/wp-content\/uploads\/2013\/02\/logotytmini.jpg","contentUrl":"https:\/\/www.icog.es\/TyT\/wp-content\/uploads\/2013\/02\/logotytmini.jpg","width":325,"height":127,"caption":"Tierra y Tecnolog\u00eda - Colegio de Ge\u00f3logos"},"image":{"@id":"https:\/\/www.icog.es\/TyT\/#\/schema\/logo\/image\/"},"sameAs":["https:\/\/www.facebook.com\/CGEOLOGOS","https:\/\/x.com\/cgeologos","https:\/\/www.linkedin.com\/company\/colegio-oficial-de-ge-logos","https:\/\/www.pinterest.com\/cgeologos\/","http:\/\/www.youtube.com\/ICOGtv"]},{"@type":"Person","@id":"https:\/\/www.icog.es\/TyT\/#\/schema\/person\/590cfb5c1b7b4e4b350d60316033e853","name":"Redacci\u00f3n","image":{"@type":"ImageObject","inLanguage":"es","@id":"https:\/\/www.icog.es\/TyT\/#\/schema\/person\/image\/","url":"https:\/\/secure.gravatar.com\/avatar\/f9c0ac81b2e8e690bee30ac3b42bf27f02e8dedc49686b871256e17dc7cd000b?s=96&d=identicon&r=g","contentUrl":"https:\/\/secure.gravatar.com\/avatar\/f9c0ac81b2e8e690bee30ac3b42bf27f02e8dedc49686b871256e17dc7cd000b?s=96&d=identicon&r=g","caption":"Redacci\u00f3n"},"description":"Tierra y Tecnolog\u00eda es una publicaci\u00f3n del Ilustre Colegio Oficial de Ge\u00f3logos (ICOG). El ICOG es una instituci\u00f3n sin finalidad lucrativa creada para la defensa y apoyo de los intereses de los Ge\u00f3logos, creada por Ley 73\/1978 de 26 de Diciembre, es una corporaci\u00f3n de Derecho P\u00fablico, amparada por Ley y reconocida por el Estado, con personalidad jur\u00eddica propia y capacidad plena para el ejercicio de sus funciones y cumplimiento de sus fines.","sameAs":["https:\/\/cgeologos.es","https:\/\/www.facebook.com\/CGEOLOGOS","https:\/\/www.linkedin.com\/company\/313811","https:\/\/x.com\/https:\/\/twitter.com\/cgeologos","http:\/\/www.youtube.com\/ICOGtv"],"url":"https:\/\/www.icog.es\/TyT\/index.php\/author\/jl-barrera\/"}]}},"_links":{"self":[{"href":"https:\/\/www.icog.es\/TyT\/index.php\/wp-json\/wp\/v2\/posts\/10221","targetHints":{"allow":["GET"]}}],"collection":[{"href":"https:\/\/www.icog.es\/TyT\/index.php\/wp-json\/wp\/v2\/posts"}],"about":[{"href":"https:\/\/www.icog.es\/TyT\/index.php\/wp-json\/wp\/v2\/types\/post"}],"author":[{"embeddable":true,"href":"https:\/\/www.icog.es\/TyT\/index.php\/wp-json\/wp\/v2\/users\/2"}],"replies":[{"embeddable":true,"href":"https:\/\/www.icog.es\/TyT\/index.php\/wp-json\/wp\/v2\/comments?post=10221"}],"version-history":[{"count":8,"href":"https:\/\/www.icog.es\/TyT\/index.php\/wp-json\/wp\/v2\/posts\/10221\/revisions"}],"predecessor-version":[{"id":10575,"href":"https:\/\/www.icog.es\/TyT\/index.php\/wp-json\/wp\/v2\/posts\/10221\/revisions\/10575"}],"wp:featuredmedia":[{"embeddable":true,"href":"https:\/\/www.icog.es\/TyT\/index.php\/wp-json\/wp\/v2\/media\/10239"}],"wp:attachment":[{"href":"https:\/\/www.icog.es\/TyT\/index.php\/wp-json\/wp\/v2\/media?parent=10221"}],"wp:term":[{"taxonomy":"category","embeddable":true,"href":"https:\/\/www.icog.es\/TyT\/index.php\/wp-json\/wp\/v2\/categories?post=10221"},{"taxonomy":"post_tag","embeddable":true,"href":"https:\/\/www.icog.es\/TyT\/index.php\/wp-json\/wp\/v2\/tags?post=10221"}],"curies":[{"name":"wp","href":"https:\/\/api.w.org\/{rel}","templated":true}]}}